{"id":834,"date":"2019-03-14T18:48:56","date_gmt":"2019-03-14T18:48:56","guid":{"rendered":"https:\/\/www.interforce.dk\/?p=834"},"modified":"2020-02-12T07:02:24","modified_gmt":"2020-02-12T07:02:24","slug":"aarsstatus-over-udsendte-danske-soldater","status":"publish","type":"post","link":"https:\/\/www.interforce.dk\/kl\/aarsstatus-over-udsendte-danske-soldater\/","title":{"rendered":"\u00c5rsstatus over udsendte danske soldater"},"content":{"rendered":"<div class=\"block core-block core-block--paragraph\">\n      <div class=\"inner inner--small\">\n      \n<p><em>I alt har 77.163 soldater v\u00e6ret udsendt for forsvaret siden 1991, viser ny opg\u00f8relse.<\/em><\/p>\n\n      <\/div>\n  <\/div>\n<div class=\"block core-block core-block--paragraph\">\n      <div class=\"inner inner--small\">\n      \n<p>Af Morten Fredslund<\/p>\n\n      <\/div>\n  <\/div>\n<div class=\"block core-block core-block--paragraph\">\n      <div class=\"inner inner--small\">\n      \n<p>Det er Forsvarsministeriets Personalestyrelse, FPS, der en gang om \u00e5ret opdaterer oversigten over antallet af forsvarets udsendte til internationale missioner under FN, NATO og koalitioner med dansk deltagelse.&nbsp;<\/p>\n\n      <\/div>\n  <\/div>\n<div class=\"block core-block core-block--paragraph\">\n      <div class=\"inner inner--small\">\n      \n<p>Den seneste oversigt er opgjort ved \u00e5rsskiftet og viser, at 73.018 soldater siden 1991 har v\u00e6ret udsendt for forsvaret til ti st\u00f8rre internationale missioner, mens 4.145 har v\u00e6ret udsendt til mindre missioner \u2013 typisk FN-missioner, hvortil der udsendes en-fire danskere ad gangen. Der er her ofte tale om reserveofficerer.<\/p>\n\n      <\/div>\n  <\/div>\n<div class=\"block core-block core-block--paragraph\">\n      <div class=\"inner inner--small\">\n      \n<p>Af de godt 73.000 udsendte soldater i de st\u00f8rre missioner, var de 2.653 kvinder.<\/p>\n\n      <\/div>\n  <\/div>\n<div class=\"block core-block core-block--image align-center\">\n      <div class=\"inner inner--small\">\n      \n<div class=\"wp-block-image\"><figure class=\"aligncenter is-resized\"><img loading=\"lazy\" decoding=\"async\" src=\"\/app\/uploads\/2019\/06\/396A8461.jpg\" alt=\"\" class=\"wp-image-835\" width=\"737\" height=\"493\" srcset=\"https:\/\/www.interforce.dk\/app\/uploads\/2019\/06\/396A8461.jpg 560w, https:\/\/www.interforce.dk\/app\/uploads\/2019\/06\/396A8461-300x201.jpg 300w\" sizes=\"auto, (max-width: 737px) 100vw, 737px\" \/><figcaption>Danmark har siden januar 2015 bidraget til NATO\u2019s Resolute Support Mission i&nbsp;Afghanistan. Bidraget omfatter&nbsp;cirka 150 soldater i og omkring Kabul. Soldaterneudf\u00f8rer bl.a. eskorte- og bevogtningsopgaver. Foto: RSM\/Forsvaret<\/figcaption><\/figure><\/div>\n\n      <\/div>\n  <\/div>\n<div class=\"block core-block core-block--paragraph\">\n      <div class=\"inner inner--small\">\n      \n<p><strong>Balkan og Afghanistan er topscorer<\/strong><\/p>\n\n      <\/div>\n  <\/div>\n<div class=\"block core-block core-block--paragraph\">\n      <div class=\"inner inner--small\">\n      \n<p>De to topscorere blandt missionerne er Balkan og i Afghanistan hvortil hhv. 20.254 og 19.997 danske soldater har v\u00e6ret udsendt til siden 1991.&nbsp;<\/p>\n\n      <\/div>\n  <\/div>\n<div class=\"block core-block core-block--paragraph\">\n      <div class=\"inner inner--small\">\n      \n<p>Hvis man g\u00e5r dybere ned i tallene, viser det sig, at godt halvdelen af de mange udsendte danskere, har v\u00e6ret udsendt to gange eller mere. Knap 33.000 er s\u00e5kaldte unikke udsendelser &#8211; dvs. individer, der har v\u00e6ret udsendt i perioden 1991-2019.<\/p>\n\n      <\/div>\n  <\/div>\n<div class=\"block core-block core-block--paragraph\">\n      <div class=\"inner inner--small\">\n      \n<p>En samment\u00e6lling p\u00e5 forsvarets oversigtskort over bidrag til internationale missioner viser, at der netop nu er udsendt 783 danske soldater til 22 missioner rundt om i verden.&nbsp;Missionerne t\u00e6ller seks NATO- og fire FN-missioner samt 12 missioner, hvor Danmark er en del af en koalition.&nbsp;<\/p>\n\n      <\/div>\n  <\/div>\n<div class=\"block core-block core-block--paragraph\">\n      <div class=\"inner inner--small\">\n      \n<p>Missionen med det st\u00f8rste danske bidrag p.t. er Operation Inherent Resolve,&nbsp;der bek\u00e6mper terrororganisationen ISIL i Irak og Syrien. Sammenlagt er&nbsp;301 danske soldater i den forbindelse udsendt til hhv. Irak, Kuwait og De Forenede Arabiske Emirater. &nbsp;<br><\/p>\n\n      <\/div>\n  <\/div>","protected":false},"excerpt":{"rendered":"77.163 soldater udsendt siden 1991...","protected":false},"author":2,"featured_media":835,"comment_status":"closed","ping_status":"closed","sticky":false,"template":"","format":"standard","meta":{"_acf_changed":false,"footnotes":""},"categories":[18],"tags":[],"class_list":["post-834","post","type-post","status-publish","format-standard","has-post-thumbnail","hentry","category-army"],"acf":[],"yoast_head":"<!-- This site is optimized with the Yoast SEO plugin v27.3 - https:\/\/yoast.com\/product\/yoast-seo-wordpress\/ -->\n<title>\u00c5rsstatus over udsendte danske soldater - InterForce<\/title>\n<meta name=\"robots\" content=\"index, follow, max-snippet:-1, max-image-preview:large, max-video-preview:-1\" \/>\n<link rel=\"canonical\" href=\"https:\/\/www.interforce.dk\/kl\/aarsstatus-over-udsendte-danske-soldater\/\" \/>\n<meta property=\"og:locale\" content=\"en_US\" \/>\n<meta property=\"og:type\" content=\"article\" \/>\n<meta property=\"og:title\" content=\"\u00c5rsstatus over udsendte danske soldater - InterForce\" \/>\n<meta property=\"og:description\" content=\"77.163 soldater udsendt siden 1991\" \/>\n<meta property=\"og:url\" content=\"https:\/\/www.interforce.dk\/kl\/aarsstatus-over-udsendte-danske-soldater\/\" \/>\n<meta property=\"og:site_name\" content=\"InterForce\" \/>\n<meta property=\"article:published_time\" content=\"2019-03-14T18:48:56+00:00\" \/>\n<meta property=\"article:modified_time\" content=\"2020-02-12T07:02:24+00:00\" \/>\n<meta property=\"og:image\" content=\"https:\/\/www.interforce.dk\/app\/uploads\/2019\/06\/396A8461.jpg\" \/>\n\t<meta property=\"og:image:width\" content=\"560\" \/>\n\t<meta property=\"og:image:height\" content=\"375\" \/>\n\t<meta property=\"og:image:type\" content=\"image\/jpeg\" \/>\n<meta name=\"author\" content=\"InterForce\" \/>\n<meta name=\"twitter:card\" content=\"summary_large_image\" \/>\n<meta name=\"twitter:label1\" content=\"Written by\" \/>\n\t<meta name=\"twitter:data1\" content=\"InterForce\" \/>\n\t<meta name=\"twitter:label2\" content=\"Est. reading time\" \/>\n\t<meta name=\"twitter:data2\" content=\"1 minute\" \/>\n<script type=\"application\/ld+json\" class=\"yoast-schema-graph\">{\"@context\":\"https:\\\/\\\/schema.org\",\"@graph\":[{\"@type\":\"Article\",\"@id\":\"https:\\\/\\\/www.interforce.dk\\\/en\\\/aarsstatus-over-udsendte-danske-soldater\\\/#article\",\"isPartOf\":{\"@id\":\"https:\\\/\\\/www.interforce.dk\\\/en\\\/aarsstatus-over-udsendte-danske-soldater\\\/\"},\"author\":{\"name\":\"InterForce\",\"@id\":\"https:\\\/\\\/www.interforce.dk\\\/#\\\/schema\\\/person\\\/e0192b63d0a5b8f69ae146e87f7116fb\"},\"headline\":\"\u00c5rsstatus over udsendte danske soldater\",\"datePublished\":\"2019-03-14T18:48:56+00:00\",\"dateModified\":\"2020-02-12T07:02:24+00:00\",\"mainEntityOfPage\":{\"@id\":\"https:\\\/\\\/www.interforce.dk\\\/en\\\/aarsstatus-over-udsendte-danske-soldater\\\/\"},\"wordCount\":304,\"image\":{\"@id\":\"https:\\\/\\\/www.interforce.dk\\\/en\\\/aarsstatus-over-udsendte-danske-soldater\\\/#primaryimage\"},\"thumbnailUrl\":\"https:\\\/\\\/www.interforce.dk\\\/app\\\/uploads\\\/2019\\\/06\\\/396A8461.jpg\",\"articleSection\":[\"H\u00e6ren\"],\"inLanguage\":\"kl-GL\"},{\"@type\":\"WebPage\",\"@id\":\"https:\\\/\\\/www.interforce.dk\\\/en\\\/aarsstatus-over-udsendte-danske-soldater\\\/\",\"url\":\"https:\\\/\\\/www.interforce.dk\\\/en\\\/aarsstatus-over-udsendte-danske-soldater\\\/\",\"name\":\"\u00c5rsstatus over udsendte danske soldater - InterForce\",\"isPartOf\":{\"@id\":\"https:\\\/\\\/www.interforce.dk\\\/#website\"},\"primaryImageOfPage\":{\"@id\":\"https:\\\/\\\/www.interforce.dk\\\/en\\\/aarsstatus-over-udsendte-danske-soldater\\\/#primaryimage\"},\"image\":{\"@id\":\"https:\\\/\\\/www.interforce.dk\\\/en\\\/aarsstatus-over-udsendte-danske-soldater\\\/#primaryimage\"},\"thumbnailUrl\":\"https:\\\/\\\/www.interforce.dk\\\/app\\\/uploads\\\/2019\\\/06\\\/396A8461.jpg\",\"datePublished\":\"2019-03-14T18:48:56+00:00\",\"dateModified\":\"2020-02-12T07:02:24+00:00\",\"author\":{\"@id\":\"https:\\\/\\\/www.interforce.dk\\\/#\\\/schema\\\/person\\\/e0192b63d0a5b8f69ae146e87f7116fb\"},\"breadcrumb\":{\"@id\":\"https:\\\/\\\/www.interforce.dk\\\/en\\\/aarsstatus-over-udsendte-danske-soldater\\\/#breadcrumb\"},\"inLanguage\":\"kl-GL\",\"potentialAction\":[{\"@type\":\"ReadAction\",\"target\":[\"https:\\\/\\\/www.interforce.dk\\\/en\\\/aarsstatus-over-udsendte-danske-soldater\\\/\"]}]},{\"@type\":\"ImageObject\",\"inLanguage\":\"kl-GL\",\"@id\":\"https:\\\/\\\/www.interforce.dk\\\/en\\\/aarsstatus-over-udsendte-danske-soldater\\\/#primaryimage\",\"url\":\"https:\\\/\\\/www.interforce.dk\\\/app\\\/uploads\\\/2019\\\/06\\\/396A8461.jpg\",\"contentUrl\":\"https:\\\/\\\/www.interforce.dk\\\/app\\\/uploads\\\/2019\\\/06\\\/396A8461.jpg\",\"width\":560,\"height\":375,\"caption\":\"Danmark har siden januar 2015 bidraget til NATO\u2019s Resolute Support Mission i Afghanistan. Bidraget omfatter cirka 150 soldater i og omkring Kabul. Soldaterneudf\u00f8rer bl.a. eskorte- og bevogtningsopgaver. Foto: RSM\\\/Forsvaret\"},{\"@type\":\"BreadcrumbList\",\"@id\":\"https:\\\/\\\/www.interforce.dk\\\/en\\\/aarsstatus-over-udsendte-danske-soldater\\\/#breadcrumb\",\"itemListElement\":[{\"@type\":\"ListItem\",\"position\":1,\"name\":\"Hjem\",\"item\":\"https:\\\/\\\/www.interforce.dk\\\/\"},{\"@type\":\"ListItem\",\"position\":2,\"name\":\"\u00c5rsstatus over udsendte danske soldater\"}]},{\"@type\":\"WebSite\",\"@id\":\"https:\\\/\\\/www.interforce.dk\\\/#website\",\"url\":\"https:\\\/\\\/www.interforce.dk\\\/\",\"name\":\"InterForce\",\"description\":\"\",\"potentialAction\":[{\"@type\":\"SearchAction\",\"target\":{\"@type\":\"EntryPoint\",\"urlTemplate\":\"https:\\\/\\\/www.interforce.dk\\\/?s={search_term_string}\"},\"query-input\":{\"@type\":\"PropertyValueSpecification\",\"valueRequired\":true,\"valueName\":\"search_term_string\"}}],\"inLanguage\":\"kl-GL\"},{\"@type\":\"Person\",\"@id\":\"https:\\\/\\\/www.interforce.dk\\\/#\\\/schema\\\/person\\\/e0192b63d0a5b8f69ae146e87f7116fb\",\"name\":\"InterForce\",\"image\":{\"@type\":\"ImageObject\",\"inLanguage\":\"kl-GL\",\"@id\":\"https:\\\/\\\/secure.gravatar.com\\\/avatar\\\/2ca4b79c0fb3239b8666089682925a48076b8ca78fd38cf279aa4345189a33e3?s=96&d=mm&r=g\",\"url\":\"https:\\\/\\\/secure.gravatar.com\\\/avatar\\\/2ca4b79c0fb3239b8666089682925a48076b8ca78fd38cf279aa4345189a33e3?s=96&d=mm&r=g\",\"contentUrl\":\"https:\\\/\\\/secure.gravatar.com\\\/avatar\\\/2ca4b79c0fb3239b8666089682925a48076b8ca78fd38cf279aa4345189a33e3?s=96&d=mm&r=g\",\"caption\":\"InterForce\"},\"sameAs\":[\"https:\\\/\\\/www.interforce.dk\"],\"url\":\"https:\\\/\\\/www.interforce.dk\\\/kl\\\/author\\\/interforce\\\/\"}]}<\/script>\n<!-- \/ Yoast SEO plugin. -->","yoast_head_json":{"title":"\u00c5rsstatus over udsendte danske soldater - InterForce","robots":{"index":"index","follow":"follow","max-snippet":"max-snippet:-1","max-image-preview":"max-image-preview:large","max-video-preview":"max-video-preview:-1"},"canonical":"https:\/\/www.interforce.dk\/kl\/aarsstatus-over-udsendte-danske-soldater\/","og_locale":"en_US","og_type":"article","og_title":"\u00c5rsstatus over udsendte danske soldater - InterForce","og_description":"77.163 soldater udsendt siden 1991","og_url":"https:\/\/www.interforce.dk\/kl\/aarsstatus-over-udsendte-danske-soldater\/","og_site_name":"InterForce","article_published_time":"2019-03-14T18:48:56+00:00","article_modified_time":"2020-02-12T07:02:24+00:00","og_image":[{"width":560,"height":375,"url":"https:\/\/www.interforce.dk\/app\/uploads\/2019\/06\/396A8461.jpg","type":"image\/jpeg"}],"author":"InterForce","twitter_card":"summary_large_image","twitter_misc":{"Written by":"InterForce","Est. reading time":"1 minute"},"schema":{"@context":"https:\/\/schema.org","@graph":[{"@type":"Article","@id":"https:\/\/www.interforce.dk\/en\/aarsstatus-over-udsendte-danske-soldater\/#article","isPartOf":{"@id":"https:\/\/www.interforce.dk\/en\/aarsstatus-over-udsendte-danske-soldater\/"},"author":{"name":"InterForce","@id":"https:\/\/www.interforce.dk\/#\/schema\/person\/e0192b63d0a5b8f69ae146e87f7116fb"},"headline":"\u00c5rsstatus over udsendte danske soldater","datePublished":"2019-03-14T18:48:56+00:00","dateModified":"2020-02-12T07:02:24+00:00","mainEntityOfPage":{"@id":"https:\/\/www.interforce.dk\/en\/aarsstatus-over-udsendte-danske-soldater\/"},"wordCount":304,"image":{"@id":"https:\/\/www.interforce.dk\/en\/aarsstatus-over-udsendte-danske-soldater\/#primaryimage"},"thumbnailUrl":"https:\/\/www.interforce.dk\/app\/uploads\/2019\/06\/396A8461.jpg","articleSection":["H\u00e6ren"],"inLanguage":"kl-GL"},{"@type":"WebPage","@id":"https:\/\/www.interforce.dk\/en\/aarsstatus-over-udsendte-danske-soldater\/","url":"https:\/\/www.interforce.dk\/en\/aarsstatus-over-udsendte-danske-soldater\/","name":"\u00c5rsstatus over udsendte danske soldater - InterForce","isPartOf":{"@id":"https:\/\/www.interforce.dk\/#website"},"primaryImageOfPage":{"@id":"https:\/\/www.interforce.dk\/en\/aarsstatus-over-udsendte-danske-soldater\/#primaryimage"},"image":{"@id":"https:\/\/www.interforce.dk\/en\/aarsstatus-over-udsendte-danske-soldater\/#primaryimage"},"thumbnailUrl":"https:\/\/www.interforce.dk\/app\/uploads\/2019\/06\/396A8461.jpg","datePublished":"2019-03-14T18:48:56+00:00","dateModified":"2020-02-12T07:02:24+00:00","author":{"@id":"https:\/\/www.interforce.dk\/#\/schema\/person\/e0192b63d0a5b8f69ae146e87f7116fb"},"breadcrumb":{"@id":"https:\/\/www.interforce.dk\/en\/aarsstatus-over-udsendte-danske-soldater\/#breadcrumb"},"inLanguage":"kl-GL","potentialAction":[{"@type":"ReadAction","target":["https:\/\/www.interforce.dk\/en\/aarsstatus-over-udsendte-danske-soldater\/"]}]},{"@type":"ImageObject","inLanguage":"kl-GL","@id":"https:\/\/www.interforce.dk\/en\/aarsstatus-over-udsendte-danske-soldater\/#primaryimage","url":"https:\/\/www.interforce.dk\/app\/uploads\/2019\/06\/396A8461.jpg","contentUrl":"https:\/\/www.interforce.dk\/app\/uploads\/2019\/06\/396A8461.jpg","width":560,"height":375,"caption":"Danmark har siden januar 2015 bidraget til NATO\u2019s Resolute Support Mission i Afghanistan. Bidraget omfatter cirka 150 soldater i og omkring Kabul. Soldaterneudf\u00f8rer bl.a. eskorte- og bevogtningsopgaver. Foto: RSM\/Forsvaret"},{"@type":"BreadcrumbList","@id":"https:\/\/www.interforce.dk\/en\/aarsstatus-over-udsendte-danske-soldater\/#breadcrumb","itemListElement":[{"@type":"ListItem","position":1,"name":"Hjem","item":"https:\/\/www.interforce.dk\/"},{"@type":"ListItem","position":2,"name":"\u00c5rsstatus over udsendte danske soldater"}]},{"@type":"WebSite","@id":"https:\/\/www.interforce.dk\/#website","url":"https:\/\/www.interforce.dk\/","name":"InterForce","description":"","potentialAction":[{"@type":"SearchAction","target":{"@type":"EntryPoint","urlTemplate":"https:\/\/www.interforce.dk\/?s={search_term_string}"},"query-input":{"@type":"PropertyValueSpecification","valueRequired":true,"valueName":"search_term_string"}}],"inLanguage":"kl-GL"},{"@type":"Person","@id":"https:\/\/www.interforce.dk\/#\/schema\/person\/e0192b63d0a5b8f69ae146e87f7116fb","name":"InterForce","image":{"@type":"ImageObject","inLanguage":"kl-GL","@id":"https:\/\/secure.gravatar.com\/avatar\/2ca4b79c0fb3239b8666089682925a48076b8ca78fd38cf279aa4345189a33e3?s=96&d=mm&r=g","url":"https:\/\/secure.gravatar.com\/avatar\/2ca4b79c0fb3239b8666089682925a48076b8ca78fd38cf279aa4345189a33e3?s=96&d=mm&r=g","contentUrl":"https:\/\/secure.gravatar.com\/avatar\/2ca4b79c0fb3239b8666089682925a48076b8ca78fd38cf279aa4345189a33e3?s=96&d=mm&r=g","caption":"InterForce"},"sameAs":["https:\/\/www.interforce.dk"],"url":"https:\/\/www.interforce.dk\/kl\/author\/interforce\/"}]}},"_links":{"self":[{"href":"https:\/\/www.interforce.dk\/kl\/wp-json\/wp\/v2\/posts\/834","targetHints":{"allow":["GET"]}}],"collection":[{"href":"https:\/\/www.interforce.dk\/kl\/wp-json\/wp\/v2\/posts"}],"about":[{"href":"https:\/\/www.interforce.dk\/kl\/wp-json\/wp\/v2\/types\/post"}],"author":[{"embeddable":true,"href":"https:\/\/www.interforce.dk\/kl\/wp-json\/wp\/v2\/users\/2"}],"replies":[{"embeddable":true,"href":"https:\/\/www.interforce.dk\/kl\/wp-json\/wp\/v2\/comments?post=834"}],"version-history":[{"count":0,"href":"https:\/\/www.interforce.dk\/kl\/wp-json\/wp\/v2\/posts\/834\/revisions"}],"wp:featuredmedia":[{"embeddable":true,"href":"https:\/\/www.interforce.dk\/kl\/wp-json\/wp\/v2\/media\/835"}],"wp:attachment":[{"href":"https:\/\/www.interforce.dk\/kl\/wp-json\/wp\/v2\/media?parent=834"}],"wp:term":[{"taxonomy":"category","embeddable":true,"href":"https:\/\/www.interforce.dk\/kl\/wp-json\/wp\/v2\/categories?post=834"},{"taxonomy":"post_tag","embeddable":true,"href":"https:\/\/www.interforce.dk\/kl\/wp-json\/wp\/v2\/tags?post=834"}],"curies":[{"name":"wp","href":"https:\/\/api.w.org\/{rel}","templated":true}]}}