{"id":822,"date":"2019-01-30T18:39:09","date_gmt":"2019-01-30T18:39:09","guid":{"rendered":"https:\/\/www.interforce.dk\/?p=822"},"modified":"2020-02-12T08:19:31","modified_gmt":"2020-02-12T08:19:31","slug":"prins-joachim-optaget-paa-frankrigs-hoejst-rangerende-militaeruddannelse-2","status":"publish","type":"post","link":"https:\/\/www.interforce.dk\/kl\/prins-joachim-optaget-paa-frankrigs-hoejst-rangerende-militaeruddannelse-2\/","title":{"rendered":"Prins Joachim optaget p\u00e5 Frankrigs h\u00f8jst rangerende milit\u00e6ruddannelse"},"content":{"rendered":"<div class=\"block core-block core-block--paragraph\">\n      <div class=\"inner inner--small\">\n      \n<p><em>Fra september og et \u00e5rs tid frem vil Prins Joachim f\u00f8lge Frankrigs h\u00f8jst rangerende milit\u00e6re lederuddannelse. Prinsen er oberst af Reserven og s\u00e6rlig sagkyndig i forhold til reservestyrken.<\/em><\/p>\n\n      <\/div>\n  <\/div>\n<div class=\"block core-block core-block--paragraph\">\n      <div class=\"inner inner--small\">\n      \n<p>Af Morten Fredslund<\/p>\n\n      <\/div>\n  <\/div>\n<div class=\"block core-block core-block--paragraph\">\n      <div class=\"inner inner--small\">\n      \n<p>Det er den franske forsvarsminister, der har inviteret H.K.H. Prins Joachim til at deltage&nbsp;<strong>i&nbsp;<\/strong>Frankrigs&nbsp;h\u00f8jst rangerende&nbsp;milit\u00e6re&nbsp;lederuddannelse, som afvikles ved henholdsvis Centre des&nbsp;Hautes&nbsp;\u00c9tudes&nbsp;Militaires&nbsp;(CHEM)&nbsp;og&nbsp;Institut des&nbsp;Hautes&nbsp;\u00c9tudes&nbsp;de la&nbsp;D\u00e9fense&nbsp;Nationale (IHEDN).&nbsp;Det oplyser Kongehuset.<\/p>\n\n      <\/div>\n  <\/div>\n<div class=\"block core-block core-block--paragraph\">\n      <div class=\"inner inner--small\">\n      \n<p>Hovedparten af studierne afvikles ved&nbsp;CHEM&nbsp;og best\u00e5r af millit\u00e6rstudier&nbsp;p\u00e5 h\u00f8jeste niveau. Uddannelsen&nbsp;er&nbsp;for&nbsp;30 udvalgte officerer med oberst- eller kommand\u00f8rrang,&nbsp;og&nbsp;hovedemnerne er&nbsp;milit\u00e6rstrategisk ledelse og internationale forhold. Deltagerne&nbsp;kommer&nbsp;hovedsageligt&nbsp;fra&nbsp;Frankrig,&nbsp;men enkelte kommer&nbsp;fra lande,&nbsp;der er blandt Frankrigs&nbsp;strategiske partnere.<\/p>\n\n      <\/div>\n  <\/div>\n<div class=\"block core-block core-block--image align-center\">\n      <div class=\"inner inner--small\">\n      \n<div class=\"wp-block-image\"><figure class=\"aligncenter is-resized\"><img loading=\"lazy\" decoding=\"async\" src=\"\/app\/uploads\/2019\/06\/IMGL4362-2_0_0.jpg\" alt=\"\" class=\"wp-image-823\" width=\"750\" height=\"500\" srcset=\"https:\/\/www.interforce.dk\/app\/uploads\/2019\/06\/IMGL4362-2_0_0.jpg 600w, https:\/\/www.interforce.dk\/app\/uploads\/2019\/06\/IMGL4362-2_0_0-300x200.jpg 300w\" sizes=\"auto, (max-width: 750px) 100vw, 750px\" \/><figcaption>H.K.H. Prins Joachim er oberst af Reserven og har siden 2015 v\u00e6ret forsvarschefens s\u00e6rlige sagkyndige i forhold til Reservestyrken. Her ses han under et InterForce-arrangement for erhvervsledere p\u00e5 Holckenhavn Slot i 2016. Foto: Morten Fredslund<\/figcaption><\/figure><\/div>\n\n      <\/div>\n  <\/div>\n<div class=\"block core-block core-block--paragraph\">\n      <div class=\"inner inner--small\">\n      \n<p>De&nbsp;milit\u00e6re studier suppleres p\u00e5 IHEDN med undervisning i strategisk ledelse og offentlig forvaltning. I denne del deltager yderligere en gruppe p\u00e5 70 erhvervsledere,&nbsp;parlamentarikere og embedsm\u00e6nd samt&nbsp;repr\u00e6sentanter fra medieverdenen. Her dr\u00f8ftes og diskuteres internationale relationer inden for handel, politik, kultur og milit\u00e6re discipliner,&nbsp;ligesom krisestyring og erfaringsudveksling er blandt programpunkterne.&nbsp;<\/p>\n\n      <\/div>\n  <\/div>\n<div class=\"block core-block core-block--paragraph\">\n      <div class=\"inner inner--small\">\n      \n<p>Uddannelsen&nbsp;finder sted&nbsp;seks dage ugentligt, foreg\u00e5r&nbsp;p\u00e5&nbsp;\u00c9cole&nbsp;Militaire&nbsp;i Paris, og Prins Joachim er den f\u00f8rste danske officer, der deltager i uddannelsen, skriver kongehuset.dk.<\/p>\n\n      <\/div>\n  <\/div>\n<div class=\"block core-block core-block--paragraph\">\n      <div class=\"inner inner--small\">\n      \n<p>Prins Joachim er oberst af Reserven, og videreuddannelsen i Frankrig&nbsp;supplerer&nbsp;prinsens&nbsp;nuv\u00e6rende arbejde&nbsp;i Forsvaret, hvor&nbsp;Prinsen&nbsp;siden 2015 har v\u00e6ret&nbsp;forsvarschefens s\u00e6rlige sagkyndige i forhold til Reservestyrken, der omfatter personels af reserven og Hjemmev\u00e6rnets frivillige. Prins Joachim har kontor ved Center for Reservestyrken, der blev etableret i januar 2018 og som ogs\u00e5 har InterForce Sekretariatet under samme tag i Kastellet i K\u00f8benhavn.<br><\/p>\n\n      <\/div>\n  <\/div>","protected":false},"excerpt":{"rendered":"Alt fra strategisk ledelse til offentlig forvaltning....","protected":false},"author":2,"featured_media":823,"comment_status":"closed","ping_status":"closed","sticky":false,"template":"","format":"standard","meta":{"_acf_changed":false,"footnotes":""},"categories":[12],"tags":[],"class_list":["post-822","post","type-post","status-publish","format-standard","has-post-thumbnail","hentry","category-nyt-om-if"],"acf":[],"yoast_head":"<!-- This site is optimized with the Yoast SEO plugin v27.3 - https:\/\/yoast.com\/product\/yoast-seo-wordpress\/ -->\n<title>Prins Joachim optaget p\u00e5 Frankrigs h\u00f8jst rangerende milit\u00e6ruddannelse - InterForce<\/title>\n<meta name=\"robots\" content=\"index, follow, max-snippet:-1, max-image-preview:large, max-video-preview:-1\" \/>\n<link rel=\"canonical\" href=\"https:\/\/www.interforce.dk\/kl\/prins-joachim-optaget-paa-frankrigs-hoejst-rangerende-militaeruddannelse-2\/\" \/>\n<meta property=\"og:locale\" content=\"en_US\" \/>\n<meta property=\"og:type\" content=\"article\" \/>\n<meta property=\"og:title\" content=\"Prins Joachim optaget p\u00e5 Frankrigs h\u00f8jst rangerende milit\u00e6ruddannelse - InterForce\" \/>\n<meta property=\"og:description\" content=\"Alt fra strategisk ledelse til offentlig forvaltning.\" \/>\n<meta property=\"og:url\" content=\"https:\/\/www.interforce.dk\/kl\/prins-joachim-optaget-paa-frankrigs-hoejst-rangerende-militaeruddannelse-2\/\" \/>\n<meta property=\"og:site_name\" content=\"InterForce\" \/>\n<meta property=\"article:published_time\" content=\"2019-01-30T18:39:09+00:00\" \/>\n<meta property=\"article:modified_time\" content=\"2020-02-12T08:19:31+00:00\" \/>\n<meta property=\"og:image\" content=\"https:\/\/www.interforce.dk\/app\/uploads\/2019\/06\/IMGL4362-2_0_0.jpg\" \/>\n\t<meta property=\"og:image:width\" content=\"600\" \/>\n\t<meta property=\"og:image:height\" content=\"400\" \/>\n\t<meta property=\"og:image:type\" content=\"image\/jpeg\" \/>\n<meta name=\"author\" content=\"InterForce\" \/>\n<meta name=\"twitter:card\" content=\"summary_large_image\" \/>\n<meta name=\"twitter:label1\" content=\"Written by\" \/>\n\t<meta name=\"twitter:data1\" content=\"InterForce\" \/>\n\t<meta name=\"twitter:label2\" content=\"Est. reading time\" \/>\n\t<meta name=\"twitter:data2\" content=\"2 minutes\" \/>\n<script type=\"application\/ld+json\" class=\"yoast-schema-graph\">{\"@context\":\"https:\\\/\\\/schema.org\",\"@graph\":[{\"@type\":\"Article\",\"@id\":\"https:\\\/\\\/www.interforce.dk\\\/prins-joachim-optaget-paa-frankrigs-hoejst-rangerende-militaeruddannelse-2\\\/#article\",\"isPartOf\":{\"@id\":\"https:\\\/\\\/www.interforce.dk\\\/prins-joachim-optaget-paa-frankrigs-hoejst-rangerende-militaeruddannelse-2\\\/\"},\"author\":{\"name\":\"InterForce\",\"@id\":\"https:\\\/\\\/www.interforce.dk\\\/#\\\/schema\\\/person\\\/e0192b63d0a5b8f69ae146e87f7116fb\"},\"headline\":\"Prins Joachim optaget p\u00e5 Frankrigs h\u00f8jst rangerende milit\u00e6ruddannelse\",\"datePublished\":\"2019-01-30T18:39:09+00:00\",\"dateModified\":\"2020-02-12T08:19:31+00:00\",\"mainEntityOfPage\":{\"@id\":\"https:\\\/\\\/www.interforce.dk\\\/prins-joachim-optaget-paa-frankrigs-hoejst-rangerende-militaeruddannelse-2\\\/\"},\"wordCount\":385,\"image\":{\"@id\":\"https:\\\/\\\/www.interforce.dk\\\/prins-joachim-optaget-paa-frankrigs-hoejst-rangerende-militaeruddannelse-2\\\/#primaryimage\"},\"thumbnailUrl\":\"https:\\\/\\\/www.interforce.dk\\\/app\\\/uploads\\\/2019\\\/06\\\/IMGL4362-2_0_0.jpg\",\"articleSection\":[\"Nyheder om InterForce\"],\"inLanguage\":\"kl-GL\"},{\"@type\":\"WebPage\",\"@id\":\"https:\\\/\\\/www.interforce.dk\\\/prins-joachim-optaget-paa-frankrigs-hoejst-rangerende-militaeruddannelse-2\\\/\",\"url\":\"https:\\\/\\\/www.interforce.dk\\\/prins-joachim-optaget-paa-frankrigs-hoejst-rangerende-militaeruddannelse-2\\\/\",\"name\":\"Prins Joachim optaget p\u00e5 Frankrigs h\u00f8jst rangerende milit\u00e6ruddannelse - InterForce\",\"isPartOf\":{\"@id\":\"https:\\\/\\\/www.interforce.dk\\\/#website\"},\"primaryImageOfPage\":{\"@id\":\"https:\\\/\\\/www.interforce.dk\\\/prins-joachim-optaget-paa-frankrigs-hoejst-rangerende-militaeruddannelse-2\\\/#primaryimage\"},\"image\":{\"@id\":\"https:\\\/\\\/www.interforce.dk\\\/prins-joachim-optaget-paa-frankrigs-hoejst-rangerende-militaeruddannelse-2\\\/#primaryimage\"},\"thumbnailUrl\":\"https:\\\/\\\/www.interforce.dk\\\/app\\\/uploads\\\/2019\\\/06\\\/IMGL4362-2_0_0.jpg\",\"datePublished\":\"2019-01-30T18:39:09+00:00\",\"dateModified\":\"2020-02-12T08:19:31+00:00\",\"author\":{\"@id\":\"https:\\\/\\\/www.interforce.dk\\\/#\\\/schema\\\/person\\\/e0192b63d0a5b8f69ae146e87f7116fb\"},\"breadcrumb\":{\"@id\":\"https:\\\/\\\/www.interforce.dk\\\/prins-joachim-optaget-paa-frankrigs-hoejst-rangerende-militaeruddannelse-2\\\/#breadcrumb\"},\"inLanguage\":\"kl-GL\",\"potentialAction\":[{\"@type\":\"ReadAction\",\"target\":[\"https:\\\/\\\/www.interforce.dk\\\/prins-joachim-optaget-paa-frankrigs-hoejst-rangerende-militaeruddannelse-2\\\/\"]}]},{\"@type\":\"ImageObject\",\"inLanguage\":\"kl-GL\",\"@id\":\"https:\\\/\\\/www.interforce.dk\\\/prins-joachim-optaget-paa-frankrigs-hoejst-rangerende-militaeruddannelse-2\\\/#primaryimage\",\"url\":\"https:\\\/\\\/www.interforce.dk\\\/app\\\/uploads\\\/2019\\\/06\\\/IMGL4362-2_0_0.jpg\",\"contentUrl\":\"https:\\\/\\\/www.interforce.dk\\\/app\\\/uploads\\\/2019\\\/06\\\/IMGL4362-2_0_0.jpg\",\"width\":600,\"height\":400,\"caption\":\"H.K.H. Prins Joachim er oberst af Reserven og har siden 2015 v\u00e6ret forsvarschefens s\u00e6rlige sagkyndige i forhold til Reservestyrken. Her ses han under et InterForce-arrangement for erhvervsledere p\u00e5 Holckenhavn Slot i 2016. Foto: Morten Fredslund\"},{\"@type\":\"BreadcrumbList\",\"@id\":\"https:\\\/\\\/www.interforce.dk\\\/prins-joachim-optaget-paa-frankrigs-hoejst-rangerende-militaeruddannelse-2\\\/#breadcrumb\",\"itemListElement\":[{\"@type\":\"ListItem\",\"position\":1,\"name\":\"Hjem\",\"item\":\"https:\\\/\\\/www.interforce.dk\\\/\"},{\"@type\":\"ListItem\",\"position\":2,\"name\":\"Prins Joachim optaget p\u00e5 Frankrigs h\u00f8jst rangerende milit\u00e6ruddannelse\"}]},{\"@type\":\"WebSite\",\"@id\":\"https:\\\/\\\/www.interforce.dk\\\/#website\",\"url\":\"https:\\\/\\\/www.interforce.dk\\\/\",\"name\":\"InterForce\",\"description\":\"\",\"potentialAction\":[{\"@type\":\"SearchAction\",\"target\":{\"@type\":\"EntryPoint\",\"urlTemplate\":\"https:\\\/\\\/www.interforce.dk\\\/?s={search_term_string}\"},\"query-input\":{\"@type\":\"PropertyValueSpecification\",\"valueRequired\":true,\"valueName\":\"search_term_string\"}}],\"inLanguage\":\"kl-GL\"},{\"@type\":\"Person\",\"@id\":\"https:\\\/\\\/www.interforce.dk\\\/#\\\/schema\\\/person\\\/e0192b63d0a5b8f69ae146e87f7116fb\",\"name\":\"InterForce\",\"image\":{\"@type\":\"ImageObject\",\"inLanguage\":\"kl-GL\",\"@id\":\"https:\\\/\\\/secure.gravatar.com\\\/avatar\\\/2ca4b79c0fb3239b8666089682925a48076b8ca78fd38cf279aa4345189a33e3?s=96&d=mm&r=g\",\"url\":\"https:\\\/\\\/secure.gravatar.com\\\/avatar\\\/2ca4b79c0fb3239b8666089682925a48076b8ca78fd38cf279aa4345189a33e3?s=96&d=mm&r=g\",\"contentUrl\":\"https:\\\/\\\/secure.gravatar.com\\\/avatar\\\/2ca4b79c0fb3239b8666089682925a48076b8ca78fd38cf279aa4345189a33e3?s=96&d=mm&r=g\",\"caption\":\"InterForce\"},\"sameAs\":[\"https:\\\/\\\/www.interforce.dk\"],\"url\":\"https:\\\/\\\/www.interforce.dk\\\/kl\\\/author\\\/interforce\\\/\"}]}<\/script>\n<!-- \/ Yoast SEO plugin. -->","yoast_head_json":{"title":"Prins Joachim optaget p\u00e5 Frankrigs h\u00f8jst rangerende milit\u00e6ruddannelse - InterForce","robots":{"index":"index","follow":"follow","max-snippet":"max-snippet:-1","max-image-preview":"max-image-preview:large","max-video-preview":"max-video-preview:-1"},"canonical":"https:\/\/www.interforce.dk\/kl\/prins-joachim-optaget-paa-frankrigs-hoejst-rangerende-militaeruddannelse-2\/","og_locale":"en_US","og_type":"article","og_title":"Prins Joachim optaget p\u00e5 Frankrigs h\u00f8jst rangerende milit\u00e6ruddannelse - InterForce","og_description":"Alt fra strategisk ledelse til offentlig forvaltning.","og_url":"https:\/\/www.interforce.dk\/kl\/prins-joachim-optaget-paa-frankrigs-hoejst-rangerende-militaeruddannelse-2\/","og_site_name":"InterForce","article_published_time":"2019-01-30T18:39:09+00:00","article_modified_time":"2020-02-12T08:19:31+00:00","og_image":[{"width":600,"height":400,"url":"https:\/\/www.interforce.dk\/app\/uploads\/2019\/06\/IMGL4362-2_0_0.jpg","type":"image\/jpeg"}],"author":"InterForce","twitter_card":"summary_large_image","twitter_misc":{"Written by":"InterForce","Est. reading time":"2 minutes"},"schema":{"@context":"https:\/\/schema.org","@graph":[{"@type":"Article","@id":"https:\/\/www.interforce.dk\/prins-joachim-optaget-paa-frankrigs-hoejst-rangerende-militaeruddannelse-2\/#article","isPartOf":{"@id":"https:\/\/www.interforce.dk\/prins-joachim-optaget-paa-frankrigs-hoejst-rangerende-militaeruddannelse-2\/"},"author":{"name":"InterForce","@id":"https:\/\/www.interforce.dk\/#\/schema\/person\/e0192b63d0a5b8f69ae146e87f7116fb"},"headline":"Prins Joachim optaget p\u00e5 Frankrigs h\u00f8jst rangerende milit\u00e6ruddannelse","datePublished":"2019-01-30T18:39:09+00:00","dateModified":"2020-02-12T08:19:31+00:00","mainEntityOfPage":{"@id":"https:\/\/www.interforce.dk\/prins-joachim-optaget-paa-frankrigs-hoejst-rangerende-militaeruddannelse-2\/"},"wordCount":385,"image":{"@id":"https:\/\/www.interforce.dk\/prins-joachim-optaget-paa-frankrigs-hoejst-rangerende-militaeruddannelse-2\/#primaryimage"},"thumbnailUrl":"https:\/\/www.interforce.dk\/app\/uploads\/2019\/06\/IMGL4362-2_0_0.jpg","articleSection":["Nyheder om InterForce"],"inLanguage":"kl-GL"},{"@type":"WebPage","@id":"https:\/\/www.interforce.dk\/prins-joachim-optaget-paa-frankrigs-hoejst-rangerende-militaeruddannelse-2\/","url":"https:\/\/www.interforce.dk\/prins-joachim-optaget-paa-frankrigs-hoejst-rangerende-militaeruddannelse-2\/","name":"Prins Joachim optaget p\u00e5 Frankrigs h\u00f8jst rangerende milit\u00e6ruddannelse - InterForce","isPartOf":{"@id":"https:\/\/www.interforce.dk\/#website"},"primaryImageOfPage":{"@id":"https:\/\/www.interforce.dk\/prins-joachim-optaget-paa-frankrigs-hoejst-rangerende-militaeruddannelse-2\/#primaryimage"},"image":{"@id":"https:\/\/www.interforce.dk\/prins-joachim-optaget-paa-frankrigs-hoejst-rangerende-militaeruddannelse-2\/#primaryimage"},"thumbnailUrl":"https:\/\/www.interforce.dk\/app\/uploads\/2019\/06\/IMGL4362-2_0_0.jpg","datePublished":"2019-01-30T18:39:09+00:00","dateModified":"2020-02-12T08:19:31+00:00","author":{"@id":"https:\/\/www.interforce.dk\/#\/schema\/person\/e0192b63d0a5b8f69ae146e87f7116fb"},"breadcrumb":{"@id":"https:\/\/www.interforce.dk\/prins-joachim-optaget-paa-frankrigs-hoejst-rangerende-militaeruddannelse-2\/#breadcrumb"},"inLanguage":"kl-GL","potentialAction":[{"@type":"ReadAction","target":["https:\/\/www.interforce.dk\/prins-joachim-optaget-paa-frankrigs-hoejst-rangerende-militaeruddannelse-2\/"]}]},{"@type":"ImageObject","inLanguage":"kl-GL","@id":"https:\/\/www.interforce.dk\/prins-joachim-optaget-paa-frankrigs-hoejst-rangerende-militaeruddannelse-2\/#primaryimage","url":"https:\/\/www.interforce.dk\/app\/uploads\/2019\/06\/IMGL4362-2_0_0.jpg","contentUrl":"https:\/\/www.interforce.dk\/app\/uploads\/2019\/06\/IMGL4362-2_0_0.jpg","width":600,"height":400,"caption":"H.K.H. Prins Joachim er oberst af Reserven og har siden 2015 v\u00e6ret forsvarschefens s\u00e6rlige sagkyndige i forhold til Reservestyrken. Her ses han under et InterForce-arrangement for erhvervsledere p\u00e5 Holckenhavn Slot i 2016. Foto: Morten Fredslund"},{"@type":"BreadcrumbList","@id":"https:\/\/www.interforce.dk\/prins-joachim-optaget-paa-frankrigs-hoejst-rangerende-militaeruddannelse-2\/#breadcrumb","itemListElement":[{"@type":"ListItem","position":1,"name":"Hjem","item":"https:\/\/www.interforce.dk\/"},{"@type":"ListItem","position":2,"name":"Prins Joachim optaget p\u00e5 Frankrigs h\u00f8jst rangerende milit\u00e6ruddannelse"}]},{"@type":"WebSite","@id":"https:\/\/www.interforce.dk\/#website","url":"https:\/\/www.interforce.dk\/","name":"InterForce","description":"","potentialAction":[{"@type":"SearchAction","target":{"@type":"EntryPoint","urlTemplate":"https:\/\/www.interforce.dk\/?s={search_term_string}"},"query-input":{"@type":"PropertyValueSpecification","valueRequired":true,"valueName":"search_term_string"}}],"inLanguage":"kl-GL"},{"@type":"Person","@id":"https:\/\/www.interforce.dk\/#\/schema\/person\/e0192b63d0a5b8f69ae146e87f7116fb","name":"InterForce","image":{"@type":"ImageObject","inLanguage":"kl-GL","@id":"https:\/\/secure.gravatar.com\/avatar\/2ca4b79c0fb3239b8666089682925a48076b8ca78fd38cf279aa4345189a33e3?s=96&d=mm&r=g","url":"https:\/\/secure.gravatar.com\/avatar\/2ca4b79c0fb3239b8666089682925a48076b8ca78fd38cf279aa4345189a33e3?s=96&d=mm&r=g","contentUrl":"https:\/\/secure.gravatar.com\/avatar\/2ca4b79c0fb3239b8666089682925a48076b8ca78fd38cf279aa4345189a33e3?s=96&d=mm&r=g","caption":"InterForce"},"sameAs":["https:\/\/www.interforce.dk"],"url":"https:\/\/www.interforce.dk\/kl\/author\/interforce\/"}]}},"_links":{"self":[{"href":"https:\/\/www.interforce.dk\/kl\/wp-json\/wp\/v2\/posts\/822","targetHints":{"allow":["GET"]}}],"collection":[{"href":"https:\/\/www.interforce.dk\/kl\/wp-json\/wp\/v2\/posts"}],"about":[{"href":"https:\/\/www.interforce.dk\/kl\/wp-json\/wp\/v2\/types\/post"}],"author":[{"embeddable":true,"href":"https:\/\/www.interforce.dk\/kl\/wp-json\/wp\/v2\/users\/2"}],"replies":[{"embeddable":true,"href":"https:\/\/www.interforce.dk\/kl\/wp-json\/wp\/v2\/comments?post=822"}],"version-history":[{"count":0,"href":"https:\/\/www.interforce.dk\/kl\/wp-json\/wp\/v2\/posts\/822\/revisions"}],"wp:featuredmedia":[{"embeddable":true,"href":"https:\/\/www.interforce.dk\/kl\/wp-json\/wp\/v2\/media\/823"}],"wp:attachment":[{"href":"https:\/\/www.interforce.dk\/kl\/wp-json\/wp\/v2\/media?parent=822"}],"wp:term":[{"taxonomy":"category","embeddable":true,"href":"https:\/\/www.interforce.dk\/kl\/wp-json\/wp\/v2\/categories?post=822"},{"taxonomy":"post_tag","embeddable":true,"href":"https:\/\/www.interforce.dk\/kl\/wp-json\/wp\/v2\/tags?post=822"}],"curies":[{"name":"wp","href":"https:\/\/api.w.org\/{rel}","templated":true}]}}