{"id":814,"date":"2019-01-19T18:28:31","date_gmt":"2019-01-19T18:28:31","guid":{"rendered":"https:\/\/www.interforce.dk\/?p=814"},"modified":"2020-02-12T07:23:11","modified_gmt":"2020-02-12T07:23:11","slug":"storbritannien-goer-klar-til-at-bruge-forsvarets-reserver-til-no-deal","status":"publish","type":"post","link":"https:\/\/www.interforce.dk\/kl\/storbritannien-goer-klar-til-at-bruge-forsvarets-reserver-til-no-deal\/","title":{"rendered":"Storbritannien g\u00f8r klar til at bruge forsvarets reserver til \u201dno deal\u201d"},"content":{"rendered":"<div class=\"block core-block core-block--paragraph\">\n      <div class=\"inner inner--small\">\n      \n<p><em>Det britiske forsvar har udstedt en ordre, s\u00e5 reservister kan indkaldes og bist\u00e5 med civile kompetencer ved en &#8220;no deal&#8221; Brexit.<\/em><\/p>\n\n      <\/div>\n  <\/div>\n<div class=\"block core-block core-block--paragraph\">\n      <div class=\"inner inner--small\">\n      \n<p>Af Morten Fredslund<\/p>\n\n      <\/div>\n  <\/div>\n<div class=\"block core-block core-block--paragraph\">\n      <div class=\"inner inner--small\">\n      \n<p>Fra den 10. februar kan personel fra den godt 30.000 mand store britiske styrke af frivillige reservister blive indkaldt for at assistere ved forberedelserne til et muligt kaotisk \u201dno deal\u201d-scenarie.<\/p>\n\n      <\/div>\n  <\/div>\n<div class=\"block core-block core-block--paragraph\">\n      <div class=\"inner inner--small\">\n      \n<p>Brugen af milit\u00e6rets reserver til \u201dno deal\u201d-forberedelser og -assistance fremg\u00e5r af en skriftlig meddelelse til parlamentet fra Mark Lancaster, der er minister for de v\u00e6bnede styrker.&nbsp;<\/p>\n\n      <\/div>\n  <\/div>\n<div class=\"block core-block core-block--paragraph\">\n      <div class=\"inner inner--small\">\n      \n<p>Form\u00e5let er at f\u00e5 \u00bbeffektive og proportionerede n\u00f8dplaner p\u00e5 plads til at afb\u00f8de de potentielle, umiddelbare effekter\u00ab, som \u201dno deal\u201d kan have p\u00e5 \u00bbvelf\u00e6rd, sundhed og sikkerhed for britiske borgere og Storbritanniens \u00f8konomiske stabilitet\u00ab. Det skriver Jyllands-Posten, fredag.<\/p>\n\n      <\/div>\n  <\/div>\n<div class=\"block core-block core-block--image align-center\">\n      <div class=\"inner inner--small\">\n      \n<div class=\"wp-block-image\"><figure class=\"aligncenter is-resized\"><img loading=\"lazy\" decoding=\"async\" src=\"\/app\/uploads\/2019\/06\/UJ2_0.jpg\" alt=\"\" class=\"wp-image-815\" width=\"748\" height=\"371\" srcset=\"https:\/\/www.interforce.dk\/app\/uploads\/2019\/06\/UJ2_0.jpg 620w, https:\/\/www.interforce.dk\/app\/uploads\/2019\/06\/UJ2_0-300x149.jpg 300w\" sizes=\"auto, (max-width: 748px) 100vw, 748px\" \/><figcaption>Storbritanniens samlede reservestyrker er p\u00e5 82.340 personer. Nu er der udstedt en ordre til, at nogle af reservisterne skal kunne indkaldes som st\u00f8tte ift. et eventuet &nbsp;&#8220;No deal&#8221; scenarie ifm. Brexit.&nbsp;<\/figcaption><\/figure><\/div>\n\n      <\/div>\n  <\/div>\n<div class=\"block core-block core-block--paragraph\">\n      <div class=\"inner inner--small\">\n      \n<p>Storbritanniens reservestyrker best\u00e5r dels af en regul\u00e6r reservestyrke af 45.000 tidligere tjenesteg\u00f8rende soldater, der er forpligtiget til at kunne indkaldes i s\u00e6rlige situationer. Dels en reservestyrke p\u00e5 knap 30.000 af personer b\u00e5de med og uden tidligere tjeneste i de v\u00e6bnede styrker. Hertil kommer ogs\u00e5 ca. 2.000 s\u00e5kaldte sponserede reservister, hvor der er indg\u00e5et en s\u00e6rlig aftale mellem det britiske forsvarsministerium og reservistens arbejdsgiver. Det g\u00e6lder is\u00e6r indenfor omr\u00e5der som s\u00f8transport, logistik og drift af infrastrukturen.&nbsp;<\/p>\n\n      <\/div>\n  <\/div>\n<div class=\"block core-block core-block--paragraph\">\n      <div class=\"inner inner--small\">\n      \n<p><strong>26.219 reservister indsat<\/strong><\/p>\n\n      <\/div>\n  <\/div>\n<div class=\"block core-block core-block--paragraph\">\n      <div class=\"inner inner--small\">\n      \n<p>Storbritannien tr\u00e6kker ofte p\u00e5 reservister som st\u00f8tte til de professionelle styrker. Blandt andet var godt 2.200 reservister indkaldt under OL i London i 2012 og fra 2003-2103 var 11.246 reservister udsendt til Irak, 10.926 til Afghanistan mens 318 gjorde tjeneste ifm. piratjagt i Den persiske Golf. I alt bistod 26.219 reservister de britiske st\u00e5ende styrker under operationer i perioden.<\/p>\n\n      <\/div>\n  <\/div>\n<div class=\"block core-block core-block--paragraph\">\n      <div class=\"inner inner--small\">\n      \n<p>If\u00f8lge Jyllands-Posten er varslingen om indkaldelse af reserverne denne gang illustrative for det aktuelle politiske kaos i Storbritannien, hvor et kaotisk \u201dno deal\u201d rykker n\u00e6rmere dag for dag. Og i nabolandet Frankrig besluttede man torsdag at aktivere sin plan for et \u201dno deal\u201d-brexit og bruger 50 mio. euro (godt 370 mio. kr.) p\u00e5 bl.a. parkeringspladser, faciliteter til toldkontrol og 580 nye ansatte, herunder dyrl\u00e6ger og toldpersonel.<\/p>\n\n      <\/div>\n  <\/div>\n<div class=\"block core-block core-block--paragraph\">\n      <div class=\"inner inner--small\">\n      \n<p>If\u00f8lge avisen skal de britiske reserver ikke bruges, fordi den st\u00e5ende h\u00e6r ikke har soldater nok til \u201dno deal\u201d-opgaven, men blandt andet fordi reservisterne som f\u00f8lge af deres civile job kan have s\u00e6rlige kundskaber, som man kan tr\u00e6kke p\u00e5. De kan f.eks. blive forbindelsesofficerer eller bist\u00e5 i andre ministerier end forsvarsministeriet, hvis disse beder om det. Ordren g\u00e6lder fra den 10. februar i \u00e5r til den 9. februar n\u00e6ste \u00e5r.<\/p>\n\n      <\/div>\n  <\/div>\n<div class=\"block core-block core-block--paragraph\">\n      <div class=\"inner inner--small\">\n      \n<p>Et eventuelt \u201dNo deal\u201d frygtes at medf\u00f8re kilometerlange lastbilk\u00f8er p\u00e5 grund af toldkontrol, og der er en risiko for mangel p\u00e5 livsvigtig medicin og visse typer af f\u00f8devarer.&nbsp;<\/p>\n\n      <\/div>\n  <\/div>\n<div class=\"block core-block core-block--paragraph\">\n      <div class=\"inner inner--small\">\n      \n<p>Men tidligere i januar form\u00e5ede transportministeriet ikke engang at gennemf\u00f8re en test-trafikprop uden fejl. Kun 89 af 150 bestilte lastbiler dukkede op, og de kom ogs\u00e5 for sent ud at k\u00f8re. S\u00e5 en reservist med organisationstalent kunne m\u00e5ske v\u00e6re k\u00e6rkommen i transportministeriet, mener Jyllands-Posten.&nbsp;<\/p>\n\n      <\/div>\n  <\/div>\n<div class=\"block core-block core-block--paragraph\">\n      <div class=\"inner inner--small\">\n      \n<p>Premierminister Theresa May skal orientere Underhuset om sin plan B p\u00e5 mandag, og der skal stemmes den 29. januar.<\/p>\n\n      <\/div>\n  <\/div>","protected":false},"excerpt":{"rendered":"26.219 reservister indsat...","protected":false},"author":2,"featured_media":815,"comment_status":"closed","ping_status":"closed","sticky":false,"template":"","format":"standard","meta":{"_acf_changed":false,"footnotes":""},"categories":[8],"tags":[],"class_list":["post-814","post","type-post","status-publish","format-standard","has-post-thumbnail","hentry","category-sikkerhedsnyt"],"acf":[],"yoast_head":"<!-- This site is optimized with the Yoast SEO plugin v27.3 - https:\/\/yoast.com\/product\/yoast-seo-wordpress\/ -->\n<title>Storbritannien g\u00f8r klar til at bruge forsvarets reserver til \u201dno deal\u201d - InterForce<\/title>\n<meta name=\"robots\" content=\"index, follow, max-snippet:-1, max-image-preview:large, max-video-preview:-1\" \/>\n<link rel=\"canonical\" href=\"https:\/\/www.interforce.dk\/kl\/storbritannien-goer-klar-til-at-bruge-forsvarets-reserver-til-no-deal\/\" \/>\n<meta property=\"og:locale\" content=\"en_US\" \/>\n<meta property=\"og:type\" content=\"article\" \/>\n<meta property=\"og:title\" content=\"Storbritannien g\u00f8r klar til at bruge forsvarets reserver til \u201dno deal\u201d - InterForce\" \/>\n<meta property=\"og:description\" content=\"26.219 reservister indsat\" \/>\n<meta property=\"og:url\" content=\"https:\/\/www.interforce.dk\/kl\/storbritannien-goer-klar-til-at-bruge-forsvarets-reserver-til-no-deal\/\" \/>\n<meta property=\"og:site_name\" content=\"InterForce\" \/>\n<meta property=\"article:published_time\" content=\"2019-01-19T18:28:31+00:00\" \/>\n<meta property=\"article:modified_time\" content=\"2020-02-12T07:23:11+00:00\" \/>\n<meta property=\"og:image\" content=\"https:\/\/www.interforce.dk\/app\/uploads\/2019\/06\/UJ2_0.jpg\" \/>\n\t<meta property=\"og:image:width\" content=\"620\" \/>\n\t<meta property=\"og:image:height\" content=\"308\" \/>\n\t<meta property=\"og:image:type\" content=\"image\/jpeg\" \/>\n<meta name=\"author\" content=\"InterForce\" \/>\n<meta name=\"twitter:card\" content=\"summary_large_image\" \/>\n<meta name=\"twitter:label1\" content=\"Written by\" \/>\n\t<meta name=\"twitter:data1\" content=\"InterForce\" \/>\n\t<meta name=\"twitter:label2\" content=\"Est. reading time\" \/>\n\t<meta name=\"twitter:data2\" content=\"3 minutes\" \/>\n<script type=\"application\/ld+json\" class=\"yoast-schema-graph\">{\"@context\":\"https:\\\/\\\/schema.org\",\"@graph\":[{\"@type\":\"Article\",\"@id\":\"https:\\\/\\\/www.interforce.dk\\\/kl\\\/storbritannien-goer-klar-til-at-bruge-forsvarets-reserver-til-no-deal\\\/#article\",\"isPartOf\":{\"@id\":\"https:\\\/\\\/www.interforce.dk\\\/kl\\\/storbritannien-goer-klar-til-at-bruge-forsvarets-reserver-til-no-deal\\\/\"},\"author\":{\"name\":\"InterForce\",\"@id\":\"https:\\\/\\\/www.interforce.dk\\\/#\\\/schema\\\/person\\\/e0192b63d0a5b8f69ae146e87f7116fb\"},\"headline\":\"Storbritannien g\u00f8r klar til at bruge forsvarets reserver til \u201dno deal\u201d\",\"datePublished\":\"2019-01-19T18:28:31+00:00\",\"dateModified\":\"2020-02-12T07:23:11+00:00\",\"mainEntityOfPage\":{\"@id\":\"https:\\\/\\\/www.interforce.dk\\\/kl\\\/storbritannien-goer-klar-til-at-bruge-forsvarets-reserver-til-no-deal\\\/\"},\"wordCount\":560,\"image\":{\"@id\":\"https:\\\/\\\/www.interforce.dk\\\/kl\\\/storbritannien-goer-klar-til-at-bruge-forsvarets-reserver-til-no-deal\\\/#primaryimage\"},\"thumbnailUrl\":\"https:\\\/\\\/www.interforce.dk\\\/app\\\/uploads\\\/2019\\\/06\\\/UJ2_0.jpg\",\"articleSection\":[\"Sikkerhedsnyt\"],\"inLanguage\":\"kl-GL\"},{\"@type\":\"WebPage\",\"@id\":\"https:\\\/\\\/www.interforce.dk\\\/kl\\\/storbritannien-goer-klar-til-at-bruge-forsvarets-reserver-til-no-deal\\\/\",\"url\":\"https:\\\/\\\/www.interforce.dk\\\/kl\\\/storbritannien-goer-klar-til-at-bruge-forsvarets-reserver-til-no-deal\\\/\",\"name\":\"Storbritannien g\u00f8r klar til at bruge forsvarets reserver til \u201dno deal\u201d - InterForce\",\"isPartOf\":{\"@id\":\"https:\\\/\\\/www.interforce.dk\\\/#website\"},\"primaryImageOfPage\":{\"@id\":\"https:\\\/\\\/www.interforce.dk\\\/kl\\\/storbritannien-goer-klar-til-at-bruge-forsvarets-reserver-til-no-deal\\\/#primaryimage\"},\"image\":{\"@id\":\"https:\\\/\\\/www.interforce.dk\\\/kl\\\/storbritannien-goer-klar-til-at-bruge-forsvarets-reserver-til-no-deal\\\/#primaryimage\"},\"thumbnailUrl\":\"https:\\\/\\\/www.interforce.dk\\\/app\\\/uploads\\\/2019\\\/06\\\/UJ2_0.jpg\",\"datePublished\":\"2019-01-19T18:28:31+00:00\",\"dateModified\":\"2020-02-12T07:23:11+00:00\",\"author\":{\"@id\":\"https:\\\/\\\/www.interforce.dk\\\/#\\\/schema\\\/person\\\/e0192b63d0a5b8f69ae146e87f7116fb\"},\"breadcrumb\":{\"@id\":\"https:\\\/\\\/www.interforce.dk\\\/kl\\\/storbritannien-goer-klar-til-at-bruge-forsvarets-reserver-til-no-deal\\\/#breadcrumb\"},\"inLanguage\":\"kl-GL\",\"potentialAction\":[{\"@type\":\"ReadAction\",\"target\":[\"https:\\\/\\\/www.interforce.dk\\\/kl\\\/storbritannien-goer-klar-til-at-bruge-forsvarets-reserver-til-no-deal\\\/\"]}]},{\"@type\":\"ImageObject\",\"inLanguage\":\"kl-GL\",\"@id\":\"https:\\\/\\\/www.interforce.dk\\\/kl\\\/storbritannien-goer-klar-til-at-bruge-forsvarets-reserver-til-no-deal\\\/#primaryimage\",\"url\":\"https:\\\/\\\/www.interforce.dk\\\/app\\\/uploads\\\/2019\\\/06\\\/UJ2_0.jpg\",\"contentUrl\":\"https:\\\/\\\/www.interforce.dk\\\/app\\\/uploads\\\/2019\\\/06\\\/UJ2_0.jpg\",\"width\":620,\"height\":308,\"caption\":\"Storbritanniens samlede reservestyrker er p\u00e5 82.340 personer. Nu er der udstedt en ordre til, at nogle af reservisterne skal kunne indkaldes som st\u00f8tte ift. et eventuet \\\"No deal\\\" scenarie ifm. Brexit.\"},{\"@type\":\"BreadcrumbList\",\"@id\":\"https:\\\/\\\/www.interforce.dk\\\/kl\\\/storbritannien-goer-klar-til-at-bruge-forsvarets-reserver-til-no-deal\\\/#breadcrumb\",\"itemListElement\":[{\"@type\":\"ListItem\",\"position\":1,\"name\":\"Hjem\",\"item\":\"https:\\\/\\\/www.interforce.dk\\\/\"},{\"@type\":\"ListItem\",\"position\":2,\"name\":\"Storbritannien g\u00f8r klar til at bruge forsvarets reserver til \u201dno deal\u201d\"}]},{\"@type\":\"WebSite\",\"@id\":\"https:\\\/\\\/www.interforce.dk\\\/#website\",\"url\":\"https:\\\/\\\/www.interforce.dk\\\/\",\"name\":\"InterForce\",\"description\":\"\",\"potentialAction\":[{\"@type\":\"SearchAction\",\"target\":{\"@type\":\"EntryPoint\",\"urlTemplate\":\"https:\\\/\\\/www.interforce.dk\\\/?s={search_term_string}\"},\"query-input\":{\"@type\":\"PropertyValueSpecification\",\"valueRequired\":true,\"valueName\":\"search_term_string\"}}],\"inLanguage\":\"kl-GL\"},{\"@type\":\"Person\",\"@id\":\"https:\\\/\\\/www.interforce.dk\\\/#\\\/schema\\\/person\\\/e0192b63d0a5b8f69ae146e87f7116fb\",\"name\":\"InterForce\",\"image\":{\"@type\":\"ImageObject\",\"inLanguage\":\"kl-GL\",\"@id\":\"https:\\\/\\\/secure.gravatar.com\\\/avatar\\\/2ca4b79c0fb3239b8666089682925a48076b8ca78fd38cf279aa4345189a33e3?s=96&d=mm&r=g\",\"url\":\"https:\\\/\\\/secure.gravatar.com\\\/avatar\\\/2ca4b79c0fb3239b8666089682925a48076b8ca78fd38cf279aa4345189a33e3?s=96&d=mm&r=g\",\"contentUrl\":\"https:\\\/\\\/secure.gravatar.com\\\/avatar\\\/2ca4b79c0fb3239b8666089682925a48076b8ca78fd38cf279aa4345189a33e3?s=96&d=mm&r=g\",\"caption\":\"InterForce\"},\"sameAs\":[\"https:\\\/\\\/www.interforce.dk\"],\"url\":\"https:\\\/\\\/www.interforce.dk\\\/kl\\\/author\\\/interforce\\\/\"}]}<\/script>\n<!-- \/ Yoast SEO plugin. -->","yoast_head_json":{"title":"Storbritannien g\u00f8r klar til at bruge forsvarets reserver til \u201dno deal\u201d - InterForce","robots":{"index":"index","follow":"follow","max-snippet":"max-snippet:-1","max-image-preview":"max-image-preview:large","max-video-preview":"max-video-preview:-1"},"canonical":"https:\/\/www.interforce.dk\/kl\/storbritannien-goer-klar-til-at-bruge-forsvarets-reserver-til-no-deal\/","og_locale":"en_US","og_type":"article","og_title":"Storbritannien g\u00f8r klar til at bruge forsvarets reserver til \u201dno deal\u201d - InterForce","og_description":"26.219 reservister indsat","og_url":"https:\/\/www.interforce.dk\/kl\/storbritannien-goer-klar-til-at-bruge-forsvarets-reserver-til-no-deal\/","og_site_name":"InterForce","article_published_time":"2019-01-19T18:28:31+00:00","article_modified_time":"2020-02-12T07:23:11+00:00","og_image":[{"width":620,"height":308,"url":"https:\/\/www.interforce.dk\/app\/uploads\/2019\/06\/UJ2_0.jpg","type":"image\/jpeg"}],"author":"InterForce","twitter_card":"summary_large_image","twitter_misc":{"Written by":"InterForce","Est. reading time":"3 minutes"},"schema":{"@context":"https:\/\/schema.org","@graph":[{"@type":"Article","@id":"https:\/\/www.interforce.dk\/kl\/storbritannien-goer-klar-til-at-bruge-forsvarets-reserver-til-no-deal\/#article","isPartOf":{"@id":"https:\/\/www.interforce.dk\/kl\/storbritannien-goer-klar-til-at-bruge-forsvarets-reserver-til-no-deal\/"},"author":{"name":"InterForce","@id":"https:\/\/www.interforce.dk\/#\/schema\/person\/e0192b63d0a5b8f69ae146e87f7116fb"},"headline":"Storbritannien g\u00f8r klar til at bruge forsvarets reserver til \u201dno deal\u201d","datePublished":"2019-01-19T18:28:31+00:00","dateModified":"2020-02-12T07:23:11+00:00","mainEntityOfPage":{"@id":"https:\/\/www.interforce.dk\/kl\/storbritannien-goer-klar-til-at-bruge-forsvarets-reserver-til-no-deal\/"},"wordCount":560,"image":{"@id":"https:\/\/www.interforce.dk\/kl\/storbritannien-goer-klar-til-at-bruge-forsvarets-reserver-til-no-deal\/#primaryimage"},"thumbnailUrl":"https:\/\/www.interforce.dk\/app\/uploads\/2019\/06\/UJ2_0.jpg","articleSection":["Sikkerhedsnyt"],"inLanguage":"kl-GL"},{"@type":"WebPage","@id":"https:\/\/www.interforce.dk\/kl\/storbritannien-goer-klar-til-at-bruge-forsvarets-reserver-til-no-deal\/","url":"https:\/\/www.interforce.dk\/kl\/storbritannien-goer-klar-til-at-bruge-forsvarets-reserver-til-no-deal\/","name":"Storbritannien g\u00f8r klar til at bruge forsvarets reserver til \u201dno deal\u201d - InterForce","isPartOf":{"@id":"https:\/\/www.interforce.dk\/#website"},"primaryImageOfPage":{"@id":"https:\/\/www.interforce.dk\/kl\/storbritannien-goer-klar-til-at-bruge-forsvarets-reserver-til-no-deal\/#primaryimage"},"image":{"@id":"https:\/\/www.interforce.dk\/kl\/storbritannien-goer-klar-til-at-bruge-forsvarets-reserver-til-no-deal\/#primaryimage"},"thumbnailUrl":"https:\/\/www.interforce.dk\/app\/uploads\/2019\/06\/UJ2_0.jpg","datePublished":"2019-01-19T18:28:31+00:00","dateModified":"2020-02-12T07:23:11+00:00","author":{"@id":"https:\/\/www.interforce.dk\/#\/schema\/person\/e0192b63d0a5b8f69ae146e87f7116fb"},"breadcrumb":{"@id":"https:\/\/www.interforce.dk\/kl\/storbritannien-goer-klar-til-at-bruge-forsvarets-reserver-til-no-deal\/#breadcrumb"},"inLanguage":"kl-GL","potentialAction":[{"@type":"ReadAction","target":["https:\/\/www.interforce.dk\/kl\/storbritannien-goer-klar-til-at-bruge-forsvarets-reserver-til-no-deal\/"]}]},{"@type":"ImageObject","inLanguage":"kl-GL","@id":"https:\/\/www.interforce.dk\/kl\/storbritannien-goer-klar-til-at-bruge-forsvarets-reserver-til-no-deal\/#primaryimage","url":"https:\/\/www.interforce.dk\/app\/uploads\/2019\/06\/UJ2_0.jpg","contentUrl":"https:\/\/www.interforce.dk\/app\/uploads\/2019\/06\/UJ2_0.jpg","width":620,"height":308,"caption":"Storbritanniens samlede reservestyrker er p\u00e5 82.340 personer. Nu er der udstedt en ordre til, at nogle af reservisterne skal kunne indkaldes som st\u00f8tte ift. et eventuet \"No deal\" scenarie ifm. Brexit."},{"@type":"BreadcrumbList","@id":"https:\/\/www.interforce.dk\/kl\/storbritannien-goer-klar-til-at-bruge-forsvarets-reserver-til-no-deal\/#breadcrumb","itemListElement":[{"@type":"ListItem","position":1,"name":"Hjem","item":"https:\/\/www.interforce.dk\/"},{"@type":"ListItem","position":2,"name":"Storbritannien g\u00f8r klar til at bruge forsvarets reserver til \u201dno deal\u201d"}]},{"@type":"WebSite","@id":"https:\/\/www.interforce.dk\/#website","url":"https:\/\/www.interforce.dk\/","name":"InterForce","description":"","potentialAction":[{"@type":"SearchAction","target":{"@type":"EntryPoint","urlTemplate":"https:\/\/www.interforce.dk\/?s={search_term_string}"},"query-input":{"@type":"PropertyValueSpecification","valueRequired":true,"valueName":"search_term_string"}}],"inLanguage":"kl-GL"},{"@type":"Person","@id":"https:\/\/www.interforce.dk\/#\/schema\/person\/e0192b63d0a5b8f69ae146e87f7116fb","name":"InterForce","image":{"@type":"ImageObject","inLanguage":"kl-GL","@id":"https:\/\/secure.gravatar.com\/avatar\/2ca4b79c0fb3239b8666089682925a48076b8ca78fd38cf279aa4345189a33e3?s=96&d=mm&r=g","url":"https:\/\/secure.gravatar.com\/avatar\/2ca4b79c0fb3239b8666089682925a48076b8ca78fd38cf279aa4345189a33e3?s=96&d=mm&r=g","contentUrl":"https:\/\/secure.gravatar.com\/avatar\/2ca4b79c0fb3239b8666089682925a48076b8ca78fd38cf279aa4345189a33e3?s=96&d=mm&r=g","caption":"InterForce"},"sameAs":["https:\/\/www.interforce.dk"],"url":"https:\/\/www.interforce.dk\/kl\/author\/interforce\/"}]}},"_links":{"self":[{"href":"https:\/\/www.interforce.dk\/kl\/wp-json\/wp\/v2\/posts\/814","targetHints":{"allow":["GET"]}}],"collection":[{"href":"https:\/\/www.interforce.dk\/kl\/wp-json\/wp\/v2\/posts"}],"about":[{"href":"https:\/\/www.interforce.dk\/kl\/wp-json\/wp\/v2\/types\/post"}],"author":[{"embeddable":true,"href":"https:\/\/www.interforce.dk\/kl\/wp-json\/wp\/v2\/users\/2"}],"replies":[{"embeddable":true,"href":"https:\/\/www.interforce.dk\/kl\/wp-json\/wp\/v2\/comments?post=814"}],"version-history":[{"count":0,"href":"https:\/\/www.interforce.dk\/kl\/wp-json\/wp\/v2\/posts\/814\/revisions"}],"wp:featuredmedia":[{"embeddable":true,"href":"https:\/\/www.interforce.dk\/kl\/wp-json\/wp\/v2\/media\/815"}],"wp:attachment":[{"href":"https:\/\/www.interforce.dk\/kl\/wp-json\/wp\/v2\/media?parent=814"}],"wp:term":[{"taxonomy":"category","embeddable":true,"href":"https:\/\/www.interforce.dk\/kl\/wp-json\/wp\/v2\/categories?post=814"},{"taxonomy":"post_tag","embeddable":true,"href":"https:\/\/www.interforce.dk\/kl\/wp-json\/wp\/v2\/tags?post=814"}],"curies":[{"name":"wp","href":"https:\/\/api.w.org\/{rel}","templated":true}]}}