{"id":794,"date":"2018-10-08T12:53:13","date_gmt":"2018-10-08T12:53:13","guid":{"rendered":"https:\/\/www.interforce.dk\/?p=794"},"modified":"2020-02-12T08:28:37","modified_gmt":"2020-02-12T08:28:37","slug":"farvel-til-en-pioner","status":"publish","type":"post","link":"https:\/\/www.interforce.dk\/kl\/farvel-til-en-pioner\/","title":{"rendered":"Farvel til en pion\u00e9r"},"content":{"rendered":"<div class=\"block core-block core-block--paragraph\">\n      <div class=\"inner inner--small\">\n      \n<p><em>Oberst Jens Christian Lund fra Viborg, der var den f\u00f8rste milit\u00e6r koordinator i InterForce, er d\u00f8d 73 \u00e5r gammel.<\/em><\/p>\n\n      <\/div>\n  <\/div>\n<div class=\"block core-block core-block--paragraph\">\n      <div class=\"inner inner--small\">\n      \n<p>Af Morten Fredslund<\/p>\n\n      <\/div>\n  <\/div>\n<div class=\"block core-block core-block--paragraph\">\n      <div class=\"inner inner--small\">\n      \n<p>Da det tilbage i 2000 blev besluttet, at InterForce skulle opdeles i regioner, for at g\u00f8re det nemmere at skabe kontakt mellem Forsvarets tjenestesteder og det lokale erhvervsliv, fik oberst Jens Christian Lund til opgave at etablere en midtjysk InterForce region.<\/p>\n\n      <\/div>\n  <\/div>\n<div class=\"block core-block core-block--paragraph\">\n      <div class=\"inner inner--small\">\n      \n<p>Projektet blev indledningsvis betegnet som et pilotprojekt. Men blot f\u00e5 m\u00e5neder efter, at Jens Christian Lund fik opgaven, havde den f\u00f8rste lokale InterForce region set dagens lys. InterForce Region Midtjylland blev etableret den 14. februar 2001, og den regionale InterForce komit\u00e9 i Region Midtjylland bestod dengang af 25 medlemmer fra Viborg, Ringk\u00f8bing og \u00c5rhus amter. Koncerndirekt\u00f8r i Thygesen Textile Group, Niels Laurits Thygesen blev udpeget til formand og oberst Jens Christian Lund var milit\u00e6r tovholder \u2013&nbsp;det, der i dag betegnes som milit\u00e6r koordinator i InterForce nuv\u00e6rende seks regioner.<\/p>\n\n      <\/div>\n  <\/div>\n<div class=\"block core-block core-block--image align-left\">\n      <div class=\"inner inner--small\">\n      \n<div class=\"wp-block-image\"><figure class=\"alignleft is-resized\"><img loading=\"lazy\" decoding=\"async\" src=\"\/app\/uploads\/2019\/06\/images_0.png\" alt=\"\" class=\"wp-image-795\" width=\"348\" height=\"283\"\/><figcaption>Oberst Jens Christian Lund blev 73 \u00e5r gammel. Foto: Parkinsonforeningen.<\/figcaption><\/figure><\/div>\n\n      <\/div>\n  <\/div>\n<div class=\"block core-block core-block--paragraph\">\n      <div class=\"inner inner--small\">\n      \n<p>At det dengang netop blev oberst Lund fra Viborg, som dav\u00e6rende forsvarschef, general Christian Hvidt, gav opgaven med at sammens\u00e6tte den f\u00f8rste InterForce region, var givet ingen tilf\u00e6ldighed. Jens Christian Lund var kendt som en aldeles driftig herre fyldt med initiativ og id\u00e9er. Fra 1995 til 2005 havde han det, han selv kaldte sit dr\u00f8mmejob gennem hele sin milit\u00e6re karriere, da han var chef for Prinsens Livregiment, f\u00f8rst i Viborg og de sidste \u00e5r i Skive.<\/p>\n\n      <\/div>\n  <\/div>\n<div class=\"block core-block core-block--paragraph\">\n      <div class=\"inner inner--small\">\n      \n<p>Inden da havde han blandt andet bidraget i de baltiske lande, hvor han havde tr\u00e6net soldater i massevis. Sammen bidrog til den internationale milit\u00e6re indsats p\u00e5 Balkan.<\/p>\n\n      <\/div>\n  <\/div>\n<div class=\"block core-block core-block--paragraph\">\n      <div class=\"inner inner--small\">\n      \n<p><strong>Vildsvin p\u00e5 kasernen<\/strong><\/p>\n\n      <\/div>\n  <\/div>\n<div class=\"block core-block core-block--paragraph\">\n      <div class=\"inner inner--small\">\n      \n<p>Jens Christian Lund var medlem af byr\u00e5det i Viborg Kommune i perioden 1998-2005, hvorefter han sad i Folketinget for Socialdemokratiet frem til 2011. Han var desuden medlem af utallige bestyrelser og foreninger, herunder H\u00e6rvejskomit\u00e9en, Prinsens Livregiments soldaterforening, Viborg HK samt Viborg FF. Han var ogs\u00e5 engageret i Parkinsonforeningen \u2013 en sygdom han selv var sv\u00e6rt ramt af de sidste \u00e5r.<\/p>\n\n      <\/div>\n  <\/div>\n<div class=\"block core-block core-block--paragraph\">\n      <div class=\"inner inner--small\">\n      \n<p>Inden sygdommen ramte, n\u00e5ede han som fodbolddommer at d\u00f8mme n\u00e6sten 3000 kampe, og han avlede vildsvin p\u00e5 kasernen, hvorfra der blev leveret \u00e6delt k\u00f8d til prinsgemalen, som han blev n\u00e6r ven med.<\/p>\n\n      <\/div>\n  <\/div>\n<div class=\"block core-block core-block--paragraph\">\n      <div class=\"inner inner--small\">\n      \n<p>Oberst Lund har modtaget 16 ordener og internationale medaljer. Han er kommand\u00f8r af Dannebrog og kommand\u00f8r i Estland. Han er hertug af Litauen. Han har en tysk og fire lettiske ordener. Hertil kommer FN-medaljer fra Cypern og Balkan.<\/p>\n\n      <\/div>\n  <\/div>\n<div class=\"block core-block core-block--paragraph\">\n      <div class=\"inner inner--small\">\n      \n<p>If\u00f8lge Viborg Stifts Folkeblad bliver Jens Christian Lunds sidste farvel fra Viborg Domkirke. Herefter arrangeres ogs\u00e5 en mindeceremoni for de mange, der var i ber\u00f8ring med den s\u00e5 aktive oberst.<\/p>\n\n      <\/div>\n  <\/div>","protected":false},"excerpt":{"rendered":"Vildsvin p\u00e5 kasernen...","protected":false},"author":2,"featured_media":795,"comment_status":"closed","ping_status":"closed","sticky":false,"template":"","format":"standard","meta":{"_acf_changed":false,"footnotes":""},"categories":[12],"tags":[],"class_list":["post-794","post","type-post","status-publish","format-standard","has-post-thumbnail","hentry","category-nyt-om-if"],"acf":[],"yoast_head":"<!-- This site is optimized with the Yoast SEO plugin v27.3 - https:\/\/yoast.com\/product\/yoast-seo-wordpress\/ -->\n<title>Farvel til en pion\u00e9r - InterForce<\/title>\n<meta name=\"robots\" content=\"index, follow, max-snippet:-1, max-image-preview:large, max-video-preview:-1\" \/>\n<link rel=\"canonical\" href=\"https:\/\/www.interforce.dk\/kl\/farvel-til-en-pioner\/\" \/>\n<meta property=\"og:locale\" content=\"en_US\" \/>\n<meta property=\"og:type\" content=\"article\" \/>\n<meta property=\"og:title\" content=\"Farvel til en pion\u00e9r - InterForce\" \/>\n<meta property=\"og:description\" content=\"Vildsvin p\u00e5 kasernen\" \/>\n<meta property=\"og:url\" content=\"https:\/\/www.interforce.dk\/kl\/farvel-til-en-pioner\/\" \/>\n<meta property=\"og:site_name\" content=\"InterForce\" \/>\n<meta property=\"article:published_time\" content=\"2018-10-08T12:53:13+00:00\" \/>\n<meta property=\"article:modified_time\" content=\"2020-02-12T08:28:37+00:00\" \/>\n<meta property=\"og:image\" content=\"https:\/\/www.interforce.dk\/app\/uploads\/2019\/06\/images_0.png\" \/>\n\t<meta property=\"og:image:width\" content=\"249\" \/>\n\t<meta property=\"og:image:height\" content=\"202\" \/>\n\t<meta property=\"og:image:type\" content=\"image\/png\" \/>\n<meta name=\"author\" content=\"InterForce\" \/>\n<meta name=\"twitter:card\" content=\"summary_large_image\" \/>\n<meta name=\"twitter:label1\" content=\"Written by\" \/>\n\t<meta name=\"twitter:data1\" content=\"InterForce\" \/>\n\t<meta name=\"twitter:label2\" content=\"Est. reading time\" \/>\n\t<meta name=\"twitter:data2\" content=\"2 minutes\" \/>\n<script type=\"application\/ld+json\" class=\"yoast-schema-graph\">{\"@context\":\"https:\\\/\\\/schema.org\",\"@graph\":[{\"@type\":\"Article\",\"@id\":\"https:\\\/\\\/www.interforce.dk\\\/farvel-til-en-pioner\\\/#article\",\"isPartOf\":{\"@id\":\"https:\\\/\\\/www.interforce.dk\\\/farvel-til-en-pioner\\\/\"},\"author\":{\"name\":\"InterForce\",\"@id\":\"https:\\\/\\\/www.interforce.dk\\\/#\\\/schema\\\/person\\\/e0192b63d0a5b8f69ae146e87f7116fb\"},\"headline\":\"Farvel til en pion\u00e9r\",\"datePublished\":\"2018-10-08T12:53:13+00:00\",\"dateModified\":\"2020-02-12T08:28:37+00:00\",\"mainEntityOfPage\":{\"@id\":\"https:\\\/\\\/www.interforce.dk\\\/farvel-til-en-pioner\\\/\"},\"wordCount\":455,\"image\":{\"@id\":\"https:\\\/\\\/www.interforce.dk\\\/farvel-til-en-pioner\\\/#primaryimage\"},\"thumbnailUrl\":\"https:\\\/\\\/www.interforce.dk\\\/app\\\/uploads\\\/2019\\\/06\\\/images_0.png\",\"articleSection\":[\"Nyheder om InterForce\"],\"inLanguage\":\"kl-GL\"},{\"@type\":\"WebPage\",\"@id\":\"https:\\\/\\\/www.interforce.dk\\\/farvel-til-en-pioner\\\/\",\"url\":\"https:\\\/\\\/www.interforce.dk\\\/farvel-til-en-pioner\\\/\",\"name\":\"Farvel til en pion\u00e9r - InterForce\",\"isPartOf\":{\"@id\":\"https:\\\/\\\/www.interforce.dk\\\/#website\"},\"primaryImageOfPage\":{\"@id\":\"https:\\\/\\\/www.interforce.dk\\\/farvel-til-en-pioner\\\/#primaryimage\"},\"image\":{\"@id\":\"https:\\\/\\\/www.interforce.dk\\\/farvel-til-en-pioner\\\/#primaryimage\"},\"thumbnailUrl\":\"https:\\\/\\\/www.interforce.dk\\\/app\\\/uploads\\\/2019\\\/06\\\/images_0.png\",\"datePublished\":\"2018-10-08T12:53:13+00:00\",\"dateModified\":\"2020-02-12T08:28:37+00:00\",\"author\":{\"@id\":\"https:\\\/\\\/www.interforce.dk\\\/#\\\/schema\\\/person\\\/e0192b63d0a5b8f69ae146e87f7116fb\"},\"breadcrumb\":{\"@id\":\"https:\\\/\\\/www.interforce.dk\\\/farvel-til-en-pioner\\\/#breadcrumb\"},\"inLanguage\":\"kl-GL\",\"potentialAction\":[{\"@type\":\"ReadAction\",\"target\":[\"https:\\\/\\\/www.interforce.dk\\\/farvel-til-en-pioner\\\/\"]}]},{\"@type\":\"ImageObject\",\"inLanguage\":\"kl-GL\",\"@id\":\"https:\\\/\\\/www.interforce.dk\\\/farvel-til-en-pioner\\\/#primaryimage\",\"url\":\"https:\\\/\\\/www.interforce.dk\\\/app\\\/uploads\\\/2019\\\/06\\\/images_0.png\",\"contentUrl\":\"https:\\\/\\\/www.interforce.dk\\\/app\\\/uploads\\\/2019\\\/06\\\/images_0.png\",\"width\":249,\"height\":202,\"caption\":\"Oberst Jens Christian Lund blev 73 \u00e5r gammel. Foto: Parkinsonforeningen.\"},{\"@type\":\"BreadcrumbList\",\"@id\":\"https:\\\/\\\/www.interforce.dk\\\/farvel-til-en-pioner\\\/#breadcrumb\",\"itemListElement\":[{\"@type\":\"ListItem\",\"position\":1,\"name\":\"Hjem\",\"item\":\"https:\\\/\\\/www.interforce.dk\\\/\"},{\"@type\":\"ListItem\",\"position\":2,\"name\":\"Farvel til en pion\u00e9r\"}]},{\"@type\":\"WebSite\",\"@id\":\"https:\\\/\\\/www.interforce.dk\\\/#website\",\"url\":\"https:\\\/\\\/www.interforce.dk\\\/\",\"name\":\"InterForce\",\"description\":\"\",\"potentialAction\":[{\"@type\":\"SearchAction\",\"target\":{\"@type\":\"EntryPoint\",\"urlTemplate\":\"https:\\\/\\\/www.interforce.dk\\\/?s={search_term_string}\"},\"query-input\":{\"@type\":\"PropertyValueSpecification\",\"valueRequired\":true,\"valueName\":\"search_term_string\"}}],\"inLanguage\":\"kl-GL\"},{\"@type\":\"Person\",\"@id\":\"https:\\\/\\\/www.interforce.dk\\\/#\\\/schema\\\/person\\\/e0192b63d0a5b8f69ae146e87f7116fb\",\"name\":\"InterForce\",\"image\":{\"@type\":\"ImageObject\",\"inLanguage\":\"kl-GL\",\"@id\":\"https:\\\/\\\/secure.gravatar.com\\\/avatar\\\/2ca4b79c0fb3239b8666089682925a48076b8ca78fd38cf279aa4345189a33e3?s=96&d=mm&r=g\",\"url\":\"https:\\\/\\\/secure.gravatar.com\\\/avatar\\\/2ca4b79c0fb3239b8666089682925a48076b8ca78fd38cf279aa4345189a33e3?s=96&d=mm&r=g\",\"contentUrl\":\"https:\\\/\\\/secure.gravatar.com\\\/avatar\\\/2ca4b79c0fb3239b8666089682925a48076b8ca78fd38cf279aa4345189a33e3?s=96&d=mm&r=g\",\"caption\":\"InterForce\"},\"sameAs\":[\"https:\\\/\\\/www.interforce.dk\"],\"url\":\"https:\\\/\\\/www.interforce.dk\\\/kl\\\/author\\\/interforce\\\/\"}]}<\/script>\n<!-- \/ Yoast SEO plugin. -->","yoast_head_json":{"title":"Farvel til en pion\u00e9r - InterForce","robots":{"index":"index","follow":"follow","max-snippet":"max-snippet:-1","max-image-preview":"max-image-preview:large","max-video-preview":"max-video-preview:-1"},"canonical":"https:\/\/www.interforce.dk\/kl\/farvel-til-en-pioner\/","og_locale":"en_US","og_type":"article","og_title":"Farvel til en pion\u00e9r - InterForce","og_description":"Vildsvin p\u00e5 kasernen","og_url":"https:\/\/www.interforce.dk\/kl\/farvel-til-en-pioner\/","og_site_name":"InterForce","article_published_time":"2018-10-08T12:53:13+00:00","article_modified_time":"2020-02-12T08:28:37+00:00","og_image":[{"width":249,"height":202,"url":"https:\/\/www.interforce.dk\/app\/uploads\/2019\/06\/images_0.png","type":"image\/png"}],"author":"InterForce","twitter_card":"summary_large_image","twitter_misc":{"Written by":"InterForce","Est. reading time":"2 minutes"},"schema":{"@context":"https:\/\/schema.org","@graph":[{"@type":"Article","@id":"https:\/\/www.interforce.dk\/farvel-til-en-pioner\/#article","isPartOf":{"@id":"https:\/\/www.interforce.dk\/farvel-til-en-pioner\/"},"author":{"name":"InterForce","@id":"https:\/\/www.interforce.dk\/#\/schema\/person\/e0192b63d0a5b8f69ae146e87f7116fb"},"headline":"Farvel til en pion\u00e9r","datePublished":"2018-10-08T12:53:13+00:00","dateModified":"2020-02-12T08:28:37+00:00","mainEntityOfPage":{"@id":"https:\/\/www.interforce.dk\/farvel-til-en-pioner\/"},"wordCount":455,"image":{"@id":"https:\/\/www.interforce.dk\/farvel-til-en-pioner\/#primaryimage"},"thumbnailUrl":"https:\/\/www.interforce.dk\/app\/uploads\/2019\/06\/images_0.png","articleSection":["Nyheder om InterForce"],"inLanguage":"kl-GL"},{"@type":"WebPage","@id":"https:\/\/www.interforce.dk\/farvel-til-en-pioner\/","url":"https:\/\/www.interforce.dk\/farvel-til-en-pioner\/","name":"Farvel til en pion\u00e9r - InterForce","isPartOf":{"@id":"https:\/\/www.interforce.dk\/#website"},"primaryImageOfPage":{"@id":"https:\/\/www.interforce.dk\/farvel-til-en-pioner\/#primaryimage"},"image":{"@id":"https:\/\/www.interforce.dk\/farvel-til-en-pioner\/#primaryimage"},"thumbnailUrl":"https:\/\/www.interforce.dk\/app\/uploads\/2019\/06\/images_0.png","datePublished":"2018-10-08T12:53:13+00:00","dateModified":"2020-02-12T08:28:37+00:00","author":{"@id":"https:\/\/www.interforce.dk\/#\/schema\/person\/e0192b63d0a5b8f69ae146e87f7116fb"},"breadcrumb":{"@id":"https:\/\/www.interforce.dk\/farvel-til-en-pioner\/#breadcrumb"},"inLanguage":"kl-GL","potentialAction":[{"@type":"ReadAction","target":["https:\/\/www.interforce.dk\/farvel-til-en-pioner\/"]}]},{"@type":"ImageObject","inLanguage":"kl-GL","@id":"https:\/\/www.interforce.dk\/farvel-til-en-pioner\/#primaryimage","url":"https:\/\/www.interforce.dk\/app\/uploads\/2019\/06\/images_0.png","contentUrl":"https:\/\/www.interforce.dk\/app\/uploads\/2019\/06\/images_0.png","width":249,"height":202,"caption":"Oberst Jens Christian Lund blev 73 \u00e5r gammel. Foto: Parkinsonforeningen."},{"@type":"BreadcrumbList","@id":"https:\/\/www.interforce.dk\/farvel-til-en-pioner\/#breadcrumb","itemListElement":[{"@type":"ListItem","position":1,"name":"Hjem","item":"https:\/\/www.interforce.dk\/"},{"@type":"ListItem","position":2,"name":"Farvel til en pion\u00e9r"}]},{"@type":"WebSite","@id":"https:\/\/www.interforce.dk\/#website","url":"https:\/\/www.interforce.dk\/","name":"InterForce","description":"","potentialAction":[{"@type":"SearchAction","target":{"@type":"EntryPoint","urlTemplate":"https:\/\/www.interforce.dk\/?s={search_term_string}"},"query-input":{"@type":"PropertyValueSpecification","valueRequired":true,"valueName":"search_term_string"}}],"inLanguage":"kl-GL"},{"@type":"Person","@id":"https:\/\/www.interforce.dk\/#\/schema\/person\/e0192b63d0a5b8f69ae146e87f7116fb","name":"InterForce","image":{"@type":"ImageObject","inLanguage":"kl-GL","@id":"https:\/\/secure.gravatar.com\/avatar\/2ca4b79c0fb3239b8666089682925a48076b8ca78fd38cf279aa4345189a33e3?s=96&d=mm&r=g","url":"https:\/\/secure.gravatar.com\/avatar\/2ca4b79c0fb3239b8666089682925a48076b8ca78fd38cf279aa4345189a33e3?s=96&d=mm&r=g","contentUrl":"https:\/\/secure.gravatar.com\/avatar\/2ca4b79c0fb3239b8666089682925a48076b8ca78fd38cf279aa4345189a33e3?s=96&d=mm&r=g","caption":"InterForce"},"sameAs":["https:\/\/www.interforce.dk"],"url":"https:\/\/www.interforce.dk\/kl\/author\/interforce\/"}]}},"_links":{"self":[{"href":"https:\/\/www.interforce.dk\/kl\/wp-json\/wp\/v2\/posts\/794","targetHints":{"allow":["GET"]}}],"collection":[{"href":"https:\/\/www.interforce.dk\/kl\/wp-json\/wp\/v2\/posts"}],"about":[{"href":"https:\/\/www.interforce.dk\/kl\/wp-json\/wp\/v2\/types\/post"}],"author":[{"embeddable":true,"href":"https:\/\/www.interforce.dk\/kl\/wp-json\/wp\/v2\/users\/2"}],"replies":[{"embeddable":true,"href":"https:\/\/www.interforce.dk\/kl\/wp-json\/wp\/v2\/comments?post=794"}],"version-history":[{"count":0,"href":"https:\/\/www.interforce.dk\/kl\/wp-json\/wp\/v2\/posts\/794\/revisions"}],"wp:featuredmedia":[{"embeddable":true,"href":"https:\/\/www.interforce.dk\/kl\/wp-json\/wp\/v2\/media\/795"}],"wp:attachment":[{"href":"https:\/\/www.interforce.dk\/kl\/wp-json\/wp\/v2\/media?parent=794"}],"wp:term":[{"taxonomy":"category","embeddable":true,"href":"https:\/\/www.interforce.dk\/kl\/wp-json\/wp\/v2\/categories?post=794"},{"taxonomy":"post_tag","embeddable":true,"href":"https:\/\/www.interforce.dk\/kl\/wp-json\/wp\/v2\/tags?post=794"}],"curies":[{"name":"wp","href":"https:\/\/api.w.org\/{rel}","templated":true}]}}