{"id":787,"date":"2018-09-25T12:42:49","date_gmt":"2018-09-25T12:42:49","guid":{"rendered":"https:\/\/www.interforce.dk\/?p=787"},"modified":"2020-02-13T12:18:35","modified_gmt":"2020-02-13T12:18:35","slug":"veteranforening-fylder-rundt","status":"publish","type":"post","link":"https:\/\/www.interforce.dk\/kl\/veteranforening-fylder-rundt\/","title":{"rendered":"Veteranforening fylder rundt"},"content":{"rendered":"<div class=\"block core-block core-block--paragraph\">\n      <div class=\"inner inner--small\">\n      \n<p><em>Landets st\u00f8rste veteranforening, Danmarks Veteraner, blev stiftet den 26. oktober 1968. P\u00e5 50-\u00e5rs jubil\u00e6umsdagen er alle landets veteraner inviteret til jubil\u00e6umsfest. Mange danske veteraner er stadig en del af Reserven eller frivillige i Hjemmev\u00e6rnet \u2013 samlet kaldet Reservestyrken.<\/em><\/p>\n\n      <\/div>\n  <\/div>\n<div class=\"block core-block core-block--paragraph\">\n      <div class=\"inner inner--small\">\n      \n<p>Af Morten Fredslund<\/p>\n\n      <\/div>\n  <\/div>\n<div class=\"block core-block core-block--paragraph\">\n      <div class=\"inner inner--small\">\n      \n<p>Det er i dag officielt sidste frist for tilmelding til Danmarks Veteraners jubil\u00e6umsfest- og st\u00e6vne, der finder sted p\u00e5 Ryes Kaserne de 26. oktober.<\/p>\n\n      <\/div>\n  <\/div>\n<div class=\"block core-block core-block--paragraph\">\n      <div class=\"inner inner--small\">\n      \n<p>Danmarks Veteraner blev stiftet som FN Soldaterforeningen De Bl\u00e5 Baretter p\u00e5 foranledning af Richard Buxbom og Torben Alstrup Nielsen den 26. oktober 1968 i Fredericia. I 2016 skiftede foreningen navn til Danmarks Veteraner.<\/p>\n\n      <\/div>\n  <\/div>\n<div class=\"block core-block core-block--paragraph\">\n      <div class=\"inner inner--small\">\n      \n<p>\u201dNavn\u00e6ndringen var en naturlig f\u00f8lge af, at Danmarks engagement i internationale missioner i stort omfang ogs\u00e5 bliver gennemf\u00f8rt i rammen af andre internationale organisationer end FN,\u201d siger Per Amnitzb\u00f8l Rasmussen, der er formand for FN Museet, som ogs\u00e5 vil v\u00e6re tilstede ved jubil\u00e6umsarrangementet med en s\u00e6rudstilling om dansk international indsats.<\/p>\n\n      <\/div>\n  <\/div>\n<div class=\"block core-block core-block--paragraph\">\n      <div class=\"inner inner--small\">\n      \n<p><strong>Prins Joachim er \u00e6resg\u00e6st og hovedtaler<\/strong><\/p>\n\n      <\/div>\n  <\/div>\n<div class=\"block core-block core-block--paragraph\">\n      <div class=\"inner inner--small\">\n      \n<p>Omkring 65.000 danskere har status som veteran efter at have v\u00e6ret udsendt i en international mission. En stor del af veteranerne er fortsat tilknyttet Reservestyrken &#8211; enten som frivillige i Hjemmev\u00e6rnet eller som en del af forsvarets Reserve.<\/p>\n\n      <\/div>\n  <\/div>\n<div class=\"block core-block core-block--paragraph\">\n      <div class=\"inner inner--small\">\n      \n<p>Danmarks Veteraner har i dag ca. 3.200 medlemmer og 22 lokalforeninger fordelt i hele Danmark og p\u00e5 F\u00e6r\u00f8erne. H.K.H. Prins Joachim er protektor for Danmarks Veteraner, og prinsen er s\u00e5vel \u00e6resg\u00e6st som hovedtaler ved 50-\u00e5rs jubil\u00e6umsarrangementet den 26. oktober.<\/p>\n\n      <\/div>\n  <\/div>\n<div class=\"block core-block core-block--image align-center\">\n      <div class=\"inner inner--small\">\n      \n<div class=\"wp-block-image\"><figure class=\"aligncenter is-resized\"><img loading=\"lazy\" decoding=\"async\" src=\"\/app\/uploads\/2019\/06\/11D35746_5_0.jpg\" alt=\"\" class=\"wp-image-788\" width=\"649\" height=\"432\" srcset=\"https:\/\/www.interforce.dk\/app\/uploads\/2019\/06\/11D35746_5_0.jpg 600w, https:\/\/www.interforce.dk\/app\/uploads\/2019\/06\/11D35746_5_0-300x200.jpg 300w\" sizes=\"auto, (max-width: 649px) 100vw, 649px\" \/><figcaption>65.000 danskere har siden 1948 v\u00e6ret udsendt til en international mission. 3.200 af dem er medlem af Danmarks Veteraner, der den 26. oktober holder 50-\u00e5rs jubil\u00e6umsst\u00e6vne- og fest p\u00e5 Ryes Kaserne i Fredericia. Alle veteraner er velkomne.<br>Arkivfoto: Morten Fredslund&nbsp;<\/figcaption><\/figure><\/div>\n\n      <\/div>\n  <\/div>\n<div class=\"block core-block core-block--paragraph\">\n      <div class=\"inner inner--small\">\n      \n<p>Til arrangementet i Fredericia inviterer Danmarks Veteraner alle veteraner fra de tre v\u00e6rn af Forsvaret samt Hjemmev\u00e6rnet, Beredskabsstyrelsen, politiet, Civile myndigheder m.fl., til at deltage og m\u00f8des med kammerater og kollegaer fra dengang, de var udsendt til en mission et eller andet sted i verden. Man beh\u00f8ver s\u00e5ledes ikke at v\u00e6re medlem af Danmarks Veteraner for at deltage.<\/p>\n\n      <\/div>\n  <\/div>\n<div class=\"block core-block core-block--paragraph\">\n      <div class=\"inner inner--small\">\n      \n<p>Programmet omfatter blandt andet parade, jubil\u00e6umstaler, dekorering med 50 \u00e5rs mindemedaljer m.v., og reception. Arrangementet afsluttes med koncert med danske Guns N\u2019Roses Jam og festfyrv\u00e6rkeri. Der kr\u00e6ves billet til koncerten.<\/p>\n\n      <\/div>\n  <\/div>\n<div class=\"block core-block core-block--paragraph\">\n      <div class=\"inner inner--small\">\n      \n<p>\u201dSkulle man v\u00e6re sent ude, kan man efter i dag n\u00e5 at tilmelde sig arrangement ved at kontakte landsforeningen via danmarksveteraner.dk eller Carl \u00c5kerlund p\u00e5&nbsp;<a href=\"mailto:caa@danmarksveteraner.dk\">caa@danmarksveteraner.dk<\/a>,\u201d siger Per Amnitzb\u00f8ll Rasmussen.&nbsp;<\/p>\n\n      <\/div>\n  <\/div>","protected":false},"excerpt":{"rendered":"Prins Joachim er \u00e6resg\u00e6st og hovedtaler...","protected":false},"author":2,"featured_media":788,"comment_status":"closed","ping_status":"closed","sticky":false,"template":"","format":"standard","meta":{"_acf_changed":false,"footnotes":""},"categories":[94],"tags":[],"class_list":["post-787","post","type-post","status-publish","format-standard","has-post-thumbnail","hentry","category-andet-nyt"],"acf":[],"yoast_head":"<!-- This site is optimized with the Yoast SEO plugin v27.3 - https:\/\/yoast.com\/product\/yoast-seo-wordpress\/ -->\n<title>Veteranforening fylder rundt - InterForce<\/title>\n<meta name=\"robots\" content=\"index, follow, max-snippet:-1, max-image-preview:large, max-video-preview:-1\" \/>\n<link rel=\"canonical\" href=\"https:\/\/www.interforce.dk\/kl\/veteranforening-fylder-rundt\/\" \/>\n<meta property=\"og:locale\" content=\"en_US\" \/>\n<meta property=\"og:type\" content=\"article\" \/>\n<meta property=\"og:title\" content=\"Veteranforening fylder rundt - InterForce\" \/>\n<meta property=\"og:description\" content=\"Prins Joachim er \u00e6resg\u00e6st og hovedtaler\" \/>\n<meta property=\"og:url\" content=\"https:\/\/www.interforce.dk\/kl\/veteranforening-fylder-rundt\/\" \/>\n<meta property=\"og:site_name\" content=\"InterForce\" \/>\n<meta property=\"article:published_time\" content=\"2018-09-25T12:42:49+00:00\" \/>\n<meta property=\"article:modified_time\" content=\"2020-02-13T12:18:35+00:00\" \/>\n<meta property=\"og:image\" content=\"https:\/\/www.interforce.dk\/app\/uploads\/2019\/06\/11D35746_5_0.jpg\" \/>\n\t<meta property=\"og:image:width\" content=\"600\" \/>\n\t<meta property=\"og:image:height\" content=\"400\" \/>\n\t<meta property=\"og:image:type\" content=\"image\/jpeg\" \/>\n<meta name=\"author\" content=\"InterForce\" \/>\n<meta name=\"twitter:card\" content=\"summary_large_image\" \/>\n<meta name=\"twitter:label1\" content=\"Written by\" \/>\n\t<meta name=\"twitter:data1\" content=\"InterForce\" \/>\n\t<meta name=\"twitter:label2\" content=\"Est. reading time\" \/>\n\t<meta name=\"twitter:data2\" content=\"2 minutes\" \/>\n<script type=\"application\/ld+json\" class=\"yoast-schema-graph\">{\"@context\":\"https:\\\/\\\/schema.org\",\"@graph\":[{\"@type\":\"Article\",\"@id\":\"https:\\\/\\\/www.interforce.dk\\\/veteranforening-fylder-rundt\\\/#article\",\"isPartOf\":{\"@id\":\"https:\\\/\\\/www.interforce.dk\\\/veteranforening-fylder-rundt\\\/\"},\"author\":{\"name\":\"InterForce\",\"@id\":\"https:\\\/\\\/www.interforce.dk\\\/#\\\/schema\\\/person\\\/e0192b63d0a5b8f69ae146e87f7116fb\"},\"headline\":\"Veteranforening fylder rundt\",\"datePublished\":\"2018-09-25T12:42:49+00:00\",\"dateModified\":\"2020-02-13T12:18:35+00:00\",\"mainEntityOfPage\":{\"@id\":\"https:\\\/\\\/www.interforce.dk\\\/veteranforening-fylder-rundt\\\/\"},\"wordCount\":425,\"image\":{\"@id\":\"https:\\\/\\\/www.interforce.dk\\\/veteranforening-fylder-rundt\\\/#primaryimage\"},\"thumbnailUrl\":\"https:\\\/\\\/www.interforce.dk\\\/app\\\/uploads\\\/2019\\\/06\\\/11D35746_5_0.jpg\",\"articleSection\":[\"Andet nyt\"],\"inLanguage\":\"kl-GL\"},{\"@type\":\"WebPage\",\"@id\":\"https:\\\/\\\/www.interforce.dk\\\/veteranforening-fylder-rundt\\\/\",\"url\":\"https:\\\/\\\/www.interforce.dk\\\/veteranforening-fylder-rundt\\\/\",\"name\":\"Veteranforening fylder rundt - InterForce\",\"isPartOf\":{\"@id\":\"https:\\\/\\\/www.interforce.dk\\\/#website\"},\"primaryImageOfPage\":{\"@id\":\"https:\\\/\\\/www.interforce.dk\\\/veteranforening-fylder-rundt\\\/#primaryimage\"},\"image\":{\"@id\":\"https:\\\/\\\/www.interforce.dk\\\/veteranforening-fylder-rundt\\\/#primaryimage\"},\"thumbnailUrl\":\"https:\\\/\\\/www.interforce.dk\\\/app\\\/uploads\\\/2019\\\/06\\\/11D35746_5_0.jpg\",\"datePublished\":\"2018-09-25T12:42:49+00:00\",\"dateModified\":\"2020-02-13T12:18:35+00:00\",\"author\":{\"@id\":\"https:\\\/\\\/www.interforce.dk\\\/#\\\/schema\\\/person\\\/e0192b63d0a5b8f69ae146e87f7116fb\"},\"breadcrumb\":{\"@id\":\"https:\\\/\\\/www.interforce.dk\\\/veteranforening-fylder-rundt\\\/#breadcrumb\"},\"inLanguage\":\"kl-GL\",\"potentialAction\":[{\"@type\":\"ReadAction\",\"target\":[\"https:\\\/\\\/www.interforce.dk\\\/veteranforening-fylder-rundt\\\/\"]}]},{\"@type\":\"ImageObject\",\"inLanguage\":\"kl-GL\",\"@id\":\"https:\\\/\\\/www.interforce.dk\\\/veteranforening-fylder-rundt\\\/#primaryimage\",\"url\":\"https:\\\/\\\/www.interforce.dk\\\/app\\\/uploads\\\/2019\\\/06\\\/11D35746_5_0.jpg\",\"contentUrl\":\"https:\\\/\\\/www.interforce.dk\\\/app\\\/uploads\\\/2019\\\/06\\\/11D35746_5_0.jpg\",\"width\":600,\"height\":400,\"caption\":\"65.000 danskere har siden 1948 v\u00e6ret udsendt til en international mission. 3.200 af dem er medlem af Danmarks Veteraner, der den 26. oktober holder 50-\u00e5rs jubil\u00e6umsst\u00e6vne- og fest p\u00e5 Ryes Kaserne i Fredericia. Alle veteraner er velkomne. Arkivfoto: Morten Fredslund\"},{\"@type\":\"BreadcrumbList\",\"@id\":\"https:\\\/\\\/www.interforce.dk\\\/veteranforening-fylder-rundt\\\/#breadcrumb\",\"itemListElement\":[{\"@type\":\"ListItem\",\"position\":1,\"name\":\"Hjem\",\"item\":\"https:\\\/\\\/www.interforce.dk\\\/\"},{\"@type\":\"ListItem\",\"position\":2,\"name\":\"Veteranforening fylder rundt\"}]},{\"@type\":\"WebSite\",\"@id\":\"https:\\\/\\\/www.interforce.dk\\\/#website\",\"url\":\"https:\\\/\\\/www.interforce.dk\\\/\",\"name\":\"InterForce\",\"description\":\"\",\"potentialAction\":[{\"@type\":\"SearchAction\",\"target\":{\"@type\":\"EntryPoint\",\"urlTemplate\":\"https:\\\/\\\/www.interforce.dk\\\/?s={search_term_string}\"},\"query-input\":{\"@type\":\"PropertyValueSpecification\",\"valueRequired\":true,\"valueName\":\"search_term_string\"}}],\"inLanguage\":\"kl-GL\"},{\"@type\":\"Person\",\"@id\":\"https:\\\/\\\/www.interforce.dk\\\/#\\\/schema\\\/person\\\/e0192b63d0a5b8f69ae146e87f7116fb\",\"name\":\"InterForce\",\"image\":{\"@type\":\"ImageObject\",\"inLanguage\":\"kl-GL\",\"@id\":\"https:\\\/\\\/secure.gravatar.com\\\/avatar\\\/2ca4b79c0fb3239b8666089682925a48076b8ca78fd38cf279aa4345189a33e3?s=96&d=mm&r=g\",\"url\":\"https:\\\/\\\/secure.gravatar.com\\\/avatar\\\/2ca4b79c0fb3239b8666089682925a48076b8ca78fd38cf279aa4345189a33e3?s=96&d=mm&r=g\",\"contentUrl\":\"https:\\\/\\\/secure.gravatar.com\\\/avatar\\\/2ca4b79c0fb3239b8666089682925a48076b8ca78fd38cf279aa4345189a33e3?s=96&d=mm&r=g\",\"caption\":\"InterForce\"},\"sameAs\":[\"https:\\\/\\\/www.interforce.dk\"],\"url\":\"https:\\\/\\\/www.interforce.dk\\\/kl\\\/author\\\/interforce\\\/\"}]}<\/script>\n<!-- \/ Yoast SEO plugin. -->","yoast_head_json":{"title":"Veteranforening fylder rundt - InterForce","robots":{"index":"index","follow":"follow","max-snippet":"max-snippet:-1","max-image-preview":"max-image-preview:large","max-video-preview":"max-video-preview:-1"},"canonical":"https:\/\/www.interforce.dk\/kl\/veteranforening-fylder-rundt\/","og_locale":"en_US","og_type":"article","og_title":"Veteranforening fylder rundt - InterForce","og_description":"Prins Joachim er \u00e6resg\u00e6st og hovedtaler","og_url":"https:\/\/www.interforce.dk\/kl\/veteranforening-fylder-rundt\/","og_site_name":"InterForce","article_published_time":"2018-09-25T12:42:49+00:00","article_modified_time":"2020-02-13T12:18:35+00:00","og_image":[{"width":600,"height":400,"url":"https:\/\/www.interforce.dk\/app\/uploads\/2019\/06\/11D35746_5_0.jpg","type":"image\/jpeg"}],"author":"InterForce","twitter_card":"summary_large_image","twitter_misc":{"Written by":"InterForce","Est. reading time":"2 minutes"},"schema":{"@context":"https:\/\/schema.org","@graph":[{"@type":"Article","@id":"https:\/\/www.interforce.dk\/veteranforening-fylder-rundt\/#article","isPartOf":{"@id":"https:\/\/www.interforce.dk\/veteranforening-fylder-rundt\/"},"author":{"name":"InterForce","@id":"https:\/\/www.interforce.dk\/#\/schema\/person\/e0192b63d0a5b8f69ae146e87f7116fb"},"headline":"Veteranforening fylder rundt","datePublished":"2018-09-25T12:42:49+00:00","dateModified":"2020-02-13T12:18:35+00:00","mainEntityOfPage":{"@id":"https:\/\/www.interforce.dk\/veteranforening-fylder-rundt\/"},"wordCount":425,"image":{"@id":"https:\/\/www.interforce.dk\/veteranforening-fylder-rundt\/#primaryimage"},"thumbnailUrl":"https:\/\/www.interforce.dk\/app\/uploads\/2019\/06\/11D35746_5_0.jpg","articleSection":["Andet nyt"],"inLanguage":"kl-GL"},{"@type":"WebPage","@id":"https:\/\/www.interforce.dk\/veteranforening-fylder-rundt\/","url":"https:\/\/www.interforce.dk\/veteranforening-fylder-rundt\/","name":"Veteranforening fylder rundt - InterForce","isPartOf":{"@id":"https:\/\/www.interforce.dk\/#website"},"primaryImageOfPage":{"@id":"https:\/\/www.interforce.dk\/veteranforening-fylder-rundt\/#primaryimage"},"image":{"@id":"https:\/\/www.interforce.dk\/veteranforening-fylder-rundt\/#primaryimage"},"thumbnailUrl":"https:\/\/www.interforce.dk\/app\/uploads\/2019\/06\/11D35746_5_0.jpg","datePublished":"2018-09-25T12:42:49+00:00","dateModified":"2020-02-13T12:18:35+00:00","author":{"@id":"https:\/\/www.interforce.dk\/#\/schema\/person\/e0192b63d0a5b8f69ae146e87f7116fb"},"breadcrumb":{"@id":"https:\/\/www.interforce.dk\/veteranforening-fylder-rundt\/#breadcrumb"},"inLanguage":"kl-GL","potentialAction":[{"@type":"ReadAction","target":["https:\/\/www.interforce.dk\/veteranforening-fylder-rundt\/"]}]},{"@type":"ImageObject","inLanguage":"kl-GL","@id":"https:\/\/www.interforce.dk\/veteranforening-fylder-rundt\/#primaryimage","url":"https:\/\/www.interforce.dk\/app\/uploads\/2019\/06\/11D35746_5_0.jpg","contentUrl":"https:\/\/www.interforce.dk\/app\/uploads\/2019\/06\/11D35746_5_0.jpg","width":600,"height":400,"caption":"65.000 danskere har siden 1948 v\u00e6ret udsendt til en international mission. 3.200 af dem er medlem af Danmarks Veteraner, der den 26. oktober holder 50-\u00e5rs jubil\u00e6umsst\u00e6vne- og fest p\u00e5 Ryes Kaserne i Fredericia. Alle veteraner er velkomne. Arkivfoto: Morten Fredslund"},{"@type":"BreadcrumbList","@id":"https:\/\/www.interforce.dk\/veteranforening-fylder-rundt\/#breadcrumb","itemListElement":[{"@type":"ListItem","position":1,"name":"Hjem","item":"https:\/\/www.interforce.dk\/"},{"@type":"ListItem","position":2,"name":"Veteranforening fylder rundt"}]},{"@type":"WebSite","@id":"https:\/\/www.interforce.dk\/#website","url":"https:\/\/www.interforce.dk\/","name":"InterForce","description":"","potentialAction":[{"@type":"SearchAction","target":{"@type":"EntryPoint","urlTemplate":"https:\/\/www.interforce.dk\/?s={search_term_string}"},"query-input":{"@type":"PropertyValueSpecification","valueRequired":true,"valueName":"search_term_string"}}],"inLanguage":"kl-GL"},{"@type":"Person","@id":"https:\/\/www.interforce.dk\/#\/schema\/person\/e0192b63d0a5b8f69ae146e87f7116fb","name":"InterForce","image":{"@type":"ImageObject","inLanguage":"kl-GL","@id":"https:\/\/secure.gravatar.com\/avatar\/2ca4b79c0fb3239b8666089682925a48076b8ca78fd38cf279aa4345189a33e3?s=96&d=mm&r=g","url":"https:\/\/secure.gravatar.com\/avatar\/2ca4b79c0fb3239b8666089682925a48076b8ca78fd38cf279aa4345189a33e3?s=96&d=mm&r=g","contentUrl":"https:\/\/secure.gravatar.com\/avatar\/2ca4b79c0fb3239b8666089682925a48076b8ca78fd38cf279aa4345189a33e3?s=96&d=mm&r=g","caption":"InterForce"},"sameAs":["https:\/\/www.interforce.dk"],"url":"https:\/\/www.interforce.dk\/kl\/author\/interforce\/"}]}},"_links":{"self":[{"href":"https:\/\/www.interforce.dk\/kl\/wp-json\/wp\/v2\/posts\/787","targetHints":{"allow":["GET"]}}],"collection":[{"href":"https:\/\/www.interforce.dk\/kl\/wp-json\/wp\/v2\/posts"}],"about":[{"href":"https:\/\/www.interforce.dk\/kl\/wp-json\/wp\/v2\/types\/post"}],"author":[{"embeddable":true,"href":"https:\/\/www.interforce.dk\/kl\/wp-json\/wp\/v2\/users\/2"}],"replies":[{"embeddable":true,"href":"https:\/\/www.interforce.dk\/kl\/wp-json\/wp\/v2\/comments?post=787"}],"version-history":[{"count":0,"href":"https:\/\/www.interforce.dk\/kl\/wp-json\/wp\/v2\/posts\/787\/revisions"}],"wp:featuredmedia":[{"embeddable":true,"href":"https:\/\/www.interforce.dk\/kl\/wp-json\/wp\/v2\/media\/788"}],"wp:attachment":[{"href":"https:\/\/www.interforce.dk\/kl\/wp-json\/wp\/v2\/media?parent=787"}],"wp:term":[{"taxonomy":"category","embeddable":true,"href":"https:\/\/www.interforce.dk\/kl\/wp-json\/wp\/v2\/categories?post=787"},{"taxonomy":"post_tag","embeddable":true,"href":"https:\/\/www.interforce.dk\/kl\/wp-json\/wp\/v2\/tags?post=787"}],"curies":[{"name":"wp","href":"https:\/\/api.w.org\/{rel}","templated":true}]}}