{"id":47,"date":"2018-11-24T12:28:22","date_gmt":"2018-11-24T12:28:22","guid":{"rendered":"https:\/\/www.interforce.dk\/?p=47"},"modified":"2020-02-12T08:23:52","modified_gmt":"2020-02-12T08:23:52","slug":"udsendt-dansk-fly-forpurrer-menneskesmugling-nyhed","status":"publish","type":"post","link":"https:\/\/www.interforce.dk\/kl\/udsendt-dansk-fly-forpurrer-menneskesmugling-nyhed\/","title":{"rendered":"Udsendt dansk fly forpurrer menneske-smugling"},"content":{"rendered":"<div class=\"block core-block core-block--paragraph\">\n      <div class=\"inner inner--small\">\n      \n<p><em>P\u00e5 flyets f\u00f8rste flyvning som udsendt bidrag til EU&#8217;s gr\u00e6nseagentur FRONTEX p\u00e5 Kreta, afsl\u00f8rede fly og mandskab en st\u00f8rre menneskesmuglingsoperation.<\/em><\/p>\n\n      <\/div>\n  <\/div>\n<div class=\"block core-block core-block--paragraph align-left\">\n      <div class=\"inner inner--small\">\n      \n<p class=\"has-text-align-left\">Det danske Challenger-fly og de ni udsendte medarbejdere opererer fra Kreta, hvorfra de siden den 1. november har fl\u00f8jet missioner for FRONTEX, det europ\u00e6iske gr\u00e6nseagentur.&nbsp;Bes\u00e6tningen p\u00e5 det danske fly, der i \u00f8jeblikket patruljerer over Middelhavet, opdagede p\u00e5 deres f\u00f8rste tur en stor gruppe mennesker, som gemte sig i en skov p\u00e5 den gr\u00e6ske kyst. Det fremg\u00e5r af den seneste Mission Update p\u00e5 forsvaret.dk.<\/p>\n\n      <\/div>\n  <\/div>\n<div class=\"block core-block core-block--paragraph\">\n      <div class=\"inner inner--small\">\n      \n<p>Efterretninger indikerede, at de mange mennesker ventede p\u00e5 at blive taget ombord p\u00e5 et n\u00e6rliggende fart\u00f8j for at blive smuglet til Italien. De gr\u00e6ske myndigheder blev dirigeret til stedet, hvor det viste sig, at i alt 119 irakiske migranter opholdt sig.<\/p>\n\n      <\/div>\n  <\/div>\n<div class=\"block core-block core-block--paragraph\">\n      <div class=\"inner inner--small\">\n      \n<p>Otte formodede menneskesmuglere blev anholdt ved operationen, hvor ogs\u00e5 en lystyacht, to busser og en riffel blev beslaglagt, fremg\u00e5r det af forsvarets Mission Update.&nbsp;<\/p>\n\n      <\/div>\n  <\/div>\n<div class=\"block core-block core-block--image align-center\">\n      <div class=\"inner inner--small\">\n      \n<div class=\"wp-block-image\"><figure class=\"aligncenter is-resized\"><img loading=\"lazy\" decoding=\"async\" src=\"https:\/\/www.interforce.dk\/app\/uploads\/2018\/12\/MU-46-18-FRONTEX-2_0.jpg\" alt=\"\" class=\"wp-image-115\" width=\"759\" height=\"426\" srcset=\"https:\/\/www.interforce.dk\/app\/uploads\/2018\/12\/MU-46-18-FRONTEX-2_0.jpg 559w, https:\/\/www.interforce.dk\/app\/uploads\/2018\/12\/MU-46-18-FRONTEX-2_0-300x169.jpg 300w\" sizes=\"auto, (max-width: 759px) 100vw, 759px\" \/><figcaption>Otte formodede menneskesmulere blev anholdt efter, at det danske Challenger-fly havde spottet en stor gruppe migranter, dergemte sig i en skov p\u00e5 den gr\u00e6ske kyst.<em> Foto: Forsvaret.dk\/FRONTEX<\/em><\/figcaption><\/figure><\/div>\n\n      <\/div>\n  <\/div>\n<div class=\"block core-block core-block--heading\">\n      <div class=\"inner inner--small\">\n      \n<h3 class=\"wp-block-heading\"><strong>Hjemmev\u00e6rnsfly som muligt FRONTEX-bidrag<\/strong><\/h3>\n\n      <\/div>\n  <\/div>\n<div class=\"block core-block core-block--paragraph\">\n      <div class=\"inner inner--small\">\n      \n<p>Challenger-bidragets opgave er blandt andet at opdage migrantb\u00e5de og gr\u00e6nseoverskridende kriminalitet, som for eksempel menneskesmugling, narkosmugling, v\u00e5bensmugling og ulovligt fiskeri. Challenger-flyet vil desuden kunne indg\u00e5 i s\u00f8redningsopgaver, hvis der er behov for det. Flyet opererer over det gr\u00e6ske \u00f8hav.<\/p>\n\n      <\/div>\n  <\/div>\n<div class=\"block core-block core-block--paragraph\">\n      <div class=\"inner inner--small\">\n      \n<p>Opgaven varer denne gang frem til 30. november. Det er tredje gang i \u00e5r, at Danmark l\u00f8ser en FRONTEX-opgave med Challenger-flyet, men f\u00f8rste gang ud fra Gr\u00e6kenland.<\/p>\n\n      <\/div>\n  <\/div>\n<div class=\"block core-block core-block--paragraph\">\n      <div class=\"inner inner--small\">\n      \n<p>Bidraget har siden inds\u00e6ttelsen den 1. november til den 21. november fl\u00f8jet 14 missioner for FRONTEX.<\/p>\n\n      <\/div>\n  <\/div>\n<div class=\"block core-block core-block--paragraph\">\n      <div class=\"inner inner--small\">\n      \n<p>Som tidligere omtalt p\u00e5 interforce.dk \u00f8nsker regeringen at styrke Danmarks bidrag&nbsp;til FRONTEX fra og med 2019, og Hjemmev\u00e6rnet unders\u00f8ger nu muligheden for at udsende et Defenderfly i 30 dage. En beslutning om at udsende et Defender-flybidrag vil blandt andet v\u00e6re afh\u00e6ngig af en accept fra FRONTEX.&nbsp;<\/p>\n\n      <\/div>\n  <\/div>\n<div class=\"block core-block core-block--paragraph\">\n      <div class=\"inner inner--small\">\n      \n<p>70 frivillige hjemmev\u00e6rnssoldater i Eskadrille 270 bruger deres fritid p\u00e5 at bestride de skemalagte 24-timers beredskabsvagter p\u00e5 Flyverhjemmev\u00e6rnets overv\u00e5gningsfly.&nbsp;De to Defenderfly er udstyret med en sensorpakke, som g\u00f8r dem i stand til at l\u00f8se opgaver b\u00e5de nat og dag.&nbsp;<br><\/p>\n\n      <\/div>\n  <\/div>","protected":false},"excerpt":{"rendered":"Bidraget med 14 missioner for FRONTEX....","protected":false},"author":2,"featured_media":115,"comment_status":"closed","ping_status":"closed","sticky":false,"template":"","format":"standard","meta":{"_acf_changed":false,"footnotes":""},"categories":[50],"tags":[],"class_list":["post-47","post","type-post","status-publish","format-standard","has-post-thumbnail","hentry","category-flyvevaabnet"],"acf":[],"yoast_head":"<!-- This site is optimized with the Yoast SEO plugin v27.3 - https:\/\/yoast.com\/product\/yoast-seo-wordpress\/ -->\n<title>Udsendt dansk fly forpurrer menneske-smugling - InterForce<\/title>\n<meta name=\"robots\" content=\"index, follow, max-snippet:-1, max-image-preview:large, max-video-preview:-1\" \/>\n<link rel=\"canonical\" href=\"https:\/\/www.interforce.dk\/kl\/udsendt-dansk-fly-forpurrer-menneskesmugling-nyhed\/\" \/>\n<meta property=\"og:locale\" content=\"en_US\" \/>\n<meta property=\"og:type\" content=\"article\" \/>\n<meta property=\"og:title\" content=\"Udsendt dansk fly forpurrer menneske-smugling - InterForce\" \/>\n<meta property=\"og:description\" content=\"Bidraget med 14 missioner for FRONTEX.\" \/>\n<meta property=\"og:url\" content=\"https:\/\/www.interforce.dk\/kl\/udsendt-dansk-fly-forpurrer-menneskesmugling-nyhed\/\" \/>\n<meta property=\"og:site_name\" content=\"InterForce\" \/>\n<meta property=\"article:published_time\" content=\"2018-11-24T12:28:22+00:00\" \/>\n<meta property=\"article:modified_time\" content=\"2020-02-12T08:23:52+00:00\" \/>\n<meta property=\"og:image\" content=\"https:\/\/www.interforce.dk\/app\/uploads\/2018\/12\/MU-46-18-FRONTEX-2_0.jpg\" \/>\n\t<meta property=\"og:image:width\" content=\"559\" \/>\n\t<meta property=\"og:image:height\" content=\"314\" \/>\n\t<meta property=\"og:image:type\" content=\"image\/jpeg\" \/>\n<meta name=\"author\" content=\"InterForce\" \/>\n<meta name=\"twitter:card\" content=\"summary_large_image\" \/>\n<meta name=\"twitter:label1\" content=\"Written by\" \/>\n\t<meta name=\"twitter:data1\" content=\"InterForce\" \/>\n\t<meta name=\"twitter:label2\" content=\"Est. reading time\" \/>\n\t<meta name=\"twitter:data2\" content=\"2 minutes\" \/>\n<script type=\"application\/ld+json\" class=\"yoast-schema-graph\">{\"@context\":\"https:\\\/\\\/schema.org\",\"@graph\":[{\"@type\":\"Article\",\"@id\":\"https:\\\/\\\/www.interforce.dk\\\/udsendt-dansk-fly-forpurrer-menneskesmugling-nyhed\\\/#article\",\"isPartOf\":{\"@id\":\"https:\\\/\\\/www.interforce.dk\\\/udsendt-dansk-fly-forpurrer-menneskesmugling-nyhed\\\/\"},\"author\":{\"name\":\"InterForce\",\"@id\":\"https:\\\/\\\/www.interforce.dk\\\/#\\\/schema\\\/person\\\/e0192b63d0a5b8f69ae146e87f7116fb\"},\"headline\":\"Udsendt dansk fly forpurrer menneske-smugling\",\"datePublished\":\"2018-11-24T12:28:22+00:00\",\"dateModified\":\"2020-02-12T08:23:52+00:00\",\"mainEntityOfPage\":{\"@id\":\"https:\\\/\\\/www.interforce.dk\\\/udsendt-dansk-fly-forpurrer-menneskesmugling-nyhed\\\/\"},\"wordCount\":392,\"image\":{\"@id\":\"https:\\\/\\\/www.interforce.dk\\\/udsendt-dansk-fly-forpurrer-menneskesmugling-nyhed\\\/#primaryimage\"},\"thumbnailUrl\":\"https:\\\/\\\/www.interforce.dk\\\/app\\\/uploads\\\/2018\\\/12\\\/MU-46-18-FRONTEX-2_0.jpg\",\"articleSection\":[\"Flyvev\u00e5bnet\"],\"inLanguage\":\"kl-GL\"},{\"@type\":\"WebPage\",\"@id\":\"https:\\\/\\\/www.interforce.dk\\\/udsendt-dansk-fly-forpurrer-menneskesmugling-nyhed\\\/\",\"url\":\"https:\\\/\\\/www.interforce.dk\\\/udsendt-dansk-fly-forpurrer-menneskesmugling-nyhed\\\/\",\"name\":\"Udsendt dansk fly forpurrer menneske-smugling - InterForce\",\"isPartOf\":{\"@id\":\"https:\\\/\\\/www.interforce.dk\\\/#website\"},\"primaryImageOfPage\":{\"@id\":\"https:\\\/\\\/www.interforce.dk\\\/udsendt-dansk-fly-forpurrer-menneskesmugling-nyhed\\\/#primaryimage\"},\"image\":{\"@id\":\"https:\\\/\\\/www.interforce.dk\\\/udsendt-dansk-fly-forpurrer-menneskesmugling-nyhed\\\/#primaryimage\"},\"thumbnailUrl\":\"https:\\\/\\\/www.interforce.dk\\\/app\\\/uploads\\\/2018\\\/12\\\/MU-46-18-FRONTEX-2_0.jpg\",\"datePublished\":\"2018-11-24T12:28:22+00:00\",\"dateModified\":\"2020-02-12T08:23:52+00:00\",\"author\":{\"@id\":\"https:\\\/\\\/www.interforce.dk\\\/#\\\/schema\\\/person\\\/e0192b63d0a5b8f69ae146e87f7116fb\"},\"breadcrumb\":{\"@id\":\"https:\\\/\\\/www.interforce.dk\\\/udsendt-dansk-fly-forpurrer-menneskesmugling-nyhed\\\/#breadcrumb\"},\"inLanguage\":\"kl-GL\",\"potentialAction\":[{\"@type\":\"ReadAction\",\"target\":[\"https:\\\/\\\/www.interforce.dk\\\/udsendt-dansk-fly-forpurrer-menneskesmugling-nyhed\\\/\"]}]},{\"@type\":\"ImageObject\",\"inLanguage\":\"kl-GL\",\"@id\":\"https:\\\/\\\/www.interforce.dk\\\/udsendt-dansk-fly-forpurrer-menneskesmugling-nyhed\\\/#primaryimage\",\"url\":\"https:\\\/\\\/www.interforce.dk\\\/app\\\/uploads\\\/2018\\\/12\\\/MU-46-18-FRONTEX-2_0.jpg\",\"contentUrl\":\"https:\\\/\\\/www.interforce.dk\\\/app\\\/uploads\\\/2018\\\/12\\\/MU-46-18-FRONTEX-2_0.jpg\",\"width\":559,\"height\":314,\"caption\":\"Otte formodede menneskesmulere blev anholdt efter, at det danske Challenger-fly havde spottet en stor gruppe migranter, der gemte sig i en skov p\u00e5 den gr\u00e6ske kyst. Foto: Forsvaret.dk\\\/FRONTEX\"},{\"@type\":\"BreadcrumbList\",\"@id\":\"https:\\\/\\\/www.interforce.dk\\\/udsendt-dansk-fly-forpurrer-menneskesmugling-nyhed\\\/#breadcrumb\",\"itemListElement\":[{\"@type\":\"ListItem\",\"position\":1,\"name\":\"Hjem\",\"item\":\"https:\\\/\\\/www.interforce.dk\\\/\"},{\"@type\":\"ListItem\",\"position\":2,\"name\":\"Udsendt dansk fly forpurrer menneske-smugling\"}]},{\"@type\":\"WebSite\",\"@id\":\"https:\\\/\\\/www.interforce.dk\\\/#website\",\"url\":\"https:\\\/\\\/www.interforce.dk\\\/\",\"name\":\"InterForce\",\"description\":\"\",\"potentialAction\":[{\"@type\":\"SearchAction\",\"target\":{\"@type\":\"EntryPoint\",\"urlTemplate\":\"https:\\\/\\\/www.interforce.dk\\\/?s={search_term_string}\"},\"query-input\":{\"@type\":\"PropertyValueSpecification\",\"valueRequired\":true,\"valueName\":\"search_term_string\"}}],\"inLanguage\":\"kl-GL\"},{\"@type\":\"Person\",\"@id\":\"https:\\\/\\\/www.interforce.dk\\\/#\\\/schema\\\/person\\\/e0192b63d0a5b8f69ae146e87f7116fb\",\"name\":\"InterForce\",\"image\":{\"@type\":\"ImageObject\",\"inLanguage\":\"kl-GL\",\"@id\":\"https:\\\/\\\/secure.gravatar.com\\\/avatar\\\/2ca4b79c0fb3239b8666089682925a48076b8ca78fd38cf279aa4345189a33e3?s=96&d=mm&r=g\",\"url\":\"https:\\\/\\\/secure.gravatar.com\\\/avatar\\\/2ca4b79c0fb3239b8666089682925a48076b8ca78fd38cf279aa4345189a33e3?s=96&d=mm&r=g\",\"contentUrl\":\"https:\\\/\\\/secure.gravatar.com\\\/avatar\\\/2ca4b79c0fb3239b8666089682925a48076b8ca78fd38cf279aa4345189a33e3?s=96&d=mm&r=g\",\"caption\":\"InterForce\"},\"sameAs\":[\"https:\\\/\\\/www.interforce.dk\"],\"url\":\"https:\\\/\\\/www.interforce.dk\\\/kl\\\/author\\\/interforce\\\/\"}]}<\/script>\n<!-- \/ Yoast SEO plugin. -->","yoast_head_json":{"title":"Udsendt dansk fly forpurrer menneske-smugling - InterForce","robots":{"index":"index","follow":"follow","max-snippet":"max-snippet:-1","max-image-preview":"max-image-preview:large","max-video-preview":"max-video-preview:-1"},"canonical":"https:\/\/www.interforce.dk\/kl\/udsendt-dansk-fly-forpurrer-menneskesmugling-nyhed\/","og_locale":"en_US","og_type":"article","og_title":"Udsendt dansk fly forpurrer menneske-smugling - InterForce","og_description":"Bidraget med 14 missioner for FRONTEX.","og_url":"https:\/\/www.interforce.dk\/kl\/udsendt-dansk-fly-forpurrer-menneskesmugling-nyhed\/","og_site_name":"InterForce","article_published_time":"2018-11-24T12:28:22+00:00","article_modified_time":"2020-02-12T08:23:52+00:00","og_image":[{"width":559,"height":314,"url":"https:\/\/www.interforce.dk\/app\/uploads\/2018\/12\/MU-46-18-FRONTEX-2_0.jpg","type":"image\/jpeg"}],"author":"InterForce","twitter_card":"summary_large_image","twitter_misc":{"Written by":"InterForce","Est. reading time":"2 minutes"},"schema":{"@context":"https:\/\/schema.org","@graph":[{"@type":"Article","@id":"https:\/\/www.interforce.dk\/udsendt-dansk-fly-forpurrer-menneskesmugling-nyhed\/#article","isPartOf":{"@id":"https:\/\/www.interforce.dk\/udsendt-dansk-fly-forpurrer-menneskesmugling-nyhed\/"},"author":{"name":"InterForce","@id":"https:\/\/www.interforce.dk\/#\/schema\/person\/e0192b63d0a5b8f69ae146e87f7116fb"},"headline":"Udsendt dansk fly forpurrer menneske-smugling","datePublished":"2018-11-24T12:28:22+00:00","dateModified":"2020-02-12T08:23:52+00:00","mainEntityOfPage":{"@id":"https:\/\/www.interforce.dk\/udsendt-dansk-fly-forpurrer-menneskesmugling-nyhed\/"},"wordCount":392,"image":{"@id":"https:\/\/www.interforce.dk\/udsendt-dansk-fly-forpurrer-menneskesmugling-nyhed\/#primaryimage"},"thumbnailUrl":"https:\/\/www.interforce.dk\/app\/uploads\/2018\/12\/MU-46-18-FRONTEX-2_0.jpg","articleSection":["Flyvev\u00e5bnet"],"inLanguage":"kl-GL"},{"@type":"WebPage","@id":"https:\/\/www.interforce.dk\/udsendt-dansk-fly-forpurrer-menneskesmugling-nyhed\/","url":"https:\/\/www.interforce.dk\/udsendt-dansk-fly-forpurrer-menneskesmugling-nyhed\/","name":"Udsendt dansk fly forpurrer menneske-smugling - InterForce","isPartOf":{"@id":"https:\/\/www.interforce.dk\/#website"},"primaryImageOfPage":{"@id":"https:\/\/www.interforce.dk\/udsendt-dansk-fly-forpurrer-menneskesmugling-nyhed\/#primaryimage"},"image":{"@id":"https:\/\/www.interforce.dk\/udsendt-dansk-fly-forpurrer-menneskesmugling-nyhed\/#primaryimage"},"thumbnailUrl":"https:\/\/www.interforce.dk\/app\/uploads\/2018\/12\/MU-46-18-FRONTEX-2_0.jpg","datePublished":"2018-11-24T12:28:22+00:00","dateModified":"2020-02-12T08:23:52+00:00","author":{"@id":"https:\/\/www.interforce.dk\/#\/schema\/person\/e0192b63d0a5b8f69ae146e87f7116fb"},"breadcrumb":{"@id":"https:\/\/www.interforce.dk\/udsendt-dansk-fly-forpurrer-menneskesmugling-nyhed\/#breadcrumb"},"inLanguage":"kl-GL","potentialAction":[{"@type":"ReadAction","target":["https:\/\/www.interforce.dk\/udsendt-dansk-fly-forpurrer-menneskesmugling-nyhed\/"]}]},{"@type":"ImageObject","inLanguage":"kl-GL","@id":"https:\/\/www.interforce.dk\/udsendt-dansk-fly-forpurrer-menneskesmugling-nyhed\/#primaryimage","url":"https:\/\/www.interforce.dk\/app\/uploads\/2018\/12\/MU-46-18-FRONTEX-2_0.jpg","contentUrl":"https:\/\/www.interforce.dk\/app\/uploads\/2018\/12\/MU-46-18-FRONTEX-2_0.jpg","width":559,"height":314,"caption":"Otte formodede menneskesmulere blev anholdt efter, at det danske Challenger-fly havde spottet en stor gruppe migranter, der gemte sig i en skov p\u00e5 den gr\u00e6ske kyst. Foto: Forsvaret.dk\/FRONTEX"},{"@type":"BreadcrumbList","@id":"https:\/\/www.interforce.dk\/udsendt-dansk-fly-forpurrer-menneskesmugling-nyhed\/#breadcrumb","itemListElement":[{"@type":"ListItem","position":1,"name":"Hjem","item":"https:\/\/www.interforce.dk\/"},{"@type":"ListItem","position":2,"name":"Udsendt dansk fly forpurrer menneske-smugling"}]},{"@type":"WebSite","@id":"https:\/\/www.interforce.dk\/#website","url":"https:\/\/www.interforce.dk\/","name":"InterForce","description":"","potentialAction":[{"@type":"SearchAction","target":{"@type":"EntryPoint","urlTemplate":"https:\/\/www.interforce.dk\/?s={search_term_string}"},"query-input":{"@type":"PropertyValueSpecification","valueRequired":true,"valueName":"search_term_string"}}],"inLanguage":"kl-GL"},{"@type":"Person","@id":"https:\/\/www.interforce.dk\/#\/schema\/person\/e0192b63d0a5b8f69ae146e87f7116fb","name":"InterForce","image":{"@type":"ImageObject","inLanguage":"kl-GL","@id":"https:\/\/secure.gravatar.com\/avatar\/2ca4b79c0fb3239b8666089682925a48076b8ca78fd38cf279aa4345189a33e3?s=96&d=mm&r=g","url":"https:\/\/secure.gravatar.com\/avatar\/2ca4b79c0fb3239b8666089682925a48076b8ca78fd38cf279aa4345189a33e3?s=96&d=mm&r=g","contentUrl":"https:\/\/secure.gravatar.com\/avatar\/2ca4b79c0fb3239b8666089682925a48076b8ca78fd38cf279aa4345189a33e3?s=96&d=mm&r=g","caption":"InterForce"},"sameAs":["https:\/\/www.interforce.dk"],"url":"https:\/\/www.interforce.dk\/kl\/author\/interforce\/"}]}},"_links":{"self":[{"href":"https:\/\/www.interforce.dk\/kl\/wp-json\/wp\/v2\/posts\/47","targetHints":{"allow":["GET"]}}],"collection":[{"href":"https:\/\/www.interforce.dk\/kl\/wp-json\/wp\/v2\/posts"}],"about":[{"href":"https:\/\/www.interforce.dk\/kl\/wp-json\/wp\/v2\/types\/post"}],"author":[{"embeddable":true,"href":"https:\/\/www.interforce.dk\/kl\/wp-json\/wp\/v2\/users\/2"}],"replies":[{"embeddable":true,"href":"https:\/\/www.interforce.dk\/kl\/wp-json\/wp\/v2\/comments?post=47"}],"version-history":[{"count":0,"href":"https:\/\/www.interforce.dk\/kl\/wp-json\/wp\/v2\/posts\/47\/revisions"}],"wp:featuredmedia":[{"embeddable":true,"href":"https:\/\/www.interforce.dk\/kl\/wp-json\/wp\/v2\/media\/115"}],"wp:attachment":[{"href":"https:\/\/www.interforce.dk\/kl\/wp-json\/wp\/v2\/media?parent=47"}],"wp:term":[{"taxonomy":"category","embeddable":true,"href":"https:\/\/www.interforce.dk\/kl\/wp-json\/wp\/v2\/categories?post=47"},{"taxonomy":"post_tag","embeddable":true,"href":"https:\/\/www.interforce.dk\/kl\/wp-json\/wp\/v2\/tags?post=47"}],"curies":[{"name":"wp","href":"https:\/\/api.w.org\/{rel}","templated":true}]}}