{"id":366,"date":"2018-10-14T10:01:16","date_gmt":"2018-10-14T10:01:16","guid":{"rendered":"https:\/\/www.interforce.dk\/?p=366"},"modified":"2020-02-12T08:27:48","modified_gmt":"2020-02-12T08:27:48","slug":"bornholmske-interforcestoetter-moedtes-til-jagt-i-raghammer","status":"publish","type":"post","link":"https:\/\/www.interforce.dk\/kl\/bornholmske-interforcestoetter-moedtes-til-jagt-i-raghammer\/","title":{"rendered":"Bornholmske InterForcest\u00f8tter m\u00f8dtes til jagt i Raghammer"},"content":{"rendered":"<div class=\"block core-block core-block--paragraph\">\n      <div class=\"inner inner--small\">\n      \n<p><strong>13. oktober 2018 afholdt InterForce Region Bornholm et jagtarrangement p\u00e5 Raghammer skydeterr\u00e6n.<\/strong><\/p>\n\n      <\/div>\n  <\/div>\n<div class=\"block core-block core-block--paragraph\">\n      <div class=\"inner inner--small\">\n      \n<p>Vejret var denne dag perfekt til ud\u00f8velse af jagt i det bornholmske terr\u00e6n. Solen skinnede fra start til slut fra en skyfri himmel. Alle deltagerne samledes pr\u00e6cis kl. 09.00 p\u00e5 g\u00e5rdspladsen ved Eskildsg\u00e5r efter at have indskrevet sig p\u00e5 deltagerlisten, og der var til denne jagt rigtigt flot fremm\u00f8de med 38 deltager og 10 hunde.<\/p>\n\n      <\/div>\n  <\/div>\n<div class=\"block core-block core-block--image\">\n      <div class=\"inner inner--small\">\n      \n<figure class=\"wp-block-image\"><img decoding=\"async\" src=\"https:\/\/www.interforce.dk\/sites\/default\/files\/1.%20Jagt%20p%C3%A5%20Raghammer%2013.%20oktober%202018.jpg\" alt=\"\"\/><\/figure>\n\n      <\/div>\n  <\/div>\n<div class=\"block core-block core-block--paragraph\">\n      <div class=\"inner inner--small\">\n      \n<p>Efter indskrivning og en lille forfriskning til at starte en sp\u00e6ndende dag p\u00e5, b\u00f8d oberstl\u00f8jtnant Holger Fuglsang-Damgaard velkommen, hvor der ogs\u00e5 blev informeret om InterForce og InterForce tanken med samarbejdet mellem Forsvaret, Hjjemmev\u00e6rnet, private og offentlige virksomheder.<\/p>\n\n      <\/div>\n  <\/div>\n<div class=\"block core-block core-block--image\">\n      <div class=\"inner inner--small\">\n      \n<figure class=\"wp-block-image\"><img decoding=\"async\" src=\"https:\/\/www.interforce.dk\/sites\/default\/files\/2.%20Jagt%20p%C3%A5%20Raghammer%2013.%20oktober%202018.jpg\" alt=\"\"\/><\/figure>\n\n      <\/div>\n  <\/div>\n<div class=\"block core-block core-block--paragraph\">\n      <div class=\"inner inner--small\">\n      \n<p>Herefter informerede major John Walther om planen for den kommende jagt og viste p\u00e5 den opsl\u00e5ede tegning over Raghammer, hvorledes opdeling af s\u00e5ter m.v. skulle foreg\u00e5.<\/p>\n\n      <\/div>\n  <\/div>\n<div class=\"block core-block core-block--image\">\n      <div class=\"inner inner--small\">\n      \n<figure class=\"wp-block-image is-resized\"><img loading=\"lazy\" decoding=\"async\" src=\"https:\/\/www.interforce.dk\/sites\/default\/files\/3.%20Jagt%20p%C3%A5%20Raghammer%2013.%20oktober%202018.jpg\" alt=\"\" width=\"581\" height=\"774\"\/><\/figure>\n\n      <\/div>\n  <\/div>\n<div class=\"block core-block core-block--paragraph\">\n      <div class=\"inner inner--small\">\n      \n<p>Efter denne introduktion blev jagten bl\u00e6st i gang og jagtdeltagerne forsvandt ud i terr\u00e6net.<\/p>\n\n      <\/div>\n  <\/div>\n<div class=\"block core-block core-block--paragraph\">\n      <div class=\"inner inner--small\">\n      \n<p>Allerede kl. 09.30 kort efter start h\u00f8rtes det f\u00f8rste skud og adskillige gange h\u00f8rtes skuddene runge fra forskellige afstande i den solrige efter\u00e5rsmorgen i det flotte terr\u00e6n p\u00e5 Raghammer. Hundes k\u00e5de g\u00f8en og r\u00e5b fra de deltagende j\u00e6gere kunne h\u00f8res, og man fornemmede at jagten forl\u00f8b godt.<\/p>\n\n      <\/div>\n  <\/div>\n<div class=\"block core-block core-block--image\">\n      <div class=\"inner inner--small\">\n      \n<figure class=\"wp-block-image\"><img decoding=\"async\" src=\"https:\/\/www.interforce.dk\/sites\/default\/files\/4.%20Jagt%20p%C3%A5%20Raghammer%2013.%20oktober%202018.jpg\" alt=\"\"\/><\/figure>\n\n      <\/div>\n  <\/div>\n<div class=\"block core-block core-block--paragraph\">\n      <div class=\"inner inner--small\">\n      \n<p>Efter 4 timers jagt vendte deltagerne tilbage til Eskildsg\u00e5rd p\u00e5 denne solbeskinnede efter\u00e5rsdag og kort tid efter ankom ogs\u00e5 bilen med det nedskudte bytte. Der blev skudt 5 stykker vildt, 6 harer, 1 fasan og 3 snepper p\u00e5 denne jagt i oktober.<\/p>\n\n      <\/div>\n  <\/div>\n<div class=\"block core-block core-block--image\">\n      <div class=\"inner inner--small\">\n      \n<figure class=\"wp-block-image\"><img decoding=\"async\" src=\"https:\/\/www.interforce.dk\/sites\/default\/files\/5%20.%20Jagt%20p%C3%A5%20Raghammer%2013.%20oktober%202018.jpg\" alt=\"\"\/><\/figure>\n\n      <\/div>\n  <\/div>\n<div class=\"block core-block core-block--paragraph\">\n      <div class=\"inner inner--small\">\n      \n<p>Deltagerne stillede herefter op til jagtparade p\u00e5 g\u00e5rdspladsen foran Eskildsg\u00e5rd.<\/p>\n\n      <\/div>\n  <\/div>\n<div class=\"block core-block core-block--paragraph\">\n      <div class=\"inner inner--small\">\n      \n<p>Herefter indtog deltagerne et passende jagtm\u00e5ltid, der blev sunget jagtsange og stemningen var i det hele taget rigtig god. Efter et godt samv\u00e6r og dr\u00f8ftelse p\u00e5 kryds og tv\u00e6rs af virksomhederne og deres deltagere sluttede arrangementet, som mange afslutningsvis tilkendegav havde v\u00e6ret meget tilfredsstillende.Delgaterne stilleder<\/p>\n\n      <\/div>\n  <\/div>","protected":false},"excerpt":{"rendered":"5 vildt, 6 harer, 1 fasan og 3 snepper...","protected":false},"author":2,"featured_media":389,"comment_status":"closed","ping_status":"closed","sticky":false,"template":"","format":"standard","meta":{"_acf_changed":false,"footnotes":""},"categories":[13],"tags":[14],"class_list":["post-366","post","type-post","status-publish","format-standard","has-post-thumbnail","hentry","category-events","tag-bornholm"],"acf":[],"yoast_head":"<!-- This site is optimized with the Yoast SEO plugin v27.3 - https:\/\/yoast.com\/product\/yoast-seo-wordpress\/ -->\n<title>Bornholmske InterForcest\u00f8tter m\u00f8dtes til jagt i Raghammer - InterForce<\/title>\n<meta name=\"robots\" content=\"index, follow, max-snippet:-1, max-image-preview:large, max-video-preview:-1\" \/>\n<link rel=\"canonical\" href=\"https:\/\/www.interforce.dk\/kl\/bornholmske-interforcestoetter-moedtes-til-jagt-i-raghammer\/\" \/>\n<meta property=\"og:locale\" content=\"en_US\" \/>\n<meta property=\"og:type\" content=\"article\" \/>\n<meta property=\"og:title\" content=\"Bornholmske InterForcest\u00f8tter m\u00f8dtes til jagt i Raghammer - InterForce\" \/>\n<meta property=\"og:description\" content=\"5 vildt, 6 harer, 1 fasan og 3 snepper\" \/>\n<meta property=\"og:url\" content=\"https:\/\/www.interforce.dk\/kl\/bornholmske-interforcestoetter-moedtes-til-jagt-i-raghammer\/\" \/>\n<meta property=\"og:site_name\" content=\"InterForce\" \/>\n<meta property=\"article:published_time\" content=\"2018-10-14T10:01:16+00:00\" \/>\n<meta property=\"article:modified_time\" content=\"2020-02-12T08:27:48+00:00\" \/>\n<meta property=\"og:image\" content=\"https:\/\/www.interforce.dk\/app\/uploads\/2018\/10\/2018-RGN-06-JAGT-billede-fra-raghammer-mindre-udgave.png\" \/>\n\t<meta property=\"og:image:width\" content=\"756\" \/>\n\t<meta property=\"og:image:height\" content=\"313\" \/>\n\t<meta property=\"og:image:type\" content=\"image\/png\" \/>\n<meta name=\"author\" content=\"InterForce\" \/>\n<meta name=\"twitter:card\" content=\"summary_large_image\" \/>\n<meta name=\"twitter:label1\" content=\"Written by\" \/>\n\t<meta name=\"twitter:data1\" content=\"InterForce\" \/>\n\t<meta name=\"twitter:label2\" content=\"Est. reading time\" \/>\n\t<meta name=\"twitter:data2\" content=\"2 minutes\" \/>\n<script type=\"application\/ld+json\" class=\"yoast-schema-graph\">{\"@context\":\"https:\\\/\\\/schema.org\",\"@graph\":[{\"@type\":\"Article\",\"@id\":\"https:\\\/\\\/www.interforce.dk\\\/bornholmske-interforcestoetter-moedtes-til-jagt-i-raghammer\\\/#article\",\"isPartOf\":{\"@id\":\"https:\\\/\\\/www.interforce.dk\\\/bornholmske-interforcestoetter-moedtes-til-jagt-i-raghammer\\\/\"},\"author\":{\"name\":\"InterForce\",\"@id\":\"https:\\\/\\\/www.interforce.dk\\\/#\\\/schema\\\/person\\\/e0192b63d0a5b8f69ae146e87f7116fb\"},\"headline\":\"Bornholmske InterForcest\u00f8tter m\u00f8dtes til jagt i Raghammer\",\"datePublished\":\"2018-10-14T10:01:16+00:00\",\"dateModified\":\"2020-02-12T08:27:48+00:00\",\"mainEntityOfPage\":{\"@id\":\"https:\\\/\\\/www.interforce.dk\\\/bornholmske-interforcestoetter-moedtes-til-jagt-i-raghammer\\\/\"},\"wordCount\":323,\"image\":{\"@id\":\"https:\\\/\\\/www.interforce.dk\\\/bornholmske-interforcestoetter-moedtes-til-jagt-i-raghammer\\\/#primaryimage\"},\"thumbnailUrl\":\"https:\\\/\\\/www.interforce.dk\\\/app\\\/uploads\\\/2018\\\/10\\\/2018-RGN-06-JAGT-billede-fra-raghammer-mindre-udgave.png\",\"keywords\":[\"Tag:Bornholm\"],\"articleSection\":[\"Arrangementsomtale\"],\"inLanguage\":\"kl-GL\"},{\"@type\":\"WebPage\",\"@id\":\"https:\\\/\\\/www.interforce.dk\\\/bornholmske-interforcestoetter-moedtes-til-jagt-i-raghammer\\\/\",\"url\":\"https:\\\/\\\/www.interforce.dk\\\/bornholmske-interforcestoetter-moedtes-til-jagt-i-raghammer\\\/\",\"name\":\"Bornholmske InterForcest\u00f8tter m\u00f8dtes til jagt i Raghammer - InterForce\",\"isPartOf\":{\"@id\":\"https:\\\/\\\/www.interforce.dk\\\/#website\"},\"primaryImageOfPage\":{\"@id\":\"https:\\\/\\\/www.interforce.dk\\\/bornholmske-interforcestoetter-moedtes-til-jagt-i-raghammer\\\/#primaryimage\"},\"image\":{\"@id\":\"https:\\\/\\\/www.interforce.dk\\\/bornholmske-interforcestoetter-moedtes-til-jagt-i-raghammer\\\/#primaryimage\"},\"thumbnailUrl\":\"https:\\\/\\\/www.interforce.dk\\\/app\\\/uploads\\\/2018\\\/10\\\/2018-RGN-06-JAGT-billede-fra-raghammer-mindre-udgave.png\",\"datePublished\":\"2018-10-14T10:01:16+00:00\",\"dateModified\":\"2020-02-12T08:27:48+00:00\",\"author\":{\"@id\":\"https:\\\/\\\/www.interforce.dk\\\/#\\\/schema\\\/person\\\/e0192b63d0a5b8f69ae146e87f7116fb\"},\"breadcrumb\":{\"@id\":\"https:\\\/\\\/www.interforce.dk\\\/bornholmske-interforcestoetter-moedtes-til-jagt-i-raghammer\\\/#breadcrumb\"},\"inLanguage\":\"kl-GL\",\"potentialAction\":[{\"@type\":\"ReadAction\",\"target\":[\"https:\\\/\\\/www.interforce.dk\\\/bornholmske-interforcestoetter-moedtes-til-jagt-i-raghammer\\\/\"]}]},{\"@type\":\"ImageObject\",\"inLanguage\":\"kl-GL\",\"@id\":\"https:\\\/\\\/www.interforce.dk\\\/bornholmske-interforcestoetter-moedtes-til-jagt-i-raghammer\\\/#primaryimage\",\"url\":\"https:\\\/\\\/www.interforce.dk\\\/app\\\/uploads\\\/2018\\\/10\\\/2018-RGN-06-JAGT-billede-fra-raghammer-mindre-udgave.png\",\"contentUrl\":\"https:\\\/\\\/www.interforce.dk\\\/app\\\/uploads\\\/2018\\\/10\\\/2018-RGN-06-JAGT-billede-fra-raghammer-mindre-udgave.png\",\"width\":756,\"height\":313,\"caption\":\"Bornholm\"},{\"@type\":\"BreadcrumbList\",\"@id\":\"https:\\\/\\\/www.interforce.dk\\\/bornholmske-interforcestoetter-moedtes-til-jagt-i-raghammer\\\/#breadcrumb\",\"itemListElement\":[{\"@type\":\"ListItem\",\"position\":1,\"name\":\"Hjem\",\"item\":\"https:\\\/\\\/www.interforce.dk\\\/\"},{\"@type\":\"ListItem\",\"position\":2,\"name\":\"Bornholmske InterForcest\u00f8tter m\u00f8dtes til jagt i Raghammer\"}]},{\"@type\":\"WebSite\",\"@id\":\"https:\\\/\\\/www.interforce.dk\\\/#website\",\"url\":\"https:\\\/\\\/www.interforce.dk\\\/\",\"name\":\"InterForce\",\"description\":\"\",\"potentialAction\":[{\"@type\":\"SearchAction\",\"target\":{\"@type\":\"EntryPoint\",\"urlTemplate\":\"https:\\\/\\\/www.interforce.dk\\\/?s={search_term_string}\"},\"query-input\":{\"@type\":\"PropertyValueSpecification\",\"valueRequired\":true,\"valueName\":\"search_term_string\"}}],\"inLanguage\":\"kl-GL\"},{\"@type\":\"Person\",\"@id\":\"https:\\\/\\\/www.interforce.dk\\\/#\\\/schema\\\/person\\\/e0192b63d0a5b8f69ae146e87f7116fb\",\"name\":\"InterForce\",\"image\":{\"@type\":\"ImageObject\",\"inLanguage\":\"kl-GL\",\"@id\":\"https:\\\/\\\/secure.gravatar.com\\\/avatar\\\/2ca4b79c0fb3239b8666089682925a48076b8ca78fd38cf279aa4345189a33e3?s=96&d=mm&r=g\",\"url\":\"https:\\\/\\\/secure.gravatar.com\\\/avatar\\\/2ca4b79c0fb3239b8666089682925a48076b8ca78fd38cf279aa4345189a33e3?s=96&d=mm&r=g\",\"contentUrl\":\"https:\\\/\\\/secure.gravatar.com\\\/avatar\\\/2ca4b79c0fb3239b8666089682925a48076b8ca78fd38cf279aa4345189a33e3?s=96&d=mm&r=g\",\"caption\":\"InterForce\"},\"sameAs\":[\"https:\\\/\\\/www.interforce.dk\"],\"url\":\"https:\\\/\\\/www.interforce.dk\\\/kl\\\/author\\\/interforce\\\/\"}]}<\/script>\n<!-- \/ Yoast SEO plugin. -->","yoast_head_json":{"title":"Bornholmske InterForcest\u00f8tter m\u00f8dtes til jagt i Raghammer - InterForce","robots":{"index":"index","follow":"follow","max-snippet":"max-snippet:-1","max-image-preview":"max-image-preview:large","max-video-preview":"max-video-preview:-1"},"canonical":"https:\/\/www.interforce.dk\/kl\/bornholmske-interforcestoetter-moedtes-til-jagt-i-raghammer\/","og_locale":"en_US","og_type":"article","og_title":"Bornholmske InterForcest\u00f8tter m\u00f8dtes til jagt i Raghammer - InterForce","og_description":"5 vildt, 6 harer, 1 fasan og 3 snepper","og_url":"https:\/\/www.interforce.dk\/kl\/bornholmske-interforcestoetter-moedtes-til-jagt-i-raghammer\/","og_site_name":"InterForce","article_published_time":"2018-10-14T10:01:16+00:00","article_modified_time":"2020-02-12T08:27:48+00:00","og_image":[{"width":756,"height":313,"url":"https:\/\/www.interforce.dk\/app\/uploads\/2018\/10\/2018-RGN-06-JAGT-billede-fra-raghammer-mindre-udgave.png","type":"image\/png"}],"author":"InterForce","twitter_card":"summary_large_image","twitter_misc":{"Written by":"InterForce","Est. reading time":"2 minutes"},"schema":{"@context":"https:\/\/schema.org","@graph":[{"@type":"Article","@id":"https:\/\/www.interforce.dk\/bornholmske-interforcestoetter-moedtes-til-jagt-i-raghammer\/#article","isPartOf":{"@id":"https:\/\/www.interforce.dk\/bornholmske-interforcestoetter-moedtes-til-jagt-i-raghammer\/"},"author":{"name":"InterForce","@id":"https:\/\/www.interforce.dk\/#\/schema\/person\/e0192b63d0a5b8f69ae146e87f7116fb"},"headline":"Bornholmske InterForcest\u00f8tter m\u00f8dtes til jagt i Raghammer","datePublished":"2018-10-14T10:01:16+00:00","dateModified":"2020-02-12T08:27:48+00:00","mainEntityOfPage":{"@id":"https:\/\/www.interforce.dk\/bornholmske-interforcestoetter-moedtes-til-jagt-i-raghammer\/"},"wordCount":323,"image":{"@id":"https:\/\/www.interforce.dk\/bornholmske-interforcestoetter-moedtes-til-jagt-i-raghammer\/#primaryimage"},"thumbnailUrl":"https:\/\/www.interforce.dk\/app\/uploads\/2018\/10\/2018-RGN-06-JAGT-billede-fra-raghammer-mindre-udgave.png","keywords":["Tag:Bornholm"],"articleSection":["Arrangementsomtale"],"inLanguage":"kl-GL"},{"@type":"WebPage","@id":"https:\/\/www.interforce.dk\/bornholmske-interforcestoetter-moedtes-til-jagt-i-raghammer\/","url":"https:\/\/www.interforce.dk\/bornholmske-interforcestoetter-moedtes-til-jagt-i-raghammer\/","name":"Bornholmske InterForcest\u00f8tter m\u00f8dtes til jagt i Raghammer - InterForce","isPartOf":{"@id":"https:\/\/www.interforce.dk\/#website"},"primaryImageOfPage":{"@id":"https:\/\/www.interforce.dk\/bornholmske-interforcestoetter-moedtes-til-jagt-i-raghammer\/#primaryimage"},"image":{"@id":"https:\/\/www.interforce.dk\/bornholmske-interforcestoetter-moedtes-til-jagt-i-raghammer\/#primaryimage"},"thumbnailUrl":"https:\/\/www.interforce.dk\/app\/uploads\/2018\/10\/2018-RGN-06-JAGT-billede-fra-raghammer-mindre-udgave.png","datePublished":"2018-10-14T10:01:16+00:00","dateModified":"2020-02-12T08:27:48+00:00","author":{"@id":"https:\/\/www.interforce.dk\/#\/schema\/person\/e0192b63d0a5b8f69ae146e87f7116fb"},"breadcrumb":{"@id":"https:\/\/www.interforce.dk\/bornholmske-interforcestoetter-moedtes-til-jagt-i-raghammer\/#breadcrumb"},"inLanguage":"kl-GL","potentialAction":[{"@type":"ReadAction","target":["https:\/\/www.interforce.dk\/bornholmske-interforcestoetter-moedtes-til-jagt-i-raghammer\/"]}]},{"@type":"ImageObject","inLanguage":"kl-GL","@id":"https:\/\/www.interforce.dk\/bornholmske-interforcestoetter-moedtes-til-jagt-i-raghammer\/#primaryimage","url":"https:\/\/www.interforce.dk\/app\/uploads\/2018\/10\/2018-RGN-06-JAGT-billede-fra-raghammer-mindre-udgave.png","contentUrl":"https:\/\/www.interforce.dk\/app\/uploads\/2018\/10\/2018-RGN-06-JAGT-billede-fra-raghammer-mindre-udgave.png","width":756,"height":313,"caption":"Bornholm"},{"@type":"BreadcrumbList","@id":"https:\/\/www.interforce.dk\/bornholmske-interforcestoetter-moedtes-til-jagt-i-raghammer\/#breadcrumb","itemListElement":[{"@type":"ListItem","position":1,"name":"Hjem","item":"https:\/\/www.interforce.dk\/"},{"@type":"ListItem","position":2,"name":"Bornholmske InterForcest\u00f8tter m\u00f8dtes til jagt i Raghammer"}]},{"@type":"WebSite","@id":"https:\/\/www.interforce.dk\/#website","url":"https:\/\/www.interforce.dk\/","name":"InterForce","description":"","potentialAction":[{"@type":"SearchAction","target":{"@type":"EntryPoint","urlTemplate":"https:\/\/www.interforce.dk\/?s={search_term_string}"},"query-input":{"@type":"PropertyValueSpecification","valueRequired":true,"valueName":"search_term_string"}}],"inLanguage":"kl-GL"},{"@type":"Person","@id":"https:\/\/www.interforce.dk\/#\/schema\/person\/e0192b63d0a5b8f69ae146e87f7116fb","name":"InterForce","image":{"@type":"ImageObject","inLanguage":"kl-GL","@id":"https:\/\/secure.gravatar.com\/avatar\/2ca4b79c0fb3239b8666089682925a48076b8ca78fd38cf279aa4345189a33e3?s=96&d=mm&r=g","url":"https:\/\/secure.gravatar.com\/avatar\/2ca4b79c0fb3239b8666089682925a48076b8ca78fd38cf279aa4345189a33e3?s=96&d=mm&r=g","contentUrl":"https:\/\/secure.gravatar.com\/avatar\/2ca4b79c0fb3239b8666089682925a48076b8ca78fd38cf279aa4345189a33e3?s=96&d=mm&r=g","caption":"InterForce"},"sameAs":["https:\/\/www.interforce.dk"],"url":"https:\/\/www.interforce.dk\/kl\/author\/interforce\/"}]}},"_links":{"self":[{"href":"https:\/\/www.interforce.dk\/kl\/wp-json\/wp\/v2\/posts\/366","targetHints":{"allow":["GET"]}}],"collection":[{"href":"https:\/\/www.interforce.dk\/kl\/wp-json\/wp\/v2\/posts"}],"about":[{"href":"https:\/\/www.interforce.dk\/kl\/wp-json\/wp\/v2\/types\/post"}],"author":[{"embeddable":true,"href":"https:\/\/www.interforce.dk\/kl\/wp-json\/wp\/v2\/users\/2"}],"replies":[{"embeddable":true,"href":"https:\/\/www.interforce.dk\/kl\/wp-json\/wp\/v2\/comments?post=366"}],"version-history":[{"count":0,"href":"https:\/\/www.interforce.dk\/kl\/wp-json\/wp\/v2\/posts\/366\/revisions"}],"wp:featuredmedia":[{"embeddable":true,"href":"https:\/\/www.interforce.dk\/kl\/wp-json\/wp\/v2\/media\/389"}],"wp:attachment":[{"href":"https:\/\/www.interforce.dk\/kl\/wp-json\/wp\/v2\/media?parent=366"}],"wp:term":[{"taxonomy":"category","embeddable":true,"href":"https:\/\/www.interforce.dk\/kl\/wp-json\/wp\/v2\/categories?post=366"},{"taxonomy":"post_tag","embeddable":true,"href":"https:\/\/www.interforce.dk\/kl\/wp-json\/wp\/v2\/tags?post=366"}],"curies":[{"name":"wp","href":"https:\/\/api.w.org\/{rel}","templated":true}]}}