{"id":19607,"date":"2026-04-27T14:35:45","date_gmt":"2026-04-27T14:35:45","guid":{"rendered":"https:\/\/www.interforce.dk\/?p=19607"},"modified":"2026-04-27T14:35:45","modified_gmt":"2026-04-27T14:35:45","slug":"skjoldoverraekkelse-i-nordjylland-2","status":"publish","type":"post","link":"https:\/\/www.interforce.dk\/kl\/skjoldoverraekkelse-i-nordjylland-2\/","title":{"rendered":"Skjoldoverr\u00e6kkelse i Nordjylland"},"content":{"rendered":"<div class=\"block core-block core-block--image\">\n      <div class=\"inner inner--small\">\n      \n<figure class=\"wp-block-image size-large\"><img loading=\"lazy\" decoding=\"async\" width=\"1024\" height=\"529\" src=\"https:\/\/www.interforce.dk\/app\/uploads\/2026\/04\/IMG_6685-1024x529.jpeg\" alt=\"\" class=\"wp-image-19609\" srcset=\"https:\/\/www.interforce.dk\/app\/uploads\/2026\/04\/IMG_6685-1024x529.jpeg 1024w, https:\/\/www.interforce.dk\/app\/uploads\/2026\/04\/IMG_6685-300x155.jpeg 300w, https:\/\/www.interforce.dk\/app\/uploads\/2026\/04\/IMG_6685-768x397.jpeg 768w, https:\/\/www.interforce.dk\/app\/uploads\/2026\/04\/IMG_6685-1536x794.jpeg 1536w, https:\/\/www.interforce.dk\/app\/uploads\/2026\/04\/IMG_6685-2048x1059.jpeg 2048w, https:\/\/www.interforce.dk\/app\/uploads\/2026\/04\/IMG_6685-18x9.jpeg 18w\" sizes=\"auto, (max-width: 1024px) 100vw, 1024px\" \/><\/figure>\n\n      <\/div>\n  <\/div>\n<div class=\"block core-block core-block--paragraph\">\n      <div class=\"inner inner--small\">\n      \n<p>Mandag den 20. april afholdt InterForce Nordjylland en officiel skjoldoverr\u00e6kkelse p\u00e5 Fl\u00e5destation Frederikshavn, hvor medlemskabet for de to nordjyske virksomheder, Ascending ApS ved <a href=\"https:\/\/www.linkedin.com\/in\/erikpoulstrup\/\">Erik Poulstrup<\/a> og <a href=\"https:\/\/www.linkedin.com\/company\/tl-marine-scandinavia\/\">TLMarine Scandinavia<\/a> ved <a href=\"https:\/\/www.linkedin.com\/in\/thomas-lauritsen-38868219\/\">Thomas Lauritsen<\/a>, formelt blev stadf\u00e6stet.<br><\/p>\n\n      <\/div>\n  <\/div>\n<div class=\"block core-block core-block--image\">\n      <div class=\"inner inner--small\">\n      \n<figure class=\"wp-block-image size-large\"><img loading=\"lazy\" decoding=\"async\" width=\"1024\" height=\"545\" src=\"https:\/\/www.interforce.dk\/app\/uploads\/2026\/04\/IMG_6683-1024x545.jpeg\" alt=\"\" class=\"wp-image-19610\" srcset=\"https:\/\/www.interforce.dk\/app\/uploads\/2026\/04\/IMG_6683-1024x545.jpeg 1024w, https:\/\/www.interforce.dk\/app\/uploads\/2026\/04\/IMG_6683-300x160.jpeg 300w, https:\/\/www.interforce.dk\/app\/uploads\/2026\/04\/IMG_6683-768x408.jpeg 768w, https:\/\/www.interforce.dk\/app\/uploads\/2026\/04\/IMG_6683-1536x817.jpeg 1536w, https:\/\/www.interforce.dk\/app\/uploads\/2026\/04\/IMG_6683-2048x1089.jpeg 2048w, https:\/\/www.interforce.dk\/app\/uploads\/2026\/04\/IMG_6683-18x10.jpeg 18w\" sizes=\"auto, (max-width: 1024px) 100vw, 1024px\" \/><\/figure>\n\n      <\/div>\n  <\/div>\n<div class=\"block core-block core-block--paragraph\">\n      <div class=\"inner inner--small\">\n      \n<p><br>Bes\u00f8get understregede den vigtige synergi mellem Forsvaret og det private erhvervsliv. At virksomheder i alle st\u00f8rrelser og fra vidt forskellige brancher engagerer sig, er afg\u00f8rende for at styrke Kongerigets samlede forsvarsevne og samfundssikkerhed. InterForce ser frem til det fremtidige samarbejde med begge virksomheder.<\/p>\n\n      <\/div>\n  <\/div>\n<div class=\"block core-block core-block--image align-center\">\n      <div class=\"inner inner--small\">\n      \n<figure class=\"wp-block-image aligncenter size-large is-resized\"><img loading=\"lazy\" decoding=\"async\" width=\"721\" height=\"1024\" src=\"https:\/\/www.interforce.dk\/app\/uploads\/2026\/04\/IMG_6680-1-721x1024.jpeg\" alt=\"\" class=\"wp-image-19611\" style=\"aspect-ratio:0.7041077913754692;width:466px;height:auto\" srcset=\"https:\/\/www.interforce.dk\/app\/uploads\/2026\/04\/IMG_6680-1-721x1024.jpeg 721w, https:\/\/www.interforce.dk\/app\/uploads\/2026\/04\/IMG_6680-1-211x300.jpeg 211w, https:\/\/www.interforce.dk\/app\/uploads\/2026\/04\/IMG_6680-1-768x1091.jpeg 768w, https:\/\/www.interforce.dk\/app\/uploads\/2026\/04\/IMG_6680-1-1081x1536.jpeg 1081w, https:\/\/www.interforce.dk\/app\/uploads\/2026\/04\/IMG_6680-1-1441x2048.jpeg 1441w, https:\/\/www.interforce.dk\/app\/uploads\/2026\/04\/IMG_6680-1-8x12.jpeg 8w, https:\/\/www.interforce.dk\/app\/uploads\/2026\/04\/IMG_6680-1-scaled.jpeg 1801w\" sizes=\"auto, (max-width: 721px) 100vw, 721px\" \/><\/figure>\n\n      <\/div>\n  <\/div>\n<div class=\"block core-block core-block--paragraph\">\n      <div class=\"inner inner--small\">\n      \n<p>InterForce Nordjylland har det seneste \u00e5r oplevet en markant medlemsfremgang p\u00e5 25%. Denne udvikling afspejler b\u00e5de den aktuelle sikkerhedspolitiske situation og et stigende behov for at knytte erhvervslivet og Forsvaret t\u00e6ttere sammen i en f\u00e6lles indsats for Kongerigets sikkerhed.<\/p>\n\n      <\/div>\n  <\/div>","protected":false},"excerpt":{"rendered":"Mandag den 20. april afholdt InterForce Nordjylland en officiel skjoldoverr\u00e6kke...","protected":false},"author":111,"featured_media":19611,"comment_status":"closed","ping_status":"closed","sticky":false,"template":"","format":"standard","meta":{"_acf_changed":false,"footnotes":""},"categories":[12],"tags":[51],"class_list":["post-19607","post","type-post","status-publish","format-standard","has-post-thumbnail","hentry","category-nyt-om-if","tag-tag-nordjylland"],"acf":[],"yoast_head":"<!-- This site is optimized with the Yoast SEO plugin v27.3 - https:\/\/yoast.com\/product\/yoast-seo-wordpress\/ -->\n<title>Skjoldoverr\u00e6kkelse i Nordjylland - InterForce<\/title>\n<meta name=\"description\" content=\"Mandag den 20. april afholdt InterForce Nordjylland en officiel skjoldoverr\u00e6kkelse p\u00e5 Fl\u00e5destation Frederikshavn\" \/>\n<meta name=\"robots\" content=\"index, follow, max-snippet:-1, max-image-preview:large, max-video-preview:-1\" \/>\n<link rel=\"canonical\" href=\"https:\/\/www.interforce.dk\/kl\/skjoldoverraekkelse-i-nordjylland-2\/\" \/>\n<meta property=\"og:locale\" content=\"en_US\" \/>\n<meta property=\"og:type\" content=\"article\" \/>\n<meta property=\"og:title\" content=\"Skjoldoverr\u00e6kkelse i Nordjylland - InterForce\" \/>\n<meta property=\"og:description\" content=\"Mandag den 20. april afholdt InterForce Nordjylland en officiel skjoldoverr\u00e6kkelse p\u00e5 Fl\u00e5destation Frederikshavn\" \/>\n<meta property=\"og:url\" content=\"https:\/\/www.interforce.dk\/kl\/skjoldoverraekkelse-i-nordjylland-2\/\" \/>\n<meta property=\"og:site_name\" content=\"InterForce\" \/>\n<meta property=\"article:published_time\" content=\"2026-04-27T14:35:45+00:00\" \/>\n<meta property=\"og:image\" content=\"https:\/\/www.interforce.dk\/app\/uploads\/2026\/04\/IMG_6680-1-scaled.jpeg\" \/>\n\t<meta property=\"og:image:width\" content=\"1801\" \/>\n\t<meta property=\"og:image:height\" content=\"2560\" \/>\n\t<meta property=\"og:image:type\" content=\"image\/jpeg\" \/>\n<meta name=\"author\" content=\"Simon Staffeldt Schou\" \/>\n<meta name=\"twitter:card\" content=\"summary_large_image\" \/>\n<meta name=\"twitter:label1\" content=\"Written by\" \/>\n\t<meta name=\"twitter:data1\" content=\"Simon Staffeldt Schou\" \/>\n\t<meta name=\"twitter:label2\" content=\"Est. reading time\" \/>\n\t<meta name=\"twitter:data2\" content=\"2 minutes\" \/>\n<script type=\"application\/ld+json\" class=\"yoast-schema-graph\">{\"@context\":\"https:\\\/\\\/schema.org\",\"@graph\":[{\"@type\":\"Article\",\"@id\":\"https:\\\/\\\/www.interforce.dk\\\/skjoldoverraekkelse-i-nordjylland-2\\\/#article\",\"isPartOf\":{\"@id\":\"https:\\\/\\\/www.interforce.dk\\\/skjoldoverraekkelse-i-nordjylland-2\\\/\"},\"author\":{\"name\":\"Simon Staffeldt Schou\",\"@id\":\"https:\\\/\\\/www.interforce.dk\\\/#\\\/schema\\\/person\\\/3604a2bb29e48048ea484fbfb3703fad\"},\"headline\":\"Skjoldoverr\u00e6kkelse i Nordjylland\",\"datePublished\":\"2026-04-27T14:35:45+00:00\",\"mainEntityOfPage\":{\"@id\":\"https:\\\/\\\/www.interforce.dk\\\/skjoldoverraekkelse-i-nordjylland-2\\\/\"},\"wordCount\":127,\"image\":{\"@id\":\"https:\\\/\\\/www.interforce.dk\\\/skjoldoverraekkelse-i-nordjylland-2\\\/#primaryimage\"},\"thumbnailUrl\":\"https:\\\/\\\/www.interforce.dk\\\/app\\\/uploads\\\/2026\\\/04\\\/IMG_6680-1-scaled.jpeg\",\"keywords\":[\"Tag:Nordjylland\"],\"articleSection\":[\"Nyheder om InterForce\"],\"inLanguage\":\"kl-GL\"},{\"@type\":\"WebPage\",\"@id\":\"https:\\\/\\\/www.interforce.dk\\\/skjoldoverraekkelse-i-nordjylland-2\\\/\",\"url\":\"https:\\\/\\\/www.interforce.dk\\\/skjoldoverraekkelse-i-nordjylland-2\\\/\",\"name\":\"Skjoldoverr\u00e6kkelse i Nordjylland - InterForce\",\"isPartOf\":{\"@id\":\"https:\\\/\\\/www.interforce.dk\\\/#website\"},\"primaryImageOfPage\":{\"@id\":\"https:\\\/\\\/www.interforce.dk\\\/skjoldoverraekkelse-i-nordjylland-2\\\/#primaryimage\"},\"image\":{\"@id\":\"https:\\\/\\\/www.interforce.dk\\\/skjoldoverraekkelse-i-nordjylland-2\\\/#primaryimage\"},\"thumbnailUrl\":\"https:\\\/\\\/www.interforce.dk\\\/app\\\/uploads\\\/2026\\\/04\\\/IMG_6680-1-scaled.jpeg\",\"datePublished\":\"2026-04-27T14:35:45+00:00\",\"author\":{\"@id\":\"https:\\\/\\\/www.interforce.dk\\\/#\\\/schema\\\/person\\\/3604a2bb29e48048ea484fbfb3703fad\"},\"description\":\"Mandag den 20. april afholdt InterForce Nordjylland en officiel skjoldoverr\u00e6kkelse p\u00e5 Fl\u00e5destation Frederikshavn\",\"breadcrumb\":{\"@id\":\"https:\\\/\\\/www.interforce.dk\\\/skjoldoverraekkelse-i-nordjylland-2\\\/#breadcrumb\"},\"inLanguage\":\"kl-GL\",\"potentialAction\":[{\"@type\":\"ReadAction\",\"target\":[\"https:\\\/\\\/www.interforce.dk\\\/skjoldoverraekkelse-i-nordjylland-2\\\/\"]}]},{\"@type\":\"ImageObject\",\"inLanguage\":\"kl-GL\",\"@id\":\"https:\\\/\\\/www.interforce.dk\\\/skjoldoverraekkelse-i-nordjylland-2\\\/#primaryimage\",\"url\":\"https:\\\/\\\/www.interforce.dk\\\/app\\\/uploads\\\/2026\\\/04\\\/IMG_6680-1-scaled.jpeg\",\"contentUrl\":\"https:\\\/\\\/www.interforce.dk\\\/app\\\/uploads\\\/2026\\\/04\\\/IMG_6680-1-scaled.jpeg\",\"width\":1801,\"height\":2560},{\"@type\":\"BreadcrumbList\",\"@id\":\"https:\\\/\\\/www.interforce.dk\\\/skjoldoverraekkelse-i-nordjylland-2\\\/#breadcrumb\",\"itemListElement\":[{\"@type\":\"ListItem\",\"position\":1,\"name\":\"Hjem\",\"item\":\"https:\\\/\\\/www.interforce.dk\\\/\"},{\"@type\":\"ListItem\",\"position\":2,\"name\":\"Skjoldoverr\u00e6kkelse i Nordjylland\"}]},{\"@type\":\"WebSite\",\"@id\":\"https:\\\/\\\/www.interforce.dk\\\/#website\",\"url\":\"https:\\\/\\\/www.interforce.dk\\\/\",\"name\":\"InterForce\",\"description\":\"\",\"potentialAction\":[{\"@type\":\"SearchAction\",\"target\":{\"@type\":\"EntryPoint\",\"urlTemplate\":\"https:\\\/\\\/www.interforce.dk\\\/?s={search_term_string}\"},\"query-input\":{\"@type\":\"PropertyValueSpecification\",\"valueRequired\":true,\"valueName\":\"search_term_string\"}}],\"inLanguage\":\"kl-GL\"},{\"@type\":\"Person\",\"@id\":\"https:\\\/\\\/www.interforce.dk\\\/#\\\/schema\\\/person\\\/3604a2bb29e48048ea484fbfb3703fad\",\"name\":\"Simon Staffeldt Schou\",\"image\":{\"@type\":\"ImageObject\",\"inLanguage\":\"kl-GL\",\"@id\":\"https:\\\/\\\/secure.gravatar.com\\\/avatar\\\/1ff3b89414668243258c5ed26b84872c273dcdf7fe7ee0c553a52e1b4c2002fd?s=96&d=mm&r=g\",\"url\":\"https:\\\/\\\/secure.gravatar.com\\\/avatar\\\/1ff3b89414668243258c5ed26b84872c273dcdf7fe7ee0c553a52e1b4c2002fd?s=96&d=mm&r=g\",\"contentUrl\":\"https:\\\/\\\/secure.gravatar.com\\\/avatar\\\/1ff3b89414668243258c5ed26b84872c273dcdf7fe7ee0c553a52e1b4c2002fd?s=96&d=mm&r=g\",\"caption\":\"Simon Staffeldt Schou\"},\"url\":\"https:\\\/\\\/www.interforce.dk\\\/kl\\\/author\\\/simon\\\/\"}]}<\/script>\n<!-- \/ Yoast SEO plugin. -->","yoast_head_json":{"title":"Skjoldoverr\u00e6kkelse i Nordjylland - InterForce","description":"Mandag den 20. april afholdt InterForce Nordjylland en officiel skjoldoverr\u00e6kkelse p\u00e5 Fl\u00e5destation Frederikshavn","robots":{"index":"index","follow":"follow","max-snippet":"max-snippet:-1","max-image-preview":"max-image-preview:large","max-video-preview":"max-video-preview:-1"},"canonical":"https:\/\/www.interforce.dk\/kl\/skjoldoverraekkelse-i-nordjylland-2\/","og_locale":"en_US","og_type":"article","og_title":"Skjoldoverr\u00e6kkelse i Nordjylland - InterForce","og_description":"Mandag den 20. april afholdt InterForce Nordjylland en officiel skjoldoverr\u00e6kkelse p\u00e5 Fl\u00e5destation Frederikshavn","og_url":"https:\/\/www.interforce.dk\/kl\/skjoldoverraekkelse-i-nordjylland-2\/","og_site_name":"InterForce","article_published_time":"2026-04-27T14:35:45+00:00","og_image":[{"width":1801,"height":2560,"url":"https:\/\/www.interforce.dk\/app\/uploads\/2026\/04\/IMG_6680-1-scaled.jpeg","type":"image\/jpeg"}],"author":"Simon Staffeldt Schou","twitter_card":"summary_large_image","twitter_misc":{"Written by":"Simon Staffeldt Schou","Est. reading time":"2 minutes"},"schema":{"@context":"https:\/\/schema.org","@graph":[{"@type":"Article","@id":"https:\/\/www.interforce.dk\/skjoldoverraekkelse-i-nordjylland-2\/#article","isPartOf":{"@id":"https:\/\/www.interforce.dk\/skjoldoverraekkelse-i-nordjylland-2\/"},"author":{"name":"Simon Staffeldt Schou","@id":"https:\/\/www.interforce.dk\/#\/schema\/person\/3604a2bb29e48048ea484fbfb3703fad"},"headline":"Skjoldoverr\u00e6kkelse i Nordjylland","datePublished":"2026-04-27T14:35:45+00:00","mainEntityOfPage":{"@id":"https:\/\/www.interforce.dk\/skjoldoverraekkelse-i-nordjylland-2\/"},"wordCount":127,"image":{"@id":"https:\/\/www.interforce.dk\/skjoldoverraekkelse-i-nordjylland-2\/#primaryimage"},"thumbnailUrl":"https:\/\/www.interforce.dk\/app\/uploads\/2026\/04\/IMG_6680-1-scaled.jpeg","keywords":["Tag:Nordjylland"],"articleSection":["Nyheder om InterForce"],"inLanguage":"kl-GL"},{"@type":"WebPage","@id":"https:\/\/www.interforce.dk\/skjoldoverraekkelse-i-nordjylland-2\/","url":"https:\/\/www.interforce.dk\/skjoldoverraekkelse-i-nordjylland-2\/","name":"Skjoldoverr\u00e6kkelse i Nordjylland - InterForce","isPartOf":{"@id":"https:\/\/www.interforce.dk\/#website"},"primaryImageOfPage":{"@id":"https:\/\/www.interforce.dk\/skjoldoverraekkelse-i-nordjylland-2\/#primaryimage"},"image":{"@id":"https:\/\/www.interforce.dk\/skjoldoverraekkelse-i-nordjylland-2\/#primaryimage"},"thumbnailUrl":"https:\/\/www.interforce.dk\/app\/uploads\/2026\/04\/IMG_6680-1-scaled.jpeg","datePublished":"2026-04-27T14:35:45+00:00","author":{"@id":"https:\/\/www.interforce.dk\/#\/schema\/person\/3604a2bb29e48048ea484fbfb3703fad"},"description":"Mandag den 20. april afholdt InterForce Nordjylland en officiel skjoldoverr\u00e6kkelse p\u00e5 Fl\u00e5destation Frederikshavn","breadcrumb":{"@id":"https:\/\/www.interforce.dk\/skjoldoverraekkelse-i-nordjylland-2\/#breadcrumb"},"inLanguage":"kl-GL","potentialAction":[{"@type":"ReadAction","target":["https:\/\/www.interforce.dk\/skjoldoverraekkelse-i-nordjylland-2\/"]}]},{"@type":"ImageObject","inLanguage":"kl-GL","@id":"https:\/\/www.interforce.dk\/skjoldoverraekkelse-i-nordjylland-2\/#primaryimage","url":"https:\/\/www.interforce.dk\/app\/uploads\/2026\/04\/IMG_6680-1-scaled.jpeg","contentUrl":"https:\/\/www.interforce.dk\/app\/uploads\/2026\/04\/IMG_6680-1-scaled.jpeg","width":1801,"height":2560},{"@type":"BreadcrumbList","@id":"https:\/\/www.interforce.dk\/skjoldoverraekkelse-i-nordjylland-2\/#breadcrumb","itemListElement":[{"@type":"ListItem","position":1,"name":"Hjem","item":"https:\/\/www.interforce.dk\/"},{"@type":"ListItem","position":2,"name":"Skjoldoverr\u00e6kkelse i Nordjylland"}]},{"@type":"WebSite","@id":"https:\/\/www.interforce.dk\/#website","url":"https:\/\/www.interforce.dk\/","name":"InterForce","description":"","potentialAction":[{"@type":"SearchAction","target":{"@type":"EntryPoint","urlTemplate":"https:\/\/www.interforce.dk\/?s={search_term_string}"},"query-input":{"@type":"PropertyValueSpecification","valueRequired":true,"valueName":"search_term_string"}}],"inLanguage":"kl-GL"},{"@type":"Person","@id":"https:\/\/www.interforce.dk\/#\/schema\/person\/3604a2bb29e48048ea484fbfb3703fad","name":"Simon Staffeldt Schou","image":{"@type":"ImageObject","inLanguage":"kl-GL","@id":"https:\/\/secure.gravatar.com\/avatar\/1ff3b89414668243258c5ed26b84872c273dcdf7fe7ee0c553a52e1b4c2002fd?s=96&d=mm&r=g","url":"https:\/\/secure.gravatar.com\/avatar\/1ff3b89414668243258c5ed26b84872c273dcdf7fe7ee0c553a52e1b4c2002fd?s=96&d=mm&r=g","contentUrl":"https:\/\/secure.gravatar.com\/avatar\/1ff3b89414668243258c5ed26b84872c273dcdf7fe7ee0c553a52e1b4c2002fd?s=96&d=mm&r=g","caption":"Simon Staffeldt Schou"},"url":"https:\/\/www.interforce.dk\/kl\/author\/simon\/"}]}},"_links":{"self":[{"href":"https:\/\/www.interforce.dk\/kl\/wp-json\/wp\/v2\/posts\/19607","targetHints":{"allow":["GET"]}}],"collection":[{"href":"https:\/\/www.interforce.dk\/kl\/wp-json\/wp\/v2\/posts"}],"about":[{"href":"https:\/\/www.interforce.dk\/kl\/wp-json\/wp\/v2\/types\/post"}],"author":[{"embeddable":true,"href":"https:\/\/www.interforce.dk\/kl\/wp-json\/wp\/v2\/users\/111"}],"replies":[{"embeddable":true,"href":"https:\/\/www.interforce.dk\/kl\/wp-json\/wp\/v2\/comments?post=19607"}],"version-history":[{"count":1,"href":"https:\/\/www.interforce.dk\/kl\/wp-json\/wp\/v2\/posts\/19607\/revisions"}],"predecessor-version":[{"id":19612,"href":"https:\/\/www.interforce.dk\/kl\/wp-json\/wp\/v2\/posts\/19607\/revisions\/19612"}],"wp:featuredmedia":[{"embeddable":true,"href":"https:\/\/www.interforce.dk\/kl\/wp-json\/wp\/v2\/media\/19611"}],"wp:attachment":[{"href":"https:\/\/www.interforce.dk\/kl\/wp-json\/wp\/v2\/media?parent=19607"}],"wp:term":[{"taxonomy":"category","embeddable":true,"href":"https:\/\/www.interforce.dk\/kl\/wp-json\/wp\/v2\/categories?post=19607"},{"taxonomy":"post_tag","embeddable":true,"href":"https:\/\/www.interforce.dk\/kl\/wp-json\/wp\/v2\/tags?post=19607"}],"curies":[{"name":"wp","href":"https:\/\/api.w.org\/{rel}","templated":true}]}}