{"id":17809,"date":"2025-10-23T07:57:50","date_gmt":"2025-10-23T07:57:50","guid":{"rendered":"https:\/\/www.interforce.dk\/?p=17809"},"modified":"2025-10-23T07:58:50","modified_gmt":"2025-10-23T07:58:50","slug":"fagbevaegelsens-hovedorganisation-stoetter-interforce","status":"publish","type":"post","link":"https:\/\/www.interforce.dk\/kl\/fagbevaegelsens-hovedorganisation-stoetter-interforce\/","title":{"rendered":"Fagbev\u00e6gelsens Hovedorganisation st\u00f8tter InterForce"},"content":{"rendered":"<div class=\"block core-block core-block--image\">\n      <div class=\"inner inner--small\">\n      \n<figure class=\"wp-block-image size-large\"><img loading=\"lazy\" decoding=\"async\" width=\"1024\" height=\"819\" src=\"https:\/\/www.interforce.dk\/app\/uploads\/2025\/10\/LH8A1262-1024x819.jpg\" alt=\"\" class=\"wp-image-17811\" srcset=\"https:\/\/www.interforce.dk\/app\/uploads\/2025\/10\/LH8A1262-1024x819.jpg 1024w, https:\/\/www.interforce.dk\/app\/uploads\/2025\/10\/LH8A1262-300x240.jpg 300w, https:\/\/www.interforce.dk\/app\/uploads\/2025\/10\/LH8A1262-768x614.jpg 768w, https:\/\/www.interforce.dk\/app\/uploads\/2025\/10\/LH8A1262-1536x1229.jpg 1536w, https:\/\/www.interforce.dk\/app\/uploads\/2025\/10\/LH8A1262-2048x1638.jpg 2048w, https:\/\/www.interforce.dk\/app\/uploads\/2025\/10\/LH8A1262-15x12.jpg 15w\" sizes=\"auto, (max-width: 1024px) 100vw, 1024px\" \/><figcaption class=\"wp-element-caption\"><em>Oberstl\u00f8jtnant af Reserven og ambassad\u00f8r hos InterForce Region Hovedstaden Christian Fredberg underskriver st\u00f8tteaftalen med direkt\u00f8ren for Fagbev\u00e6gelsens Hovedorganisation Mads Reinholdt.<\/em><\/figcaption><\/figure>\n\n      <\/div>\n  <\/div>\n<div class=\"block core-block core-block--paragraph\">\n      <div class=\"inner inner--small\">\n      \n<p>Fagbev\u00e6gelsens Hovedorganisation organiserer faglige organisationer, der samlet repr\u00e6senterer mere end 1,3 millioner l\u00f8nmodtagere\u00a0i danske virksomheder.<br><br>Derfor er vi rigtig glade for, at organisationen har valgt at blive st\u00f8ttevirksomhed hos InterForce.<br><br>Det sender et vigtigt signal og har stor betydning i arbejdet med at skabe bedre forhold for Reservestyrken &#8211; og dermed for Kongerigets kampkraft, sikkerhed og beredskab. Tak!<br><br>En s\u00e6rlig tak til direkt\u00f8r Mads Reinholdt, der modtog InterForces st\u00f8ttemedlemsskjold af InterForce-ambassad\u00f8rerne fra InterForce Region Hovedstaden Christian Fredberg og Martin Overgaard Jensen.<\/p>\n\n      <\/div>\n  <\/div>\n<div class=\"block core-block core-block--image\">\n      <div class=\"inner inner--small\">\n      \n<figure class=\"wp-block-image size-large\"><img loading=\"lazy\" decoding=\"async\" width=\"683\" height=\"1024\" src=\"https:\/\/www.interforce.dk\/app\/uploads\/2025\/10\/LH8A1321-683x1024.jpg\" alt=\"Fagbev\u00e6gelsens Hovedorganisation\" class=\"wp-image-17810\" srcset=\"https:\/\/www.interforce.dk\/app\/uploads\/2025\/10\/LH8A1321-683x1024.jpg 683w, https:\/\/www.interforce.dk\/app\/uploads\/2025\/10\/LH8A1321-200x300.jpg 200w, https:\/\/www.interforce.dk\/app\/uploads\/2025\/10\/LH8A1321-768x1152.jpg 768w, https:\/\/www.interforce.dk\/app\/uploads\/2025\/10\/LH8A1321-1024x1536.jpg 1024w, https:\/\/www.interforce.dk\/app\/uploads\/2025\/10\/LH8A1321-1366x2048.jpg 1366w, https:\/\/www.interforce.dk\/app\/uploads\/2025\/10\/LH8A1321-8x12.jpg 8w, https:\/\/www.interforce.dk\/app\/uploads\/2025\/10\/LH8A1321-scaled.jpg 1707w\" sizes=\"auto, (max-width: 683px) 100vw, 683px\" \/><\/figure>\n\n      <\/div>\n  <\/div>","protected":false},"excerpt":{"rendered":"Det sender et vigtigt signal, n\u00e5r organisationen, der organiserer en r\u00e6kke fag...","protected":false},"author":111,"featured_media":17811,"comment_status":"closed","ping_status":"closed","sticky":false,"template":"","format":"standard","meta":{"_acf_changed":false,"footnotes":""},"categories":[1],"tags":[],"class_list":["post-17809","post","type-post","status-publish","format-standard","has-post-thumbnail","hentry","category-uncategorized-da"],"acf":[],"yoast_head":"<!-- This site is optimized with the Yoast SEO plugin v27.3 - https:\/\/yoast.com\/product\/yoast-seo-wordpress\/ -->\n<title>Fagbev\u00e6gelsens Hovedorganisation st\u00f8tter InterForce - InterForce<\/title>\n<meta name=\"description\" content=\"Det sender et vigtigt signal, n\u00e5r organisationen, der organiserer en r\u00e6kke fagorganisationer, st\u00f8tter op om InterForce.\" \/>\n<meta name=\"robots\" content=\"index, follow, max-snippet:-1, max-image-preview:large, max-video-preview:-1\" \/>\n<link rel=\"canonical\" href=\"https:\/\/www.interforce.dk\/kl\/fagbevaegelsens-hovedorganisation-stoetter-interforce\/\" \/>\n<meta property=\"og:locale\" content=\"en_US\" \/>\n<meta property=\"og:type\" content=\"article\" \/>\n<meta property=\"og:title\" content=\"Fagbev\u00e6gelsens Hovedorganisation st\u00f8tter InterForce - InterForce\" \/>\n<meta property=\"og:description\" content=\"Det sender et vigtigt signal, n\u00e5r organisationen, der organiserer en r\u00e6kke fagorganisationer, st\u00f8tter op om InterForce.\" \/>\n<meta property=\"og:url\" content=\"https:\/\/www.interforce.dk\/kl\/fagbevaegelsens-hovedorganisation-stoetter-interforce\/\" \/>\n<meta property=\"og:site_name\" content=\"InterForce\" \/>\n<meta property=\"article:published_time\" content=\"2025-10-23T07:57:50+00:00\" \/>\n<meta property=\"article:modified_time\" content=\"2025-10-23T07:58:50+00:00\" \/>\n<meta property=\"og:image\" content=\"https:\/\/www.interforce.dk\/app\/uploads\/2025\/10\/LH8A1262-scaled.jpg\" \/>\n\t<meta property=\"og:image:width\" content=\"2560\" \/>\n\t<meta property=\"og:image:height\" content=\"2048\" \/>\n\t<meta property=\"og:image:type\" content=\"image\/jpeg\" \/>\n<meta name=\"author\" content=\"Simon Staffeldt Schou\" \/>\n<meta name=\"twitter:card\" content=\"summary_large_image\" \/>\n<meta name=\"twitter:label1\" content=\"Written by\" \/>\n\t<meta name=\"twitter:data1\" content=\"Simon Staffeldt Schou\" \/>\n\t<meta name=\"twitter:label2\" content=\"Est. reading time\" \/>\n\t<meta name=\"twitter:data2\" content=\"1 minute\" \/>\n<script type=\"application\/ld+json\" class=\"yoast-schema-graph\">{\"@context\":\"https:\\\/\\\/schema.org\",\"@graph\":[{\"@type\":\"Article\",\"@id\":\"https:\\\/\\\/www.interforce.dk\\\/fagbevaegelsens-hovedorganisation-stoetter-interforce\\\/#article\",\"isPartOf\":{\"@id\":\"https:\\\/\\\/www.interforce.dk\\\/fagbevaegelsens-hovedorganisation-stoetter-interforce\\\/\"},\"author\":{\"name\":\"Simon Staffeldt Schou\",\"@id\":\"https:\\\/\\\/www.interforce.dk\\\/#\\\/schema\\\/person\\\/3604a2bb29e48048ea484fbfb3703fad\"},\"headline\":\"Fagbev\u00e6gelsens Hovedorganisation st\u00f8tter InterForce\",\"datePublished\":\"2025-10-23T07:57:50+00:00\",\"dateModified\":\"2025-10-23T07:58:50+00:00\",\"mainEntityOfPage\":{\"@id\":\"https:\\\/\\\/www.interforce.dk\\\/fagbevaegelsens-hovedorganisation-stoetter-interforce\\\/\"},\"wordCount\":120,\"image\":{\"@id\":\"https:\\\/\\\/www.interforce.dk\\\/fagbevaegelsens-hovedorganisation-stoetter-interforce\\\/#primaryimage\"},\"thumbnailUrl\":\"https:\\\/\\\/www.interforce.dk\\\/app\\\/uploads\\\/2025\\\/10\\\/LH8A1262-scaled.jpg\",\"articleSection\":[\"Uncategorized @da\"],\"inLanguage\":\"kl-GL\"},{\"@type\":\"WebPage\",\"@id\":\"https:\\\/\\\/www.interforce.dk\\\/fagbevaegelsens-hovedorganisation-stoetter-interforce\\\/\",\"url\":\"https:\\\/\\\/www.interforce.dk\\\/fagbevaegelsens-hovedorganisation-stoetter-interforce\\\/\",\"name\":\"Fagbev\u00e6gelsens Hovedorganisation st\u00f8tter InterForce - InterForce\",\"isPartOf\":{\"@id\":\"https:\\\/\\\/www.interforce.dk\\\/#website\"},\"primaryImageOfPage\":{\"@id\":\"https:\\\/\\\/www.interforce.dk\\\/fagbevaegelsens-hovedorganisation-stoetter-interforce\\\/#primaryimage\"},\"image\":{\"@id\":\"https:\\\/\\\/www.interforce.dk\\\/fagbevaegelsens-hovedorganisation-stoetter-interforce\\\/#primaryimage\"},\"thumbnailUrl\":\"https:\\\/\\\/www.interforce.dk\\\/app\\\/uploads\\\/2025\\\/10\\\/LH8A1262-scaled.jpg\",\"datePublished\":\"2025-10-23T07:57:50+00:00\",\"dateModified\":\"2025-10-23T07:58:50+00:00\",\"author\":{\"@id\":\"https:\\\/\\\/www.interforce.dk\\\/#\\\/schema\\\/person\\\/3604a2bb29e48048ea484fbfb3703fad\"},\"description\":\"Det sender et vigtigt signal, n\u00e5r organisationen, der organiserer en r\u00e6kke fagorganisationer, st\u00f8tter op om InterForce.\",\"breadcrumb\":{\"@id\":\"https:\\\/\\\/www.interforce.dk\\\/fagbevaegelsens-hovedorganisation-stoetter-interforce\\\/#breadcrumb\"},\"inLanguage\":\"kl-GL\",\"potentialAction\":[{\"@type\":\"ReadAction\",\"target\":[\"https:\\\/\\\/www.interforce.dk\\\/fagbevaegelsens-hovedorganisation-stoetter-interforce\\\/\"]}]},{\"@type\":\"ImageObject\",\"inLanguage\":\"kl-GL\",\"@id\":\"https:\\\/\\\/www.interforce.dk\\\/fagbevaegelsens-hovedorganisation-stoetter-interforce\\\/#primaryimage\",\"url\":\"https:\\\/\\\/www.interforce.dk\\\/app\\\/uploads\\\/2025\\\/10\\\/LH8A1262-scaled.jpg\",\"contentUrl\":\"https:\\\/\\\/www.interforce.dk\\\/app\\\/uploads\\\/2025\\\/10\\\/LH8A1262-scaled.jpg\",\"width\":2560,\"height\":2048,\"caption\":\"Fagbev\u00e6gelsens Hovedorganisation\"},{\"@type\":\"BreadcrumbList\",\"@id\":\"https:\\\/\\\/www.interforce.dk\\\/fagbevaegelsens-hovedorganisation-stoetter-interforce\\\/#breadcrumb\",\"itemListElement\":[{\"@type\":\"ListItem\",\"position\":1,\"name\":\"Hjem\",\"item\":\"https:\\\/\\\/www.interforce.dk\\\/\"},{\"@type\":\"ListItem\",\"position\":2,\"name\":\"Fagbev\u00e6gelsens Hovedorganisation st\u00f8tter InterForce\"}]},{\"@type\":\"WebSite\",\"@id\":\"https:\\\/\\\/www.interforce.dk\\\/#website\",\"url\":\"https:\\\/\\\/www.interforce.dk\\\/\",\"name\":\"InterForce\",\"description\":\"\",\"potentialAction\":[{\"@type\":\"SearchAction\",\"target\":{\"@type\":\"EntryPoint\",\"urlTemplate\":\"https:\\\/\\\/www.interforce.dk\\\/?s={search_term_string}\"},\"query-input\":{\"@type\":\"PropertyValueSpecification\",\"valueRequired\":true,\"valueName\":\"search_term_string\"}}],\"inLanguage\":\"kl-GL\"},{\"@type\":\"Person\",\"@id\":\"https:\\\/\\\/www.interforce.dk\\\/#\\\/schema\\\/person\\\/3604a2bb29e48048ea484fbfb3703fad\",\"name\":\"Simon Staffeldt Schou\",\"image\":{\"@type\":\"ImageObject\",\"inLanguage\":\"kl-GL\",\"@id\":\"https:\\\/\\\/secure.gravatar.com\\\/avatar\\\/1ff3b89414668243258c5ed26b84872c273dcdf7fe7ee0c553a52e1b4c2002fd?s=96&d=mm&r=g\",\"url\":\"https:\\\/\\\/secure.gravatar.com\\\/avatar\\\/1ff3b89414668243258c5ed26b84872c273dcdf7fe7ee0c553a52e1b4c2002fd?s=96&d=mm&r=g\",\"contentUrl\":\"https:\\\/\\\/secure.gravatar.com\\\/avatar\\\/1ff3b89414668243258c5ed26b84872c273dcdf7fe7ee0c553a52e1b4c2002fd?s=96&d=mm&r=g\",\"caption\":\"Simon Staffeldt Schou\"},\"url\":\"https:\\\/\\\/www.interforce.dk\\\/kl\\\/author\\\/simon\\\/\"}]}<\/script>\n<!-- \/ Yoast SEO plugin. -->","yoast_head_json":{"title":"Fagbev\u00e6gelsens Hovedorganisation st\u00f8tter InterForce - InterForce","description":"Det sender et vigtigt signal, n\u00e5r organisationen, der organiserer en r\u00e6kke fagorganisationer, st\u00f8tter op om InterForce.","robots":{"index":"index","follow":"follow","max-snippet":"max-snippet:-1","max-image-preview":"max-image-preview:large","max-video-preview":"max-video-preview:-1"},"canonical":"https:\/\/www.interforce.dk\/kl\/fagbevaegelsens-hovedorganisation-stoetter-interforce\/","og_locale":"en_US","og_type":"article","og_title":"Fagbev\u00e6gelsens Hovedorganisation st\u00f8tter InterForce - InterForce","og_description":"Det sender et vigtigt signal, n\u00e5r organisationen, der organiserer en r\u00e6kke fagorganisationer, st\u00f8tter op om InterForce.","og_url":"https:\/\/www.interforce.dk\/kl\/fagbevaegelsens-hovedorganisation-stoetter-interforce\/","og_site_name":"InterForce","article_published_time":"2025-10-23T07:57:50+00:00","article_modified_time":"2025-10-23T07:58:50+00:00","og_image":[{"width":2560,"height":2048,"url":"https:\/\/www.interforce.dk\/app\/uploads\/2025\/10\/LH8A1262-scaled.jpg","type":"image\/jpeg"}],"author":"Simon Staffeldt Schou","twitter_card":"summary_large_image","twitter_misc":{"Written by":"Simon Staffeldt Schou","Est. reading time":"1 minute"},"schema":{"@context":"https:\/\/schema.org","@graph":[{"@type":"Article","@id":"https:\/\/www.interforce.dk\/fagbevaegelsens-hovedorganisation-stoetter-interforce\/#article","isPartOf":{"@id":"https:\/\/www.interforce.dk\/fagbevaegelsens-hovedorganisation-stoetter-interforce\/"},"author":{"name":"Simon Staffeldt Schou","@id":"https:\/\/www.interforce.dk\/#\/schema\/person\/3604a2bb29e48048ea484fbfb3703fad"},"headline":"Fagbev\u00e6gelsens Hovedorganisation st\u00f8tter InterForce","datePublished":"2025-10-23T07:57:50+00:00","dateModified":"2025-10-23T07:58:50+00:00","mainEntityOfPage":{"@id":"https:\/\/www.interforce.dk\/fagbevaegelsens-hovedorganisation-stoetter-interforce\/"},"wordCount":120,"image":{"@id":"https:\/\/www.interforce.dk\/fagbevaegelsens-hovedorganisation-stoetter-interforce\/#primaryimage"},"thumbnailUrl":"https:\/\/www.interforce.dk\/app\/uploads\/2025\/10\/LH8A1262-scaled.jpg","articleSection":["Uncategorized @da"],"inLanguage":"kl-GL"},{"@type":"WebPage","@id":"https:\/\/www.interforce.dk\/fagbevaegelsens-hovedorganisation-stoetter-interforce\/","url":"https:\/\/www.interforce.dk\/fagbevaegelsens-hovedorganisation-stoetter-interforce\/","name":"Fagbev\u00e6gelsens Hovedorganisation st\u00f8tter InterForce - InterForce","isPartOf":{"@id":"https:\/\/www.interforce.dk\/#website"},"primaryImageOfPage":{"@id":"https:\/\/www.interforce.dk\/fagbevaegelsens-hovedorganisation-stoetter-interforce\/#primaryimage"},"image":{"@id":"https:\/\/www.interforce.dk\/fagbevaegelsens-hovedorganisation-stoetter-interforce\/#primaryimage"},"thumbnailUrl":"https:\/\/www.interforce.dk\/app\/uploads\/2025\/10\/LH8A1262-scaled.jpg","datePublished":"2025-10-23T07:57:50+00:00","dateModified":"2025-10-23T07:58:50+00:00","author":{"@id":"https:\/\/www.interforce.dk\/#\/schema\/person\/3604a2bb29e48048ea484fbfb3703fad"},"description":"Det sender et vigtigt signal, n\u00e5r organisationen, der organiserer en r\u00e6kke fagorganisationer, st\u00f8tter op om InterForce.","breadcrumb":{"@id":"https:\/\/www.interforce.dk\/fagbevaegelsens-hovedorganisation-stoetter-interforce\/#breadcrumb"},"inLanguage":"kl-GL","potentialAction":[{"@type":"ReadAction","target":["https:\/\/www.interforce.dk\/fagbevaegelsens-hovedorganisation-stoetter-interforce\/"]}]},{"@type":"ImageObject","inLanguage":"kl-GL","@id":"https:\/\/www.interforce.dk\/fagbevaegelsens-hovedorganisation-stoetter-interforce\/#primaryimage","url":"https:\/\/www.interforce.dk\/app\/uploads\/2025\/10\/LH8A1262-scaled.jpg","contentUrl":"https:\/\/www.interforce.dk\/app\/uploads\/2025\/10\/LH8A1262-scaled.jpg","width":2560,"height":2048,"caption":"Fagbev\u00e6gelsens Hovedorganisation"},{"@type":"BreadcrumbList","@id":"https:\/\/www.interforce.dk\/fagbevaegelsens-hovedorganisation-stoetter-interforce\/#breadcrumb","itemListElement":[{"@type":"ListItem","position":1,"name":"Hjem","item":"https:\/\/www.interforce.dk\/"},{"@type":"ListItem","position":2,"name":"Fagbev\u00e6gelsens Hovedorganisation st\u00f8tter InterForce"}]},{"@type":"WebSite","@id":"https:\/\/www.interforce.dk\/#website","url":"https:\/\/www.interforce.dk\/","name":"InterForce","description":"","potentialAction":[{"@type":"SearchAction","target":{"@type":"EntryPoint","urlTemplate":"https:\/\/www.interforce.dk\/?s={search_term_string}"},"query-input":{"@type":"PropertyValueSpecification","valueRequired":true,"valueName":"search_term_string"}}],"inLanguage":"kl-GL"},{"@type":"Person","@id":"https:\/\/www.interforce.dk\/#\/schema\/person\/3604a2bb29e48048ea484fbfb3703fad","name":"Simon Staffeldt Schou","image":{"@type":"ImageObject","inLanguage":"kl-GL","@id":"https:\/\/secure.gravatar.com\/avatar\/1ff3b89414668243258c5ed26b84872c273dcdf7fe7ee0c553a52e1b4c2002fd?s=96&d=mm&r=g","url":"https:\/\/secure.gravatar.com\/avatar\/1ff3b89414668243258c5ed26b84872c273dcdf7fe7ee0c553a52e1b4c2002fd?s=96&d=mm&r=g","contentUrl":"https:\/\/secure.gravatar.com\/avatar\/1ff3b89414668243258c5ed26b84872c273dcdf7fe7ee0c553a52e1b4c2002fd?s=96&d=mm&r=g","caption":"Simon Staffeldt Schou"},"url":"https:\/\/www.interforce.dk\/kl\/author\/simon\/"}]}},"_links":{"self":[{"href":"https:\/\/www.interforce.dk\/kl\/wp-json\/wp\/v2\/posts\/17809","targetHints":{"allow":["GET"]}}],"collection":[{"href":"https:\/\/www.interforce.dk\/kl\/wp-json\/wp\/v2\/posts"}],"about":[{"href":"https:\/\/www.interforce.dk\/kl\/wp-json\/wp\/v2\/types\/post"}],"author":[{"embeddable":true,"href":"https:\/\/www.interforce.dk\/kl\/wp-json\/wp\/v2\/users\/111"}],"replies":[{"embeddable":true,"href":"https:\/\/www.interforce.dk\/kl\/wp-json\/wp\/v2\/comments?post=17809"}],"version-history":[{"count":1,"href":"https:\/\/www.interforce.dk\/kl\/wp-json\/wp\/v2\/posts\/17809\/revisions"}],"predecessor-version":[{"id":17812,"href":"https:\/\/www.interforce.dk\/kl\/wp-json\/wp\/v2\/posts\/17809\/revisions\/17812"}],"wp:featuredmedia":[{"embeddable":true,"href":"https:\/\/www.interforce.dk\/kl\/wp-json\/wp\/v2\/media\/17811"}],"wp:attachment":[{"href":"https:\/\/www.interforce.dk\/kl\/wp-json\/wp\/v2\/media?parent=17809"}],"wp:term":[{"taxonomy":"category","embeddable":true,"href":"https:\/\/www.interforce.dk\/kl\/wp-json\/wp\/v2\/categories?post=17809"},{"taxonomy":"post_tag","embeddable":true,"href":"https:\/\/www.interforce.dk\/kl\/wp-json\/wp\/v2\/tags?post=17809"}],"curies":[{"name":"wp","href":"https:\/\/api.w.org\/{rel}","templated":true}]}}