{"id":17245,"date":"2025-03-07T10:12:53","date_gmt":"2025-03-07T10:12:53","guid":{"rendered":"https:\/\/www.interforce.dk\/?p=17245"},"modified":"2025-03-07T10:12:54","modified_gmt":"2025-03-07T10:12:54","slug":"gevinster-ved-civil-militaer-karriere","status":"publish","type":"post","link":"https:\/\/www.interforce.dk\/kl\/gevinster-ved-civil-militaer-karriere\/","title":{"rendered":"Gevinster ved civil-milit\u00e6r karriere"},"content":{"rendered":"<div class=\"block core-block core-block--paragraph\">\n      <div class=\"inner inner--small\">\n      \n<p><em>InterForce Region Hovedstaden satte onsdag aften fokus p\u00e5 den gavn, virksomheder kan have af ansatte, der b\u00e5de g\u00f8r civil karriere, og som er medlem af Reservestyrken.<\/em><\/p>\n\n      <\/div>\n  <\/div>\n<div class=\"block core-block core-block--paragraph\">\n      <div class=\"inner inner--small\">\n      \n<p>Af: Lars Kunov<br>Foto: Sine Lundby Brixen\/Lars Kunov<\/p>\n\n      <\/div>\n  <\/div>\n<div class=\"block core-block core-block--paragraph\">\n      <div class=\"inner inner--small\">\n      \n<p>Nordeas hoveds\u00e6de i \u00d8restaden dannede onsdag rammen om opl\u00e6g, dr\u00f8ftelser og refleksioner over, hvilken gavn en virksomhed kan have af ansatte, der ved siden af deres karriere i virksomheden er aktive i fx Hjemmev\u00e6rnet, Beredskabsstyrelsen eller Forsvaret.<\/p>\n\n      <\/div>\n  <\/div>\n<div class=\"block core-block core-block--paragraph\">\n      <div class=\"inner inner--small\">\n      \n<p>Ideen til arrangementet kommer fra kollegerne i InterForce Region Midtjylland. Det var da ogs\u00e5 professor Lotte B\u00f8gh Andersen fra Kong Frederiks Center for Offentlig Ledelse, der var aftenens moderator. Professoren er selv et eksempel p\u00e5 den dobbelte karriere, da hun er aktiv reserveofficer og ambassad\u00f8r for InterForce Region Midtjylland.<\/p>\n\n      <\/div>\n  <\/div>\n<div class=\"block core-block core-block--image\">\n      <div class=\"inner inner--small\">\n      \n<figure class=\"wp-block-image size-large\"><img loading=\"lazy\" decoding=\"async\" width=\"1024\" height=\"768\" src=\"https:\/\/www.interforce.dk\/app\/uploads\/2025\/03\/IMG_2625-1024x768.jpeg\" alt=\"\" class=\"wp-image-17252\" srcset=\"https:\/\/www.interforce.dk\/app\/uploads\/2025\/03\/IMG_2625-1024x768.jpeg 1024w, https:\/\/www.interforce.dk\/app\/uploads\/2025\/03\/IMG_2625-300x225.jpeg 300w, https:\/\/www.interforce.dk\/app\/uploads\/2025\/03\/IMG_2625-768x576.jpeg 768w, https:\/\/www.interforce.dk\/app\/uploads\/2025\/03\/IMG_2625-1536x1152.jpeg 1536w, https:\/\/www.interforce.dk\/app\/uploads\/2025\/03\/IMG_2625-2048x1536.jpeg 2048w, https:\/\/www.interforce.dk\/app\/uploads\/2025\/03\/IMG_2625-16x12.jpeg 16w\" sizes=\"auto, (max-width: 1024px) 100vw, 1024px\" \/><figcaption class=\"wp-element-caption\"><em>Professor Lotte B\u00f8gh Andersen var aftenens moderator. Hun er selv aktiv reserveofficer ved siden af sit civile arbejde.<\/em><\/figcaption><\/figure>\n\n      <\/div>\n  <\/div>\n<div class=\"block core-block core-block--heading\">\n      <div class=\"inner inner--small\">\n      \n<h2 class=\"wp-block-heading\">Velkomst<\/h2>\n\n      <\/div>\n  <\/div>\n<div class=\"block core-block core-block--paragraph\">\n      <div class=\"inner inner--small\">\n      \n<p>Oberst Peer Sander Rouff, milit\u00e6r koordinator for InterForce Region Hovedstaden, b\u00f8d velkommen til arrangementet. Obersten har for vane at give en lille sikkerhedspolitisk appetizer. <\/p>\n\n      <\/div>\n  <\/div>\n<div class=\"block core-block core-block--image\">\n      <div class=\"inner inner--small\">\n      \n<figure class=\"wp-block-image size-large\"><img loading=\"lazy\" decoding=\"async\" width=\"1024\" height=\"768\" src=\"https:\/\/www.interforce.dk\/app\/uploads\/2025\/03\/IMG_2593-1024x768.jpeg\" alt=\"\" class=\"wp-image-17250\" srcset=\"https:\/\/www.interforce.dk\/app\/uploads\/2025\/03\/IMG_2593-1024x768.jpeg 1024w, https:\/\/www.interforce.dk\/app\/uploads\/2025\/03\/IMG_2593-300x225.jpeg 300w, https:\/\/www.interforce.dk\/app\/uploads\/2025\/03\/IMG_2593-768x576.jpeg 768w, https:\/\/www.interforce.dk\/app\/uploads\/2025\/03\/IMG_2593-1536x1152.jpeg 1536w, https:\/\/www.interforce.dk\/app\/uploads\/2025\/03\/IMG_2593-2048x1536.jpeg 2048w, https:\/\/www.interforce.dk\/app\/uploads\/2025\/03\/IMG_2593-16x12.jpeg 16w\" sizes=\"auto, (max-width: 1024px) 100vw, 1024px\" \/><figcaption class=\"wp-element-caption\"><em>Oberst Peer Sander Rouff satte scenen med fokus p\u00e5 den alvorlige sikkerhedssituation, vi befinder os i.<\/em><\/figcaption><\/figure>\n\n      <\/div>\n  <\/div>\n<div class=\"block core-block core-block--paragraph\">\n      <div class=\"inner inner--small\">\n      \n<p>Den blev denne gang givet i lyset af den alvorlige situation, Europa st\u00e5r i. Hvis nogen kunne v\u00e6re i tvivl om situationens alvor, opfordrede obersten til at l\u00e6se Forsvarets Efterretningstjenestes ikke-klassificerede trusselsvurdering\u00a0<em>Udsyn<\/em> (<a href=\"https:\/\/www.fe-ddis.dk\/da\/produkter\/Risikovurdering\/risikovurdering\/udsyn-2024\/\" target=\"_blank\" rel=\"noreferrer noopener\">klik her for at l\u00e6se vurderingen<\/a>).<\/p>\n\n      <\/div>\n  <\/div>\n<div class=\"block core-block core-block--paragraph\">\n      <div class=\"inner inner--small\">\n      \n<p>Herefter b\u00f8d aftenens v\u00e6rt, People Business Partner, Group Funktions Peter S\u00f8lund, Nordea, velkommen til Nordeas hoveds\u00e6de og fortalte om stedet og om Nordea som virksomhed.<\/p>\n\n      <\/div>\n  <\/div>\n<div class=\"block core-block core-block--image\">\n      <div class=\"inner inner--small\">\n      \n<figure class=\"wp-block-image size-large\"><img loading=\"lazy\" decoding=\"async\" width=\"1024\" height=\"768\" src=\"https:\/\/www.interforce.dk\/app\/uploads\/2025\/03\/IMG_2692-1024x768.jpeg\" alt=\"\" class=\"wp-image-17255\" srcset=\"https:\/\/www.interforce.dk\/app\/uploads\/2025\/03\/IMG_2692-1024x768.jpeg 1024w, https:\/\/www.interforce.dk\/app\/uploads\/2025\/03\/IMG_2692-300x225.jpeg 300w, https:\/\/www.interforce.dk\/app\/uploads\/2025\/03\/IMG_2692-768x576.jpeg 768w, https:\/\/www.interforce.dk\/app\/uploads\/2025\/03\/IMG_2692-1536x1152.jpeg 1536w, https:\/\/www.interforce.dk\/app\/uploads\/2025\/03\/IMG_2692-2048x1536.jpeg 2048w, https:\/\/www.interforce.dk\/app\/uploads\/2025\/03\/IMG_2692-16x12.jpeg 16w\" sizes=\"auto, (max-width: 1024px) 100vw, 1024px\" \/><figcaption class=\"wp-element-caption\"><em>Aftenens v\u00e6rt hos Nordea, Peter S\u00f8lund, b\u00f8d velkommen til aftenens InterForce-arrangement<\/em><\/figcaption><\/figure>\n\n      <\/div>\n  <\/div>\n<div class=\"block core-block core-block--heading\">\n      <div class=\"inner inner--small\">\n      \n<h2 class=\"wp-block-heading\">Reservestyrkens kompetencer<\/h2>\n\n      <\/div>\n  <\/div>\n<div class=\"block core-block core-block--paragraph\">\n      <div class=\"inner inner--small\">\n      \n<p>Det f\u00f8rste indl\u00e6g blev givet af oberst Flemming Meinertz, chef for Hjemmev\u00e6rnsskolen. Han gav tilh\u00f8rerne et indblik i de mange uddannelser, skolen udbyder til de frivillige soldater af alle grader fra alle tre v\u00e6rn.<\/p>\n\n      <\/div>\n  <\/div>\n<div class=\"block core-block core-block--image\">\n      <div class=\"inner inner--small\">\n      \n<figure class=\"wp-block-image size-large\"><img loading=\"lazy\" decoding=\"async\" width=\"768\" height=\"1024\" src=\"https:\/\/www.interforce.dk\/app\/uploads\/2025\/03\/IMG_2618-768x1024.jpeg\" alt=\"\" class=\"wp-image-17260\" srcset=\"https:\/\/www.interforce.dk\/app\/uploads\/2025\/03\/IMG_2618-768x1024.jpeg 768w, https:\/\/www.interforce.dk\/app\/uploads\/2025\/03\/IMG_2618-225x300.jpeg 225w, https:\/\/www.interforce.dk\/app\/uploads\/2025\/03\/IMG_2618-1152x1536.jpeg 1152w, https:\/\/www.interforce.dk\/app\/uploads\/2025\/03\/IMG_2618-1536x2048.jpeg 1536w, https:\/\/www.interforce.dk\/app\/uploads\/2025\/03\/IMG_2618-9x12.jpeg 9w, https:\/\/www.interforce.dk\/app\/uploads\/2025\/03\/IMG_2618-scaled.jpeg 1920w\" sizes=\"auto, (max-width: 768px) 100vw, 768px\" \/><figcaption class=\"wp-element-caption\"><em>Chefen for Hjemmev\u00e6rnsskolen, Flemming Meinertz, gav et indblik i, hvordan skolen uddanner sine frivillige, s\u00e5 de kan st\u00f8tte op om Forsvaret, politiet og beredskabet<\/em><\/figcaption><\/figure>\n\n      <\/div>\n  <\/div>\n<div class=\"block core-block core-block--paragraph\">\n      <div class=\"inner inner--small\">\n      \n<p>De typiske kursister er frivillige, for hvem kurser og uddannelse er den eneste betaling, de f\u00e5r. Netop de kompetencer, de f\u00e5r i deres uddannelser, og de erfaringer, de f\u00e5r senere, giver konkrete fagligheder og kompetencer, som ogs\u00e5 giver v\u00e6rdi i de frivillige soldaters civile karriere. Obersten afsluttede med en r\u00e6kke eksempler og citater fra tidligere elever.<\/p>\n\n      <\/div>\n  <\/div>\n<div class=\"block core-block core-block--heading\">\n      <div class=\"inner inner--small\">\n      \n<h2 class=\"wp-block-heading\">Dobbelt karriere i praksis<\/h2>\n\n      <\/div>\n  <\/div>\n<div class=\"block core-block core-block--paragraph\">\n      <div class=\"inner inner--small\">\n      \n<p>Fra det civile erhvervsliv var det partner, advokat og major S\u00f8ren Skibsted, der holdt opl\u00e6g om det at have en dual karriere.<\/p>\n\n      <\/div>\n  <\/div>\n<div class=\"block core-block core-block--image\">\n      <div class=\"inner inner--small\">\n      \n<figure class=\"wp-block-image size-large\"><img loading=\"lazy\" decoding=\"async\" width=\"768\" height=\"1024\" src=\"https:\/\/www.interforce.dk\/app\/uploads\/2025\/03\/IMG_2641-768x1024.jpeg\" alt=\"\" class=\"wp-image-17253\" srcset=\"https:\/\/www.interforce.dk\/app\/uploads\/2025\/03\/IMG_2641-768x1024.jpeg 768w, https:\/\/www.interforce.dk\/app\/uploads\/2025\/03\/IMG_2641-225x300.jpeg 225w, https:\/\/www.interforce.dk\/app\/uploads\/2025\/03\/IMG_2641-1152x1536.jpeg 1152w, https:\/\/www.interforce.dk\/app\/uploads\/2025\/03\/IMG_2641-1536x2048.jpeg 1536w, https:\/\/www.interforce.dk\/app\/uploads\/2025\/03\/IMG_2641-9x12.jpeg 9w, https:\/\/www.interforce.dk\/app\/uploads\/2025\/03\/IMG_2641-scaled.jpeg 1920w\" sizes=\"auto, (max-width: 768px) 100vw, 768px\" \/><figcaption class=\"wp-element-caption\"><em>Advokat S\u00f8ren Skibsted er major af Reserven. Han fortalte om, hvordan man b\u00e5de kan have en civil og milit\u00e6r karriere. <\/em><\/figcaption><\/figure>\n\n      <\/div>\n  <\/div>\n<div class=\"block core-block core-block--paragraph\">\n      <div class=\"inner inner--small\">\n      \n<p>S\u00f8ren kunne fort\u00e6lle, hvordan hans erfaringer og internationale netv\u00e6rk fra Forsvaret kom ham til gavn i en konkret forhandling om bistand til flyproducenten Lockheed Martin i forbindelse med udbuddet af kampfly.<\/p>\n\n      <\/div>\n  <\/div>\n<div class=\"block core-block core-block--paragraph\">\n      <div class=\"inner inner--small\">\n      \n<p>Han kunne ogs\u00e5 berette om det, der skaber og driver motivationen i advokatlivet og i den milit\u00e6re karriere, herunder hvilke muligheder og udfordringer der er i familielivets forskellige faser.<\/p>\n\n      <\/div>\n  <\/div>\n<div class=\"block core-block core-block--heading\">\n      <div class=\"inner inner--small\">\n      \n<h2 class=\"wp-block-heading\">Erhvervslivets vinkel<\/h2>\n\n      <\/div>\n  <\/div>\n<div class=\"block core-block core-block--paragraph\">\n      <div class=\"inner inner--small\">\n      \n<p>Peter S\u00f8lund, Nordea, gav erhvervslivets vinkel, hvor det at sikre tilfredse aktion\u00e6rer ikke st\u00e5r i mods\u00e6tning til ogs\u00e5 at arbejde for \u201c\u2026a greater good.\u201d<\/p>\n\n      <\/div>\n  <\/div>\n<div class=\"block core-block core-block--image\">\n      <div class=\"inner inner--small\">\n      \n<figure class=\"wp-block-image size-large\"><img loading=\"lazy\" decoding=\"async\" width=\"768\" height=\"1024\" src=\"https:\/\/www.interforce.dk\/app\/uploads\/2025\/03\/IMG_2601-768x1024.jpeg\" alt=\"\" class=\"wp-image-17251\" srcset=\"https:\/\/www.interforce.dk\/app\/uploads\/2025\/03\/IMG_2601-768x1024.jpeg 768w, https:\/\/www.interforce.dk\/app\/uploads\/2025\/03\/IMG_2601-225x300.jpeg 225w, https:\/\/www.interforce.dk\/app\/uploads\/2025\/03\/IMG_2601-1152x1536.jpeg 1152w, https:\/\/www.interforce.dk\/app\/uploads\/2025\/03\/IMG_2601-1536x2048.jpeg 1536w, https:\/\/www.interforce.dk\/app\/uploads\/2025\/03\/IMG_2601-9x12.jpeg 9w, https:\/\/www.interforce.dk\/app\/uploads\/2025\/03\/IMG_2601-scaled.jpeg 1920w\" sizes=\"auto, (max-width: 768px) 100vw, 768px\" \/><figcaption class=\"wp-element-caption\"><em>If\u00f8lge Peter S\u00f8lund, Nordea, f\u00e5r medarbejdere, der g\u00f8r tjeneste i uniform, en r\u00e6kke gode kompetencer med sig, som de kan bruge i det daglige i virksomheden <\/em><\/figcaption><\/figure>\n\n      <\/div>\n  <\/div>\n<div class=\"block core-block core-block--paragraph\">\n      <div class=\"inner inner--small\">\n      \n<p>Risikoen for, at man i en skarpere situation har medarbejdere, der skal g\u00f8re milit\u00e6r tjeneste, bliver klart opvejet i hverdagen. Peter S\u00f8lund fremh\u00e6vede blandt andet det ekstra gear og nogle af de s\u00e6rlige gode kompetencer, han oplever hos mange af de medarbejdere, der ogs\u00e5 er i Reservestyrken.<\/p>\n\n      <\/div>\n  <\/div>\n<div class=\"block core-block core-block--heading\">\n      <div class=\"inner inner--small\">\n      \n<h2 class=\"wp-block-heading\">Gruppedr\u00f8ftelser, debat og perspektivering<\/h2>\n\n      <\/div>\n  <\/div>\n<div class=\"block core-block core-block--paragraph\">\n      <div class=\"inner inner--small\">\n      \n<p>Efter indl\u00e6ggene var der mulighed for i grupper at dr\u00f8fte opl\u00e6ggene, og hvordan den dobbelte karriere underst\u00f8tter styrket ledelse, b\u00e5de civilt og milit\u00e6rt.<\/p>\n\n      <\/div>\n  <\/div>\n<div class=\"block core-block core-block--image\">\n      <div class=\"inner inner--small\">\n      \n<figure class=\"wp-block-image size-large\"><img loading=\"lazy\" decoding=\"async\" width=\"1024\" height=\"768\" src=\"https:\/\/www.interforce.dk\/app\/uploads\/2025\/03\/IMG_2711-1024x768.jpeg\" alt=\"\" class=\"wp-image-17257\" srcset=\"https:\/\/www.interforce.dk\/app\/uploads\/2025\/03\/IMG_2711-1024x768.jpeg 1024w, https:\/\/www.interforce.dk\/app\/uploads\/2025\/03\/IMG_2711-300x225.jpeg 300w, https:\/\/www.interforce.dk\/app\/uploads\/2025\/03\/IMG_2711-768x576.jpeg 768w, https:\/\/www.interforce.dk\/app\/uploads\/2025\/03\/IMG_2711-1536x1152.jpeg 1536w, https:\/\/www.interforce.dk\/app\/uploads\/2025\/03\/IMG_2711-2048x1536.jpeg 2048w, https:\/\/www.interforce.dk\/app\/uploads\/2025\/03\/IMG_2711-16x12.jpeg 16w\" sizes=\"auto, (max-width: 1024px) 100vw, 1024px\" \/><figcaption class=\"wp-element-caption\"><em>Som et supplement til indl\u00e6ggene diskuterede man i grupper, hvordan den milit\u00e6re og civile verden kan f\u00e5 nytte af hinanden<\/em><\/figcaption><\/figure>\n\n      <\/div>\n  <\/div>\n<div class=\"block core-block core-block--paragraph\">\n      <div class=\"inner inner--small\">\n      \n<p>En pointe var, at Forsvaret ogs\u00e5 har stor gl\u00e6de af reservister og frivillige, der tager deres civile ledelseserfaringer med ind i Forsvaret. Der blev ogs\u00e5 talt om v\u00e6rdien af at se p\u00e5 reservistens samlede kompetencer og ikke alene den milit\u00e6re uddannelse og grad.<\/p>\n\n      <\/div>\n  <\/div>\n<div class=\"block core-block core-block--paragraph\">\n      <div class=\"inner inner--small\">\n      \n<p>Lotte B\u00f8gh Andersen samlede op p\u00e5 aftenens opl\u00e6g og debat og satte aftenen i et forskningsm\u00e6ssigt perspektiv.<\/p>\n\n      <\/div>\n  <\/div>\n<div class=\"block core-block core-block--heading\">\n      <div class=\"inner inner--small\">\n      \n<h2 class=\"wp-block-heading\">Afslutning og tak<\/h2>\n\n      <\/div>\n  <\/div>\n<div class=\"block core-block core-block--paragraph\">\n      <div class=\"inner inner--small\">\n      \n<p>Den inspirerende aften blev rundet af med en fremragende buffet arrangeret af Nordea. Her fortsatte dr\u00f8ftelserne, gamle netv\u00e6rk blev opfrisket, og nye blev skabt.<\/p>\n\n      <\/div>\n  <\/div>\n<div class=\"block core-block core-block--image\">\n      <div class=\"inner inner--small\">\n      \n<figure class=\"wp-block-image size-large\"><img loading=\"lazy\" decoding=\"async\" width=\"1024\" height=\"768\" src=\"https:\/\/www.interforce.dk\/app\/uploads\/2025\/03\/IMG_2731-1024x768.jpeg\" alt=\"\" class=\"wp-image-17259\" srcset=\"https:\/\/www.interforce.dk\/app\/uploads\/2025\/03\/IMG_2731-1024x768.jpeg 1024w, https:\/\/www.interforce.dk\/app\/uploads\/2025\/03\/IMG_2731-300x225.jpeg 300w, https:\/\/www.interforce.dk\/app\/uploads\/2025\/03\/IMG_2731-768x576.jpeg 768w, https:\/\/www.interforce.dk\/app\/uploads\/2025\/03\/IMG_2731-1536x1152.jpeg 1536w, https:\/\/www.interforce.dk\/app\/uploads\/2025\/03\/IMG_2731-2048x1536.jpeg 2048w, https:\/\/www.interforce.dk\/app\/uploads\/2025\/03\/IMG_2731-16x12.jpeg 16w\" sizes=\"auto, (max-width: 1024px) 100vw, 1024px\" \/><figcaption class=\"wp-element-caption\"><em>Efter arrangementet havde Nordea s\u00f8rget for buffet, hvor man kunne netv\u00e6rke og dr\u00f8fte aftenens indl\u00e6g.<\/em><\/figcaption><\/figure>\n\n      <\/div>\n  <\/div>\n<div class=\"block core-block core-block--paragraph\">\n      <div class=\"inner inner--small\">\n      \n<p>InterForce Region Hovedstaden sender en stor tak til opl\u00e6gsholderne, moderator og de fremm\u00f8dte. Der skal rettes en s\u00e6rlig tak til Nordea for at l\u00e6gge faciliteter til, for stor st\u00f8tte i det praktiske, en flot buffet og et sp\u00e6ndende indl\u00e6g.<\/p>\n\n      <\/div>\n  <\/div>\n<div class=\"block core-block core-block--image\">\n      <div class=\"inner inner--small\">\n      \n<figure class=\"wp-block-image size-large\"><img loading=\"lazy\" decoding=\"async\" width=\"768\" height=\"1024\" src=\"https:\/\/www.interforce.dk\/app\/uploads\/2025\/03\/IMG_0090-768x1024.jpeg\" alt=\"\" class=\"wp-image-17249\" srcset=\"https:\/\/www.interforce.dk\/app\/uploads\/2025\/03\/IMG_0090-768x1024.jpeg 768w, https:\/\/www.interforce.dk\/app\/uploads\/2025\/03\/IMG_0090-225x300.jpeg 225w, https:\/\/www.interforce.dk\/app\/uploads\/2025\/03\/IMG_0090-1152x1536.jpeg 1152w, https:\/\/www.interforce.dk\/app\/uploads\/2025\/03\/IMG_0090-1536x2048.jpeg 1536w, https:\/\/www.interforce.dk\/app\/uploads\/2025\/03\/IMG_0090-9x12.jpeg 9w, https:\/\/www.interforce.dk\/app\/uploads\/2025\/03\/IMG_0090-scaled.jpeg 1920w\" sizes=\"auto, (max-width: 768px) 100vw, 768px\" \/><\/figure>\n\n      <\/div>\n  <\/div>\n<div class=\"block core-block core-block--heading\">\n      <div class=\"inner inner--small\">\n      \n<h2 class=\"wp-block-heading\">InterForce Pillugu<\/h2>\n\n      <\/div>\n  <\/div>\n<div class=\"block core-block core-block--paragraph\">\n      <div class=\"inner inner--small\">\n      \n<p>InterForce er et samarbejde mellem Forsvaret og den private og offentlige sektor med det form\u00e5l at forbedre vilk\u00e5rene for personer med dualt ansvar. Samtidig arbejder InterForce for at styrke Forsvarets og Hjemmev\u00e6rnets mulighed for at nyttigg\u00f8re reservestyrkens kompetencer gennem erhvervslivets goodwill og samfundssind.<\/p>\n\n      <\/div>\n  <\/div>\n<div class=\"block core-block core-block--paragraph\">\n      <div class=\"inner inner--small\">\n      \n<p>L\u00e6s mere om <a href=\"https:\/\/www.interforce.dk\/kl\/om-interforce\/\" target=\"_blank\" rel=\"noreferrer noopener\">InterForce her<\/a>.<\/p>\n\n      <\/div>\n  <\/div>","protected":false},"excerpt":{"rendered":"Virksomheder har stor gavn af medarbejdere, der g\u00f8r tjeneste i uniform...","protected":false},"author":2,"featured_media":17196,"comment_status":"closed","ping_status":"closed","sticky":false,"template":"","format":"standard","meta":{"_acf_changed":false,"footnotes":""},"categories":[13,1],"tags":[55],"class_list":["post-17245","post","type-post","status-publish","format-standard","has-post-thumbnail","hentry","category-events","category-uncategorized-da","tag-tag-hovedstaden"],"acf":[],"yoast_head":"<!-- This site is optimized with the Yoast SEO plugin v27.3 - https:\/\/yoast.com\/product\/yoast-seo-wordpress\/ -->\n<title>Gevinster ved civil-milit\u00e6r karriere - InterForce<\/title>\n<meta name=\"robots\" content=\"index, follow, max-snippet:-1, max-image-preview:large, max-video-preview:-1\" \/>\n<link rel=\"canonical\" href=\"https:\/\/www.interforce.dk\/kl\/gevinster-ved-civil-militaer-karriere\/\" \/>\n<meta property=\"og:locale\" content=\"en_US\" \/>\n<meta property=\"og:type\" content=\"article\" \/>\n<meta property=\"og:title\" content=\"Gevinster ved civil-milit\u00e6r karriere - InterForce\" \/>\n<meta property=\"og:description\" content=\"Virksomheder har stor gavn af medarbejdere, der g\u00f8r tjeneste i uniform\" \/>\n<meta property=\"og:url\" content=\"https:\/\/www.interforce.dk\/kl\/gevinster-ved-civil-militaer-karriere\/\" \/>\n<meta property=\"og:site_name\" content=\"InterForce\" \/>\n<meta property=\"article:published_time\" content=\"2025-03-07T10:12:53+00:00\" \/>\n<meta property=\"article:modified_time\" content=\"2025-03-07T10:12:54+00:00\" \/>\n<meta property=\"og:image\" content=\"https:\/\/www.interforce.dk\/app\/uploads\/2025\/02\/Martin-03-4.jpg\" \/>\n\t<meta property=\"og:image:width\" content=\"1365\" \/>\n\t<meta property=\"og:image:height\" content=\"2048\" \/>\n\t<meta property=\"og:image:type\" content=\"image\/jpeg\" \/>\n<meta name=\"author\" content=\"InterForce\" \/>\n<meta name=\"twitter:card\" content=\"summary_large_image\" \/>\n<meta name=\"twitter:label1\" content=\"Written by\" \/>\n\t<meta name=\"twitter:data1\" content=\"InterForce\" \/>\n\t<meta name=\"twitter:label2\" content=\"Est. reading time\" \/>\n\t<meta name=\"twitter:data2\" content=\"5 minutes\" \/>\n<script type=\"application\/ld+json\" class=\"yoast-schema-graph\">{\"@context\":\"https:\\\/\\\/schema.org\",\"@graph\":[{\"@type\":\"Article\",\"@id\":\"https:\\\/\\\/www.interforce.dk\\\/gevinster-ved-civil-militaer-karriere\\\/#article\",\"isPartOf\":{\"@id\":\"https:\\\/\\\/www.interforce.dk\\\/gevinster-ved-civil-militaer-karriere\\\/\"},\"author\":{\"name\":\"InterForce\",\"@id\":\"https:\\\/\\\/www.interforce.dk\\\/#\\\/schema\\\/person\\\/e0192b63d0a5b8f69ae146e87f7116fb\"},\"headline\":\"Gevinster ved civil-milit\u00e6r karriere\",\"datePublished\":\"2025-03-07T10:12:53+00:00\",\"dateModified\":\"2025-03-07T10:12:54+00:00\",\"mainEntityOfPage\":{\"@id\":\"https:\\\/\\\/www.interforce.dk\\\/gevinster-ved-civil-militaer-karriere\\\/\"},\"wordCount\":908,\"image\":{\"@id\":\"https:\\\/\\\/www.interforce.dk\\\/gevinster-ved-civil-militaer-karriere\\\/#primaryimage\"},\"thumbnailUrl\":\"https:\\\/\\\/www.interforce.dk\\\/app\\\/uploads\\\/2025\\\/02\\\/Martin-03-4.jpg\",\"keywords\":[\"Tag:Hovedstaden\"],\"articleSection\":[\"Arrangementsomtale\",\"Uncategorized @da\"],\"inLanguage\":\"kl-GL\"},{\"@type\":\"WebPage\",\"@id\":\"https:\\\/\\\/www.interforce.dk\\\/gevinster-ved-civil-militaer-karriere\\\/\",\"url\":\"https:\\\/\\\/www.interforce.dk\\\/gevinster-ved-civil-militaer-karriere\\\/\",\"name\":\"Gevinster ved civil-milit\u00e6r karriere - InterForce\",\"isPartOf\":{\"@id\":\"https:\\\/\\\/www.interforce.dk\\\/#website\"},\"primaryImageOfPage\":{\"@id\":\"https:\\\/\\\/www.interforce.dk\\\/gevinster-ved-civil-militaer-karriere\\\/#primaryimage\"},\"image\":{\"@id\":\"https:\\\/\\\/www.interforce.dk\\\/gevinster-ved-civil-militaer-karriere\\\/#primaryimage\"},\"thumbnailUrl\":\"https:\\\/\\\/www.interforce.dk\\\/app\\\/uploads\\\/2025\\\/02\\\/Martin-03-4.jpg\",\"datePublished\":\"2025-03-07T10:12:53+00:00\",\"dateModified\":\"2025-03-07T10:12:54+00:00\",\"author\":{\"@id\":\"https:\\\/\\\/www.interforce.dk\\\/#\\\/schema\\\/person\\\/e0192b63d0a5b8f69ae146e87f7116fb\"},\"breadcrumb\":{\"@id\":\"https:\\\/\\\/www.interforce.dk\\\/gevinster-ved-civil-militaer-karriere\\\/#breadcrumb\"},\"inLanguage\":\"kl-GL\",\"potentialAction\":[{\"@type\":\"ReadAction\",\"target\":[\"https:\\\/\\\/www.interforce.dk\\\/gevinster-ved-civil-militaer-karriere\\\/\"]}]},{\"@type\":\"ImageObject\",\"inLanguage\":\"kl-GL\",\"@id\":\"https:\\\/\\\/www.interforce.dk\\\/gevinster-ved-civil-militaer-karriere\\\/#primaryimage\",\"url\":\"https:\\\/\\\/www.interforce.dk\\\/app\\\/uploads\\\/2025\\\/02\\\/Martin-03-4.jpg\",\"contentUrl\":\"https:\\\/\\\/www.interforce.dk\\\/app\\\/uploads\\\/2025\\\/02\\\/Martin-03-4.jpg\",\"width\":1365,\"height\":2048},{\"@type\":\"BreadcrumbList\",\"@id\":\"https:\\\/\\\/www.interforce.dk\\\/gevinster-ved-civil-militaer-karriere\\\/#breadcrumb\",\"itemListElement\":[{\"@type\":\"ListItem\",\"position\":1,\"name\":\"Hjem\",\"item\":\"https:\\\/\\\/www.interforce.dk\\\/\"},{\"@type\":\"ListItem\",\"position\":2,\"name\":\"Gevinster ved civil-milit\u00e6r karriere\"}]},{\"@type\":\"WebSite\",\"@id\":\"https:\\\/\\\/www.interforce.dk\\\/#website\",\"url\":\"https:\\\/\\\/www.interforce.dk\\\/\",\"name\":\"InterForce\",\"description\":\"\",\"potentialAction\":[{\"@type\":\"SearchAction\",\"target\":{\"@type\":\"EntryPoint\",\"urlTemplate\":\"https:\\\/\\\/www.interforce.dk\\\/?s={search_term_string}\"},\"query-input\":{\"@type\":\"PropertyValueSpecification\",\"valueRequired\":true,\"valueName\":\"search_term_string\"}}],\"inLanguage\":\"kl-GL\"},{\"@type\":\"Person\",\"@id\":\"https:\\\/\\\/www.interforce.dk\\\/#\\\/schema\\\/person\\\/e0192b63d0a5b8f69ae146e87f7116fb\",\"name\":\"InterForce\",\"image\":{\"@type\":\"ImageObject\",\"inLanguage\":\"kl-GL\",\"@id\":\"https:\\\/\\\/secure.gravatar.com\\\/avatar\\\/2ca4b79c0fb3239b8666089682925a48076b8ca78fd38cf279aa4345189a33e3?s=96&d=mm&r=g\",\"url\":\"https:\\\/\\\/secure.gravatar.com\\\/avatar\\\/2ca4b79c0fb3239b8666089682925a48076b8ca78fd38cf279aa4345189a33e3?s=96&d=mm&r=g\",\"contentUrl\":\"https:\\\/\\\/secure.gravatar.com\\\/avatar\\\/2ca4b79c0fb3239b8666089682925a48076b8ca78fd38cf279aa4345189a33e3?s=96&d=mm&r=g\",\"caption\":\"InterForce\"},\"sameAs\":[\"https:\\\/\\\/www.interforce.dk\"],\"url\":\"https:\\\/\\\/www.interforce.dk\\\/kl\\\/author\\\/interforce\\\/\"}]}<\/script>\n<!-- \/ Yoast SEO plugin. -->","yoast_head_json":{"title":"Gevinster ved civil-milit\u00e6r karriere - InterForce","robots":{"index":"index","follow":"follow","max-snippet":"max-snippet:-1","max-image-preview":"max-image-preview:large","max-video-preview":"max-video-preview:-1"},"canonical":"https:\/\/www.interforce.dk\/kl\/gevinster-ved-civil-militaer-karriere\/","og_locale":"en_US","og_type":"article","og_title":"Gevinster ved civil-milit\u00e6r karriere - InterForce","og_description":"Virksomheder har stor gavn af medarbejdere, der g\u00f8r tjeneste i uniform","og_url":"https:\/\/www.interforce.dk\/kl\/gevinster-ved-civil-militaer-karriere\/","og_site_name":"InterForce","article_published_time":"2025-03-07T10:12:53+00:00","article_modified_time":"2025-03-07T10:12:54+00:00","og_image":[{"width":1365,"height":2048,"url":"https:\/\/www.interforce.dk\/app\/uploads\/2025\/02\/Martin-03-4.jpg","type":"image\/jpeg"}],"author":"InterForce","twitter_card":"summary_large_image","twitter_misc":{"Written by":"InterForce","Est. reading time":"5 minutes"},"schema":{"@context":"https:\/\/schema.org","@graph":[{"@type":"Article","@id":"https:\/\/www.interforce.dk\/gevinster-ved-civil-militaer-karriere\/#article","isPartOf":{"@id":"https:\/\/www.interforce.dk\/gevinster-ved-civil-militaer-karriere\/"},"author":{"name":"InterForce","@id":"https:\/\/www.interforce.dk\/#\/schema\/person\/e0192b63d0a5b8f69ae146e87f7116fb"},"headline":"Gevinster ved civil-milit\u00e6r karriere","datePublished":"2025-03-07T10:12:53+00:00","dateModified":"2025-03-07T10:12:54+00:00","mainEntityOfPage":{"@id":"https:\/\/www.interforce.dk\/gevinster-ved-civil-militaer-karriere\/"},"wordCount":908,"image":{"@id":"https:\/\/www.interforce.dk\/gevinster-ved-civil-militaer-karriere\/#primaryimage"},"thumbnailUrl":"https:\/\/www.interforce.dk\/app\/uploads\/2025\/02\/Martin-03-4.jpg","keywords":["Tag:Hovedstaden"],"articleSection":["Arrangementsomtale","Uncategorized @da"],"inLanguage":"kl-GL"},{"@type":"WebPage","@id":"https:\/\/www.interforce.dk\/gevinster-ved-civil-militaer-karriere\/","url":"https:\/\/www.interforce.dk\/gevinster-ved-civil-militaer-karriere\/","name":"Gevinster ved civil-milit\u00e6r karriere - InterForce","isPartOf":{"@id":"https:\/\/www.interforce.dk\/#website"},"primaryImageOfPage":{"@id":"https:\/\/www.interforce.dk\/gevinster-ved-civil-militaer-karriere\/#primaryimage"},"image":{"@id":"https:\/\/www.interforce.dk\/gevinster-ved-civil-militaer-karriere\/#primaryimage"},"thumbnailUrl":"https:\/\/www.interforce.dk\/app\/uploads\/2025\/02\/Martin-03-4.jpg","datePublished":"2025-03-07T10:12:53+00:00","dateModified":"2025-03-07T10:12:54+00:00","author":{"@id":"https:\/\/www.interforce.dk\/#\/schema\/person\/e0192b63d0a5b8f69ae146e87f7116fb"},"breadcrumb":{"@id":"https:\/\/www.interforce.dk\/gevinster-ved-civil-militaer-karriere\/#breadcrumb"},"inLanguage":"kl-GL","potentialAction":[{"@type":"ReadAction","target":["https:\/\/www.interforce.dk\/gevinster-ved-civil-militaer-karriere\/"]}]},{"@type":"ImageObject","inLanguage":"kl-GL","@id":"https:\/\/www.interforce.dk\/gevinster-ved-civil-militaer-karriere\/#primaryimage","url":"https:\/\/www.interforce.dk\/app\/uploads\/2025\/02\/Martin-03-4.jpg","contentUrl":"https:\/\/www.interforce.dk\/app\/uploads\/2025\/02\/Martin-03-4.jpg","width":1365,"height":2048},{"@type":"BreadcrumbList","@id":"https:\/\/www.interforce.dk\/gevinster-ved-civil-militaer-karriere\/#breadcrumb","itemListElement":[{"@type":"ListItem","position":1,"name":"Hjem","item":"https:\/\/www.interforce.dk\/"},{"@type":"ListItem","position":2,"name":"Gevinster ved civil-milit\u00e6r karriere"}]},{"@type":"WebSite","@id":"https:\/\/www.interforce.dk\/#website","url":"https:\/\/www.interforce.dk\/","name":"InterForce","description":"","potentialAction":[{"@type":"SearchAction","target":{"@type":"EntryPoint","urlTemplate":"https:\/\/www.interforce.dk\/?s={search_term_string}"},"query-input":{"@type":"PropertyValueSpecification","valueRequired":true,"valueName":"search_term_string"}}],"inLanguage":"kl-GL"},{"@type":"Person","@id":"https:\/\/www.interforce.dk\/#\/schema\/person\/e0192b63d0a5b8f69ae146e87f7116fb","name":"InterForce","image":{"@type":"ImageObject","inLanguage":"kl-GL","@id":"https:\/\/secure.gravatar.com\/avatar\/2ca4b79c0fb3239b8666089682925a48076b8ca78fd38cf279aa4345189a33e3?s=96&d=mm&r=g","url":"https:\/\/secure.gravatar.com\/avatar\/2ca4b79c0fb3239b8666089682925a48076b8ca78fd38cf279aa4345189a33e3?s=96&d=mm&r=g","contentUrl":"https:\/\/secure.gravatar.com\/avatar\/2ca4b79c0fb3239b8666089682925a48076b8ca78fd38cf279aa4345189a33e3?s=96&d=mm&r=g","caption":"InterForce"},"sameAs":["https:\/\/www.interforce.dk"],"url":"https:\/\/www.interforce.dk\/kl\/author\/interforce\/"}]}},"_links":{"self":[{"href":"https:\/\/www.interforce.dk\/kl\/wp-json\/wp\/v2\/posts\/17245","targetHints":{"allow":["GET"]}}],"collection":[{"href":"https:\/\/www.interforce.dk\/kl\/wp-json\/wp\/v2\/posts"}],"about":[{"href":"https:\/\/www.interforce.dk\/kl\/wp-json\/wp\/v2\/types\/post"}],"author":[{"embeddable":true,"href":"https:\/\/www.interforce.dk\/kl\/wp-json\/wp\/v2\/users\/2"}],"replies":[{"embeddable":true,"href":"https:\/\/www.interforce.dk\/kl\/wp-json\/wp\/v2\/comments?post=17245"}],"version-history":[{"count":3,"href":"https:\/\/www.interforce.dk\/kl\/wp-json\/wp\/v2\/posts\/17245\/revisions"}],"predecessor-version":[{"id":17263,"href":"https:\/\/www.interforce.dk\/kl\/wp-json\/wp\/v2\/posts\/17245\/revisions\/17263"}],"wp:featuredmedia":[{"embeddable":true,"href":"https:\/\/www.interforce.dk\/kl\/wp-json\/wp\/v2\/media\/17196"}],"wp:attachment":[{"href":"https:\/\/www.interforce.dk\/kl\/wp-json\/wp\/v2\/media?parent=17245"}],"wp:term":[{"taxonomy":"category","embeddable":true,"href":"https:\/\/www.interforce.dk\/kl\/wp-json\/wp\/v2\/categories?post=17245"},{"taxonomy":"post_tag","embeddable":true,"href":"https:\/\/www.interforce.dk\/kl\/wp-json\/wp\/v2\/tags?post=17245"}],"curies":[{"name":"wp","href":"https:\/\/api.w.org\/{rel}","templated":true}]}}