{"id":17133,"date":"2025-02-17T14:33:29","date_gmt":"2025-02-17T14:33:29","guid":{"rendered":"https:\/\/www.interforce.dk\/?p=17133"},"modified":"2025-02-17T14:33:29","modified_gmt":"2025-02-17T14:33:29","slug":"nye-tiltag-hos-interforce","status":"publish","type":"post","link":"https:\/\/www.interforce.dk\/kl\/nye-tiltag-hos-interforce\/","title":{"rendered":"Nye tiltag hos InterForce"},"content":{"rendered":"<div class=\"block core-block core-block--paragraph\">\n      <div class=\"inner inner--small\">\n      \n<p>Nu kan din virksomhed blive st\u00f8ttevirksomhed hos InterForce. Det betyder, at man giver minimum 5 dage fri med l\u00f8n om \u00e5ret til sine ansatte, der g\u00f8r tjeneste i uniform.<br><br>Man kan ogs\u00e5 fortsat blive medlemsvirksomhed, hvor man giver sine medarbejdere fri til tjeneste i uniform, n\u00e5r det er muligt. Du kan l\u00e6se mere om de to medlemstyper ved at <a href=\"https:\/\/www.interforce.dk\/kl\/medlems-eller-stoettevirksomhed\/\" target=\"_blank\" rel=\"noreferrer noopener\">atuagaqarit<\/a>.<br><br>Samtidig f\u00e5r InterForce et nyt logo. Logoet afspejler de prioriteter, der ligger foran Forsvaret og beredskabet: Rigsf\u00e6lleskabet, n\u00e6romr\u00e5det omkring Danmark og \u00f8st herfor samt inds\u00e6ttelser i verdens brandpunkter.<\/p>\n\n      <\/div>\n  <\/div>\n<div class=\"block core-block core-block--image align-center\">\n      <div class=\"inner inner--small\">\n      \n<figure class=\"wp-block-image aligncenter size-full\"><img loading=\"lazy\" decoding=\"async\" width=\"283\" height=\"283\" src=\"https:\/\/www.interforce.dk\/app\/uploads\/2025\/02\/INTERFORCE-stor-logo.png\" alt=\"\" class=\"wp-image-17134\" srcset=\"https:\/\/www.interforce.dk\/app\/uploads\/2025\/02\/INTERFORCE-stor-logo.png 283w, https:\/\/www.interforce.dk\/app\/uploads\/2025\/02\/INTERFORCE-stor-logo-12x12.png 12w\" sizes=\"auto, (max-width: 283px) 100vw, 283px\" \/><\/figure>\n\n      <\/div>\n  <\/div>\n<div class=\"block core-block core-block--paragraph\">\n      <div class=\"inner inner--small\">\n      \n<p>Senere p\u00e5 for\u00e5ret \u00e5bner InterForce en egentlig frontdesk. Den vil man kunne kontakte med sine sp\u00f8rgsm\u00e5l vedr\u00f8rende arrangementer og medlemskab. Man vil ogs\u00e5 kunne f\u00e5 vejledning til at finde vej ind til Forsvarsministeriets myndigheder.<br><br>Der vil komme mere information om det her p\u00e5 <a href=\"http:\/\/www.interforce.dk\/kl\/\">www.interforce.dk<\/a>. Alle InterForce-virksomheder vil ogs\u00e5 modtage en pakke med mere information i for\u00e5ret.<br><br>Formanden for InterForce, fhv. formand for Folketinget og fhv. minister Henrik Dam Kristensen, udtaler i den sammenh\u00e6ng:<br><br>\u201dDet er med gl\u00e6de, at vi nu kan melde de nye tiltag fra InterForce ud. I den urolige tid, vi lever i, er der vigtigt, at Kongerigets virksomheder bakker op om Forsvaret, Hjemmev\u00e6rnet og Beredskabsstyrelsen via medlemskab af InterForce, uanset type. Vi vil i l\u00f8bet af 2025 tillige se p\u00e5 vores governance, arrangementer mv. for at sikre st\u00f8rst muligt v\u00e6rdi af medlemsskabet. Jeg ser frem til de nye initiativer og h\u00e5ber, at mange virksomheder vil benytte lejligheden til at blive medlem af InterForce.\u201d<\/p>\n\n      <\/div>\n  <\/div>","protected":false},"excerpt":{"rendered":"Nu kan alle virksomheder blive st\u00f8ttevirksomheder hos InterForce...","protected":false},"author":111,"featured_media":17134,"comment_status":"closed","ping_status":"closed","sticky":false,"template":"","format":"standard","meta":{"_acf_changed":false,"footnotes":""},"categories":[12],"tags":[97],"class_list":["post-17133","post","type-post","status-publish","format-standard","has-post-thumbnail","hentry","category-nyt-om-if","tag-interforce"],"acf":[],"yoast_head":"<!-- This site is optimized with the Yoast SEO plugin v27.3 - https:\/\/yoast.com\/product\/yoast-seo-wordpress\/ -->\n<title>Nye tiltag hos InterForce - InterForce<\/title>\n<meta name=\"description\" content=\"Nu kan alle virksomheder, der \u00f8nsker det, blive st\u00f8ttevirksomheder hos InterForce. Samtidig f\u00e5r InterForce nyt logo og en kommende frontdesk.\" \/>\n<meta name=\"robots\" content=\"index, follow, max-snippet:-1, max-image-preview:large, max-video-preview:-1\" \/>\n<link rel=\"canonical\" href=\"https:\/\/www.interforce.dk\/kl\/nye-tiltag-hos-interforce\/\" \/>\n<meta property=\"og:locale\" content=\"en_US\" \/>\n<meta property=\"og:type\" content=\"article\" \/>\n<meta property=\"og:title\" content=\"Nye tiltag hos InterForce - InterForce\" \/>\n<meta property=\"og:description\" content=\"Nu kan alle virksomheder, der \u00f8nsker det, blive st\u00f8ttevirksomheder hos InterForce. Samtidig f\u00e5r InterForce nyt logo og en kommende frontdesk.\" \/>\n<meta property=\"og:url\" content=\"https:\/\/www.interforce.dk\/kl\/nye-tiltag-hos-interforce\/\" \/>\n<meta property=\"og:site_name\" content=\"InterForce\" \/>\n<meta property=\"article:published_time\" content=\"2025-02-17T14:33:29+00:00\" \/>\n<meta property=\"og:image\" content=\"https:\/\/www.interforce.dk\/app\/uploads\/2025\/02\/INTERFORCE-stor-logo.png\" \/>\n\t<meta property=\"og:image:width\" content=\"283\" \/>\n\t<meta property=\"og:image:height\" content=\"283\" \/>\n\t<meta property=\"og:image:type\" content=\"image\/png\" \/>\n<meta name=\"author\" content=\"Simon Staffeldt Schou\" \/>\n<meta name=\"twitter:card\" content=\"summary_large_image\" \/>\n<meta name=\"twitter:label1\" content=\"Written by\" \/>\n\t<meta name=\"twitter:data1\" content=\"Simon Staffeldt Schou\" \/>\n\t<meta name=\"twitter:label2\" content=\"Est. reading time\" \/>\n\t<meta name=\"twitter:data2\" content=\"1 minute\" \/>\n<script type=\"application\/ld+json\" class=\"yoast-schema-graph\">{\"@context\":\"https:\\\/\\\/schema.org\",\"@graph\":[{\"@type\":\"Article\",\"@id\":\"https:\\\/\\\/www.interforce.dk\\\/nye-tiltag-hos-interforce\\\/#article\",\"isPartOf\":{\"@id\":\"https:\\\/\\\/www.interforce.dk\\\/nye-tiltag-hos-interforce\\\/\"},\"author\":{\"name\":\"Simon Staffeldt Schou\",\"@id\":\"https:\\\/\\\/www.interforce.dk\\\/#\\\/schema\\\/person\\\/3604a2bb29e48048ea484fbfb3703fad\"},\"headline\":\"Nye tiltag hos InterForce\",\"datePublished\":\"2025-02-17T14:33:29+00:00\",\"mainEntityOfPage\":{\"@id\":\"https:\\\/\\\/www.interforce.dk\\\/nye-tiltag-hos-interforce\\\/\"},\"wordCount\":271,\"image\":{\"@id\":\"https:\\\/\\\/www.interforce.dk\\\/nye-tiltag-hos-interforce\\\/#primaryimage\"},\"thumbnailUrl\":\"https:\\\/\\\/www.interforce.dk\\\/app\\\/uploads\\\/2025\\\/02\\\/INTERFORCE-stor-logo.png\",\"keywords\":[\"InterForce\"],\"articleSection\":[\"Nyheder om InterForce\"],\"inLanguage\":\"kl-GL\"},{\"@type\":\"WebPage\",\"@id\":\"https:\\\/\\\/www.interforce.dk\\\/nye-tiltag-hos-interforce\\\/\",\"url\":\"https:\\\/\\\/www.interforce.dk\\\/nye-tiltag-hos-interforce\\\/\",\"name\":\"Nye tiltag hos InterForce - InterForce\",\"isPartOf\":{\"@id\":\"https:\\\/\\\/www.interforce.dk\\\/#website\"},\"primaryImageOfPage\":{\"@id\":\"https:\\\/\\\/www.interforce.dk\\\/nye-tiltag-hos-interforce\\\/#primaryimage\"},\"image\":{\"@id\":\"https:\\\/\\\/www.interforce.dk\\\/nye-tiltag-hos-interforce\\\/#primaryimage\"},\"thumbnailUrl\":\"https:\\\/\\\/www.interforce.dk\\\/app\\\/uploads\\\/2025\\\/02\\\/INTERFORCE-stor-logo.png\",\"datePublished\":\"2025-02-17T14:33:29+00:00\",\"author\":{\"@id\":\"https:\\\/\\\/www.interforce.dk\\\/#\\\/schema\\\/person\\\/3604a2bb29e48048ea484fbfb3703fad\"},\"description\":\"Nu kan alle virksomheder, der \u00f8nsker det, blive st\u00f8ttevirksomheder hos InterForce. Samtidig f\u00e5r InterForce nyt logo og en kommende frontdesk.\",\"breadcrumb\":{\"@id\":\"https:\\\/\\\/www.interforce.dk\\\/nye-tiltag-hos-interforce\\\/#breadcrumb\"},\"inLanguage\":\"kl-GL\",\"potentialAction\":[{\"@type\":\"ReadAction\",\"target\":[\"https:\\\/\\\/www.interforce.dk\\\/nye-tiltag-hos-interforce\\\/\"]}]},{\"@type\":\"ImageObject\",\"inLanguage\":\"kl-GL\",\"@id\":\"https:\\\/\\\/www.interforce.dk\\\/nye-tiltag-hos-interforce\\\/#primaryimage\",\"url\":\"https:\\\/\\\/www.interforce.dk\\\/app\\\/uploads\\\/2025\\\/02\\\/INTERFORCE-stor-logo.png\",\"contentUrl\":\"https:\\\/\\\/www.interforce.dk\\\/app\\\/uploads\\\/2025\\\/02\\\/INTERFORCE-stor-logo.png\",\"width\":283,\"height\":283},{\"@type\":\"BreadcrumbList\",\"@id\":\"https:\\\/\\\/www.interforce.dk\\\/nye-tiltag-hos-interforce\\\/#breadcrumb\",\"itemListElement\":[{\"@type\":\"ListItem\",\"position\":1,\"name\":\"Hjem\",\"item\":\"https:\\\/\\\/www.interforce.dk\\\/\"},{\"@type\":\"ListItem\",\"position\":2,\"name\":\"Nye tiltag hos InterForce\"}]},{\"@type\":\"WebSite\",\"@id\":\"https:\\\/\\\/www.interforce.dk\\\/#website\",\"url\":\"https:\\\/\\\/www.interforce.dk\\\/\",\"name\":\"InterForce\",\"description\":\"\",\"potentialAction\":[{\"@type\":\"SearchAction\",\"target\":{\"@type\":\"EntryPoint\",\"urlTemplate\":\"https:\\\/\\\/www.interforce.dk\\\/?s={search_term_string}\"},\"query-input\":{\"@type\":\"PropertyValueSpecification\",\"valueRequired\":true,\"valueName\":\"search_term_string\"}}],\"inLanguage\":\"kl-GL\"},{\"@type\":\"Person\",\"@id\":\"https:\\\/\\\/www.interforce.dk\\\/#\\\/schema\\\/person\\\/3604a2bb29e48048ea484fbfb3703fad\",\"name\":\"Simon Staffeldt Schou\",\"image\":{\"@type\":\"ImageObject\",\"inLanguage\":\"kl-GL\",\"@id\":\"https:\\\/\\\/secure.gravatar.com\\\/avatar\\\/1ff3b89414668243258c5ed26b84872c273dcdf7fe7ee0c553a52e1b4c2002fd?s=96&d=mm&r=g\",\"url\":\"https:\\\/\\\/secure.gravatar.com\\\/avatar\\\/1ff3b89414668243258c5ed26b84872c273dcdf7fe7ee0c553a52e1b4c2002fd?s=96&d=mm&r=g\",\"contentUrl\":\"https:\\\/\\\/secure.gravatar.com\\\/avatar\\\/1ff3b89414668243258c5ed26b84872c273dcdf7fe7ee0c553a52e1b4c2002fd?s=96&d=mm&r=g\",\"caption\":\"Simon Staffeldt Schou\"},\"url\":\"https:\\\/\\\/www.interforce.dk\\\/kl\\\/author\\\/simon\\\/\"}]}<\/script>\n<!-- \/ Yoast SEO plugin. -->","yoast_head_json":{"title":"Nye tiltag hos InterForce - InterForce","description":"Nu kan alle virksomheder, der \u00f8nsker det, blive st\u00f8ttevirksomheder hos InterForce. Samtidig f\u00e5r InterForce nyt logo og en kommende frontdesk.","robots":{"index":"index","follow":"follow","max-snippet":"max-snippet:-1","max-image-preview":"max-image-preview:large","max-video-preview":"max-video-preview:-1"},"canonical":"https:\/\/www.interforce.dk\/kl\/nye-tiltag-hos-interforce\/","og_locale":"en_US","og_type":"article","og_title":"Nye tiltag hos InterForce - InterForce","og_description":"Nu kan alle virksomheder, der \u00f8nsker det, blive st\u00f8ttevirksomheder hos InterForce. Samtidig f\u00e5r InterForce nyt logo og en kommende frontdesk.","og_url":"https:\/\/www.interforce.dk\/kl\/nye-tiltag-hos-interforce\/","og_site_name":"InterForce","article_published_time":"2025-02-17T14:33:29+00:00","og_image":[{"width":283,"height":283,"url":"https:\/\/www.interforce.dk\/app\/uploads\/2025\/02\/INTERFORCE-stor-logo.png","type":"image\/png"}],"author":"Simon Staffeldt Schou","twitter_card":"summary_large_image","twitter_misc":{"Written by":"Simon Staffeldt Schou","Est. reading time":"1 minute"},"schema":{"@context":"https:\/\/schema.org","@graph":[{"@type":"Article","@id":"https:\/\/www.interforce.dk\/nye-tiltag-hos-interforce\/#article","isPartOf":{"@id":"https:\/\/www.interforce.dk\/nye-tiltag-hos-interforce\/"},"author":{"name":"Simon Staffeldt Schou","@id":"https:\/\/www.interforce.dk\/#\/schema\/person\/3604a2bb29e48048ea484fbfb3703fad"},"headline":"Nye tiltag hos InterForce","datePublished":"2025-02-17T14:33:29+00:00","mainEntityOfPage":{"@id":"https:\/\/www.interforce.dk\/nye-tiltag-hos-interforce\/"},"wordCount":271,"image":{"@id":"https:\/\/www.interforce.dk\/nye-tiltag-hos-interforce\/#primaryimage"},"thumbnailUrl":"https:\/\/www.interforce.dk\/app\/uploads\/2025\/02\/INTERFORCE-stor-logo.png","keywords":["InterForce"],"articleSection":["Nyheder om InterForce"],"inLanguage":"kl-GL"},{"@type":"WebPage","@id":"https:\/\/www.interforce.dk\/nye-tiltag-hos-interforce\/","url":"https:\/\/www.interforce.dk\/nye-tiltag-hos-interforce\/","name":"Nye tiltag hos InterForce - InterForce","isPartOf":{"@id":"https:\/\/www.interforce.dk\/#website"},"primaryImageOfPage":{"@id":"https:\/\/www.interforce.dk\/nye-tiltag-hos-interforce\/#primaryimage"},"image":{"@id":"https:\/\/www.interforce.dk\/nye-tiltag-hos-interforce\/#primaryimage"},"thumbnailUrl":"https:\/\/www.interforce.dk\/app\/uploads\/2025\/02\/INTERFORCE-stor-logo.png","datePublished":"2025-02-17T14:33:29+00:00","author":{"@id":"https:\/\/www.interforce.dk\/#\/schema\/person\/3604a2bb29e48048ea484fbfb3703fad"},"description":"Nu kan alle virksomheder, der \u00f8nsker det, blive st\u00f8ttevirksomheder hos InterForce. Samtidig f\u00e5r InterForce nyt logo og en kommende frontdesk.","breadcrumb":{"@id":"https:\/\/www.interforce.dk\/nye-tiltag-hos-interforce\/#breadcrumb"},"inLanguage":"kl-GL","potentialAction":[{"@type":"ReadAction","target":["https:\/\/www.interforce.dk\/nye-tiltag-hos-interforce\/"]}]},{"@type":"ImageObject","inLanguage":"kl-GL","@id":"https:\/\/www.interforce.dk\/nye-tiltag-hos-interforce\/#primaryimage","url":"https:\/\/www.interforce.dk\/app\/uploads\/2025\/02\/INTERFORCE-stor-logo.png","contentUrl":"https:\/\/www.interforce.dk\/app\/uploads\/2025\/02\/INTERFORCE-stor-logo.png","width":283,"height":283},{"@type":"BreadcrumbList","@id":"https:\/\/www.interforce.dk\/nye-tiltag-hos-interforce\/#breadcrumb","itemListElement":[{"@type":"ListItem","position":1,"name":"Hjem","item":"https:\/\/www.interforce.dk\/"},{"@type":"ListItem","position":2,"name":"Nye tiltag hos InterForce"}]},{"@type":"WebSite","@id":"https:\/\/www.interforce.dk\/#website","url":"https:\/\/www.interforce.dk\/","name":"InterForce","description":"","potentialAction":[{"@type":"SearchAction","target":{"@type":"EntryPoint","urlTemplate":"https:\/\/www.interforce.dk\/?s={search_term_string}"},"query-input":{"@type":"PropertyValueSpecification","valueRequired":true,"valueName":"search_term_string"}}],"inLanguage":"kl-GL"},{"@type":"Person","@id":"https:\/\/www.interforce.dk\/#\/schema\/person\/3604a2bb29e48048ea484fbfb3703fad","name":"Simon Staffeldt Schou","image":{"@type":"ImageObject","inLanguage":"kl-GL","@id":"https:\/\/secure.gravatar.com\/avatar\/1ff3b89414668243258c5ed26b84872c273dcdf7fe7ee0c553a52e1b4c2002fd?s=96&d=mm&r=g","url":"https:\/\/secure.gravatar.com\/avatar\/1ff3b89414668243258c5ed26b84872c273dcdf7fe7ee0c553a52e1b4c2002fd?s=96&d=mm&r=g","contentUrl":"https:\/\/secure.gravatar.com\/avatar\/1ff3b89414668243258c5ed26b84872c273dcdf7fe7ee0c553a52e1b4c2002fd?s=96&d=mm&r=g","caption":"Simon Staffeldt Schou"},"url":"https:\/\/www.interforce.dk\/kl\/author\/simon\/"}]}},"_links":{"self":[{"href":"https:\/\/www.interforce.dk\/kl\/wp-json\/wp\/v2\/posts\/17133","targetHints":{"allow":["GET"]}}],"collection":[{"href":"https:\/\/www.interforce.dk\/kl\/wp-json\/wp\/v2\/posts"}],"about":[{"href":"https:\/\/www.interforce.dk\/kl\/wp-json\/wp\/v2\/types\/post"}],"author":[{"embeddable":true,"href":"https:\/\/www.interforce.dk\/kl\/wp-json\/wp\/v2\/users\/111"}],"replies":[{"embeddable":true,"href":"https:\/\/www.interforce.dk\/kl\/wp-json\/wp\/v2\/comments?post=17133"}],"version-history":[{"count":1,"href":"https:\/\/www.interforce.dk\/kl\/wp-json\/wp\/v2\/posts\/17133\/revisions"}],"predecessor-version":[{"id":17135,"href":"https:\/\/www.interforce.dk\/kl\/wp-json\/wp\/v2\/posts\/17133\/revisions\/17135"}],"wp:featuredmedia":[{"embeddable":true,"href":"https:\/\/www.interforce.dk\/kl\/wp-json\/wp\/v2\/media\/17134"}],"wp:attachment":[{"href":"https:\/\/www.interforce.dk\/kl\/wp-json\/wp\/v2\/media?parent=17133"}],"wp:term":[{"taxonomy":"category","embeddable":true,"href":"https:\/\/www.interforce.dk\/kl\/wp-json\/wp\/v2\/categories?post=17133"},{"taxonomy":"post_tag","embeddable":true,"href":"https:\/\/www.interforce.dk\/kl\/wp-json\/wp\/v2\/tags?post=17133"}],"curies":[{"name":"wp","href":"https:\/\/api.w.org\/{rel}","templated":true}]}}