{"id":16692,"date":"2024-10-02T07:18:25","date_gmt":"2024-10-02T07:18:25","guid":{"rendered":"https:\/\/www.interforce.dk\/?p=16692"},"modified":"2024-10-02T07:19:28","modified_gmt":"2024-10-02T07:19:28","slug":"powercon-haedret-med-interforce-skjoldet-for-deres-stoette-til-forsvaret","status":"publish","type":"post","link":"https:\/\/www.interforce.dk\/kl\/powercon-haedret-med-interforce-skjoldet-for-deres-stoette-til-forsvaret\/","title":{"rendered":"PowerCon h\u00e6dret med InterForce-skjoldet for deres st\u00f8tte til Forsvaret"},"content":{"rendered":"<div class=\"block core-block core-block--image\">\n      <div class=\"inner inner--small\">\n      \n<figure class=\"wp-block-image size-large\"><img loading=\"lazy\" decoding=\"async\" width=\"1024\" height=\"682\" src=\"https:\/\/www.interforce.dk\/app\/uploads\/2024\/10\/Kantinen-med-Firmanavn.jfif_-1024x682.png\" alt=\"\" class=\"wp-image-16693\" srcset=\"https:\/\/www.interforce.dk\/app\/uploads\/2024\/10\/Kantinen-med-Firmanavn.jfif_-1024x682.png 1024w, https:\/\/www.interforce.dk\/app\/uploads\/2024\/10\/Kantinen-med-Firmanavn.jfif_-300x200.png 300w, https:\/\/www.interforce.dk\/app\/uploads\/2024\/10\/Kantinen-med-Firmanavn.jfif_-768x512.png 768w, https:\/\/www.interforce.dk\/app\/uploads\/2024\/10\/Kantinen-med-Firmanavn.jfif_-18x12.png 18w, https:\/\/www.interforce.dk\/app\/uploads\/2024\/10\/Kantinen-med-Firmanavn.jfif_.png 1280w\" sizes=\"auto, (max-width: 1024px) 100vw, 1024px\" \/><\/figure>\n\n      <\/div>\n  <\/div>\n<div class=\"block core-block core-block--paragraph\">\n      <div class=\"inner inner--small\">\n      \n<p>PowerCon, en f\u00f8rende virksomhed inden for vedvarende energil\u00f8sninger, blev i dag h\u00e6dret med InterForce-skjoldet som anerkendelse for deres aktive st\u00f8tte til Forsvaret og Hjemmev\u00e6rnet. Ved et bes\u00f8g hos PowerCon overrakte InterForce-ambassad\u00f8r Allan Buus skjoldet til virksomhedens direkt\u00f8rer, S\u00f8ren Bunch og Peter Castberg Knudsen.<\/p>\n\n      <\/div>\n  <\/div>\n<div class=\"block core-block core-block--paragraph\">\n      <div class=\"inner inner--small\">\n      \n<p>PowerCon har igennem deres arbejde vist st\u00e6rkt engagement i det danske samfund, ikke kun ved at levere banebrydende energiteknologi, men ogs\u00e5 ved at underst\u00f8tte Danmarks sikkerhed. Ambassad\u00f8r Buus udtrykte stor gl\u00e6de over at bes\u00f8ge en virksomhed, der v\u00e6rds\u00e6tter de v\u00e6rdier, som Forsvaret st\u00e5r for, og som aktivt bakker op om reservestyrken..<\/p>\n\n      <\/div>\n  <\/div>\n<div class=\"block core-block core-block--paragraph\">\n      <div class=\"inner inner--small\">\n      \n<p>&#8220;PowerCon er en virksomhed, der ser v\u00e6rdien i at st\u00f8tte vores soldater og frivillige, der g\u00f8r en forskel b\u00e5de herhjemme og ude i verden. Det er denne form for samarbejde, vi hylder med InterForce-skjoldet,&#8221; sagde Buus under ceremonien.<\/p>\n\n      <\/div>\n  <\/div>\n<div class=\"block core-block core-block--paragraph\">\n      <div class=\"inner inner--small\">\n      \n<p>Med skjoldet cementerer PowerCon deres status som en virksomhed, der tager samfundsansvar alvorligt, og som er med til at sikre Danmarks sikkerhed. Virksomheden har b\u00e5de ansatte der er aktive i beredskabet og i reserven.<\/p>\n\n      <\/div>\n  <\/div>\n<div class=\"block core-block core-block--paragraph\">\n      <div class=\"inner inner--small\">\n      \n<p>Tak for st\u00f8tten!<\/p>\n\n      <\/div>\n  <\/div>\n<div class=\"block core-block core-block--paragraph\">\n      <div class=\"inner inner--small\">\n      \n<p>L\u00e6s ogs\u00e5: <a href=\"https:\/\/www.interforce.dk\/kl\/energi-viborg-modtager-interforce-skjoldet\/\">Energi Viborg modtager InterForce-skjoldet<\/a><\/p>\n\n      <\/div>\n  <\/div>","protected":false},"excerpt":{"rendered":"PowerCon blev i dag h\u00e6dret med InterForce-skjoldet som anerkendelse for deres a...","protected":false},"author":122,"featured_media":16693,"comment_status":"closed","ping_status":"closed","sticky":false,"template":"","format":"standard","meta":{"_acf_changed":false,"footnotes":""},"categories":[12],"tags":[51],"class_list":["post-16692","post","type-post","status-publish","format-standard","has-post-thumbnail","hentry","category-nyt-om-if","tag-tag-nordjylland"],"acf":[],"yoast_head":"<!-- This site is optimized with the Yoast SEO plugin v27.3 - https:\/\/yoast.com\/product\/yoast-seo-wordpress\/ -->\n<title>PowerCon h\u00e6dret med InterForce-skjoldet for deres st\u00f8tte til Forsvaret - InterForce<\/title>\n<meta name=\"description\" content=\"PowerCon blev i dag h\u00e6dret med InterForce-skjoldet som anerkendelse for deres aktive st\u00f8tte til Forsvaret og Hjemmev\u00e6rnet\" \/>\n<meta name=\"robots\" content=\"index, follow, max-snippet:-1, max-image-preview:large, max-video-preview:-1\" \/>\n<link rel=\"canonical\" href=\"https:\/\/www.interforce.dk\/kl\/powercon-haedret-med-interforce-skjoldet-for-deres-stoette-til-forsvaret\/\" \/>\n<meta property=\"og:locale\" content=\"en_US\" \/>\n<meta property=\"og:type\" content=\"article\" \/>\n<meta property=\"og:title\" content=\"PowerCon h\u00e6dret med InterForce-skjoldet for deres st\u00f8tte til Forsvaret - InterForce\" \/>\n<meta property=\"og:description\" content=\"PowerCon blev i dag h\u00e6dret med InterForce-skjoldet som anerkendelse for deres aktive st\u00f8tte til Forsvaret og Hjemmev\u00e6rnet\" \/>\n<meta property=\"og:url\" content=\"https:\/\/www.interforce.dk\/kl\/powercon-haedret-med-interforce-skjoldet-for-deres-stoette-til-forsvaret\/\" \/>\n<meta property=\"og:site_name\" content=\"InterForce\" \/>\n<meta property=\"article:published_time\" content=\"2024-10-02T07:18:25+00:00\" \/>\n<meta property=\"article:modified_time\" content=\"2024-10-02T07:19:28+00:00\" \/>\n<meta property=\"og:image\" content=\"https:\/\/www.interforce.dk\/app\/uploads\/2024\/10\/Kantinen-med-Firmanavn.jfif_.png\" \/>\n\t<meta property=\"og:image:width\" content=\"1280\" \/>\n\t<meta property=\"og:image:height\" content=\"853\" \/>\n\t<meta property=\"og:image:type\" content=\"image\/png\" \/>\n<meta name=\"author\" content=\"Anton Rask Hauge Steffensen\" \/>\n<meta name=\"twitter:card\" content=\"summary_large_image\" \/>\n<meta name=\"twitter:label1\" content=\"Written by\" \/>\n\t<meta name=\"twitter:data1\" content=\"Anton Rask Hauge Steffensen\" \/>\n\t<meta name=\"twitter:label2\" content=\"Est. reading time\" \/>\n\t<meta name=\"twitter:data2\" content=\"1 minute\" \/>\n<script type=\"application\/ld+json\" class=\"yoast-schema-graph\">{\"@context\":\"https:\\\/\\\/schema.org\",\"@graph\":[{\"@type\":\"Article\",\"@id\":\"https:\\\/\\\/www.interforce.dk\\\/powercon-haedret-med-interforce-skjoldet-for-deres-stoette-til-forsvaret\\\/#article\",\"isPartOf\":{\"@id\":\"https:\\\/\\\/www.interforce.dk\\\/powercon-haedret-med-interforce-skjoldet-for-deres-stoette-til-forsvaret\\\/\"},\"author\":{\"name\":\"Anton Rask Hauge Steffensen\",\"@id\":\"https:\\\/\\\/www.interforce.dk\\\/#\\\/schema\\\/person\\\/93de0ad27fec55a2f38d2195162834c7\"},\"headline\":\"PowerCon h\u00e6dret med InterForce-skjoldet for deres st\u00f8tte til Forsvaret\",\"datePublished\":\"2024-10-02T07:18:25+00:00\",\"dateModified\":\"2024-10-02T07:19:28+00:00\",\"mainEntityOfPage\":{\"@id\":\"https:\\\/\\\/www.interforce.dk\\\/powercon-haedret-med-interforce-skjoldet-for-deres-stoette-til-forsvaret\\\/\"},\"wordCount\":211,\"image\":{\"@id\":\"https:\\\/\\\/www.interforce.dk\\\/powercon-haedret-med-interforce-skjoldet-for-deres-stoette-til-forsvaret\\\/#primaryimage\"},\"thumbnailUrl\":\"https:\\\/\\\/www.interforce.dk\\\/app\\\/uploads\\\/2024\\\/10\\\/Kantinen-med-Firmanavn.jfif_.png\",\"keywords\":[\"Tag:Nordjylland\"],\"articleSection\":[\"Nyheder om InterForce\"],\"inLanguage\":\"kl-GL\"},{\"@type\":\"WebPage\",\"@id\":\"https:\\\/\\\/www.interforce.dk\\\/powercon-haedret-med-interforce-skjoldet-for-deres-stoette-til-forsvaret\\\/\",\"url\":\"https:\\\/\\\/www.interforce.dk\\\/powercon-haedret-med-interforce-skjoldet-for-deres-stoette-til-forsvaret\\\/\",\"name\":\"PowerCon h\u00e6dret med InterForce-skjoldet for deres st\u00f8tte til Forsvaret - InterForce\",\"isPartOf\":{\"@id\":\"https:\\\/\\\/www.interforce.dk\\\/#website\"},\"primaryImageOfPage\":{\"@id\":\"https:\\\/\\\/www.interforce.dk\\\/powercon-haedret-med-interforce-skjoldet-for-deres-stoette-til-forsvaret\\\/#primaryimage\"},\"image\":{\"@id\":\"https:\\\/\\\/www.interforce.dk\\\/powercon-haedret-med-interforce-skjoldet-for-deres-stoette-til-forsvaret\\\/#primaryimage\"},\"thumbnailUrl\":\"https:\\\/\\\/www.interforce.dk\\\/app\\\/uploads\\\/2024\\\/10\\\/Kantinen-med-Firmanavn.jfif_.png\",\"datePublished\":\"2024-10-02T07:18:25+00:00\",\"dateModified\":\"2024-10-02T07:19:28+00:00\",\"author\":{\"@id\":\"https:\\\/\\\/www.interforce.dk\\\/#\\\/schema\\\/person\\\/93de0ad27fec55a2f38d2195162834c7\"},\"description\":\"PowerCon blev i dag h\u00e6dret med InterForce-skjoldet som anerkendelse for deres aktive st\u00f8tte til Forsvaret og Hjemmev\u00e6rnet\",\"breadcrumb\":{\"@id\":\"https:\\\/\\\/www.interforce.dk\\\/powercon-haedret-med-interforce-skjoldet-for-deres-stoette-til-forsvaret\\\/#breadcrumb\"},\"inLanguage\":\"kl-GL\",\"potentialAction\":[{\"@type\":\"ReadAction\",\"target\":[\"https:\\\/\\\/www.interforce.dk\\\/powercon-haedret-med-interforce-skjoldet-for-deres-stoette-til-forsvaret\\\/\"]}]},{\"@type\":\"ImageObject\",\"inLanguage\":\"kl-GL\",\"@id\":\"https:\\\/\\\/www.interforce.dk\\\/powercon-haedret-med-interforce-skjoldet-for-deres-stoette-til-forsvaret\\\/#primaryimage\",\"url\":\"https:\\\/\\\/www.interforce.dk\\\/app\\\/uploads\\\/2024\\\/10\\\/Kantinen-med-Firmanavn.jfif_.png\",\"contentUrl\":\"https:\\\/\\\/www.interforce.dk\\\/app\\\/uploads\\\/2024\\\/10\\\/Kantinen-med-Firmanavn.jfif_.png\",\"width\":1280,\"height\":853},{\"@type\":\"BreadcrumbList\",\"@id\":\"https:\\\/\\\/www.interforce.dk\\\/powercon-haedret-med-interforce-skjoldet-for-deres-stoette-til-forsvaret\\\/#breadcrumb\",\"itemListElement\":[{\"@type\":\"ListItem\",\"position\":1,\"name\":\"Hjem\",\"item\":\"https:\\\/\\\/www.interforce.dk\\\/\"},{\"@type\":\"ListItem\",\"position\":2,\"name\":\"PowerCon h\u00e6dret med InterForce-skjoldet for deres st\u00f8tte til Forsvaret\"}]},{\"@type\":\"WebSite\",\"@id\":\"https:\\\/\\\/www.interforce.dk\\\/#website\",\"url\":\"https:\\\/\\\/www.interforce.dk\\\/\",\"name\":\"InterForce\",\"description\":\"\",\"potentialAction\":[{\"@type\":\"SearchAction\",\"target\":{\"@type\":\"EntryPoint\",\"urlTemplate\":\"https:\\\/\\\/www.interforce.dk\\\/?s={search_term_string}\"},\"query-input\":{\"@type\":\"PropertyValueSpecification\",\"valueRequired\":true,\"valueName\":\"search_term_string\"}}],\"inLanguage\":\"kl-GL\"},{\"@type\":\"Person\",\"@id\":\"https:\\\/\\\/www.interforce.dk\\\/#\\\/schema\\\/person\\\/93de0ad27fec55a2f38d2195162834c7\",\"name\":\"Anton Rask Hauge Steffensen\",\"image\":{\"@type\":\"ImageObject\",\"inLanguage\":\"kl-GL\",\"@id\":\"https:\\\/\\\/secure.gravatar.com\\\/avatar\\\/8e4247cfae5f9f3cbd0c18740bdc45f335fc586e35e954f20e626e45d46e568d?s=96&d=mm&r=g\",\"url\":\"https:\\\/\\\/secure.gravatar.com\\\/avatar\\\/8e4247cfae5f9f3cbd0c18740bdc45f335fc586e35e954f20e626e45d46e568d?s=96&d=mm&r=g\",\"contentUrl\":\"https:\\\/\\\/secure.gravatar.com\\\/avatar\\\/8e4247cfae5f9f3cbd0c18740bdc45f335fc586e35e954f20e626e45d46e568d?s=96&d=mm&r=g\",\"caption\":\"Anton Rask Hauge Steffensen\"},\"url\":\"https:\\\/\\\/www.interforce.dk\\\/kl\\\/author\\\/anton\\\/\"}]}<\/script>\n<!-- \/ Yoast SEO plugin. -->","yoast_head_json":{"title":"PowerCon h\u00e6dret med InterForce-skjoldet for deres st\u00f8tte til Forsvaret - InterForce","description":"PowerCon blev i dag h\u00e6dret med InterForce-skjoldet som anerkendelse for deres aktive st\u00f8tte til Forsvaret og Hjemmev\u00e6rnet","robots":{"index":"index","follow":"follow","max-snippet":"max-snippet:-1","max-image-preview":"max-image-preview:large","max-video-preview":"max-video-preview:-1"},"canonical":"https:\/\/www.interforce.dk\/kl\/powercon-haedret-med-interforce-skjoldet-for-deres-stoette-til-forsvaret\/","og_locale":"en_US","og_type":"article","og_title":"PowerCon h\u00e6dret med InterForce-skjoldet for deres st\u00f8tte til Forsvaret - InterForce","og_description":"PowerCon blev i dag h\u00e6dret med InterForce-skjoldet som anerkendelse for deres aktive st\u00f8tte til Forsvaret og Hjemmev\u00e6rnet","og_url":"https:\/\/www.interforce.dk\/kl\/powercon-haedret-med-interforce-skjoldet-for-deres-stoette-til-forsvaret\/","og_site_name":"InterForce","article_published_time":"2024-10-02T07:18:25+00:00","article_modified_time":"2024-10-02T07:19:28+00:00","og_image":[{"width":1280,"height":853,"url":"https:\/\/www.interforce.dk\/app\/uploads\/2024\/10\/Kantinen-med-Firmanavn.jfif_.png","type":"image\/png"}],"author":"Anton Rask Hauge Steffensen","twitter_card":"summary_large_image","twitter_misc":{"Written by":"Anton Rask Hauge Steffensen","Est. reading time":"1 minute"},"schema":{"@context":"https:\/\/schema.org","@graph":[{"@type":"Article","@id":"https:\/\/www.interforce.dk\/powercon-haedret-med-interforce-skjoldet-for-deres-stoette-til-forsvaret\/#article","isPartOf":{"@id":"https:\/\/www.interforce.dk\/powercon-haedret-med-interforce-skjoldet-for-deres-stoette-til-forsvaret\/"},"author":{"name":"Anton Rask Hauge Steffensen","@id":"https:\/\/www.interforce.dk\/#\/schema\/person\/93de0ad27fec55a2f38d2195162834c7"},"headline":"PowerCon h\u00e6dret med InterForce-skjoldet for deres st\u00f8tte til Forsvaret","datePublished":"2024-10-02T07:18:25+00:00","dateModified":"2024-10-02T07:19:28+00:00","mainEntityOfPage":{"@id":"https:\/\/www.interforce.dk\/powercon-haedret-med-interforce-skjoldet-for-deres-stoette-til-forsvaret\/"},"wordCount":211,"image":{"@id":"https:\/\/www.interforce.dk\/powercon-haedret-med-interforce-skjoldet-for-deres-stoette-til-forsvaret\/#primaryimage"},"thumbnailUrl":"https:\/\/www.interforce.dk\/app\/uploads\/2024\/10\/Kantinen-med-Firmanavn.jfif_.png","keywords":["Tag:Nordjylland"],"articleSection":["Nyheder om InterForce"],"inLanguage":"kl-GL"},{"@type":"WebPage","@id":"https:\/\/www.interforce.dk\/powercon-haedret-med-interforce-skjoldet-for-deres-stoette-til-forsvaret\/","url":"https:\/\/www.interforce.dk\/powercon-haedret-med-interforce-skjoldet-for-deres-stoette-til-forsvaret\/","name":"PowerCon h\u00e6dret med InterForce-skjoldet for deres st\u00f8tte til Forsvaret - InterForce","isPartOf":{"@id":"https:\/\/www.interforce.dk\/#website"},"primaryImageOfPage":{"@id":"https:\/\/www.interforce.dk\/powercon-haedret-med-interforce-skjoldet-for-deres-stoette-til-forsvaret\/#primaryimage"},"image":{"@id":"https:\/\/www.interforce.dk\/powercon-haedret-med-interforce-skjoldet-for-deres-stoette-til-forsvaret\/#primaryimage"},"thumbnailUrl":"https:\/\/www.interforce.dk\/app\/uploads\/2024\/10\/Kantinen-med-Firmanavn.jfif_.png","datePublished":"2024-10-02T07:18:25+00:00","dateModified":"2024-10-02T07:19:28+00:00","author":{"@id":"https:\/\/www.interforce.dk\/#\/schema\/person\/93de0ad27fec55a2f38d2195162834c7"},"description":"PowerCon blev i dag h\u00e6dret med InterForce-skjoldet som anerkendelse for deres aktive st\u00f8tte til Forsvaret og Hjemmev\u00e6rnet","breadcrumb":{"@id":"https:\/\/www.interforce.dk\/powercon-haedret-med-interforce-skjoldet-for-deres-stoette-til-forsvaret\/#breadcrumb"},"inLanguage":"kl-GL","potentialAction":[{"@type":"ReadAction","target":["https:\/\/www.interforce.dk\/powercon-haedret-med-interforce-skjoldet-for-deres-stoette-til-forsvaret\/"]}]},{"@type":"ImageObject","inLanguage":"kl-GL","@id":"https:\/\/www.interforce.dk\/powercon-haedret-med-interforce-skjoldet-for-deres-stoette-til-forsvaret\/#primaryimage","url":"https:\/\/www.interforce.dk\/app\/uploads\/2024\/10\/Kantinen-med-Firmanavn.jfif_.png","contentUrl":"https:\/\/www.interforce.dk\/app\/uploads\/2024\/10\/Kantinen-med-Firmanavn.jfif_.png","width":1280,"height":853},{"@type":"BreadcrumbList","@id":"https:\/\/www.interforce.dk\/powercon-haedret-med-interforce-skjoldet-for-deres-stoette-til-forsvaret\/#breadcrumb","itemListElement":[{"@type":"ListItem","position":1,"name":"Hjem","item":"https:\/\/www.interforce.dk\/"},{"@type":"ListItem","position":2,"name":"PowerCon h\u00e6dret med InterForce-skjoldet for deres st\u00f8tte til Forsvaret"}]},{"@type":"WebSite","@id":"https:\/\/www.interforce.dk\/#website","url":"https:\/\/www.interforce.dk\/","name":"InterForce","description":"","potentialAction":[{"@type":"SearchAction","target":{"@type":"EntryPoint","urlTemplate":"https:\/\/www.interforce.dk\/?s={search_term_string}"},"query-input":{"@type":"PropertyValueSpecification","valueRequired":true,"valueName":"search_term_string"}}],"inLanguage":"kl-GL"},{"@type":"Person","@id":"https:\/\/www.interforce.dk\/#\/schema\/person\/93de0ad27fec55a2f38d2195162834c7","name":"Anton Rask Hauge Steffensen","image":{"@type":"ImageObject","inLanguage":"kl-GL","@id":"https:\/\/secure.gravatar.com\/avatar\/8e4247cfae5f9f3cbd0c18740bdc45f335fc586e35e954f20e626e45d46e568d?s=96&d=mm&r=g","url":"https:\/\/secure.gravatar.com\/avatar\/8e4247cfae5f9f3cbd0c18740bdc45f335fc586e35e954f20e626e45d46e568d?s=96&d=mm&r=g","contentUrl":"https:\/\/secure.gravatar.com\/avatar\/8e4247cfae5f9f3cbd0c18740bdc45f335fc586e35e954f20e626e45d46e568d?s=96&d=mm&r=g","caption":"Anton Rask Hauge Steffensen"},"url":"https:\/\/www.interforce.dk\/kl\/author\/anton\/"}]}},"_links":{"self":[{"href":"https:\/\/www.interforce.dk\/kl\/wp-json\/wp\/v2\/posts\/16692","targetHints":{"allow":["GET"]}}],"collection":[{"href":"https:\/\/www.interforce.dk\/kl\/wp-json\/wp\/v2\/posts"}],"about":[{"href":"https:\/\/www.interforce.dk\/kl\/wp-json\/wp\/v2\/types\/post"}],"author":[{"embeddable":true,"href":"https:\/\/www.interforce.dk\/kl\/wp-json\/wp\/v2\/users\/122"}],"replies":[{"embeddable":true,"href":"https:\/\/www.interforce.dk\/kl\/wp-json\/wp\/v2\/comments?post=16692"}],"version-history":[{"count":2,"href":"https:\/\/www.interforce.dk\/kl\/wp-json\/wp\/v2\/posts\/16692\/revisions"}],"predecessor-version":[{"id":16695,"href":"https:\/\/www.interforce.dk\/kl\/wp-json\/wp\/v2\/posts\/16692\/revisions\/16695"}],"wp:featuredmedia":[{"embeddable":true,"href":"https:\/\/www.interforce.dk\/kl\/wp-json\/wp\/v2\/media\/16693"}],"wp:attachment":[{"href":"https:\/\/www.interforce.dk\/kl\/wp-json\/wp\/v2\/media?parent=16692"}],"wp:term":[{"taxonomy":"category","embeddable":true,"href":"https:\/\/www.interforce.dk\/kl\/wp-json\/wp\/v2\/categories?post=16692"},{"taxonomy":"post_tag","embeddable":true,"href":"https:\/\/www.interforce.dk\/kl\/wp-json\/wp\/v2\/tags?post=16692"}],"curies":[{"name":"wp","href":"https:\/\/api.w.org\/{rel}","templated":true}]}}