{"id":1668,"date":"2020-03-24T15:13:25","date_gmt":"2020-03-24T15:13:25","guid":{"rendered":"http:\/\/www.interforce.dk\/?p=1668"},"modified":"2020-03-24T15:13:26","modified_gmt":"2020-03-24T15:13:26","slug":"sjaellandske-stoettevirksomheder-blev-klogere-paa-tidens-trusler","status":"publish","type":"post","link":"https:\/\/www.interforce.dk\/kl\/sjaellandske-stoettevirksomheder-blev-klogere-paa-tidens-trusler\/","title":{"rendered":"Sj\u00e6llandske st\u00f8ttevirksomheder blev klogere p\u00e5 tidens trusler"},"content":{"rendered":"<div class=\"block core-block core-block--paragraph\">\n      <div class=\"inner inner--small\">\n      \n<p><strong>Sikkerhedspolitisk arrangement for 30 st\u00f8ttevirksomheder i februar illustrerede tidens trusler og dermed behovet for en Reservestyrke. <\/strong><\/p>\n\n      <\/div>\n  <\/div>\n<div class=\"block core-block core-block--paragraph\">\n      <div class=\"inner inner--small\">\n      \n<p>Af major af reserven Thomas Ludvigsen <\/p>\n\n      <\/div>\n  <\/div>\n<div class=\"block core-block core-block--paragraph\">\n      <div class=\"inner inner--small\">\n      \n<p>Foto: Karina B\u00f8nnelykke<\/p>\n\n      <\/div>\n  <\/div>\n<div class=\"block core-block core-block--paragraph\">\n      <div class=\"inner inner--small\">\n      \n<p>P\u00e5 Ringsted Kaserne indb\u00f8d InterForce Region Sj\u00e6lland torsdag den 20. februar 2020 ca. 30 st\u00f8ttevirksomheder til en opdatering p\u00e5 den sikkerhedspolitiske situation. De h\u00f8jt kvalificerede opl\u00e6gsholdere var formanden for Forsvarsudvalget og medlem af Det Konservative Folkeparti Naser Khader og generalsekret\u00e6r Lars Bangert Struwe, Atlantsammenslutningen. <\/p>\n\n      <\/div>\n  <\/div>\n<div class=\"block core-block core-block--image\">\n      <div class=\"inner inner--small\">\n      \n<figure class=\"wp-block-image size-large\"><img loading=\"lazy\" decoding=\"async\" width=\"1024\" height=\"359\" src=\"\/app\/uploads\/2020\/03\/g\u00e6ster-2-2-1024x359.jpg\" alt=\"\" class=\"wp-image-1685\" srcset=\"https:\/\/www.interforce.dk\/app\/uploads\/2020\/03\/g\u00e6ster-2-2-1024x359.jpg 1024w, https:\/\/www.interforce.dk\/app\/uploads\/2020\/03\/g\u00e6ster-2-2-300x105.jpg 300w, https:\/\/www.interforce.dk\/app\/uploads\/2020\/03\/g\u00e6ster-2-2-768x269.jpg 768w, https:\/\/www.interforce.dk\/app\/uploads\/2020\/03\/g\u00e6ster-2-2-1536x538.jpg 1536w, https:\/\/www.interforce.dk\/app\/uploads\/2020\/03\/g\u00e6ster-2-2-2048x718.jpg 2048w\" sizes=\"auto, (max-width: 1024px) 100vw, 1024px\" \/><figcaption> Flere st\u00f8ttevirksomheder var m\u00f8dt op denne dag for at f\u00e5 et indblik i den sikkerhedspolitiske situation i Danmark og resten af verden. <\/figcaption><\/figure>\n\n      <\/div>\n  <\/div>\n<div class=\"block core-block core-block--paragraph\">\n      <div class=\"inner inner--small\">\n      \n<p>Temaet var bl.a. pr\u00e6get af den uro, der har udspillet sig i Mellem\u00f8sten 2019-2020 kombineret med tiden efter den russiske intervention i Krim og Ukraine; og i den forbindelse, hvordan denne uro har p\u00e5virket og vil p\u00e5virke Danmark og den \u00f8vrige del af verden. <\/p>\n\n      <\/div>\n  <\/div>\n<div class=\"block core-block core-block--paragraph\">\n      <div class=\"inner inner--small\">\n      \n<p>Arrangementet begyndte med en velanrettet frokost, hvorefter en velforberedt Lars Bangert Struwe indledte sit indl\u00e6g. Efter en lille pause midt p\u00e5 eftermiddagen var det s\u00e5 en veloplagt Naser Khader, der kom med et s\u00e6rdeles indsigtsfuldt indl\u00e6g om Mellem\u00f8sten, herunder en beskrivelse af de komplicerede dynamikker, der ligger til grund for de uroligheder, der pr\u00e6ger regionen.<\/p>\n\n      <\/div>\n  <\/div>\n<div class=\"block core-block core-block--paragraph\">\n      <div class=\"inner inner--small\">\n      \n<p>Samlet en meget l\u00e6rerig dag for de fremm\u00f8dte. En af dem var Benny Smith, der er adm. dir. for virksomheden Poul Johansen Maskiner i F\u00e5revejle. <\/p>\n\n      <\/div>\n  <\/div>\n<div class=\"block core-block core-block--paragraph\">\n      <div class=\"inner inner--small\">\n      \n<p>\u201dJeg var overrasket over, hvordan truslen efter mange \u00e5r igen er kommet t\u00e6t p\u00e5 Danmarks n\u00e6romr\u00e5der. Vi som virksomhed skal v\u00e6re \u00e5bne for at bakke op om milit\u00e6ret med vores til dagligt ansatte hjemmev\u00e6rnsfolk, reserveofficerer og befalingsm\u00e6nd &#8211; og dermed sikre st\u00f8rst mulig fleksibilitet mellem milit\u00e6ret og erhvervslivet\u201d.<\/p>\n\n      <\/div>\n  <\/div>\n<div class=\"block core-block core-block--paragraph\">\n      <div class=\"inner inner--small\">\n      \n<p>I en tid med COVID-19 har Benny Smiths ord om fleksibilitet f\u00e5et en ekstra dimension, idet dele af Reservestyrken, s\u00e6rligt mange af Hjemmev\u00e6rnets frivillige, nu er indsat til at hj\u00e6lpe med bemanding af telefonisk hotline, st\u00f8tte til politiet mv. landet over. \u00a0<\/p>\n\n      <\/div>\n  <\/div>\n<div class=\"block core-block core-block--paragraph\">\n      <div class=\"inner inner--small\">\n      \n<p>N\u00e6ste arrangement ved InterForce Region Sj\u00e6lland vil omhandle cybertrusler og forventes at l\u00f8be af stablen den 17. juni, s\u00e5fremt situationen relateret til COVID-19 tillader det.<\/p>\n\n      <\/div>\n  <\/div>\n<div class=\"block core-block core-block--image\">\n      <div class=\"inner inner--small\">\n      \n<figure class=\"wp-block-image size-large\"><img loading=\"lazy\" decoding=\"async\" width=\"1024\" height=\"825\" src=\"\/app\/uploads\/2020\/03\/g\u00e6ster-1024x825.jpg\" alt=\"\" class=\"wp-image-1669\" srcset=\"https:\/\/www.interforce.dk\/app\/uploads\/2020\/03\/g\u00e6ster-1024x825.jpg 1024w, https:\/\/www.interforce.dk\/app\/uploads\/2020\/03\/g\u00e6ster-300x242.jpg 300w, https:\/\/www.interforce.dk\/app\/uploads\/2020\/03\/g\u00e6ster-768x619.jpg 768w, https:\/\/www.interforce.dk\/app\/uploads\/2020\/03\/g\u00e6ster-1536x1238.jpg 1536w, https:\/\/www.interforce.dk\/app\/uploads\/2020\/03\/g\u00e6ster-2048x1650.jpg 2048w\" sizes=\"auto, (max-width: 1024px) 100vw, 1024px\" \/><figcaption><br><\/figcaption><\/figure>\n\n      <\/div>\n  <\/div>\n<div class=\"block core-block core-block--image\">\n      <div class=\"inner inner--small\">\n      \n<figure class=\"wp-block-image size-large\"><img loading=\"lazy\" decoding=\"async\" width=\"727\" height=\"1024\" src=\"\/app\/uploads\/2020\/03\/Naser-727x1024.jpg\" alt=\"\" class=\"wp-image-1673\" srcset=\"https:\/\/www.interforce.dk\/app\/uploads\/2020\/03\/Naser-727x1024.jpg 727w, https:\/\/www.interforce.dk\/app\/uploads\/2020\/03\/Naser-213x300.jpg 213w, https:\/\/www.interforce.dk\/app\/uploads\/2020\/03\/Naser-768x1082.jpg 768w, https:\/\/www.interforce.dk\/app\/uploads\/2020\/03\/Naser-1090x1536.jpg 1090w, https:\/\/www.interforce.dk\/app\/uploads\/2020\/03\/Naser-1453x2048.jpg 1453w, https:\/\/www.interforce.dk\/app\/uploads\/2020\/03\/Naser-scaled.jpg 1817w\" sizes=\"auto, (max-width: 727px) 100vw, 727px\" \/><figcaption>Formanden for Forsvarsudvalget og medlem af Det Konservative Folkeparti Naser Khader var \u00e9n af dagens opl\u00e6gsholdere.<br><\/figcaption><\/figure>\n\n      <\/div>\n  <\/div>\n<div class=\"block core-block core-block--image\">\n      <div class=\"inner inner--small\">\n      \n<figure class=\"wp-block-image size-large\"><img loading=\"lazy\" decoding=\"async\" width=\"899\" height=\"1024\" src=\"\/app\/uploads\/2020\/03\/Lars-899x1024.jpg\" alt=\"\" class=\"wp-image-1675\" srcset=\"https:\/\/www.interforce.dk\/app\/uploads\/2020\/03\/Lars-899x1024.jpg 899w, https:\/\/www.interforce.dk\/app\/uploads\/2020\/03\/Lars-263x300.jpg 263w, https:\/\/www.interforce.dk\/app\/uploads\/2020\/03\/Lars-768x875.jpg 768w, https:\/\/www.interforce.dk\/app\/uploads\/2020\/03\/Lars-1349x1536.jpg 1349w, https:\/\/www.interforce.dk\/app\/uploads\/2020\/03\/Lars-1798x2048.jpg 1798w\" sizes=\"auto, (max-width: 899px) 100vw, 899px\" \/><figcaption>Generalsekret\u00e6r i Atlantsammenslutningen Lars Bangert Struwe satte blandt andet fokus p\u00e5 magtkampen mellem USA, Kina og Rusland, og hvilke trusler vi fremadrettet skal holde \u00f8je med, herunder cyber, Fake News og hybridtrusler.<\/figcaption><\/figure>\n\n      <\/div>\n  <\/div>\n<div class=\"block core-block core-block--image\">\n      <div class=\"inner inner--small\">\n      \n<figure class=\"wp-block-image size-large\"><img loading=\"lazy\" decoding=\"async\" width=\"781\" height=\"1024\" src=\"\/app\/uploads\/2020\/03\/skjold-2-781x1024.jpg\" alt=\"\" class=\"wp-image-1677\" srcset=\"https:\/\/www.interforce.dk\/app\/uploads\/2020\/03\/skjold-2-781x1024.jpg 781w, https:\/\/www.interforce.dk\/app\/uploads\/2020\/03\/skjold-2-229x300.jpg 229w, https:\/\/www.interforce.dk\/app\/uploads\/2020\/03\/skjold-2-768x1007.jpg 768w, https:\/\/www.interforce.dk\/app\/uploads\/2020\/03\/skjold-2-1172x1536.jpg 1172w, https:\/\/www.interforce.dk\/app\/uploads\/2020\/03\/skjold-2-1563x2048.jpg 1563w, https:\/\/www.interforce.dk\/app\/uploads\/2020\/03\/skjold-2-scaled.jpg 1953w\" sizes=\"auto, (max-width: 781px) 100vw, 781px\" \/><figcaption>Under arrangementet blev der ogs\u00e5 overrakt InterForce-skjolde til fremm\u00f8dte st\u00f8ttevirksomheder. Her er det Akademichef Vibeke Toft M\u00fcller, Zealand (Sj\u00e6llands Erhvervsakademi), der modtager skjoldet fra milit\u00e6r koordinator, oberst Jens Ole Rossen-J\u00f8rgensen.<\/figcaption><\/figure>\n\n      <\/div>\n  <\/div>\n<div class=\"block core-block core-block--image\">\n      <div class=\"inner inner--small\">\n      \n<figure class=\"wp-block-image size-large\"><img loading=\"lazy\" decoding=\"async\" width=\"947\" height=\"1024\" src=\"\/app\/uploads\/2020\/03\/Skjold-947x1024.jpg\" alt=\"\" class=\"wp-image-1679\" srcset=\"https:\/\/www.interforce.dk\/app\/uploads\/2020\/03\/Skjold-947x1024.jpg 947w, https:\/\/www.interforce.dk\/app\/uploads\/2020\/03\/Skjold-278x300.jpg 278w, https:\/\/www.interforce.dk\/app\/uploads\/2020\/03\/Skjold-768x830.jpg 768w, https:\/\/www.interforce.dk\/app\/uploads\/2020\/03\/Skjold-1421x1536.jpg 1421w, https:\/\/www.interforce.dk\/app\/uploads\/2020\/03\/Skjold-1895x2048.jpg 1895w\" sizes=\"auto, (max-width: 947px) 100vw, 947px\" \/><figcaption>Konsulenthuset Moestrup er \u00e9n af de nyere st\u00f8ttevirksomheder i InterForce Region Sj\u00e6lland.<\/figcaption><\/figure>\n\n      <\/div>\n  <\/div>\n<div class=\"block core-block core-block--image\">\n      <div class=\"inner inner--small\">\n      \n<figure class=\"wp-block-image size-large\"><img loading=\"lazy\" decoding=\"async\" width=\"795\" height=\"1024\" src=\"\/app\/uploads\/2020\/03\/Kopp-Sor\u00f8-795x1024.jpg\" alt=\"\" class=\"wp-image-1681\" srcset=\"https:\/\/www.interforce.dk\/app\/uploads\/2020\/03\/Kopp-Sor\u00f8-795x1024.jpg 795w, https:\/\/www.interforce.dk\/app\/uploads\/2020\/03\/Kopp-Sor\u00f8-233x300.jpg 233w, https:\/\/www.interforce.dk\/app\/uploads\/2020\/03\/Kopp-Sor\u00f8-768x990.jpg 768w, https:\/\/www.interforce.dk\/app\/uploads\/2020\/03\/Kopp-Sor\u00f8-1192x1536.jpg 1192w, https:\/\/www.interforce.dk\/app\/uploads\/2020\/03\/Kopp-Sor\u00f8-1589x2048.jpg 1589w, https:\/\/www.interforce.dk\/app\/uploads\/2020\/03\/Kopp-Sor\u00f8-scaled.jpg 1987w\" sizes=\"auto, (max-width: 795px) 100vw, 795px\" \/><figcaption>Kopp-Sor\u00f8 har efterh\u00e5nden v\u00e6ret st\u00f8ttevirksomhed i et stykke tid og kunne denne dag modtage InterForce skjoldet som tak for st\u00f8tten til Reservestyrken og forsvaret.<\/figcaption><\/figure>\n\n      <\/div>\n  <\/div>\n<div class=\"block core-block core-block--paragraph\">\n      <div class=\"inner inner--small\">\n      \n<p><\/p>\n\n      <\/div>\n  <\/div>","protected":false},"excerpt":{"rendered":"Sikkerhedspolitisk arrangement for 30 st\u00f8ttevirksomheder i februar illustrerede...","protected":false},"author":22,"featured_media":1675,"comment_status":"closed","ping_status":"closed","sticky":false,"template":"","format":"standard","meta":{"_acf_changed":false,"footnotes":""},"categories":[13],"tags":[54],"class_list":["post-1668","post","type-post","status-publish","format-standard","has-post-thumbnail","hentry","category-events","tag-tag-sjaelland"],"acf":[],"yoast_head":"<!-- This site is optimized with the Yoast SEO plugin v27.3 - https:\/\/yoast.com\/product\/yoast-seo-wordpress\/ -->\n<title>Sj\u00e6llandske st\u00f8ttevirksomheder blev klogere p\u00e5 tidens trusler - InterForce<\/title>\n<meta name=\"robots\" content=\"index, follow, max-snippet:-1, max-image-preview:large, max-video-preview:-1\" \/>\n<link rel=\"canonical\" href=\"https:\/\/www.interforce.dk\/kl\/sjaellandske-stoettevirksomheder-blev-klogere-paa-tidens-trusler\/\" \/>\n<meta property=\"og:locale\" content=\"en_US\" \/>\n<meta property=\"og:type\" content=\"article\" \/>\n<meta property=\"og:title\" content=\"Sj\u00e6llandske st\u00f8ttevirksomheder blev klogere p\u00e5 tidens trusler - InterForce\" \/>\n<meta property=\"og:description\" content=\"Sikkerhedspolitisk arrangement for 30 st\u00f8ttevirksomheder i februar illustrerede tidens trusler og dermed behovet for en Reservestyrke.\" \/>\n<meta property=\"og:url\" content=\"https:\/\/www.interforce.dk\/kl\/sjaellandske-stoettevirksomheder-blev-klogere-paa-tidens-trusler\/\" \/>\n<meta property=\"og:site_name\" content=\"InterForce\" \/>\n<meta property=\"article:published_time\" content=\"2020-03-24T15:13:25+00:00\" \/>\n<meta property=\"article:modified_time\" content=\"2020-03-24T15:13:26+00:00\" \/>\n<meta property=\"og:image\" content=\"https:\/\/www.interforce.dk\/app\/uploads\/2020\/03\/Lars-scaled.jpg\" \/>\n\t<meta property=\"og:image:width\" content=\"2248\" \/>\n\t<meta property=\"og:image:height\" content=\"2560\" \/>\n\t<meta property=\"og:image:type\" content=\"image\/jpeg\" \/>\n<meta name=\"author\" content=\"Karina B\u00f8nnelykke\" \/>\n<meta name=\"twitter:card\" content=\"summary_large_image\" \/>\n<meta name=\"twitter:label1\" content=\"Written by\" \/>\n\t<meta name=\"twitter:data1\" content=\"Karina B\u00f8nnelykke\" \/>\n\t<meta name=\"twitter:label2\" content=\"Est. reading time\" \/>\n\t<meta name=\"twitter:data2\" content=\"2 minutes\" \/>\n<script type=\"application\/ld+json\" class=\"yoast-schema-graph\">{\"@context\":\"https:\\\/\\\/schema.org\",\"@graph\":[{\"@type\":\"Article\",\"@id\":\"https:\\\/\\\/www.interforce.dk\\\/sjaellandske-stoettevirksomheder-blev-klogere-paa-tidens-trusler\\\/#article\",\"isPartOf\":{\"@id\":\"https:\\\/\\\/www.interforce.dk\\\/sjaellandske-stoettevirksomheder-blev-klogere-paa-tidens-trusler\\\/\"},\"author\":{\"name\":\"Karina B\u00f8nnelykke\",\"@id\":\"https:\\\/\\\/www.interforce.dk\\\/#\\\/schema\\\/person\\\/964591db382e7e831fc964f0ae899e0a\"},\"headline\":\"Sj\u00e6llandske st\u00f8ttevirksomheder blev klogere p\u00e5 tidens trusler\",\"datePublished\":\"2020-03-24T15:13:25+00:00\",\"dateModified\":\"2020-03-24T15:13:26+00:00\",\"mainEntityOfPage\":{\"@id\":\"https:\\\/\\\/www.interforce.dk\\\/sjaellandske-stoettevirksomheder-blev-klogere-paa-tidens-trusler\\\/\"},\"wordCount\":502,\"image\":{\"@id\":\"https:\\\/\\\/www.interforce.dk\\\/sjaellandske-stoettevirksomheder-blev-klogere-paa-tidens-trusler\\\/#primaryimage\"},\"thumbnailUrl\":\"https:\\\/\\\/www.interforce.dk\\\/app\\\/uploads\\\/2020\\\/03\\\/Lars-scaled.jpg\",\"keywords\":[\"Tag:Sj\u00e6lland\"],\"articleSection\":[\"Arrangementsomtale\"],\"inLanguage\":\"kl-GL\"},{\"@type\":\"WebPage\",\"@id\":\"https:\\\/\\\/www.interforce.dk\\\/sjaellandske-stoettevirksomheder-blev-klogere-paa-tidens-trusler\\\/\",\"url\":\"https:\\\/\\\/www.interforce.dk\\\/sjaellandske-stoettevirksomheder-blev-klogere-paa-tidens-trusler\\\/\",\"name\":\"Sj\u00e6llandske st\u00f8ttevirksomheder blev klogere p\u00e5 tidens trusler - InterForce\",\"isPartOf\":{\"@id\":\"https:\\\/\\\/www.interforce.dk\\\/#website\"},\"primaryImageOfPage\":{\"@id\":\"https:\\\/\\\/www.interforce.dk\\\/sjaellandske-stoettevirksomheder-blev-klogere-paa-tidens-trusler\\\/#primaryimage\"},\"image\":{\"@id\":\"https:\\\/\\\/www.interforce.dk\\\/sjaellandske-stoettevirksomheder-blev-klogere-paa-tidens-trusler\\\/#primaryimage\"},\"thumbnailUrl\":\"https:\\\/\\\/www.interforce.dk\\\/app\\\/uploads\\\/2020\\\/03\\\/Lars-scaled.jpg\",\"datePublished\":\"2020-03-24T15:13:25+00:00\",\"dateModified\":\"2020-03-24T15:13:26+00:00\",\"author\":{\"@id\":\"https:\\\/\\\/www.interforce.dk\\\/#\\\/schema\\\/person\\\/964591db382e7e831fc964f0ae899e0a\"},\"breadcrumb\":{\"@id\":\"https:\\\/\\\/www.interforce.dk\\\/sjaellandske-stoettevirksomheder-blev-klogere-paa-tidens-trusler\\\/#breadcrumb\"},\"inLanguage\":\"kl-GL\",\"potentialAction\":[{\"@type\":\"ReadAction\",\"target\":[\"https:\\\/\\\/www.interforce.dk\\\/sjaellandske-stoettevirksomheder-blev-klogere-paa-tidens-trusler\\\/\"]}]},{\"@type\":\"ImageObject\",\"inLanguage\":\"kl-GL\",\"@id\":\"https:\\\/\\\/www.interforce.dk\\\/sjaellandske-stoettevirksomheder-blev-klogere-paa-tidens-trusler\\\/#primaryimage\",\"url\":\"https:\\\/\\\/www.interforce.dk\\\/app\\\/uploads\\\/2020\\\/03\\\/Lars-scaled.jpg\",\"contentUrl\":\"https:\\\/\\\/www.interforce.dk\\\/app\\\/uploads\\\/2020\\\/03\\\/Lars-scaled.jpg\",\"width\":2248,\"height\":2560},{\"@type\":\"BreadcrumbList\",\"@id\":\"https:\\\/\\\/www.interforce.dk\\\/sjaellandske-stoettevirksomheder-blev-klogere-paa-tidens-trusler\\\/#breadcrumb\",\"itemListElement\":[{\"@type\":\"ListItem\",\"position\":1,\"name\":\"Hjem\",\"item\":\"https:\\\/\\\/www.interforce.dk\\\/\"},{\"@type\":\"ListItem\",\"position\":2,\"name\":\"Sj\u00e6llandske st\u00f8ttevirksomheder blev klogere p\u00e5 tidens trusler\"}]},{\"@type\":\"WebSite\",\"@id\":\"https:\\\/\\\/www.interforce.dk\\\/#website\",\"url\":\"https:\\\/\\\/www.interforce.dk\\\/\",\"name\":\"InterForce\",\"description\":\"\",\"potentialAction\":[{\"@type\":\"SearchAction\",\"target\":{\"@type\":\"EntryPoint\",\"urlTemplate\":\"https:\\\/\\\/www.interforce.dk\\\/?s={search_term_string}\"},\"query-input\":{\"@type\":\"PropertyValueSpecification\",\"valueRequired\":true,\"valueName\":\"search_term_string\"}}],\"inLanguage\":\"kl-GL\"},{\"@type\":\"Person\",\"@id\":\"https:\\\/\\\/www.interforce.dk\\\/#\\\/schema\\\/person\\\/964591db382e7e831fc964f0ae899e0a\",\"name\":\"Karina B\u00f8nnelykke\",\"image\":{\"@type\":\"ImageObject\",\"inLanguage\":\"kl-GL\",\"@id\":\"https:\\\/\\\/secure.gravatar.com\\\/avatar\\\/13010713aa3fbe78b7bd4ee6f06023c2194d2d443642beefa92d7654d3302514?s=96&d=mm&r=g\",\"url\":\"https:\\\/\\\/secure.gravatar.com\\\/avatar\\\/13010713aa3fbe78b7bd4ee6f06023c2194d2d443642beefa92d7654d3302514?s=96&d=mm&r=g\",\"contentUrl\":\"https:\\\/\\\/secure.gravatar.com\\\/avatar\\\/13010713aa3fbe78b7bd4ee6f06023c2194d2d443642beefa92d7654d3302514?s=96&d=mm&r=g\",\"caption\":\"Karina B\u00f8nnelykke\"},\"sameAs\":[\"https:\\\/\\\/www.interforce.dk\"],\"url\":\"https:\\\/\\\/www.interforce.dk\\\/kl\\\/author\\\/sjaellandinterforce-dk\\\/\"}]}<\/script>\n<!-- \/ Yoast SEO plugin. -->","yoast_head_json":{"title":"Sj\u00e6llandske st\u00f8ttevirksomheder blev klogere p\u00e5 tidens trusler - InterForce","robots":{"index":"index","follow":"follow","max-snippet":"max-snippet:-1","max-image-preview":"max-image-preview:large","max-video-preview":"max-video-preview:-1"},"canonical":"https:\/\/www.interforce.dk\/kl\/sjaellandske-stoettevirksomheder-blev-klogere-paa-tidens-trusler\/","og_locale":"en_US","og_type":"article","og_title":"Sj\u00e6llandske st\u00f8ttevirksomheder blev klogere p\u00e5 tidens trusler - InterForce","og_description":"Sikkerhedspolitisk arrangement for 30 st\u00f8ttevirksomheder i februar illustrerede tidens trusler og dermed behovet for en Reservestyrke.","og_url":"https:\/\/www.interforce.dk\/kl\/sjaellandske-stoettevirksomheder-blev-klogere-paa-tidens-trusler\/","og_site_name":"InterForce","article_published_time":"2020-03-24T15:13:25+00:00","article_modified_time":"2020-03-24T15:13:26+00:00","og_image":[{"width":2248,"height":2560,"url":"https:\/\/www.interforce.dk\/app\/uploads\/2020\/03\/Lars-scaled.jpg","type":"image\/jpeg"}],"author":"Karina B\u00f8nnelykke","twitter_card":"summary_large_image","twitter_misc":{"Written by":"Karina B\u00f8nnelykke","Est. reading time":"2 minutes"},"schema":{"@context":"https:\/\/schema.org","@graph":[{"@type":"Article","@id":"https:\/\/www.interforce.dk\/sjaellandske-stoettevirksomheder-blev-klogere-paa-tidens-trusler\/#article","isPartOf":{"@id":"https:\/\/www.interforce.dk\/sjaellandske-stoettevirksomheder-blev-klogere-paa-tidens-trusler\/"},"author":{"name":"Karina B\u00f8nnelykke","@id":"https:\/\/www.interforce.dk\/#\/schema\/person\/964591db382e7e831fc964f0ae899e0a"},"headline":"Sj\u00e6llandske st\u00f8ttevirksomheder blev klogere p\u00e5 tidens trusler","datePublished":"2020-03-24T15:13:25+00:00","dateModified":"2020-03-24T15:13:26+00:00","mainEntityOfPage":{"@id":"https:\/\/www.interforce.dk\/sjaellandske-stoettevirksomheder-blev-klogere-paa-tidens-trusler\/"},"wordCount":502,"image":{"@id":"https:\/\/www.interforce.dk\/sjaellandske-stoettevirksomheder-blev-klogere-paa-tidens-trusler\/#primaryimage"},"thumbnailUrl":"https:\/\/www.interforce.dk\/app\/uploads\/2020\/03\/Lars-scaled.jpg","keywords":["Tag:Sj\u00e6lland"],"articleSection":["Arrangementsomtale"],"inLanguage":"kl-GL"},{"@type":"WebPage","@id":"https:\/\/www.interforce.dk\/sjaellandske-stoettevirksomheder-blev-klogere-paa-tidens-trusler\/","url":"https:\/\/www.interforce.dk\/sjaellandske-stoettevirksomheder-blev-klogere-paa-tidens-trusler\/","name":"Sj\u00e6llandske st\u00f8ttevirksomheder blev klogere p\u00e5 tidens trusler - InterForce","isPartOf":{"@id":"https:\/\/www.interforce.dk\/#website"},"primaryImageOfPage":{"@id":"https:\/\/www.interforce.dk\/sjaellandske-stoettevirksomheder-blev-klogere-paa-tidens-trusler\/#primaryimage"},"image":{"@id":"https:\/\/www.interforce.dk\/sjaellandske-stoettevirksomheder-blev-klogere-paa-tidens-trusler\/#primaryimage"},"thumbnailUrl":"https:\/\/www.interforce.dk\/app\/uploads\/2020\/03\/Lars-scaled.jpg","datePublished":"2020-03-24T15:13:25+00:00","dateModified":"2020-03-24T15:13:26+00:00","author":{"@id":"https:\/\/www.interforce.dk\/#\/schema\/person\/964591db382e7e831fc964f0ae899e0a"},"breadcrumb":{"@id":"https:\/\/www.interforce.dk\/sjaellandske-stoettevirksomheder-blev-klogere-paa-tidens-trusler\/#breadcrumb"},"inLanguage":"kl-GL","potentialAction":[{"@type":"ReadAction","target":["https:\/\/www.interforce.dk\/sjaellandske-stoettevirksomheder-blev-klogere-paa-tidens-trusler\/"]}]},{"@type":"ImageObject","inLanguage":"kl-GL","@id":"https:\/\/www.interforce.dk\/sjaellandske-stoettevirksomheder-blev-klogere-paa-tidens-trusler\/#primaryimage","url":"https:\/\/www.interforce.dk\/app\/uploads\/2020\/03\/Lars-scaled.jpg","contentUrl":"https:\/\/www.interforce.dk\/app\/uploads\/2020\/03\/Lars-scaled.jpg","width":2248,"height":2560},{"@type":"BreadcrumbList","@id":"https:\/\/www.interforce.dk\/sjaellandske-stoettevirksomheder-blev-klogere-paa-tidens-trusler\/#breadcrumb","itemListElement":[{"@type":"ListItem","position":1,"name":"Hjem","item":"https:\/\/www.interforce.dk\/"},{"@type":"ListItem","position":2,"name":"Sj\u00e6llandske st\u00f8ttevirksomheder blev klogere p\u00e5 tidens trusler"}]},{"@type":"WebSite","@id":"https:\/\/www.interforce.dk\/#website","url":"https:\/\/www.interforce.dk\/","name":"InterForce","description":"","potentialAction":[{"@type":"SearchAction","target":{"@type":"EntryPoint","urlTemplate":"https:\/\/www.interforce.dk\/?s={search_term_string}"},"query-input":{"@type":"PropertyValueSpecification","valueRequired":true,"valueName":"search_term_string"}}],"inLanguage":"kl-GL"},{"@type":"Person","@id":"https:\/\/www.interforce.dk\/#\/schema\/person\/964591db382e7e831fc964f0ae899e0a","name":"Karina B\u00f8nnelykke","image":{"@type":"ImageObject","inLanguage":"kl-GL","@id":"https:\/\/secure.gravatar.com\/avatar\/13010713aa3fbe78b7bd4ee6f06023c2194d2d443642beefa92d7654d3302514?s=96&d=mm&r=g","url":"https:\/\/secure.gravatar.com\/avatar\/13010713aa3fbe78b7bd4ee6f06023c2194d2d443642beefa92d7654d3302514?s=96&d=mm&r=g","contentUrl":"https:\/\/secure.gravatar.com\/avatar\/13010713aa3fbe78b7bd4ee6f06023c2194d2d443642beefa92d7654d3302514?s=96&d=mm&r=g","caption":"Karina B\u00f8nnelykke"},"sameAs":["https:\/\/www.interforce.dk"],"url":"https:\/\/www.interforce.dk\/kl\/author\/sjaellandinterforce-dk\/"}]}},"_links":{"self":[{"href":"https:\/\/www.interforce.dk\/kl\/wp-json\/wp\/v2\/posts\/1668","targetHints":{"allow":["GET"]}}],"collection":[{"href":"https:\/\/www.interforce.dk\/kl\/wp-json\/wp\/v2\/posts"}],"about":[{"href":"https:\/\/www.interforce.dk\/kl\/wp-json\/wp\/v2\/types\/post"}],"author":[{"embeddable":true,"href":"https:\/\/www.interforce.dk\/kl\/wp-json\/wp\/v2\/users\/22"}],"replies":[{"embeddable":true,"href":"https:\/\/www.interforce.dk\/kl\/wp-json\/wp\/v2\/comments?post=1668"}],"version-history":[{"count":0,"href":"https:\/\/www.interforce.dk\/kl\/wp-json\/wp\/v2\/posts\/1668\/revisions"}],"wp:featuredmedia":[{"embeddable":true,"href":"https:\/\/www.interforce.dk\/kl\/wp-json\/wp\/v2\/media\/1675"}],"wp:attachment":[{"href":"https:\/\/www.interforce.dk\/kl\/wp-json\/wp\/v2\/media?parent=1668"}],"wp:term":[{"taxonomy":"category","embeddable":true,"href":"https:\/\/www.interforce.dk\/kl\/wp-json\/wp\/v2\/categories?post=1668"},{"taxonomy":"post_tag","embeddable":true,"href":"https:\/\/www.interforce.dk\/kl\/wp-json\/wp\/v2\/tags?post=1668"}],"curies":[{"name":"wp","href":"https:\/\/api.w.org\/{rel}","templated":true}]}}