{"id":16471,"date":"2024-09-10T12:24:53","date_gmt":"2024-09-10T12:24:53","guid":{"rendered":"https:\/\/www.interforce.dk\/?p=16471"},"modified":"2024-09-10T12:24:54","modified_gmt":"2024-09-10T12:24:54","slug":"kromann-reumert-modtager-interforce-skjoldet","status":"publish","type":"post","link":"https:\/\/www.interforce.dk\/kl\/kromann-reumert-modtager-interforce-skjoldet\/","title":{"rendered":"Kromann Reumert modtager InterForce-skjoldet"},"content":{"rendered":"<div class=\"block core-block core-block--image\">\n      <div class=\"inner inner--small\">\n      \n<figure class=\"wp-block-image size-large\"><img loading=\"lazy\" decoding=\"async\" width=\"1024\" height=\"1024\" src=\"https:\/\/www.interforce.dk\/app\/uploads\/2024\/09\/26ny-1024x1024.jpg\" alt=\"\" class=\"wp-image-16472\" srcset=\"https:\/\/www.interforce.dk\/app\/uploads\/2024\/09\/26ny-1024x1024.jpg 1024w, https:\/\/www.interforce.dk\/app\/uploads\/2024\/09\/26ny-300x300.jpg 300w, https:\/\/www.interforce.dk\/app\/uploads\/2024\/09\/26ny-768x768.jpg 768w, https:\/\/www.interforce.dk\/app\/uploads\/2024\/09\/26ny-12x12.jpg 12w, https:\/\/www.interforce.dk\/app\/uploads\/2024\/09\/26ny.jpg 1080w\" sizes=\"auto, (max-width: 1024px) 100vw, 1024px\" \/><figcaption class=\"wp-element-caption\"><em>InterForce-ambassad\u00f8r Christian Fredberg overr\u00e6kker InterForce-skjoldet til managing partner Christina Bruun Gertsen og partner S\u00f8ren Skibsted.<\/em><\/figcaption><\/figure>\n\n      <\/div>\n  <\/div>\n<div class=\"block core-block core-block--paragraph\">\n      <div class=\"inner inner--small\">\n      \n<p>P\u00e5 flagdagen kunne InterForce ambassad\u00f8r Christian Fredberg overr\u00e6kke InterForce-skjoldet til managing partner Christina Bruun Geertsen, partner S\u00f8ren Skibsted og Kromann Reumert &#8211; og samtidig byde velkommen til. Nu er Kromann Reumert blandt de mere end 2700 virksomheder i medlemskredsen i InterForce. <\/p>\n\n      <\/div>\n  <\/div>\n<div class=\"block core-block core-block--paragraph\">\n      <div class=\"inner inner--small\">\n      \n<p>Kromann Reumert har l\u00e6nge st\u00f8ttet op om reservestyrken, bl.a. er S\u00f8ren selv en meget aktiv reserveofficer, som major af reserven, og som en del af det nationale beredskab.<\/p>\n\n      <\/div>\n  <\/div>\n<div class=\"block core-block core-block--paragraph\">\n      <div class=\"inner inner--small\">\n      \n<p>Med modtagelsen af InterForce skjold bliver denne st\u00f8tte nu endnu mere synlig.<br><br>Tak til Kromann Reumert for st\u00f8tten!<\/p>\n\n      <\/div>\n  <\/div>\n<div class=\"block core-block core-block--paragraph\">\n      <div class=\"inner inner--small\">\n      \n<p>L\u00e6s ogs\u00e5: <a href=\"https:\/\/www.interforce.dk\/kl\/gribskov-kommune-stoetter-op-om-interforce\/\">Gribskov Kommune st\u00f8tter op om InterForce<\/a><\/p>\n\n      <\/div>\n  <\/div>","protected":false},"excerpt":{"rendered":"P\u00e5 flagdagen kunne InterForce ambassad\u00f8r Christian Fredberg overr\u00e6kke InterFo...","protected":false},"author":122,"featured_media":16472,"comment_status":"closed","ping_status":"closed","sticky":false,"template":"","format":"standard","meta":{"_acf_changed":false,"footnotes":""},"categories":[12],"tags":[55],"class_list":["post-16471","post","type-post","status-publish","format-standard","has-post-thumbnail","hentry","category-nyt-om-if","tag-tag-hovedstaden"],"acf":[],"yoast_head":"<!-- This site is optimized with the Yoast SEO plugin v27.3 - https:\/\/yoast.com\/product\/yoast-seo-wordpress\/ -->\n<title>Kromann Reumert modtager InterForce-skjoldet - InterForce<\/title>\n<meta name=\"description\" content=\"P\u00e5 flagdagen kunne InterForce ambassad\u00f8r Christian Fredberg overr\u00e6kke InterForce-skjoldet til Kromann Reumert.\" \/>\n<meta name=\"robots\" content=\"index, follow, max-snippet:-1, max-image-preview:large, max-video-preview:-1\" \/>\n<link rel=\"canonical\" href=\"https:\/\/www.interforce.dk\/kl\/kromann-reumert-modtager-interforce-skjoldet\/\" \/>\n<meta property=\"og:locale\" content=\"en_US\" \/>\n<meta property=\"og:type\" content=\"article\" \/>\n<meta property=\"og:title\" content=\"Kromann Reumert modtager InterForce-skjoldet - InterForce\" \/>\n<meta property=\"og:description\" content=\"P\u00e5 flagdagen kunne InterForce ambassad\u00f8r Christian Fredberg overr\u00e6kke InterForce-skjoldet til Kromann Reumert.\" \/>\n<meta property=\"og:url\" content=\"https:\/\/www.interforce.dk\/kl\/kromann-reumert-modtager-interforce-skjoldet\/\" \/>\n<meta property=\"og:site_name\" content=\"InterForce\" \/>\n<meta property=\"article:published_time\" content=\"2024-09-10T12:24:53+00:00\" \/>\n<meta property=\"article:modified_time\" content=\"2024-09-10T12:24:54+00:00\" \/>\n<meta property=\"og:image\" content=\"https:\/\/www.interforce.dk\/app\/uploads\/2024\/09\/26ny.jpg\" \/>\n\t<meta property=\"og:image:width\" content=\"1080\" \/>\n\t<meta property=\"og:image:height\" content=\"1080\" \/>\n\t<meta property=\"og:image:type\" content=\"image\/jpeg\" \/>\n<meta name=\"author\" content=\"Anton Rask Hauge Steffensen\" \/>\n<meta name=\"twitter:card\" content=\"summary_large_image\" \/>\n<meta name=\"twitter:label1\" content=\"Written by\" \/>\n\t<meta name=\"twitter:data1\" content=\"Anton Rask Hauge Steffensen\" \/>\n\t<meta name=\"twitter:label2\" content=\"Est. reading time\" \/>\n\t<meta name=\"twitter:data2\" content=\"1 minute\" \/>\n<script type=\"application\/ld+json\" class=\"yoast-schema-graph\">{\"@context\":\"https:\\\/\\\/schema.org\",\"@graph\":[{\"@type\":\"Article\",\"@id\":\"https:\\\/\\\/www.interforce.dk\\\/kromann-reumert-modtager-interforce-skjoldet\\\/#article\",\"isPartOf\":{\"@id\":\"https:\\\/\\\/www.interforce.dk\\\/kromann-reumert-modtager-interforce-skjoldet\\\/\"},\"author\":{\"name\":\"Anton Rask Hauge Steffensen\",\"@id\":\"https:\\\/\\\/www.interforce.dk\\\/#\\\/schema\\\/person\\\/93de0ad27fec55a2f38d2195162834c7\"},\"headline\":\"Kromann Reumert modtager InterForce-skjoldet\",\"datePublished\":\"2024-09-10T12:24:53+00:00\",\"dateModified\":\"2024-09-10T12:24:54+00:00\",\"mainEntityOfPage\":{\"@id\":\"https:\\\/\\\/www.interforce.dk\\\/kromann-reumert-modtager-interforce-skjoldet\\\/\"},\"wordCount\":127,\"image\":{\"@id\":\"https:\\\/\\\/www.interforce.dk\\\/kromann-reumert-modtager-interforce-skjoldet\\\/#primaryimage\"},\"thumbnailUrl\":\"https:\\\/\\\/www.interforce.dk\\\/app\\\/uploads\\\/2024\\\/09\\\/26ny.jpg\",\"keywords\":[\"Tag:Hovedstaden\"],\"articleSection\":[\"Nyheder om InterForce\"],\"inLanguage\":\"kl-GL\"},{\"@type\":\"WebPage\",\"@id\":\"https:\\\/\\\/www.interforce.dk\\\/kromann-reumert-modtager-interforce-skjoldet\\\/\",\"url\":\"https:\\\/\\\/www.interforce.dk\\\/kromann-reumert-modtager-interforce-skjoldet\\\/\",\"name\":\"Kromann Reumert modtager InterForce-skjoldet - InterForce\",\"isPartOf\":{\"@id\":\"https:\\\/\\\/www.interforce.dk\\\/#website\"},\"primaryImageOfPage\":{\"@id\":\"https:\\\/\\\/www.interforce.dk\\\/kromann-reumert-modtager-interforce-skjoldet\\\/#primaryimage\"},\"image\":{\"@id\":\"https:\\\/\\\/www.interforce.dk\\\/kromann-reumert-modtager-interforce-skjoldet\\\/#primaryimage\"},\"thumbnailUrl\":\"https:\\\/\\\/www.interforce.dk\\\/app\\\/uploads\\\/2024\\\/09\\\/26ny.jpg\",\"datePublished\":\"2024-09-10T12:24:53+00:00\",\"dateModified\":\"2024-09-10T12:24:54+00:00\",\"author\":{\"@id\":\"https:\\\/\\\/www.interforce.dk\\\/#\\\/schema\\\/person\\\/93de0ad27fec55a2f38d2195162834c7\"},\"description\":\"P\u00e5 flagdagen kunne InterForce ambassad\u00f8r Christian Fredberg overr\u00e6kke InterForce-skjoldet til Kromann Reumert.\",\"breadcrumb\":{\"@id\":\"https:\\\/\\\/www.interforce.dk\\\/kromann-reumert-modtager-interforce-skjoldet\\\/#breadcrumb\"},\"inLanguage\":\"kl-GL\",\"potentialAction\":[{\"@type\":\"ReadAction\",\"target\":[\"https:\\\/\\\/www.interforce.dk\\\/kromann-reumert-modtager-interforce-skjoldet\\\/\"]}]},{\"@type\":\"ImageObject\",\"inLanguage\":\"kl-GL\",\"@id\":\"https:\\\/\\\/www.interforce.dk\\\/kromann-reumert-modtager-interforce-skjoldet\\\/#primaryimage\",\"url\":\"https:\\\/\\\/www.interforce.dk\\\/app\\\/uploads\\\/2024\\\/09\\\/26ny.jpg\",\"contentUrl\":\"https:\\\/\\\/www.interforce.dk\\\/app\\\/uploads\\\/2024\\\/09\\\/26ny.jpg\",\"width\":1080,\"height\":1080},{\"@type\":\"BreadcrumbList\",\"@id\":\"https:\\\/\\\/www.interforce.dk\\\/kromann-reumert-modtager-interforce-skjoldet\\\/#breadcrumb\",\"itemListElement\":[{\"@type\":\"ListItem\",\"position\":1,\"name\":\"Hjem\",\"item\":\"https:\\\/\\\/www.interforce.dk\\\/\"},{\"@type\":\"ListItem\",\"position\":2,\"name\":\"Kromann Reumert modtager InterForce-skjoldet\"}]},{\"@type\":\"WebSite\",\"@id\":\"https:\\\/\\\/www.interforce.dk\\\/#website\",\"url\":\"https:\\\/\\\/www.interforce.dk\\\/\",\"name\":\"InterForce\",\"description\":\"\",\"potentialAction\":[{\"@type\":\"SearchAction\",\"target\":{\"@type\":\"EntryPoint\",\"urlTemplate\":\"https:\\\/\\\/www.interforce.dk\\\/?s={search_term_string}\"},\"query-input\":{\"@type\":\"PropertyValueSpecification\",\"valueRequired\":true,\"valueName\":\"search_term_string\"}}],\"inLanguage\":\"kl-GL\"},{\"@type\":\"Person\",\"@id\":\"https:\\\/\\\/www.interforce.dk\\\/#\\\/schema\\\/person\\\/93de0ad27fec55a2f38d2195162834c7\",\"name\":\"Anton Rask Hauge Steffensen\",\"image\":{\"@type\":\"ImageObject\",\"inLanguage\":\"kl-GL\",\"@id\":\"https:\\\/\\\/secure.gravatar.com\\\/avatar\\\/8e4247cfae5f9f3cbd0c18740bdc45f335fc586e35e954f20e626e45d46e568d?s=96&d=mm&r=g\",\"url\":\"https:\\\/\\\/secure.gravatar.com\\\/avatar\\\/8e4247cfae5f9f3cbd0c18740bdc45f335fc586e35e954f20e626e45d46e568d?s=96&d=mm&r=g\",\"contentUrl\":\"https:\\\/\\\/secure.gravatar.com\\\/avatar\\\/8e4247cfae5f9f3cbd0c18740bdc45f335fc586e35e954f20e626e45d46e568d?s=96&d=mm&r=g\",\"caption\":\"Anton Rask Hauge Steffensen\"},\"url\":\"https:\\\/\\\/www.interforce.dk\\\/kl\\\/author\\\/anton\\\/\"}]}<\/script>\n<!-- \/ Yoast SEO plugin. -->","yoast_head_json":{"title":"Kromann Reumert modtager InterForce-skjoldet - InterForce","description":"P\u00e5 flagdagen kunne InterForce ambassad\u00f8r Christian Fredberg overr\u00e6kke InterForce-skjoldet til Kromann Reumert.","robots":{"index":"index","follow":"follow","max-snippet":"max-snippet:-1","max-image-preview":"max-image-preview:large","max-video-preview":"max-video-preview:-1"},"canonical":"https:\/\/www.interforce.dk\/kl\/kromann-reumert-modtager-interforce-skjoldet\/","og_locale":"en_US","og_type":"article","og_title":"Kromann Reumert modtager InterForce-skjoldet - InterForce","og_description":"P\u00e5 flagdagen kunne InterForce ambassad\u00f8r Christian Fredberg overr\u00e6kke InterForce-skjoldet til Kromann Reumert.","og_url":"https:\/\/www.interforce.dk\/kl\/kromann-reumert-modtager-interforce-skjoldet\/","og_site_name":"InterForce","article_published_time":"2024-09-10T12:24:53+00:00","article_modified_time":"2024-09-10T12:24:54+00:00","og_image":[{"width":1080,"height":1080,"url":"https:\/\/www.interforce.dk\/app\/uploads\/2024\/09\/26ny.jpg","type":"image\/jpeg"}],"author":"Anton Rask Hauge Steffensen","twitter_card":"summary_large_image","twitter_misc":{"Written by":"Anton Rask Hauge Steffensen","Est. reading time":"1 minute"},"schema":{"@context":"https:\/\/schema.org","@graph":[{"@type":"Article","@id":"https:\/\/www.interforce.dk\/kromann-reumert-modtager-interforce-skjoldet\/#article","isPartOf":{"@id":"https:\/\/www.interforce.dk\/kromann-reumert-modtager-interforce-skjoldet\/"},"author":{"name":"Anton Rask Hauge Steffensen","@id":"https:\/\/www.interforce.dk\/#\/schema\/person\/93de0ad27fec55a2f38d2195162834c7"},"headline":"Kromann Reumert modtager InterForce-skjoldet","datePublished":"2024-09-10T12:24:53+00:00","dateModified":"2024-09-10T12:24:54+00:00","mainEntityOfPage":{"@id":"https:\/\/www.interforce.dk\/kromann-reumert-modtager-interforce-skjoldet\/"},"wordCount":127,"image":{"@id":"https:\/\/www.interforce.dk\/kromann-reumert-modtager-interforce-skjoldet\/#primaryimage"},"thumbnailUrl":"https:\/\/www.interforce.dk\/app\/uploads\/2024\/09\/26ny.jpg","keywords":["Tag:Hovedstaden"],"articleSection":["Nyheder om InterForce"],"inLanguage":"kl-GL"},{"@type":"WebPage","@id":"https:\/\/www.interforce.dk\/kromann-reumert-modtager-interforce-skjoldet\/","url":"https:\/\/www.interforce.dk\/kromann-reumert-modtager-interforce-skjoldet\/","name":"Kromann Reumert modtager InterForce-skjoldet - InterForce","isPartOf":{"@id":"https:\/\/www.interforce.dk\/#website"},"primaryImageOfPage":{"@id":"https:\/\/www.interforce.dk\/kromann-reumert-modtager-interforce-skjoldet\/#primaryimage"},"image":{"@id":"https:\/\/www.interforce.dk\/kromann-reumert-modtager-interforce-skjoldet\/#primaryimage"},"thumbnailUrl":"https:\/\/www.interforce.dk\/app\/uploads\/2024\/09\/26ny.jpg","datePublished":"2024-09-10T12:24:53+00:00","dateModified":"2024-09-10T12:24:54+00:00","author":{"@id":"https:\/\/www.interforce.dk\/#\/schema\/person\/93de0ad27fec55a2f38d2195162834c7"},"description":"P\u00e5 flagdagen kunne InterForce ambassad\u00f8r Christian Fredberg overr\u00e6kke InterForce-skjoldet til Kromann Reumert.","breadcrumb":{"@id":"https:\/\/www.interforce.dk\/kromann-reumert-modtager-interforce-skjoldet\/#breadcrumb"},"inLanguage":"kl-GL","potentialAction":[{"@type":"ReadAction","target":["https:\/\/www.interforce.dk\/kromann-reumert-modtager-interforce-skjoldet\/"]}]},{"@type":"ImageObject","inLanguage":"kl-GL","@id":"https:\/\/www.interforce.dk\/kromann-reumert-modtager-interforce-skjoldet\/#primaryimage","url":"https:\/\/www.interforce.dk\/app\/uploads\/2024\/09\/26ny.jpg","contentUrl":"https:\/\/www.interforce.dk\/app\/uploads\/2024\/09\/26ny.jpg","width":1080,"height":1080},{"@type":"BreadcrumbList","@id":"https:\/\/www.interforce.dk\/kromann-reumert-modtager-interforce-skjoldet\/#breadcrumb","itemListElement":[{"@type":"ListItem","position":1,"name":"Hjem","item":"https:\/\/www.interforce.dk\/"},{"@type":"ListItem","position":2,"name":"Kromann Reumert modtager InterForce-skjoldet"}]},{"@type":"WebSite","@id":"https:\/\/www.interforce.dk\/#website","url":"https:\/\/www.interforce.dk\/","name":"InterForce","description":"","potentialAction":[{"@type":"SearchAction","target":{"@type":"EntryPoint","urlTemplate":"https:\/\/www.interforce.dk\/?s={search_term_string}"},"query-input":{"@type":"PropertyValueSpecification","valueRequired":true,"valueName":"search_term_string"}}],"inLanguage":"kl-GL"},{"@type":"Person","@id":"https:\/\/www.interforce.dk\/#\/schema\/person\/93de0ad27fec55a2f38d2195162834c7","name":"Anton Rask Hauge Steffensen","image":{"@type":"ImageObject","inLanguage":"kl-GL","@id":"https:\/\/secure.gravatar.com\/avatar\/8e4247cfae5f9f3cbd0c18740bdc45f335fc586e35e954f20e626e45d46e568d?s=96&d=mm&r=g","url":"https:\/\/secure.gravatar.com\/avatar\/8e4247cfae5f9f3cbd0c18740bdc45f335fc586e35e954f20e626e45d46e568d?s=96&d=mm&r=g","contentUrl":"https:\/\/secure.gravatar.com\/avatar\/8e4247cfae5f9f3cbd0c18740bdc45f335fc586e35e954f20e626e45d46e568d?s=96&d=mm&r=g","caption":"Anton Rask Hauge Steffensen"},"url":"https:\/\/www.interforce.dk\/kl\/author\/anton\/"}]}},"_links":{"self":[{"href":"https:\/\/www.interforce.dk\/kl\/wp-json\/wp\/v2\/posts\/16471","targetHints":{"allow":["GET"]}}],"collection":[{"href":"https:\/\/www.interforce.dk\/kl\/wp-json\/wp\/v2\/posts"}],"about":[{"href":"https:\/\/www.interforce.dk\/kl\/wp-json\/wp\/v2\/types\/post"}],"author":[{"embeddable":true,"href":"https:\/\/www.interforce.dk\/kl\/wp-json\/wp\/v2\/users\/122"}],"replies":[{"embeddable":true,"href":"https:\/\/www.interforce.dk\/kl\/wp-json\/wp\/v2\/comments?post=16471"}],"version-history":[{"count":1,"href":"https:\/\/www.interforce.dk\/kl\/wp-json\/wp\/v2\/posts\/16471\/revisions"}],"predecessor-version":[{"id":16473,"href":"https:\/\/www.interforce.dk\/kl\/wp-json\/wp\/v2\/posts\/16471\/revisions\/16473"}],"wp:featuredmedia":[{"embeddable":true,"href":"https:\/\/www.interforce.dk\/kl\/wp-json\/wp\/v2\/media\/16472"}],"wp:attachment":[{"href":"https:\/\/www.interforce.dk\/kl\/wp-json\/wp\/v2\/media?parent=16471"}],"wp:term":[{"taxonomy":"category","embeddable":true,"href":"https:\/\/www.interforce.dk\/kl\/wp-json\/wp\/v2\/categories?post=16471"},{"taxonomy":"post_tag","embeddable":true,"href":"https:\/\/www.interforce.dk\/kl\/wp-json\/wp\/v2\/tags?post=16471"}],"curies":[{"name":"wp","href":"https:\/\/api.w.org\/{rel}","templated":true}]}}