{"id":16369,"date":"2024-09-06T07:10:28","date_gmt":"2024-09-06T07:10:28","guid":{"rendered":"https:\/\/www.interforce.dk\/?p=16369"},"modified":"2025-08-21T10:07:14","modified_gmt":"2025-08-21T10:07:14","slug":"forsvaret-og-erhvervslivet-moedtes-i-arbejdermuseet","status":"publish","type":"post","link":"https:\/\/www.interforce.dk\/kl\/forsvaret-og-erhvervslivet-moedtes-i-arbejdermuseet\/","title":{"rendered":"Forsvaret og erhvervslivet m\u00f8dtes i Arbejdermuseet"},"content":{"rendered":"<div class=\"block core-block core-block--paragraph\">\n      <div class=\"inner inner--small\">\n      \n<p>InterForce Region Hovedstadens popul\u00e6re og traditionsrige St\u00e6rekassem\u00f8der var i \u00e5r flyttet til de smukke og historiske rammer p\u00e5 Arbejdermuseet i centrum af K\u00f8benhavn.<\/p>\n\n      <\/div>\n  <\/div>\n<div class=\"block core-block core-block--image\">\n      <div class=\"inner inner--small\">\n      \n<figure class=\"wp-block-image size-large\"><img decoding=\"async\" src=\"https:\/\/www.interforce.dk\/app\/uploads\/2024\/09\/3-1024x768.jpg\" alt=\"St\u00e6rekassem\u00f8der\" class=\"wp-image-16395\"\/><figcaption class=\"wp-element-caption\"><em>Den Kongelige Livgardes Tamburkorps stod klar til at tage imod g\u00e6sterne ved Arbejdermuseet<\/em><\/figcaption><\/figure>\n\n      <\/div>\n  <\/div>\n<div class=\"block core-block core-block--paragraph\">\n      <div class=\"inner inner--small\">\n      \n<p>M\u00f8derne forl\u00f8ber efter traditionen over to dage: Den f\u00f8rste dag m\u00f8des Forsvarets chefer og ledere med erhvervslivets direktioner. P\u00e5 andendagen m\u00f8des erhvervslivets topledelse med Forsvarets \u00f8verste chefer.<\/p>\n\n      <\/div>\n  <\/div>\n<div class=\"block core-block core-block--paragraph\">\n      <div class=\"inner inner--small\">\n      \n<p>I \u00e5r var temaet \u201dGod ledelse af k\u00f8n. Diversitet og inklusion er forretningskritisk og afg\u00f8rende for succes. Men hvorfor er det s\u00e5 sv\u00e6rt?\u201d<\/p>\n\n      <\/div>\n  <\/div>\n<div class=\"block core-block core-block--heading\">\n      <div class=\"inner inner--small\">\n      \n<h2 class=\"wp-block-heading\">Sammen om Danmarks sikkerhed<\/h2>\n\n      <\/div>\n  <\/div>\n<div class=\"block core-block core-block--paragraph\">\n      <div class=\"inner inner--small\">\n      \n<p>G\u00e6sterne blev ved indgangen budt velkommen af formand for InterForce Region Hovedstaden, Martin B\u00f8ge Mikkelsen, og regionens milit\u00e6re koordinator, oberst Peer Sander Rouff. Velkomsten blev akkompagneret af \u00a0musik af Den Kongelige Livgardes Tamburkorps.<\/p>\n\n      <\/div>\n  <\/div>\n<div class=\"block core-block core-block--paragraph\">\n      <div class=\"inner inner--small\">\n      \n<p>Begge aftener blev indledt med, at moderator Thomas Juul-Dam, partner hos Primetime, gav en kort introduktion til Arbejdermuseet. Herefter b\u00f8d Martin B\u00f8ge Mikkelsen velkommen og gav en introduktion til InterForce og dets rolle som brobygger mellem Forsvaret, Hjemmev\u00e6rnet, beredskabet og det civile erhvervsliv. En brobygning, som p\u00e5 grund af de udfordringer, vi st\u00e5r overfor i verden, er yderst aktuel.<\/p>\n\n      <\/div>\n  <\/div>\n<div class=\"block core-block core-block--image\">\n      <div class=\"inner inner--small\">\n      \n<figure class=\"wp-block-image size-large\"><img decoding=\"async\" src=\"https:\/\/www.interforce.dk\/app\/uploads\/2024\/09\/IMG_9684-1024x683.jpg\" alt=\"\" class=\"wp-image-16415\"\/><figcaption class=\"wp-element-caption\"><em>Formanden for InterForce Region Hovedstaden, Martin B\u00f8ge Mikkelsen<\/em><\/figcaption><\/figure>\n\n      <\/div>\n  <\/div>\n<div class=\"block core-block core-block--paragraph\">\n      <div class=\"inner inner--small\">\n      \n<p>Formanden understregede, hvor stor betydning det har, at danske virksomheder samarbejder med Forsvaret og beredskabet om at give deres medarbejdere, der g\u00f8r frivillig tjeneste i Forsvaret, Hjemmev\u00e6rnet og beredskabet, fri til at g\u00f8re tjeneste i uniform, n\u00e5r det er foreneligt med virksomhedens tarv. For Forsvaret, Hjemmev\u00e6rnet og beredskabet er dybt afh\u00e6ngige af disse frivillige og reservisters indsats i tilf\u00e6lde af katastrofer, kriser eller krig.<\/p>\n\n      <\/div>\n  <\/div>\n<div class=\"block core-block core-block--heading\">\n      <div class=\"inner inner--small\">\n      \n<h2 class=\"wp-block-heading\">Den sv\u00e6re inklusion<\/h2>\n\n      <\/div>\n  <\/div>\n<div class=\"block core-block core-block--paragraph\">\n      <div class=\"inner inner--small\">\n      \n<p>Tirsdagens f\u00f8rste opl\u00e6gsholder var Stabschefen for H\u00e6rkommandoen, oberst Mikkel Enemark Olsen. Hans direkte og \u00e6rlige svar p\u00e5, hvorfor det er sv\u00e6rt med diversitet i H\u00e6ren, var, at H\u00e6ren i 400 \u00e5r har v\u00e6ret skabt af m\u00e6nd, bemandet af m\u00e6nd, med henblik p\u00e5 at sl\u00e5 m\u00e6nd ihjel. Det afspejles i k\u00f8nsbalancen i dag.<\/p>\n\n      <\/div>\n  <\/div>\n<div class=\"block core-block core-block--paragraph\">\n      <div class=\"inner inner--small\">\n      \n<p>Obersten fortalte om samarbejdet med bl.a. KVINFO om at s\u00e6tte fokus p\u00e5 vilk\u00e5rene som kvindelig ansat i H\u00e6ren. Hans budskab var, at det er cheferne, der skal drive udviklingen og kulturforandringerne for at tiltr\u00e6kke flere kvindelige ansatte: At skabe mere diversitet og inklusion i H\u00e6ren kr\u00e6ver en stor indsats, hvor H\u00e6rens ledelse m\u00e5 lytte, v\u00e6re nysgerrige og gent\u00e6nke deres forst\u00e5else af ledelse.<\/p>\n\n      <\/div>\n  <\/div>\n<div class=\"block core-block core-block--paragraph\">\n      <div class=\"inner inner--small\">\n      \n<p>Herefter var det den administrerende direkt\u00f8r for CGI Danmark, Maiken Lykke, der fik ordet. CGI er en af verdens st\u00f8rste leverand\u00f8rer af konsulentydelser og services inden for it og forretningsr\u00e5dgivning. Maiken Lykke fremh\u00e6vede, at diversitet skaber synergi, der i sidste ende skaber resultater. Hun slog fast, at hun i dag er tilh\u00e6nger af, at der s\u00e6ttes m\u00e5l for k\u00f8nsbalancen p\u00e5 de danske arbejdspladser, og at det er n\u00f8dvendigt med regulering. For hun har erkendt, at uden regulering g\u00e5r det simpelthen for langsomt.<\/p>\n\n      <\/div>\n  <\/div>\n<div class=\"block core-block core-block--image\">\n      <div class=\"inner inner--small\">\n      \n<figure class=\"wp-block-image size-large\"><img loading=\"lazy\" decoding=\"async\" width=\"1024\" height=\"683\" src=\"https:\/\/www.interforce.dk\/app\/uploads\/2024\/09\/IMG_9647-1024x683.jpg\" alt=\"\" class=\"wp-image-16443\" srcset=\"https:\/\/www.interforce.dk\/app\/uploads\/2024\/09\/IMG_9647-1024x683.jpg 1024w, https:\/\/www.interforce.dk\/app\/uploads\/2024\/09\/IMG_9647-300x200.jpg 300w, https:\/\/www.interforce.dk\/app\/uploads\/2024\/09\/IMG_9647-768x512.jpg 768w, https:\/\/www.interforce.dk\/app\/uploads\/2024\/09\/IMG_9647-1536x1024.jpg 1536w, https:\/\/www.interforce.dk\/app\/uploads\/2024\/09\/IMG_9647-2048x1365.jpg 2048w, https:\/\/www.interforce.dk\/app\/uploads\/2024\/09\/IMG_9647-18x12.jpg 18w\" sizes=\"auto, (max-width: 1024px) 100vw, 1024px\" \/><figcaption class=\"wp-element-caption\"><em>Den administrerende direkt\u00f8r for CGI Danmark, Maiken Lykke<\/em><\/figcaption><\/figure>\n\n      <\/div>\n  <\/div>\n<div class=\"block core-block core-block--paragraph\">\n      <div class=\"inner inner--small\">\n      \n<p>Det er ikke nok med flot formulerede m\u00e5l om diversitet og inklusion. Skal man n\u00e5 i m\u00e5l, kr\u00e6ver det handling og ledelse. M\u00e6nd og kvinder er forskellige, og skal vi for alvor skabe en bedre diversitet p\u00e5 arbejdspladserne, kr\u00e6ver det if\u00f8lge direkt\u00f8ren nye m\u00e5der at lede p\u00e5 og nye m\u00e5der at arbejde med medarbejdernes karriereudvikling p\u00e5.<\/p>\n\n      <\/div>\n  <\/div>\n<div class=\"block core-block core-block--image\">\n      <div class=\"inner inner--small\">\n      \n<figure class=\"wp-block-image size-large\"><img decoding=\"async\" src=\"https:\/\/www.interforce.dk\/app\/uploads\/2024\/09\/6-1024x768.jpg\" alt=\"\" class=\"wp-image-16396\"\/><figcaption class=\"wp-element-caption\"><em>Arbejdermuseets f\u00e6llessal lagde flotte rammer til de to afteners diskussioner<\/em><\/figcaption><\/figure>\n\n      <\/div>\n  <\/div>\n<div class=\"block core-block core-block--paragraph\">\n      <div class=\"inner inner--small\">\n      \n<p>Herefter var der gode og inspirerende dr\u00f8ftelser ved bordene, hvor synspunkter, erfaringer og argumenter skabte en koncentreret, men samtidig afslappet og jovial atmosf\u00e6re. Her stod det klart, at b\u00e5de i Forsvaret og i mange civile virksomheder er der er stort uudnyttet potentiale, som er vi er n\u00f8dt til at udnytte bedre, end vi g\u00f8r i \u00f8jeblikket. Nogle af gruppernes synpunkter blev delt i plenum til f\u00e6lles inspiration via Thomas\u2019 gode moderering.<\/p>\n\n      <\/div>\n  <\/div>\n<div class=\"block core-block core-block--heading\">\n      <div class=\"inner inner--small\">\n      \n<h2 class=\"wp-block-heading\">Opg\u00f8r med vanet\u00e6nkning<\/h2>\n\n      <\/div>\n  <\/div>\n<div class=\"block core-block core-block--paragraph\">\n      <div class=\"inner inner--small\">\n      \n<p>Onsdag var det efter velkomsten Chefen for Forsvarsstaben, generall\u00f8jtnant Kenneth Pedersen, der gav aftenens f\u00f8rste debatindl\u00e6g.<\/p>\n\n      <\/div>\n  <\/div>\n<div class=\"block core-block core-block--paragraph\">\n      <div class=\"inner inner--small\">\n      \n<p>Generall\u00f8jtnanten fortalte, at man i Forsvaret har ca. 25% kvindelige v\u00e6rnepligtige, men kun ca. 10% fastansatte kvinder. Det tal arbejder man m\u00e5lrettet p\u00e5 at g\u00f8re h\u00f8jere. For som generalen fremh\u00e6vede ud fra egne krigserfaringer, skaber Forsvaret simpelthen bedre l\u00f8sninger og f\u00e5r en bedre kampkraft med enheder med st\u00f8rre diversitet. &nbsp;<\/p>\n\n      <\/div>\n  <\/div>\n<div class=\"block core-block core-block--paragraph\">\n      <div class=\"inner inner--small\">\n      \n<p>Herefter var det direkt\u00f8ren i BankInvest, Lotte M\u00e5nsson, der gav et indspark i aftenens debat. Lotte M\u00e5nsson talte ligesom direkt\u00f8ren for CGI Danmark om, hvordan \u00e6gte inklusion og diversitet i virksomheder direkte kan afl\u00e6ses positivt p\u00e5 bundlinjen. Men ogs\u00e5 om, hvordan inklusion og diversitet ikke bare m\u00e5 blive en overfladisk tjekliste, hvor man bevidst ans\u00e6tter medarbejdere af forskellige k\u00f8n og etnicitet og tror, at det er gjort med det.<\/p>\n\n      <\/div>\n  <\/div>\n<div class=\"block core-block core-block--paragraph\">\n      <div class=\"inner inner--small\">\n      \n<p>\u00c6gte inklusion kr\u00e6ver, at man form\u00e5r at rumme dem, der ikke er som alle andre i virksomheden, og at man t\u00f8r udfordre sin vanet\u00e6nkning og sine fordomme.<\/p>\n\n      <\/div>\n  <\/div>\n<div class=\"block core-block core-block--image align-center\">\n      <div class=\"inner inner--small\">\n      \n<figure class=\"wp-block-image aligncenter size-full\"><img decoding=\"async\" src=\"https:\/\/www.interforce.dk\/app\/uploads\/2024\/09\/Foto-II.jpg\" alt=\"\" class=\"wp-image-16436\"\/><figcaption class=\"wp-element-caption\"><em>Direkt\u00f8ren i BankInvest, Lotte M\u00e5nsson, holdt et inspirerende opl\u00e6g om at turde omfavne diversitet og inklusion<\/em><\/figcaption><\/figure>\n\n      <\/div>\n  <\/div>\n<div class=\"block core-block core-block--paragraph\">\n      <div class=\"inner inner--small\">\n      \n<p>Som afslutning gav Lotte M\u00e5nsson erhvervslivets og Forsvarets chefer tre gode r\u00e5d: 1) Diversitet og inklusion skal komme oppefra fra virksomhedens topledelse og nedefter; 2) Som leder skal du tale sidst og veje dine ord. Chefer er vant til at tage ordet, men skal v\u00e6nne sig til at v\u00e6re mere lyttende, inden de til sidst skal tr\u00e6ffe de n\u00f8dvendige beslutninger; 3) V\u00e6r gavmild med dit netv\u00e6rk. Det er bydende n\u00f8dvendigt for inklusionen og diversiteten i virksomheden, at du hj\u00e6lper dine dygtige medarbejdere ved at introducere dem i dit netv\u00e6rk.<\/p>\n\n      <\/div>\n  <\/div>\n<div class=\"block core-block core-block--heading\">\n      <div class=\"inner inner--small\">\n      \n<h2 class=\"wp-block-heading\">Pris til Region Hovedstaden<\/h2>\n\n      <\/div>\n  <\/div>\n<div class=\"block core-block core-block--paragraph\">\n      <div class=\"inner inner--small\">\n      \n<p>En meget v\u00e6sentlig del af St\u00e6rekassem\u00f8derne er netop muligheden for at netv\u00e6rke. Begge m\u00f8der blev derfor afsluttet med en let anretning. Herefter gik snakken mellem de mange milit\u00e6re og civile deltagere.<\/p>\n\n      <\/div>\n  <\/div>\n<div class=\"block core-block core-block--image\">\n      <div class=\"inner inner--small\">\n      \n<figure class=\"wp-block-image size-large\"><img decoding=\"async\" src=\"https:\/\/www.interforce.dk\/app\/uploads\/2024\/09\/10-1024x768.jpg\" alt=\"\" class=\"wp-image-16398\"\/><figcaption class=\"wp-element-caption\"><em>St\u00e6rekassem\u00f8derne giver rig lejlighed til, at deltagerne kan netv\u00e6rke<\/em><\/figcaption><\/figure>\n\n      <\/div>\n  <\/div>\n<div class=\"block core-block core-block--paragraph\">\n      <div class=\"inner inner--small\">\n      \n<p>En anden vigtig tradition i St\u00e6rekassem\u00f8derne er uddelingen af \u00e5rets InterForce Award. Onsdag blev \u00e5rets InterForce Award uddelt til Region Hovedstaden af oberst Peer Rouff og modtaget p\u00e5 Region Hovedstadens vegne af direkt\u00f8ren for Center for HR, Kirstine Vesterg\u00e5rd Nielsen.<\/p>\n\n      <\/div>\n  <\/div>\n<div class=\"block core-block core-block--paragraph\">\n      <div class=\"inner inner--small\">\n      \n<p>Region Hovedstaden er en af Danmarks st\u00f8rste administrative enheder med mere end 40.000 ansatte. I 2023 blev Region Hovedstaden en medlemsvirksomhed hos Interforce, hvor de markerede deres engagement ved Uniform p\u00e5 jobbet-dagen med et arrangement p\u00e5 Rigshospitalet. Dette initiativ har siden f\u00f8rt til et t\u00e6t strategisk samarbejde med Interforce, hvor opbakningen til Reservestyrken er blevet udbredt p\u00e5 regionens mange arbejdspladser.<\/p>\n\n      <\/div>\n  <\/div>\n<div class=\"block core-block core-block--image align-center\">\n      <div class=\"inner inner--small\">\n      \n<figure class=\"wp-block-image aligncenter size-full\"><img decoding=\"async\" src=\"https:\/\/www.interforce.dk\/app\/uploads\/2024\/09\/Foto.jpg\" alt=\"\" class=\"wp-image-16434\"\/><figcaption class=\"wp-element-caption\"><em>Direkt\u00f8re for Center for HR, Kirstine Vesterg\u00e5rd Nielsen, modtog p\u00e5 vegne af Region Hovedstaden InterForce Awarden<\/em><\/figcaption><\/figure>\n\n      <\/div>\n  <\/div>\n<div class=\"block core-block core-block--paragraph\">\n      <div class=\"inner inner--small\">\n      \n<p>Region Hovedstaden har vist en forbilledlig indsats ved at give deres ansatte i Reservestyrken \u2013 herunder l\u00e6ger, sygeplejersker, paramedicinere og administrative medarbejdere \u2013 fuld st\u00f8tte til b\u00e5de uddannelse og udsendelser.<\/p>\n\n      <\/div>\n  <\/div>\n<div class=\"block core-block core-block--paragraph\">\n      <div class=\"inner inner--small\">\n      \n<p>Derudover har Region Hovedstaden afholdt m\u00f8der med hospitalsdirektionerne for at sikre, at det eksekverende led ogs\u00e5 er motiveret til at st\u00f8tte Reservestyrken.<\/p>\n\n      <\/div>\n  <\/div>\n<div class=\"block core-block core-block--paragraph\">\n      <div class=\"inner inner--small\">\n      \n<p>Samarbejdet med en organisation af denne st\u00f8rrelse har v\u00e6ret s\u00e6rdeles positivt, og Region Hovedstaden vil ogs\u00e5 i 2024 deltage i Uniform p\u00e5 jobbet-dagen, hvilket viser deres fortsatte engagement. Denne store indsats for dansk forsvar og beredskab gjorde, at regionen blev tildelt \u00e5rets Interforce Award.<\/p>\n\n      <\/div>\n  <\/div>\n<div class=\"block core-block core-block--heading\">\n      <div class=\"inner inner--small\">\n      \n<h2 class=\"wp-block-heading\">Tappenstreg til afgang<\/h2>\n\n      <\/div>\n  <\/div>\n<div class=\"block core-block core-block--paragraph\">\n      <div class=\"inner inner--small\">\n      \n<p>Traditionen tro blev m\u00f8derne afsluttet med tappenstreg, hvor Den Kongelige Livgardes Tamburkorps akkompagnerede deltagerne ud af Arbejdsmuseets flotte f\u00e6llessal.<\/p>\n\n      <\/div>\n  <\/div>\n<div class=\"block core-block core-block--image\">\n      <div class=\"inner inner--small\">\n      \n<figure class=\"wp-block-image size-large\"><img decoding=\"async\" src=\"https:\/\/www.interforce.dk\/app\/uploads\/2024\/09\/12-1024x768.jpg\" alt=\"\" class=\"wp-image-16399\"\/><figcaption class=\"wp-element-caption\"><em>St\u00e6rekassem\u00f8derne bliver altid afsluttet med tappenstreg, hvor Livgardens Tamburkorps leder deltagerne ud af m\u00f8delokalet<\/em><\/figcaption><\/figure>\n\n      <\/div>\n  <\/div>\n<div class=\"block core-block core-block--paragraph\">\n      <div class=\"inner inner--small\">\n      \n<p>InterForce Region Hovedstaden vil gerne endnu engang takke opl\u00e6gsholderne for inspirerende opl\u00e6g og facilitator Thomas Juul-Dam for at lede alle godt igennem opl\u00e6g og debatter.<\/p>\n\n      <\/div>\n  <\/div>\n<div class=\"block core-block core-block--paragraph\">\n      <div class=\"inner inner--small\">\n      \n<p>Der skal ogs\u00e5 lyde en tak til eventkoordinator May-Britt Nissen for at s\u00f8rge for at alt det praktiske. Endelig skal der lyde en tak til Den Kongelige Livgardes Tamburkorps for at skabe en fantastisk stemning.<\/p>\n\n      <\/div>\n  <\/div>","protected":false},"excerpt":{"rendered":"St\u00e6rekassem\u00f8derne blev i \u00e5r afholdt i Arbejdermuseet i K\u00f8benhavns centrum....","protected":false},"author":2,"featured_media":0,"comment_status":"closed","ping_status":"closed","sticky":false,"template":"","format":"standard","meta":{"_acf_changed":false,"footnotes":""},"categories":[13],"tags":[55],"class_list":["post-16369","post","type-post","status-publish","format-standard","hentry","category-events","tag-tag-hovedstaden"],"acf":[],"yoast_head":"<!-- This site is optimized with the Yoast SEO plugin v27.3 - https:\/\/yoast.com\/product\/yoast-seo-wordpress\/ -->\n<title>Forsvaret og erhvervslivet m\u00f8dtes i Arbejdermuseet - InterForce<\/title>\n<meta name=\"robots\" content=\"index, follow, max-snippet:-1, max-image-preview:large, max-video-preview:-1\" \/>\n<link rel=\"canonical\" href=\"https:\/\/www.interforce.dk\/kl\/forsvaret-og-erhvervslivet-moedtes-i-arbejdermuseet\/\" \/>\n<meta property=\"og:locale\" content=\"en_US\" \/>\n<meta property=\"og:type\" content=\"article\" \/>\n<meta property=\"og:title\" content=\"Forsvaret og erhvervslivet m\u00f8dtes i Arbejdermuseet - InterForce\" \/>\n<meta property=\"og:description\" content=\"St\u00e6rekassem\u00f8derne blev i \u00e5r afholdt i Arbejdermuseet i K\u00f8benhavns centrum.\" \/>\n<meta property=\"og:url\" content=\"https:\/\/www.interforce.dk\/kl\/forsvaret-og-erhvervslivet-moedtes-i-arbejdermuseet\/\" \/>\n<meta property=\"og:site_name\" content=\"InterForce\" \/>\n<meta property=\"article:published_time\" content=\"2024-09-06T07:10:28+00:00\" \/>\n<meta property=\"article:modified_time\" content=\"2025-08-21T10:07:14+00:00\" \/>\n<meta property=\"og:image\" content=\"https:\/\/www.interforce.dk\/app\/uploads\/2024\/09\/12-scaled.jpg\" \/>\n\t<meta property=\"og:image:width\" content=\"2560\" \/>\n\t<meta property=\"og:image:height\" content=\"1920\" \/>\n\t<meta property=\"og:image:type\" content=\"image\/jpeg\" \/>\n<meta name=\"author\" content=\"InterForce\" \/>\n<meta name=\"twitter:card\" content=\"summary_large_image\" \/>\n<meta name=\"twitter:label1\" content=\"Written by\" \/>\n\t<meta name=\"twitter:data1\" content=\"InterForce\" \/>\n\t<meta name=\"twitter:label2\" content=\"Est. reading time\" \/>\n\t<meta name=\"twitter:data2\" content=\"7 minutes\" \/>\n<script type=\"application\/ld+json\" class=\"yoast-schema-graph\">{\"@context\":\"https:\\\/\\\/schema.org\",\"@graph\":[{\"@type\":\"Article\",\"@id\":\"https:\\\/\\\/www.interforce.dk\\\/forsvaret-og-erhvervslivet-moedtes-i-arbejdermuseet\\\/#article\",\"isPartOf\":{\"@id\":\"https:\\\/\\\/www.interforce.dk\\\/forsvaret-og-erhvervslivet-moedtes-i-arbejdermuseet\\\/\"},\"author\":{\"name\":\"InterForce\",\"@id\":\"https:\\\/\\\/www.interforce.dk\\\/#\\\/schema\\\/person\\\/e0192b63d0a5b8f69ae146e87f7116fb\"},\"headline\":\"Forsvaret og erhvervslivet m\u00f8dtes i Arbejdermuseet\",\"datePublished\":\"2024-09-06T07:10:28+00:00\",\"dateModified\":\"2025-08-21T10:07:14+00:00\",\"mainEntityOfPage\":{\"@id\":\"https:\\\/\\\/www.interforce.dk\\\/forsvaret-og-erhvervslivet-moedtes-i-arbejdermuseet\\\/\"},\"wordCount\":1369,\"image\":{\"@id\":\"https:\\\/\\\/www.interforce.dk\\\/forsvaret-og-erhvervslivet-moedtes-i-arbejdermuseet\\\/#primaryimage\"},\"thumbnailUrl\":\"https:\\\/\\\/www.interforce.dk\\\/app\\\/uploads\\\/2024\\\/09\\\/3-1024x768.jpg\",\"keywords\":[\"Tag:Hovedstaden\"],\"articleSection\":[\"Arrangementsomtale\"],\"inLanguage\":\"kl-GL\"},{\"@type\":\"WebPage\",\"@id\":\"https:\\\/\\\/www.interforce.dk\\\/forsvaret-og-erhvervslivet-moedtes-i-arbejdermuseet\\\/\",\"url\":\"https:\\\/\\\/www.interforce.dk\\\/forsvaret-og-erhvervslivet-moedtes-i-arbejdermuseet\\\/\",\"name\":\"Forsvaret og erhvervslivet m\u00f8dtes i Arbejdermuseet - InterForce\",\"isPartOf\":{\"@id\":\"https:\\\/\\\/www.interforce.dk\\\/#website\"},\"primaryImageOfPage\":{\"@id\":\"https:\\\/\\\/www.interforce.dk\\\/forsvaret-og-erhvervslivet-moedtes-i-arbejdermuseet\\\/#primaryimage\"},\"image\":{\"@id\":\"https:\\\/\\\/www.interforce.dk\\\/forsvaret-og-erhvervslivet-moedtes-i-arbejdermuseet\\\/#primaryimage\"},\"thumbnailUrl\":\"https:\\\/\\\/www.interforce.dk\\\/app\\\/uploads\\\/2024\\\/09\\\/3-1024x768.jpg\",\"datePublished\":\"2024-09-06T07:10:28+00:00\",\"dateModified\":\"2025-08-21T10:07:14+00:00\",\"author\":{\"@id\":\"https:\\\/\\\/www.interforce.dk\\\/#\\\/schema\\\/person\\\/e0192b63d0a5b8f69ae146e87f7116fb\"},\"breadcrumb\":{\"@id\":\"https:\\\/\\\/www.interforce.dk\\\/forsvaret-og-erhvervslivet-moedtes-i-arbejdermuseet\\\/#breadcrumb\"},\"inLanguage\":\"kl-GL\",\"potentialAction\":[{\"@type\":\"ReadAction\",\"target\":[\"https:\\\/\\\/www.interforce.dk\\\/forsvaret-og-erhvervslivet-moedtes-i-arbejdermuseet\\\/\"]}]},{\"@type\":\"ImageObject\",\"inLanguage\":\"kl-GL\",\"@id\":\"https:\\\/\\\/www.interforce.dk\\\/forsvaret-og-erhvervslivet-moedtes-i-arbejdermuseet\\\/#primaryimage\",\"url\":\"https:\\\/\\\/www.interforce.dk\\\/app\\\/uploads\\\/2024\\\/09\\\/3-1024x768.jpg\",\"contentUrl\":\"https:\\\/\\\/www.interforce.dk\\\/app\\\/uploads\\\/2024\\\/09\\\/3-1024x768.jpg\"},{\"@type\":\"BreadcrumbList\",\"@id\":\"https:\\\/\\\/www.interforce.dk\\\/forsvaret-og-erhvervslivet-moedtes-i-arbejdermuseet\\\/#breadcrumb\",\"itemListElement\":[{\"@type\":\"ListItem\",\"position\":1,\"name\":\"Hjem\",\"item\":\"https:\\\/\\\/www.interforce.dk\\\/\"},{\"@type\":\"ListItem\",\"position\":2,\"name\":\"Forsvaret og erhvervslivet m\u00f8dtes i Arbejdermuseet\"}]},{\"@type\":\"WebSite\",\"@id\":\"https:\\\/\\\/www.interforce.dk\\\/#website\",\"url\":\"https:\\\/\\\/www.interforce.dk\\\/\",\"name\":\"InterForce\",\"description\":\"\",\"potentialAction\":[{\"@type\":\"SearchAction\",\"target\":{\"@type\":\"EntryPoint\",\"urlTemplate\":\"https:\\\/\\\/www.interforce.dk\\\/?s={search_term_string}\"},\"query-input\":{\"@type\":\"PropertyValueSpecification\",\"valueRequired\":true,\"valueName\":\"search_term_string\"}}],\"inLanguage\":\"kl-GL\"},{\"@type\":\"Person\",\"@id\":\"https:\\\/\\\/www.interforce.dk\\\/#\\\/schema\\\/person\\\/e0192b63d0a5b8f69ae146e87f7116fb\",\"name\":\"InterForce\",\"image\":{\"@type\":\"ImageObject\",\"inLanguage\":\"kl-GL\",\"@id\":\"https:\\\/\\\/secure.gravatar.com\\\/avatar\\\/2ca4b79c0fb3239b8666089682925a48076b8ca78fd38cf279aa4345189a33e3?s=96&d=mm&r=g\",\"url\":\"https:\\\/\\\/secure.gravatar.com\\\/avatar\\\/2ca4b79c0fb3239b8666089682925a48076b8ca78fd38cf279aa4345189a33e3?s=96&d=mm&r=g\",\"contentUrl\":\"https:\\\/\\\/secure.gravatar.com\\\/avatar\\\/2ca4b79c0fb3239b8666089682925a48076b8ca78fd38cf279aa4345189a33e3?s=96&d=mm&r=g\",\"caption\":\"InterForce\"},\"sameAs\":[\"https:\\\/\\\/www.interforce.dk\"],\"url\":\"https:\\\/\\\/www.interforce.dk\\\/kl\\\/author\\\/interforce\\\/\"}]}<\/script>\n<!-- \/ Yoast SEO plugin. -->","yoast_head_json":{"title":"Forsvaret og erhvervslivet m\u00f8dtes i Arbejdermuseet - InterForce","robots":{"index":"index","follow":"follow","max-snippet":"max-snippet:-1","max-image-preview":"max-image-preview:large","max-video-preview":"max-video-preview:-1"},"canonical":"https:\/\/www.interforce.dk\/kl\/forsvaret-og-erhvervslivet-moedtes-i-arbejdermuseet\/","og_locale":"en_US","og_type":"article","og_title":"Forsvaret og erhvervslivet m\u00f8dtes i Arbejdermuseet - InterForce","og_description":"St\u00e6rekassem\u00f8derne blev i \u00e5r afholdt i Arbejdermuseet i K\u00f8benhavns centrum.","og_url":"https:\/\/www.interforce.dk\/kl\/forsvaret-og-erhvervslivet-moedtes-i-arbejdermuseet\/","og_site_name":"InterForce","article_published_time":"2024-09-06T07:10:28+00:00","article_modified_time":"2025-08-21T10:07:14+00:00","og_image":[{"width":2560,"height":1920,"url":"https:\/\/www.interforce.dk\/app\/uploads\/2024\/09\/12-scaled.jpg","type":"image\/jpeg"}],"author":"InterForce","twitter_card":"summary_large_image","twitter_misc":{"Written by":"InterForce","Est. reading time":"7 minutes"},"schema":{"@context":"https:\/\/schema.org","@graph":[{"@type":"Article","@id":"https:\/\/www.interforce.dk\/forsvaret-og-erhvervslivet-moedtes-i-arbejdermuseet\/#article","isPartOf":{"@id":"https:\/\/www.interforce.dk\/forsvaret-og-erhvervslivet-moedtes-i-arbejdermuseet\/"},"author":{"name":"InterForce","@id":"https:\/\/www.interforce.dk\/#\/schema\/person\/e0192b63d0a5b8f69ae146e87f7116fb"},"headline":"Forsvaret og erhvervslivet m\u00f8dtes i Arbejdermuseet","datePublished":"2024-09-06T07:10:28+00:00","dateModified":"2025-08-21T10:07:14+00:00","mainEntityOfPage":{"@id":"https:\/\/www.interforce.dk\/forsvaret-og-erhvervslivet-moedtes-i-arbejdermuseet\/"},"wordCount":1369,"image":{"@id":"https:\/\/www.interforce.dk\/forsvaret-og-erhvervslivet-moedtes-i-arbejdermuseet\/#primaryimage"},"thumbnailUrl":"https:\/\/www.interforce.dk\/app\/uploads\/2024\/09\/3-1024x768.jpg","keywords":["Tag:Hovedstaden"],"articleSection":["Arrangementsomtale"],"inLanguage":"kl-GL"},{"@type":"WebPage","@id":"https:\/\/www.interforce.dk\/forsvaret-og-erhvervslivet-moedtes-i-arbejdermuseet\/","url":"https:\/\/www.interforce.dk\/forsvaret-og-erhvervslivet-moedtes-i-arbejdermuseet\/","name":"Forsvaret og erhvervslivet m\u00f8dtes i Arbejdermuseet - InterForce","isPartOf":{"@id":"https:\/\/www.interforce.dk\/#website"},"primaryImageOfPage":{"@id":"https:\/\/www.interforce.dk\/forsvaret-og-erhvervslivet-moedtes-i-arbejdermuseet\/#primaryimage"},"image":{"@id":"https:\/\/www.interforce.dk\/forsvaret-og-erhvervslivet-moedtes-i-arbejdermuseet\/#primaryimage"},"thumbnailUrl":"https:\/\/www.interforce.dk\/app\/uploads\/2024\/09\/3-1024x768.jpg","datePublished":"2024-09-06T07:10:28+00:00","dateModified":"2025-08-21T10:07:14+00:00","author":{"@id":"https:\/\/www.interforce.dk\/#\/schema\/person\/e0192b63d0a5b8f69ae146e87f7116fb"},"breadcrumb":{"@id":"https:\/\/www.interforce.dk\/forsvaret-og-erhvervslivet-moedtes-i-arbejdermuseet\/#breadcrumb"},"inLanguage":"kl-GL","potentialAction":[{"@type":"ReadAction","target":["https:\/\/www.interforce.dk\/forsvaret-og-erhvervslivet-moedtes-i-arbejdermuseet\/"]}]},{"@type":"ImageObject","inLanguage":"kl-GL","@id":"https:\/\/www.interforce.dk\/forsvaret-og-erhvervslivet-moedtes-i-arbejdermuseet\/#primaryimage","url":"https:\/\/www.interforce.dk\/app\/uploads\/2024\/09\/3-1024x768.jpg","contentUrl":"https:\/\/www.interforce.dk\/app\/uploads\/2024\/09\/3-1024x768.jpg"},{"@type":"BreadcrumbList","@id":"https:\/\/www.interforce.dk\/forsvaret-og-erhvervslivet-moedtes-i-arbejdermuseet\/#breadcrumb","itemListElement":[{"@type":"ListItem","position":1,"name":"Hjem","item":"https:\/\/www.interforce.dk\/"},{"@type":"ListItem","position":2,"name":"Forsvaret og erhvervslivet m\u00f8dtes i Arbejdermuseet"}]},{"@type":"WebSite","@id":"https:\/\/www.interforce.dk\/#website","url":"https:\/\/www.interforce.dk\/","name":"InterForce","description":"","potentialAction":[{"@type":"SearchAction","target":{"@type":"EntryPoint","urlTemplate":"https:\/\/www.interforce.dk\/?s={search_term_string}"},"query-input":{"@type":"PropertyValueSpecification","valueRequired":true,"valueName":"search_term_string"}}],"inLanguage":"kl-GL"},{"@type":"Person","@id":"https:\/\/www.interforce.dk\/#\/schema\/person\/e0192b63d0a5b8f69ae146e87f7116fb","name":"InterForce","image":{"@type":"ImageObject","inLanguage":"kl-GL","@id":"https:\/\/secure.gravatar.com\/avatar\/2ca4b79c0fb3239b8666089682925a48076b8ca78fd38cf279aa4345189a33e3?s=96&d=mm&r=g","url":"https:\/\/secure.gravatar.com\/avatar\/2ca4b79c0fb3239b8666089682925a48076b8ca78fd38cf279aa4345189a33e3?s=96&d=mm&r=g","contentUrl":"https:\/\/secure.gravatar.com\/avatar\/2ca4b79c0fb3239b8666089682925a48076b8ca78fd38cf279aa4345189a33e3?s=96&d=mm&r=g","caption":"InterForce"},"sameAs":["https:\/\/www.interforce.dk"],"url":"https:\/\/www.interforce.dk\/kl\/author\/interforce\/"}]}},"_links":{"self":[{"href":"https:\/\/www.interforce.dk\/kl\/wp-json\/wp\/v2\/posts\/16369","targetHints":{"allow":["GET"]}}],"collection":[{"href":"https:\/\/www.interforce.dk\/kl\/wp-json\/wp\/v2\/posts"}],"about":[{"href":"https:\/\/www.interforce.dk\/kl\/wp-json\/wp\/v2\/types\/post"}],"author":[{"embeddable":true,"href":"https:\/\/www.interforce.dk\/kl\/wp-json\/wp\/v2\/users\/2"}],"replies":[{"embeddable":true,"href":"https:\/\/www.interforce.dk\/kl\/wp-json\/wp\/v2\/comments?post=16369"}],"version-history":[{"count":9,"href":"https:\/\/www.interforce.dk\/kl\/wp-json\/wp\/v2\/posts\/16369\/revisions"}],"predecessor-version":[{"id":17639,"href":"https:\/\/www.interforce.dk\/kl\/wp-json\/wp\/v2\/posts\/16369\/revisions\/17639"}],"wp:attachment":[{"href":"https:\/\/www.interforce.dk\/kl\/wp-json\/wp\/v2\/media?parent=16369"}],"wp:term":[{"taxonomy":"category","embeddable":true,"href":"https:\/\/www.interforce.dk\/kl\/wp-json\/wp\/v2\/categories?post=16369"},{"taxonomy":"post_tag","embeddable":true,"href":"https:\/\/www.interforce.dk\/kl\/wp-json\/wp\/v2\/tags?post=16369"}],"curies":[{"name":"wp","href":"https:\/\/api.w.org\/{rel}","templated":true}]}}