{"id":16148,"date":"2024-06-18T08:59:41","date_gmt":"2024-06-18T08:59:41","guid":{"rendered":"https:\/\/www.interforce.dk\/?p=16148"},"modified":"2024-06-18T08:59:42","modified_gmt":"2024-06-18T08:59:42","slug":"invisio-a-s-modtager-interforce-skjoldet","status":"publish","type":"post","link":"https:\/\/www.interforce.dk\/kl\/invisio-a-s-modtager-interforce-skjoldet\/","title":{"rendered":"INVISIO A\/S modtager InterForce-skjoldet"},"content":{"rendered":"<div class=\"block core-block core-block--paragraph\">\n      <div class=\"inner inner--small\">\n      \n<p>Tilbage i oktober 2023 fik Anita Olsen, Global Marketing Director i INVISIO A\/S, overrakt InterForce-skjoldet for virksomhedens st\u00f8tte til InterForce.<\/p>\n\n      <\/div>\n  <\/div>\n<div class=\"block core-block core-block--image\">\n      <div class=\"inner inner--small\">\n      \n<figure class=\"wp-block-image size-large\"><img decoding=\"async\" src=\"https:\/\/www.interforce.dk\/app\/uploads\/2024\/06\/Invisio-1-edited-scaled.jpg\" alt=\"\" class=\"wp-image-16150\"\/><figcaption class=\"wp-element-caption\"><em>InterForce-ambassad\u00f8r Gunnar van der Leeden overr\u00e6kker InterForce-skjoldet til Anita Olsen, Global Marketing Director i INVISIO A\/S<\/em>.<\/figcaption><\/figure>\n\n      <\/div>\n  <\/div>\n<div class=\"block core-block core-block--paragraph\">\n      <div class=\"inner inner--small\">\n      \n<p>INVISIO udvikler og s\u00e6lger kommunikations- og h\u00f8rebeskyttelsessystemer, der g\u00f8r det muligt for forsvarspersonel at kommunikere, beskytte deres h\u00f8relse og arbejde effektivt i ekstremt st\u00f8jende, missionskritiske milj\u00f8er. Virksomheden kombinerer specialistviden inden for akustik og h\u00f8relse med bred ingeni\u00f8rviden inden for software, materialeteknologi, mekanisk design, kunstig intelligens og systemintegration. INVISIO har hovedkontor i K\u00f8benhavn og salgskontorer i USA, Frankrig, Storbritannien, Italien og Thailand samt et globalt netv\u00e6rk af partnere.<\/p>\n\n      <\/div>\n  <\/div>\n<div class=\"block core-block core-block--paragraph\">\n      <div class=\"inner inner--small\">\n      \n<p>I forbindelse med skjoldoverr\u00e6kkelsen udtalte Anita Olsen:<\/p>\n\n      <\/div>\n  <\/div>\n<div class=\"block core-block core-block--paragraph\">\n      <div class=\"inner inner--small\">\n      \n<p>\u201dHos INVISIO er vi afh\u00e6ngige af en god og t\u00e6t dialog med brugerne af vores kommunikations- og h\u00f8rebeskyttelsesudstyr for at skabe de bedst mulige l\u00f8sninger. Derfor har vi adskillige ansatte med en baggrund fra Forsvaret \u2013 enten herhjemme eller i udlandet. Vi bakker derfor fuldt op om form\u00e5let med InterForce og ser frem til det gode samarbejde\u201d.<\/p>\n\n      <\/div>\n  <\/div>\n<div class=\"block core-block core-block--paragraph\">\n      <div class=\"inner inner--small\">\n      \n<p>Tak for st\u00f8tten!<\/p>\n\n      <\/div>\n  <\/div>\n<div class=\"block core-block core-block--paragraph\">\n      <div class=\"inner inner--small\">\n      \n<p>L\u00e6s ogs\u00e5: <a href=\"https:\/\/www.interforce.dk\/kl\/nordstern-modtager-interforce-skjoldet\/\">Nordstern modtager InterForce-skjoldet<\/a><\/p>\n\n      <\/div>\n  <\/div>","protected":false},"excerpt":{"rendered":"Anita Olsen, Global Marketing Director i INVISIO A\/S, fik overrakt InterForce-sk...","protected":false},"author":122,"featured_media":0,"comment_status":"closed","ping_status":"closed","sticky":false,"template":"","format":"standard","meta":{"_acf_changed":false,"footnotes":""},"categories":[12],"tags":[55],"class_list":["post-16148","post","type-post","status-publish","format-standard","hentry","category-nyt-om-if","tag-tag-hovedstaden"],"acf":[],"yoast_head":"<!-- This site is optimized with the Yoast SEO plugin v27.3 - https:\/\/yoast.com\/product\/yoast-seo-wordpress\/ -->\n<title>INVISIO A\/S modtager InterForce-skjoldet - InterForce<\/title>\n<meta name=\"description\" content=\"Anita Olsen, Global Marketing Director i INVISIO A\/S, fik overrakt InterForce-skjoldet for virksomhedens st\u00f8tte til InterForce.\" \/>\n<meta name=\"robots\" content=\"index, follow, max-snippet:-1, max-image-preview:large, max-video-preview:-1\" \/>\n<link rel=\"canonical\" href=\"https:\/\/www.interforce.dk\/kl\/invisio-a-s-modtager-interforce-skjoldet\/\" \/>\n<meta property=\"og:locale\" content=\"en_US\" \/>\n<meta property=\"og:type\" content=\"article\" \/>\n<meta property=\"og:title\" content=\"INVISIO A\/S modtager InterForce-skjoldet - InterForce\" \/>\n<meta property=\"og:description\" content=\"Anita Olsen, Global Marketing Director i INVISIO A\/S, fik overrakt InterForce-skjoldet for virksomhedens st\u00f8tte til InterForce.\" \/>\n<meta property=\"og:url\" content=\"https:\/\/www.interforce.dk\/kl\/invisio-a-s-modtager-interforce-skjoldet\/\" \/>\n<meta property=\"og:site_name\" content=\"InterForce\" \/>\n<meta property=\"article:published_time\" content=\"2024-06-18T08:59:41+00:00\" \/>\n<meta property=\"article:modified_time\" content=\"2024-06-18T08:59:42+00:00\" \/>\n<meta property=\"og:image\" content=\"https:\/\/www.interforce.dk\/app\/uploads\/2024\/06\/Invisio-1-edited-scaled.jpg\" \/>\n\t<meta property=\"og:image:width\" content=\"1920\" \/>\n\t<meta property=\"og:image:height\" content=\"2560\" \/>\n\t<meta property=\"og:image:type\" content=\"image\/jpeg\" \/>\n<meta name=\"author\" content=\"Anton Rask Hauge Steffensen\" \/>\n<meta name=\"twitter:card\" content=\"summary_large_image\" \/>\n<meta name=\"twitter:label1\" content=\"Written by\" \/>\n\t<meta name=\"twitter:data1\" content=\"Anton Rask Hauge Steffensen\" \/>\n\t<meta name=\"twitter:label2\" content=\"Est. reading time\" \/>\n\t<meta name=\"twitter:data2\" content=\"1 minute\" \/>\n<script type=\"application\/ld+json\" class=\"yoast-schema-graph\">{\"@context\":\"https:\\\/\\\/schema.org\",\"@graph\":[{\"@type\":\"Article\",\"@id\":\"https:\\\/\\\/www.interforce.dk\\\/invisio-a-s-modtager-interforce-skjoldet\\\/#article\",\"isPartOf\":{\"@id\":\"https:\\\/\\\/www.interforce.dk\\\/invisio-a-s-modtager-interforce-skjoldet\\\/\"},\"author\":{\"name\":\"Anton Rask Hauge Steffensen\",\"@id\":\"https:\\\/\\\/www.interforce.dk\\\/#\\\/schema\\\/person\\\/93de0ad27fec55a2f38d2195162834c7\"},\"headline\":\"INVISIO A\\\/S modtager InterForce-skjoldet\",\"datePublished\":\"2024-06-18T08:59:41+00:00\",\"dateModified\":\"2024-06-18T08:59:42+00:00\",\"mainEntityOfPage\":{\"@id\":\"https:\\\/\\\/www.interforce.dk\\\/invisio-a-s-modtager-interforce-skjoldet\\\/\"},\"wordCount\":201,\"image\":{\"@id\":\"https:\\\/\\\/www.interforce.dk\\\/invisio-a-s-modtager-interforce-skjoldet\\\/#primaryimage\"},\"thumbnailUrl\":\"https:\\\/\\\/www.interforce.dk\\\/app\\\/uploads\\\/2024\\\/06\\\/Invisio-1-edited-scaled.jpg\",\"keywords\":[\"Tag:Hovedstaden\"],\"articleSection\":[\"Nyheder om InterForce\"],\"inLanguage\":\"kl-GL\"},{\"@type\":\"WebPage\",\"@id\":\"https:\\\/\\\/www.interforce.dk\\\/invisio-a-s-modtager-interforce-skjoldet\\\/\",\"url\":\"https:\\\/\\\/www.interforce.dk\\\/invisio-a-s-modtager-interforce-skjoldet\\\/\",\"name\":\"INVISIO A\\\/S modtager InterForce-skjoldet - InterForce\",\"isPartOf\":{\"@id\":\"https:\\\/\\\/www.interforce.dk\\\/#website\"},\"primaryImageOfPage\":{\"@id\":\"https:\\\/\\\/www.interforce.dk\\\/invisio-a-s-modtager-interforce-skjoldet\\\/#primaryimage\"},\"image\":{\"@id\":\"https:\\\/\\\/www.interforce.dk\\\/invisio-a-s-modtager-interforce-skjoldet\\\/#primaryimage\"},\"thumbnailUrl\":\"https:\\\/\\\/www.interforce.dk\\\/app\\\/uploads\\\/2024\\\/06\\\/Invisio-1-edited-scaled.jpg\",\"datePublished\":\"2024-06-18T08:59:41+00:00\",\"dateModified\":\"2024-06-18T08:59:42+00:00\",\"author\":{\"@id\":\"https:\\\/\\\/www.interforce.dk\\\/#\\\/schema\\\/person\\\/93de0ad27fec55a2f38d2195162834c7\"},\"description\":\"Anita Olsen, Global Marketing Director i INVISIO A\\\/S, fik overrakt InterForce-skjoldet for virksomhedens st\u00f8tte til InterForce.\",\"breadcrumb\":{\"@id\":\"https:\\\/\\\/www.interforce.dk\\\/invisio-a-s-modtager-interforce-skjoldet\\\/#breadcrumb\"},\"inLanguage\":\"kl-GL\",\"potentialAction\":[{\"@type\":\"ReadAction\",\"target\":[\"https:\\\/\\\/www.interforce.dk\\\/invisio-a-s-modtager-interforce-skjoldet\\\/\"]}]},{\"@type\":\"ImageObject\",\"inLanguage\":\"kl-GL\",\"@id\":\"https:\\\/\\\/www.interforce.dk\\\/invisio-a-s-modtager-interforce-skjoldet\\\/#primaryimage\",\"url\":\"https:\\\/\\\/www.interforce.dk\\\/app\\\/uploads\\\/2024\\\/06\\\/Invisio-1-edited-scaled.jpg\",\"contentUrl\":\"https:\\\/\\\/www.interforce.dk\\\/app\\\/uploads\\\/2024\\\/06\\\/Invisio-1-edited-scaled.jpg\"},{\"@type\":\"BreadcrumbList\",\"@id\":\"https:\\\/\\\/www.interforce.dk\\\/invisio-a-s-modtager-interforce-skjoldet\\\/#breadcrumb\",\"itemListElement\":[{\"@type\":\"ListItem\",\"position\":1,\"name\":\"Hjem\",\"item\":\"https:\\\/\\\/www.interforce.dk\\\/\"},{\"@type\":\"ListItem\",\"position\":2,\"name\":\"INVISIO A\\\/S modtager InterForce-skjoldet\"}]},{\"@type\":\"WebSite\",\"@id\":\"https:\\\/\\\/www.interforce.dk\\\/#website\",\"url\":\"https:\\\/\\\/www.interforce.dk\\\/\",\"name\":\"InterForce\",\"description\":\"\",\"potentialAction\":[{\"@type\":\"SearchAction\",\"target\":{\"@type\":\"EntryPoint\",\"urlTemplate\":\"https:\\\/\\\/www.interforce.dk\\\/?s={search_term_string}\"},\"query-input\":{\"@type\":\"PropertyValueSpecification\",\"valueRequired\":true,\"valueName\":\"search_term_string\"}}],\"inLanguage\":\"kl-GL\"},{\"@type\":\"Person\",\"@id\":\"https:\\\/\\\/www.interforce.dk\\\/#\\\/schema\\\/person\\\/93de0ad27fec55a2f38d2195162834c7\",\"name\":\"Anton Rask Hauge Steffensen\",\"image\":{\"@type\":\"ImageObject\",\"inLanguage\":\"kl-GL\",\"@id\":\"https:\\\/\\\/secure.gravatar.com\\\/avatar\\\/8e4247cfae5f9f3cbd0c18740bdc45f335fc586e35e954f20e626e45d46e568d?s=96&d=mm&r=g\",\"url\":\"https:\\\/\\\/secure.gravatar.com\\\/avatar\\\/8e4247cfae5f9f3cbd0c18740bdc45f335fc586e35e954f20e626e45d46e568d?s=96&d=mm&r=g\",\"contentUrl\":\"https:\\\/\\\/secure.gravatar.com\\\/avatar\\\/8e4247cfae5f9f3cbd0c18740bdc45f335fc586e35e954f20e626e45d46e568d?s=96&d=mm&r=g\",\"caption\":\"Anton Rask Hauge Steffensen\"},\"url\":\"https:\\\/\\\/www.interforce.dk\\\/kl\\\/author\\\/anton\\\/\"}]}<\/script>\n<!-- \/ Yoast SEO plugin. -->","yoast_head_json":{"title":"INVISIO A\/S modtager InterForce-skjoldet - InterForce","description":"Anita Olsen, Global Marketing Director i INVISIO A\/S, fik overrakt InterForce-skjoldet for virksomhedens st\u00f8tte til InterForce.","robots":{"index":"index","follow":"follow","max-snippet":"max-snippet:-1","max-image-preview":"max-image-preview:large","max-video-preview":"max-video-preview:-1"},"canonical":"https:\/\/www.interforce.dk\/kl\/invisio-a-s-modtager-interforce-skjoldet\/","og_locale":"en_US","og_type":"article","og_title":"INVISIO A\/S modtager InterForce-skjoldet - InterForce","og_description":"Anita Olsen, Global Marketing Director i INVISIO A\/S, fik overrakt InterForce-skjoldet for virksomhedens st\u00f8tte til InterForce.","og_url":"https:\/\/www.interforce.dk\/kl\/invisio-a-s-modtager-interforce-skjoldet\/","og_site_name":"InterForce","article_published_time":"2024-06-18T08:59:41+00:00","article_modified_time":"2024-06-18T08:59:42+00:00","og_image":[{"width":1920,"height":2560,"url":"https:\/\/www.interforce.dk\/app\/uploads\/2024\/06\/Invisio-1-edited-scaled.jpg","type":"image\/jpeg"}],"author":"Anton Rask Hauge Steffensen","twitter_card":"summary_large_image","twitter_misc":{"Written by":"Anton Rask Hauge Steffensen","Est. reading time":"1 minute"},"schema":{"@context":"https:\/\/schema.org","@graph":[{"@type":"Article","@id":"https:\/\/www.interforce.dk\/invisio-a-s-modtager-interforce-skjoldet\/#article","isPartOf":{"@id":"https:\/\/www.interforce.dk\/invisio-a-s-modtager-interforce-skjoldet\/"},"author":{"name":"Anton Rask Hauge Steffensen","@id":"https:\/\/www.interforce.dk\/#\/schema\/person\/93de0ad27fec55a2f38d2195162834c7"},"headline":"INVISIO A\/S modtager InterForce-skjoldet","datePublished":"2024-06-18T08:59:41+00:00","dateModified":"2024-06-18T08:59:42+00:00","mainEntityOfPage":{"@id":"https:\/\/www.interforce.dk\/invisio-a-s-modtager-interforce-skjoldet\/"},"wordCount":201,"image":{"@id":"https:\/\/www.interforce.dk\/invisio-a-s-modtager-interforce-skjoldet\/#primaryimage"},"thumbnailUrl":"https:\/\/www.interforce.dk\/app\/uploads\/2024\/06\/Invisio-1-edited-scaled.jpg","keywords":["Tag:Hovedstaden"],"articleSection":["Nyheder om InterForce"],"inLanguage":"kl-GL"},{"@type":"WebPage","@id":"https:\/\/www.interforce.dk\/invisio-a-s-modtager-interforce-skjoldet\/","url":"https:\/\/www.interforce.dk\/invisio-a-s-modtager-interforce-skjoldet\/","name":"INVISIO A\/S modtager InterForce-skjoldet - InterForce","isPartOf":{"@id":"https:\/\/www.interforce.dk\/#website"},"primaryImageOfPage":{"@id":"https:\/\/www.interforce.dk\/invisio-a-s-modtager-interforce-skjoldet\/#primaryimage"},"image":{"@id":"https:\/\/www.interforce.dk\/invisio-a-s-modtager-interforce-skjoldet\/#primaryimage"},"thumbnailUrl":"https:\/\/www.interforce.dk\/app\/uploads\/2024\/06\/Invisio-1-edited-scaled.jpg","datePublished":"2024-06-18T08:59:41+00:00","dateModified":"2024-06-18T08:59:42+00:00","author":{"@id":"https:\/\/www.interforce.dk\/#\/schema\/person\/93de0ad27fec55a2f38d2195162834c7"},"description":"Anita Olsen, Global Marketing Director i INVISIO A\/S, fik overrakt InterForce-skjoldet for virksomhedens st\u00f8tte til InterForce.","breadcrumb":{"@id":"https:\/\/www.interforce.dk\/invisio-a-s-modtager-interforce-skjoldet\/#breadcrumb"},"inLanguage":"kl-GL","potentialAction":[{"@type":"ReadAction","target":["https:\/\/www.interforce.dk\/invisio-a-s-modtager-interforce-skjoldet\/"]}]},{"@type":"ImageObject","inLanguage":"kl-GL","@id":"https:\/\/www.interforce.dk\/invisio-a-s-modtager-interforce-skjoldet\/#primaryimage","url":"https:\/\/www.interforce.dk\/app\/uploads\/2024\/06\/Invisio-1-edited-scaled.jpg","contentUrl":"https:\/\/www.interforce.dk\/app\/uploads\/2024\/06\/Invisio-1-edited-scaled.jpg"},{"@type":"BreadcrumbList","@id":"https:\/\/www.interforce.dk\/invisio-a-s-modtager-interforce-skjoldet\/#breadcrumb","itemListElement":[{"@type":"ListItem","position":1,"name":"Hjem","item":"https:\/\/www.interforce.dk\/"},{"@type":"ListItem","position":2,"name":"INVISIO A\/S modtager InterForce-skjoldet"}]},{"@type":"WebSite","@id":"https:\/\/www.interforce.dk\/#website","url":"https:\/\/www.interforce.dk\/","name":"InterForce","description":"","potentialAction":[{"@type":"SearchAction","target":{"@type":"EntryPoint","urlTemplate":"https:\/\/www.interforce.dk\/?s={search_term_string}"},"query-input":{"@type":"PropertyValueSpecification","valueRequired":true,"valueName":"search_term_string"}}],"inLanguage":"kl-GL"},{"@type":"Person","@id":"https:\/\/www.interforce.dk\/#\/schema\/person\/93de0ad27fec55a2f38d2195162834c7","name":"Anton Rask Hauge Steffensen","image":{"@type":"ImageObject","inLanguage":"kl-GL","@id":"https:\/\/secure.gravatar.com\/avatar\/8e4247cfae5f9f3cbd0c18740bdc45f335fc586e35e954f20e626e45d46e568d?s=96&d=mm&r=g","url":"https:\/\/secure.gravatar.com\/avatar\/8e4247cfae5f9f3cbd0c18740bdc45f335fc586e35e954f20e626e45d46e568d?s=96&d=mm&r=g","contentUrl":"https:\/\/secure.gravatar.com\/avatar\/8e4247cfae5f9f3cbd0c18740bdc45f335fc586e35e954f20e626e45d46e568d?s=96&d=mm&r=g","caption":"Anton Rask Hauge Steffensen"},"url":"https:\/\/www.interforce.dk\/kl\/author\/anton\/"}]}},"_links":{"self":[{"href":"https:\/\/www.interforce.dk\/kl\/wp-json\/wp\/v2\/posts\/16148","targetHints":{"allow":["GET"]}}],"collection":[{"href":"https:\/\/www.interforce.dk\/kl\/wp-json\/wp\/v2\/posts"}],"about":[{"href":"https:\/\/www.interforce.dk\/kl\/wp-json\/wp\/v2\/types\/post"}],"author":[{"embeddable":true,"href":"https:\/\/www.interforce.dk\/kl\/wp-json\/wp\/v2\/users\/122"}],"replies":[{"embeddable":true,"href":"https:\/\/www.interforce.dk\/kl\/wp-json\/wp\/v2\/comments?post=16148"}],"version-history":[{"count":1,"href":"https:\/\/www.interforce.dk\/kl\/wp-json\/wp\/v2\/posts\/16148\/revisions"}],"predecessor-version":[{"id":16151,"href":"https:\/\/www.interforce.dk\/kl\/wp-json\/wp\/v2\/posts\/16148\/revisions\/16151"}],"wp:attachment":[{"href":"https:\/\/www.interforce.dk\/kl\/wp-json\/wp\/v2\/media?parent=16148"}],"wp:term":[{"taxonomy":"category","embeddable":true,"href":"https:\/\/www.interforce.dk\/kl\/wp-json\/wp\/v2\/categories?post=16148"},{"taxonomy":"post_tag","embeddable":true,"href":"https:\/\/www.interforce.dk\/kl\/wp-json\/wp\/v2\/tags?post=16148"}],"curies":[{"name":"wp","href":"https:\/\/api.w.org\/{rel}","templated":true}]}}