{"id":15591,"date":"2024-04-19T11:07:59","date_gmt":"2024-04-19T11:07:59","guid":{"rendered":"https:\/\/www.interforce.dk\/?p=15591"},"modified":"2025-08-21T10:01:10","modified_gmt":"2025-08-21T10:01:10","slug":"nordstern-modtager-interforce-skjoldet","status":"publish","type":"post","link":"https:\/\/www.interforce.dk\/kl\/nordstern-modtager-interforce-skjoldet\/","title":{"rendered":"Nordstern modtager InterForce-skjoldet"},"content":{"rendered":"<div class=\"block core-block core-block--paragraph\">\n      <div class=\"inner inner--small\">\n      \n<p>CEO Torben Modvig har f\u00e5et overrakt det officielle InterForce-skjold af Formanden for InterForce Region Hovedstaden, Martin B\u00f8ge Mikkelsen, da Nordstern har valgt at st\u00f8tte InterForce.<\/p>\n\n      <\/div>\n  <\/div>\n<div class=\"block core-block core-block--image\">\n      <div class=\"inner inner--small\">\n      \n<figure class=\"wp-block-image size-large\"><img loading=\"lazy\" decoding=\"async\" width=\"1024\" height=\"1024\" src=\"https:\/\/www.interforce.dk\/app\/uploads\/2024\/04\/frame_02_delay-1.5s-1024x1024.jpg\" alt=\"\" class=\"wp-image-15594\" srcset=\"https:\/\/www.interforce.dk\/app\/uploads\/2024\/04\/frame_02_delay-1.5s-1024x1024.jpg 1024w, https:\/\/www.interforce.dk\/app\/uploads\/2024\/04\/frame_02_delay-1.5s-300x300.jpg 300w, https:\/\/www.interforce.dk\/app\/uploads\/2024\/04\/frame_02_delay-1.5s-768x768.jpg 768w, https:\/\/www.interforce.dk\/app\/uploads\/2024\/04\/frame_02_delay-1.5s-12x12.jpg 12w, https:\/\/www.interforce.dk\/app\/uploads\/2024\/04\/frame_02_delay-1.5s.jpg 1200w\" sizes=\"auto, (max-width: 1024px) 100vw, 1024px\" \/><figcaption class=\"wp-element-caption\"><em>Fra venstre: CEO i Nordstern Torben Modvig, Formand for InterForce Region Hovedstaden Martin B\u00f8ge Mikkelsen og InterForce Regionsambassad\u00f8r Michael Wallin.<\/em><\/figcaption><\/figure>\n\n      <\/div>\n  <\/div>\n<div class=\"block core-block core-block--paragraph\">\n      <div class=\"inner inner--small\">\n      \n<p>Ejendomsudviklings- og entrepren\u00f8rvirksomheden Nordstern er stolte af at st\u00f8tte op om InterForce, og har ifm. skjoldoverr\u00e6kkelsen udsendt f\u00f8lgende statement.<\/p>\n\n      <\/div>\n  <\/div>\n<div class=\"block core-block core-block--paragraph\">\n      <div class=\"inner inner--small\">\n      \n<p>&#8220;InterForce er en unik sammenslutning under Forsvarskommandoen, der arbejder for at styrke samarbejdet mellem det civile samfund og forsvaret. Ved at facilitere partnerskaber mellem virksomheder, organisationer og den danske reservestyrke, bidrager InterForce v\u00e6sentligt til Danmarks samlede forsvarsevne og sikkerhed.<\/p>\n\n      <\/div>\n  <\/div>\n<div class=\"block core-block core-block--paragraph\">\n      <div class=\"inner inner--small\">\n      \n<p>Nordsterns engagement i InterForce er vores forpligtelse til at bidrage til og underst\u00f8tte et st\u00e6rkt samarbejde mellem den civile og milit\u00e6re sektor. Partnerskabet \u00e5bner op for nye muligheder for b\u00e5de Nordstern og vores medarbejdere, der \u00f8nsker at bidrage til og engagere sig i nationens forsvar gennem deres arbejde med InterForce.<\/p>\n\n      <\/div>\n  <\/div>\n<div class=\"block core-block core-block--paragraph\">\n      <div class=\"inner inner--small\">\n      \n<p>Vi er stolte over at kunne st\u00f8tte InterForce og ser frem til samarbejdet.&#8221;<\/p>\n\n      <\/div>\n  <\/div>\n<div class=\"block core-block core-block--paragraph\">\n      <div class=\"inner inner--small\">\n      \n<p>Tak for st\u00f8tten!<\/p>\n\n      <\/div>\n  <\/div>\n<div class=\"block core-block core-block--paragraph\">\n      <div class=\"inner inner--small\">\n      \n<p>L\u00e6s ogs\u00e5: <a href=\"https:\/\/www.interforce.dk\/kl\/eagle-shark-a-s-modtager-interforce-skjoldet\/\">Eagle Shark A\/S modtager InterForce-skjoldet<\/a><\/p>\n\n      <\/div>\n  <\/div>","protected":false},"excerpt":{"rendered":"CEO Torben Modvig har f\u00e5et overrakt det officielle InterForce-skjold af Formand...","protected":false},"author":122,"featured_media":15594,"comment_status":"closed","ping_status":"closed","sticky":false,"template":"","format":"standard","meta":{"_acf_changed":false,"footnotes":""},"categories":[12],"tags":[55],"class_list":["post-15591","post","type-post","status-publish","format-standard","has-post-thumbnail","hentry","category-nyt-om-if","tag-tag-hovedstaden"],"acf":[],"yoast_head":"<!-- This site is optimized with the Yoast SEO plugin v27.3 - https:\/\/yoast.com\/product\/yoast-seo-wordpress\/ -->\n<title>Nordstern modtager InterForce-skjoldet - InterForce<\/title>\n<meta name=\"description\" content=\"CEO Torben Modvig har f\u00e5et overrakt det officielle InterForce-skjold af Formand for InterForce Region Hovedstaden, Martin B\u00f8ge Mikkelsen.\" \/>\n<meta name=\"robots\" content=\"index, follow, max-snippet:-1, max-image-preview:large, max-video-preview:-1\" \/>\n<link rel=\"canonical\" href=\"https:\/\/www.interforce.dk\/kl\/nordstern-modtager-interforce-skjoldet\/\" \/>\n<meta property=\"og:locale\" content=\"en_US\" \/>\n<meta property=\"og:type\" content=\"article\" \/>\n<meta property=\"og:title\" content=\"Nordstern modtager InterForce-skjoldet - InterForce\" \/>\n<meta property=\"og:description\" content=\"CEO Torben Modvig har f\u00e5et overrakt det officielle InterForce-skjold af Formand for InterForce Region Hovedstaden, Martin B\u00f8ge Mikkelsen.\" \/>\n<meta property=\"og:url\" content=\"https:\/\/www.interforce.dk\/kl\/nordstern-modtager-interforce-skjoldet\/\" \/>\n<meta property=\"og:site_name\" content=\"InterForce\" \/>\n<meta property=\"article:published_time\" content=\"2024-04-19T11:07:59+00:00\" \/>\n<meta property=\"article:modified_time\" content=\"2025-08-21T10:01:10+00:00\" \/>\n<meta property=\"og:image\" content=\"https:\/\/www.interforce.dk\/app\/uploads\/2024\/04\/frame_02_delay-1.5s.jpg\" \/>\n\t<meta property=\"og:image:width\" content=\"1200\" \/>\n\t<meta property=\"og:image:height\" content=\"1200\" \/>\n\t<meta property=\"og:image:type\" content=\"image\/jpeg\" \/>\n<meta name=\"author\" content=\"Anton Rask Hauge Steffensen\" \/>\n<meta name=\"twitter:card\" content=\"summary_large_image\" \/>\n<meta name=\"twitter:label1\" content=\"Written by\" \/>\n\t<meta name=\"twitter:data1\" content=\"Anton Rask Hauge Steffensen\" \/>\n\t<meta name=\"twitter:label2\" content=\"Est. reading time\" \/>\n\t<meta name=\"twitter:data2\" content=\"1 minute\" \/>\n<script type=\"application\/ld+json\" class=\"yoast-schema-graph\">{\"@context\":\"https:\\\/\\\/schema.org\",\"@graph\":[{\"@type\":\"Article\",\"@id\":\"https:\\\/\\\/www.interforce.dk\\\/nordstern-modtager-interforce-skjoldet\\\/#article\",\"isPartOf\":{\"@id\":\"https:\\\/\\\/www.interforce.dk\\\/nordstern-modtager-interforce-skjoldet\\\/\"},\"author\":{\"name\":\"Anton Rask Hauge Steffensen\",\"@id\":\"https:\\\/\\\/www.interforce.dk\\\/#\\\/schema\\\/person\\\/93de0ad27fec55a2f38d2195162834c7\"},\"headline\":\"Nordstern modtager InterForce-skjoldet\",\"datePublished\":\"2024-04-19T11:07:59+00:00\",\"dateModified\":\"2025-08-21T10:01:10+00:00\",\"mainEntityOfPage\":{\"@id\":\"https:\\\/\\\/www.interforce.dk\\\/nordstern-modtager-interforce-skjoldet\\\/\"},\"wordCount\":197,\"image\":{\"@id\":\"https:\\\/\\\/www.interforce.dk\\\/nordstern-modtager-interforce-skjoldet\\\/#primaryimage\"},\"thumbnailUrl\":\"https:\\\/\\\/www.interforce.dk\\\/app\\\/uploads\\\/2024\\\/04\\\/frame_02_delay-1.5s.jpg\",\"keywords\":[\"Tag:Hovedstaden\"],\"articleSection\":[\"Nyheder om InterForce\"],\"inLanguage\":\"kl-GL\"},{\"@type\":\"WebPage\",\"@id\":\"https:\\\/\\\/www.interforce.dk\\\/nordstern-modtager-interforce-skjoldet\\\/\",\"url\":\"https:\\\/\\\/www.interforce.dk\\\/nordstern-modtager-interforce-skjoldet\\\/\",\"name\":\"Nordstern modtager InterForce-skjoldet - InterForce\",\"isPartOf\":{\"@id\":\"https:\\\/\\\/www.interforce.dk\\\/#website\"},\"primaryImageOfPage\":{\"@id\":\"https:\\\/\\\/www.interforce.dk\\\/nordstern-modtager-interforce-skjoldet\\\/#primaryimage\"},\"image\":{\"@id\":\"https:\\\/\\\/www.interforce.dk\\\/nordstern-modtager-interforce-skjoldet\\\/#primaryimage\"},\"thumbnailUrl\":\"https:\\\/\\\/www.interforce.dk\\\/app\\\/uploads\\\/2024\\\/04\\\/frame_02_delay-1.5s.jpg\",\"datePublished\":\"2024-04-19T11:07:59+00:00\",\"dateModified\":\"2025-08-21T10:01:10+00:00\",\"author\":{\"@id\":\"https:\\\/\\\/www.interforce.dk\\\/#\\\/schema\\\/person\\\/93de0ad27fec55a2f38d2195162834c7\"},\"description\":\"CEO Torben Modvig har f\u00e5et overrakt det officielle InterForce-skjold af Formand for InterForce Region Hovedstaden, Martin B\u00f8ge Mikkelsen.\",\"breadcrumb\":{\"@id\":\"https:\\\/\\\/www.interforce.dk\\\/nordstern-modtager-interforce-skjoldet\\\/#breadcrumb\"},\"inLanguage\":\"kl-GL\",\"potentialAction\":[{\"@type\":\"ReadAction\",\"target\":[\"https:\\\/\\\/www.interforce.dk\\\/nordstern-modtager-interforce-skjoldet\\\/\"]}]},{\"@type\":\"ImageObject\",\"inLanguage\":\"kl-GL\",\"@id\":\"https:\\\/\\\/www.interforce.dk\\\/nordstern-modtager-interforce-skjoldet\\\/#primaryimage\",\"url\":\"https:\\\/\\\/www.interforce.dk\\\/app\\\/uploads\\\/2024\\\/04\\\/frame_02_delay-1.5s.jpg\",\"contentUrl\":\"https:\\\/\\\/www.interforce.dk\\\/app\\\/uploads\\\/2024\\\/04\\\/frame_02_delay-1.5s.jpg\",\"width\":1200,\"height\":1200},{\"@type\":\"BreadcrumbList\",\"@id\":\"https:\\\/\\\/www.interforce.dk\\\/nordstern-modtager-interforce-skjoldet\\\/#breadcrumb\",\"itemListElement\":[{\"@type\":\"ListItem\",\"position\":1,\"name\":\"Hjem\",\"item\":\"https:\\\/\\\/www.interforce.dk\\\/\"},{\"@type\":\"ListItem\",\"position\":2,\"name\":\"Nordstern modtager InterForce-skjoldet\"}]},{\"@type\":\"WebSite\",\"@id\":\"https:\\\/\\\/www.interforce.dk\\\/#website\",\"url\":\"https:\\\/\\\/www.interforce.dk\\\/\",\"name\":\"InterForce\",\"description\":\"\",\"potentialAction\":[{\"@type\":\"SearchAction\",\"target\":{\"@type\":\"EntryPoint\",\"urlTemplate\":\"https:\\\/\\\/www.interforce.dk\\\/?s={search_term_string}\"},\"query-input\":{\"@type\":\"PropertyValueSpecification\",\"valueRequired\":true,\"valueName\":\"search_term_string\"}}],\"inLanguage\":\"kl-GL\"},{\"@type\":\"Person\",\"@id\":\"https:\\\/\\\/www.interforce.dk\\\/#\\\/schema\\\/person\\\/93de0ad27fec55a2f38d2195162834c7\",\"name\":\"Anton Rask Hauge Steffensen\",\"image\":{\"@type\":\"ImageObject\",\"inLanguage\":\"kl-GL\",\"@id\":\"https:\\\/\\\/secure.gravatar.com\\\/avatar\\\/8e4247cfae5f9f3cbd0c18740bdc45f335fc586e35e954f20e626e45d46e568d?s=96&d=mm&r=g\",\"url\":\"https:\\\/\\\/secure.gravatar.com\\\/avatar\\\/8e4247cfae5f9f3cbd0c18740bdc45f335fc586e35e954f20e626e45d46e568d?s=96&d=mm&r=g\",\"contentUrl\":\"https:\\\/\\\/secure.gravatar.com\\\/avatar\\\/8e4247cfae5f9f3cbd0c18740bdc45f335fc586e35e954f20e626e45d46e568d?s=96&d=mm&r=g\",\"caption\":\"Anton Rask Hauge Steffensen\"},\"url\":\"https:\\\/\\\/www.interforce.dk\\\/kl\\\/author\\\/anton\\\/\"}]}<\/script>\n<!-- \/ Yoast SEO plugin. -->","yoast_head_json":{"title":"Nordstern modtager InterForce-skjoldet - InterForce","description":"CEO Torben Modvig har f\u00e5et overrakt det officielle InterForce-skjold af Formand for InterForce Region Hovedstaden, Martin B\u00f8ge Mikkelsen.","robots":{"index":"index","follow":"follow","max-snippet":"max-snippet:-1","max-image-preview":"max-image-preview:large","max-video-preview":"max-video-preview:-1"},"canonical":"https:\/\/www.interforce.dk\/kl\/nordstern-modtager-interforce-skjoldet\/","og_locale":"en_US","og_type":"article","og_title":"Nordstern modtager InterForce-skjoldet - InterForce","og_description":"CEO Torben Modvig har f\u00e5et overrakt det officielle InterForce-skjold af Formand for InterForce Region Hovedstaden, Martin B\u00f8ge Mikkelsen.","og_url":"https:\/\/www.interforce.dk\/kl\/nordstern-modtager-interforce-skjoldet\/","og_site_name":"InterForce","article_published_time":"2024-04-19T11:07:59+00:00","article_modified_time":"2025-08-21T10:01:10+00:00","og_image":[{"width":1200,"height":1200,"url":"https:\/\/www.interforce.dk\/app\/uploads\/2024\/04\/frame_02_delay-1.5s.jpg","type":"image\/jpeg"}],"author":"Anton Rask Hauge Steffensen","twitter_card":"summary_large_image","twitter_misc":{"Written by":"Anton Rask Hauge Steffensen","Est. reading time":"1 minute"},"schema":{"@context":"https:\/\/schema.org","@graph":[{"@type":"Article","@id":"https:\/\/www.interforce.dk\/nordstern-modtager-interforce-skjoldet\/#article","isPartOf":{"@id":"https:\/\/www.interforce.dk\/nordstern-modtager-interforce-skjoldet\/"},"author":{"name":"Anton Rask Hauge Steffensen","@id":"https:\/\/www.interforce.dk\/#\/schema\/person\/93de0ad27fec55a2f38d2195162834c7"},"headline":"Nordstern modtager InterForce-skjoldet","datePublished":"2024-04-19T11:07:59+00:00","dateModified":"2025-08-21T10:01:10+00:00","mainEntityOfPage":{"@id":"https:\/\/www.interforce.dk\/nordstern-modtager-interforce-skjoldet\/"},"wordCount":197,"image":{"@id":"https:\/\/www.interforce.dk\/nordstern-modtager-interforce-skjoldet\/#primaryimage"},"thumbnailUrl":"https:\/\/www.interforce.dk\/app\/uploads\/2024\/04\/frame_02_delay-1.5s.jpg","keywords":["Tag:Hovedstaden"],"articleSection":["Nyheder om InterForce"],"inLanguage":"kl-GL"},{"@type":"WebPage","@id":"https:\/\/www.interforce.dk\/nordstern-modtager-interforce-skjoldet\/","url":"https:\/\/www.interforce.dk\/nordstern-modtager-interforce-skjoldet\/","name":"Nordstern modtager InterForce-skjoldet - InterForce","isPartOf":{"@id":"https:\/\/www.interforce.dk\/#website"},"primaryImageOfPage":{"@id":"https:\/\/www.interforce.dk\/nordstern-modtager-interforce-skjoldet\/#primaryimage"},"image":{"@id":"https:\/\/www.interforce.dk\/nordstern-modtager-interforce-skjoldet\/#primaryimage"},"thumbnailUrl":"https:\/\/www.interforce.dk\/app\/uploads\/2024\/04\/frame_02_delay-1.5s.jpg","datePublished":"2024-04-19T11:07:59+00:00","dateModified":"2025-08-21T10:01:10+00:00","author":{"@id":"https:\/\/www.interforce.dk\/#\/schema\/person\/93de0ad27fec55a2f38d2195162834c7"},"description":"CEO Torben Modvig har f\u00e5et overrakt det officielle InterForce-skjold af Formand for InterForce Region Hovedstaden, Martin B\u00f8ge Mikkelsen.","breadcrumb":{"@id":"https:\/\/www.interforce.dk\/nordstern-modtager-interforce-skjoldet\/#breadcrumb"},"inLanguage":"kl-GL","potentialAction":[{"@type":"ReadAction","target":["https:\/\/www.interforce.dk\/nordstern-modtager-interforce-skjoldet\/"]}]},{"@type":"ImageObject","inLanguage":"kl-GL","@id":"https:\/\/www.interforce.dk\/nordstern-modtager-interforce-skjoldet\/#primaryimage","url":"https:\/\/www.interforce.dk\/app\/uploads\/2024\/04\/frame_02_delay-1.5s.jpg","contentUrl":"https:\/\/www.interforce.dk\/app\/uploads\/2024\/04\/frame_02_delay-1.5s.jpg","width":1200,"height":1200},{"@type":"BreadcrumbList","@id":"https:\/\/www.interforce.dk\/nordstern-modtager-interforce-skjoldet\/#breadcrumb","itemListElement":[{"@type":"ListItem","position":1,"name":"Hjem","item":"https:\/\/www.interforce.dk\/"},{"@type":"ListItem","position":2,"name":"Nordstern modtager InterForce-skjoldet"}]},{"@type":"WebSite","@id":"https:\/\/www.interforce.dk\/#website","url":"https:\/\/www.interforce.dk\/","name":"InterForce","description":"","potentialAction":[{"@type":"SearchAction","target":{"@type":"EntryPoint","urlTemplate":"https:\/\/www.interforce.dk\/?s={search_term_string}"},"query-input":{"@type":"PropertyValueSpecification","valueRequired":true,"valueName":"search_term_string"}}],"inLanguage":"kl-GL"},{"@type":"Person","@id":"https:\/\/www.interforce.dk\/#\/schema\/person\/93de0ad27fec55a2f38d2195162834c7","name":"Anton Rask Hauge Steffensen","image":{"@type":"ImageObject","inLanguage":"kl-GL","@id":"https:\/\/secure.gravatar.com\/avatar\/8e4247cfae5f9f3cbd0c18740bdc45f335fc586e35e954f20e626e45d46e568d?s=96&d=mm&r=g","url":"https:\/\/secure.gravatar.com\/avatar\/8e4247cfae5f9f3cbd0c18740bdc45f335fc586e35e954f20e626e45d46e568d?s=96&d=mm&r=g","contentUrl":"https:\/\/secure.gravatar.com\/avatar\/8e4247cfae5f9f3cbd0c18740bdc45f335fc586e35e954f20e626e45d46e568d?s=96&d=mm&r=g","caption":"Anton Rask Hauge Steffensen"},"url":"https:\/\/www.interforce.dk\/kl\/author\/anton\/"}]}},"_links":{"self":[{"href":"https:\/\/www.interforce.dk\/kl\/wp-json\/wp\/v2\/posts\/15591","targetHints":{"allow":["GET"]}}],"collection":[{"href":"https:\/\/www.interforce.dk\/kl\/wp-json\/wp\/v2\/posts"}],"about":[{"href":"https:\/\/www.interforce.dk\/kl\/wp-json\/wp\/v2\/types\/post"}],"author":[{"embeddable":true,"href":"https:\/\/www.interforce.dk\/kl\/wp-json\/wp\/v2\/users\/122"}],"replies":[{"embeddable":true,"href":"https:\/\/www.interforce.dk\/kl\/wp-json\/wp\/v2\/comments?post=15591"}],"version-history":[{"count":5,"href":"https:\/\/www.interforce.dk\/kl\/wp-json\/wp\/v2\/posts\/15591\/revisions"}],"predecessor-version":[{"id":17637,"href":"https:\/\/www.interforce.dk\/kl\/wp-json\/wp\/v2\/posts\/15591\/revisions\/17637"}],"wp:featuredmedia":[{"embeddable":true,"href":"https:\/\/www.interforce.dk\/kl\/wp-json\/wp\/v2\/media\/15594"}],"wp:attachment":[{"href":"https:\/\/www.interforce.dk\/kl\/wp-json\/wp\/v2\/media?parent=15591"}],"wp:term":[{"taxonomy":"category","embeddable":true,"href":"https:\/\/www.interforce.dk\/kl\/wp-json\/wp\/v2\/categories?post=15591"},{"taxonomy":"post_tag","embeddable":true,"href":"https:\/\/www.interforce.dk\/kl\/wp-json\/wp\/v2\/tags?post=15591"}],"curies":[{"name":"wp","href":"https:\/\/api.w.org\/{rel}","templated":true}]}}