{"id":15547,"date":"2024-04-12T11:00:00","date_gmt":"2024-04-12T11:00:00","guid":{"rendered":"https:\/\/www.interforce.dk\/?p=15547"},"modified":"2024-04-10T15:41:09","modified_gmt":"2024-04-10T15:41:09","slug":"populaert-virksomhedsbesoeg-hos-ifad-ts-a-s-i-interforce-region-syddanmark","status":"publish","type":"post","link":"https:\/\/www.interforce.dk\/kl\/populaert-virksomhedsbesoeg-hos-ifad-ts-a-s-i-interforce-region-syddanmark\/","title":{"rendered":"Popul\u00e6rt virksomhedsbes\u00f8g hos IFAD TS A\/S i InterForce Region Syddanmark"},"content":{"rendered":"<div class=\"block core-block core-block--paragraph\">\n      <div class=\"inner inner--small\">\n      \n<p>InterForce Syddanmark havde f\u00e5et forn\u00f8jelsen af, at invitere medlemmerne p\u00e5 bes\u00f8g ved medlemsvirksomheden IFAD TS A\/S i Odense. En sp\u00e6ndende virksomhed der har v\u00e6ret igennem en fantastisk udvikling.<\/p>\n\n      <\/div>\n  <\/div>\n<div class=\"block core-block core-block--image\">\n      <div class=\"inner inner--small\">\n      \n<figure class=\"wp-block-image size-large\"><img loading=\"lazy\" decoding=\"async\" width=\"1024\" height=\"830\" src=\"https:\/\/www.interforce.dk\/app\/uploads\/2024\/04\/PXL_20240314_163856186-1024x830.jpg\" alt=\"\" class=\"wp-image-15548\" srcset=\"https:\/\/www.interforce.dk\/app\/uploads\/2024\/04\/PXL_20240314_163856186-1024x830.jpg 1024w, https:\/\/www.interforce.dk\/app\/uploads\/2024\/04\/PXL_20240314_163856186-300x243.jpg 300w, https:\/\/www.interforce.dk\/app\/uploads\/2024\/04\/PXL_20240314_163856186-768x622.jpg 768w, https:\/\/www.interforce.dk\/app\/uploads\/2024\/04\/PXL_20240314_163856186-1536x1245.jpg 1536w, https:\/\/www.interforce.dk\/app\/uploads\/2024\/04\/PXL_20240314_163856186-2048x1660.jpg 2048w, https:\/\/www.interforce.dk\/app\/uploads\/2024\/04\/PXL_20240314_163856186-15x12.jpg 15w\" sizes=\"auto, (max-width: 1024px) 100vw, 1024px\" \/><\/figure>\n\n      <\/div>\n  <\/div>\n<div class=\"block core-block core-block--paragraph\">\n      <div class=\"inner inner--small\">\n      \n<p>Overskriften p\u00e5 arrangementet var \u201cSimulation &#8211; fra forskningsinstitut til milit\u00e6rindustri\u201d. Aftenen b\u00f8d blandt andet p\u00e5 en jagerpilots oplevelse med at bruge timer i simulatoren, og hvordan disse g\u00f8r en forskel for piloterne i deres daglige arbejde. Deltagerne fik ogs\u00e5 en rundvisning i nogle af de simulatorer, som virksomheden har udviklet. Stemningen var i top og sp\u00f8rgelysten blandt g\u00e6sterne stor. Aftenen sluttede af med et l\u00e6kkert traktement, hvor der var rig mulighed for at netv\u00e6rke.<\/p>\n\n      <\/div>\n  <\/div>\n<div class=\"block core-block core-block--image\">\n      <div class=\"inner inner--small\">\n      \n<figure class=\"wp-block-image size-large\"><img loading=\"lazy\" decoding=\"async\" width=\"1024\" height=\"126\" src=\"https:\/\/www.interforce.dk\/app\/uploads\/2024\/04\/IFAD-Topheader-Colour-1024x126.jpg\" alt=\"\" class=\"wp-image-15549\" srcset=\"https:\/\/www.interforce.dk\/app\/uploads\/2024\/04\/IFAD-Topheader-Colour-1024x126.jpg 1024w, https:\/\/www.interforce.dk\/app\/uploads\/2024\/04\/IFAD-Topheader-Colour-300x37.jpg 300w, https:\/\/www.interforce.dk\/app\/uploads\/2024\/04\/IFAD-Topheader-Colour-768x94.jpg 768w, https:\/\/www.interforce.dk\/app\/uploads\/2024\/04\/IFAD-Topheader-Colour-1536x189.jpg 1536w, https:\/\/www.interforce.dk\/app\/uploads\/2024\/04\/IFAD-Topheader-Colour-2048x251.jpg 2048w, https:\/\/www.interforce.dk\/app\/uploads\/2024\/04\/IFAD-Topheader-Colour-18x2.jpg 18w\" sizes=\"auto, (max-width: 1024px) 100vw, 1024px\" \/><\/figure>\n\n      <\/div>\n  <\/div>\n<div class=\"block core-block core-block--paragraph\">\n      <div class=\"inner inner--small\">\n      \n<p>Arrangement blev udsolgt p\u00e5 kun en time, hvilket satte forventningerne til bes\u00f8get h\u00f8jt. Heldigvis levede arrangementet op til de h\u00f8je forventninger, og flere af deltagerne har efterf\u00f8lgende givet udtryk for stor begejstring for arrangementet. InterForce siger tusind tak til direkt\u00f8r og ejer Benny Graff Mortensen og <a href=\"http:\/\/www.ifad.dk\/\">IFAD TS A\/S<\/a>, fordi vi m\u00e5tte komme p\u00e5 bes\u00f8g.<\/p>\n\n      <\/div>\n  <\/div>\n<div class=\"block core-block core-block--paragraph\">\n      <div class=\"inner inner--small\">\n      \n<p>L\u00e6s ogs\u00e5: <a href=\"Naviair: 5 dage fri med l\u00f8n til tjeneste i uniform - InterForce\">Naviair: 5 dage fri med l\u00f8n til tjeneste i uniform<\/a><\/p>\n\n      <\/div>\n  <\/div>","protected":false},"excerpt":{"rendered":"InterForce Syddanmark havde f\u00e5et forn\u00f8jelsen af, at invitere medlemmerne p\u00e5 b...","protected":false},"author":122,"featured_media":15548,"comment_status":"closed","ping_status":"closed","sticky":false,"template":"","format":"standard","meta":{"_acf_changed":false,"footnotes":""},"categories":[13],"tags":[53],"class_list":["post-15547","post","type-post","status-publish","format-standard","has-post-thumbnail","hentry","category-events","tag-tag-syddanmark"],"acf":[],"yoast_head":"<!-- This site is optimized with the Yoast SEO plugin v27.3 - https:\/\/yoast.com\/product\/yoast-seo-wordpress\/ -->\n<title>Popul\u00e6rt virksomhedsbes\u00f8g hos IFAD TS A\/S i InterForce Region Syddanmark - InterForce<\/title>\n<meta name=\"description\" content=\"InterForce Syddanmark havde f\u00e5et forn\u00f8jelsen af, at invitere medlemmerne p\u00e5 bes\u00f8g ved medlemsvirksomheden IFAD TS A\/S i Odense.\" \/>\n<meta name=\"robots\" content=\"index, follow, max-snippet:-1, max-image-preview:large, max-video-preview:-1\" \/>\n<link rel=\"canonical\" href=\"http:\/\/localhost\/populaert-virksomhedsbesoeg-hos-ifad-ts-a-s-i-interforce-region-syddanmark\/\" \/>\n<meta property=\"og:locale\" content=\"en_US\" \/>\n<meta property=\"og:type\" content=\"article\" \/>\n<meta property=\"og:title\" content=\"Popul\u00e6rt virksomhedsbes\u00f8g hos IFAD TS A\/S i InterForce Region Syddanmark - InterForce\" \/>\n<meta property=\"og:description\" content=\"InterForce Syddanmark havde f\u00e5et forn\u00f8jelsen af, at invitere medlemmerne p\u00e5 bes\u00f8g ved medlemsvirksomheden IFAD TS A\/S i Odense.\" \/>\n<meta property=\"og:url\" content=\"http:\/\/localhost\/populaert-virksomhedsbesoeg-hos-ifad-ts-a-s-i-interforce-region-syddanmark\/\" \/>\n<meta property=\"og:site_name\" content=\"InterForce\" \/>\n<meta property=\"article:published_time\" content=\"2024-04-12T11:00:00+00:00\" \/>\n<meta property=\"og:image\" content=\"http:\/\/localhost\/app\/uploads\/2024\/04\/PXL_20240314_163856186-scaled.jpg\" \/>\n\t<meta property=\"og:image:width\" content=\"2560\" \/>\n\t<meta property=\"og:image:height\" content=\"2075\" \/>\n\t<meta property=\"og:image:type\" content=\"image\/jpeg\" \/>\n<meta name=\"author\" content=\"Anton Rask Hauge Steffensen\" \/>\n<meta name=\"twitter:card\" content=\"summary_large_image\" \/>\n<meta name=\"twitter:label1\" content=\"Written by\" \/>\n\t<meta name=\"twitter:data1\" content=\"Anton Rask Hauge Steffensen\" \/>\n\t<meta name=\"twitter:label2\" content=\"Est. reading time\" \/>\n\t<meta name=\"twitter:data2\" content=\"1 minute\" \/>\n<script type=\"application\/ld+json\" class=\"yoast-schema-graph\">{\"@context\":\"https:\\\/\\\/schema.org\",\"@graph\":[{\"@type\":\"Article\",\"@id\":\"http:\\\/\\\/localhost\\\/populaert-virksomhedsbesoeg-hos-ifad-ts-a-s-i-interforce-region-syddanmark\\\/#article\",\"isPartOf\":{\"@id\":\"http:\\\/\\\/localhost\\\/populaert-virksomhedsbesoeg-hos-ifad-ts-a-s-i-interforce-region-syddanmark\\\/\"},\"author\":{\"name\":\"Anton Rask Hauge Steffensen\",\"@id\":\"https:\\\/\\\/www.interforce.dk\\\/#\\\/schema\\\/person\\\/93de0ad27fec55a2f38d2195162834c7\"},\"headline\":\"Popul\u00e6rt virksomhedsbes\u00f8g hos IFAD TS A\\\/S i InterForce Region Syddanmark\",\"datePublished\":\"2024-04-12T11:00:00+00:00\",\"mainEntityOfPage\":{\"@id\":\"http:\\\/\\\/localhost\\\/populaert-virksomhedsbesoeg-hos-ifad-ts-a-s-i-interforce-region-syddanmark\\\/\"},\"wordCount\":204,\"image\":{\"@id\":\"http:\\\/\\\/localhost\\\/populaert-virksomhedsbesoeg-hos-ifad-ts-a-s-i-interforce-region-syddanmark\\\/#primaryimage\"},\"thumbnailUrl\":\"https:\\\/\\\/www.interforce.dk\\\/app\\\/uploads\\\/2024\\\/04\\\/PXL_20240314_163856186-scaled.jpg\",\"keywords\":[\"Tag:Syddanmark\"],\"articleSection\":[\"Arrangementsomtale\"],\"inLanguage\":\"kl-GL\"},{\"@type\":\"WebPage\",\"@id\":\"http:\\\/\\\/localhost\\\/populaert-virksomhedsbesoeg-hos-ifad-ts-a-s-i-interforce-region-syddanmark\\\/\",\"url\":\"http:\\\/\\\/localhost\\\/populaert-virksomhedsbesoeg-hos-ifad-ts-a-s-i-interforce-region-syddanmark\\\/\",\"name\":\"Popul\u00e6rt virksomhedsbes\u00f8g hos IFAD TS A\\\/S i InterForce Region Syddanmark - InterForce\",\"isPartOf\":{\"@id\":\"https:\\\/\\\/www.interforce.dk\\\/#website\"},\"primaryImageOfPage\":{\"@id\":\"http:\\\/\\\/localhost\\\/populaert-virksomhedsbesoeg-hos-ifad-ts-a-s-i-interforce-region-syddanmark\\\/#primaryimage\"},\"image\":{\"@id\":\"http:\\\/\\\/localhost\\\/populaert-virksomhedsbesoeg-hos-ifad-ts-a-s-i-interforce-region-syddanmark\\\/#primaryimage\"},\"thumbnailUrl\":\"https:\\\/\\\/www.interforce.dk\\\/app\\\/uploads\\\/2024\\\/04\\\/PXL_20240314_163856186-scaled.jpg\",\"datePublished\":\"2024-04-12T11:00:00+00:00\",\"author\":{\"@id\":\"https:\\\/\\\/www.interforce.dk\\\/#\\\/schema\\\/person\\\/93de0ad27fec55a2f38d2195162834c7\"},\"description\":\"InterForce Syddanmark havde f\u00e5et forn\u00f8jelsen af, at invitere medlemmerne p\u00e5 bes\u00f8g ved medlemsvirksomheden IFAD TS A\\\/S i Odense.\",\"breadcrumb\":{\"@id\":\"http:\\\/\\\/localhost\\\/populaert-virksomhedsbesoeg-hos-ifad-ts-a-s-i-interforce-region-syddanmark\\\/#breadcrumb\"},\"inLanguage\":\"kl-GL\",\"potentialAction\":[{\"@type\":\"ReadAction\",\"target\":[\"http:\\\/\\\/localhost\\\/populaert-virksomhedsbesoeg-hos-ifad-ts-a-s-i-interforce-region-syddanmark\\\/\"]}]},{\"@type\":\"ImageObject\",\"inLanguage\":\"kl-GL\",\"@id\":\"http:\\\/\\\/localhost\\\/populaert-virksomhedsbesoeg-hos-ifad-ts-a-s-i-interforce-region-syddanmark\\\/#primaryimage\",\"url\":\"https:\\\/\\\/www.interforce.dk\\\/app\\\/uploads\\\/2024\\\/04\\\/PXL_20240314_163856186-scaled.jpg\",\"contentUrl\":\"https:\\\/\\\/www.interforce.dk\\\/app\\\/uploads\\\/2024\\\/04\\\/PXL_20240314_163856186-scaled.jpg\",\"width\":2560,\"height\":2075},{\"@type\":\"BreadcrumbList\",\"@id\":\"http:\\\/\\\/localhost\\\/populaert-virksomhedsbesoeg-hos-ifad-ts-a-s-i-interforce-region-syddanmark\\\/#breadcrumb\",\"itemListElement\":[{\"@type\":\"ListItem\",\"position\":1,\"name\":\"Hjem\",\"item\":\"https:\\\/\\\/www.interforce.dk\\\/\"},{\"@type\":\"ListItem\",\"position\":2,\"name\":\"Popul\u00e6rt virksomhedsbes\u00f8g hos IFAD TS A\\\/S i InterForce Region Syddanmark\"}]},{\"@type\":\"WebSite\",\"@id\":\"https:\\\/\\\/www.interforce.dk\\\/#website\",\"url\":\"https:\\\/\\\/www.interforce.dk\\\/\",\"name\":\"InterForce\",\"description\":\"\",\"potentialAction\":[{\"@type\":\"SearchAction\",\"target\":{\"@type\":\"EntryPoint\",\"urlTemplate\":\"https:\\\/\\\/www.interforce.dk\\\/?s={search_term_string}\"},\"query-input\":{\"@type\":\"PropertyValueSpecification\",\"valueRequired\":true,\"valueName\":\"search_term_string\"}}],\"inLanguage\":\"kl-GL\"},{\"@type\":\"Person\",\"@id\":\"https:\\\/\\\/www.interforce.dk\\\/#\\\/schema\\\/person\\\/93de0ad27fec55a2f38d2195162834c7\",\"name\":\"Anton Rask Hauge Steffensen\",\"image\":{\"@type\":\"ImageObject\",\"inLanguage\":\"kl-GL\",\"@id\":\"https:\\\/\\\/secure.gravatar.com\\\/avatar\\\/8e4247cfae5f9f3cbd0c18740bdc45f335fc586e35e954f20e626e45d46e568d?s=96&d=mm&r=g\",\"url\":\"https:\\\/\\\/secure.gravatar.com\\\/avatar\\\/8e4247cfae5f9f3cbd0c18740bdc45f335fc586e35e954f20e626e45d46e568d?s=96&d=mm&r=g\",\"contentUrl\":\"https:\\\/\\\/secure.gravatar.com\\\/avatar\\\/8e4247cfae5f9f3cbd0c18740bdc45f335fc586e35e954f20e626e45d46e568d?s=96&d=mm&r=g\",\"caption\":\"Anton Rask Hauge Steffensen\"},\"url\":\"https:\\\/\\\/www.interforce.dk\\\/kl\\\/author\\\/anton\\\/\"}]}<\/script>\n<!-- \/ Yoast SEO plugin. -->","yoast_head_json":{"title":"Popul\u00e6rt virksomhedsbes\u00f8g hos IFAD TS A\/S i InterForce Region Syddanmark - InterForce","description":"InterForce Syddanmark havde f\u00e5et forn\u00f8jelsen af, at invitere medlemmerne p\u00e5 bes\u00f8g ved medlemsvirksomheden IFAD TS A\/S i Odense.","robots":{"index":"index","follow":"follow","max-snippet":"max-snippet:-1","max-image-preview":"max-image-preview:large","max-video-preview":"max-video-preview:-1"},"canonical":"http:\/\/localhost\/populaert-virksomhedsbesoeg-hos-ifad-ts-a-s-i-interforce-region-syddanmark\/","og_locale":"en_US","og_type":"article","og_title":"Popul\u00e6rt virksomhedsbes\u00f8g hos IFAD TS A\/S i InterForce Region Syddanmark - InterForce","og_description":"InterForce Syddanmark havde f\u00e5et forn\u00f8jelsen af, at invitere medlemmerne p\u00e5 bes\u00f8g ved medlemsvirksomheden IFAD TS A\/S i Odense.","og_url":"http:\/\/localhost\/populaert-virksomhedsbesoeg-hos-ifad-ts-a-s-i-interforce-region-syddanmark\/","og_site_name":"InterForce","article_published_time":"2024-04-12T11:00:00+00:00","og_image":[{"width":2560,"height":2075,"url":"http:\/\/localhost\/app\/uploads\/2024\/04\/PXL_20240314_163856186-scaled.jpg","type":"image\/jpeg"}],"author":"Anton Rask Hauge Steffensen","twitter_card":"summary_large_image","twitter_misc":{"Written by":"Anton Rask Hauge Steffensen","Est. reading time":"1 minute"},"schema":{"@context":"https:\/\/schema.org","@graph":[{"@type":"Article","@id":"http:\/\/localhost\/populaert-virksomhedsbesoeg-hos-ifad-ts-a-s-i-interforce-region-syddanmark\/#article","isPartOf":{"@id":"http:\/\/localhost\/populaert-virksomhedsbesoeg-hos-ifad-ts-a-s-i-interforce-region-syddanmark\/"},"author":{"name":"Anton Rask Hauge Steffensen","@id":"https:\/\/www.interforce.dk\/#\/schema\/person\/93de0ad27fec55a2f38d2195162834c7"},"headline":"Popul\u00e6rt virksomhedsbes\u00f8g hos IFAD TS A\/S i InterForce Region Syddanmark","datePublished":"2024-04-12T11:00:00+00:00","mainEntityOfPage":{"@id":"http:\/\/localhost\/populaert-virksomhedsbesoeg-hos-ifad-ts-a-s-i-interforce-region-syddanmark\/"},"wordCount":204,"image":{"@id":"http:\/\/localhost\/populaert-virksomhedsbesoeg-hos-ifad-ts-a-s-i-interforce-region-syddanmark\/#primaryimage"},"thumbnailUrl":"https:\/\/www.interforce.dk\/app\/uploads\/2024\/04\/PXL_20240314_163856186-scaled.jpg","keywords":["Tag:Syddanmark"],"articleSection":["Arrangementsomtale"],"inLanguage":"kl-GL"},{"@type":"WebPage","@id":"http:\/\/localhost\/populaert-virksomhedsbesoeg-hos-ifad-ts-a-s-i-interforce-region-syddanmark\/","url":"http:\/\/localhost\/populaert-virksomhedsbesoeg-hos-ifad-ts-a-s-i-interforce-region-syddanmark\/","name":"Popul\u00e6rt virksomhedsbes\u00f8g hos IFAD TS A\/S i InterForce Region Syddanmark - InterForce","isPartOf":{"@id":"https:\/\/www.interforce.dk\/#website"},"primaryImageOfPage":{"@id":"http:\/\/localhost\/populaert-virksomhedsbesoeg-hos-ifad-ts-a-s-i-interforce-region-syddanmark\/#primaryimage"},"image":{"@id":"http:\/\/localhost\/populaert-virksomhedsbesoeg-hos-ifad-ts-a-s-i-interforce-region-syddanmark\/#primaryimage"},"thumbnailUrl":"https:\/\/www.interforce.dk\/app\/uploads\/2024\/04\/PXL_20240314_163856186-scaled.jpg","datePublished":"2024-04-12T11:00:00+00:00","author":{"@id":"https:\/\/www.interforce.dk\/#\/schema\/person\/93de0ad27fec55a2f38d2195162834c7"},"description":"InterForce Syddanmark havde f\u00e5et forn\u00f8jelsen af, at invitere medlemmerne p\u00e5 bes\u00f8g ved medlemsvirksomheden IFAD TS A\/S i Odense.","breadcrumb":{"@id":"http:\/\/localhost\/populaert-virksomhedsbesoeg-hos-ifad-ts-a-s-i-interforce-region-syddanmark\/#breadcrumb"},"inLanguage":"kl-GL","potentialAction":[{"@type":"ReadAction","target":["http:\/\/localhost\/populaert-virksomhedsbesoeg-hos-ifad-ts-a-s-i-interforce-region-syddanmark\/"]}]},{"@type":"ImageObject","inLanguage":"kl-GL","@id":"http:\/\/localhost\/populaert-virksomhedsbesoeg-hos-ifad-ts-a-s-i-interforce-region-syddanmark\/#primaryimage","url":"https:\/\/www.interforce.dk\/app\/uploads\/2024\/04\/PXL_20240314_163856186-scaled.jpg","contentUrl":"https:\/\/www.interforce.dk\/app\/uploads\/2024\/04\/PXL_20240314_163856186-scaled.jpg","width":2560,"height":2075},{"@type":"BreadcrumbList","@id":"http:\/\/localhost\/populaert-virksomhedsbesoeg-hos-ifad-ts-a-s-i-interforce-region-syddanmark\/#breadcrumb","itemListElement":[{"@type":"ListItem","position":1,"name":"Hjem","item":"https:\/\/www.interforce.dk\/"},{"@type":"ListItem","position":2,"name":"Popul\u00e6rt virksomhedsbes\u00f8g hos IFAD TS A\/S i InterForce Region Syddanmark"}]},{"@type":"WebSite","@id":"https:\/\/www.interforce.dk\/#website","url":"https:\/\/www.interforce.dk\/","name":"InterForce","description":"","potentialAction":[{"@type":"SearchAction","target":{"@type":"EntryPoint","urlTemplate":"https:\/\/www.interforce.dk\/?s={search_term_string}"},"query-input":{"@type":"PropertyValueSpecification","valueRequired":true,"valueName":"search_term_string"}}],"inLanguage":"kl-GL"},{"@type":"Person","@id":"https:\/\/www.interforce.dk\/#\/schema\/person\/93de0ad27fec55a2f38d2195162834c7","name":"Anton Rask Hauge Steffensen","image":{"@type":"ImageObject","inLanguage":"kl-GL","@id":"https:\/\/secure.gravatar.com\/avatar\/8e4247cfae5f9f3cbd0c18740bdc45f335fc586e35e954f20e626e45d46e568d?s=96&d=mm&r=g","url":"https:\/\/secure.gravatar.com\/avatar\/8e4247cfae5f9f3cbd0c18740bdc45f335fc586e35e954f20e626e45d46e568d?s=96&d=mm&r=g","contentUrl":"https:\/\/secure.gravatar.com\/avatar\/8e4247cfae5f9f3cbd0c18740bdc45f335fc586e35e954f20e626e45d46e568d?s=96&d=mm&r=g","caption":"Anton Rask Hauge Steffensen"},"url":"https:\/\/www.interforce.dk\/kl\/author\/anton\/"}]}},"_links":{"self":[{"href":"https:\/\/www.interforce.dk\/kl\/wp-json\/wp\/v2\/posts\/15547","targetHints":{"allow":["GET"]}}],"collection":[{"href":"https:\/\/www.interforce.dk\/kl\/wp-json\/wp\/v2\/posts"}],"about":[{"href":"https:\/\/www.interforce.dk\/kl\/wp-json\/wp\/v2\/types\/post"}],"author":[{"embeddable":true,"href":"https:\/\/www.interforce.dk\/kl\/wp-json\/wp\/v2\/users\/122"}],"replies":[{"embeddable":true,"href":"https:\/\/www.interforce.dk\/kl\/wp-json\/wp\/v2\/comments?post=15547"}],"version-history":[{"count":1,"href":"https:\/\/www.interforce.dk\/kl\/wp-json\/wp\/v2\/posts\/15547\/revisions"}],"predecessor-version":[{"id":15550,"href":"https:\/\/www.interforce.dk\/kl\/wp-json\/wp\/v2\/posts\/15547\/revisions\/15550"}],"wp:featuredmedia":[{"embeddable":true,"href":"https:\/\/www.interforce.dk\/kl\/wp-json\/wp\/v2\/media\/15548"}],"wp:attachment":[{"href":"https:\/\/www.interforce.dk\/kl\/wp-json\/wp\/v2\/media?parent=15547"}],"wp:term":[{"taxonomy":"category","embeddable":true,"href":"https:\/\/www.interforce.dk\/kl\/wp-json\/wp\/v2\/categories?post=15547"},{"taxonomy":"post_tag","embeddable":true,"href":"https:\/\/www.interforce.dk\/kl\/wp-json\/wp\/v2\/tags?post=15547"}],"curies":[{"name":"wp","href":"https:\/\/api.w.org\/{rel}","templated":true}]}}