{"id":15533,"date":"2024-04-10T07:49:17","date_gmt":"2024-04-10T07:49:17","guid":{"rendered":"https:\/\/www.interforce.dk\/?p=15533"},"modified":"2024-04-10T07:52:42","modified_gmt":"2024-04-10T07:52:42","slug":"naviair-5-dage-fri-med-loen-til-tjeneste-i-uniform","status":"publish","type":"post","link":"https:\/\/www.interforce.dk\/kl\/naviair-5-dage-fri-med-loen-til-tjeneste-i-uniform\/","title":{"rendered":"Naviair: 5 dage fri med l\u00f8n til tjeneste i uniform"},"content":{"rendered":"<div class=\"block core-block core-block--paragraph\">\n      <div class=\"inner inner--small\">\n      \n<p>Medarbejdere i Naviair, der er reservister eller frivillige i Hjemmev\u00e6rnet og beredskabet, kan nu f\u00e5 op til fem tjenestefri dage med l\u00f8n om \u00e5ret til at gennemf\u00f8re tjeneste eller deltage i uddannelse.<\/p>\n\n      <\/div>\n  <\/div>\n<div class=\"block core-block core-block--paragraph\">\n      <div class=\"inner inner--small\">\n      \n<p>Den gl\u00e6delige nyhed blev markeret fredag den 5. april, hvor Navair officielt blev medlem af InterForce.<\/p>\n\n      <\/div>\n  <\/div>\n<div class=\"block core-block core-block--paragraph\">\n      <div class=\"inner inner--small\">\n      \n<p>Ved markeringen overrakte InterForce-ambassad\u00f8r Jens J\u00f8rgen Hansen et Interforce-skjold til Naviairs fungerende CTO, Sten Bertram Winther.<\/p>\n\n      <\/div>\n  <\/div>\n<div class=\"block core-block core-block--image\">\n      <div class=\"inner inner--small\">\n      \n<figure class=\"wp-block-image size-large\"><img loading=\"lazy\" decoding=\"async\" width=\"1024\" height=\"576\" src=\"https:\/\/www.interforce.dk\/app\/uploads\/2024\/04\/Naviaor-bliver-medlem-af-InterForce-1024x576.jpg\" alt=\"\" class=\"wp-image-15534\" srcset=\"https:\/\/www.interforce.dk\/app\/uploads\/2024\/04\/Naviaor-bliver-medlem-af-InterForce-1024x576.jpg 1024w, https:\/\/www.interforce.dk\/app\/uploads\/2024\/04\/Naviaor-bliver-medlem-af-InterForce-300x169.jpg 300w, https:\/\/www.interforce.dk\/app\/uploads\/2024\/04\/Naviaor-bliver-medlem-af-InterForce-768x432.jpg 768w, https:\/\/www.interforce.dk\/app\/uploads\/2024\/04\/Naviaor-bliver-medlem-af-InterForce-1536x864.jpg 1536w, https:\/\/www.interforce.dk\/app\/uploads\/2024\/04\/Naviaor-bliver-medlem-af-InterForce-2048x1152.jpg 2048w, https:\/\/www.interforce.dk\/app\/uploads\/2024\/04\/Naviaor-bliver-medlem-af-InterForce-18x10.jpg 18w\" sizes=\"auto, (max-width: 1024px) 100vw, 1024px\" \/><figcaption class=\"wp-element-caption\"><em>Fra venstre: major Ole \u201dBYM\u201d Ramsby, chef for Eskadrille 515, oberstl\u00f8jtnant af Reserven og InterForce-ambassad\u00f8r Jens J\u00f8rgen Hansen,\u00a0Sten Bertram Winther, der er fungerende teknisk direkt\u00f8r og seniorsergent i Reserven ved Air Transport Wing i Aalborg, og Peter Windum, chef for Project Roadmap &amp; Engineering og kaptajn i Reserven ved Den Kongelige Livgarde.<\/em><\/figcaption><\/figure>\n\n      <\/div>\n  <\/div>\n<div class=\"block core-block core-block--paragraph\">\n      <div class=\"inner inner--small\">\n      \n<p>\u201dVi vil gerne v\u00e6rne om Danmarks beredskab og sikkerhed. Det ligger i naturlig forl\u00e6ngelse af Naviairs rolle i samfundet som leverand\u00f8r af infrastruktur til luftfarten. Samtidig \u00f8nsker vi at st\u00f8tte op om de medarbejdere, der p\u00e5tager sig et ekstra ansvar og stiller op, n\u00e5r der er behov for det. Naviair f\u00e5r omvendt gl\u00e6de af de evner og kompetencer, som vores kolleger f\u00e5r igennem deres uddannelse og opgavel\u00f8sning i Reservestyrken,\u201d sagde Sten Bertram Winther i forbindelse med skjoldoverr\u00e6kkelsen.<\/p>\n\n      <\/div>\n  <\/div>\n<div class=\"block core-block core-block--heading\">\n      <div class=\"inner inner--small\">\n      \n<h2 class=\"wp-block-heading\">Naviair og InterForce<\/h2>\n\n      <\/div>\n  <\/div>\n<div class=\"block core-block core-block--paragraph\">\n      <div class=\"inner inner--small\">\n      \n<p>Naviair er en selvst\u00e6ndig offentlig virksomhed, der har til opgave at levere sikker og effektiv trafikstyring til luftfarten. Virksomheden har hovedkvarter i Kastrup og har ca. 600 medarbejdere, fordelt i Danmark, Gr\u00f8nland og p\u00e5 F\u00e6r\u00f8erne.<\/p>\n\n      <\/div>\n  <\/div>\n<div class=\"block core-block core-block--paragraph\">\n      <div class=\"inner inner--small\">\n      \n<p>InterForce er en organisation, der er tilknyttet Forsvarskommandoen. Form\u00e5let med InterForce er at styrke opbakningen til Forsvaret og beredskabet i det civile erhvervsliv. InterForce har et s\u00e6rligt fokus p\u00e5 at underst\u00f8tte virksomheder, som har medarbejdere, der ved siden af deres civile job er en del af Reservestyrken.<\/p>\n\n      <\/div>\n  <\/div>\n<div class=\"block core-block core-block--paragraph\">\n      <div class=\"inner inner--small\">\n      \n<p>Reservestyrken best\u00e5r af m\u00e6nd og kvinder, der er soldater i Reserven. Men den best\u00e5r ogs\u00e5 af frivillige i Hjemmev\u00e6rnet, Beredskabsstyrelsen og Kystredningstjenesten.<\/p>\n\n      <\/div>\n  <\/div>\n<div class=\"block core-block core-block--paragraph\">\n      <div class=\"inner inner--small\">\n      \n<p>L\u00e6s ogs\u00e5: <a href=\"https:\/\/www.interforce.dk\/kl\/stoettevirksomheder-hos-interforce\/\" target=\"_blank\" rel=\"noreferrer noopener\">Fem af Danmarks st\u00f8rste virksomheder giver 5 dage fri med l\u00f8n til tjeneste i uniform<\/a><\/p>\n\n      <\/div>\n  <\/div>","protected":false},"excerpt":{"rendered":"Ansatte hos Naviar f\u00e5r nu mulighed for at f\u00e5 fri i 5 dage om \u00e5ret med l\u00f8n ti...","protected":false},"author":111,"featured_media":15534,"comment_status":"closed","ping_status":"closed","sticky":false,"template":"","format":"standard","meta":{"_acf_changed":false,"footnotes":""},"categories":[12],"tags":[55],"class_list":["post-15533","post","type-post","status-publish","format-standard","has-post-thumbnail","hentry","category-nyt-om-if","tag-tag-hovedstaden"],"acf":[],"yoast_head":"<!-- This site is optimized with the Yoast SEO plugin v27.3 - https:\/\/yoast.com\/product\/yoast-seo-wordpress\/ -->\n<title>Naviair: 5 dage fri med l\u00f8n til tjeneste i uniform - InterForce<\/title>\n<meta name=\"description\" content=\"Ansatte i Naviair, der er reservister eller med i Hjemmev\u00e6rnet og beredskabet, f\u00e5r nu op til fem dage fri med l\u00f8n om \u00e5ret til tjeneste.\" \/>\n<meta name=\"robots\" content=\"index, follow, max-snippet:-1, max-image-preview:large, max-video-preview:-1\" \/>\n<link rel=\"canonical\" href=\"https:\/\/www.interforce.dk\/kl\/naviair-5-dage-fri-med-loen-til-tjeneste-i-uniform\/\" \/>\n<meta property=\"og:locale\" content=\"en_US\" \/>\n<meta property=\"og:type\" content=\"article\" \/>\n<meta property=\"og:title\" content=\"Naviair: 5 dage fri med l\u00f8n til tjeneste i uniform - InterForce\" \/>\n<meta property=\"og:description\" content=\"Ansatte i Naviair, der er reservister eller med i Hjemmev\u00e6rnet og beredskabet, f\u00e5r nu op til fem dage fri med l\u00f8n om \u00e5ret til tjeneste.\" \/>\n<meta property=\"og:url\" content=\"https:\/\/www.interforce.dk\/kl\/naviair-5-dage-fri-med-loen-til-tjeneste-i-uniform\/\" \/>\n<meta property=\"og:site_name\" content=\"InterForce\" \/>\n<meta property=\"article:published_time\" content=\"2024-04-10T07:49:17+00:00\" \/>\n<meta property=\"article:modified_time\" content=\"2024-04-10T07:52:42+00:00\" \/>\n<meta property=\"og:image\" content=\"https:\/\/www.interforce.dk\/app\/uploads\/2024\/04\/Naviaor-bliver-medlem-af-InterForce-scaled.jpg\" \/>\n\t<meta property=\"og:image:width\" content=\"2560\" \/>\n\t<meta property=\"og:image:height\" content=\"1440\" \/>\n\t<meta property=\"og:image:type\" content=\"image\/jpeg\" \/>\n<meta name=\"author\" content=\"Simon Staffeldt Schou\" \/>\n<meta name=\"twitter:card\" content=\"summary_large_image\" \/>\n<meta name=\"twitter:label1\" content=\"Written by\" \/>\n\t<meta name=\"twitter:data1\" content=\"Simon Staffeldt Schou\" \/>\n\t<meta name=\"twitter:label2\" content=\"Est. reading time\" \/>\n\t<meta name=\"twitter:data2\" content=\"2 minutes\" \/>\n<script type=\"application\/ld+json\" class=\"yoast-schema-graph\">{\"@context\":\"https:\\\/\\\/schema.org\",\"@graph\":[{\"@type\":\"Article\",\"@id\":\"https:\\\/\\\/www.interforce.dk\\\/naviair-5-dage-fri-med-loen-til-tjeneste-i-uniform\\\/#article\",\"isPartOf\":{\"@id\":\"https:\\\/\\\/www.interforce.dk\\\/naviair-5-dage-fri-med-loen-til-tjeneste-i-uniform\\\/\"},\"author\":{\"name\":\"Simon Staffeldt Schou\",\"@id\":\"https:\\\/\\\/www.interforce.dk\\\/#\\\/schema\\\/person\\\/3604a2bb29e48048ea484fbfb3703fad\"},\"headline\":\"Naviair: 5 dage fri med l\u00f8n til tjeneste i uniform\",\"datePublished\":\"2024-04-10T07:49:17+00:00\",\"dateModified\":\"2024-04-10T07:52:42+00:00\",\"mainEntityOfPage\":{\"@id\":\"https:\\\/\\\/www.interforce.dk\\\/naviair-5-dage-fri-med-loen-til-tjeneste-i-uniform\\\/\"},\"wordCount\":359,\"image\":{\"@id\":\"https:\\\/\\\/www.interforce.dk\\\/naviair-5-dage-fri-med-loen-til-tjeneste-i-uniform\\\/#primaryimage\"},\"thumbnailUrl\":\"https:\\\/\\\/www.interforce.dk\\\/app\\\/uploads\\\/2024\\\/04\\\/Naviaor-bliver-medlem-af-InterForce-scaled.jpg\",\"keywords\":[\"Tag:Hovedstaden\"],\"articleSection\":[\"Nyheder om InterForce\"],\"inLanguage\":\"kl-GL\"},{\"@type\":\"WebPage\",\"@id\":\"https:\\\/\\\/www.interforce.dk\\\/naviair-5-dage-fri-med-loen-til-tjeneste-i-uniform\\\/\",\"url\":\"https:\\\/\\\/www.interforce.dk\\\/naviair-5-dage-fri-med-loen-til-tjeneste-i-uniform\\\/\",\"name\":\"Naviair: 5 dage fri med l\u00f8n til tjeneste i uniform - InterForce\",\"isPartOf\":{\"@id\":\"https:\\\/\\\/www.interforce.dk\\\/#website\"},\"primaryImageOfPage\":{\"@id\":\"https:\\\/\\\/www.interforce.dk\\\/naviair-5-dage-fri-med-loen-til-tjeneste-i-uniform\\\/#primaryimage\"},\"image\":{\"@id\":\"https:\\\/\\\/www.interforce.dk\\\/naviair-5-dage-fri-med-loen-til-tjeneste-i-uniform\\\/#primaryimage\"},\"thumbnailUrl\":\"https:\\\/\\\/www.interforce.dk\\\/app\\\/uploads\\\/2024\\\/04\\\/Naviaor-bliver-medlem-af-InterForce-scaled.jpg\",\"datePublished\":\"2024-04-10T07:49:17+00:00\",\"dateModified\":\"2024-04-10T07:52:42+00:00\",\"author\":{\"@id\":\"https:\\\/\\\/www.interforce.dk\\\/#\\\/schema\\\/person\\\/3604a2bb29e48048ea484fbfb3703fad\"},\"description\":\"Ansatte i Naviair, der er reservister eller med i Hjemmev\u00e6rnet og beredskabet, f\u00e5r nu op til fem dage fri med l\u00f8n om \u00e5ret til tjeneste.\",\"breadcrumb\":{\"@id\":\"https:\\\/\\\/www.interforce.dk\\\/naviair-5-dage-fri-med-loen-til-tjeneste-i-uniform\\\/#breadcrumb\"},\"inLanguage\":\"kl-GL\",\"potentialAction\":[{\"@type\":\"ReadAction\",\"target\":[\"https:\\\/\\\/www.interforce.dk\\\/naviair-5-dage-fri-med-loen-til-tjeneste-i-uniform\\\/\"]}]},{\"@type\":\"ImageObject\",\"inLanguage\":\"kl-GL\",\"@id\":\"https:\\\/\\\/www.interforce.dk\\\/naviair-5-dage-fri-med-loen-til-tjeneste-i-uniform\\\/#primaryimage\",\"url\":\"https:\\\/\\\/www.interforce.dk\\\/app\\\/uploads\\\/2024\\\/04\\\/Naviaor-bliver-medlem-af-InterForce-scaled.jpg\",\"contentUrl\":\"https:\\\/\\\/www.interforce.dk\\\/app\\\/uploads\\\/2024\\\/04\\\/Naviaor-bliver-medlem-af-InterForce-scaled.jpg\",\"width\":2560,\"height\":1440,\"caption\":\"Navair bliver medlem af InterForce\"},{\"@type\":\"BreadcrumbList\",\"@id\":\"https:\\\/\\\/www.interforce.dk\\\/naviair-5-dage-fri-med-loen-til-tjeneste-i-uniform\\\/#breadcrumb\",\"itemListElement\":[{\"@type\":\"ListItem\",\"position\":1,\"name\":\"Hjem\",\"item\":\"https:\\\/\\\/www.interforce.dk\\\/\"},{\"@type\":\"ListItem\",\"position\":2,\"name\":\"Naviair: 5 dage fri med l\u00f8n til tjeneste i uniform\"}]},{\"@type\":\"WebSite\",\"@id\":\"https:\\\/\\\/www.interforce.dk\\\/#website\",\"url\":\"https:\\\/\\\/www.interforce.dk\\\/\",\"name\":\"InterForce\",\"description\":\"\",\"potentialAction\":[{\"@type\":\"SearchAction\",\"target\":{\"@type\":\"EntryPoint\",\"urlTemplate\":\"https:\\\/\\\/www.interforce.dk\\\/?s={search_term_string}\"},\"query-input\":{\"@type\":\"PropertyValueSpecification\",\"valueRequired\":true,\"valueName\":\"search_term_string\"}}],\"inLanguage\":\"kl-GL\"},{\"@type\":\"Person\",\"@id\":\"https:\\\/\\\/www.interforce.dk\\\/#\\\/schema\\\/person\\\/3604a2bb29e48048ea484fbfb3703fad\",\"name\":\"Simon Staffeldt Schou\",\"image\":{\"@type\":\"ImageObject\",\"inLanguage\":\"kl-GL\",\"@id\":\"https:\\\/\\\/secure.gravatar.com\\\/avatar\\\/1ff3b89414668243258c5ed26b84872c273dcdf7fe7ee0c553a52e1b4c2002fd?s=96&d=mm&r=g\",\"url\":\"https:\\\/\\\/secure.gravatar.com\\\/avatar\\\/1ff3b89414668243258c5ed26b84872c273dcdf7fe7ee0c553a52e1b4c2002fd?s=96&d=mm&r=g\",\"contentUrl\":\"https:\\\/\\\/secure.gravatar.com\\\/avatar\\\/1ff3b89414668243258c5ed26b84872c273dcdf7fe7ee0c553a52e1b4c2002fd?s=96&d=mm&r=g\",\"caption\":\"Simon Staffeldt Schou\"},\"url\":\"https:\\\/\\\/www.interforce.dk\\\/kl\\\/author\\\/simon\\\/\"}]}<\/script>\n<!-- \/ Yoast SEO plugin. -->","yoast_head_json":{"title":"Naviair: 5 dage fri med l\u00f8n til tjeneste i uniform - InterForce","description":"Ansatte i Naviair, der er reservister eller med i Hjemmev\u00e6rnet og beredskabet, f\u00e5r nu op til fem dage fri med l\u00f8n om \u00e5ret til tjeneste.","robots":{"index":"index","follow":"follow","max-snippet":"max-snippet:-1","max-image-preview":"max-image-preview:large","max-video-preview":"max-video-preview:-1"},"canonical":"https:\/\/www.interforce.dk\/kl\/naviair-5-dage-fri-med-loen-til-tjeneste-i-uniform\/","og_locale":"en_US","og_type":"article","og_title":"Naviair: 5 dage fri med l\u00f8n til tjeneste i uniform - InterForce","og_description":"Ansatte i Naviair, der er reservister eller med i Hjemmev\u00e6rnet og beredskabet, f\u00e5r nu op til fem dage fri med l\u00f8n om \u00e5ret til tjeneste.","og_url":"https:\/\/www.interforce.dk\/kl\/naviair-5-dage-fri-med-loen-til-tjeneste-i-uniform\/","og_site_name":"InterForce","article_published_time":"2024-04-10T07:49:17+00:00","article_modified_time":"2024-04-10T07:52:42+00:00","og_image":[{"width":2560,"height":1440,"url":"https:\/\/www.interforce.dk\/app\/uploads\/2024\/04\/Naviaor-bliver-medlem-af-InterForce-scaled.jpg","type":"image\/jpeg"}],"author":"Simon Staffeldt Schou","twitter_card":"summary_large_image","twitter_misc":{"Written by":"Simon Staffeldt Schou","Est. reading time":"2 minutes"},"schema":{"@context":"https:\/\/schema.org","@graph":[{"@type":"Article","@id":"https:\/\/www.interforce.dk\/naviair-5-dage-fri-med-loen-til-tjeneste-i-uniform\/#article","isPartOf":{"@id":"https:\/\/www.interforce.dk\/naviair-5-dage-fri-med-loen-til-tjeneste-i-uniform\/"},"author":{"name":"Simon Staffeldt Schou","@id":"https:\/\/www.interforce.dk\/#\/schema\/person\/3604a2bb29e48048ea484fbfb3703fad"},"headline":"Naviair: 5 dage fri med l\u00f8n til tjeneste i uniform","datePublished":"2024-04-10T07:49:17+00:00","dateModified":"2024-04-10T07:52:42+00:00","mainEntityOfPage":{"@id":"https:\/\/www.interforce.dk\/naviair-5-dage-fri-med-loen-til-tjeneste-i-uniform\/"},"wordCount":359,"image":{"@id":"https:\/\/www.interforce.dk\/naviair-5-dage-fri-med-loen-til-tjeneste-i-uniform\/#primaryimage"},"thumbnailUrl":"https:\/\/www.interforce.dk\/app\/uploads\/2024\/04\/Naviaor-bliver-medlem-af-InterForce-scaled.jpg","keywords":["Tag:Hovedstaden"],"articleSection":["Nyheder om InterForce"],"inLanguage":"kl-GL"},{"@type":"WebPage","@id":"https:\/\/www.interforce.dk\/naviair-5-dage-fri-med-loen-til-tjeneste-i-uniform\/","url":"https:\/\/www.interforce.dk\/naviair-5-dage-fri-med-loen-til-tjeneste-i-uniform\/","name":"Naviair: 5 dage fri med l\u00f8n til tjeneste i uniform - InterForce","isPartOf":{"@id":"https:\/\/www.interforce.dk\/#website"},"primaryImageOfPage":{"@id":"https:\/\/www.interforce.dk\/naviair-5-dage-fri-med-loen-til-tjeneste-i-uniform\/#primaryimage"},"image":{"@id":"https:\/\/www.interforce.dk\/naviair-5-dage-fri-med-loen-til-tjeneste-i-uniform\/#primaryimage"},"thumbnailUrl":"https:\/\/www.interforce.dk\/app\/uploads\/2024\/04\/Naviaor-bliver-medlem-af-InterForce-scaled.jpg","datePublished":"2024-04-10T07:49:17+00:00","dateModified":"2024-04-10T07:52:42+00:00","author":{"@id":"https:\/\/www.interforce.dk\/#\/schema\/person\/3604a2bb29e48048ea484fbfb3703fad"},"description":"Ansatte i Naviair, der er reservister eller med i Hjemmev\u00e6rnet og beredskabet, f\u00e5r nu op til fem dage fri med l\u00f8n om \u00e5ret til tjeneste.","breadcrumb":{"@id":"https:\/\/www.interforce.dk\/naviair-5-dage-fri-med-loen-til-tjeneste-i-uniform\/#breadcrumb"},"inLanguage":"kl-GL","potentialAction":[{"@type":"ReadAction","target":["https:\/\/www.interforce.dk\/naviair-5-dage-fri-med-loen-til-tjeneste-i-uniform\/"]}]},{"@type":"ImageObject","inLanguage":"kl-GL","@id":"https:\/\/www.interforce.dk\/naviair-5-dage-fri-med-loen-til-tjeneste-i-uniform\/#primaryimage","url":"https:\/\/www.interforce.dk\/app\/uploads\/2024\/04\/Naviaor-bliver-medlem-af-InterForce-scaled.jpg","contentUrl":"https:\/\/www.interforce.dk\/app\/uploads\/2024\/04\/Naviaor-bliver-medlem-af-InterForce-scaled.jpg","width":2560,"height":1440,"caption":"Navair bliver medlem af InterForce"},{"@type":"BreadcrumbList","@id":"https:\/\/www.interforce.dk\/naviair-5-dage-fri-med-loen-til-tjeneste-i-uniform\/#breadcrumb","itemListElement":[{"@type":"ListItem","position":1,"name":"Hjem","item":"https:\/\/www.interforce.dk\/"},{"@type":"ListItem","position":2,"name":"Naviair: 5 dage fri med l\u00f8n til tjeneste i uniform"}]},{"@type":"WebSite","@id":"https:\/\/www.interforce.dk\/#website","url":"https:\/\/www.interforce.dk\/","name":"InterForce","description":"","potentialAction":[{"@type":"SearchAction","target":{"@type":"EntryPoint","urlTemplate":"https:\/\/www.interforce.dk\/?s={search_term_string}"},"query-input":{"@type":"PropertyValueSpecification","valueRequired":true,"valueName":"search_term_string"}}],"inLanguage":"kl-GL"},{"@type":"Person","@id":"https:\/\/www.interforce.dk\/#\/schema\/person\/3604a2bb29e48048ea484fbfb3703fad","name":"Simon Staffeldt Schou","image":{"@type":"ImageObject","inLanguage":"kl-GL","@id":"https:\/\/secure.gravatar.com\/avatar\/1ff3b89414668243258c5ed26b84872c273dcdf7fe7ee0c553a52e1b4c2002fd?s=96&d=mm&r=g","url":"https:\/\/secure.gravatar.com\/avatar\/1ff3b89414668243258c5ed26b84872c273dcdf7fe7ee0c553a52e1b4c2002fd?s=96&d=mm&r=g","contentUrl":"https:\/\/secure.gravatar.com\/avatar\/1ff3b89414668243258c5ed26b84872c273dcdf7fe7ee0c553a52e1b4c2002fd?s=96&d=mm&r=g","caption":"Simon Staffeldt Schou"},"url":"https:\/\/www.interforce.dk\/kl\/author\/simon\/"}]}},"_links":{"self":[{"href":"https:\/\/www.interforce.dk\/kl\/wp-json\/wp\/v2\/posts\/15533","targetHints":{"allow":["GET"]}}],"collection":[{"href":"https:\/\/www.interforce.dk\/kl\/wp-json\/wp\/v2\/posts"}],"about":[{"href":"https:\/\/www.interforce.dk\/kl\/wp-json\/wp\/v2\/types\/post"}],"author":[{"embeddable":true,"href":"https:\/\/www.interforce.dk\/kl\/wp-json\/wp\/v2\/users\/111"}],"replies":[{"embeddable":true,"href":"https:\/\/www.interforce.dk\/kl\/wp-json\/wp\/v2\/comments?post=15533"}],"version-history":[{"count":2,"href":"https:\/\/www.interforce.dk\/kl\/wp-json\/wp\/v2\/posts\/15533\/revisions"}],"predecessor-version":[{"id":15537,"href":"https:\/\/www.interforce.dk\/kl\/wp-json\/wp\/v2\/posts\/15533\/revisions\/15537"}],"wp:featuredmedia":[{"embeddable":true,"href":"https:\/\/www.interforce.dk\/kl\/wp-json\/wp\/v2\/media\/15534"}],"wp:attachment":[{"href":"https:\/\/www.interforce.dk\/kl\/wp-json\/wp\/v2\/media?parent=15533"}],"wp:term":[{"taxonomy":"category","embeddable":true,"href":"https:\/\/www.interforce.dk\/kl\/wp-json\/wp\/v2\/categories?post=15533"},{"taxonomy":"post_tag","embeddable":true,"href":"https:\/\/www.interforce.dk\/kl\/wp-json\/wp\/v2\/tags?post=15533"}],"curies":[{"name":"wp","href":"https:\/\/api.w.org\/{rel}","templated":true}]}}