{"id":15236,"date":"2024-01-24T11:30:00","date_gmt":"2024-01-24T11:30:00","guid":{"rendered":"https:\/\/www.interforce.dk\/?p=15236"},"modified":"2024-01-22T13:30:46","modified_gmt":"2024-01-22T13:30:46","slug":"poul-schmith-kammeradvokaten-modtager-interforce-skjoldet","status":"publish","type":"post","link":"https:\/\/www.interforce.dk\/kl\/poul-schmith-kammeradvokaten-modtager-interforce-skjoldet\/","title":{"rendered":"Poul Schmith \/ Kammeradvokaten modtager InterForce-skjoldet"},"content":{"rendered":"<div class=\"block core-block core-block--paragraph\">\n      <div class=\"inner inner--small\">\n      \n<p>InterForce-ambassad\u00f8r Lars Kunov overrakte InterForce-skjoldet til Poul Schmith\/Kammeradvokaten for deres st\u00f8tte til dansk forsvar og beredskab.<\/p>\n\n      <\/div>\n  <\/div>\n<div class=\"block core-block core-block--image\">\n      <div class=\"inner inner--small\">\n      \n<figure class=\"wp-block-image size-large\"><img loading=\"lazy\" decoding=\"async\" width=\"1024\" height=\"745\" src=\"https:\/\/www.interforce.dk\/app\/uploads\/2024\/01\/PS-IF-1024x745.jpg\" alt=\"\" class=\"wp-image-15237\" srcset=\"https:\/\/www.interforce.dk\/app\/uploads\/2024\/01\/PS-IF-1024x745.jpg 1024w, https:\/\/www.interforce.dk\/app\/uploads\/2024\/01\/PS-IF-300x218.jpg 300w, https:\/\/www.interforce.dk\/app\/uploads\/2024\/01\/PS-IF-768x559.jpg 768w, https:\/\/www.interforce.dk\/app\/uploads\/2024\/01\/PS-IF-1536x1117.jpg 1536w, https:\/\/www.interforce.dk\/app\/uploads\/2024\/01\/PS-IF-2048x1490.jpg 2048w, https:\/\/www.interforce.dk\/app\/uploads\/2024\/01\/PS-IF-16x12.jpg 16w\" sizes=\"auto, (max-width: 1024px) 100vw, 1024px\" \/><figcaption class=\"wp-element-caption\"><em>Fra venstre: Partner og advokat Thomas Ils\u00f8e Andersen, InterForce-ambassad\u00f8r Lars Kunov og HR business partner Jenny Hohw\u00fc Elsner.<\/em><\/figcaption><\/figure>\n\n      <\/div>\n  <\/div>\n<div class=\"block core-block core-block--paragraph\">\n      <div class=\"inner inner--small\">\n      \n<p>Med skjoldoverr\u00e6kkelsen signalerer InterForce, at Poul Schmith\/Kammeradvokaten bakker op om InterForces opgave med at skabe gode vilk\u00e5r for, at medlemmer af Reservestyrken kan f\u00e5 fri til tjeneste i Forsvaret, Beredskabet, Hjemmev\u00e6rnet eller Kystredningstjenesten.<\/p>\n\n      <\/div>\n  <\/div>\n<div class=\"block core-block core-block--paragraph\">\n      <div class=\"inner inner--small\">\n      \n<p>Poul Schmith\/Kammeradvokaten er et advokathus, der arbejder for et erhvervsliv i udvikling og et samfund i balance ved at udvikle nyt\u00e6nkende, langsigtede og juridisk b\u00e6redygtige l\u00f8sninger. De tilbyder deres kunder specialiseret, juridisk r\u00e5dgivning inden for h\u00f8jt regulerede og samfundskritiske sektorer p\u00e5 tv\u00e6rs af det offentlige og private erhvervsliv. Der str\u00e6bes efter at v\u00e6re dem, der giver kunderne den bedste juridiske r\u00e5dgivning og oplevelse ved at v\u00e6re im\u00f8dekommende, have forst\u00e5else for deres virkelighed og ikke mindst ved konstant at v\u00e6re i udvikling i forhold til fremtidige behov. Derudover har de I kraft af deres mange\u00e5rige rolle som kammeradvokat v\u00e6ret statens foretrukne advokat. Derfor er vi s\u00e6rligt stolte af deres st\u00f8tte til InterForce.<\/p>\n\n      <\/div>\n  <\/div>\n<div class=\"block core-block core-block--paragraph\">\n      <div class=\"inner inner--small\">\n      \n<p>Opbakningen er vigtig og s\u00e6rdeles v\u00e6rdsat. Derfor blev Poul Schmith\/Kammeradvokaten h\u00e6dret med en overr\u00e6kkelse af InterForce-skjoldet til HR Business partner, Jenny Hohw\u00fc Elsner og Partner og Advokat Tomas Ils\u00f8e Andersen.<\/p>\n\n      <\/div>\n  <\/div>\n<div class=\"block core-block core-block--paragraph\">\n      <div class=\"inner inner--small\">\n      \n<p>Tak for st\u00f8tten!<\/p>\n\n      <\/div>\n  <\/div>\n<div class=\"block core-block core-block--paragraph\">\n      <div class=\"inner inner--small\">\n      \n<p>L\u00e6s ogs\u00e5: <a href=\"https:\/\/www.interforce.dk\/kl\/anadeon-aps-overrakt-interforce-skjoldet\/\">Anadeon ApS overrakt InterForce-skjoldet<\/a><\/p>\n\n      <\/div>\n  <\/div>","protected":false},"excerpt":{"rendered":"InterForce-ambassad\u00f8r Lars Kunov overrakte InterForce-skjoldet til Poul Schmidt...","protected":false},"author":122,"featured_media":15237,"comment_status":"closed","ping_status":"closed","sticky":false,"template":"","format":"standard","meta":{"_acf_changed":false,"footnotes":""},"categories":[12],"tags":[55],"class_list":["post-15236","post","type-post","status-publish","format-standard","has-post-thumbnail","hentry","category-nyt-om-if","tag-tag-hovedstaden"],"acf":[],"yoast_head":"<!-- This site is optimized with the Yoast SEO plugin v27.3 - https:\/\/yoast.com\/product\/yoast-seo-wordpress\/ -->\n<title>Poul Schmith \/ Kammeradvokaten modtager InterForce-skjoldet - InterForce<\/title>\n<meta name=\"description\" content=\"InterForce-ambassad\u00f8r Lars Kunov overrakte InterForce-skjoldet til Poul Schmidt\/Kammeradvokaten for deres st\u00f8tte til InterForce.\" \/>\n<meta name=\"robots\" content=\"index, follow, max-snippet:-1, max-image-preview:large, max-video-preview:-1\" \/>\n<link rel=\"canonical\" href=\"http:\/\/localhost\/poul-schmith-kammeradvokaten-modtager-interforce-skjoldet\/\" \/>\n<meta property=\"og:locale\" content=\"en_US\" \/>\n<meta property=\"og:type\" content=\"article\" \/>\n<meta property=\"og:title\" content=\"Poul Schmith \/ Kammeradvokaten modtager InterForce-skjoldet - InterForce\" \/>\n<meta property=\"og:description\" content=\"InterForce-ambassad\u00f8r Lars Kunov overrakte InterForce-skjoldet til Poul Schmidt\/Kammeradvokaten for deres st\u00f8tte til InterForce.\" \/>\n<meta property=\"og:url\" content=\"http:\/\/localhost\/poul-schmith-kammeradvokaten-modtager-interforce-skjoldet\/\" \/>\n<meta property=\"og:site_name\" content=\"InterForce\" \/>\n<meta property=\"article:published_time\" content=\"2024-01-24T11:30:00+00:00\" \/>\n<meta property=\"og:image\" content=\"http:\/\/localhost\/app\/uploads\/2024\/01\/PS-IF-scaled.jpg\" \/>\n\t<meta property=\"og:image:width\" content=\"2560\" \/>\n\t<meta property=\"og:image:height\" content=\"1862\" \/>\n\t<meta property=\"og:image:type\" content=\"image\/jpeg\" \/>\n<meta name=\"author\" content=\"Anton Rask Hauge Steffensen\" \/>\n<meta name=\"twitter:card\" content=\"summary_large_image\" \/>\n<meta name=\"twitter:label1\" content=\"Written by\" \/>\n\t<meta name=\"twitter:data1\" content=\"Anton Rask Hauge Steffensen\" \/>\n\t<meta name=\"twitter:label2\" content=\"Est. reading time\" \/>\n\t<meta name=\"twitter:data2\" content=\"1 minute\" \/>\n<script type=\"application\/ld+json\" class=\"yoast-schema-graph\">{\"@context\":\"https:\\\/\\\/schema.org\",\"@graph\":[{\"@type\":\"Article\",\"@id\":\"http:\\\/\\\/localhost\\\/poul-schmith-kammeradvokaten-modtager-interforce-skjoldet\\\/#article\",\"isPartOf\":{\"@id\":\"http:\\\/\\\/localhost\\\/poul-schmith-kammeradvokaten-modtager-interforce-skjoldet\\\/\"},\"author\":{\"name\":\"Anton Rask Hauge Steffensen\",\"@id\":\"https:\\\/\\\/www.interforce.dk\\\/#\\\/schema\\\/person\\\/93de0ad27fec55a2f38d2195162834c7\"},\"headline\":\"Poul Schmith \\\/ Kammeradvokaten modtager InterForce-skjoldet\",\"datePublished\":\"2024-01-24T11:30:00+00:00\",\"mainEntityOfPage\":{\"@id\":\"http:\\\/\\\/localhost\\\/poul-schmith-kammeradvokaten-modtager-interforce-skjoldet\\\/\"},\"wordCount\":257,\"image\":{\"@id\":\"http:\\\/\\\/localhost\\\/poul-schmith-kammeradvokaten-modtager-interforce-skjoldet\\\/#primaryimage\"},\"thumbnailUrl\":\"https:\\\/\\\/www.interforce.dk\\\/app\\\/uploads\\\/2024\\\/01\\\/PS-IF-scaled.jpg\",\"keywords\":[\"Tag:Hovedstaden\"],\"articleSection\":[\"Nyheder om InterForce\"],\"inLanguage\":\"kl-GL\"},{\"@type\":\"WebPage\",\"@id\":\"http:\\\/\\\/localhost\\\/poul-schmith-kammeradvokaten-modtager-interforce-skjoldet\\\/\",\"url\":\"http:\\\/\\\/localhost\\\/poul-schmith-kammeradvokaten-modtager-interforce-skjoldet\\\/\",\"name\":\"Poul Schmith \\\/ Kammeradvokaten modtager InterForce-skjoldet - InterForce\",\"isPartOf\":{\"@id\":\"https:\\\/\\\/www.interforce.dk\\\/#website\"},\"primaryImageOfPage\":{\"@id\":\"http:\\\/\\\/localhost\\\/poul-schmith-kammeradvokaten-modtager-interforce-skjoldet\\\/#primaryimage\"},\"image\":{\"@id\":\"http:\\\/\\\/localhost\\\/poul-schmith-kammeradvokaten-modtager-interforce-skjoldet\\\/#primaryimage\"},\"thumbnailUrl\":\"https:\\\/\\\/www.interforce.dk\\\/app\\\/uploads\\\/2024\\\/01\\\/PS-IF-scaled.jpg\",\"datePublished\":\"2024-01-24T11:30:00+00:00\",\"author\":{\"@id\":\"https:\\\/\\\/www.interforce.dk\\\/#\\\/schema\\\/person\\\/93de0ad27fec55a2f38d2195162834c7\"},\"description\":\"InterForce-ambassad\u00f8r Lars Kunov overrakte InterForce-skjoldet til Poul Schmidt\\\/Kammeradvokaten for deres st\u00f8tte til InterForce.\",\"breadcrumb\":{\"@id\":\"http:\\\/\\\/localhost\\\/poul-schmith-kammeradvokaten-modtager-interforce-skjoldet\\\/#breadcrumb\"},\"inLanguage\":\"kl-GL\",\"potentialAction\":[{\"@type\":\"ReadAction\",\"target\":[\"http:\\\/\\\/localhost\\\/poul-schmith-kammeradvokaten-modtager-interforce-skjoldet\\\/\"]}]},{\"@type\":\"ImageObject\",\"inLanguage\":\"kl-GL\",\"@id\":\"http:\\\/\\\/localhost\\\/poul-schmith-kammeradvokaten-modtager-interforce-skjoldet\\\/#primaryimage\",\"url\":\"https:\\\/\\\/www.interforce.dk\\\/app\\\/uploads\\\/2024\\\/01\\\/PS-IF-scaled.jpg\",\"contentUrl\":\"https:\\\/\\\/www.interforce.dk\\\/app\\\/uploads\\\/2024\\\/01\\\/PS-IF-scaled.jpg\",\"width\":2560,\"height\":1862},{\"@type\":\"BreadcrumbList\",\"@id\":\"http:\\\/\\\/localhost\\\/poul-schmith-kammeradvokaten-modtager-interforce-skjoldet\\\/#breadcrumb\",\"itemListElement\":[{\"@type\":\"ListItem\",\"position\":1,\"name\":\"Hjem\",\"item\":\"https:\\\/\\\/www.interforce.dk\\\/\"},{\"@type\":\"ListItem\",\"position\":2,\"name\":\"Poul Schmith \\\/ Kammeradvokaten modtager InterForce-skjoldet\"}]},{\"@type\":\"WebSite\",\"@id\":\"https:\\\/\\\/www.interforce.dk\\\/#website\",\"url\":\"https:\\\/\\\/www.interforce.dk\\\/\",\"name\":\"InterForce\",\"description\":\"\",\"potentialAction\":[{\"@type\":\"SearchAction\",\"target\":{\"@type\":\"EntryPoint\",\"urlTemplate\":\"https:\\\/\\\/www.interforce.dk\\\/?s={search_term_string}\"},\"query-input\":{\"@type\":\"PropertyValueSpecification\",\"valueRequired\":true,\"valueName\":\"search_term_string\"}}],\"inLanguage\":\"kl-GL\"},{\"@type\":\"Person\",\"@id\":\"https:\\\/\\\/www.interforce.dk\\\/#\\\/schema\\\/person\\\/93de0ad27fec55a2f38d2195162834c7\",\"name\":\"Anton Rask Hauge Steffensen\",\"image\":{\"@type\":\"ImageObject\",\"inLanguage\":\"kl-GL\",\"@id\":\"https:\\\/\\\/secure.gravatar.com\\\/avatar\\\/8e4247cfae5f9f3cbd0c18740bdc45f335fc586e35e954f20e626e45d46e568d?s=96&d=mm&r=g\",\"url\":\"https:\\\/\\\/secure.gravatar.com\\\/avatar\\\/8e4247cfae5f9f3cbd0c18740bdc45f335fc586e35e954f20e626e45d46e568d?s=96&d=mm&r=g\",\"contentUrl\":\"https:\\\/\\\/secure.gravatar.com\\\/avatar\\\/8e4247cfae5f9f3cbd0c18740bdc45f335fc586e35e954f20e626e45d46e568d?s=96&d=mm&r=g\",\"caption\":\"Anton Rask Hauge Steffensen\"},\"url\":\"https:\\\/\\\/www.interforce.dk\\\/kl\\\/author\\\/anton\\\/\"}]}<\/script>\n<!-- \/ Yoast SEO plugin. -->","yoast_head_json":{"title":"Poul Schmith \/ Kammeradvokaten modtager InterForce-skjoldet - InterForce","description":"InterForce-ambassad\u00f8r Lars Kunov overrakte InterForce-skjoldet til Poul Schmidt\/Kammeradvokaten for deres st\u00f8tte til InterForce.","robots":{"index":"index","follow":"follow","max-snippet":"max-snippet:-1","max-image-preview":"max-image-preview:large","max-video-preview":"max-video-preview:-1"},"canonical":"http:\/\/localhost\/poul-schmith-kammeradvokaten-modtager-interforce-skjoldet\/","og_locale":"en_US","og_type":"article","og_title":"Poul Schmith \/ Kammeradvokaten modtager InterForce-skjoldet - InterForce","og_description":"InterForce-ambassad\u00f8r Lars Kunov overrakte InterForce-skjoldet til Poul Schmidt\/Kammeradvokaten for deres st\u00f8tte til InterForce.","og_url":"http:\/\/localhost\/poul-schmith-kammeradvokaten-modtager-interforce-skjoldet\/","og_site_name":"InterForce","article_published_time":"2024-01-24T11:30:00+00:00","og_image":[{"width":2560,"height":1862,"url":"http:\/\/localhost\/app\/uploads\/2024\/01\/PS-IF-scaled.jpg","type":"image\/jpeg"}],"author":"Anton Rask Hauge Steffensen","twitter_card":"summary_large_image","twitter_misc":{"Written by":"Anton Rask Hauge Steffensen","Est. reading time":"1 minute"},"schema":{"@context":"https:\/\/schema.org","@graph":[{"@type":"Article","@id":"http:\/\/localhost\/poul-schmith-kammeradvokaten-modtager-interforce-skjoldet\/#article","isPartOf":{"@id":"http:\/\/localhost\/poul-schmith-kammeradvokaten-modtager-interforce-skjoldet\/"},"author":{"name":"Anton Rask Hauge Steffensen","@id":"https:\/\/www.interforce.dk\/#\/schema\/person\/93de0ad27fec55a2f38d2195162834c7"},"headline":"Poul Schmith \/ Kammeradvokaten modtager InterForce-skjoldet","datePublished":"2024-01-24T11:30:00+00:00","mainEntityOfPage":{"@id":"http:\/\/localhost\/poul-schmith-kammeradvokaten-modtager-interforce-skjoldet\/"},"wordCount":257,"image":{"@id":"http:\/\/localhost\/poul-schmith-kammeradvokaten-modtager-interforce-skjoldet\/#primaryimage"},"thumbnailUrl":"https:\/\/www.interforce.dk\/app\/uploads\/2024\/01\/PS-IF-scaled.jpg","keywords":["Tag:Hovedstaden"],"articleSection":["Nyheder om InterForce"],"inLanguage":"kl-GL"},{"@type":"WebPage","@id":"http:\/\/localhost\/poul-schmith-kammeradvokaten-modtager-interforce-skjoldet\/","url":"http:\/\/localhost\/poul-schmith-kammeradvokaten-modtager-interforce-skjoldet\/","name":"Poul Schmith \/ Kammeradvokaten modtager InterForce-skjoldet - InterForce","isPartOf":{"@id":"https:\/\/www.interforce.dk\/#website"},"primaryImageOfPage":{"@id":"http:\/\/localhost\/poul-schmith-kammeradvokaten-modtager-interforce-skjoldet\/#primaryimage"},"image":{"@id":"http:\/\/localhost\/poul-schmith-kammeradvokaten-modtager-interforce-skjoldet\/#primaryimage"},"thumbnailUrl":"https:\/\/www.interforce.dk\/app\/uploads\/2024\/01\/PS-IF-scaled.jpg","datePublished":"2024-01-24T11:30:00+00:00","author":{"@id":"https:\/\/www.interforce.dk\/#\/schema\/person\/93de0ad27fec55a2f38d2195162834c7"},"description":"InterForce-ambassad\u00f8r Lars Kunov overrakte InterForce-skjoldet til Poul Schmidt\/Kammeradvokaten for deres st\u00f8tte til InterForce.","breadcrumb":{"@id":"http:\/\/localhost\/poul-schmith-kammeradvokaten-modtager-interforce-skjoldet\/#breadcrumb"},"inLanguage":"kl-GL","potentialAction":[{"@type":"ReadAction","target":["http:\/\/localhost\/poul-schmith-kammeradvokaten-modtager-interforce-skjoldet\/"]}]},{"@type":"ImageObject","inLanguage":"kl-GL","@id":"http:\/\/localhost\/poul-schmith-kammeradvokaten-modtager-interforce-skjoldet\/#primaryimage","url":"https:\/\/www.interforce.dk\/app\/uploads\/2024\/01\/PS-IF-scaled.jpg","contentUrl":"https:\/\/www.interforce.dk\/app\/uploads\/2024\/01\/PS-IF-scaled.jpg","width":2560,"height":1862},{"@type":"BreadcrumbList","@id":"http:\/\/localhost\/poul-schmith-kammeradvokaten-modtager-interforce-skjoldet\/#breadcrumb","itemListElement":[{"@type":"ListItem","position":1,"name":"Hjem","item":"https:\/\/www.interforce.dk\/"},{"@type":"ListItem","position":2,"name":"Poul Schmith \/ Kammeradvokaten modtager InterForce-skjoldet"}]},{"@type":"WebSite","@id":"https:\/\/www.interforce.dk\/#website","url":"https:\/\/www.interforce.dk\/","name":"InterForce","description":"","potentialAction":[{"@type":"SearchAction","target":{"@type":"EntryPoint","urlTemplate":"https:\/\/www.interforce.dk\/?s={search_term_string}"},"query-input":{"@type":"PropertyValueSpecification","valueRequired":true,"valueName":"search_term_string"}}],"inLanguage":"kl-GL"},{"@type":"Person","@id":"https:\/\/www.interforce.dk\/#\/schema\/person\/93de0ad27fec55a2f38d2195162834c7","name":"Anton Rask Hauge Steffensen","image":{"@type":"ImageObject","inLanguage":"kl-GL","@id":"https:\/\/secure.gravatar.com\/avatar\/8e4247cfae5f9f3cbd0c18740bdc45f335fc586e35e954f20e626e45d46e568d?s=96&d=mm&r=g","url":"https:\/\/secure.gravatar.com\/avatar\/8e4247cfae5f9f3cbd0c18740bdc45f335fc586e35e954f20e626e45d46e568d?s=96&d=mm&r=g","contentUrl":"https:\/\/secure.gravatar.com\/avatar\/8e4247cfae5f9f3cbd0c18740bdc45f335fc586e35e954f20e626e45d46e568d?s=96&d=mm&r=g","caption":"Anton Rask Hauge Steffensen"},"url":"https:\/\/www.interforce.dk\/kl\/author\/anton\/"}]}},"_links":{"self":[{"href":"https:\/\/www.interforce.dk\/kl\/wp-json\/wp\/v2\/posts\/15236","targetHints":{"allow":["GET"]}}],"collection":[{"href":"https:\/\/www.interforce.dk\/kl\/wp-json\/wp\/v2\/posts"}],"about":[{"href":"https:\/\/www.interforce.dk\/kl\/wp-json\/wp\/v2\/types\/post"}],"author":[{"embeddable":true,"href":"https:\/\/www.interforce.dk\/kl\/wp-json\/wp\/v2\/users\/122"}],"replies":[{"embeddable":true,"href":"https:\/\/www.interforce.dk\/kl\/wp-json\/wp\/v2\/comments?post=15236"}],"version-history":[{"count":3,"href":"https:\/\/www.interforce.dk\/kl\/wp-json\/wp\/v2\/posts\/15236\/revisions"}],"predecessor-version":[{"id":15241,"href":"https:\/\/www.interforce.dk\/kl\/wp-json\/wp\/v2\/posts\/15236\/revisions\/15241"}],"wp:featuredmedia":[{"embeddable":true,"href":"https:\/\/www.interforce.dk\/kl\/wp-json\/wp\/v2\/media\/15237"}],"wp:attachment":[{"href":"https:\/\/www.interforce.dk\/kl\/wp-json\/wp\/v2\/media?parent=15236"}],"wp:term":[{"taxonomy":"category","embeddable":true,"href":"https:\/\/www.interforce.dk\/kl\/wp-json\/wp\/v2\/categories?post=15236"},{"taxonomy":"post_tag","embeddable":true,"href":"https:\/\/www.interforce.dk\/kl\/wp-json\/wp\/v2\/tags?post=15236"}],"curies":[{"name":"wp","href":"https:\/\/api.w.org\/{rel}","templated":true}]}}