{"id":15230,"date":"2024-01-22T09:46:13","date_gmt":"2024-01-22T09:46:13","guid":{"rendered":"https:\/\/www.interforce.dk\/?p=15230"},"modified":"2024-01-22T09:46:13","modified_gmt":"2024-01-22T09:46:13","slug":"anadeon-aps-overrakt-interforce-skjoldet","status":"publish","type":"post","link":"https:\/\/www.interforce.dk\/kl\/anadeon-aps-overrakt-interforce-skjoldet\/","title":{"rendered":"Anadeon ApS overrakt InterForce-skjoldet"},"content":{"rendered":"<div class=\"block core-block core-block--paragraph\">\n      <div class=\"inner inner--small\">\n      \n<p>Stadig flere virksomheder melder sig under fanerne i InterForce, og senest har Managing Director i Anadeon ApS, Martin Overgaard Jensen, f\u00e5et overrakt InterForce-skjoldet af Oberstl\u00f8jtnant af Reserven og InterForce-ambassad\u00f8r, Jens J\u00f8rgen Hansen.<\/p>\n\n      <\/div>\n  <\/div>\n<div class=\"block core-block core-block--image\">\n      <div class=\"inner inner--small\">\n      \n<figure class=\"wp-block-image size-large\"><img loading=\"lazy\" decoding=\"async\" width=\"887\" height=\"1024\" src=\"https:\/\/www.interforce.dk\/app\/uploads\/2024\/01\/Tilpasset-887x1024.jpg\" alt=\"\" class=\"wp-image-15231\" srcset=\"https:\/\/www.interforce.dk\/app\/uploads\/2024\/01\/Tilpasset-887x1024.jpg 887w, https:\/\/www.interforce.dk\/app\/uploads\/2024\/01\/Tilpasset-260x300.jpg 260w, https:\/\/www.interforce.dk\/app\/uploads\/2024\/01\/Tilpasset-768x887.jpg 768w, https:\/\/www.interforce.dk\/app\/uploads\/2024\/01\/Tilpasset-1330x1536.jpg 1330w, https:\/\/www.interforce.dk\/app\/uploads\/2024\/01\/Tilpasset-1773x2048.jpg 1773w, https:\/\/www.interforce.dk\/app\/uploads\/2024\/01\/Tilpasset-10x12.jpg 10w, https:\/\/www.interforce.dk\/app\/uploads\/2024\/01\/Tilpasset.jpg 1955w\" sizes=\"auto, (max-width: 887px) 100vw, 887px\" \/><figcaption class=\"wp-element-caption\"><em>Managing Director i Anadeon ApS, Martin Overgaard Jensen, modtager InterForce-skjoldet<\/em>.<\/figcaption><\/figure>\n\n      <\/div>\n  <\/div>\n<div class=\"block core-block core-block--paragraph\">\n      <div class=\"inner inner--small\">\n      \n<p>Anadeon udvikler ledere og specialister indenfor probleml\u00f8sning, strategisk planl\u00e6gning, progressiv ledelse, projektledelse og kommunikation. Det sker igennem programmer, som kombinerer tr\u00e6ning, coaching og r\u00e5dgivning og giver lederne og specialisterne de rette principper, metoder og v\u00e6rkt\u00f8jer til at tr\u00e6ffe bedre beslutninger, kommunikere tydeligere, og i sidste ende opn\u00e5 bedre resultater. Anadeons tilgang er baseret p\u00e5 kendte, afpr\u00f8vede metoder som faktisk virker i praksis. De fokuserer p\u00e5 at levere den h\u00f8jest mulige kvalitet i programmerne og faciliteringen og p\u00e5 at efterleve de st\u00e6rkeste professionelle v\u00e6rdier og principper. Blandt Anadeons kunder er ca. halvdelen af de danske C25 virksomheder og en r\u00e6kke centrale statslige myndigheder. Se mere p\u00e5\u00a0<a href=\"http:\/\/www.anadeon.com\/\" target=\"_blank\" rel=\"noreferrer noopener\">www.anadeon.com<\/a>.<\/p>\n\n      <\/div>\n  <\/div>\n<div class=\"block core-block core-block--paragraph\">\n      <div class=\"inner inner--small\">\n      \n<p>Anadeon er stiftet af Martin Overgaard Jensen, og kimen til Anadeon kan spores helt tilbage til Martins fortid i H\u00e6ren. \u201dDer er helt klart en sammenh\u00e6ng mellem de professionelle v\u00e6rdier og den ledelses- og beslutningserfaring jeg opbyggede i H\u00e6ren, og hvad jeg i dag giver videre til andre gennem Anadeon,\u201d siger Martin. \u201dDerfor er det ogs\u00e5 helt naturligt at Anadeon skal indg\u00e5 i InterForce-samarbejdet. Det handler om at give tilbage til Forsvaret og samfundet. Og det handler om at give fuld st\u00f8tte til Forsvaret og Beredskabet i en tid hvor vi igen bliver mindet om, at alt i vores samfund \u2013 f\u00f8rst som sidst \u2013 er afh\u00e6ngigt af vores ydre og indre sikkerhed.\u201d<\/p>\n\n      <\/div>\n  <\/div>\n<div class=\"block core-block core-block--paragraph\">\n      <div class=\"inner inner--small\">\n      \n<p>Oberstl\u00f8jtnant af Reserven Jens J\u00f8rgen Hansen har som InterForce-ambassad\u00f8r personligt etableret kontakten mellem Anadeon og InterForce. Han lagde ved overr\u00e6kkelsen af InterForce-skjoldet op til yderligere samarbejde mellem InterForce, Forsvaret og Anadeon, som parterne nu ser frem til.<\/p>\n\n      <\/div>\n  <\/div>\n<div class=\"block core-block core-block--paragraph\">\n      <div class=\"inner inner--small\">\n      \n<p>Tak for st\u00f8tten!<\/p>\n\n      <\/div>\n  <\/div>\n<div class=\"block core-block core-block--paragraph\">\n      <div class=\"inner inner--small\">\n      \n<p>L\u00e6s ogs\u00e5: <a href=\"https:\/\/www.interforce.dk\/kl\/kimbrer-lines-aps-haedret-med-interforce-skjoldet\/\">Kimbrer Lines ApS h\u00e6dret med InterForce-skjoldet<\/a><\/p>\n\n      <\/div>\n  <\/div>","protected":false},"excerpt":{"rendered":"Managing Director i Anadeon ApS, Martin Overgaard Jensen, f\u00e5r overrakt InterFor...","protected":false},"author":122,"featured_media":15231,"comment_status":"closed","ping_status":"closed","sticky":false,"template":"","format":"standard","meta":{"_acf_changed":false,"footnotes":""},"categories":[12],"tags":[55],"class_list":["post-15230","post","type-post","status-publish","format-standard","has-post-thumbnail","hentry","category-nyt-om-if","tag-tag-hovedstaden"],"acf":[],"yoast_head":"<!-- This site is optimized with the Yoast SEO plugin v27.3 - https:\/\/yoast.com\/product\/yoast-seo-wordpress\/ -->\n<title>Anadeon ApS overrakt InterForce-skjoldet - InterForce<\/title>\n<meta name=\"description\" content=\"Managing Director i Anadeon ApS, Martin Overgaard Jensen, f\u00e5r overrakt InterForce-skjoldet af InterForce-ambassad\u00f8r, Jens J\u00f8rgen Hansen.\" \/>\n<meta name=\"robots\" content=\"index, follow, max-snippet:-1, max-image-preview:large, max-video-preview:-1\" \/>\n<link rel=\"canonical\" href=\"https:\/\/www.interforce.dk\/kl\/anadeon-aps-overrakt-interforce-skjoldet\/\" \/>\n<meta property=\"og:locale\" content=\"en_US\" \/>\n<meta property=\"og:type\" content=\"article\" \/>\n<meta property=\"og:title\" content=\"Anadeon ApS overrakt InterForce-skjoldet - InterForce\" \/>\n<meta property=\"og:description\" content=\"Managing Director i Anadeon ApS, Martin Overgaard Jensen, f\u00e5r overrakt InterForce-skjoldet af InterForce-ambassad\u00f8r, Jens J\u00f8rgen Hansen.\" \/>\n<meta property=\"og:url\" content=\"https:\/\/www.interforce.dk\/kl\/anadeon-aps-overrakt-interforce-skjoldet\/\" \/>\n<meta property=\"og:site_name\" content=\"InterForce\" \/>\n<meta property=\"article:published_time\" content=\"2024-01-22T09:46:13+00:00\" \/>\n<meta property=\"og:image\" content=\"https:\/\/www.interforce.dk\/app\/uploads\/2024\/01\/Tilpasset.jpg\" \/>\n\t<meta property=\"og:image:width\" content=\"1955\" \/>\n\t<meta property=\"og:image:height\" content=\"2258\" \/>\n\t<meta property=\"og:image:type\" content=\"image\/jpeg\" \/>\n<meta name=\"author\" content=\"Anton Rask Hauge Steffensen\" \/>\n<meta name=\"twitter:card\" content=\"summary_large_image\" \/>\n<meta name=\"twitter:label1\" content=\"Written by\" \/>\n\t<meta name=\"twitter:data1\" content=\"Anton Rask Hauge Steffensen\" \/>\n\t<meta name=\"twitter:label2\" content=\"Est. reading time\" \/>\n\t<meta name=\"twitter:data2\" content=\"2 minutes\" \/>\n<script type=\"application\/ld+json\" class=\"yoast-schema-graph\">{\"@context\":\"https:\\\/\\\/schema.org\",\"@graph\":[{\"@type\":\"Article\",\"@id\":\"https:\\\/\\\/www.interforce.dk\\\/anadeon-aps-overrakt-interforce-skjoldet\\\/#article\",\"isPartOf\":{\"@id\":\"https:\\\/\\\/www.interforce.dk\\\/anadeon-aps-overrakt-interforce-skjoldet\\\/\"},\"author\":{\"name\":\"Anton Rask Hauge Steffensen\",\"@id\":\"https:\\\/\\\/www.interforce.dk\\\/#\\\/schema\\\/person\\\/93de0ad27fec55a2f38d2195162834c7\"},\"headline\":\"Anadeon ApS overrakt InterForce-skjoldet\",\"datePublished\":\"2024-01-22T09:46:13+00:00\",\"mainEntityOfPage\":{\"@id\":\"https:\\\/\\\/www.interforce.dk\\\/anadeon-aps-overrakt-interforce-skjoldet\\\/\"},\"wordCount\":343,\"image\":{\"@id\":\"https:\\\/\\\/www.interforce.dk\\\/anadeon-aps-overrakt-interforce-skjoldet\\\/#primaryimage\"},\"thumbnailUrl\":\"https:\\\/\\\/www.interforce.dk\\\/app\\\/uploads\\\/2024\\\/01\\\/Tilpasset.jpg\",\"keywords\":[\"Tag:Hovedstaden\"],\"articleSection\":[\"Nyheder om InterForce\"],\"inLanguage\":\"kl-GL\"},{\"@type\":\"WebPage\",\"@id\":\"https:\\\/\\\/www.interforce.dk\\\/anadeon-aps-overrakt-interforce-skjoldet\\\/\",\"url\":\"https:\\\/\\\/www.interforce.dk\\\/anadeon-aps-overrakt-interforce-skjoldet\\\/\",\"name\":\"Anadeon ApS overrakt InterForce-skjoldet - InterForce\",\"isPartOf\":{\"@id\":\"https:\\\/\\\/www.interforce.dk\\\/#website\"},\"primaryImageOfPage\":{\"@id\":\"https:\\\/\\\/www.interforce.dk\\\/anadeon-aps-overrakt-interforce-skjoldet\\\/#primaryimage\"},\"image\":{\"@id\":\"https:\\\/\\\/www.interforce.dk\\\/anadeon-aps-overrakt-interforce-skjoldet\\\/#primaryimage\"},\"thumbnailUrl\":\"https:\\\/\\\/www.interforce.dk\\\/app\\\/uploads\\\/2024\\\/01\\\/Tilpasset.jpg\",\"datePublished\":\"2024-01-22T09:46:13+00:00\",\"author\":{\"@id\":\"https:\\\/\\\/www.interforce.dk\\\/#\\\/schema\\\/person\\\/93de0ad27fec55a2f38d2195162834c7\"},\"description\":\"Managing Director i Anadeon ApS, Martin Overgaard Jensen, f\u00e5r overrakt InterForce-skjoldet af InterForce-ambassad\u00f8r, Jens J\u00f8rgen Hansen.\",\"breadcrumb\":{\"@id\":\"https:\\\/\\\/www.interforce.dk\\\/anadeon-aps-overrakt-interforce-skjoldet\\\/#breadcrumb\"},\"inLanguage\":\"kl-GL\",\"potentialAction\":[{\"@type\":\"ReadAction\",\"target\":[\"https:\\\/\\\/www.interforce.dk\\\/anadeon-aps-overrakt-interforce-skjoldet\\\/\"]}]},{\"@type\":\"ImageObject\",\"inLanguage\":\"kl-GL\",\"@id\":\"https:\\\/\\\/www.interforce.dk\\\/anadeon-aps-overrakt-interforce-skjoldet\\\/#primaryimage\",\"url\":\"https:\\\/\\\/www.interforce.dk\\\/app\\\/uploads\\\/2024\\\/01\\\/Tilpasset.jpg\",\"contentUrl\":\"https:\\\/\\\/www.interforce.dk\\\/app\\\/uploads\\\/2024\\\/01\\\/Tilpasset.jpg\",\"width\":1955,\"height\":2258},{\"@type\":\"BreadcrumbList\",\"@id\":\"https:\\\/\\\/www.interforce.dk\\\/anadeon-aps-overrakt-interforce-skjoldet\\\/#breadcrumb\",\"itemListElement\":[{\"@type\":\"ListItem\",\"position\":1,\"name\":\"Hjem\",\"item\":\"https:\\\/\\\/www.interforce.dk\\\/\"},{\"@type\":\"ListItem\",\"position\":2,\"name\":\"Anadeon ApS overrakt InterForce-skjoldet\"}]},{\"@type\":\"WebSite\",\"@id\":\"https:\\\/\\\/www.interforce.dk\\\/#website\",\"url\":\"https:\\\/\\\/www.interforce.dk\\\/\",\"name\":\"InterForce\",\"description\":\"\",\"potentialAction\":[{\"@type\":\"SearchAction\",\"target\":{\"@type\":\"EntryPoint\",\"urlTemplate\":\"https:\\\/\\\/www.interforce.dk\\\/?s={search_term_string}\"},\"query-input\":{\"@type\":\"PropertyValueSpecification\",\"valueRequired\":true,\"valueName\":\"search_term_string\"}}],\"inLanguage\":\"kl-GL\"},{\"@type\":\"Person\",\"@id\":\"https:\\\/\\\/www.interforce.dk\\\/#\\\/schema\\\/person\\\/93de0ad27fec55a2f38d2195162834c7\",\"name\":\"Anton Rask Hauge Steffensen\",\"image\":{\"@type\":\"ImageObject\",\"inLanguage\":\"kl-GL\",\"@id\":\"https:\\\/\\\/secure.gravatar.com\\\/avatar\\\/8e4247cfae5f9f3cbd0c18740bdc45f335fc586e35e954f20e626e45d46e568d?s=96&d=mm&r=g\",\"url\":\"https:\\\/\\\/secure.gravatar.com\\\/avatar\\\/8e4247cfae5f9f3cbd0c18740bdc45f335fc586e35e954f20e626e45d46e568d?s=96&d=mm&r=g\",\"contentUrl\":\"https:\\\/\\\/secure.gravatar.com\\\/avatar\\\/8e4247cfae5f9f3cbd0c18740bdc45f335fc586e35e954f20e626e45d46e568d?s=96&d=mm&r=g\",\"caption\":\"Anton Rask Hauge Steffensen\"},\"url\":\"https:\\\/\\\/www.interforce.dk\\\/kl\\\/author\\\/anton\\\/\"}]}<\/script>\n<!-- \/ Yoast SEO plugin. -->","yoast_head_json":{"title":"Anadeon ApS overrakt InterForce-skjoldet - InterForce","description":"Managing Director i Anadeon ApS, Martin Overgaard Jensen, f\u00e5r overrakt InterForce-skjoldet af InterForce-ambassad\u00f8r, Jens J\u00f8rgen Hansen.","robots":{"index":"index","follow":"follow","max-snippet":"max-snippet:-1","max-image-preview":"max-image-preview:large","max-video-preview":"max-video-preview:-1"},"canonical":"https:\/\/www.interforce.dk\/kl\/anadeon-aps-overrakt-interforce-skjoldet\/","og_locale":"en_US","og_type":"article","og_title":"Anadeon ApS overrakt InterForce-skjoldet - InterForce","og_description":"Managing Director i Anadeon ApS, Martin Overgaard Jensen, f\u00e5r overrakt InterForce-skjoldet af InterForce-ambassad\u00f8r, Jens J\u00f8rgen Hansen.","og_url":"https:\/\/www.interforce.dk\/kl\/anadeon-aps-overrakt-interforce-skjoldet\/","og_site_name":"InterForce","article_published_time":"2024-01-22T09:46:13+00:00","og_image":[{"width":1955,"height":2258,"url":"https:\/\/www.interforce.dk\/app\/uploads\/2024\/01\/Tilpasset.jpg","type":"image\/jpeg"}],"author":"Anton Rask Hauge Steffensen","twitter_card":"summary_large_image","twitter_misc":{"Written by":"Anton Rask Hauge Steffensen","Est. reading time":"2 minutes"},"schema":{"@context":"https:\/\/schema.org","@graph":[{"@type":"Article","@id":"https:\/\/www.interforce.dk\/anadeon-aps-overrakt-interforce-skjoldet\/#article","isPartOf":{"@id":"https:\/\/www.interforce.dk\/anadeon-aps-overrakt-interforce-skjoldet\/"},"author":{"name":"Anton Rask Hauge Steffensen","@id":"https:\/\/www.interforce.dk\/#\/schema\/person\/93de0ad27fec55a2f38d2195162834c7"},"headline":"Anadeon ApS overrakt InterForce-skjoldet","datePublished":"2024-01-22T09:46:13+00:00","mainEntityOfPage":{"@id":"https:\/\/www.interforce.dk\/anadeon-aps-overrakt-interforce-skjoldet\/"},"wordCount":343,"image":{"@id":"https:\/\/www.interforce.dk\/anadeon-aps-overrakt-interforce-skjoldet\/#primaryimage"},"thumbnailUrl":"https:\/\/www.interforce.dk\/app\/uploads\/2024\/01\/Tilpasset.jpg","keywords":["Tag:Hovedstaden"],"articleSection":["Nyheder om InterForce"],"inLanguage":"kl-GL"},{"@type":"WebPage","@id":"https:\/\/www.interforce.dk\/anadeon-aps-overrakt-interforce-skjoldet\/","url":"https:\/\/www.interforce.dk\/anadeon-aps-overrakt-interforce-skjoldet\/","name":"Anadeon ApS overrakt InterForce-skjoldet - InterForce","isPartOf":{"@id":"https:\/\/www.interforce.dk\/#website"},"primaryImageOfPage":{"@id":"https:\/\/www.interforce.dk\/anadeon-aps-overrakt-interforce-skjoldet\/#primaryimage"},"image":{"@id":"https:\/\/www.interforce.dk\/anadeon-aps-overrakt-interforce-skjoldet\/#primaryimage"},"thumbnailUrl":"https:\/\/www.interforce.dk\/app\/uploads\/2024\/01\/Tilpasset.jpg","datePublished":"2024-01-22T09:46:13+00:00","author":{"@id":"https:\/\/www.interforce.dk\/#\/schema\/person\/93de0ad27fec55a2f38d2195162834c7"},"description":"Managing Director i Anadeon ApS, Martin Overgaard Jensen, f\u00e5r overrakt InterForce-skjoldet af InterForce-ambassad\u00f8r, Jens J\u00f8rgen Hansen.","breadcrumb":{"@id":"https:\/\/www.interforce.dk\/anadeon-aps-overrakt-interforce-skjoldet\/#breadcrumb"},"inLanguage":"kl-GL","potentialAction":[{"@type":"ReadAction","target":["https:\/\/www.interforce.dk\/anadeon-aps-overrakt-interforce-skjoldet\/"]}]},{"@type":"ImageObject","inLanguage":"kl-GL","@id":"https:\/\/www.interforce.dk\/anadeon-aps-overrakt-interforce-skjoldet\/#primaryimage","url":"https:\/\/www.interforce.dk\/app\/uploads\/2024\/01\/Tilpasset.jpg","contentUrl":"https:\/\/www.interforce.dk\/app\/uploads\/2024\/01\/Tilpasset.jpg","width":1955,"height":2258},{"@type":"BreadcrumbList","@id":"https:\/\/www.interforce.dk\/anadeon-aps-overrakt-interforce-skjoldet\/#breadcrumb","itemListElement":[{"@type":"ListItem","position":1,"name":"Hjem","item":"https:\/\/www.interforce.dk\/"},{"@type":"ListItem","position":2,"name":"Anadeon ApS overrakt InterForce-skjoldet"}]},{"@type":"WebSite","@id":"https:\/\/www.interforce.dk\/#website","url":"https:\/\/www.interforce.dk\/","name":"InterForce","description":"","potentialAction":[{"@type":"SearchAction","target":{"@type":"EntryPoint","urlTemplate":"https:\/\/www.interforce.dk\/?s={search_term_string}"},"query-input":{"@type":"PropertyValueSpecification","valueRequired":true,"valueName":"search_term_string"}}],"inLanguage":"kl-GL"},{"@type":"Person","@id":"https:\/\/www.interforce.dk\/#\/schema\/person\/93de0ad27fec55a2f38d2195162834c7","name":"Anton Rask Hauge Steffensen","image":{"@type":"ImageObject","inLanguage":"kl-GL","@id":"https:\/\/secure.gravatar.com\/avatar\/8e4247cfae5f9f3cbd0c18740bdc45f335fc586e35e954f20e626e45d46e568d?s=96&d=mm&r=g","url":"https:\/\/secure.gravatar.com\/avatar\/8e4247cfae5f9f3cbd0c18740bdc45f335fc586e35e954f20e626e45d46e568d?s=96&d=mm&r=g","contentUrl":"https:\/\/secure.gravatar.com\/avatar\/8e4247cfae5f9f3cbd0c18740bdc45f335fc586e35e954f20e626e45d46e568d?s=96&d=mm&r=g","caption":"Anton Rask Hauge Steffensen"},"url":"https:\/\/www.interforce.dk\/kl\/author\/anton\/"}]}},"_links":{"self":[{"href":"https:\/\/www.interforce.dk\/kl\/wp-json\/wp\/v2\/posts\/15230","targetHints":{"allow":["GET"]}}],"collection":[{"href":"https:\/\/www.interforce.dk\/kl\/wp-json\/wp\/v2\/posts"}],"about":[{"href":"https:\/\/www.interforce.dk\/kl\/wp-json\/wp\/v2\/types\/post"}],"author":[{"embeddable":true,"href":"https:\/\/www.interforce.dk\/kl\/wp-json\/wp\/v2\/users\/122"}],"replies":[{"embeddable":true,"href":"https:\/\/www.interforce.dk\/kl\/wp-json\/wp\/v2\/comments?post=15230"}],"version-history":[{"count":1,"href":"https:\/\/www.interforce.dk\/kl\/wp-json\/wp\/v2\/posts\/15230\/revisions"}],"predecessor-version":[{"id":15232,"href":"https:\/\/www.interforce.dk\/kl\/wp-json\/wp\/v2\/posts\/15230\/revisions\/15232"}],"wp:featuredmedia":[{"embeddable":true,"href":"https:\/\/www.interforce.dk\/kl\/wp-json\/wp\/v2\/media\/15231"}],"wp:attachment":[{"href":"https:\/\/www.interforce.dk\/kl\/wp-json\/wp\/v2\/media?parent=15230"}],"wp:term":[{"taxonomy":"category","embeddable":true,"href":"https:\/\/www.interforce.dk\/kl\/wp-json\/wp\/v2\/categories?post=15230"},{"taxonomy":"post_tag","embeddable":true,"href":"https:\/\/www.interforce.dk\/kl\/wp-json\/wp\/v2\/tags?post=15230"}],"curies":[{"name":"wp","href":"https:\/\/api.w.org\/{rel}","templated":true}]}}