{"id":15146,"date":"2023-12-02T11:30:00","date_gmt":"2023-12-02T11:30:00","guid":{"rendered":"https:\/\/www.interforce.dk\/?p=15146"},"modified":"2023-11-28T11:15:15","modified_gmt":"2023-11-28T11:15:15","slug":"soevaernets-tambourkorps-modtager-interforces-haedersskjold","status":"publish","type":"post","link":"https:\/\/www.interforce.dk\/kl\/soevaernets-tambourkorps-modtager-interforces-haedersskjold\/","title":{"rendered":"S\u00f8v\u00e6rnets Tambourkorps modtager InterForces H\u00e6dersskjold"},"content":{"rendered":"<div class=\"block core-block core-block--paragraph\">\n      <div class=\"inner inner--small\">\n      \n<p>S\u00f8v\u00e6rnets Tambourkorps modtager InterForce H\u00e6dersskjold for deres deltagelse i de \u00e5rlige st\u00e6rekassearrangementer i InterForce Region Hovedstaden.<\/p>\n\n      <\/div>\n  <\/div>\n<div class=\"block core-block core-block--image\">\n      <div class=\"inner inner--small\">\n      \n<figure class=\"wp-block-image size-large\"><img loading=\"lazy\" decoding=\"async\" width=\"1024\" height=\"768\" src=\"https:\/\/www.interforce.dk\/app\/uploads\/2023\/11\/IMG_0226-1024x768.jpeg\" alt=\"\" class=\"wp-image-15147\" srcset=\"https:\/\/www.interforce.dk\/app\/uploads\/2023\/11\/IMG_0226-1024x768.jpeg 1024w, https:\/\/www.interforce.dk\/app\/uploads\/2023\/11\/IMG_0226-300x225.jpeg 300w, https:\/\/www.interforce.dk\/app\/uploads\/2023\/11\/IMG_0226-768x576.jpeg 768w, https:\/\/www.interforce.dk\/app\/uploads\/2023\/11\/IMG_0226-1536x1152.jpeg 1536w, https:\/\/www.interforce.dk\/app\/uploads\/2023\/11\/IMG_0226-2048x1536.jpeg 2048w, https:\/\/www.interforce.dk\/app\/uploads\/2023\/11\/IMG_0226-16x12.jpeg 16w\" sizes=\"auto, (max-width: 1024px) 100vw, 1024px\" \/><figcaption class=\"wp-element-caption\"><em>Oberst Peer Sander Rouff overr\u00e6kker InterForces H\u00e6dersskjold til S\u00f8v\u00e6rnets Tambourkorps.<\/em><\/figcaption><\/figure>\n\n      <\/div>\n  <\/div>\n<div class=\"block core-block core-block--paragraph\">\n      <div class=\"inner inner--small\">\n      \n<p>InterForce Region Hovedstaden har annonceret, at de indstiller S\u00f8v\u00e6rnets Tambourkorps til at modtage InterForces h\u00e6dersskjold. Denne anerkendelse kommer som en bel\u00f8nning for det enest\u00e5ende bidrag, som musikkorpset har ydet i l\u00f8bet af de sidste ca. 10 \u00e5r ved at optr\u00e6de forud for InterForce Region Hovedstadens \u00e5rlige st\u00e6rekassearrangementer.<\/p>\n\n      <\/div>\n  <\/div>\n<div class=\"block core-block core-block--paragraph\">\n      <div class=\"inner inner--small\">\n      \n<p>Begrundelsen for anerkendelsen er det imponerende musikalske talent, som S\u00f8v\u00e6rnets Tambourkorps har demonstreret ved hvert arrangement. Deres melodiske pr\u00e6stationer har ikke kun gl\u00e6det de fremm\u00f8dte g\u00e6ster, men har ogs\u00e5 form\u00e5et at skabe en s\u00e6rlig stemning for alle borgere, der har valgt at stoppe op og lytte til deres velind\u00f8vede musik.<\/p>\n\n      <\/div>\n  <\/div>\n<div class=\"block core-block core-block--paragraph\">\n      <div class=\"inner inner--small\">\n      \n<p>Det fremg\u00e5r klart, at medlemmerne af S\u00f8v\u00e6rnets Tambourkorps har investeret tid og dedikation i at forberede deres musik, og dette afspejles tydeligt under deres optr\u00e6den. Deres professionalisme og dedikation har gjort dem til fremragende ambassad\u00f8rer for Forsvaret, og de har v\u00e6ret med til at g\u00f8re st\u00e6rekassearrangementerne til noget helt s\u00e6rligt for b\u00e5de arrang\u00f8rer og deltagere.<\/p>\n\n      <\/div>\n  <\/div>\n<div class=\"block core-block core-block--paragraph\">\n      <div class=\"inner inner--small\">\n      \n<p>InterForce Region Hovedstaden \u00f8nsker at takke S\u00f8v\u00e6rnets Tambourkorps for deres betydningsfulde bidrag og for at skabe uforglemmelige \u00f8jeblikke gennem deres musikalske pr\u00e6stationer. Med uddelingen af InterForce h\u00e6dersskjoldet hyldes S\u00f8v\u00e6rnets Tambourkorps officielt som en integral del af succesen bag st\u00e6rekassearrangementerne. <\/p>\n\n      <\/div>\n  <\/div>\n<div class=\"block core-block core-block--paragraph\">\n      <div class=\"inner inner--small\">\n      \n<p>Et stort tillykke til S\u00f8v\u00e6rnets Tambourkorps fra InterForce Region Hovedstaden!<\/p>\n\n      <\/div>\n  <\/div>\n<div class=\"block core-block core-block--paragraph\">\n      <div class=\"inner inner--small\">\n      \n<p>L\u00e6s ogs\u00e5: <a href=\"https:\/\/www.interforce.dk\/kl\/helicopter-wing-karup-modtager-interforce-skjoldet\/\">Helicopter Wing Karup modtager InterForce-skjoldet<\/a><\/p>\n\n      <\/div>\n  <\/div>","protected":false},"excerpt":{"rendered":"S\u00f8v\u00e6rnets Tambourkorps modtager InterForce H\u00e6dersskjold for deres deltagelse ...","protected":false},"author":122,"featured_media":15147,"comment_status":"closed","ping_status":"closed","sticky":false,"template":"","format":"standard","meta":{"_acf_changed":false,"footnotes":""},"categories":[12],"tags":[117],"class_list":["post-15146","post","type-post","status-publish","format-standard","has-post-thumbnail","hentry","category-nyt-om-if","tag-hovedtaden"],"acf":[],"yoast_head":"<!-- This site is optimized with the Yoast SEO plugin v27.3 - https:\/\/yoast.com\/product\/yoast-seo-wordpress\/ -->\n<title>S\u00f8v\u00e6rnets Tambourkorps modtager InterForces H\u00e6dersskjold - InterForce<\/title>\n<meta name=\"description\" content=\"S\u00f8v\u00e6rnets Tambourkorps modtager InterForce H\u00e6dersskjold for deres deltagelse i de \u00e5rlige st\u00e6rekassearrangementer i Region Hovedstaden.\" \/>\n<meta name=\"robots\" content=\"index, follow, max-snippet:-1, max-image-preview:large, max-video-preview:-1\" \/>\n<link rel=\"canonical\" href=\"http:\/\/localhost\/soevaernets-tambourkorps-modtager-interforces-haedersskjold\/\" \/>\n<meta property=\"og:locale\" content=\"en_US\" \/>\n<meta property=\"og:type\" content=\"article\" \/>\n<meta property=\"og:title\" content=\"S\u00f8v\u00e6rnets Tambourkorps modtager InterForces H\u00e6dersskjold - InterForce\" \/>\n<meta property=\"og:description\" content=\"S\u00f8v\u00e6rnets Tambourkorps modtager InterForce H\u00e6dersskjold for deres deltagelse i de \u00e5rlige st\u00e6rekassearrangementer i Region Hovedstaden.\" \/>\n<meta property=\"og:url\" content=\"http:\/\/localhost\/soevaernets-tambourkorps-modtager-interforces-haedersskjold\/\" \/>\n<meta property=\"og:site_name\" content=\"InterForce\" \/>\n<meta property=\"article:published_time\" content=\"2023-12-02T11:30:00+00:00\" \/>\n<meta property=\"og:image\" content=\"http:\/\/localhost\/app\/uploads\/2023\/11\/IMG_0226-scaled.jpeg\" \/>\n\t<meta property=\"og:image:width\" content=\"2560\" \/>\n\t<meta property=\"og:image:height\" content=\"1920\" \/>\n\t<meta property=\"og:image:type\" content=\"image\/jpeg\" \/>\n<meta name=\"author\" content=\"Anton Rask Hauge Steffensen\" \/>\n<meta name=\"twitter:card\" content=\"summary_large_image\" \/>\n<meta name=\"twitter:label1\" content=\"Written by\" \/>\n\t<meta name=\"twitter:data1\" content=\"Anton Rask Hauge Steffensen\" \/>\n\t<meta name=\"twitter:label2\" content=\"Est. reading time\" \/>\n\t<meta name=\"twitter:data2\" content=\"1 minute\" \/>\n<script type=\"application\/ld+json\" class=\"yoast-schema-graph\">{\"@context\":\"https:\\\/\\\/schema.org\",\"@graph\":[{\"@type\":\"Article\",\"@id\":\"http:\\\/\\\/localhost\\\/soevaernets-tambourkorps-modtager-interforces-haedersskjold\\\/#article\",\"isPartOf\":{\"@id\":\"http:\\\/\\\/localhost\\\/soevaernets-tambourkorps-modtager-interforces-haedersskjold\\\/\"},\"author\":{\"name\":\"Anton Rask Hauge Steffensen\",\"@id\":\"https:\\\/\\\/www.interforce.dk\\\/#\\\/schema\\\/person\\\/93de0ad27fec55a2f38d2195162834c7\"},\"headline\":\"S\u00f8v\u00e6rnets Tambourkorps modtager InterForces H\u00e6dersskjold\",\"datePublished\":\"2023-12-02T11:30:00+00:00\",\"mainEntityOfPage\":{\"@id\":\"http:\\\/\\\/localhost\\\/soevaernets-tambourkorps-modtager-interforces-haedersskjold\\\/\"},\"wordCount\":287,\"image\":{\"@id\":\"http:\\\/\\\/localhost\\\/soevaernets-tambourkorps-modtager-interforces-haedersskjold\\\/#primaryimage\"},\"thumbnailUrl\":\"https:\\\/\\\/www.interforce.dk\\\/app\\\/uploads\\\/2023\\\/11\\\/IMG_0226-scaled.jpeg\",\"keywords\":[\"Hovedtaden\"],\"articleSection\":[\"Nyheder om InterForce\"],\"inLanguage\":\"kl-GL\"},{\"@type\":\"WebPage\",\"@id\":\"http:\\\/\\\/localhost\\\/soevaernets-tambourkorps-modtager-interforces-haedersskjold\\\/\",\"url\":\"http:\\\/\\\/localhost\\\/soevaernets-tambourkorps-modtager-interforces-haedersskjold\\\/\",\"name\":\"S\u00f8v\u00e6rnets Tambourkorps modtager InterForces H\u00e6dersskjold - InterForce\",\"isPartOf\":{\"@id\":\"https:\\\/\\\/www.interforce.dk\\\/#website\"},\"primaryImageOfPage\":{\"@id\":\"http:\\\/\\\/localhost\\\/soevaernets-tambourkorps-modtager-interforces-haedersskjold\\\/#primaryimage\"},\"image\":{\"@id\":\"http:\\\/\\\/localhost\\\/soevaernets-tambourkorps-modtager-interforces-haedersskjold\\\/#primaryimage\"},\"thumbnailUrl\":\"https:\\\/\\\/www.interforce.dk\\\/app\\\/uploads\\\/2023\\\/11\\\/IMG_0226-scaled.jpeg\",\"datePublished\":\"2023-12-02T11:30:00+00:00\",\"author\":{\"@id\":\"https:\\\/\\\/www.interforce.dk\\\/#\\\/schema\\\/person\\\/93de0ad27fec55a2f38d2195162834c7\"},\"description\":\"S\u00f8v\u00e6rnets Tambourkorps modtager InterForce H\u00e6dersskjold for deres deltagelse i de \u00e5rlige st\u00e6rekassearrangementer i Region Hovedstaden.\",\"breadcrumb\":{\"@id\":\"http:\\\/\\\/localhost\\\/soevaernets-tambourkorps-modtager-interforces-haedersskjold\\\/#breadcrumb\"},\"inLanguage\":\"kl-GL\",\"potentialAction\":[{\"@type\":\"ReadAction\",\"target\":[\"http:\\\/\\\/localhost\\\/soevaernets-tambourkorps-modtager-interforces-haedersskjold\\\/\"]}]},{\"@type\":\"ImageObject\",\"inLanguage\":\"kl-GL\",\"@id\":\"http:\\\/\\\/localhost\\\/soevaernets-tambourkorps-modtager-interforces-haedersskjold\\\/#primaryimage\",\"url\":\"https:\\\/\\\/www.interforce.dk\\\/app\\\/uploads\\\/2023\\\/11\\\/IMG_0226-scaled.jpeg\",\"contentUrl\":\"https:\\\/\\\/www.interforce.dk\\\/app\\\/uploads\\\/2023\\\/11\\\/IMG_0226-scaled.jpeg\",\"width\":2560,\"height\":1920},{\"@type\":\"BreadcrumbList\",\"@id\":\"http:\\\/\\\/localhost\\\/soevaernets-tambourkorps-modtager-interforces-haedersskjold\\\/#breadcrumb\",\"itemListElement\":[{\"@type\":\"ListItem\",\"position\":1,\"name\":\"Hjem\",\"item\":\"https:\\\/\\\/www.interforce.dk\\\/\"},{\"@type\":\"ListItem\",\"position\":2,\"name\":\"S\u00f8v\u00e6rnets Tambourkorps modtager InterForces H\u00e6dersskjold\"}]},{\"@type\":\"WebSite\",\"@id\":\"https:\\\/\\\/www.interforce.dk\\\/#website\",\"url\":\"https:\\\/\\\/www.interforce.dk\\\/\",\"name\":\"InterForce\",\"description\":\"\",\"potentialAction\":[{\"@type\":\"SearchAction\",\"target\":{\"@type\":\"EntryPoint\",\"urlTemplate\":\"https:\\\/\\\/www.interforce.dk\\\/?s={search_term_string}\"},\"query-input\":{\"@type\":\"PropertyValueSpecification\",\"valueRequired\":true,\"valueName\":\"search_term_string\"}}],\"inLanguage\":\"kl-GL\"},{\"@type\":\"Person\",\"@id\":\"https:\\\/\\\/www.interforce.dk\\\/#\\\/schema\\\/person\\\/93de0ad27fec55a2f38d2195162834c7\",\"name\":\"Anton Rask Hauge Steffensen\",\"image\":{\"@type\":\"ImageObject\",\"inLanguage\":\"kl-GL\",\"@id\":\"https:\\\/\\\/secure.gravatar.com\\\/avatar\\\/8e4247cfae5f9f3cbd0c18740bdc45f335fc586e35e954f20e626e45d46e568d?s=96&d=mm&r=g\",\"url\":\"https:\\\/\\\/secure.gravatar.com\\\/avatar\\\/8e4247cfae5f9f3cbd0c18740bdc45f335fc586e35e954f20e626e45d46e568d?s=96&d=mm&r=g\",\"contentUrl\":\"https:\\\/\\\/secure.gravatar.com\\\/avatar\\\/8e4247cfae5f9f3cbd0c18740bdc45f335fc586e35e954f20e626e45d46e568d?s=96&d=mm&r=g\",\"caption\":\"Anton Rask Hauge Steffensen\"},\"url\":\"https:\\\/\\\/www.interforce.dk\\\/kl\\\/author\\\/anton\\\/\"}]}<\/script>\n<!-- \/ Yoast SEO plugin. -->","yoast_head_json":{"title":"S\u00f8v\u00e6rnets Tambourkorps modtager InterForces H\u00e6dersskjold - InterForce","description":"S\u00f8v\u00e6rnets Tambourkorps modtager InterForce H\u00e6dersskjold for deres deltagelse i de \u00e5rlige st\u00e6rekassearrangementer i Region Hovedstaden.","robots":{"index":"index","follow":"follow","max-snippet":"max-snippet:-1","max-image-preview":"max-image-preview:large","max-video-preview":"max-video-preview:-1"},"canonical":"http:\/\/localhost\/soevaernets-tambourkorps-modtager-interforces-haedersskjold\/","og_locale":"en_US","og_type":"article","og_title":"S\u00f8v\u00e6rnets Tambourkorps modtager InterForces H\u00e6dersskjold - InterForce","og_description":"S\u00f8v\u00e6rnets Tambourkorps modtager InterForce H\u00e6dersskjold for deres deltagelse i de \u00e5rlige st\u00e6rekassearrangementer i Region Hovedstaden.","og_url":"http:\/\/localhost\/soevaernets-tambourkorps-modtager-interforces-haedersskjold\/","og_site_name":"InterForce","article_published_time":"2023-12-02T11:30:00+00:00","og_image":[{"width":2560,"height":1920,"url":"http:\/\/localhost\/app\/uploads\/2023\/11\/IMG_0226-scaled.jpeg","type":"image\/jpeg"}],"author":"Anton Rask Hauge Steffensen","twitter_card":"summary_large_image","twitter_misc":{"Written by":"Anton Rask Hauge Steffensen","Est. reading time":"1 minute"},"schema":{"@context":"https:\/\/schema.org","@graph":[{"@type":"Article","@id":"http:\/\/localhost\/soevaernets-tambourkorps-modtager-interforces-haedersskjold\/#article","isPartOf":{"@id":"http:\/\/localhost\/soevaernets-tambourkorps-modtager-interforces-haedersskjold\/"},"author":{"name":"Anton Rask Hauge Steffensen","@id":"https:\/\/www.interforce.dk\/#\/schema\/person\/93de0ad27fec55a2f38d2195162834c7"},"headline":"S\u00f8v\u00e6rnets Tambourkorps modtager InterForces H\u00e6dersskjold","datePublished":"2023-12-02T11:30:00+00:00","mainEntityOfPage":{"@id":"http:\/\/localhost\/soevaernets-tambourkorps-modtager-interforces-haedersskjold\/"},"wordCount":287,"image":{"@id":"http:\/\/localhost\/soevaernets-tambourkorps-modtager-interforces-haedersskjold\/#primaryimage"},"thumbnailUrl":"https:\/\/www.interforce.dk\/app\/uploads\/2023\/11\/IMG_0226-scaled.jpeg","keywords":["Hovedtaden"],"articleSection":["Nyheder om InterForce"],"inLanguage":"kl-GL"},{"@type":"WebPage","@id":"http:\/\/localhost\/soevaernets-tambourkorps-modtager-interforces-haedersskjold\/","url":"http:\/\/localhost\/soevaernets-tambourkorps-modtager-interforces-haedersskjold\/","name":"S\u00f8v\u00e6rnets Tambourkorps modtager InterForces H\u00e6dersskjold - InterForce","isPartOf":{"@id":"https:\/\/www.interforce.dk\/#website"},"primaryImageOfPage":{"@id":"http:\/\/localhost\/soevaernets-tambourkorps-modtager-interforces-haedersskjold\/#primaryimage"},"image":{"@id":"http:\/\/localhost\/soevaernets-tambourkorps-modtager-interforces-haedersskjold\/#primaryimage"},"thumbnailUrl":"https:\/\/www.interforce.dk\/app\/uploads\/2023\/11\/IMG_0226-scaled.jpeg","datePublished":"2023-12-02T11:30:00+00:00","author":{"@id":"https:\/\/www.interforce.dk\/#\/schema\/person\/93de0ad27fec55a2f38d2195162834c7"},"description":"S\u00f8v\u00e6rnets Tambourkorps modtager InterForce H\u00e6dersskjold for deres deltagelse i de \u00e5rlige st\u00e6rekassearrangementer i Region Hovedstaden.","breadcrumb":{"@id":"http:\/\/localhost\/soevaernets-tambourkorps-modtager-interforces-haedersskjold\/#breadcrumb"},"inLanguage":"kl-GL","potentialAction":[{"@type":"ReadAction","target":["http:\/\/localhost\/soevaernets-tambourkorps-modtager-interforces-haedersskjold\/"]}]},{"@type":"ImageObject","inLanguage":"kl-GL","@id":"http:\/\/localhost\/soevaernets-tambourkorps-modtager-interforces-haedersskjold\/#primaryimage","url":"https:\/\/www.interforce.dk\/app\/uploads\/2023\/11\/IMG_0226-scaled.jpeg","contentUrl":"https:\/\/www.interforce.dk\/app\/uploads\/2023\/11\/IMG_0226-scaled.jpeg","width":2560,"height":1920},{"@type":"BreadcrumbList","@id":"http:\/\/localhost\/soevaernets-tambourkorps-modtager-interforces-haedersskjold\/#breadcrumb","itemListElement":[{"@type":"ListItem","position":1,"name":"Hjem","item":"https:\/\/www.interforce.dk\/"},{"@type":"ListItem","position":2,"name":"S\u00f8v\u00e6rnets Tambourkorps modtager InterForces H\u00e6dersskjold"}]},{"@type":"WebSite","@id":"https:\/\/www.interforce.dk\/#website","url":"https:\/\/www.interforce.dk\/","name":"InterForce","description":"","potentialAction":[{"@type":"SearchAction","target":{"@type":"EntryPoint","urlTemplate":"https:\/\/www.interforce.dk\/?s={search_term_string}"},"query-input":{"@type":"PropertyValueSpecification","valueRequired":true,"valueName":"search_term_string"}}],"inLanguage":"kl-GL"},{"@type":"Person","@id":"https:\/\/www.interforce.dk\/#\/schema\/person\/93de0ad27fec55a2f38d2195162834c7","name":"Anton Rask Hauge Steffensen","image":{"@type":"ImageObject","inLanguage":"kl-GL","@id":"https:\/\/secure.gravatar.com\/avatar\/8e4247cfae5f9f3cbd0c18740bdc45f335fc586e35e954f20e626e45d46e568d?s=96&d=mm&r=g","url":"https:\/\/secure.gravatar.com\/avatar\/8e4247cfae5f9f3cbd0c18740bdc45f335fc586e35e954f20e626e45d46e568d?s=96&d=mm&r=g","contentUrl":"https:\/\/secure.gravatar.com\/avatar\/8e4247cfae5f9f3cbd0c18740bdc45f335fc586e35e954f20e626e45d46e568d?s=96&d=mm&r=g","caption":"Anton Rask Hauge Steffensen"},"url":"https:\/\/www.interforce.dk\/kl\/author\/anton\/"}]}},"_links":{"self":[{"href":"https:\/\/www.interforce.dk\/kl\/wp-json\/wp\/v2\/posts\/15146","targetHints":{"allow":["GET"]}}],"collection":[{"href":"https:\/\/www.interforce.dk\/kl\/wp-json\/wp\/v2\/posts"}],"about":[{"href":"https:\/\/www.interforce.dk\/kl\/wp-json\/wp\/v2\/types\/post"}],"author":[{"embeddable":true,"href":"https:\/\/www.interforce.dk\/kl\/wp-json\/wp\/v2\/users\/122"}],"replies":[{"embeddable":true,"href":"https:\/\/www.interforce.dk\/kl\/wp-json\/wp\/v2\/comments?post=15146"}],"version-history":[{"count":2,"href":"https:\/\/www.interforce.dk\/kl\/wp-json\/wp\/v2\/posts\/15146\/revisions"}],"predecessor-version":[{"id":15149,"href":"https:\/\/www.interforce.dk\/kl\/wp-json\/wp\/v2\/posts\/15146\/revisions\/15149"}],"wp:featuredmedia":[{"embeddable":true,"href":"https:\/\/www.interforce.dk\/kl\/wp-json\/wp\/v2\/media\/15147"}],"wp:attachment":[{"href":"https:\/\/www.interforce.dk\/kl\/wp-json\/wp\/v2\/media?parent=15146"}],"wp:term":[{"taxonomy":"category","embeddable":true,"href":"https:\/\/www.interforce.dk\/kl\/wp-json\/wp\/v2\/categories?post=15146"},{"taxonomy":"post_tag","embeddable":true,"href":"https:\/\/www.interforce.dk\/kl\/wp-json\/wp\/v2\/tags?post=15146"}],"curies":[{"name":"wp","href":"https:\/\/api.w.org\/{rel}","templated":true}]}}