{"id":15109,"date":"2023-11-26T11:30:00","date_gmt":"2023-11-26T11:30:00","guid":{"rendered":"https:\/\/www.interforce.dk\/?p=15109"},"modified":"2023-11-23T09:11:35","modified_gmt":"2023-11-23T09:11:35","slug":"helicopter-wing-karup-modtager-interforce-skjoldet","status":"publish","type":"post","link":"https:\/\/www.interforce.dk\/kl\/helicopter-wing-karup-modtager-interforce-skjoldet\/","title":{"rendered":"Helicopter Wing Karup modtager InterForce-skjoldet"},"content":{"rendered":"<div class=\"block core-block core-block--paragraph\">\n      <div class=\"inner inner--small\">\n      \n<p>Helicopter Wing Karup fik overrakt InterForce-skjoldet for deres st\u00f8tte til InterForce som medlemsvirksomhed.<\/p>\n\n      <\/div>\n  <\/div>\n<div class=\"block core-block core-block--image\">\n      <div class=\"inner inner--small\">\n      \n<figure class=\"wp-block-image size-large\"><img loading=\"lazy\" decoding=\"async\" width=\"768\" height=\"1024\" src=\"https:\/\/www.interforce.dk\/app\/uploads\/2023\/11\/43A0ED2B-826D-4700-BEB0-E1BB3E388E0B-768x1024.jpg\" alt=\"\" class=\"wp-image-15115\" srcset=\"https:\/\/www.interforce.dk\/app\/uploads\/2023\/11\/43A0ED2B-826D-4700-BEB0-E1BB3E388E0B-768x1024.jpg 768w, https:\/\/www.interforce.dk\/app\/uploads\/2023\/11\/43A0ED2B-826D-4700-BEB0-E1BB3E388E0B-225x300.jpg 225w, https:\/\/www.interforce.dk\/app\/uploads\/2023\/11\/43A0ED2B-826D-4700-BEB0-E1BB3E388E0B-1152x1536.jpg 1152w, https:\/\/www.interforce.dk\/app\/uploads\/2023\/11\/43A0ED2B-826D-4700-BEB0-E1BB3E388E0B-1536x2048.jpg 1536w, https:\/\/www.interforce.dk\/app\/uploads\/2023\/11\/43A0ED2B-826D-4700-BEB0-E1BB3E388E0B-9x12.jpg 9w, https:\/\/www.interforce.dk\/app\/uploads\/2023\/11\/43A0ED2B-826D-4700-BEB0-E1BB3E388E0B-scaled.jpg 1920w\" sizes=\"auto, (max-width: 768px) 100vw, 768px\" \/><figcaption class=\"wp-element-caption\"><em>Kaptajn af Reserven Claus Winther overr\u00e6kker InterForce-skjoldet til chef for Helicopter Wing Karup Oberst Hans Kristian Skovmose.<\/em><\/figcaption><\/figure>\n\n      <\/div>\n  <\/div>\n<div class=\"block core-block core-block--paragraph\">\n      <div class=\"inner inner--small\">\n      \n<p>Fredag den 10. november fik den nyligt tiltr\u00e5dte chef for Helicopter Wing Karup, Oberst Hans Kristian Skovmose, overrakt InterForce-skjoldet som tak for den st\u00f8tte Helicopter Wing Karup yder som InterForce medlemsvirksomhed. InterForce arbejde for at styrke relationerne mellem Forsvaret og civilsamfundet omfatter ogs\u00e5, at kendskabet til InterForce udbredes internt i Forsvaret. Derfor er vi ogs\u00e5 stolte af at kunne overr\u00e6kke InterForce-skjoldet til Helicopter Wing Karup.<\/p>\n\n      <\/div>\n  <\/div>\n<div class=\"block core-block core-block--paragraph\">\n      <div class=\"inner inner--small\">\n      \n<p>P\u00e5 m\u00f8det dr\u00f8ftede chefen for Helicopter Wing Karup og InterForce ambassad\u00f8r KN-R Claus Winther Jensen blandt andet de udfordringer som b\u00e5de Forsvaret og det civile erhvervsliv har med hensyn til rekruttering. I denne sammenh\u00e6ng s\u00e6tter Hans Kristian Skovmose is\u00e6r pris p\u00e5 InterForces indsats for at frig\u00f8re personel af Reserven og Hjemmev\u00e6rnets frivillige til tjeneste i Forsvaret. Helicopter Wing Karup og Flyvev\u00e5benet i det hele taget er tit afh\u00e6ngig af hj\u00e6lp fra Hjemmev\u00e6rnet til deltagelse i \u00f8velser og bevogtningsopgaver. Ligesom personel af Reserven er en uvurderlig del af den samlede styrke, fordi vi er sammen om Danmarks sikkerhed.<\/p>\n\n      <\/div>\n  <\/div>\n<div class=\"block core-block core-block--paragraph\">\n      <div class=\"inner inner--small\">\n      \n<p>Tak for st\u00f8tten!<\/p>\n\n      <\/div>\n  <\/div>\n<div class=\"block core-block core-block--paragraph\">\n      <div class=\"inner inner--small\">\n      \n<p>L\u00e6s ogs\u00e5: <a href=\"https:\/\/www.interforce.dk\/kl\/?p=15097\">NIMA A\/S modtager InterForce-skjoldet<\/a><\/p>\n\n      <\/div>\n  <\/div>","protected":false},"excerpt":{"rendered":"Helicopter Wing Karuo fik overrakt InterForce-skjoldet for deres st\u00f8tte til Int...","protected":false},"author":122,"featured_media":15115,"comment_status":"closed","ping_status":"closed","sticky":false,"template":"","format":"standard","meta":{"_acf_changed":false,"footnotes":""},"categories":[12],"tags":[52],"class_list":["post-15109","post","type-post","status-publish","format-standard","has-post-thumbnail","hentry","category-nyt-om-if","tag-tag-midtjylland"],"acf":[],"yoast_head":"<!-- This site is optimized with the Yoast SEO plugin v27.3 - https:\/\/yoast.com\/product\/yoast-seo-wordpress\/ -->\n<title>Helicopter Wing Karup modtager InterForce-skjoldet - InterForce<\/title>\n<meta name=\"description\" content=\"Helicopter Wing Karuo fik overrakt InterForce-skjoldet for deres st\u00f8tte til InterForce som medlemsvirksomhed.\" \/>\n<meta name=\"robots\" content=\"index, follow, max-snippet:-1, max-image-preview:large, max-video-preview:-1\" \/>\n<link rel=\"canonical\" href=\"http:\/\/localhost\/helicopter-wing-karup-modtager-interforce-skjoldet\/\" \/>\n<meta property=\"og:locale\" content=\"en_US\" \/>\n<meta property=\"og:type\" content=\"article\" \/>\n<meta property=\"og:title\" content=\"Helicopter Wing Karup modtager InterForce-skjoldet - InterForce\" \/>\n<meta property=\"og:description\" content=\"Helicopter Wing Karuo fik overrakt InterForce-skjoldet for deres st\u00f8tte til InterForce som medlemsvirksomhed.\" \/>\n<meta property=\"og:url\" content=\"http:\/\/localhost\/helicopter-wing-karup-modtager-interforce-skjoldet\/\" \/>\n<meta property=\"og:site_name\" content=\"InterForce\" \/>\n<meta property=\"article:published_time\" content=\"2023-11-26T11:30:00+00:00\" \/>\n<meta property=\"og:image\" content=\"http:\/\/localhost\/app\/uploads\/2023\/11\/43A0ED2B-826D-4700-BEB0-E1BB3E388E0B-scaled.jpg\" \/>\n\t<meta property=\"og:image:width\" content=\"1920\" \/>\n\t<meta property=\"og:image:height\" content=\"2560\" \/>\n\t<meta property=\"og:image:type\" content=\"image\/jpeg\" \/>\n<meta name=\"author\" content=\"Anton Rask Hauge Steffensen\" \/>\n<meta name=\"twitter:card\" content=\"summary_large_image\" \/>\n<meta name=\"twitter:label1\" content=\"Written by\" \/>\n\t<meta name=\"twitter:data1\" content=\"Anton Rask Hauge Steffensen\" \/>\n\t<meta name=\"twitter:label2\" content=\"Est. reading time\" \/>\n\t<meta name=\"twitter:data2\" content=\"1 minute\" \/>\n<script type=\"application\/ld+json\" class=\"yoast-schema-graph\">{\"@context\":\"https:\\\/\\\/schema.org\",\"@graph\":[{\"@type\":\"Article\",\"@id\":\"http:\\\/\\\/localhost\\\/helicopter-wing-karup-modtager-interforce-skjoldet\\\/#article\",\"isPartOf\":{\"@id\":\"http:\\\/\\\/localhost\\\/helicopter-wing-karup-modtager-interforce-skjoldet\\\/\"},\"author\":{\"name\":\"Anton Rask Hauge Steffensen\",\"@id\":\"https:\\\/\\\/www.interforce.dk\\\/#\\\/schema\\\/person\\\/93de0ad27fec55a2f38d2195162834c7\"},\"headline\":\"Helicopter Wing Karup modtager InterForce-skjoldet\",\"datePublished\":\"2023-11-26T11:30:00+00:00\",\"mainEntityOfPage\":{\"@id\":\"http:\\\/\\\/localhost\\\/helicopter-wing-karup-modtager-interforce-skjoldet\\\/\"},\"wordCount\":226,\"image\":{\"@id\":\"http:\\\/\\\/localhost\\\/helicopter-wing-karup-modtager-interforce-skjoldet\\\/#primaryimage\"},\"thumbnailUrl\":\"https:\\\/\\\/www.interforce.dk\\\/app\\\/uploads\\\/2023\\\/11\\\/43A0ED2B-826D-4700-BEB0-E1BB3E388E0B-scaled.jpg\",\"keywords\":[\"Tag:Midtjylland\"],\"articleSection\":[\"Nyheder om InterForce\"],\"inLanguage\":\"kl-GL\"},{\"@type\":\"WebPage\",\"@id\":\"http:\\\/\\\/localhost\\\/helicopter-wing-karup-modtager-interforce-skjoldet\\\/\",\"url\":\"http:\\\/\\\/localhost\\\/helicopter-wing-karup-modtager-interforce-skjoldet\\\/\",\"name\":\"Helicopter Wing Karup modtager InterForce-skjoldet - InterForce\",\"isPartOf\":{\"@id\":\"https:\\\/\\\/www.interforce.dk\\\/#website\"},\"primaryImageOfPage\":{\"@id\":\"http:\\\/\\\/localhost\\\/helicopter-wing-karup-modtager-interforce-skjoldet\\\/#primaryimage\"},\"image\":{\"@id\":\"http:\\\/\\\/localhost\\\/helicopter-wing-karup-modtager-interforce-skjoldet\\\/#primaryimage\"},\"thumbnailUrl\":\"https:\\\/\\\/www.interforce.dk\\\/app\\\/uploads\\\/2023\\\/11\\\/43A0ED2B-826D-4700-BEB0-E1BB3E388E0B-scaled.jpg\",\"datePublished\":\"2023-11-26T11:30:00+00:00\",\"author\":{\"@id\":\"https:\\\/\\\/www.interforce.dk\\\/#\\\/schema\\\/person\\\/93de0ad27fec55a2f38d2195162834c7\"},\"description\":\"Helicopter Wing Karuo fik overrakt InterForce-skjoldet for deres st\u00f8tte til InterForce som medlemsvirksomhed.\",\"breadcrumb\":{\"@id\":\"http:\\\/\\\/localhost\\\/helicopter-wing-karup-modtager-interforce-skjoldet\\\/#breadcrumb\"},\"inLanguage\":\"kl-GL\",\"potentialAction\":[{\"@type\":\"ReadAction\",\"target\":[\"http:\\\/\\\/localhost\\\/helicopter-wing-karup-modtager-interforce-skjoldet\\\/\"]}]},{\"@type\":\"ImageObject\",\"inLanguage\":\"kl-GL\",\"@id\":\"http:\\\/\\\/localhost\\\/helicopter-wing-karup-modtager-interforce-skjoldet\\\/#primaryimage\",\"url\":\"https:\\\/\\\/www.interforce.dk\\\/app\\\/uploads\\\/2023\\\/11\\\/43A0ED2B-826D-4700-BEB0-E1BB3E388E0B-scaled.jpg\",\"contentUrl\":\"https:\\\/\\\/www.interforce.dk\\\/app\\\/uploads\\\/2023\\\/11\\\/43A0ED2B-826D-4700-BEB0-E1BB3E388E0B-scaled.jpg\",\"width\":1920,\"height\":2560},{\"@type\":\"BreadcrumbList\",\"@id\":\"http:\\\/\\\/localhost\\\/helicopter-wing-karup-modtager-interforce-skjoldet\\\/#breadcrumb\",\"itemListElement\":[{\"@type\":\"ListItem\",\"position\":1,\"name\":\"Hjem\",\"item\":\"https:\\\/\\\/www.interforce.dk\\\/\"},{\"@type\":\"ListItem\",\"position\":2,\"name\":\"Helicopter Wing Karup modtager InterForce-skjoldet\"}]},{\"@type\":\"WebSite\",\"@id\":\"https:\\\/\\\/www.interforce.dk\\\/#website\",\"url\":\"https:\\\/\\\/www.interforce.dk\\\/\",\"name\":\"InterForce\",\"description\":\"\",\"potentialAction\":[{\"@type\":\"SearchAction\",\"target\":{\"@type\":\"EntryPoint\",\"urlTemplate\":\"https:\\\/\\\/www.interforce.dk\\\/?s={search_term_string}\"},\"query-input\":{\"@type\":\"PropertyValueSpecification\",\"valueRequired\":true,\"valueName\":\"search_term_string\"}}],\"inLanguage\":\"kl-GL\"},{\"@type\":\"Person\",\"@id\":\"https:\\\/\\\/www.interforce.dk\\\/#\\\/schema\\\/person\\\/93de0ad27fec55a2f38d2195162834c7\",\"name\":\"Anton Rask Hauge Steffensen\",\"image\":{\"@type\":\"ImageObject\",\"inLanguage\":\"kl-GL\",\"@id\":\"https:\\\/\\\/secure.gravatar.com\\\/avatar\\\/8e4247cfae5f9f3cbd0c18740bdc45f335fc586e35e954f20e626e45d46e568d?s=96&d=mm&r=g\",\"url\":\"https:\\\/\\\/secure.gravatar.com\\\/avatar\\\/8e4247cfae5f9f3cbd0c18740bdc45f335fc586e35e954f20e626e45d46e568d?s=96&d=mm&r=g\",\"contentUrl\":\"https:\\\/\\\/secure.gravatar.com\\\/avatar\\\/8e4247cfae5f9f3cbd0c18740bdc45f335fc586e35e954f20e626e45d46e568d?s=96&d=mm&r=g\",\"caption\":\"Anton Rask Hauge Steffensen\"},\"url\":\"https:\\\/\\\/www.interforce.dk\\\/kl\\\/author\\\/anton\\\/\"}]}<\/script>\n<!-- \/ Yoast SEO plugin. -->","yoast_head_json":{"title":"Helicopter Wing Karup modtager InterForce-skjoldet - InterForce","description":"Helicopter Wing Karuo fik overrakt InterForce-skjoldet for deres st\u00f8tte til InterForce som medlemsvirksomhed.","robots":{"index":"index","follow":"follow","max-snippet":"max-snippet:-1","max-image-preview":"max-image-preview:large","max-video-preview":"max-video-preview:-1"},"canonical":"http:\/\/localhost\/helicopter-wing-karup-modtager-interforce-skjoldet\/","og_locale":"en_US","og_type":"article","og_title":"Helicopter Wing Karup modtager InterForce-skjoldet - InterForce","og_description":"Helicopter Wing Karuo fik overrakt InterForce-skjoldet for deres st\u00f8tte til InterForce som medlemsvirksomhed.","og_url":"http:\/\/localhost\/helicopter-wing-karup-modtager-interforce-skjoldet\/","og_site_name":"InterForce","article_published_time":"2023-11-26T11:30:00+00:00","og_image":[{"width":1920,"height":2560,"url":"http:\/\/localhost\/app\/uploads\/2023\/11\/43A0ED2B-826D-4700-BEB0-E1BB3E388E0B-scaled.jpg","type":"image\/jpeg"}],"author":"Anton Rask Hauge Steffensen","twitter_card":"summary_large_image","twitter_misc":{"Written by":"Anton Rask Hauge Steffensen","Est. reading time":"1 minute"},"schema":{"@context":"https:\/\/schema.org","@graph":[{"@type":"Article","@id":"http:\/\/localhost\/helicopter-wing-karup-modtager-interforce-skjoldet\/#article","isPartOf":{"@id":"http:\/\/localhost\/helicopter-wing-karup-modtager-interforce-skjoldet\/"},"author":{"name":"Anton Rask Hauge Steffensen","@id":"https:\/\/www.interforce.dk\/#\/schema\/person\/93de0ad27fec55a2f38d2195162834c7"},"headline":"Helicopter Wing Karup modtager InterForce-skjoldet","datePublished":"2023-11-26T11:30:00+00:00","mainEntityOfPage":{"@id":"http:\/\/localhost\/helicopter-wing-karup-modtager-interforce-skjoldet\/"},"wordCount":226,"image":{"@id":"http:\/\/localhost\/helicopter-wing-karup-modtager-interforce-skjoldet\/#primaryimage"},"thumbnailUrl":"https:\/\/www.interforce.dk\/app\/uploads\/2023\/11\/43A0ED2B-826D-4700-BEB0-E1BB3E388E0B-scaled.jpg","keywords":["Tag:Midtjylland"],"articleSection":["Nyheder om InterForce"],"inLanguage":"kl-GL"},{"@type":"WebPage","@id":"http:\/\/localhost\/helicopter-wing-karup-modtager-interforce-skjoldet\/","url":"http:\/\/localhost\/helicopter-wing-karup-modtager-interforce-skjoldet\/","name":"Helicopter Wing Karup modtager InterForce-skjoldet - InterForce","isPartOf":{"@id":"https:\/\/www.interforce.dk\/#website"},"primaryImageOfPage":{"@id":"http:\/\/localhost\/helicopter-wing-karup-modtager-interforce-skjoldet\/#primaryimage"},"image":{"@id":"http:\/\/localhost\/helicopter-wing-karup-modtager-interforce-skjoldet\/#primaryimage"},"thumbnailUrl":"https:\/\/www.interforce.dk\/app\/uploads\/2023\/11\/43A0ED2B-826D-4700-BEB0-E1BB3E388E0B-scaled.jpg","datePublished":"2023-11-26T11:30:00+00:00","author":{"@id":"https:\/\/www.interforce.dk\/#\/schema\/person\/93de0ad27fec55a2f38d2195162834c7"},"description":"Helicopter Wing Karuo fik overrakt InterForce-skjoldet for deres st\u00f8tte til InterForce som medlemsvirksomhed.","breadcrumb":{"@id":"http:\/\/localhost\/helicopter-wing-karup-modtager-interforce-skjoldet\/#breadcrumb"},"inLanguage":"kl-GL","potentialAction":[{"@type":"ReadAction","target":["http:\/\/localhost\/helicopter-wing-karup-modtager-interforce-skjoldet\/"]}]},{"@type":"ImageObject","inLanguage":"kl-GL","@id":"http:\/\/localhost\/helicopter-wing-karup-modtager-interforce-skjoldet\/#primaryimage","url":"https:\/\/www.interforce.dk\/app\/uploads\/2023\/11\/43A0ED2B-826D-4700-BEB0-E1BB3E388E0B-scaled.jpg","contentUrl":"https:\/\/www.interforce.dk\/app\/uploads\/2023\/11\/43A0ED2B-826D-4700-BEB0-E1BB3E388E0B-scaled.jpg","width":1920,"height":2560},{"@type":"BreadcrumbList","@id":"http:\/\/localhost\/helicopter-wing-karup-modtager-interforce-skjoldet\/#breadcrumb","itemListElement":[{"@type":"ListItem","position":1,"name":"Hjem","item":"https:\/\/www.interforce.dk\/"},{"@type":"ListItem","position":2,"name":"Helicopter Wing Karup modtager InterForce-skjoldet"}]},{"@type":"WebSite","@id":"https:\/\/www.interforce.dk\/#website","url":"https:\/\/www.interforce.dk\/","name":"InterForce","description":"","potentialAction":[{"@type":"SearchAction","target":{"@type":"EntryPoint","urlTemplate":"https:\/\/www.interforce.dk\/?s={search_term_string}"},"query-input":{"@type":"PropertyValueSpecification","valueRequired":true,"valueName":"search_term_string"}}],"inLanguage":"kl-GL"},{"@type":"Person","@id":"https:\/\/www.interforce.dk\/#\/schema\/person\/93de0ad27fec55a2f38d2195162834c7","name":"Anton Rask Hauge Steffensen","image":{"@type":"ImageObject","inLanguage":"kl-GL","@id":"https:\/\/secure.gravatar.com\/avatar\/8e4247cfae5f9f3cbd0c18740bdc45f335fc586e35e954f20e626e45d46e568d?s=96&d=mm&r=g","url":"https:\/\/secure.gravatar.com\/avatar\/8e4247cfae5f9f3cbd0c18740bdc45f335fc586e35e954f20e626e45d46e568d?s=96&d=mm&r=g","contentUrl":"https:\/\/secure.gravatar.com\/avatar\/8e4247cfae5f9f3cbd0c18740bdc45f335fc586e35e954f20e626e45d46e568d?s=96&d=mm&r=g","caption":"Anton Rask Hauge Steffensen"},"url":"https:\/\/www.interforce.dk\/kl\/author\/anton\/"}]}},"_links":{"self":[{"href":"https:\/\/www.interforce.dk\/kl\/wp-json\/wp\/v2\/posts\/15109","targetHints":{"allow":["GET"]}}],"collection":[{"href":"https:\/\/www.interforce.dk\/kl\/wp-json\/wp\/v2\/posts"}],"about":[{"href":"https:\/\/www.interforce.dk\/kl\/wp-json\/wp\/v2\/types\/post"}],"author":[{"embeddable":true,"href":"https:\/\/www.interforce.dk\/kl\/wp-json\/wp\/v2\/users\/122"}],"replies":[{"embeddable":true,"href":"https:\/\/www.interforce.dk\/kl\/wp-json\/wp\/v2\/comments?post=15109"}],"version-history":[{"count":7,"href":"https:\/\/www.interforce.dk\/kl\/wp-json\/wp\/v2\/posts\/15109\/revisions"}],"predecessor-version":[{"id":15121,"href":"https:\/\/www.interforce.dk\/kl\/wp-json\/wp\/v2\/posts\/15109\/revisions\/15121"}],"wp:featuredmedia":[{"embeddable":true,"href":"https:\/\/www.interforce.dk\/kl\/wp-json\/wp\/v2\/media\/15115"}],"wp:attachment":[{"href":"https:\/\/www.interforce.dk\/kl\/wp-json\/wp\/v2\/media?parent=15109"}],"wp:term":[{"taxonomy":"category","embeddable":true,"href":"https:\/\/www.interforce.dk\/kl\/wp-json\/wp\/v2\/categories?post=15109"},{"taxonomy":"post_tag","embeddable":true,"href":"https:\/\/www.interforce.dk\/kl\/wp-json\/wp\/v2\/tags?post=15109"}],"curies":[{"name":"wp","href":"https:\/\/api.w.org\/{rel}","templated":true}]}}