{"id":15046,"date":"2023-10-28T10:30:00","date_gmt":"2023-10-28T10:30:00","guid":{"rendered":"https:\/\/www.interforce.dk\/?p=15046"},"modified":"2023-10-27T08:11:29","modified_gmt":"2023-10-27T08:11:29","slug":"odgers-berndtson-modtager-interforce-skjoldet","status":"publish","type":"post","link":"https:\/\/www.interforce.dk\/kl\/odgers-berndtson-modtager-interforce-skjoldet\/","title":{"rendered":"Odgers Berndtson modtager InterForce-skjoldet"},"content":{"rendered":"<div class=\"block core-block core-block--paragraph\">\n      <div class=\"inner inner--small\">\n      \n<p>Virksomheden <a href=\"https:\/\/www.odgersberndtson.com\/da-dk\/\">Odgers Berndtson<\/a> fik for nyligt overrakt InterForce-skjoldet af InterForce-ambassad\u00f8r Gunnar van der Leeden for deres st\u00f8tte til dansk forsvar og beredskab.<\/p>\n\n      <\/div>\n  <\/div>\n<div class=\"block core-block core-block--image\">\n      <div class=\"inner inner--small\">\n      \n<figure class=\"wp-block-image size-large\"><img loading=\"lazy\" decoding=\"async\" width=\"768\" height=\"1024\" src=\"https:\/\/www.interforce.dk\/app\/uploads\/2023\/10\/IF-Skjolduddeling-Odgers-Berndtson-768x1024.jpg\" alt=\"\" class=\"wp-image-15047\" srcset=\"https:\/\/www.interforce.dk\/app\/uploads\/2023\/10\/IF-Skjolduddeling-Odgers-Berndtson-768x1024.jpg 768w, https:\/\/www.interforce.dk\/app\/uploads\/2023\/10\/IF-Skjolduddeling-Odgers-Berndtson-225x300.jpg 225w, https:\/\/www.interforce.dk\/app\/uploads\/2023\/10\/IF-Skjolduddeling-Odgers-Berndtson-1152x1536.jpg 1152w, https:\/\/www.interforce.dk\/app\/uploads\/2023\/10\/IF-Skjolduddeling-Odgers-Berndtson-1536x2048.jpg 1536w, https:\/\/www.interforce.dk\/app\/uploads\/2023\/10\/IF-Skjolduddeling-Odgers-Berndtson-9x12.jpg 9w, https:\/\/www.interforce.dk\/app\/uploads\/2023\/10\/IF-Skjolduddeling-Odgers-Berndtson-scaled.jpg 1920w\" sizes=\"auto, (max-width: 768px) 100vw, 768px\" \/><figcaption class=\"wp-element-caption\"><em>InterForce-ambassad\u00f8r Gunnar van der Leeden overr\u00e6kker InterForce-skjoldet til bestyrelsesformand og partner i Odgers Berndtson Troels Gjerrild.<\/em><\/figcaption><\/figure>\n\n      <\/div>\n  <\/div>\n<div class=\"block core-block core-block--paragraph\">\n      <div class=\"inner inner--small\">\n      \n<p>I mere end 50 \u00e5r har Odgers Berndtson hjulpet nogle af verdens st\u00f8rste og bedste organisationer med at finde det ledende talent, der kr\u00e6ves for f\u00e5 succes. Odgers Berndtson tilbyder executive search, assessment og udvikling til virksomheder. Dette g\u00f8r de i Danmark og internationalt gennem deres mere end 60 kontorer world-wide.<\/p>\n\n      <\/div>\n  <\/div>\n<div class=\"block core-block core-block--paragraph\">\n      <div class=\"inner inner--small\">\n      \n<p>Organisationer i alle st\u00f8rrelser og inden for alle sektorer er afh\u00e6ngige af talentfulde mennesker og ledere til at opn\u00e5 fremgang. Odgers Berndtsons styrke ligger i de relationer, de opbygger for at im\u00f8dekomme dette behov. De skaber st\u00e6rke b\u00e5nd til de mest talentfulde mennesker, til dem, der s\u00f8ger talenterne og globalt mellem deres egne afdelinger for at matche de f\u00f8rstn\u00e6vnte relationer. Det er p\u00e5 grund af deres dybe, non-transaktionelle og vedvarende partnerskab, at deres klienter kan skaffe, udvikle og bevare de st\u00e6rkeste ledere<\/p>\n\n      <\/div>\n  <\/div>\n<div class=\"block core-block core-block--paragraph\">\n      <div class=\"inner inner--small\">\n      \n<p>\u201dOdgers Berndtson er meget stolte af samarbejdet med Interforce, der som os har stort fokus p\u00e5 ledelse og lederudvikling. <a href=\"https:\/\/www.forsvaret.dk\/da\/\">Forsvaret<\/a> har altid v\u00e6ret en stor inspirator indenfor ledelsesdisciplinen b\u00e5de for erhvervslivet og ikke mindst for os i i Odgers Berndtson,&#8221; udtaler Troels Gjerrild, der i \u00f8vrigt er tidligere linjeofficer i\u00a0H\u00e6ren.<\/p>\n\n      <\/div>\n  <\/div>\n<div class=\"block core-block core-block--paragraph\">\n      <div class=\"inner inner--small\">\n      \n<p>Troels Gjerrild tilf\u00f8jer, at &#8220;Vi m\u00f8der mange kandidater, som har en fortid i Forsvaret, og som bruger mange af de v\u00e6rkt\u00f8jer, som de har tilegnet sig der. Grundl\u00e6ggeren af Odgers Berndtson i Danmark og tre af vores nuv\u00e6rende partnere har alle en fortid i Forsvaret, hvilket har medf\u00f8rt, at vi som forretning arbejder v\u00e6rdidrevet og\u00a0situationsbestemt. Ikke ulig Forsvaret t\u00e6nker vi kreativt og langsigtet og er samtidig fleksible og parate til at agere i dag&#8221;.<\/p>\n\n      <\/div>\n  <\/div>\n<div class=\"block core-block core-block--paragraph\">\n      <div class=\"inner inner--small\">\n      \n<p>Tak for jeres st\u00f8tte!<\/p>\n\n      <\/div>\n  <\/div>\n<div class=\"block core-block core-block--paragraph\">\n      <div class=\"inner inner--small\">\n      \n<p>L\u00e6s ogs\u00e5: <a href=\"https:\/\/www.interforce.dk\/kl\/kmd-stoetter-op-om-interforce\/\">KMD st\u00f8tter op om InterForce<\/a><\/p>\n\n      <\/div>\n  <\/div>","protected":false},"excerpt":{"rendered":"Odgers Berndtson fik overrakt InterForce-skjoldet af for deres store st\u00f8tte til...","protected":false},"author":122,"featured_media":15047,"comment_status":"closed","ping_status":"closed","sticky":false,"template":"","format":"standard","meta":{"_acf_changed":false,"footnotes":""},"categories":[12],"tags":[97],"class_list":["post-15046","post","type-post","status-publish","format-standard","has-post-thumbnail","hentry","category-nyt-om-if","tag-interforce"],"acf":[],"yoast_head":"<!-- This site is optimized with the Yoast SEO plugin v27.3 - https:\/\/yoast.com\/product\/yoast-seo-wordpress\/ -->\n<title>Odgers Berndtson modtager InterForce-skjoldet - InterForce<\/title>\n<meta name=\"description\" content=\"Odgers Berndtson fik overrakt InterForce-skjoldet af for deres store st\u00f8tte til dansk forsvar og beredskab.\" \/>\n<meta name=\"robots\" content=\"index, follow, max-snippet:-1, max-image-preview:large, max-video-preview:-1\" \/>\n<link rel=\"canonical\" href=\"http:\/\/localhost\/odgers-berndtson-modtager-interforce-skjoldet\/\" \/>\n<meta property=\"og:locale\" content=\"en_US\" \/>\n<meta property=\"og:type\" content=\"article\" \/>\n<meta property=\"og:title\" content=\"Odgers Berndtson modtager InterForce-skjoldet - InterForce\" \/>\n<meta property=\"og:description\" content=\"Odgers Berndtson fik overrakt InterForce-skjoldet af for deres store st\u00f8tte til dansk forsvar og beredskab.\" \/>\n<meta property=\"og:url\" content=\"http:\/\/localhost\/odgers-berndtson-modtager-interforce-skjoldet\/\" \/>\n<meta property=\"og:site_name\" content=\"InterForce\" \/>\n<meta property=\"article:published_time\" content=\"2023-10-28T10:30:00+00:00\" \/>\n<meta property=\"og:image\" content=\"http:\/\/localhost\/app\/uploads\/2023\/10\/IF-Skjolduddeling-Odgers-Berndtson-scaled.jpg\" \/>\n\t<meta property=\"og:image:width\" content=\"1920\" \/>\n\t<meta property=\"og:image:height\" content=\"2560\" \/>\n\t<meta property=\"og:image:type\" content=\"image\/jpeg\" \/>\n<meta name=\"author\" content=\"Anton Rask Hauge Steffensen\" \/>\n<meta name=\"twitter:card\" content=\"summary_large_image\" \/>\n<meta name=\"twitter:label1\" content=\"Written by\" \/>\n\t<meta name=\"twitter:data1\" content=\"Anton Rask Hauge Steffensen\" \/>\n\t<meta name=\"twitter:label2\" content=\"Est. reading time\" \/>\n\t<meta name=\"twitter:data2\" content=\"2 minutes\" \/>\n<script type=\"application\/ld+json\" class=\"yoast-schema-graph\">{\"@context\":\"https:\\\/\\\/schema.org\",\"@graph\":[{\"@type\":\"Article\",\"@id\":\"http:\\\/\\\/localhost\\\/odgers-berndtson-modtager-interforce-skjoldet\\\/#article\",\"isPartOf\":{\"@id\":\"http:\\\/\\\/localhost\\\/odgers-berndtson-modtager-interforce-skjoldet\\\/\"},\"author\":{\"name\":\"Anton Rask Hauge Steffensen\",\"@id\":\"https:\\\/\\\/www.interforce.dk\\\/#\\\/schema\\\/person\\\/93de0ad27fec55a2f38d2195162834c7\"},\"headline\":\"Odgers Berndtson modtager InterForce-skjoldet\",\"datePublished\":\"2023-10-28T10:30:00+00:00\",\"mainEntityOfPage\":{\"@id\":\"http:\\\/\\\/localhost\\\/odgers-berndtson-modtager-interforce-skjoldet\\\/\"},\"wordCount\":341,\"image\":{\"@id\":\"http:\\\/\\\/localhost\\\/odgers-berndtson-modtager-interforce-skjoldet\\\/#primaryimage\"},\"thumbnailUrl\":\"https:\\\/\\\/www.interforce.dk\\\/app\\\/uploads\\\/2023\\\/10\\\/IF-Skjolduddeling-Odgers-Berndtson-scaled.jpg\",\"keywords\":[\"InterForce\"],\"articleSection\":[\"Nyheder om InterForce\"],\"inLanguage\":\"kl-GL\"},{\"@type\":\"WebPage\",\"@id\":\"http:\\\/\\\/localhost\\\/odgers-berndtson-modtager-interforce-skjoldet\\\/\",\"url\":\"http:\\\/\\\/localhost\\\/odgers-berndtson-modtager-interforce-skjoldet\\\/\",\"name\":\"Odgers Berndtson modtager InterForce-skjoldet - InterForce\",\"isPartOf\":{\"@id\":\"https:\\\/\\\/www.interforce.dk\\\/#website\"},\"primaryImageOfPage\":{\"@id\":\"http:\\\/\\\/localhost\\\/odgers-berndtson-modtager-interforce-skjoldet\\\/#primaryimage\"},\"image\":{\"@id\":\"http:\\\/\\\/localhost\\\/odgers-berndtson-modtager-interforce-skjoldet\\\/#primaryimage\"},\"thumbnailUrl\":\"https:\\\/\\\/www.interforce.dk\\\/app\\\/uploads\\\/2023\\\/10\\\/IF-Skjolduddeling-Odgers-Berndtson-scaled.jpg\",\"datePublished\":\"2023-10-28T10:30:00+00:00\",\"author\":{\"@id\":\"https:\\\/\\\/www.interforce.dk\\\/#\\\/schema\\\/person\\\/93de0ad27fec55a2f38d2195162834c7\"},\"description\":\"Odgers Berndtson fik overrakt InterForce-skjoldet af for deres store st\u00f8tte til dansk forsvar og beredskab.\",\"breadcrumb\":{\"@id\":\"http:\\\/\\\/localhost\\\/odgers-berndtson-modtager-interforce-skjoldet\\\/#breadcrumb\"},\"inLanguage\":\"kl-GL\",\"potentialAction\":[{\"@type\":\"ReadAction\",\"target\":[\"http:\\\/\\\/localhost\\\/odgers-berndtson-modtager-interforce-skjoldet\\\/\"]}]},{\"@type\":\"ImageObject\",\"inLanguage\":\"kl-GL\",\"@id\":\"http:\\\/\\\/localhost\\\/odgers-berndtson-modtager-interforce-skjoldet\\\/#primaryimage\",\"url\":\"https:\\\/\\\/www.interforce.dk\\\/app\\\/uploads\\\/2023\\\/10\\\/IF-Skjolduddeling-Odgers-Berndtson-scaled.jpg\",\"contentUrl\":\"https:\\\/\\\/www.interforce.dk\\\/app\\\/uploads\\\/2023\\\/10\\\/IF-Skjolduddeling-Odgers-Berndtson-scaled.jpg\",\"width\":1920,\"height\":2560},{\"@type\":\"BreadcrumbList\",\"@id\":\"http:\\\/\\\/localhost\\\/odgers-berndtson-modtager-interforce-skjoldet\\\/#breadcrumb\",\"itemListElement\":[{\"@type\":\"ListItem\",\"position\":1,\"name\":\"Hjem\",\"item\":\"https:\\\/\\\/www.interforce.dk\\\/\"},{\"@type\":\"ListItem\",\"position\":2,\"name\":\"Odgers Berndtson modtager InterForce-skjoldet\"}]},{\"@type\":\"WebSite\",\"@id\":\"https:\\\/\\\/www.interforce.dk\\\/#website\",\"url\":\"https:\\\/\\\/www.interforce.dk\\\/\",\"name\":\"InterForce\",\"description\":\"\",\"potentialAction\":[{\"@type\":\"SearchAction\",\"target\":{\"@type\":\"EntryPoint\",\"urlTemplate\":\"https:\\\/\\\/www.interforce.dk\\\/?s={search_term_string}\"},\"query-input\":{\"@type\":\"PropertyValueSpecification\",\"valueRequired\":true,\"valueName\":\"search_term_string\"}}],\"inLanguage\":\"kl-GL\"},{\"@type\":\"Person\",\"@id\":\"https:\\\/\\\/www.interforce.dk\\\/#\\\/schema\\\/person\\\/93de0ad27fec55a2f38d2195162834c7\",\"name\":\"Anton Rask Hauge Steffensen\",\"image\":{\"@type\":\"ImageObject\",\"inLanguage\":\"kl-GL\",\"@id\":\"https:\\\/\\\/secure.gravatar.com\\\/avatar\\\/8e4247cfae5f9f3cbd0c18740bdc45f335fc586e35e954f20e626e45d46e568d?s=96&d=mm&r=g\",\"url\":\"https:\\\/\\\/secure.gravatar.com\\\/avatar\\\/8e4247cfae5f9f3cbd0c18740bdc45f335fc586e35e954f20e626e45d46e568d?s=96&d=mm&r=g\",\"contentUrl\":\"https:\\\/\\\/secure.gravatar.com\\\/avatar\\\/8e4247cfae5f9f3cbd0c18740bdc45f335fc586e35e954f20e626e45d46e568d?s=96&d=mm&r=g\",\"caption\":\"Anton Rask Hauge Steffensen\"},\"url\":\"https:\\\/\\\/www.interforce.dk\\\/kl\\\/author\\\/anton\\\/\"}]}<\/script>\n<!-- \/ Yoast SEO plugin. -->","yoast_head_json":{"title":"Odgers Berndtson modtager InterForce-skjoldet - InterForce","description":"Odgers Berndtson fik overrakt InterForce-skjoldet af for deres store st\u00f8tte til dansk forsvar og beredskab.","robots":{"index":"index","follow":"follow","max-snippet":"max-snippet:-1","max-image-preview":"max-image-preview:large","max-video-preview":"max-video-preview:-1"},"canonical":"http:\/\/localhost\/odgers-berndtson-modtager-interforce-skjoldet\/","og_locale":"en_US","og_type":"article","og_title":"Odgers Berndtson modtager InterForce-skjoldet - InterForce","og_description":"Odgers Berndtson fik overrakt InterForce-skjoldet af for deres store st\u00f8tte til dansk forsvar og beredskab.","og_url":"http:\/\/localhost\/odgers-berndtson-modtager-interforce-skjoldet\/","og_site_name":"InterForce","article_published_time":"2023-10-28T10:30:00+00:00","og_image":[{"width":1920,"height":2560,"url":"http:\/\/localhost\/app\/uploads\/2023\/10\/IF-Skjolduddeling-Odgers-Berndtson-scaled.jpg","type":"image\/jpeg"}],"author":"Anton Rask Hauge Steffensen","twitter_card":"summary_large_image","twitter_misc":{"Written by":"Anton Rask Hauge Steffensen","Est. reading time":"2 minutes"},"schema":{"@context":"https:\/\/schema.org","@graph":[{"@type":"Article","@id":"http:\/\/localhost\/odgers-berndtson-modtager-interforce-skjoldet\/#article","isPartOf":{"@id":"http:\/\/localhost\/odgers-berndtson-modtager-interforce-skjoldet\/"},"author":{"name":"Anton Rask Hauge Steffensen","@id":"https:\/\/www.interforce.dk\/#\/schema\/person\/93de0ad27fec55a2f38d2195162834c7"},"headline":"Odgers Berndtson modtager InterForce-skjoldet","datePublished":"2023-10-28T10:30:00+00:00","mainEntityOfPage":{"@id":"http:\/\/localhost\/odgers-berndtson-modtager-interforce-skjoldet\/"},"wordCount":341,"image":{"@id":"http:\/\/localhost\/odgers-berndtson-modtager-interforce-skjoldet\/#primaryimage"},"thumbnailUrl":"https:\/\/www.interforce.dk\/app\/uploads\/2023\/10\/IF-Skjolduddeling-Odgers-Berndtson-scaled.jpg","keywords":["InterForce"],"articleSection":["Nyheder om InterForce"],"inLanguage":"kl-GL"},{"@type":"WebPage","@id":"http:\/\/localhost\/odgers-berndtson-modtager-interforce-skjoldet\/","url":"http:\/\/localhost\/odgers-berndtson-modtager-interforce-skjoldet\/","name":"Odgers Berndtson modtager InterForce-skjoldet - InterForce","isPartOf":{"@id":"https:\/\/www.interforce.dk\/#website"},"primaryImageOfPage":{"@id":"http:\/\/localhost\/odgers-berndtson-modtager-interforce-skjoldet\/#primaryimage"},"image":{"@id":"http:\/\/localhost\/odgers-berndtson-modtager-interforce-skjoldet\/#primaryimage"},"thumbnailUrl":"https:\/\/www.interforce.dk\/app\/uploads\/2023\/10\/IF-Skjolduddeling-Odgers-Berndtson-scaled.jpg","datePublished":"2023-10-28T10:30:00+00:00","author":{"@id":"https:\/\/www.interforce.dk\/#\/schema\/person\/93de0ad27fec55a2f38d2195162834c7"},"description":"Odgers Berndtson fik overrakt InterForce-skjoldet af for deres store st\u00f8tte til dansk forsvar og beredskab.","breadcrumb":{"@id":"http:\/\/localhost\/odgers-berndtson-modtager-interforce-skjoldet\/#breadcrumb"},"inLanguage":"kl-GL","potentialAction":[{"@type":"ReadAction","target":["http:\/\/localhost\/odgers-berndtson-modtager-interforce-skjoldet\/"]}]},{"@type":"ImageObject","inLanguage":"kl-GL","@id":"http:\/\/localhost\/odgers-berndtson-modtager-interforce-skjoldet\/#primaryimage","url":"https:\/\/www.interforce.dk\/app\/uploads\/2023\/10\/IF-Skjolduddeling-Odgers-Berndtson-scaled.jpg","contentUrl":"https:\/\/www.interforce.dk\/app\/uploads\/2023\/10\/IF-Skjolduddeling-Odgers-Berndtson-scaled.jpg","width":1920,"height":2560},{"@type":"BreadcrumbList","@id":"http:\/\/localhost\/odgers-berndtson-modtager-interforce-skjoldet\/#breadcrumb","itemListElement":[{"@type":"ListItem","position":1,"name":"Hjem","item":"https:\/\/www.interforce.dk\/"},{"@type":"ListItem","position":2,"name":"Odgers Berndtson modtager InterForce-skjoldet"}]},{"@type":"WebSite","@id":"https:\/\/www.interforce.dk\/#website","url":"https:\/\/www.interforce.dk\/","name":"InterForce","description":"","potentialAction":[{"@type":"SearchAction","target":{"@type":"EntryPoint","urlTemplate":"https:\/\/www.interforce.dk\/?s={search_term_string}"},"query-input":{"@type":"PropertyValueSpecification","valueRequired":true,"valueName":"search_term_string"}}],"inLanguage":"kl-GL"},{"@type":"Person","@id":"https:\/\/www.interforce.dk\/#\/schema\/person\/93de0ad27fec55a2f38d2195162834c7","name":"Anton Rask Hauge Steffensen","image":{"@type":"ImageObject","inLanguage":"kl-GL","@id":"https:\/\/secure.gravatar.com\/avatar\/8e4247cfae5f9f3cbd0c18740bdc45f335fc586e35e954f20e626e45d46e568d?s=96&d=mm&r=g","url":"https:\/\/secure.gravatar.com\/avatar\/8e4247cfae5f9f3cbd0c18740bdc45f335fc586e35e954f20e626e45d46e568d?s=96&d=mm&r=g","contentUrl":"https:\/\/secure.gravatar.com\/avatar\/8e4247cfae5f9f3cbd0c18740bdc45f335fc586e35e954f20e626e45d46e568d?s=96&d=mm&r=g","caption":"Anton Rask Hauge Steffensen"},"url":"https:\/\/www.interforce.dk\/kl\/author\/anton\/"}]}},"_links":{"self":[{"href":"https:\/\/www.interforce.dk\/kl\/wp-json\/wp\/v2\/posts\/15046","targetHints":{"allow":["GET"]}}],"collection":[{"href":"https:\/\/www.interforce.dk\/kl\/wp-json\/wp\/v2\/posts"}],"about":[{"href":"https:\/\/www.interforce.dk\/kl\/wp-json\/wp\/v2\/types\/post"}],"author":[{"embeddable":true,"href":"https:\/\/www.interforce.dk\/kl\/wp-json\/wp\/v2\/users\/122"}],"replies":[{"embeddable":true,"href":"https:\/\/www.interforce.dk\/kl\/wp-json\/wp\/v2\/comments?post=15046"}],"version-history":[{"count":3,"href":"https:\/\/www.interforce.dk\/kl\/wp-json\/wp\/v2\/posts\/15046\/revisions"}],"predecessor-version":[{"id":15050,"href":"https:\/\/www.interforce.dk\/kl\/wp-json\/wp\/v2\/posts\/15046\/revisions\/15050"}],"wp:featuredmedia":[{"embeddable":true,"href":"https:\/\/www.interforce.dk\/kl\/wp-json\/wp\/v2\/media\/15047"}],"wp:attachment":[{"href":"https:\/\/www.interforce.dk\/kl\/wp-json\/wp\/v2\/media?parent=15046"}],"wp:term":[{"taxonomy":"category","embeddable":true,"href":"https:\/\/www.interforce.dk\/kl\/wp-json\/wp\/v2\/categories?post=15046"},{"taxonomy":"post_tag","embeddable":true,"href":"https:\/\/www.interforce.dk\/kl\/wp-json\/wp\/v2\/tags?post=15046"}],"curies":[{"name":"wp","href":"https:\/\/api.w.org\/{rel}","templated":true}]}}