{"id":14959,"date":"2023-11-28T11:30:00","date_gmt":"2023-11-28T11:30:00","guid":{"rendered":"https:\/\/www.interforce.dk\/?p=14959"},"modified":"2023-10-19T10:13:26","modified_gmt":"2023-10-19T10:13:26","slug":"nyt-forsvarsforlig","status":"publish","type":"post","link":"https:\/\/www.interforce.dk\/kl\/nyt-forsvarsforlig\/","title":{"rendered":"Nyt forsvarsforlig"},"content":{"rendered":"<div class=\"block core-block core-block--paragraph\">\n      <div class=\"inner inner--small\">\n      \n<p>Kort inden redaktions afslutning indgik 10 af Folketingets partier et nyt langt forsvarsforlig. Hvad betyder det for <a href=\"https:\/\/reservestyrken.dk\/\">Sakkutuut piareersimasut<\/a>?<\/p>\n\n      <\/div>\n  <\/div>\n<div class=\"block core-block core-block--image\">\n      <div class=\"inner inner--small\">\n      \n<figure class=\"wp-block-image size-large\"><img loading=\"lazy\" decoding=\"async\" width=\"1024\" height=\"683\" src=\"https:\/\/www.interforce.dk\/app\/uploads\/2023\/10\/RDYR9582-1024x683.jpg\" alt=\"\" class=\"wp-image-14960\" srcset=\"https:\/\/www.interforce.dk\/app\/uploads\/2023\/10\/RDYR9582-1024x683.jpg 1024w, https:\/\/www.interforce.dk\/app\/uploads\/2023\/10\/RDYR9582-300x200.jpg 300w, https:\/\/www.interforce.dk\/app\/uploads\/2023\/10\/RDYR9582-768x512.jpg 768w, https:\/\/www.interforce.dk\/app\/uploads\/2023\/10\/RDYR9582-1536x1024.jpg 1536w, https:\/\/www.interforce.dk\/app\/uploads\/2023\/10\/RDYR9582-2048x1365.jpg 2048w, https:\/\/www.interforce.dk\/app\/uploads\/2023\/10\/RDYR9582-18x12.jpg 18w\" sizes=\"auto, (max-width: 1024px) 100vw, 1024px\" \/><figcaption class=\"wp-element-caption\"><em>Foto: Rune Dyrholm \/ Forsvaret<\/em><\/figcaption><\/figure>\n\n      <\/div>\n  <\/div>\n<div class=\"block core-block core-block--paragraph\">\n      <div class=\"inner inner--small\">\n      \n<p>Regeringen blev sammen med Socialistisk Folkeparti, Danmarksdemokraterne, Liberal Alliance, Det Konservative Folkeparti, Radikale Venstre, Dansk Folkeparti og Nye Borgerlige den 28. juni 2023 enige om et forsvarsforlig for de n\u00e6ste 10 \u00e5r. Med et historisk l\u00f8ft af Forsvaret vil aftalen sikre, at Danmark kan tage et st\u00f8rre ansvar for forsvar og sikkerhed i et stadig mere komplekst trusselsbillede.&nbsp;&nbsp;<\/p>\n\n      <\/div>\n  <\/div>\n<div class=\"block core-block core-block--paragraph\">\n      <div class=\"inner inner--small\">\n      \n<p>Regeringen og partierne blev enige om at investere ca. 143 mia. kr. i dansk forsvar og sikkerhed de n\u00e6ste 10 \u00e5r. Derudover blev man enige om, at Danmark senest fra 2030 og frem skal leve op til NATOs m\u00e5ls\u00e6tning om at bruge to pct. af BNP p\u00e5 forsvar og sikkerhed.<\/p>\n\n      <\/div>\n  <\/div>\n<div class=\"block core-block core-block--paragraph\">\n      <div class=\"inner inner--small\">\n      \n<p>\u201dVi giver dansk forsvar et historisk og p\u00e5 alle m\u00e5der tiltr\u00e6ngt l\u00f8ft,\u201d udtalte fungerende forsvarsminister Troels Lund Poulsen i forbindelse med lanceringen af forliget. \u201dRuslands angreb p\u00e5 Ukraine har vist os, at vi ikke l\u00e6ngere kan tage fred og frihed for givet. Der er krig i Europa. Det tager vi dybt alvorligt. Vi skal vise vilje og evne til at bidrage til vores f\u00e6lles sikkerhed \u2013 i NATO, EU og med vores allierede og partnere.\u201d<\/p>\n\n      <\/div>\n  <\/div>\n<div class=\"block core-block core-block--heading\">\n      <div class=\"inner inner--small\">\n      \n<h2 class=\"wp-block-heading\">Tre overordnede pejlem\u00e6rker<\/h2>\n\n      <\/div>\n  <\/div>\n<div class=\"block core-block core-block--paragraph\">\n      <div class=\"inner inner--small\">\n      \n<p>Partierne blev enige om, at den historiske styrkelse af dansk forsvar og sikkerhed skal ske med udgangspunkt i tre overordnede pejlem\u00e6rker, der s\u00e6tter den strategiske retning i de n\u00e6ste 10 \u00e5r:<\/p>\n\n      <\/div>\n  <\/div>\n<div class=\"block core-block core-block--list\">\n      <div class=\"inner inner--small\">\n      \n<ol class=\"wp-block-list\" type=\"1\"><div class=\"block core-block core-block--list-item\">\n      <div class=\"inner inner--small\">\n      \n<li>Vilje og evne til at l\u00f8fte det f\u00e6lles ansvar<\/li>\n\n      <\/div>\n  <\/div>\n\n\n<div class=\"block core-block core-block--list-item\">\n      <div class=\"inner inner--small\">\n      \n<li>Til gavn for samfundet<\/li>\n\n      <\/div>\n  <\/div>\n\n\n<div class=\"block core-block core-block--list-item\">\n      <div class=\"inner inner--small\">\n      \n<li>Fundamentet p\u00e5 plads<\/li>\n\n      <\/div>\n  <\/div>\n<\/ol>\n\n      <\/div>\n  <\/div>\n<div class=\"block core-block core-block--paragraph\">\n      <div class=\"inner inner--small\">\n      \n<p>Som en del af pkt. 2 \u2013 Til gavn for samfundet \u2013 er der et specifikt afsnit om Reservestyrken. Det vil sige den gruppe af frivillige og reservister, som InterForce og Danmarks virksomheder samarbejder om at give s\u00e5 fleksible betingelser som muligt:<\/p>\n\n      <\/div>\n  <\/div>\n<div class=\"block core-block core-block--paragraph\">\n      <div class=\"inner inner--small\">\n      \n<p>\u201dStyrkelsen af Forsvaret og bemandingsomr\u00e5det forventes ogs\u00e5 at bidrage til en st\u00f8rre reservestyrke, hvor medarbejdere, som er ansat uden for forsvarsomr\u00e5det, fortsat st\u00e5r til r\u00e5dighed for Forsvaret. Den \u00e6ndrede sikkerhedspolitiske situation kr\u00e6ver samtidig et forsvar, der ud over bidraget til NATOs kollektive forsvar ogs\u00e5 kan h\u00e5ndtere sikkerhed p\u00e5 dansk territorium. Reserven kan i samarbejde med Forsvaret og Hjemmev\u00e6rnet bidrage til eksempelvis v\u00e6rtsnationsst\u00f8tte, bevogtning af kritisk infrastruktur og bevogtning af vitale milit\u00e6re installationer. Reserven skal som en del af Forsvaret og Hjemmev\u00e6rnet underst\u00f8tte l\u00f8sningen af de nationale opgaver, herunder som en del af Danmarks mobiliseringsevne. Det vil ogs\u00e5 komme samfundet bredt set til gavn, at personer i reserven opn\u00e5r kompetencer i andre erhverv, som de kan anvende i Forsvaret \u2013 og den anden vej rundt, at de kan bruge deres kompetencer fra Forsvaret i andre erhverv.\u201d<\/p>\n\n      <\/div>\n  <\/div>\n<div class=\"block core-block core-block--heading\">\n      <div class=\"inner inner--small\">\n      \n<h2 class=\"wp-block-heading\">InterForce-samarbejdet<\/h2>\n\n      <\/div>\n  <\/div>\n<div class=\"block core-block core-block--paragraph\">\n      <div class=\"inner inner--small\">\n      \n<p>Set i lyset af det nye forlig vil InterForces arbejde, sammen med sine medlemsvirksomheder, derfor forsat v\u00e6re meget relevant.<\/p>\n\n      <\/div>\n  <\/div>\n<div class=\"block core-block core-block--paragraph\">\n      <div class=\"inner inner--small\">\n      \n<p>Forh\u00e5bentlig vil samarbejdet ogs\u00e5 kunne udvikles i forliget til gavn for b\u00e5de Forsvarets og beredskabets opgavel\u00f8sning og for de enkelte virksomheder, som f\u00e5r gl\u00e6de af de kompetencer, medlemmerne af Reservestyrken f\u00e5r i deres tjeneste.<\/p>\n\n      <\/div>\n  <\/div>\n<div class=\"block core-block core-block--paragraph\">\n      <div class=\"inner inner--small\">\n      \n<p>L\u00e6s ogs\u00e5: <a href=\"https:\/\/www.interforce.dk\/kl\/?p=14951\">Vi lever i usikre tider<\/a><\/p>\n\n      <\/div>\n  <\/div>","protected":false},"excerpt":{"rendered":"Kort inden redaktions afslutning indgik 10 af Folketingets partier et nyt langt ...","protected":false},"author":127,"featured_media":14960,"comment_status":"closed","ping_status":"closed","sticky":false,"template":"","format":"standard","meta":{"_acf_changed":false,"footnotes":""},"categories":[12],"tags":[120,97],"class_list":["post-14959","post","type-post","status-publish","format-standard","has-post-thumbnail","hentry","category-nyt-om-if","tag-center-for-reservestyrken","tag-interforce"],"acf":[],"yoast_head":"<!-- This site is optimized with the Yoast SEO plugin v27.3 - https:\/\/yoast.com\/product\/yoast-seo-wordpress\/ -->\n<title>Nyt forsvarsforlig - InterForce<\/title>\n<meta name=\"description\" content=\"Kort inden redaktions afslutning indgik 10 af Folketingets partier et nyt langt forsvarsforlig. Hvad betyder det for Reservestyrken?\" \/>\n<meta name=\"robots\" content=\"index, follow, max-snippet:-1, max-image-preview:large, max-video-preview:-1\" \/>\n<link rel=\"canonical\" href=\"http:\/\/localhost\/nyt-forsvarsforlig\/\" \/>\n<meta property=\"og:locale\" content=\"en_US\" \/>\n<meta property=\"og:type\" content=\"article\" \/>\n<meta property=\"og:title\" content=\"Nyt forsvarsforlig - InterForce\" \/>\n<meta property=\"og:description\" content=\"Kort inden redaktions afslutning indgik 10 af Folketingets partier et nyt langt forsvarsforlig. Hvad betyder det for Reservestyrken?\" \/>\n<meta property=\"og:url\" content=\"http:\/\/localhost\/nyt-forsvarsforlig\/\" \/>\n<meta property=\"og:site_name\" content=\"InterForce\" \/>\n<meta property=\"article:published_time\" content=\"2023-11-28T11:30:00+00:00\" \/>\n<meta property=\"og:image\" content=\"http:\/\/localhost\/app\/uploads\/2023\/10\/RDYR9582-scaled.jpg\" \/>\n\t<meta property=\"og:image:width\" content=\"2560\" \/>\n\t<meta property=\"og:image:height\" content=\"1707\" \/>\n\t<meta property=\"og:image:type\" content=\"image\/jpeg\" \/>\n<meta name=\"author\" content=\"Finn Winkler\" \/>\n<meta name=\"twitter:card\" content=\"summary_large_image\" \/>\n<meta name=\"twitter:label1\" content=\"Written by\" \/>\n\t<meta name=\"twitter:data1\" content=\"Finn Winkler\" \/>\n\t<meta name=\"twitter:label2\" content=\"Est. reading time\" \/>\n\t<meta name=\"twitter:data2\" content=\"3 minutes\" \/>\n<script type=\"application\/ld+json\" class=\"yoast-schema-graph\">{\"@context\":\"https:\\\/\\\/schema.org\",\"@graph\":[{\"@type\":\"Article\",\"@id\":\"http:\\\/\\\/localhost\\\/nyt-forsvarsforlig\\\/#article\",\"isPartOf\":{\"@id\":\"http:\\\/\\\/localhost\\\/nyt-forsvarsforlig\\\/\"},\"author\":{\"name\":\"Finn Winkler\",\"@id\":\"https:\\\/\\\/www.interforce.dk\\\/#\\\/schema\\\/person\\\/fffadaf2dcc51fd1d528615a265f4a92\"},\"headline\":\"Nyt forsvarsforlig\",\"datePublished\":\"2023-11-28T11:30:00+00:00\",\"mainEntityOfPage\":{\"@id\":\"http:\\\/\\\/localhost\\\/nyt-forsvarsforlig\\\/\"},\"wordCount\":524,\"image\":{\"@id\":\"http:\\\/\\\/localhost\\\/nyt-forsvarsforlig\\\/#primaryimage\"},\"thumbnailUrl\":\"https:\\\/\\\/www.interforce.dk\\\/app\\\/uploads\\\/2023\\\/10\\\/RDYR9582-scaled.jpg\",\"keywords\":[\"Center for Reservestyrken\",\"InterForce\"],\"articleSection\":[\"Nyheder om InterForce\"],\"inLanguage\":\"kl-GL\"},{\"@type\":\"WebPage\",\"@id\":\"http:\\\/\\\/localhost\\\/nyt-forsvarsforlig\\\/\",\"url\":\"http:\\\/\\\/localhost\\\/nyt-forsvarsforlig\\\/\",\"name\":\"Nyt forsvarsforlig - InterForce\",\"isPartOf\":{\"@id\":\"https:\\\/\\\/www.interforce.dk\\\/#website\"},\"primaryImageOfPage\":{\"@id\":\"http:\\\/\\\/localhost\\\/nyt-forsvarsforlig\\\/#primaryimage\"},\"image\":{\"@id\":\"http:\\\/\\\/localhost\\\/nyt-forsvarsforlig\\\/#primaryimage\"},\"thumbnailUrl\":\"https:\\\/\\\/www.interforce.dk\\\/app\\\/uploads\\\/2023\\\/10\\\/RDYR9582-scaled.jpg\",\"datePublished\":\"2023-11-28T11:30:00+00:00\",\"author\":{\"@id\":\"https:\\\/\\\/www.interforce.dk\\\/#\\\/schema\\\/person\\\/fffadaf2dcc51fd1d528615a265f4a92\"},\"description\":\"Kort inden redaktions afslutning indgik 10 af Folketingets partier et nyt langt forsvarsforlig. Hvad betyder det for Reservestyrken?\",\"breadcrumb\":{\"@id\":\"http:\\\/\\\/localhost\\\/nyt-forsvarsforlig\\\/#breadcrumb\"},\"inLanguage\":\"kl-GL\",\"potentialAction\":[{\"@type\":\"ReadAction\",\"target\":[\"http:\\\/\\\/localhost\\\/nyt-forsvarsforlig\\\/\"]}]},{\"@type\":\"ImageObject\",\"inLanguage\":\"kl-GL\",\"@id\":\"http:\\\/\\\/localhost\\\/nyt-forsvarsforlig\\\/#primaryimage\",\"url\":\"https:\\\/\\\/www.interforce.dk\\\/app\\\/uploads\\\/2023\\\/10\\\/RDYR9582-scaled.jpg\",\"contentUrl\":\"https:\\\/\\\/www.interforce.dk\\\/app\\\/uploads\\\/2023\\\/10\\\/RDYR9582-scaled.jpg\",\"width\":2560,\"height\":1707},{\"@type\":\"BreadcrumbList\",\"@id\":\"http:\\\/\\\/localhost\\\/nyt-forsvarsforlig\\\/#breadcrumb\",\"itemListElement\":[{\"@type\":\"ListItem\",\"position\":1,\"name\":\"Hjem\",\"item\":\"https:\\\/\\\/www.interforce.dk\\\/\"},{\"@type\":\"ListItem\",\"position\":2,\"name\":\"Nyt forsvarsforlig\"}]},{\"@type\":\"WebSite\",\"@id\":\"https:\\\/\\\/www.interforce.dk\\\/#website\",\"url\":\"https:\\\/\\\/www.interforce.dk\\\/\",\"name\":\"InterForce\",\"description\":\"\",\"potentialAction\":[{\"@type\":\"SearchAction\",\"target\":{\"@type\":\"EntryPoint\",\"urlTemplate\":\"https:\\\/\\\/www.interforce.dk\\\/?s={search_term_string}\"},\"query-input\":{\"@type\":\"PropertyValueSpecification\",\"valueRequired\":true,\"valueName\":\"search_term_string\"}}],\"inLanguage\":\"kl-GL\"},{\"@type\":\"Person\",\"@id\":\"https:\\\/\\\/www.interforce.dk\\\/#\\\/schema\\\/person\\\/fffadaf2dcc51fd1d528615a265f4a92\",\"name\":\"Finn Winkler\",\"image\":{\"@type\":\"ImageObject\",\"inLanguage\":\"kl-GL\",\"@id\":\"https:\\\/\\\/secure.gravatar.com\\\/avatar\\\/5215cbfff906d87f8b758983fd526137cb730885552641c7fae3d1f0ea42185b?s=96&d=mm&r=g\",\"url\":\"https:\\\/\\\/secure.gravatar.com\\\/avatar\\\/5215cbfff906d87f8b758983fd526137cb730885552641c7fae3d1f0ea42185b?s=96&d=mm&r=g\",\"contentUrl\":\"https:\\\/\\\/secure.gravatar.com\\\/avatar\\\/5215cbfff906d87f8b758983fd526137cb730885552641c7fae3d1f0ea42185b?s=96&d=mm&r=g\",\"caption\":\"Finn Winkler\"},\"url\":\"https:\\\/\\\/www.interforce.dk\\\/kl\\\/author\\\/finnwinkler\\\/\"}]}<\/script>\n<!-- \/ Yoast SEO plugin. -->","yoast_head_json":{"title":"Nyt forsvarsforlig - InterForce","description":"Kort inden redaktions afslutning indgik 10 af Folketingets partier et nyt langt forsvarsforlig. Hvad betyder det for Reservestyrken?","robots":{"index":"index","follow":"follow","max-snippet":"max-snippet:-1","max-image-preview":"max-image-preview:large","max-video-preview":"max-video-preview:-1"},"canonical":"http:\/\/localhost\/nyt-forsvarsforlig\/","og_locale":"en_US","og_type":"article","og_title":"Nyt forsvarsforlig - InterForce","og_description":"Kort inden redaktions afslutning indgik 10 af Folketingets partier et nyt langt forsvarsforlig. Hvad betyder det for Reservestyrken?","og_url":"http:\/\/localhost\/nyt-forsvarsforlig\/","og_site_name":"InterForce","article_published_time":"2023-11-28T11:30:00+00:00","og_image":[{"width":2560,"height":1707,"url":"http:\/\/localhost\/app\/uploads\/2023\/10\/RDYR9582-scaled.jpg","type":"image\/jpeg"}],"author":"Finn Winkler","twitter_card":"summary_large_image","twitter_misc":{"Written by":"Finn Winkler","Est. reading time":"3 minutes"},"schema":{"@context":"https:\/\/schema.org","@graph":[{"@type":"Article","@id":"http:\/\/localhost\/nyt-forsvarsforlig\/#article","isPartOf":{"@id":"http:\/\/localhost\/nyt-forsvarsforlig\/"},"author":{"name":"Finn Winkler","@id":"https:\/\/www.interforce.dk\/#\/schema\/person\/fffadaf2dcc51fd1d528615a265f4a92"},"headline":"Nyt forsvarsforlig","datePublished":"2023-11-28T11:30:00+00:00","mainEntityOfPage":{"@id":"http:\/\/localhost\/nyt-forsvarsforlig\/"},"wordCount":524,"image":{"@id":"http:\/\/localhost\/nyt-forsvarsforlig\/#primaryimage"},"thumbnailUrl":"https:\/\/www.interforce.dk\/app\/uploads\/2023\/10\/RDYR9582-scaled.jpg","keywords":["Center for Reservestyrken","InterForce"],"articleSection":["Nyheder om InterForce"],"inLanguage":"kl-GL"},{"@type":"WebPage","@id":"http:\/\/localhost\/nyt-forsvarsforlig\/","url":"http:\/\/localhost\/nyt-forsvarsforlig\/","name":"Nyt forsvarsforlig - InterForce","isPartOf":{"@id":"https:\/\/www.interforce.dk\/#website"},"primaryImageOfPage":{"@id":"http:\/\/localhost\/nyt-forsvarsforlig\/#primaryimage"},"image":{"@id":"http:\/\/localhost\/nyt-forsvarsforlig\/#primaryimage"},"thumbnailUrl":"https:\/\/www.interforce.dk\/app\/uploads\/2023\/10\/RDYR9582-scaled.jpg","datePublished":"2023-11-28T11:30:00+00:00","author":{"@id":"https:\/\/www.interforce.dk\/#\/schema\/person\/fffadaf2dcc51fd1d528615a265f4a92"},"description":"Kort inden redaktions afslutning indgik 10 af Folketingets partier et nyt langt forsvarsforlig. Hvad betyder det for Reservestyrken?","breadcrumb":{"@id":"http:\/\/localhost\/nyt-forsvarsforlig\/#breadcrumb"},"inLanguage":"kl-GL","potentialAction":[{"@type":"ReadAction","target":["http:\/\/localhost\/nyt-forsvarsforlig\/"]}]},{"@type":"ImageObject","inLanguage":"kl-GL","@id":"http:\/\/localhost\/nyt-forsvarsforlig\/#primaryimage","url":"https:\/\/www.interforce.dk\/app\/uploads\/2023\/10\/RDYR9582-scaled.jpg","contentUrl":"https:\/\/www.interforce.dk\/app\/uploads\/2023\/10\/RDYR9582-scaled.jpg","width":2560,"height":1707},{"@type":"BreadcrumbList","@id":"http:\/\/localhost\/nyt-forsvarsforlig\/#breadcrumb","itemListElement":[{"@type":"ListItem","position":1,"name":"Hjem","item":"https:\/\/www.interforce.dk\/"},{"@type":"ListItem","position":2,"name":"Nyt forsvarsforlig"}]},{"@type":"WebSite","@id":"https:\/\/www.interforce.dk\/#website","url":"https:\/\/www.interforce.dk\/","name":"InterForce","description":"","potentialAction":[{"@type":"SearchAction","target":{"@type":"EntryPoint","urlTemplate":"https:\/\/www.interforce.dk\/?s={search_term_string}"},"query-input":{"@type":"PropertyValueSpecification","valueRequired":true,"valueName":"search_term_string"}}],"inLanguage":"kl-GL"},{"@type":"Person","@id":"https:\/\/www.interforce.dk\/#\/schema\/person\/fffadaf2dcc51fd1d528615a265f4a92","name":"Finn Winkler","image":{"@type":"ImageObject","inLanguage":"kl-GL","@id":"https:\/\/secure.gravatar.com\/avatar\/5215cbfff906d87f8b758983fd526137cb730885552641c7fae3d1f0ea42185b?s=96&d=mm&r=g","url":"https:\/\/secure.gravatar.com\/avatar\/5215cbfff906d87f8b758983fd526137cb730885552641c7fae3d1f0ea42185b?s=96&d=mm&r=g","contentUrl":"https:\/\/secure.gravatar.com\/avatar\/5215cbfff906d87f8b758983fd526137cb730885552641c7fae3d1f0ea42185b?s=96&d=mm&r=g","caption":"Finn Winkler"},"url":"https:\/\/www.interforce.dk\/kl\/author\/finnwinkler\/"}]}},"_links":{"self":[{"href":"https:\/\/www.interforce.dk\/kl\/wp-json\/wp\/v2\/posts\/14959","targetHints":{"allow":["GET"]}}],"collection":[{"href":"https:\/\/www.interforce.dk\/kl\/wp-json\/wp\/v2\/posts"}],"about":[{"href":"https:\/\/www.interforce.dk\/kl\/wp-json\/wp\/v2\/types\/post"}],"author":[{"embeddable":true,"href":"https:\/\/www.interforce.dk\/kl\/wp-json\/wp\/v2\/users\/127"}],"replies":[{"embeddable":true,"href":"https:\/\/www.interforce.dk\/kl\/wp-json\/wp\/v2\/comments?post=14959"}],"version-history":[{"count":3,"href":"https:\/\/www.interforce.dk\/kl\/wp-json\/wp\/v2\/posts\/14959\/revisions"}],"predecessor-version":[{"id":15037,"href":"https:\/\/www.interforce.dk\/kl\/wp-json\/wp\/v2\/posts\/14959\/revisions\/15037"}],"wp:featuredmedia":[{"embeddable":true,"href":"https:\/\/www.interforce.dk\/kl\/wp-json\/wp\/v2\/media\/14960"}],"wp:attachment":[{"href":"https:\/\/www.interforce.dk\/kl\/wp-json\/wp\/v2\/media?parent=14959"}],"wp:term":[{"taxonomy":"category","embeddable":true,"href":"https:\/\/www.interforce.dk\/kl\/wp-json\/wp\/v2\/categories?post=14959"},{"taxonomy":"post_tag","embeddable":true,"href":"https:\/\/www.interforce.dk\/kl\/wp-json\/wp\/v2\/tags?post=14959"}],"curies":[{"name":"wp","href":"https:\/\/api.w.org\/{rel}","templated":true}]}}