{"id":14940,"date":"2023-12-07T11:30:00","date_gmt":"2023-12-07T11:30:00","guid":{"rendered":"https:\/\/www.interforce.dk\/?p=14940"},"modified":"2023-10-27T08:12:09","modified_gmt":"2023-10-27T08:12:09","slug":"interforce-i-udvikling","status":"publish","type":"post","link":"https:\/\/www.interforce.dk\/kl\/interforce-i-udvikling\/","title":{"rendered":"InterForce i udvikling"},"content":{"rendered":"<div class=\"block core-block core-block--paragraph\">\n      <div class=\"inner inner--small\">\n      \n<p>Den aktuelle sikkerhedspolitiske situation i verden har givet en st\u00f8rre forsvarsvilje i samfundet. Den skal InterForce bygge videre p\u00e5.<\/p>\n\n      <\/div>\n  <\/div>\n<div class=\"block core-block core-block--image\">\n      <div class=\"inner inner--small\">\n      \n<figure class=\"wp-block-image size-large\"><img loading=\"lazy\" decoding=\"async\" width=\"1024\" height=\"684\" src=\"https:\/\/www.interforce.dk\/app\/uploads\/2023\/10\/InterFore-i-udvikling-3-1024x684.jpg\" alt=\"\" class=\"wp-image-14943\" srcset=\"https:\/\/www.interforce.dk\/app\/uploads\/2023\/10\/InterFore-i-udvikling-3-1024x684.jpg 1024w, https:\/\/www.interforce.dk\/app\/uploads\/2023\/10\/InterFore-i-udvikling-3-300x200.jpg 300w, https:\/\/www.interforce.dk\/app\/uploads\/2023\/10\/InterFore-i-udvikling-3-768x513.jpg 768w, https:\/\/www.interforce.dk\/app\/uploads\/2023\/10\/InterFore-i-udvikling-3-1536x1026.jpg 1536w, https:\/\/www.interforce.dk\/app\/uploads\/2023\/10\/InterFore-i-udvikling-3-2048x1368.jpg 2048w, https:\/\/www.interforce.dk\/app\/uploads\/2023\/10\/InterFore-i-udvikling-3-18x12.jpg 18w\" sizes=\"auto, (max-width: 1024px) 100vw, 1024px\" \/><figcaption class=\"wp-element-caption\"><em>Simon Staffeldt Schou varetager kommunikationen i InterForce og er selv hjemmev\u00e6rnsfrivillig i Infanterikompagni K\u00f8benhavn. Foto: Michael Aagaard Jensen<\/em><\/figcaption><\/figure>\n\n      <\/div>\n  <\/div>\n<div class=\"block core-block core-block--paragraph\">\n      <div class=\"inner inner--small\">\n      \n<p>N\u00e6ste \u00e5r er det 25 \u00e5r siden, InterForce s\u00e5 dagens lys. Siden dengang har opgaven v\u00e6ret den samme: at skabe opbakning til forsvaret og beredskabet hos de danske virksomheder og i samfundet generelt.<\/p>\n\n      <\/div>\n  <\/div>\n<div class=\"block core-block core-block--paragraph\">\n      <div class=\"inner inner--small\">\n      \n<p>Det er ikke nogen hemmelighed, at vi i disse \u00e5r st\u00e5r over for et truende og aggressivt Rusland. Og det er ikke den eneste udfordring, vi som samfund st\u00e5r over for: Klima\u00e6ndringer, udfordringer med forsyningsk\u00e6der, pandemier og cyberangreb udfordrer alle et forsvar og beredskab, som i forvejen er presset i bund efter mange \u00e5rs nedsk\u00e6ringer.<\/p>\n\n      <\/div>\n  <\/div>\n<div class=\"block core-block core-block--paragraph\">\n      <div class=\"inner inner--small\">\n      \n<p>Derfor er <a href=\"https:\/\/www.forsvaret.dk\/da\/\">Forsvaret<\/a> og <a href=\"https:\/\/www.brs.dk\/da\/\">Beredskabsstyrelsen<\/a> i dag dybt afh\u00e6ngigt af reservister og frivillige. Dem, man med en samlet betegnelse kalder <a href=\"https:\/\/reservestyrken.dk\/\">Sakkutuut piareersimasut<\/a>. Uden Reservestyrken ville en lang r\u00e6kke opgaver ikke blive l\u00f8st. Men for at Reservestyrken kan l\u00f8se de opgaver, er der brug for, at virksomhederne i Danmark st\u00f8tter op om de mange frivillige, der ved siden af deres faste arbejde g\u00f8r tjeneste i Forsvaret, Hjemmev\u00e6rnet, Beredskabet eller Kystredningstjenesten. Heldigvis oplever InterForce i disse \u00e5r, at viljen til at hj\u00e6lpe aldrig har v\u00e6ret st\u00f8rre, fort\u00e6ller specialkonsulent i InterForce, Simon Staffeldt Schou, der selv er hjemmev\u00e6rnsfrivillig i Infanterikompagni K\u00f8benhavn.<\/p>\n\n      <\/div>\n  <\/div>\n<div class=\"block core-block core-block--paragraph\">\n      <div class=\"inner inner--small\">\n      \n<p>\u201dVi l\u00f8ber ofte \u00e5bne d\u00f8re ind, n\u00e5r vi er ude at tale med virksomhederne eller m\u00f8der dem til vores arrangementer. At v\u00e6re medlem af InterForce er en hensigtserkl\u00e6ring om, at man som virksomhed st\u00f8tter op om dansk forsvar og beredskab og gerne vil vise fleksibilitet i forhold til at give sine medarbejdere fri til at g\u00f8re tjeneste i uniform. Men mange virksomheder eftersp\u00f8rger i dag muligheder for at hj\u00e6lpe endnu mere,\u201d siger han.<\/p>\n\n      <\/div>\n  <\/div>\n<div class=\"block core-block core-block--heading\">\n      <div class=\"inner inner--small\">\n      \n<h2 class=\"wp-block-heading\">T\u00e6ttere engagement<\/h2>\n\n      <\/div>\n  <\/div>\n<div class=\"block core-block core-block--paragraph\">\n      <div class=\"inner inner--small\">\n      \n<p>Nogle virksomheder er allerede selv g\u00e5et skridtet videre end hensigtserkl\u00e6ringen: De giver i dag medarbejdere, som er medlem af Reservestyrken, fri op til 5-10 dage om \u00e5ret med l\u00f8n, n\u00e5r de skal g\u00f8re tjeneste.<\/p>\n\n      <\/div>\n  <\/div>\n<div class=\"block core-block core-block--paragraph\">\n      <div class=\"inner inner--small\">\n      \n<p>Derfor vil InterForce i l\u00f8bet af det kommende \u00e5r lave en r\u00e6kke nye medlemsskaber. De skal g\u00f8re det muligt for virksomhederne at engagere sig endnu mere i dansk forsvar og beredskab. Ud over de nye medlemstyper skal det ogs\u00e5 fremover v\u00e6re lettere for virksomhederne at f\u00e5 svar p\u00e5 alle de sp\u00f8rgsm\u00e5l, som vedr\u00f8rer Reservestyrken og virksomhedernes mulighed for at engagere sig.<\/p>\n\n      <\/div>\n  <\/div>\n<div class=\"block core-block core-block--paragraph\">\n      <div class=\"inner inner--small\">\n      \n<p>\u201dVi arbejder p\u00e5 at oprette en front desk sidst i 2023, s\u00e5 virksomhederne har \u00e9t direkte nummer og \u00e9n mail, de kan kontakte, n\u00e5r de har sp\u00f8rgsm\u00e5l, der vedr\u00f8rer deres ansatte, eller hvordan de kan st\u00f8tte dansk forsvar og beredskab. Det er et af de tiltag, vi arbejder p\u00e5 for at f\u00e5 en t\u00e6ttere relation til virksomhederne,\u201d fort\u00e6ller Simon Staffeldt Schou.<\/p>\n\n      <\/div>\n  <\/div>\n<div class=\"block core-block core-block--heading\">\n      <div class=\"inner inner--small\">\n      \n<h2 class=\"wp-block-heading\">En bro til forretningsmuligheder<\/h2>\n\n      <\/div>\n  <\/div>\n<div class=\"block core-block core-block--paragraph\">\n      <div class=\"inner inner--small\">\n      \n<p>Forsvaret st\u00e5r overfor at skulle tilf\u00f8res midler for at kunne st\u00e5 bedre i den nye verdensorden. Her har danske virksomheder en interesse \u2013 b\u00e5de i forhold til deres bundlinje, og fordi det er en samfundsunderst\u00f8ttende opgave.<\/p>\n\n      <\/div>\n  <\/div>\n<div class=\"block core-block core-block--paragraph\">\n      <div class=\"inner inner--small\">\n      \n<p>Derfor vil InterForce fra i \u00e5r begynde at bygge bro mellem dem og Forsvarsministeriets Materiel- og Indk\u00f8bsstyrelse (FMI), der har ansvaret for det samlede forsvars og beredskabs materiel, IT og cybersikkerhed. InterForce har sammen med Dansk Selskab for Virksomhedsledelse (VL) i flere \u00e5r afholdt to VL-m\u00f8der \u00e5rligt, et i Vest- og et i \u00d8stdanmark. Her har forsvarets \u00f8verste ledelse orienteret om, hvilken retning Forsvaret er p\u00e5 vej i, og hvilken sikkerhedspolitisk situation vi befinder os i efter Ruslands invasion af Ukraine. Det har v\u00e6ret en succes, InterForce nu vil bygge videre p\u00e5.<\/p>\n\n      <\/div>\n  <\/div>\n<div class=\"block core-block core-block--paragraph\">\n      <div class=\"inner inner--small\">\n      \n<p>\u201dDanske virksomheder er nu ret godt informeret om, hvor vi st\u00e5r rent forsvarsm\u00e6ssigt. Nu eftersp\u00f8rger de i h\u00f8jere grad viden om, hvad Forsvarets materielle og bygningsm\u00e6ssige behov er, for at vi bliver godt rustet til den nye verdensorden. Derfor arbejder vi p\u00e5, at de kommende InterForce\/VL-m\u00f8der skal foreg\u00e5 i samarbejde med FMI, s\u00e5 virksomhederne kan f\u00e5 det indblik,\u201d siger Simon Staffeldt Schou.<\/p>\n\n      <\/div>\n  <\/div>\n<div class=\"block core-block core-block--heading\">\n      <div class=\"inner inner--small\">\n      \n<h2 class=\"wp-block-heading\">Fokus p\u00e5 arktis<\/h2>\n\n      <\/div>\n  <\/div>\n<div class=\"block core-block core-block--paragraph\">\n      <div class=\"inner inner--small\">\n      \n<p>Det er dog ikke kun virksomheder i Danmark, men i hele Rigsf\u00e6llesskabet, som vil v\u00e6re i fokus i det kommende \u00e5r. InterForce har seks regionale sekretariater i Danmark, der hver varetager kommunikationen med lokale virksomheder, og som afholder arrangementer for at bringe virksomhederne og dansk forsvar og beredskab t\u00e6ttere sammen.<\/p>\n\n      <\/div>\n  <\/div>\n<div class=\"block core-block core-block--paragraph\">\n      <div class=\"inner inner--small\">\n      \n<p>InterForce har dog ogs\u00e5 et sekretariat i Gr\u00f8nland, InterForce Gr\u00f8nland, der ligesom de andre sekretariater best\u00e5r af en civilansat koordinator og en milit\u00e6r koordinator, der i Gr\u00f8nland er vicechefen for Arktisk Kommando.<\/p>\n\n      <\/div>\n  <\/div>\n<div class=\"block core-block core-block--paragraph\">\n      <div class=\"inner inner--small\">\n      \n<p>Der har i en periode manglet en koordinator i InterForce Gr\u00f8nland, men den stilling er nu igen besat. InterForce vil derfor i den kommende tid arbejde for at skabe endnu t\u00e6ttere relationer med det gr\u00f8nlandske erhvervsliv og det gr\u00f8nlandske samfund.<\/p>\n\n      <\/div>\n  <\/div>\n<div class=\"block core-block core-block--paragraph\">\n      <div class=\"inner inner--small\">\n      \n<p>\u201dDer er en stor bevidsthed i Gr\u00f8nland om, at det arktiske omr\u00e5de spiller en vigtig rolle i forhold til den sikkerhedspolitiske situation i verden. Og at gr\u00f8nlandske virksomheder har en meget klar rolle at spille i forhold til at bakke op om forsvaret og beredskabet i Nordatlanten. Derfor er det gl\u00e6deligt, at InterForce Gr\u00f8nland igen k\u00f8rer p\u00e5 fuld kraft,\u201d fort\u00e6ller Simon Staffeldt Schou.<\/p>\n\n      <\/div>\n  <\/div>\n<div class=\"block core-block core-block--heading\">\n      <div class=\"inner inner--small\">\n      \n<h2 class=\"wp-block-heading\">M\u00e5lrettet og relevant vidensdeling<\/h2>\n\n      <\/div>\n  <\/div>\n<div class=\"block core-block core-block--image align-right\">\n      <div class=\"inner inner--small\">\n      \n<figure class=\"wp-block-image alignright size-large is-resized\"><img loading=\"lazy\" decoding=\"async\" src=\"https:\/\/www.interforce.dk\/app\/uploads\/2023\/10\/InterFore-i-udvikling-0-582x1024.jpg\" alt=\"\" class=\"wp-image-14946\" style=\"width:341px;height:600px\" width=\"341\" height=\"600\" srcset=\"https:\/\/www.interforce.dk\/app\/uploads\/2023\/10\/InterFore-i-udvikling-0-582x1024.jpg 582w, https:\/\/www.interforce.dk\/app\/uploads\/2023\/10\/InterFore-i-udvikling-0-170x300.jpg 170w, https:\/\/www.interforce.dk\/app\/uploads\/2023\/10\/InterFore-i-udvikling-0-768x1351.jpg 768w, https:\/\/www.interforce.dk\/app\/uploads\/2023\/10\/InterFore-i-udvikling-0-873x1536.jpg 873w, https:\/\/www.interforce.dk\/app\/uploads\/2023\/10\/InterFore-i-udvikling-0-1164x2048.jpg 1164w, https:\/\/www.interforce.dk\/app\/uploads\/2023\/10\/InterFore-i-udvikling-0-7x12.jpg 7w, https:\/\/www.interforce.dk\/app\/uploads\/2023\/10\/InterFore-i-udvikling-0-scaled.jpg 1455w\" sizes=\"auto, (max-width: 341px) 100vw, 341px\" \/><\/figure>\n\n      <\/div>\n  <\/div>\n<div class=\"block core-block core-block--paragraph\">\n      <div class=\"inner inner--small\">\n      \n<p>Fremover vil kommunikationen fra InterForce ogs\u00e5 blive mere m\u00e5lrettet. Tidligere har alle InterForce-medlemsvirksomheder modtaget fire fysiske nyhedsbreve kaldet InterForce News, derefter \u00e5rsmagasinet, som du sidder med her og kun et InterForce News. Fra 2023 kommer der kun \u00e9n trykt publikation, InterForce Magasinet.<\/p>\n\n      <\/div>\n  <\/div>\n<div class=\"block core-block core-block--paragraph\">\n      <div class=\"inner inner--small\">\n      \n<p>\u00c5rsmagasinet forts\u00e6tter, men nyhedsbrevene bliver elektroniske og meget mere m\u00e5lrettede til de enkelte virksomheder, end det har v\u00e6ret tilf\u00e6ldet f\u00f8r. Det skal i sidste ende g\u00f8re det lettere at l\u00f8se nogle af de udfordringer, Reservestyrken st\u00e5r overfor, og samtidig skabe en bedre og t\u00e6ttere dialog med virksomhederne.<\/p>\n\n      <\/div>\n  <\/div>\n<div class=\"block core-block core-block--paragraph\">\n      <div class=\"inner inner--small\">\n      \n<p>Et konkret eksempel p\u00e5, hvordan man vil kunne bruge den mere m\u00e5lrettede kommunikation, er Kystredningstjenesten, som mangler frivillige, s\u00e5 de kan bemande redningsstationerne langs de danske kyster. De frivillige i Kystredningstjenesten, som ogs\u00e5 er en del af Reservestyrken, skal bo og arbejde meget t\u00e6t p\u00e5 redningsstationerne, s\u00e5 de med meget, meget kort varsel kan sejle ud at hj\u00e6lpe folk i n\u00f8d.<\/p>\n\n      <\/div>\n  <\/div>\n<div class=\"block core-block core-block--paragraph\">\n      <div class=\"inner inner--small\">\n      \n<p>\u201dP\u00e5 grund af kravet om det h\u00f8je alarmberedskab har Kystredningstjenesten sv\u00e6rt ved at rekruttere nye frivillige. Der kan man forestille sig, at vores nyhedsbreve vil kunne segmenteres, s\u00e5 vi som eksempel kan henvende os direkte til de virksomheder, der ligger meget t\u00e6t p\u00e5 vores kystredningsstationer, og som er medlemmer af InterForce. Vi kan fort\u00e6lle dem om udfordringerne med rekrutteringen til Kystredningstjenesten og om, hvor vigtig tjenesten er for os alle, der bor i Danmark. Og virksomhederne kan s\u00e5 sp\u00f8rge ud i deres organisationer, om der er nogen blandt deres ansatte, der kunne v\u00e6re interesseret i at stille op og hj\u00e6lpe til,\u201d fort\u00e6ller Simon Staffeldt Schou.<\/p>\n\n      <\/div>\n  <\/div>\n<div class=\"block core-block core-block--heading\">\n      <div class=\"inner inner--small\">\n      \n<h2 class=\"wp-block-heading\">Flere medlemmer<\/h2>\n\n      <\/div>\n  <\/div>\n<div class=\"block core-block core-block--paragraph\">\n      <div class=\"inner inner--small\">\n      \n<p>Det n\u00e6ste \u00e5rs tid vil rekruttering af nye medlemsvirksomheder ogs\u00e5 v\u00e6re i fokus. P\u00e5 nuv\u00e6rende tidspunkt har InterForce lige over 2.300 medlemsvirksomheder, som samlet repr\u00e6senterer omkring en million danske arbejdspladser.<\/p>\n\n      <\/div>\n  <\/div>\n<div class=\"block core-block core-block--paragraph\">\n      <div class=\"inner inner--small\">\n      \n<p>Blandt de 2.300 medlemsvirksomheder er b\u00e5de nogle af de st\u00f8rste danske virksomheder og en lang r\u00e6kke kommuner og regioner. Men antallet af medlemsvirksomheder skal efter \u00f8nske fra Forsvarschefen gerne \u00f8ges yderligere.<\/p>\n\n      <\/div>\n  <\/div>\n<div class=\"block core-block core-block--paragraph\">\n      <div class=\"inner inner--small\">\n      \n<p>\u201dDet er noget, vi vil satse meget p\u00e5 fremadrettet. B\u00e5de gennem vores kommende front desk og nye muligheder for som virksomhed at engagere sig i dansk forsvar og beredskab og gennem det store rekrutteringsarbejde, der foreg\u00e5r lokalt gennem vores regionale sekretariater og InterForce Gr\u00f8nland,\u201d siger Simon Staffeldt Schou.<\/p>\n\n      <\/div>\n  <\/div>\n<div class=\"block core-block core-block--heading\">\n      <div class=\"inner inner--small\">\n      \n<h3 class=\"wp-block-heading\">Tal p\u00e5 Reservestyrken<\/h3>\n\n      <\/div>\n  <\/div>\n<div class=\"block core-block core-block--paragraph\">\n      <div class=\"inner inner--small\">\n      \n<p>I Danmark er der cirka 3.000 reservister, der har r\u00e5dighedskontrakt med Forsvaret, Hjemmev\u00e6rnet eller Beredskabsstyrelsen. Dertil kommer en stor m\u00e6ngde frivillige, som fordeler sig med ca. 43.000 frivillige i Hjemmev\u00e6rnet, hvoraf godt 13.000 er aktive, samt ca. 450 frivillige i Beredskabsstyrelsen og ca. 200 frivillige i Kystredningstjenesten.<\/p>\n\n      <\/div>\n  <\/div>\n<div class=\"block core-block core-block--paragraph\">\n      <div class=\"inner inner--small\">\n      \n<p>Det varierer meget, hvor mange timer reservisterne l\u00e6gger. En unders\u00f8gelse fra InterForce viser, at de aktive i gennemsnit g\u00f8r tjeneste mellem 10 og 20 dage \u00e5rligt. Dem, der har flest dage, har over 30 tjenestedage om \u00e5ret. Unders\u00f8gelsen viste dog ogs\u00e5, at det er cirka 10 procent af reservisterne, som st\u00e5r for 90 procent af dagene i uniform. I Hjemmev\u00e6rnet ydede de ca. 13.000 frivillige knap 2,3 millioner timers frivillig tjeneste i 2022. Det svarer til ca. 170 timer i gennemsnit for hver enkel hjemmev\u00e6rnsfrivillig.<\/p>\n\n      <\/div>\n  <\/div>\n<div class=\"block core-block core-block--paragraph\">\n      <div class=\"inner inner--small\">\n      \n<p>L\u00e6s ogs\u00e5: <a href=\"https:\/\/www.interforce.dk\/kl\/?p=14897\">Sooq InterForce tapersersussavarput?<\/a><\/p>\n\n      <\/div>\n  <\/div>","protected":false},"excerpt":{"rendered":"Den aktuelle sikkerhedspolitiske situation i verden har givet en st\u00f8rre forsvar...","protected":false},"author":126,"featured_media":14943,"comment_status":"closed","ping_status":"closed","sticky":false,"template":"","format":"standard","meta":{"_acf_changed":false,"footnotes":""},"categories":[12],"tags":[97],"class_list":["post-14940","post","type-post","status-publish","format-standard","has-post-thumbnail","hentry","category-nyt-om-if","tag-interforce"],"acf":[],"yoast_head":"<!-- This site is optimized with the Yoast SEO plugin v27.3 - https:\/\/yoast.com\/product\/yoast-seo-wordpress\/ -->\n<title>InterForce i udvikling - InterForce<\/title>\n<meta name=\"description\" content=\"Den aktuelle sikkerhedspolitiske situation i verden har givet en st\u00f8rre forsvarsvilje i samfundet. Den skal InterForce bygge videre p\u00e5.\" \/>\n<meta name=\"robots\" content=\"index, follow, max-snippet:-1, max-image-preview:large, max-video-preview:-1\" \/>\n<link rel=\"canonical\" href=\"http:\/\/localhost\/interforce-i-udvikling\/\" \/>\n<meta property=\"og:locale\" content=\"en_US\" \/>\n<meta property=\"og:type\" content=\"article\" \/>\n<meta property=\"og:title\" content=\"InterForce i udvikling - InterForce\" \/>\n<meta property=\"og:description\" content=\"Den aktuelle sikkerhedspolitiske situation i verden har givet en st\u00f8rre forsvarsvilje i samfundet. Den skal InterForce bygge videre p\u00e5.\" \/>\n<meta property=\"og:url\" content=\"http:\/\/localhost\/interforce-i-udvikling\/\" \/>\n<meta property=\"og:site_name\" content=\"InterForce\" \/>\n<meta property=\"article:published_time\" content=\"2023-12-07T11:30:00+00:00\" \/>\n<meta property=\"og:image\" content=\"http:\/\/localhost\/app\/uploads\/2023\/10\/InterFore-i-udvikling-3-scaled.jpg\" \/>\n\t<meta property=\"og:image:width\" content=\"2560\" \/>\n\t<meta property=\"og:image:height\" content=\"1710\" \/>\n\t<meta property=\"og:image:type\" content=\"image\/jpeg\" \/>\n<meta name=\"author\" content=\"Michael Aagaard Jensen\" \/>\n<meta name=\"twitter:card\" content=\"summary_large_image\" \/>\n<meta name=\"twitter:label1\" content=\"Written by\" \/>\n\t<meta name=\"twitter:data1\" content=\"Michael Aagaard Jensen\" \/>\n\t<meta name=\"twitter:label2\" content=\"Est. reading time\" \/>\n\t<meta name=\"twitter:data2\" content=\"7 minutes\" \/>\n<script type=\"application\/ld+json\" class=\"yoast-schema-graph\">{\"@context\":\"https:\\\/\\\/schema.org\",\"@graph\":[{\"@type\":\"Article\",\"@id\":\"http:\\\/\\\/localhost\\\/interforce-i-udvikling\\\/#article\",\"isPartOf\":{\"@id\":\"http:\\\/\\\/localhost\\\/interforce-i-udvikling\\\/\"},\"author\":{\"name\":\"Michael Aagaard Jensen\",\"@id\":\"https:\\\/\\\/www.interforce.dk\\\/#\\\/schema\\\/person\\\/95cb47aff0372c47ba3a215069826c98\"},\"headline\":\"InterForce i udvikling\",\"datePublished\":\"2023-12-07T11:30:00+00:00\",\"mainEntityOfPage\":{\"@id\":\"http:\\\/\\\/localhost\\\/interforce-i-udvikling\\\/\"},\"wordCount\":1460,\"image\":{\"@id\":\"http:\\\/\\\/localhost\\\/interforce-i-udvikling\\\/#primaryimage\"},\"thumbnailUrl\":\"https:\\\/\\\/www.interforce.dk\\\/app\\\/uploads\\\/2023\\\/10\\\/InterFore-i-udvikling-3-scaled.jpg\",\"keywords\":[\"InterForce\"],\"articleSection\":[\"Nyheder om InterForce\"],\"inLanguage\":\"kl-GL\"},{\"@type\":\"WebPage\",\"@id\":\"http:\\\/\\\/localhost\\\/interforce-i-udvikling\\\/\",\"url\":\"http:\\\/\\\/localhost\\\/interforce-i-udvikling\\\/\",\"name\":\"InterForce i udvikling - InterForce\",\"isPartOf\":{\"@id\":\"https:\\\/\\\/www.interforce.dk\\\/#website\"},\"primaryImageOfPage\":{\"@id\":\"http:\\\/\\\/localhost\\\/interforce-i-udvikling\\\/#primaryimage\"},\"image\":{\"@id\":\"http:\\\/\\\/localhost\\\/interforce-i-udvikling\\\/#primaryimage\"},\"thumbnailUrl\":\"https:\\\/\\\/www.interforce.dk\\\/app\\\/uploads\\\/2023\\\/10\\\/InterFore-i-udvikling-3-scaled.jpg\",\"datePublished\":\"2023-12-07T11:30:00+00:00\",\"author\":{\"@id\":\"https:\\\/\\\/www.interforce.dk\\\/#\\\/schema\\\/person\\\/95cb47aff0372c47ba3a215069826c98\"},\"description\":\"Den aktuelle sikkerhedspolitiske situation i verden har givet en st\u00f8rre forsvarsvilje i samfundet. Den skal InterForce bygge videre p\u00e5.\",\"breadcrumb\":{\"@id\":\"http:\\\/\\\/localhost\\\/interforce-i-udvikling\\\/#breadcrumb\"},\"inLanguage\":\"kl-GL\",\"potentialAction\":[{\"@type\":\"ReadAction\",\"target\":[\"http:\\\/\\\/localhost\\\/interforce-i-udvikling\\\/\"]}]},{\"@type\":\"ImageObject\",\"inLanguage\":\"kl-GL\",\"@id\":\"http:\\\/\\\/localhost\\\/interforce-i-udvikling\\\/#primaryimage\",\"url\":\"https:\\\/\\\/www.interforce.dk\\\/app\\\/uploads\\\/2023\\\/10\\\/InterFore-i-udvikling-3-scaled.jpg\",\"contentUrl\":\"https:\\\/\\\/www.interforce.dk\\\/app\\\/uploads\\\/2023\\\/10\\\/InterFore-i-udvikling-3-scaled.jpg\",\"width\":2560,\"height\":1710},{\"@type\":\"BreadcrumbList\",\"@id\":\"http:\\\/\\\/localhost\\\/interforce-i-udvikling\\\/#breadcrumb\",\"itemListElement\":[{\"@type\":\"ListItem\",\"position\":1,\"name\":\"Hjem\",\"item\":\"https:\\\/\\\/www.interforce.dk\\\/\"},{\"@type\":\"ListItem\",\"position\":2,\"name\":\"InterForce i udvikling\"}]},{\"@type\":\"WebSite\",\"@id\":\"https:\\\/\\\/www.interforce.dk\\\/#website\",\"url\":\"https:\\\/\\\/www.interforce.dk\\\/\",\"name\":\"InterForce\",\"description\":\"\",\"potentialAction\":[{\"@type\":\"SearchAction\",\"target\":{\"@type\":\"EntryPoint\",\"urlTemplate\":\"https:\\\/\\\/www.interforce.dk\\\/?s={search_term_string}\"},\"query-input\":{\"@type\":\"PropertyValueSpecification\",\"valueRequired\":true,\"valueName\":\"search_term_string\"}}],\"inLanguage\":\"kl-GL\"},{\"@type\":\"Person\",\"@id\":\"https:\\\/\\\/www.interforce.dk\\\/#\\\/schema\\\/person\\\/95cb47aff0372c47ba3a215069826c98\",\"name\":\"Michael Aagaard Jensen\",\"image\":{\"@type\":\"ImageObject\",\"inLanguage\":\"kl-GL\",\"@id\":\"https:\\\/\\\/secure.gravatar.com\\\/avatar\\\/0c68cdb297c5f2e6bc8131415a647562b99d6d68df04be696e85dcfc4a13e8b6?s=96&d=mm&r=g\",\"url\":\"https:\\\/\\\/secure.gravatar.com\\\/avatar\\\/0c68cdb297c5f2e6bc8131415a647562b99d6d68df04be696e85dcfc4a13e8b6?s=96&d=mm&r=g\",\"contentUrl\":\"https:\\\/\\\/secure.gravatar.com\\\/avatar\\\/0c68cdb297c5f2e6bc8131415a647562b99d6d68df04be696e85dcfc4a13e8b6?s=96&d=mm&r=g\",\"caption\":\"Michael Aagaard Jensen\"},\"url\":\"https:\\\/\\\/www.interforce.dk\\\/kl\\\/author\\\/aarsmagasinforfatter2\\\/\"}]}<\/script>\n<!-- \/ Yoast SEO plugin. -->","yoast_head_json":{"title":"InterForce i udvikling - InterForce","description":"Den aktuelle sikkerhedspolitiske situation i verden har givet en st\u00f8rre forsvarsvilje i samfundet. Den skal InterForce bygge videre p\u00e5.","robots":{"index":"index","follow":"follow","max-snippet":"max-snippet:-1","max-image-preview":"max-image-preview:large","max-video-preview":"max-video-preview:-1"},"canonical":"http:\/\/localhost\/interforce-i-udvikling\/","og_locale":"en_US","og_type":"article","og_title":"InterForce i udvikling - InterForce","og_description":"Den aktuelle sikkerhedspolitiske situation i verden har givet en st\u00f8rre forsvarsvilje i samfundet. Den skal InterForce bygge videre p\u00e5.","og_url":"http:\/\/localhost\/interforce-i-udvikling\/","og_site_name":"InterForce","article_published_time":"2023-12-07T11:30:00+00:00","og_image":[{"width":2560,"height":1710,"url":"http:\/\/localhost\/app\/uploads\/2023\/10\/InterFore-i-udvikling-3-scaled.jpg","type":"image\/jpeg"}],"author":"Michael Aagaard Jensen","twitter_card":"summary_large_image","twitter_misc":{"Written by":"Michael Aagaard Jensen","Est. reading time":"7 minutes"},"schema":{"@context":"https:\/\/schema.org","@graph":[{"@type":"Article","@id":"http:\/\/localhost\/interforce-i-udvikling\/#article","isPartOf":{"@id":"http:\/\/localhost\/interforce-i-udvikling\/"},"author":{"name":"Michael Aagaard Jensen","@id":"https:\/\/www.interforce.dk\/#\/schema\/person\/95cb47aff0372c47ba3a215069826c98"},"headline":"InterForce i udvikling","datePublished":"2023-12-07T11:30:00+00:00","mainEntityOfPage":{"@id":"http:\/\/localhost\/interforce-i-udvikling\/"},"wordCount":1460,"image":{"@id":"http:\/\/localhost\/interforce-i-udvikling\/#primaryimage"},"thumbnailUrl":"https:\/\/www.interforce.dk\/app\/uploads\/2023\/10\/InterFore-i-udvikling-3-scaled.jpg","keywords":["InterForce"],"articleSection":["Nyheder om InterForce"],"inLanguage":"kl-GL"},{"@type":"WebPage","@id":"http:\/\/localhost\/interforce-i-udvikling\/","url":"http:\/\/localhost\/interforce-i-udvikling\/","name":"InterForce i udvikling - InterForce","isPartOf":{"@id":"https:\/\/www.interforce.dk\/#website"},"primaryImageOfPage":{"@id":"http:\/\/localhost\/interforce-i-udvikling\/#primaryimage"},"image":{"@id":"http:\/\/localhost\/interforce-i-udvikling\/#primaryimage"},"thumbnailUrl":"https:\/\/www.interforce.dk\/app\/uploads\/2023\/10\/InterFore-i-udvikling-3-scaled.jpg","datePublished":"2023-12-07T11:30:00+00:00","author":{"@id":"https:\/\/www.interforce.dk\/#\/schema\/person\/95cb47aff0372c47ba3a215069826c98"},"description":"Den aktuelle sikkerhedspolitiske situation i verden har givet en st\u00f8rre forsvarsvilje i samfundet. Den skal InterForce bygge videre p\u00e5.","breadcrumb":{"@id":"http:\/\/localhost\/interforce-i-udvikling\/#breadcrumb"},"inLanguage":"kl-GL","potentialAction":[{"@type":"ReadAction","target":["http:\/\/localhost\/interforce-i-udvikling\/"]}]},{"@type":"ImageObject","inLanguage":"kl-GL","@id":"http:\/\/localhost\/interforce-i-udvikling\/#primaryimage","url":"https:\/\/www.interforce.dk\/app\/uploads\/2023\/10\/InterFore-i-udvikling-3-scaled.jpg","contentUrl":"https:\/\/www.interforce.dk\/app\/uploads\/2023\/10\/InterFore-i-udvikling-3-scaled.jpg","width":2560,"height":1710},{"@type":"BreadcrumbList","@id":"http:\/\/localhost\/interforce-i-udvikling\/#breadcrumb","itemListElement":[{"@type":"ListItem","position":1,"name":"Hjem","item":"https:\/\/www.interforce.dk\/"},{"@type":"ListItem","position":2,"name":"InterForce i udvikling"}]},{"@type":"WebSite","@id":"https:\/\/www.interforce.dk\/#website","url":"https:\/\/www.interforce.dk\/","name":"InterForce","description":"","potentialAction":[{"@type":"SearchAction","target":{"@type":"EntryPoint","urlTemplate":"https:\/\/www.interforce.dk\/?s={search_term_string}"},"query-input":{"@type":"PropertyValueSpecification","valueRequired":true,"valueName":"search_term_string"}}],"inLanguage":"kl-GL"},{"@type":"Person","@id":"https:\/\/www.interforce.dk\/#\/schema\/person\/95cb47aff0372c47ba3a215069826c98","name":"Michael Aagaard Jensen","image":{"@type":"ImageObject","inLanguage":"kl-GL","@id":"https:\/\/secure.gravatar.com\/avatar\/0c68cdb297c5f2e6bc8131415a647562b99d6d68df04be696e85dcfc4a13e8b6?s=96&d=mm&r=g","url":"https:\/\/secure.gravatar.com\/avatar\/0c68cdb297c5f2e6bc8131415a647562b99d6d68df04be696e85dcfc4a13e8b6?s=96&d=mm&r=g","contentUrl":"https:\/\/secure.gravatar.com\/avatar\/0c68cdb297c5f2e6bc8131415a647562b99d6d68df04be696e85dcfc4a13e8b6?s=96&d=mm&r=g","caption":"Michael Aagaard Jensen"},"url":"https:\/\/www.interforce.dk\/kl\/author\/aarsmagasinforfatter2\/"}]}},"_links":{"self":[{"href":"https:\/\/www.interforce.dk\/kl\/wp-json\/wp\/v2\/posts\/14940","targetHints":{"allow":["GET"]}}],"collection":[{"href":"https:\/\/www.interforce.dk\/kl\/wp-json\/wp\/v2\/posts"}],"about":[{"href":"https:\/\/www.interforce.dk\/kl\/wp-json\/wp\/v2\/types\/post"}],"author":[{"embeddable":true,"href":"https:\/\/www.interforce.dk\/kl\/wp-json\/wp\/v2\/users\/126"}],"replies":[{"embeddable":true,"href":"https:\/\/www.interforce.dk\/kl\/wp-json\/wp\/v2\/comments?post=14940"}],"version-history":[{"count":4,"href":"https:\/\/www.interforce.dk\/kl\/wp-json\/wp\/v2\/posts\/14940\/revisions"}],"predecessor-version":[{"id":14950,"href":"https:\/\/www.interforce.dk\/kl\/wp-json\/wp\/v2\/posts\/14940\/revisions\/14950"}],"wp:featuredmedia":[{"embeddable":true,"href":"https:\/\/www.interforce.dk\/kl\/wp-json\/wp\/v2\/media\/14943"}],"wp:attachment":[{"href":"https:\/\/www.interforce.dk\/kl\/wp-json\/wp\/v2\/media?parent=14940"}],"wp:term":[{"taxonomy":"category","embeddable":true,"href":"https:\/\/www.interforce.dk\/kl\/wp-json\/wp\/v2\/categories?post=14940"},{"taxonomy":"post_tag","embeddable":true,"href":"https:\/\/www.interforce.dk\/kl\/wp-json\/wp\/v2\/tags?post=14940"}],"curies":[{"name":"wp","href":"https:\/\/api.w.org\/{rel}","templated":true}]}}