{"id":14933,"date":"2023-10-24T11:30:00","date_gmt":"2023-10-24T11:30:00","guid":{"rendered":"https:\/\/www.interforce.dk\/?p=14933"},"modified":"2023-10-19T09:42:35","modified_gmt":"2023-10-19T09:42:35","slug":"vi-har-en-staerk-forsvarsvilje","status":"publish","type":"post","link":"https:\/\/www.interforce.dk\/kl\/vi-har-en-staerk-forsvarsvilje\/","title":{"rendered":"Vi har en st\u00e6rk forsvarsvilje"},"content":{"rendered":"<div class=\"block core-block core-block--paragraph\">\n      <div class=\"inner inner--small\">\n      \n<p>Tidligere formand for Folketinget Henrik Dam Kristensen (S) overtager formandsposten i InterForce. Det sker i en tid, hvor b\u00e5de <a href=\"https:\/\/www.forsvaret.dk\/da\/\">Forsvaret<\/a> og <a href=\"https:\/\/reservestyrken.dk\/\">Sakkutuut piareersimasut<\/a> vil spille en vigtigere rolle.<\/p>\n\n      <\/div>\n  <\/div>\n<div class=\"block core-block core-block--image\">\n      <div class=\"inner inner--small\">\n      \n<figure class=\"wp-block-image size-large\"><img loading=\"lazy\" decoding=\"async\" width=\"1024\" height=\"683\" src=\"https:\/\/www.interforce.dk\/app\/uploads\/2023\/10\/IMG_1786-1024x683.jpg\" alt=\"\" class=\"wp-image-14934\" srcset=\"https:\/\/www.interforce.dk\/app\/uploads\/2023\/10\/IMG_1786-1024x683.jpg 1024w, https:\/\/www.interforce.dk\/app\/uploads\/2023\/10\/IMG_1786-300x200.jpg 300w, https:\/\/www.interforce.dk\/app\/uploads\/2023\/10\/IMG_1786-768x512.jpg 768w, https:\/\/www.interforce.dk\/app\/uploads\/2023\/10\/IMG_1786-1536x1024.jpg 1536w, https:\/\/www.interforce.dk\/app\/uploads\/2023\/10\/IMG_1786-2048x1365.jpg 2048w, https:\/\/www.interforce.dk\/app\/uploads\/2023\/10\/IMG_1786-18x12.jpg 18w\" sizes=\"auto, (max-width: 1024px) 100vw, 1024px\" \/><figcaption class=\"wp-element-caption\"><em>Henrik Dam Kristensen, tidligere minister og formand for Folketinget, overtog d. 31. maj 2023 posten som InterForces formand fra S\u00f8ren Gade, den nuv\u00e6rende formand for Folketinget.<\/em><\/figcaption><\/figure>\n\n      <\/div>\n  <\/div>\n<div class=\"block core-block core-block--paragraph\">\n      <div class=\"inner inner--small\">\n      \n<p>Det er en lettere tid for Henrik Dam Kristensen. Efter intet mindre end 32 \u00e5r i Folketinget, adskillige \u00e5r som minister og godt tre \u00e5r som Folketingets formand er det en mand med lidt mere plads i kalenderen, vi m\u00f8der i centrum af K\u00f8benhavn \u2013 et godt stykke vej fra Christiansborgs lange gange.<\/p>\n\n      <\/div>\n  <\/div>\n<div class=\"block core-block core-block--paragraph\">\n      <div class=\"inner inner--small\">\n      \n<p>Men tids\u00e5nden er ikke n\u00f8dvendigvis lettere. En alvor har lagt sig over Europa efter Ruslands invasion af Ukraine i februar 2022. Derudover er forsvaret kommet p\u00e5 dagsordenen med en tyngde, vi ikke har set i generationer. Alvoren har rodf\u00e6stet sig i befolkningen i form af en forsvarsvilje og en politisk vilje til at prioritere forsvaret.<\/p>\n\n      <\/div>\n  <\/div>\n<div class=\"block core-block core-block--paragraph\">\n      <div class=\"inner inner--small\">\n      \n<p>\u201dSom mange andre var jeg til et arrangement den 4. maj, og jeg tror ikke, at jeg f\u00f8r har set s\u00e5 mange mennesker til den type arrangementer. I hvert fald ikke de sidste mange \u00e5r. Jeg er ikke i tvivl om, at danskerne \u2013 og resten af den vestlige verden \u2013 er klar over, at der er nogle prioriteter, som ser anderledes ud i dag, end for blot f\u00e5 \u00e5r siden,\u201d indleder Henrik Dam Kristensen.<\/p>\n\n      <\/div>\n  <\/div>\n<div class=\"block core-block core-block--heading\">\n      <div class=\"inner inner--small\">\n      \n<h2 class=\"wp-block-heading\">Kampen om sandheden<\/h2>\n\n      <\/div>\n  <\/div>\n<div class=\"block core-block core-block--paragraph\">\n      <div class=\"inner inner--small\">\n      \n<p>Med en fortid som forsvarsordf\u00f8rer i Socialdemokratiet s\u00e5 Henrik Dam Kristensen det som oplagt at \u201dbytte plads\u201d med S\u00f8ren Gade (V), der er den afg\u00e5ende formand for InterForce &#8211; og ny formand for Folketinget. Alvoren handler ikke blot om, at der er krig i Europa. Alvoren understreges ogs\u00e5 af m\u00e5den, der er krig p\u00e5.<\/p>\n\n      <\/div>\n  <\/div>\n<div class=\"block core-block core-block--paragraph\">\n      <div class=\"inner inner--small\">\n      \n<p>\u201dVi har en gammeldags krig i Ukraine. Men vi har ogs\u00e5 en krig, der handler om kampen om sandheden. Misinformation og fake news er blevet en del af hverdagen, som bl.a. DR har afsl\u00f8ret. Cyberangreb er ogs\u00e5 blevet en del af krigen. Vi har en ny virkelighed, hvor en fjende kan l\u00e6gge sundhedsv\u00e6snet eller elnettet ned,\u201d siger Henrik Dam Kristensen, der tilf\u00f8jer, at den nye virkelighed stiller krav til en st\u00e6rk folkelig opbakning.<\/p>\n\n      <\/div>\n  <\/div>\n<div class=\"block core-block core-block--paragraph\">\n      <div class=\"inner inner--small\">\n      \n<p>\u201dDet betyder, at der skal v\u00e6re tilstr\u00e6kkeligt mange, som vil arbejde inden for forsvaret. Og at der skal v\u00e6re en folkelig opbakning og forst\u00e5else for, at vi investerer i forsvaret. Men det er mit indtryk, n\u00e5r jeg taler med folk, at der er en forsvarsvilje. Der er en alvor i den danske befolkning om, at her er nogle vigtige beslutninger, som m\u00e5 tages,\u201d siger Henrik Dam Kristensen.<\/p>\n\n      <\/div>\n  <\/div>\n<div class=\"block core-block core-block--heading\">\n      <div class=\"inner inner--small\">\n      \n<h2 class=\"wp-block-heading\">Reservestyrken spiller en vigtig rolle<\/h2>\n\n      <\/div>\n  <\/div>\n<div class=\"block core-block core-block--paragraph\">\n      <div class=\"inner inner--small\">\n      \n<p>Ikke mindst Reservestyrken er vigtig for at l\u00f8se opgaven med at skaffe h\u00e6nder nok og med at agere ambassad\u00f8rer for forsvaret.<\/p>\n\n      <\/div>\n  <\/div>\n<div class=\"block core-block core-block--paragraph\">\n      <div class=\"inner inner--small\">\n      \n<p>\u201dReservestyrken spiller en vigtig rolle i forhold til kapaciteten og de evner, forsvaret har til r\u00e5dighed i afg\u00f8rende situationer. Men Reservestyrken betyder ogs\u00e5 meget for forsvarsviljen. De mennesker, der er i reserven, synligg\u00f8r det for befolkningen. Og ikke mindst Hjemmev\u00e6rnet betyder meget for den folkelige forankring. Hjemmev\u00e6rnet er synlige i en masse situationer i fredstid,\u201d siger Henrik Dam.<\/p>\n\n      <\/div>\n  <\/div>\n<div class=\"block core-block core-block--paragraph\">\n      <div class=\"inner inner--small\">\n      \n<p>Ligesom der er en forsvarsvilje i befolkningen, er det vigtigt at have erhvervslivet med i samtalen.<\/p>\n\n      <\/div>\n  <\/div>\n<div class=\"block core-block core-block--paragraph\">\n      <div class=\"inner inner--small\">\n      \n<p>\u201dDet, som gennemsyrer de udfordringer, vi st\u00e5r overfor, er, at det ikke kun er \u00e9n brik, der skal falde p\u00e5 plads. Der er mange brikker, og en af dem er, at der skal v\u00e6re en dialog mellem forsvaret og virksomheder. Virksomhederne skal have forst\u00e5else for, at man har ansatte, der ogs\u00e5 g\u00f8r en indsats i forsvaret. Det giver dem nogle kompetencer inden for ledelse og personlig udvikling, og det er klart mit indtryk, at virksomhederne forst\u00e5r det,\u201d siger Dam Kristensen, der understreger, at netop samtalen mellem erhvervslivet og forsvaret er vigtig.<\/p>\n\n      <\/div>\n  <\/div>\n<div class=\"block core-block core-block--paragraph\">\n      <div class=\"inner inner--small\">\n      \n<p>\u201dVi skal skabe en forst\u00e5else, der g\u00e5r begge veje. Forsvaret skal selvf\u00f8lgelig ogs\u00e5 forst\u00e5, hvilke udfordringer det kan skabe for virksomhederne. Men her i Grundtvigs f\u00e6dreland har det jo aldrig v\u00e6ret en d\u00e5rlig ide at m\u00f8des og tage en dialog om det,\u201d fort\u00e6ller Henrik Dam Kristensen. Han skal videre til et andet m\u00f8de i en af de bestyrelser, der bl.a. har v\u00e6ret med til at fylde hullerne i kalenderen, efter at han er stoppet i Folketinget.<\/p>\n\n      <\/div>\n  <\/div>\n<div class=\"block core-block core-block--paragraph\">\n      <div class=\"inner inner--small\">\n      \n<p>Ud over formandsjobbet i InterForce sidder han bl.a. Sydslesvigudvalget og bestyrelsen i Billund Kommunes Museer. Der er ogs\u00e5 blevet til foredrag i hele landet \u2013 og mere tid til barnebarnet.<\/p>\n\n      <\/div>\n  <\/div>\n<div class=\"block core-block core-block--paragraph\">\n      <div class=\"inner inner--small\">\n      \n<p>\u201dMan starter med at lede efter livet uden for Christiansborg, n\u00e5r man stopper efter 32 \u00e5r. Det synes jeg, at jeg er ved at finde. Jeg har altid cyklet meget, men har aldrig haft tid til at tr\u00e6ne p\u00e5 faste tidspunkter. Det har jeg nu, \u201d lyder det fra det tidligere postbud fra Vorbasse.<\/p>\n\n      <\/div>\n  <\/div>\n<div class=\"block core-block core-block--heading\">\n      <div class=\"inner inner--small\">\n      \n<h3 class=\"wp-block-heading\">Henrik Dam: S har intet at undskylde<\/h3>\n\n      <\/div>\n  <\/div>\n<div class=\"block core-block core-block--paragraph\">\n      <div class=\"inner inner--small\">\n      \n<p>I dag er der bred enighed om Danmarks sikkerhedspolitik. Men s\u00e5dan har det ikke altid v\u00e6ret, og den dag i dag kan fodnotepolitikken i 1980erne give anledning til diskussion \u2013 ikke mindst om Socialdemokratiets rolle.<\/p>\n\n      <\/div>\n  <\/div>\n<div class=\"block core-block core-block--paragraph\">\n      <div class=\"inner inner--small\">\n      \n<p>Henrik Dam har v\u00e6ret i partiet gennem alle \u00e5rene, og han understreger, at Socialdemokratiet altid har v\u00e6ret et forsvarsvilligt og forsvarsvenligt parti.<\/p>\n\n      <\/div>\n  <\/div>\n<div class=\"block core-block core-block--paragraph\">\n      <div class=\"inner inner--small\">\n      \n<p>\u201dSocialdemokratiet har altid bakket op om forsvaret, og vi var drivkraft for, at vi i sin tid kom med i NATO. Fodnotepolitikken var en anden tid, og spillede en anden rolle. Det var ogs\u00e5 en tid med en vanvittig atomoprustning. I dag vil jeg da gerne anerkende Ronald Reagans indsats. Men jeg synes ikke, at man kan definere Socialdemokratiets forsvarsvilje gennem en fodnotepolitik, der handlede om en specifik del af oprustningen,\u201d siger Henrik Dam Kristensen, der understreger, at han godt kan \u201dst\u00e5 p\u00e5 m\u00e5l for Socialdemokratiets forsvarsvilje gennem historien\u201d.<\/p>\n\n      <\/div>\n  <\/div>\n<div class=\"block core-block core-block--paragraph\">\n      <div class=\"inner inner--small\">\n      \n<p>Det g\u00e6lder ogs\u00e5 forsvarspolitikken i 1990errne, hvor der blev h\u00f8stet den s\u00e5kaldte fredsdividende, og hvor der blev foretaget store nedsk\u00e6ringer i forsvaret.<\/p>\n\n      <\/div>\n  <\/div>\n<div class=\"block core-block core-block--paragraph\">\n      <div class=\"inner inner--small\">\n      \n<p>\u201dDet er nemt at v\u00e6re bagklog i politik. Vi oplevede jo, at Den Kolde Krig var slut. Og vi troede, at \u00d8sters\u00f8en skulle v\u00e6re \u201dfredens hav\u201d. Det blev den ikke. Samtidig var der mange andre udgifter, der pressede sig p\u00e5 inden for velf\u00e6rd, uddannelse osv. Forsvaret blev sk\u00e5ret helt ind til benene. Men nu synes jeg, at vi er gode til at genopbygge det.<\/p>\n\n      <\/div>\n  <\/div>\n<div class=\"block core-block core-block--paragraph\">\n      <div class=\"inner inner--small\">\n      \n<p>Henrik Dam Kristensen var selv med til at forhandle forsvarsforliget for perioden 2018-2023 p\u00e5 plads.<\/p>\n\n      <\/div>\n  <\/div>\n<div class=\"block core-block core-block--paragraph\">\n      <div class=\"inner inner--small\">\n      \n<p>L\u00e6s ogs\u00e5: <a href=\"https:\/\/www.interforce.dk\/kl\/?p=14951\">Vi lever i usikre tider<\/a><\/p>\n\n      <\/div>\n  <\/div>","protected":false},"excerpt":{"rendered":"&#8220;Vi har en st\u00e6rk forsvarsvilje&#8221; siger tidligere formand for Folketi...","protected":false},"author":125,"featured_media":14934,"comment_status":"closed","ping_status":"closed","sticky":false,"template":"","format":"standard","meta":{"_acf_changed":false,"footnotes":""},"categories":[12,157],"tags":[97],"class_list":["post-14933","post","type-post","status-publish","format-standard","has-post-thumbnail","hentry","category-nyt-om-if","category-reservestyrken","tag-interforce"],"acf":[],"yoast_head":"<!-- This site is optimized with the Yoast SEO plugin v27.3 - https:\/\/yoast.com\/product\/yoast-seo-wordpress\/ -->\n<title>Vi har en st\u00e6rk forsvarsvilje - InterForce<\/title>\n<meta name=\"description\" content=\"&quot;Vi har en st\u00e6rk forsvarsvilje&quot; siger tidligere formand for Folketinget Henrik Dam Kristensen (S), der overtager formandsposten i InterForce.\" \/>\n<meta name=\"robots\" content=\"index, follow, max-snippet:-1, max-image-preview:large, max-video-preview:-1\" \/>\n<link rel=\"canonical\" href=\"http:\/\/localhost\/vi-har-en-staerk-forsvarsvilje\/\" \/>\n<meta property=\"og:locale\" content=\"en_US\" \/>\n<meta property=\"og:type\" content=\"article\" \/>\n<meta property=\"og:title\" content=\"Vi har en st\u00e6rk forsvarsvilje - InterForce\" \/>\n<meta property=\"og:description\" content=\"&quot;Vi har en st\u00e6rk forsvarsvilje&quot; siger tidligere formand for Folketinget Henrik Dam Kristensen (S), der overtager formandsposten i InterForce.\" \/>\n<meta property=\"og:url\" content=\"http:\/\/localhost\/vi-har-en-staerk-forsvarsvilje\/\" \/>\n<meta property=\"og:site_name\" content=\"InterForce\" \/>\n<meta property=\"article:published_time\" content=\"2023-10-24T11:30:00+00:00\" \/>\n<meta property=\"og:image\" content=\"http:\/\/localhost\/app\/uploads\/2023\/10\/IMG_1786-scaled.jpg\" \/>\n\t<meta property=\"og:image:width\" content=\"2560\" \/>\n\t<meta property=\"og:image:height\" content=\"1707\" \/>\n\t<meta property=\"og:image:type\" content=\"image\/jpeg\" \/>\n<meta name=\"author\" content=\"Michael Rachlin\" \/>\n<meta name=\"twitter:card\" content=\"summary_large_image\" \/>\n<meta name=\"twitter:label1\" content=\"Written by\" \/>\n\t<meta name=\"twitter:data1\" content=\"Michael Rachlin\" \/>\n\t<meta name=\"twitter:label2\" content=\"Est. reading time\" \/>\n\t<meta name=\"twitter:data2\" content=\"5 minutes\" \/>\n<script type=\"application\/ld+json\" class=\"yoast-schema-graph\">{\"@context\":\"https:\\\/\\\/schema.org\",\"@graph\":[{\"@type\":\"Article\",\"@id\":\"http:\\\/\\\/localhost\\\/vi-har-en-staerk-forsvarsvilje\\\/#article\",\"isPartOf\":{\"@id\":\"http:\\\/\\\/localhost\\\/vi-har-en-staerk-forsvarsvilje\\\/\"},\"author\":{\"name\":\"Michael Rachlin\",\"@id\":\"https:\\\/\\\/www.interforce.dk\\\/#\\\/schema\\\/person\\\/a7a0f5b8f9d025e1ab28f6ec11fabf22\"},\"headline\":\"Vi har en st\u00e6rk forsvarsvilje\",\"datePublished\":\"2023-10-24T11:30:00+00:00\",\"mainEntityOfPage\":{\"@id\":\"http:\\\/\\\/localhost\\\/vi-har-en-staerk-forsvarsvilje\\\/\"},\"wordCount\":1105,\"image\":{\"@id\":\"http:\\\/\\\/localhost\\\/vi-har-en-staerk-forsvarsvilje\\\/#primaryimage\"},\"thumbnailUrl\":\"https:\\\/\\\/www.interforce.dk\\\/app\\\/uploads\\\/2023\\\/10\\\/IMG_1786-scaled.jpg\",\"keywords\":[\"InterForce\"],\"articleSection\":[\"Nyheder om InterForce\",\"Reservestyrken\"],\"inLanguage\":\"kl-GL\"},{\"@type\":\"WebPage\",\"@id\":\"http:\\\/\\\/localhost\\\/vi-har-en-staerk-forsvarsvilje\\\/\",\"url\":\"http:\\\/\\\/localhost\\\/vi-har-en-staerk-forsvarsvilje\\\/\",\"name\":\"Vi har en st\u00e6rk forsvarsvilje - InterForce\",\"isPartOf\":{\"@id\":\"https:\\\/\\\/www.interforce.dk\\\/#website\"},\"primaryImageOfPage\":{\"@id\":\"http:\\\/\\\/localhost\\\/vi-har-en-staerk-forsvarsvilje\\\/#primaryimage\"},\"image\":{\"@id\":\"http:\\\/\\\/localhost\\\/vi-har-en-staerk-forsvarsvilje\\\/#primaryimage\"},\"thumbnailUrl\":\"https:\\\/\\\/www.interforce.dk\\\/app\\\/uploads\\\/2023\\\/10\\\/IMG_1786-scaled.jpg\",\"datePublished\":\"2023-10-24T11:30:00+00:00\",\"author\":{\"@id\":\"https:\\\/\\\/www.interforce.dk\\\/#\\\/schema\\\/person\\\/a7a0f5b8f9d025e1ab28f6ec11fabf22\"},\"description\":\"\\\"Vi har en st\u00e6rk forsvarsvilje\\\" siger tidligere formand for Folketinget Henrik Dam Kristensen (S), der overtager formandsposten i InterForce.\",\"breadcrumb\":{\"@id\":\"http:\\\/\\\/localhost\\\/vi-har-en-staerk-forsvarsvilje\\\/#breadcrumb\"},\"inLanguage\":\"kl-GL\",\"potentialAction\":[{\"@type\":\"ReadAction\",\"target\":[\"http:\\\/\\\/localhost\\\/vi-har-en-staerk-forsvarsvilje\\\/\"]}]},{\"@type\":\"ImageObject\",\"inLanguage\":\"kl-GL\",\"@id\":\"http:\\\/\\\/localhost\\\/vi-har-en-staerk-forsvarsvilje\\\/#primaryimage\",\"url\":\"https:\\\/\\\/www.interforce.dk\\\/app\\\/uploads\\\/2023\\\/10\\\/IMG_1786-scaled.jpg\",\"contentUrl\":\"https:\\\/\\\/www.interforce.dk\\\/app\\\/uploads\\\/2023\\\/10\\\/IMG_1786-scaled.jpg\",\"width\":2560,\"height\":1707},{\"@type\":\"BreadcrumbList\",\"@id\":\"http:\\\/\\\/localhost\\\/vi-har-en-staerk-forsvarsvilje\\\/#breadcrumb\",\"itemListElement\":[{\"@type\":\"ListItem\",\"position\":1,\"name\":\"Hjem\",\"item\":\"https:\\\/\\\/www.interforce.dk\\\/\"},{\"@type\":\"ListItem\",\"position\":2,\"name\":\"Vi har en st\u00e6rk forsvarsvilje\"}]},{\"@type\":\"WebSite\",\"@id\":\"https:\\\/\\\/www.interforce.dk\\\/#website\",\"url\":\"https:\\\/\\\/www.interforce.dk\\\/\",\"name\":\"InterForce\",\"description\":\"\",\"potentialAction\":[{\"@type\":\"SearchAction\",\"target\":{\"@type\":\"EntryPoint\",\"urlTemplate\":\"https:\\\/\\\/www.interforce.dk\\\/?s={search_term_string}\"},\"query-input\":{\"@type\":\"PropertyValueSpecification\",\"valueRequired\":true,\"valueName\":\"search_term_string\"}}],\"inLanguage\":\"kl-GL\"},{\"@type\":\"Person\",\"@id\":\"https:\\\/\\\/www.interforce.dk\\\/#\\\/schema\\\/person\\\/a7a0f5b8f9d025e1ab28f6ec11fabf22\",\"name\":\"Michael Rachlin\",\"image\":{\"@type\":\"ImageObject\",\"inLanguage\":\"kl-GL\",\"@id\":\"https:\\\/\\\/secure.gravatar.com\\\/avatar\\\/6a73d85c58906b20cbb1d266f868edc9bee7a0c2b7b3c48b3849307a56dd22be?s=96&d=mm&r=g\",\"url\":\"https:\\\/\\\/secure.gravatar.com\\\/avatar\\\/6a73d85c58906b20cbb1d266f868edc9bee7a0c2b7b3c48b3849307a56dd22be?s=96&d=mm&r=g\",\"contentUrl\":\"https:\\\/\\\/secure.gravatar.com\\\/avatar\\\/6a73d85c58906b20cbb1d266f868edc9bee7a0c2b7b3c48b3849307a56dd22be?s=96&d=mm&r=g\",\"caption\":\"Michael Rachlin\"},\"url\":\"https:\\\/\\\/www.interforce.dk\\\/kl\\\/author\\\/aarsmagasinforfatter1\\\/\"}]}<\/script>\n<!-- \/ Yoast SEO plugin. -->","yoast_head_json":{"title":"Vi har en st\u00e6rk forsvarsvilje - InterForce","description":"\"Vi har en st\u00e6rk forsvarsvilje\" siger tidligere formand for Folketinget Henrik Dam Kristensen (S), der overtager formandsposten i InterForce.","robots":{"index":"index","follow":"follow","max-snippet":"max-snippet:-1","max-image-preview":"max-image-preview:large","max-video-preview":"max-video-preview:-1"},"canonical":"http:\/\/localhost\/vi-har-en-staerk-forsvarsvilje\/","og_locale":"en_US","og_type":"article","og_title":"Vi har en st\u00e6rk forsvarsvilje - InterForce","og_description":"\"Vi har en st\u00e6rk forsvarsvilje\" siger tidligere formand for Folketinget Henrik Dam Kristensen (S), der overtager formandsposten i InterForce.","og_url":"http:\/\/localhost\/vi-har-en-staerk-forsvarsvilje\/","og_site_name":"InterForce","article_published_time":"2023-10-24T11:30:00+00:00","og_image":[{"width":2560,"height":1707,"url":"http:\/\/localhost\/app\/uploads\/2023\/10\/IMG_1786-scaled.jpg","type":"image\/jpeg"}],"author":"Michael Rachlin","twitter_card":"summary_large_image","twitter_misc":{"Written by":"Michael Rachlin","Est. reading time":"5 minutes"},"schema":{"@context":"https:\/\/schema.org","@graph":[{"@type":"Article","@id":"http:\/\/localhost\/vi-har-en-staerk-forsvarsvilje\/#article","isPartOf":{"@id":"http:\/\/localhost\/vi-har-en-staerk-forsvarsvilje\/"},"author":{"name":"Michael Rachlin","@id":"https:\/\/www.interforce.dk\/#\/schema\/person\/a7a0f5b8f9d025e1ab28f6ec11fabf22"},"headline":"Vi har en st\u00e6rk forsvarsvilje","datePublished":"2023-10-24T11:30:00+00:00","mainEntityOfPage":{"@id":"http:\/\/localhost\/vi-har-en-staerk-forsvarsvilje\/"},"wordCount":1105,"image":{"@id":"http:\/\/localhost\/vi-har-en-staerk-forsvarsvilje\/#primaryimage"},"thumbnailUrl":"https:\/\/www.interforce.dk\/app\/uploads\/2023\/10\/IMG_1786-scaled.jpg","keywords":["InterForce"],"articleSection":["Nyheder om InterForce","Reservestyrken"],"inLanguage":"kl-GL"},{"@type":"WebPage","@id":"http:\/\/localhost\/vi-har-en-staerk-forsvarsvilje\/","url":"http:\/\/localhost\/vi-har-en-staerk-forsvarsvilje\/","name":"Vi har en st\u00e6rk forsvarsvilje - InterForce","isPartOf":{"@id":"https:\/\/www.interforce.dk\/#website"},"primaryImageOfPage":{"@id":"http:\/\/localhost\/vi-har-en-staerk-forsvarsvilje\/#primaryimage"},"image":{"@id":"http:\/\/localhost\/vi-har-en-staerk-forsvarsvilje\/#primaryimage"},"thumbnailUrl":"https:\/\/www.interforce.dk\/app\/uploads\/2023\/10\/IMG_1786-scaled.jpg","datePublished":"2023-10-24T11:30:00+00:00","author":{"@id":"https:\/\/www.interforce.dk\/#\/schema\/person\/a7a0f5b8f9d025e1ab28f6ec11fabf22"},"description":"\"Vi har en st\u00e6rk forsvarsvilje\" siger tidligere formand for Folketinget Henrik Dam Kristensen (S), der overtager formandsposten i InterForce.","breadcrumb":{"@id":"http:\/\/localhost\/vi-har-en-staerk-forsvarsvilje\/#breadcrumb"},"inLanguage":"kl-GL","potentialAction":[{"@type":"ReadAction","target":["http:\/\/localhost\/vi-har-en-staerk-forsvarsvilje\/"]}]},{"@type":"ImageObject","inLanguage":"kl-GL","@id":"http:\/\/localhost\/vi-har-en-staerk-forsvarsvilje\/#primaryimage","url":"https:\/\/www.interforce.dk\/app\/uploads\/2023\/10\/IMG_1786-scaled.jpg","contentUrl":"https:\/\/www.interforce.dk\/app\/uploads\/2023\/10\/IMG_1786-scaled.jpg","width":2560,"height":1707},{"@type":"BreadcrumbList","@id":"http:\/\/localhost\/vi-har-en-staerk-forsvarsvilje\/#breadcrumb","itemListElement":[{"@type":"ListItem","position":1,"name":"Hjem","item":"https:\/\/www.interforce.dk\/"},{"@type":"ListItem","position":2,"name":"Vi har en st\u00e6rk forsvarsvilje"}]},{"@type":"WebSite","@id":"https:\/\/www.interforce.dk\/#website","url":"https:\/\/www.interforce.dk\/","name":"InterForce","description":"","potentialAction":[{"@type":"SearchAction","target":{"@type":"EntryPoint","urlTemplate":"https:\/\/www.interforce.dk\/?s={search_term_string}"},"query-input":{"@type":"PropertyValueSpecification","valueRequired":true,"valueName":"search_term_string"}}],"inLanguage":"kl-GL"},{"@type":"Person","@id":"https:\/\/www.interforce.dk\/#\/schema\/person\/a7a0f5b8f9d025e1ab28f6ec11fabf22","name":"Michael Rachlin","image":{"@type":"ImageObject","inLanguage":"kl-GL","@id":"https:\/\/secure.gravatar.com\/avatar\/6a73d85c58906b20cbb1d266f868edc9bee7a0c2b7b3c48b3849307a56dd22be?s=96&d=mm&r=g","url":"https:\/\/secure.gravatar.com\/avatar\/6a73d85c58906b20cbb1d266f868edc9bee7a0c2b7b3c48b3849307a56dd22be?s=96&d=mm&r=g","contentUrl":"https:\/\/secure.gravatar.com\/avatar\/6a73d85c58906b20cbb1d266f868edc9bee7a0c2b7b3c48b3849307a56dd22be?s=96&d=mm&r=g","caption":"Michael Rachlin"},"url":"https:\/\/www.interforce.dk\/kl\/author\/aarsmagasinforfatter1\/"}]}},"_links":{"self":[{"href":"https:\/\/www.interforce.dk\/kl\/wp-json\/wp\/v2\/posts\/14933","targetHints":{"allow":["GET"]}}],"collection":[{"href":"https:\/\/www.interforce.dk\/kl\/wp-json\/wp\/v2\/posts"}],"about":[{"href":"https:\/\/www.interforce.dk\/kl\/wp-json\/wp\/v2\/types\/post"}],"author":[{"embeddable":true,"href":"https:\/\/www.interforce.dk\/kl\/wp-json\/wp\/v2\/users\/125"}],"replies":[{"embeddable":true,"href":"https:\/\/www.interforce.dk\/kl\/wp-json\/wp\/v2\/comments?post=14933"}],"version-history":[{"count":6,"href":"https:\/\/www.interforce.dk\/kl\/wp-json\/wp\/v2\/posts\/14933\/revisions"}],"predecessor-version":[{"id":15028,"href":"https:\/\/www.interforce.dk\/kl\/wp-json\/wp\/v2\/posts\/14933\/revisions\/15028"}],"wp:featuredmedia":[{"embeddable":true,"href":"https:\/\/www.interforce.dk\/kl\/wp-json\/wp\/v2\/media\/14934"}],"wp:attachment":[{"href":"https:\/\/www.interforce.dk\/kl\/wp-json\/wp\/v2\/media?parent=14933"}],"wp:term":[{"taxonomy":"category","embeddable":true,"href":"https:\/\/www.interforce.dk\/kl\/wp-json\/wp\/v2\/categories?post=14933"},{"taxonomy":"post_tag","embeddable":true,"href":"https:\/\/www.interforce.dk\/kl\/wp-json\/wp\/v2\/tags?post=14933"}],"curies":[{"name":"wp","href":"https:\/\/api.w.org\/{rel}","templated":true}]}}