{"id":14843,"date":"2023-11-24T11:30:00","date_gmt":"2023-11-24T11:30:00","guid":{"rendered":"https:\/\/www.interforce.dk\/?p=14843"},"modified":"2023-11-17T11:45:10","modified_gmt":"2023-11-17T11:45:10","slug":"fornyet-fokus-paa-arktis","status":"publish","type":"post","link":"https:\/\/www.interforce.dk\/kl\/fornyet-fokus-paa-arktis\/","title":{"rendered":"Fornyet fokus p\u00e5 Arktis"},"content":{"rendered":"<div class=\"block core-block core-block--paragraph\">\n      <div class=\"inner inner--small\">\n      \n<p>Der er en stor vilje til at hj\u00e6lpe samfundet blandt gr\u00f8nl\u00e6nderne. Der findes bare ikke rigtig nogen reserve. Det skal en r\u00e6kke nye tiltag lave om p\u00e5.<\/p>\n\n      <\/div>\n  <\/div>\n<div class=\"block core-block core-block--image\">\n      <div class=\"inner inner--small\">\n      \n<figure class=\"wp-block-image size-large\"><img loading=\"lazy\" decoding=\"async\" width=\"1024\" height=\"575\" src=\"https:\/\/www.interforce.dk\/app\/uploads\/2023\/10\/Fornyet-fokus-pa-Arktis-4-1024x575.jpg\" alt=\"\" class=\"wp-image-14848\" srcset=\"https:\/\/www.interforce.dk\/app\/uploads\/2023\/10\/Fornyet-fokus-pa-Arktis-4-1024x575.jpg 1024w, https:\/\/www.interforce.dk\/app\/uploads\/2023\/10\/Fornyet-fokus-pa-Arktis-4-300x169.jpg 300w, https:\/\/www.interforce.dk\/app\/uploads\/2023\/10\/Fornyet-fokus-pa-Arktis-4-768x431.jpg 768w, https:\/\/www.interforce.dk\/app\/uploads\/2023\/10\/Fornyet-fokus-pa-Arktis-4-1536x863.jpg 1536w, https:\/\/www.interforce.dk\/app\/uploads\/2023\/10\/Fornyet-fokus-pa-Arktis-4-2048x1150.jpg 2048w, https:\/\/www.interforce.dk\/app\/uploads\/2023\/10\/Fornyet-fokus-pa-Arktis-4-18x10.jpg 18w\" sizes=\"auto, (max-width: 1024px) 100vw, 1024px\" \/><figcaption class=\"wp-element-caption\"><em>Foto: Brian Djurslev<\/em><\/figcaption><\/figure>\n\n      <\/div>\n  <\/div>\n<div class=\"block core-block core-block--paragraph\">\n      <div class=\"inner inner--small\">\n      \n<p>Til n\u00e6ste \u00e5r begynder f\u00f8rste hold p\u00e5 den nye <a href=\"https:\/\/karriere.forsvaret.dk\/uddannelse\/interne-uddannelser\/arktisk-basisuddannelse-dansk\/\">Arktisk Basisuddannelse<\/a>, og regeringen l\u00e6gger op til et \u00f8get fokus p\u00e5 blandt andet Gr\u00f8nland i et kommende forsvarsforlig. Samtidig er den gr\u00f8nlandske befolknings vilje til at st\u00f8tte samfundet h\u00f8j.<\/p>\n\n      <\/div>\n  <\/div>\n<div class=\"block core-block core-block--image align-right\">\n      <div class=\"inner inner--small\">\n      \n<figure class=\"wp-block-image alignright size-large is-resized is-style-rounded\"><img loading=\"lazy\" decoding=\"async\" src=\"https:\/\/www.interforce.dk\/app\/uploads\/2023\/10\/Fornyet-fokus-pa-Arktis-2-751x1024.jpg\" alt=\"\" class=\"wp-image-14852\" style=\"width:243px;height:331px\" width=\"243\" height=\"331\" srcset=\"https:\/\/www.interforce.dk\/app\/uploads\/2023\/10\/Fornyet-fokus-pa-Arktis-2-751x1024.jpg 751w, https:\/\/www.interforce.dk\/app\/uploads\/2023\/10\/Fornyet-fokus-pa-Arktis-2-220x300.jpg 220w, https:\/\/www.interforce.dk\/app\/uploads\/2023\/10\/Fornyet-fokus-pa-Arktis-2-768x1048.jpg 768w, https:\/\/www.interforce.dk\/app\/uploads\/2023\/10\/Fornyet-fokus-pa-Arktis-2-1126x1536.jpg 1126w, https:\/\/www.interforce.dk\/app\/uploads\/2023\/10\/Fornyet-fokus-pa-Arktis-2-1501x2048.jpg 1501w, https:\/\/www.interforce.dk\/app\/uploads\/2023\/10\/Fornyet-fokus-pa-Arktis-2-9x12.jpg 9w, https:\/\/www.interforce.dk\/app\/uploads\/2023\/10\/Fornyet-fokus-pa-Arktis-2-scaled.jpg 1876w\" sizes=\"auto, (max-width: 243px) 100vw, 243px\" \/><figcaption class=\"wp-element-caption\"><em>Formand for InterForce Gr\u00f8nland og direkt\u00f8r ved Air Greenland., Jacob Nitter S\u00f8rensen.<\/em><\/figcaption><\/figure>\n\n      <\/div>\n  <\/div>\n<div class=\"block core-block core-block--paragraph\">\n      <div class=\"inner inner--small\">\n      \n<p>Det er med den udvikling som bagt\u00e6ppe, at InterForce Gr\u00f8nland nu tr\u00e6kker i arbejdst\u00f8jet oven p\u00e5 en periode med stilstand. En stilstand, som blandt andet skyldes en ubesat stilling i sekretariatet. Den stilling er nu besat, og arbejdet med at st\u00f8tte de mange nye tiltag inden for sikkerhed og beredskab i Arktis er g\u00e5et i gang.<\/p>\n\n      <\/div>\n  <\/div>\n<div class=\"block core-block core-block--paragraph\">\n      <div class=\"inner inner--small\">\n      \n<p>Opgaverne, som InterForce Gr\u00f8nland skal i gang med, adskiller sig markant fra arbejdet i andre dele af InterForce. Det er der en r\u00e6kke helt konkrete \u00e5rsager til, fort\u00e6ller formanden for InterForce Gr\u00f8nland, Jacob Nitter S\u00f8rensen. Han er til daglig direkt\u00f8r ved det gr\u00f8nlandske flyselskab <a href=\"https:\/\/www.airgreenland.dk\/?gclid=Cj0KCQjwhL6pBhDjARIsAGx8D5_zsqKHUcLL_CYsVY-aSSXcgcT31eht-xSi7v0LmurCFxsqWdnSWVgaAtOHEALw_wcB\">Air Greenland<\/a>.<\/p>\n\n      <\/div>\n  <\/div>\n<div class=\"block core-block core-block--paragraph\">\n      <div class=\"inner inner--small\">\n      \n<p>\u201dDels har Gr\u00f8nland v\u00e6ret fritaget for v\u00e6rnepligt. Derfor har der historisk set ikke v\u00e6ret ret mange forbi Forsvaret, og derfor er der heller ikke mange reservister ude i virksomhederne. Dels er der geografien. Det er alts\u00e5 lidt sv\u00e6rere at komme rundt i hele Gr\u00f8nland, end det er i Danmark. Gr\u00f8nland best\u00e5r af 16 byer og over 60 bygder, som man kun kan sejle eller flyve til. Derfor har vi fokus p\u00e5 at f\u00e5 s\u00e5 mange medlemsvirksomheder med uden for Nuuk, s\u00e5 vi f\u00e5r d\u00e6kket hele kysten,\u201d fort\u00e6ller han.<\/p>\n\n      <\/div>\n  <\/div>\n<div class=\"block core-block core-block--heading\">\n      <div class=\"inner inner--small\">\n      \n<h2 class=\"wp-block-heading\">Arktisk basisuddannelse<\/h2>\n\n      <\/div>\n  <\/div>\n<div class=\"block core-block core-block--paragraph\">\n      <div class=\"inner inner--small\">\n      \n<p>Et af de tiltag, som kommer til at f\u00e5 stor betydning for Gr\u00f8nland, er den nye Arktisk Basisuddannelse. Den har f\u00e6llestr\u00e6k med den danske v\u00e6rnepligt. Men den vil prim\u00e6rt have fokus p\u00e5 beredskab, s\u00f8mandskab og arktisk f\u00f8rstehj\u00e6lp.<\/p>\n\n      <\/div>\n  <\/div>\n<div class=\"block core-block core-block--image align-right\">\n      <div class=\"inner inner--small\">\n      \n<figure class=\"wp-block-image alignright size-large is-resized is-style-rounded\"><img loading=\"lazy\" decoding=\"async\" src=\"https:\/\/www.interforce.dk\/app\/uploads\/2023\/10\/Fornyet-fokus-pa-Arktis-1-683x1024.jpg\" alt=\"\" class=\"wp-image-14854\" style=\"width:236px;height:354px\" width=\"236\" height=\"354\" srcset=\"https:\/\/www.interforce.dk\/app\/uploads\/2023\/10\/Fornyet-fokus-pa-Arktis-1-683x1024.jpg 683w, https:\/\/www.interforce.dk\/app\/uploads\/2023\/10\/Fornyet-fokus-pa-Arktis-1-200x300.jpg 200w, https:\/\/www.interforce.dk\/app\/uploads\/2023\/10\/Fornyet-fokus-pa-Arktis-1-768x1152.jpg 768w, https:\/\/www.interforce.dk\/app\/uploads\/2023\/10\/Fornyet-fokus-pa-Arktis-1-1024x1536.jpg 1024w, https:\/\/www.interforce.dk\/app\/uploads\/2023\/10\/Fornyet-fokus-pa-Arktis-1-1365x2048.jpg 1365w, https:\/\/www.interforce.dk\/app\/uploads\/2023\/10\/Fornyet-fokus-pa-Arktis-1-8x12.jpg 8w, https:\/\/www.interforce.dk\/app\/uploads\/2023\/10\/Fornyet-fokus-pa-Arktis-1-scaled.jpg 1706w\" sizes=\"auto, (max-width: 236px) 100vw, 236px\" \/><figcaption class=\"wp-element-caption\"><em>Fungerende chef for Arktisk kommando og milit\u00e6rkoordinator i InterForce Gr\u00f8nland, Poul Primdahl.<\/em><\/figcaption><\/figure>\n\n      <\/div>\n  <\/div>\n<div class=\"block core-block core-block--paragraph\">\n      <div class=\"inner inner--small\">\n      \n<p>De f\u00f8rste elever tr\u00e6kker i uniformen 6. maj 2024 til seks m\u00e5neders uddannelse. Uddannelsen giver eleverne samme adgang til at s\u00f8ge optagelsespr\u00f8ve ved befalingsmandsskolerne eller Siriuspatruljen som eksempelvis H\u00e6rens eller S\u00f8v\u00e6rnets Basisuddannelse. Samtidig giver den ogs\u00e5 adgang til at s\u00f8ge ind p\u00e5 politiskolen i Gr\u00f8nland eller i beredskabet, fort\u00e6ller brigadegeneral Poul Primdahl. Han er fungerende chef for <a href=\"https:\/\/www.forsvaret.dk\/da\/organisation\/arktisk-kommando\/\">Arktisk kommando<\/a> og milit\u00e6rkoordinator i InterForce Gr\u00f8nland.<\/p>\n\n      <\/div>\n  <\/div>\n<div class=\"block core-block core-block--paragraph\">\n      <div class=\"inner inner--small\">\n      \n<p>\u201dUd over de seks m\u00e5neders basisuddannelse kan man v\u00e6lge yderligere seks m\u00e5neder, hvor man kommer i et perspektiveringsforl\u00f8b. Her kan man komme i praktik p\u00e5 eksempelvis en redningshelikopter i Air Greenland, hos den lokale brandmand eller ude p\u00e5 en trawler. Det er klart, at vi ogs\u00e5 gerne vil have nogen til at forts\u00e6tte i Forsvaret. For p\u00e5 den m\u00e5de kan lokale med tiden f\u00e5 et meget st\u00f8rre aftryk i Arktisk Kommando, Sirius eller hvor det m\u00e5tte give mening. S\u00e5 uddannelsen taler meget ind i robustheden i samfundet,\u201d fort\u00e6ller Poul Primdahl.<\/p>\n\n      <\/div>\n  <\/div>\n<div class=\"block core-block core-block--paragraph\">\n      <div class=\"inner inner--small\">\n      \n<p>Formand Jacob Nitter S\u00f8rensen uddyber:<\/p>\n\n      <\/div>\n  <\/div>\n<div class=\"block core-block core-block--paragraph\">\n      <div class=\"inner inner--small\">\n      \n<p>\u201dDer er et \u00f8nske om, at n\u00e5r man kommer ud af basisuddannelsen med de her kompetencer, som har en meget h\u00f8j grad af beredskabskarakter, s\u00e5 skal virksomhederne gerne stille praktikpladser til r\u00e5dighed. P\u00e5 den m\u00e5de kan de unge mennesker komme ud at pr\u00f8ve noget af det, de har l\u00e6rt ude i virkeligheden. For InterForce Gr\u00f8nland handler det s\u00e5 om at forberede os p\u00e5, at vi forh\u00e5bentlig en dag har flere reservister,\u201d siger han.<\/p>\n\n      <\/div>\n  <\/div>\n<div class=\"block core-block core-block--heading\">\n      <div class=\"inner inner--small\">\n      \n<h2 class=\"wp-block-heading\">Forsvarsforlig med fokus p\u00e5 Arktis<\/h2>\n\n      <\/div>\n  <\/div>\n<div class=\"block core-block core-block--paragraph\">\n      <div class=\"inner inner--small\">\n      \n<p>Den helt store elefant i rummet er det kommende forsvarsforlig. Der er fra regeringens side lagt op til et \u00f8get fokus p\u00e5 Arktis, her ved redaktionens afslutning. Det skal ske med t\u00e6t inddragelse af b\u00e5de det f\u00e6r\u00f8ske Lagting og det gr\u00f8nlandske Selvstyre. \u201dSamtidig skal Forsvarets indsatser s\u00e5 vidt muligt ogs\u00e5 komme de f\u00e6r\u00f8ske og gr\u00f8nlandske samfund til gavn i bredere forstand\u201d, som der st\u00e5r i forligsopl\u00e6gget.<\/p>\n\n      <\/div>\n  <\/div>\n<div class=\"block core-block core-block--paragraph\">\n      <div class=\"inner inner--small\">\n      \n<p>\u201dJeg t\u00e6nker, at InterForce-virksomheder f\u00e5r en rolle, n\u00e5r der p\u00e5 et tidspunkt skal implementeres noget. Om det er at bygge anl\u00e6g, kapaciteter eller til kommunikation eller drift, er sv\u00e6rt at sige. Men stjernerne st\u00e5r til, at der skal ske meget mere i forhold til Forsvarets engagement i Arktis. Der er InterForce en rigtig god medspiller,\u201d siger Poul Primdahl.<\/p>\n\n      <\/div>\n  <\/div>\n<div class=\"block core-block core-block--image\">\n      <div class=\"inner inner--small\">\n      \n<figure class=\"wp-block-image size-large\"><img loading=\"lazy\" decoding=\"async\" width=\"1024\" height=\"572\" src=\"https:\/\/www.interforce.dk\/app\/uploads\/2023\/10\/Fornyet-fokus-pa-Arktis-3-1-1024x572.jpg\" alt=\"\" class=\"wp-image-14862\" srcset=\"https:\/\/www.interforce.dk\/app\/uploads\/2023\/10\/Fornyet-fokus-pa-Arktis-3-1-1024x572.jpg 1024w, https:\/\/www.interforce.dk\/app\/uploads\/2023\/10\/Fornyet-fokus-pa-Arktis-3-1-300x168.jpg 300w, https:\/\/www.interforce.dk\/app\/uploads\/2023\/10\/Fornyet-fokus-pa-Arktis-3-1-768x429.jpg 768w, https:\/\/www.interforce.dk\/app\/uploads\/2023\/10\/Fornyet-fokus-pa-Arktis-3-1-1536x858.jpg 1536w, https:\/\/www.interforce.dk\/app\/uploads\/2023\/10\/Fornyet-fokus-pa-Arktis-3-1-2048x1143.jpg 2048w, https:\/\/www.interforce.dk\/app\/uploads\/2023\/10\/Fornyet-fokus-pa-Arktis-3-1-18x10.jpg 18w\" sizes=\"auto, (max-width: 1024px) 100vw, 1024px\" \/><figcaption class=\"wp-element-caption\"><em>Foto: Steffen Fog<\/em><\/figcaption><\/figure>\n\n      <\/div>\n  <\/div>\n<div class=\"block core-block core-block--heading\">\n      <div class=\"inner inner--small\">\n      \n<h2 class=\"wp-block-heading\">Skyggen fra ukrainekrigen<\/h2>\n\n      <\/div>\n  <\/div>\n<div class=\"block core-block core-block--paragraph\">\n      <div class=\"inner inner--small\">\n      \n<p>Sikkerhedspolitisk har der i mange \u00e5r v\u00e6ret fokus p\u00e5 det arktiske omr\u00e5de. Rusland har i \u00e5rtier oprustet. I 2008 kom den s\u00e5kaldte Ilulissat-erkl\u00e6ring, hvor ministre fra de fem kyststater i Det Arktiske Ocean \u2013 Danmark\/Gr\u00f8nland, Canada, Norge, Rusland og USA \u2013 blev enige om, at Arktis skulle v\u00e6re et lavsp\u00e6ndingsomr\u00e5de. Derfor har der if\u00f8lge Poul Primdahl og Jacob Nitter S\u00f8rensen v\u00e6ret en holdning om, at man har kunne holde omr\u00e5det fri for sikkerhedspolitiske sp\u00e6ndinger. Det har \u00e6ndret sig med krigen i Ukraine.<\/p>\n\n      <\/div>\n  <\/div>\n<div class=\"block core-block core-block--paragraph\">\n      <div class=\"inner inner--small\">\n      \n<p>\u201dJeg har fornemmelsen af, at hele ukrainekrigen har gjort, at der er kommet en anden bevidsthed her i Gr\u00f8nland om, at man ikke er i en boble p\u00e5 toppen af verden. Man er en del af verden. Det spill-over, der kan v\u00e6re i trusler og sikkerhed, er Gr\u00f8nland faktisk en del af. S\u00e5 vi skal kunne tage h\u00e5nd om s\u00e5dan nogle ting selv. For at bevare en lavsp\u00e6nding er man nu klar over, at man er n\u00f8dt til at forhandle fra en styrkeposition. S\u00e5 er det nemmere at holde lavsp\u00e6ndingen,\u201d siger Poul Primdahl.<\/p>\n\n      <\/div>\n  <\/div>\n<div class=\"block core-block core-block--paragraph\">\n      <div class=\"inner inner--small\">\n      \n<p>\u201dJeg er helt enig i, at krigen i Ukraine har skabt en anden bevidsthed om vores position i forhold til sikkerhedspolitik og sikkerhedspolitik generelt,\u201d tilf\u00f8jer Jacob Nitter S\u00f8rensen.<\/p>\n\n      <\/div>\n  <\/div>\n<div class=\"block core-block core-block--heading\">\n      <div class=\"inner inner--small\">\n      \n<h2 class=\"wp-block-heading\">Beredskabsvilje<\/h2>\n\n      <\/div>\n  <\/div>\n<div class=\"block core-block core-block--paragraph\">\n      <div class=\"inner inner--small\">\n      \n<p>Som det er i dag, er der ikke mange reservister i Gr\u00f8nland. Der er mest tale om enkeltpersoner, der har en reservekontrakt, og som bor et sted i landet. Der er ikke et samlet netv\u00e6rk, som vi kender det fra Danmark, og ingen af reservisterne er tilknyttet Arktisk Kommando.<\/p>\n\n      <\/div>\n  <\/div>\n<div class=\"block core-block core-block--image align-right\">\n      <div class=\"inner inner--small\">\n      \n<figure class=\"wp-block-image alignright size-large is-resized\"><img loading=\"lazy\" decoding=\"async\" src=\"https:\/\/www.interforce.dk\/app\/uploads\/2023\/10\/Fornyet-fokus-pa-Arktis-5-683x1024.jpg\" alt=\"\" class=\"wp-image-14864\" style=\"width:376px;height:564px\" width=\"376\" height=\"564\" srcset=\"https:\/\/www.interforce.dk\/app\/uploads\/2023\/10\/Fornyet-fokus-pa-Arktis-5-683x1024.jpg 683w, https:\/\/www.interforce.dk\/app\/uploads\/2023\/10\/Fornyet-fokus-pa-Arktis-5-200x300.jpg 200w, https:\/\/www.interforce.dk\/app\/uploads\/2023\/10\/Fornyet-fokus-pa-Arktis-5-768x1152.jpg 768w, https:\/\/www.interforce.dk\/app\/uploads\/2023\/10\/Fornyet-fokus-pa-Arktis-5-1024x1536.jpg 1024w, https:\/\/www.interforce.dk\/app\/uploads\/2023\/10\/Fornyet-fokus-pa-Arktis-5-1365x2048.jpg 1365w, https:\/\/www.interforce.dk\/app\/uploads\/2023\/10\/Fornyet-fokus-pa-Arktis-5-8x12.jpg 8w, https:\/\/www.interforce.dk\/app\/uploads\/2023\/10\/Fornyet-fokus-pa-Arktis-5-scaled.jpg 1707w\" sizes=\"auto, (max-width: 376px) 100vw, 376px\" \/><figcaption class=\"wp-element-caption\"><em>Foto: Line Fjordside<\/em><\/figcaption><\/figure>\n\n      <\/div>\n  <\/div>\n<div class=\"block core-block core-block--paragraph\">\n      <div class=\"inner inner--small\">\n      \n<p>Men viljen til at st\u00f8tte samfundet er klart til stede. Det kan blandt andet ses i et initiativ fra 2021 \u2013 Gr\u00f8nlandsvogterne. Gr\u00f8nlandsvogterne kan sammenlignes med Havmilj\u00f8vogterne, som kendes fra Danmark. Her er civile sejlere ekstra \u00f8jne i forhold til overv\u00e5gningen af havmilj\u00f8et omkring Danmark. P\u00e5 samme m\u00e5de er Gr\u00f8nlandsvogterne \u00f8jne og \u00f8rer for Arktisk Kommando. P\u00e5 nuv\u00e6rende tidspunkt er der omkring 700 medlemmer, som har f\u00e5et kurser og udleveret n\u00f8dudstyr.<\/p>\n\n      <\/div>\n  <\/div>\n<div class=\"block core-block core-block--paragraph\">\n      <div class=\"inner inner--small\">\n      \n<p>\u201dDe bliver et s\u00e6t \u00f8jne, som kan hj\u00e6lpe os med at holde \u00f8je med omr\u00e5det. Det taler ind i fjeldsikkerhed og sejladssikkerhed for lokalbefolkningen, og det taler ind i vores opgave med at monitorere omr\u00e5det i forhold til trusler udefra. S\u00e5 det er et initiativ, hvor der er kommet mere fokus p\u00e5 samfundets robusthed,\u201d fort\u00e6ller Poul Primdahl.<\/p>\n\n      <\/div>\n  <\/div>\n<div class=\"block core-block core-block--paragraph\">\n      <div class=\"inner inner--small\">\n      \n<p>If\u00f8lge ham vil det give rigtig god mening, hvis overv\u00e5gning og beredskab blev endnu mere lokalt forankret. Her kan reserven komme til at spille en stor rolle.<\/p>\n\n      <\/div>\n  <\/div>\n<div class=\"block core-block core-block--paragraph\">\n      <div class=\"inner inner--small\">\n      \n<p>\u201dDet gr\u00f8nlandske samfund har lige som alle andre samfund behov for robusthed. Det vil v\u00e6re oplagt, at den kommer fra reserven. Vi har i dag en beredskabsstyrke, der sammens\u00e6ttes til lejligheden og kommer fra Danmark, n\u00e5r der er brug for den. Hvis den kan v\u00e6re lokalt forankret, er den v\u00e6sentligt hurtigere og mere sikker at f\u00e5 frem. Samtidig f\u00e5r du ogs\u00e5 det milj\u00f8- og klimakendskab, som en dansk beredskabsstyrke vil skulle l\u00e6re, men som en lokal har inde under huden fra barnsben af,\u201d siger Poul Primdahl.<\/p>\n\n      <\/div>\n  <\/div>\n<div class=\"block core-block core-block--heading\">\n      <div class=\"inner inner--small\">\n      \n<h2 class=\"wp-block-heading\">Tragisk h\u00e6ndelse<\/h2>\n\n      <\/div>\n  <\/div>\n<div class=\"block core-block core-block--paragraph\">\n      <div class=\"inner inner--small\">\n      \n<p>I dag er det allerede s\u00e5dan, at mange lokale stiller op, n\u00e5r der er behov for det. F\u00e5 dage f\u00f8r interviewet til denne artikel var der et meget tragisk, men konkret eksempel p\u00e5 det. En kvinde og en mand sejlede mellem Qooqqut og Nuuk. De blev sidst set n\u00e6r Qooqqut, men n\u00e5ede aldrig frem til Nuuk, omkring 40 kilometer v\u00e6k. Desv\u00e6rre havde redningsaktionen en tragisk udgang, da de to senere blev fundet omkomne.<\/p>\n\n      <\/div>\n  <\/div>\n<div class=\"block core-block core-block--paragraph\">\n      <div class=\"inner inner--small\">\n      \n<p>\u201dVi s\u00e5, at rigtig mange involverede sig og bidrog til efters\u00f8gningen. Det er bare ikke organiseret p\u00e5 nogen som helst m\u00e5de. Hvis man kan f\u00e5 det struktureret og organiseret, kan man f\u00e5 meget mere ud af den vilje, der er til at hj\u00e6lpe. S\u00e5 jeg er enig med Poul Primdahl i, at der er et potentiale for at f\u00e5 skabt en eller anden form for beredskabsstyrke. Ogs\u00e5 selvom folk ikke har den formelle baggrund lige p.t.,\u201d siger Jacob Nitter S\u00f8rensen.<\/p>\n\n      <\/div>\n  <\/div>\n<div class=\"block core-block core-block--paragraph\">\n      <div class=\"inner inner--small\">\n      \n<p>Her vil InterForce Gr\u00f8nland f\u00e5 en vigtig rolle at spille, mener han:<\/p>\n\n      <\/div>\n  <\/div>\n<div class=\"block core-block core-block--paragraph\">\n      <div class=\"inner inner--small\">\n      \n<p>\u201dVirksomhederne i Gr\u00f8nland har en masse dygtige medarbejdere, som ogs\u00e5 er interesseret i at bidrage til at passe p\u00e5 vores land. Via InterForce kan de v\u00e6re en bro mellem civilsamfundet og Forsvaret, s\u00e5 vi bruger hinandens ressourcer til f\u00e6lles fordel.\u201d<\/p>\n\n      <\/div>\n  <\/div>\n<div class=\"block core-block core-block--paragraph\">\n      <div class=\"inner inner--small\">\n      \n<p>L\u00e6s ogs\u00e5: <a href=\"https:\/\/www.interforce.dk\/kl\/?p=14820\">De uundv\u00e6rlige reservister i hospitalsv\u00e6senet<\/a><\/p>\n\n      <\/div>\n  <\/div>","protected":false},"excerpt":{"rendered":"Der er stor vilje til at hj\u00e6lpe samfundet blandt gr\u00f8nl\u00e6nderne. Der findes bar...","protected":false},"author":126,"featured_media":14848,"comment_status":"closed","ping_status":"closed","sticky":false,"template":"","format":"standard","meta":{"_acf_changed":false,"footnotes":""},"categories":[19],"tags":[118],"class_list":["post-14843","post","type-post","status-publish","format-standard","has-post-thumbnail","hentry","category-arktis","tag-tag-groenland"],"acf":[],"yoast_head":"<!-- This site is optimized with the Yoast SEO plugin v27.3 - https:\/\/yoast.com\/product\/yoast-seo-wordpress\/ -->\n<title>Fornyet fokus p\u00e5 Arktis - InterForce<\/title>\n<meta name=\"description\" content=\"Der er stor vilje til at hj\u00e6lpe samfundet blandt gr\u00f8nl\u00e6nderne. Der findes bare ikke rigtig nogen reserve. Det skal nye tiltag lave om p\u00e5.\" \/>\n<meta name=\"robots\" content=\"index, follow, max-snippet:-1, max-image-preview:large, max-video-preview:-1\" \/>\n<link rel=\"canonical\" href=\"http:\/\/localhost\/fornyet-fokus-paa-arktis\/\" \/>\n<meta property=\"og:locale\" content=\"en_US\" \/>\n<meta property=\"og:type\" content=\"article\" \/>\n<meta property=\"og:title\" content=\"Fornyet fokus p\u00e5 Arktis - InterForce\" \/>\n<meta property=\"og:description\" content=\"Der er stor vilje til at hj\u00e6lpe samfundet blandt gr\u00f8nl\u00e6nderne. Der findes bare ikke rigtig nogen reserve. Det skal nye tiltag lave om p\u00e5.\" \/>\n<meta property=\"og:url\" content=\"http:\/\/localhost\/fornyet-fokus-paa-arktis\/\" \/>\n<meta property=\"og:site_name\" content=\"InterForce\" \/>\n<meta property=\"article:published_time\" content=\"2023-11-24T11:30:00+00:00\" \/>\n<meta property=\"og:image\" content=\"http:\/\/localhost\/app\/uploads\/2023\/10\/Fornyet-fokus-pa-Arktis-4-scaled.jpg\" \/>\n\t<meta property=\"og:image:width\" content=\"2560\" \/>\n\t<meta property=\"og:image:height\" content=\"1438\" \/>\n\t<meta property=\"og:image:type\" content=\"image\/jpeg\" \/>\n<meta name=\"author\" content=\"Michael Aagaard Jensen\" \/>\n<meta name=\"twitter:card\" content=\"summary_large_image\" \/>\n<meta name=\"twitter:label1\" content=\"Written by\" \/>\n\t<meta name=\"twitter:data1\" content=\"Michael Aagaard Jensen\" \/>\n\t<meta name=\"twitter:label2\" content=\"Est. reading time\" \/>\n\t<meta name=\"twitter:data2\" content=\"8 minutes\" \/>\n<script type=\"application\/ld+json\" class=\"yoast-schema-graph\">{\"@context\":\"https:\\\/\\\/schema.org\",\"@graph\":[{\"@type\":\"Article\",\"@id\":\"http:\\\/\\\/localhost\\\/fornyet-fokus-paa-arktis\\\/#article\",\"isPartOf\":{\"@id\":\"http:\\\/\\\/localhost\\\/fornyet-fokus-paa-arktis\\\/\"},\"author\":{\"name\":\"Michael Aagaard Jensen\",\"@id\":\"https:\\\/\\\/www.interforce.dk\\\/#\\\/schema\\\/person\\\/95cb47aff0372c47ba3a215069826c98\"},\"headline\":\"Fornyet fokus p\u00e5 Arktis\",\"datePublished\":\"2023-11-24T11:30:00+00:00\",\"mainEntityOfPage\":{\"@id\":\"http:\\\/\\\/localhost\\\/fornyet-fokus-paa-arktis\\\/\"},\"wordCount\":1560,\"image\":{\"@id\":\"http:\\\/\\\/localhost\\\/fornyet-fokus-paa-arktis\\\/#primaryimage\"},\"thumbnailUrl\":\"https:\\\/\\\/www.interforce.dk\\\/app\\\/uploads\\\/2023\\\/10\\\/Fornyet-fokus-pa-Arktis-4-scaled.jpg\",\"keywords\":[\"Tag:Gr\u00f8nland\"],\"articleSection\":[\"Arktis\"],\"inLanguage\":\"kl-GL\"},{\"@type\":\"WebPage\",\"@id\":\"http:\\\/\\\/localhost\\\/fornyet-fokus-paa-arktis\\\/\",\"url\":\"http:\\\/\\\/localhost\\\/fornyet-fokus-paa-arktis\\\/\",\"name\":\"Fornyet fokus p\u00e5 Arktis - InterForce\",\"isPartOf\":{\"@id\":\"https:\\\/\\\/www.interforce.dk\\\/#website\"},\"primaryImageOfPage\":{\"@id\":\"http:\\\/\\\/localhost\\\/fornyet-fokus-paa-arktis\\\/#primaryimage\"},\"image\":{\"@id\":\"http:\\\/\\\/localhost\\\/fornyet-fokus-paa-arktis\\\/#primaryimage\"},\"thumbnailUrl\":\"https:\\\/\\\/www.interforce.dk\\\/app\\\/uploads\\\/2023\\\/10\\\/Fornyet-fokus-pa-Arktis-4-scaled.jpg\",\"datePublished\":\"2023-11-24T11:30:00+00:00\",\"author\":{\"@id\":\"https:\\\/\\\/www.interforce.dk\\\/#\\\/schema\\\/person\\\/95cb47aff0372c47ba3a215069826c98\"},\"description\":\"Der er stor vilje til at hj\u00e6lpe samfundet blandt gr\u00f8nl\u00e6nderne. Der findes bare ikke rigtig nogen reserve. Det skal nye tiltag lave om p\u00e5.\",\"breadcrumb\":{\"@id\":\"http:\\\/\\\/localhost\\\/fornyet-fokus-paa-arktis\\\/#breadcrumb\"},\"inLanguage\":\"kl-GL\",\"potentialAction\":[{\"@type\":\"ReadAction\",\"target\":[\"http:\\\/\\\/localhost\\\/fornyet-fokus-paa-arktis\\\/\"]}]},{\"@type\":\"ImageObject\",\"inLanguage\":\"kl-GL\",\"@id\":\"http:\\\/\\\/localhost\\\/fornyet-fokus-paa-arktis\\\/#primaryimage\",\"url\":\"https:\\\/\\\/www.interforce.dk\\\/app\\\/uploads\\\/2023\\\/10\\\/Fornyet-fokus-pa-Arktis-4-scaled.jpg\",\"contentUrl\":\"https:\\\/\\\/www.interforce.dk\\\/app\\\/uploads\\\/2023\\\/10\\\/Fornyet-fokus-pa-Arktis-4-scaled.jpg\",\"width\":2560,\"height\":1438,\"caption\":\"Diskus bugten Feb. 20 2021 \u0096 1 ESK, HDMS Thetis patruljere i Diskus bugten, hvor havet er d\u00e6kket af ca 10-15 cm is._HDMS Thetis is operating in the area of Diskus bugten, Gr\u00f8nland. photo by Brian Djurslev\"},{\"@type\":\"BreadcrumbList\",\"@id\":\"http:\\\/\\\/localhost\\\/fornyet-fokus-paa-arktis\\\/#breadcrumb\",\"itemListElement\":[{\"@type\":\"ListItem\",\"position\":1,\"name\":\"Hjem\",\"item\":\"https:\\\/\\\/www.interforce.dk\\\/\"},{\"@type\":\"ListItem\",\"position\":2,\"name\":\"Fornyet fokus p\u00e5 Arktis\"}]},{\"@type\":\"WebSite\",\"@id\":\"https:\\\/\\\/www.interforce.dk\\\/#website\",\"url\":\"https:\\\/\\\/www.interforce.dk\\\/\",\"name\":\"InterForce\",\"description\":\"\",\"potentialAction\":[{\"@type\":\"SearchAction\",\"target\":{\"@type\":\"EntryPoint\",\"urlTemplate\":\"https:\\\/\\\/www.interforce.dk\\\/?s={search_term_string}\"},\"query-input\":{\"@type\":\"PropertyValueSpecification\",\"valueRequired\":true,\"valueName\":\"search_term_string\"}}],\"inLanguage\":\"kl-GL\"},{\"@type\":\"Person\",\"@id\":\"https:\\\/\\\/www.interforce.dk\\\/#\\\/schema\\\/person\\\/95cb47aff0372c47ba3a215069826c98\",\"name\":\"Michael Aagaard Jensen\",\"image\":{\"@type\":\"ImageObject\",\"inLanguage\":\"kl-GL\",\"@id\":\"https:\\\/\\\/secure.gravatar.com\\\/avatar\\\/0c68cdb297c5f2e6bc8131415a647562b99d6d68df04be696e85dcfc4a13e8b6?s=96&d=mm&r=g\",\"url\":\"https:\\\/\\\/secure.gravatar.com\\\/avatar\\\/0c68cdb297c5f2e6bc8131415a647562b99d6d68df04be696e85dcfc4a13e8b6?s=96&d=mm&r=g\",\"contentUrl\":\"https:\\\/\\\/secure.gravatar.com\\\/avatar\\\/0c68cdb297c5f2e6bc8131415a647562b99d6d68df04be696e85dcfc4a13e8b6?s=96&d=mm&r=g\",\"caption\":\"Michael Aagaard Jensen\"},\"url\":\"https:\\\/\\\/www.interforce.dk\\\/kl\\\/author\\\/aarsmagasinforfatter2\\\/\"}]}<\/script>\n<!-- \/ Yoast SEO plugin. -->","yoast_head_json":{"title":"Fornyet fokus p\u00e5 Arktis - InterForce","description":"Der er stor vilje til at hj\u00e6lpe samfundet blandt gr\u00f8nl\u00e6nderne. Der findes bare ikke rigtig nogen reserve. Det skal nye tiltag lave om p\u00e5.","robots":{"index":"index","follow":"follow","max-snippet":"max-snippet:-1","max-image-preview":"max-image-preview:large","max-video-preview":"max-video-preview:-1"},"canonical":"http:\/\/localhost\/fornyet-fokus-paa-arktis\/","og_locale":"en_US","og_type":"article","og_title":"Fornyet fokus p\u00e5 Arktis - InterForce","og_description":"Der er stor vilje til at hj\u00e6lpe samfundet blandt gr\u00f8nl\u00e6nderne. Der findes bare ikke rigtig nogen reserve. Det skal nye tiltag lave om p\u00e5.","og_url":"http:\/\/localhost\/fornyet-fokus-paa-arktis\/","og_site_name":"InterForce","article_published_time":"2023-11-24T11:30:00+00:00","og_image":[{"width":2560,"height":1438,"url":"http:\/\/localhost\/app\/uploads\/2023\/10\/Fornyet-fokus-pa-Arktis-4-scaled.jpg","type":"image\/jpeg"}],"author":"Michael Aagaard Jensen","twitter_card":"summary_large_image","twitter_misc":{"Written by":"Michael Aagaard Jensen","Est. reading time":"8 minutes"},"schema":{"@context":"https:\/\/schema.org","@graph":[{"@type":"Article","@id":"http:\/\/localhost\/fornyet-fokus-paa-arktis\/#article","isPartOf":{"@id":"http:\/\/localhost\/fornyet-fokus-paa-arktis\/"},"author":{"name":"Michael Aagaard Jensen","@id":"https:\/\/www.interforce.dk\/#\/schema\/person\/95cb47aff0372c47ba3a215069826c98"},"headline":"Fornyet fokus p\u00e5 Arktis","datePublished":"2023-11-24T11:30:00+00:00","mainEntityOfPage":{"@id":"http:\/\/localhost\/fornyet-fokus-paa-arktis\/"},"wordCount":1560,"image":{"@id":"http:\/\/localhost\/fornyet-fokus-paa-arktis\/#primaryimage"},"thumbnailUrl":"https:\/\/www.interforce.dk\/app\/uploads\/2023\/10\/Fornyet-fokus-pa-Arktis-4-scaled.jpg","keywords":["Tag:Gr\u00f8nland"],"articleSection":["Arktis"],"inLanguage":"kl-GL"},{"@type":"WebPage","@id":"http:\/\/localhost\/fornyet-fokus-paa-arktis\/","url":"http:\/\/localhost\/fornyet-fokus-paa-arktis\/","name":"Fornyet fokus p\u00e5 Arktis - InterForce","isPartOf":{"@id":"https:\/\/www.interforce.dk\/#website"},"primaryImageOfPage":{"@id":"http:\/\/localhost\/fornyet-fokus-paa-arktis\/#primaryimage"},"image":{"@id":"http:\/\/localhost\/fornyet-fokus-paa-arktis\/#primaryimage"},"thumbnailUrl":"https:\/\/www.interforce.dk\/app\/uploads\/2023\/10\/Fornyet-fokus-pa-Arktis-4-scaled.jpg","datePublished":"2023-11-24T11:30:00+00:00","author":{"@id":"https:\/\/www.interforce.dk\/#\/schema\/person\/95cb47aff0372c47ba3a215069826c98"},"description":"Der er stor vilje til at hj\u00e6lpe samfundet blandt gr\u00f8nl\u00e6nderne. Der findes bare ikke rigtig nogen reserve. Det skal nye tiltag lave om p\u00e5.","breadcrumb":{"@id":"http:\/\/localhost\/fornyet-fokus-paa-arktis\/#breadcrumb"},"inLanguage":"kl-GL","potentialAction":[{"@type":"ReadAction","target":["http:\/\/localhost\/fornyet-fokus-paa-arktis\/"]}]},{"@type":"ImageObject","inLanguage":"kl-GL","@id":"http:\/\/localhost\/fornyet-fokus-paa-arktis\/#primaryimage","url":"https:\/\/www.interforce.dk\/app\/uploads\/2023\/10\/Fornyet-fokus-pa-Arktis-4-scaled.jpg","contentUrl":"https:\/\/www.interforce.dk\/app\/uploads\/2023\/10\/Fornyet-fokus-pa-Arktis-4-scaled.jpg","width":2560,"height":1438,"caption":"Diskus bugten Feb. 20 2021 \u0096 1 ESK, HDMS Thetis patruljere i Diskus bugten, hvor havet er d\u00e6kket af ca 10-15 cm is._HDMS Thetis is operating in the area of Diskus bugten, Gr\u00f8nland. photo by Brian Djurslev"},{"@type":"BreadcrumbList","@id":"http:\/\/localhost\/fornyet-fokus-paa-arktis\/#breadcrumb","itemListElement":[{"@type":"ListItem","position":1,"name":"Hjem","item":"https:\/\/www.interforce.dk\/"},{"@type":"ListItem","position":2,"name":"Fornyet fokus p\u00e5 Arktis"}]},{"@type":"WebSite","@id":"https:\/\/www.interforce.dk\/#website","url":"https:\/\/www.interforce.dk\/","name":"InterForce","description":"","potentialAction":[{"@type":"SearchAction","target":{"@type":"EntryPoint","urlTemplate":"https:\/\/www.interforce.dk\/?s={search_term_string}"},"query-input":{"@type":"PropertyValueSpecification","valueRequired":true,"valueName":"search_term_string"}}],"inLanguage":"kl-GL"},{"@type":"Person","@id":"https:\/\/www.interforce.dk\/#\/schema\/person\/95cb47aff0372c47ba3a215069826c98","name":"Michael Aagaard Jensen","image":{"@type":"ImageObject","inLanguage":"kl-GL","@id":"https:\/\/secure.gravatar.com\/avatar\/0c68cdb297c5f2e6bc8131415a647562b99d6d68df04be696e85dcfc4a13e8b6?s=96&d=mm&r=g","url":"https:\/\/secure.gravatar.com\/avatar\/0c68cdb297c5f2e6bc8131415a647562b99d6d68df04be696e85dcfc4a13e8b6?s=96&d=mm&r=g","contentUrl":"https:\/\/secure.gravatar.com\/avatar\/0c68cdb297c5f2e6bc8131415a647562b99d6d68df04be696e85dcfc4a13e8b6?s=96&d=mm&r=g","caption":"Michael Aagaard Jensen"},"url":"https:\/\/www.interforce.dk\/kl\/author\/aarsmagasinforfatter2\/"}]}},"_links":{"self":[{"href":"https:\/\/www.interforce.dk\/kl\/wp-json\/wp\/v2\/posts\/14843","targetHints":{"allow":["GET"]}}],"collection":[{"href":"https:\/\/www.interforce.dk\/kl\/wp-json\/wp\/v2\/posts"}],"about":[{"href":"https:\/\/www.interforce.dk\/kl\/wp-json\/wp\/v2\/types\/post"}],"author":[{"embeddable":true,"href":"https:\/\/www.interforce.dk\/kl\/wp-json\/wp\/v2\/users\/126"}],"replies":[{"embeddable":true,"href":"https:\/\/www.interforce.dk\/kl\/wp-json\/wp\/v2\/comments?post=14843"}],"version-history":[{"count":11,"href":"https:\/\/www.interforce.dk\/kl\/wp-json\/wp\/v2\/posts\/14843\/revisions"}],"predecessor-version":[{"id":14868,"href":"https:\/\/www.interforce.dk\/kl\/wp-json\/wp\/v2\/posts\/14843\/revisions\/14868"}],"wp:featuredmedia":[{"embeddable":true,"href":"https:\/\/www.interforce.dk\/kl\/wp-json\/wp\/v2\/media\/14848"}],"wp:attachment":[{"href":"https:\/\/www.interforce.dk\/kl\/wp-json\/wp\/v2\/media?parent=14843"}],"wp:term":[{"taxonomy":"category","embeddable":true,"href":"https:\/\/www.interforce.dk\/kl\/wp-json\/wp\/v2\/categories?post=14843"},{"taxonomy":"post_tag","embeddable":true,"href":"https:\/\/www.interforce.dk\/kl\/wp-json\/wp\/v2\/tags?post=14843"}],"curies":[{"name":"wp","href":"https:\/\/api.w.org\/{rel}","templated":true}]}}