{"id":14781,"date":"2023-11-09T11:30:00","date_gmt":"2023-11-09T11:30:00","guid":{"rendered":"https:\/\/www.interforce.dk\/?p=14781"},"modified":"2023-10-19T10:09:43","modified_gmt":"2023-10-19T10:09:43","slug":"danmark-i-kosovo-25-aar-og-stadig-aktuelt","status":"publish","type":"post","link":"https:\/\/www.interforce.dk\/kl\/danmark-i-kosovo-25-aar-og-stadig-aktuelt\/","title":{"rendered":"Danmark i Kosovo \u2013 25 \u00e5r og stadig aktuelt"},"content":{"rendered":"<div class=\"block core-block core-block--paragraph\">\n      <div class=\"inner inner--small\">\n      \n<p><a href=\"https:\/\/www.vistillerop.dk\/?gad=1&amp;gclid=Cj0KCQjw1aOpBhCOARIsACXYv-cKT-RNViJm89lULMLqcDuKsmp4F_XauQppqwRnkf73wcke98j0mb4aAt5FEALw_wcB\">Nunagisamik illersuisunit<\/a> skal aflaste <a href=\"https:\/\/www.forsvaret.dk\/da\/organisation\/haeren\/\">H\u00e6ren<\/a> i Kosovo, hvor de er en del af <a href=\"https:\/\/www.fmn.dk\/da\/arbejdsomraader\/internationale-operationer\/igangvarende-operationer\/kosovo\/\">KFOR-styrken<\/a>. En mission, der har v\u00e6ret en stor succes trods den seneste tids uro, mener ekspert.&nbsp;<\/p>\n\n      <\/div>\n  <\/div>\n<div class=\"block core-block core-block--image\">\n      <div class=\"inner inner--small\">\n      \n<figure class=\"wp-block-image size-large\"><img loading=\"lazy\" decoding=\"async\" width=\"1024\" height=\"768\" src=\"https:\/\/www.interforce.dk\/app\/uploads\/2023\/10\/Danmark-i-Kosovo-0-1024x768.jpg\" alt=\"\" class=\"wp-image-14788\" srcset=\"https:\/\/www.interforce.dk\/app\/uploads\/2023\/10\/Danmark-i-Kosovo-0-1024x768.jpg 1024w, https:\/\/www.interforce.dk\/app\/uploads\/2023\/10\/Danmark-i-Kosovo-0-300x225.jpg 300w, https:\/\/www.interforce.dk\/app\/uploads\/2023\/10\/Danmark-i-Kosovo-0-768x576.jpg 768w, https:\/\/www.interforce.dk\/app\/uploads\/2023\/10\/Danmark-i-Kosovo-0-1536x1152.jpg 1536w, https:\/\/www.interforce.dk\/app\/uploads\/2023\/10\/Danmark-i-Kosovo-0-2048x1536.jpg 2048w, https:\/\/www.interforce.dk\/app\/uploads\/2023\/10\/Danmark-i-Kosovo-0-16x12.jpg 16w\" sizes=\"auto, (max-width: 1024px) 100vw, 1024px\" \/><figcaption class=\"wp-element-caption\"><em>Hjemmev\u00e6rnets KFOR-hold 2012. Den franske chef i Camp Novo Selo overv\u00e6rede de danske dekoreringer.<\/em><\/figcaption><\/figure>\n\n      <\/div>\n  <\/div>\n<div class=\"block core-block core-block--paragraph\">\n      <div class=\"inner inner--small\">\n      \n<p>Fra august og de kommende to \u00e5r sender Hjemmev\u00e6rnet folk til Kosovo, hvor de skal aflaste H\u00e6ren med bevogtning af NATO-baserne i landet. Missionen i Kosovo er g\u00e5et ind i sit 25. \u00e5r. med mere end 10.000 danske soldater, der har gjort tjeneste i KFOR, NATO&#8217;s Kosovo Force, er det b\u00e5de en langvarig og mandskabskr\u00e6vende opgave.<\/p>\n\n      <\/div>\n  <\/div>\n<div class=\"block core-block core-block--paragraph\">\n      <div class=\"inner inner--small\">\n      \n<p>Selvom Kosovo igen er kommet i overskrifterne p\u00e5 grund af uro i de nordlige, serbisk-dominerede provinser, har vores tilstedev\u00e6relse v\u00e6ret \u201den k\u00e6mpe succes\u201d.<\/p>\n\n      <\/div>\n  <\/div>\n<div class=\"block core-block core-block--paragraph\">\n      <div class=\"inner inner--small\">\n      \n<p>Det mener studielektor ved Institut for Strategi og Krigsstudier p\u00e5 Forsvarsakademiet Dorthe Bach Nyemann, der f\u00f8lger udviklingen i Kosovo t\u00e6t.<\/p>\n\n      <\/div>\n  <\/div>\n<div class=\"block core-block core-block--paragraph\">\n      <div class=\"inner inner--small\">\n      \n<p>\u201dDet er min opfattelse, at missionen i Kosovo har v\u00e6ret en k\u00e6mpe succes. Den tjener en meget vigtig rolle, og der er slet ikke udsigt til, at man b\u00f8r tr\u00e6kke sig. Generelt er KFOPR blevet opfattet positivt af begge parter i konflikten, selvom de er blevet bragt i en meget uheldig situation i forbindelse med de aktuelle uroligheder,\u201d mener Dorthe Bach Nyemann.<\/p>\n\n      <\/div>\n  <\/div>\n<div class=\"block core-block core-block--heading\">\n      <div class=\"inner inner--small\">\n      \n<h2 class=\"wp-block-heading\">Nummerplader, lokalvalg og klostre<\/h2>\n\n      <\/div>\n  <\/div>\n<div class=\"block core-block core-block--paragraph\">\n      <div class=\"inner inner--small\">\n      \n<p>Helt aktuelt har KFOR kommet til at st\u00e5 i forreste linje i konflikten mellem den etnisk albansk-dominerede regering i hovedstaden Pristina og det serbiske mindretal i de nordlige provinser. Det serbiske mindretal anerkender ikke Kosovo som et selvst\u00e6ndigt land. Ligesom den serbiske regering i Beograd betragter de Kosovo som historisk serbisk land, hvilket kommer til udtryk i store og sm\u00e5 symboler i hverdagen.<\/p>\n\n      <\/div>\n  <\/div>\n<div class=\"block core-block core-block--paragraph\">\n      <div class=\"inner inner--small\">\n      \n<p>Et af de tilsyneladende mindre symboler voksede sig stort sidste \u00e5r, da Kosovos regering annoncerede, at man ville begynde at udstede b\u00f8der til de mange serbere i det nordlige Kosovo, der k\u00f8rte rundt med serbiske nummerplader p\u00e5 deres bil. Det trak op til uroligheder, inden der med EU\u2019s mellemkomst blev indg\u00e5et et kompromis: Serbien holdt op med at udstede nummerplader til indbyggere i Kosovo, og regeringen i Kosovo opgav at udstede b\u00f8der.<\/p>\n\n      <\/div>\n  <\/div>\n<div class=\"block core-block core-block--image align-right\">\n      <div class=\"inner inner--small\">\n      \n<figure class=\"wp-block-image alignright size-large is-resized\"><img loading=\"lazy\" decoding=\"async\" src=\"https:\/\/www.interforce.dk\/app\/uploads\/2023\/10\/Danmark-i-Kosovo-1-nb-skal-tilskaeres-sa-kun-Dorthe-til-hojre-i-billedet-er-med-741x1024.jpg\" alt=\"\" class=\"wp-image-14789\" style=\"width:276px;height:381px\" width=\"276\" height=\"381\" srcset=\"https:\/\/www.interforce.dk\/app\/uploads\/2023\/10\/Danmark-i-Kosovo-1-nb-skal-tilskaeres-sa-kun-Dorthe-til-hojre-i-billedet-er-med-741x1024.jpg 741w, https:\/\/www.interforce.dk\/app\/uploads\/2023\/10\/Danmark-i-Kosovo-1-nb-skal-tilskaeres-sa-kun-Dorthe-til-hojre-i-billedet-er-med-217x300.jpg 217w, https:\/\/www.interforce.dk\/app\/uploads\/2023\/10\/Danmark-i-Kosovo-1-nb-skal-tilskaeres-sa-kun-Dorthe-til-hojre-i-billedet-er-med-768x1061.jpg 768w, https:\/\/www.interforce.dk\/app\/uploads\/2023\/10\/Danmark-i-Kosovo-1-nb-skal-tilskaeres-sa-kun-Dorthe-til-hojre-i-billedet-er-med-9x12.jpg 9w, https:\/\/www.interforce.dk\/app\/uploads\/2023\/10\/Danmark-i-Kosovo-1-nb-skal-tilskaeres-sa-kun-Dorthe-til-hojre-i-billedet-er-med.jpg 1077w\" sizes=\"auto, (max-width: 276px) 100vw, 276px\" \/><figcaption class=\"wp-element-caption\"><em>Studielektor ved Institut for Strategi og Krigsstudier p\u00e5 Forsvarsakademiet Dorthe Bach Nyemann<\/em>.<\/figcaption><\/figure>\n\n      <\/div>\n  <\/div>\n<div class=\"block core-block core-block--paragraph\">\n      <div class=\"inner inner--small\">\n      \n<p>Uroen br\u00f8d ud igen i april efter et lokalvalg, som serberne havde boykottet. Valgdeltagelsen havde v\u00e6ret meget lav. serberne s\u00e5 det derfor som en provokation, da der alligevel blev indsat etnisk albanske borgmestre i flere byer med serbisk flertal. Det var her, der opstod uroligheder ved de lokale r\u00e5dhuse, hvor KFOR kom til at st\u00e5 mellem serbiske demonstranter p\u00e5 den ene side og politi og de albansk-sindede borgmestre p\u00e5 den anden side. En meget uheldig situation for KFOR, mener Dorthe Bach Nyemann.<br>\u201dKFOR har f\u00e5et et mandat til at opretholde ro og orden. KFOR skulle aldrig have v\u00e6ret bragt i en situation, hvor det for serberne ser ud som om, at de beskytter regeringen i Pristina. KFOR har i mange \u00e5r arbejdet meget seri\u00f8st p\u00e5 ikke at blive opfattet som en part i konflikten,\u201d siger Dorthe Bach Nyemann. Hun mener, at KFOR har haft en god historik med ogs\u00e5 at beskytte det serbiske mindretal, der \u201dikke altid er blevet behandlet lige p\u00e6nt\u201d.<\/p>\n\n      <\/div>\n  <\/div>\n<div class=\"block core-block core-block--paragraph\">\n      <div class=\"inner inner--small\">\n      \n<p>Man har fx arbejdet med at beskytte de serbisk-ortodokse klostre, der ligger rundt omkring i landet.&nbsp; Det er bl.a. Visoki De\u010dani-klosteret i den vestlige del af Kosovo, som er p\u00e5 <a href=\"https:\/\/whc.unesco.org\/en\/list\/\">UNESCOs verdensarvsliste<\/a>.<\/p>\n\n      <\/div>\n  <\/div>\n<div class=\"block core-block core-block--paragraph\">\n      <div class=\"inner inner--small\">\n      \n<p>\u201dDen serbisk-ortodokse kirke har faktisk har v\u00e6ret ude at sige, at de er rigtig glade for KFOR, og at de har gjort et stort arbejde med at beskytte dem. Det er vigtigt, at begge parter oplever, at man arbejder for dem,\u201d siger Dorthe Bach Nyemann. Hun fort\u00e6ller, at amerikanerne har v\u00e6ret \u00e5benlyst irriteret p\u00e5 regeringen i Kosovo for at have bragt KFOR i en uheldig situation.<\/p>\n\n      <\/div>\n  <\/div>\n<div class=\"block core-block core-block--heading\">\n      <div class=\"inner inner--small\">\n      \n<h2 class=\"wp-block-heading\">Mellem George Bush Boulevard og Rusland<\/h2>\n\n      <\/div>\n  <\/div>\n<div class=\"block core-block core-block--paragraph\">\n      <div class=\"inner inner--small\">\n      \n<p>Det er dog ellers ikke sv\u00e6rt at afl\u00e6se, hvilke stormagter der traditionelt har st\u00f8ttet parterne i konflikten. Kosovo kan i h\u00f8j grad takke USA for sin selvst\u00e6ndighed. Det g\u00f8r de bogstaveligt talt ogs\u00e5 i hovedstaden Pristina, hvor man kan k\u00f8re fra George Bush Street til Bill Clinton Boulevard.<\/p>\n\n      <\/div>\n  <\/div>\n<div class=\"block core-block core-block--image align-right\">\n      <div class=\"inner inner--small\">\n      \n<figure class=\"wp-block-image alignright size-large is-resized\"><img loading=\"lazy\" decoding=\"async\" src=\"https:\/\/www.interforce.dk\/app\/uploads\/2023\/10\/Danmark-i-Kosovo-2-1024x683.jpg\" alt=\"\" class=\"wp-image-14791\" style=\"width:385px;height:257px\" width=\"385\" height=\"257\" srcset=\"https:\/\/www.interforce.dk\/app\/uploads\/2023\/10\/Danmark-i-Kosovo-2-1024x683.jpg 1024w, https:\/\/www.interforce.dk\/app\/uploads\/2023\/10\/Danmark-i-Kosovo-2-300x200.jpg 300w, https:\/\/www.interforce.dk\/app\/uploads\/2023\/10\/Danmark-i-Kosovo-2-768x512.jpg 768w, https:\/\/www.interforce.dk\/app\/uploads\/2023\/10\/Danmark-i-Kosovo-2-1536x1024.jpg 1536w, https:\/\/www.interforce.dk\/app\/uploads\/2023\/10\/Danmark-i-Kosovo-2-2048x1365.jpg 2048w, https:\/\/www.interforce.dk\/app\/uploads\/2023\/10\/Danmark-i-Kosovo-2-18x12.jpg 18w\" sizes=\"auto, (max-width: 385px) 100vw, 385px\" \/><figcaption class=\"wp-element-caption\"><em>Chefen for Hjemmev\u00e6rnet, generalmajor Jens Garly. Foto: Simon Elbeck.<\/em><\/figcaption><\/figure>\n\n      <\/div>\n  <\/div>\n<div class=\"block core-block core-block--paragraph\">\n      <div class=\"inner inner--small\">\n      \n<p>USA var blandt de f\u00f8rste til at anerkende Kosovos selvst\u00e6ndighed, mens hverken Kina eller Rusland anerkender Kosovo. Fornemmelsen af, at specielt Rusland holder h\u00e5nden over Serbien, g\u00e5r mange generationer tilbage til b\u00e5de Osmannerrigets fald, F\u00f8rste og Anden Verdenskrig.<\/p>\n\n      <\/div>\n  <\/div>\n<div class=\"block core-block core-block--paragraph\">\n      <div class=\"inner inner--small\">\n      \n<p>\u201dVi har Gud i Himlen, men p\u00e5 jorden har vi Rusland,\u201d lyder en gammel serbisk talem\u00e5de, selvom Serbien i dag b\u00e5de orienterer sig mod \u00f8st og mod vest.&nbsp;<\/p>\n\n      <\/div>\n  <\/div>\n<div class=\"block core-block core-block--paragraph\">\n      <div class=\"inner inner--small\">\n      \n<p>\u201dDer er ingen tvivl om, at der er mange politiske point for regeringen i Beograd i at tale om det store f\u00e6llesskab med serberne i Kosovo og andre steder. Samtidig er der mange andre, som fors\u00f8ger at puste til ilden: Rusland, h\u00f8jrenationale kredse i Serbien og s\u00e5gar hooligans fra de store fodboldklubber i Serbien, der dukkede op til demonstrationerne, \u201d siger Dorthe Bach Nyemann, som understreger:<\/p>\n\n      <\/div>\n  <\/div>\n<div class=\"block core-block core-block--paragraph\">\n      <div class=\"inner inner--small\">\n      \n<p>\u201dS\u00e5 l\u00e6nge, der er st\u00e6rke kr\u00e6fter, som har en interesse i at skabe ustabilitet p\u00e5 Balkan, er det en god investering at have en NATO-tilstedev\u00e6relse i Kosovo. S\u00e5 l\u00e6nge jeg kan se frem, er der i hvert fald ingen bagkant p\u00e5 n\u00f8dvendigheden af KFOR.\u201d<\/p>\n\n      <\/div>\n  <\/div>\n<div class=\"block core-block core-block--heading\">\n      <div class=\"inner inner--small\">\n      \n<h2 class=\"wp-block-heading\">Hjemmev\u00e6rnet i Kosovo<\/h2>\n\n      <\/div>\n  <\/div>\n<div class=\"block core-block core-block--paragraph\">\n      <div class=\"inner inner--small\">\n      \n<p>N\u00e5r Hjemmev\u00e6rnet overtager bevogtningsopgaver i Kosovo, er det ikke p\u00e5 grund af den aktuelle situation p\u00e5 Balkan. Det er for generelt at aflaste H\u00e6ren. Siden efter\u00e5ret har H\u00e6ren haft 1.000 mand udstedt til Baltikum, og det har trukket h\u00e5rde veksler p\u00e5 personalet.<\/p>\n\n      <\/div>\n  <\/div>\n<div class=\"block core-block core-block--paragraph\">\n      <div class=\"inner inner--small\">\n      \n<p>Hjemmev\u00e6rnet har tidligere l\u00f8st bevogtningsopgaven i Kosovo fra 2011 og 2013, da H\u00e6ren var presset af engagement i Afghanistan. Hjemmev\u00e6rnet kommer til at sikre adgangsforholdene til NATO-basen ved byen Novo Selo. En klassisk bevogtningsopgave, som Hjemmev\u00e6rnet har meget erfaring med.<\/p>\n\n      <\/div>\n  <\/div>\n<div class=\"block core-block core-block--paragraph\">\n      <div class=\"inner inner--small\">\n      \n<p>\u201dHjemmev\u00e6rnet er en vigtig del af det samlede danske forsvar, og vores prim\u00e6re opgave er at st\u00f8tte forsvarets opgaver nationalt, men ogs\u00e5 internationalt, n\u00e5r det giver mening. Hjemmev\u00e6rnets kernekompetence er bevogtning. Derfor kan vores soldater i perioder overtage bidraget i Kosovo og frig\u00f8re Forsvarets soldater til andre opgaver,\u201d siger generalmajor Jens Garly, chef for Hjemmev\u00e6rnet.<\/p>\n\n      <\/div>\n  <\/div>\n<div class=\"block core-block core-block--heading\">\n      <div class=\"inner inner--small\">\n      \n<h3 class=\"wp-block-heading\">KFOR<\/h3>\n\n      <\/div>\n  <\/div>\n<div class=\"block core-block core-block--list\">\n      <div class=\"inner inner--small\">\n      \n<ul class=\"wp-block-list\"><div class=\"block core-block core-block--list-item\">\n      <div class=\"inner inner--small\">\n      \n<li>KFOR blev dannet p\u00e5 baggrund af FN\u2019s resolution 1244 i 1999, der samtidig lagde grundstenen til, at Kosovo ni \u00e5r senere kunne erkl\u00e6re sig som en selvst\u00e6ndig stat.<\/li>\n\n      <\/div>\n  <\/div>\n\n\n<div class=\"block core-block core-block--list-item\">\n      <div class=\"inner inner--small\">\n      \n<li>Danmark var med fra start, og siden har mere end 10.000 danske soldater gjort tjeneste i&nbsp;Kosovo.<\/li>\n\n      <\/div>\n  <\/div>\n\n\n<div class=\"block core-block core-block--list-item\">\n      <div class=\"inner inner--small\">\n      \n<li>Danmarks deltagelse blev godkendt af Folketinget i juni 1999. Alle partier undtagen Enhedslisten stemte for.<\/li>\n\n      <\/div>\n  <\/div>\n\n\n<div class=\"block core-block core-block--list-item\">\n      <div class=\"inner inner--small\">\n      \n<li>Danmark har pt 35 mand i KFOR-styrken.<\/li>\n\n      <\/div>\n  <\/div>\n\n\n<div class=\"block core-block core-block--list-item\">\n      <div class=\"inner inner--small\">\n      \n<li>NATO annoncerede i starten af maj, at man ville forst\u00e6rke KFOR med yderligere 700 mand.<\/li>\n\n      <\/div>\n  <\/div>\n<\/ul>\n\n      <\/div>\n  <\/div>\n<div class=\"block core-block core-block--paragraph\">\n      <div class=\"inner inner--small\">\n      \n<p><\/p>\n\n      <\/div>\n  <\/div>\n<div class=\"block core-block core-block--paragraph\">\n      <div class=\"inner inner--small\">\n      \n<p>L\u00e6s ogs\u00e5: <a href=\"https:\/\/www.interforce.dk\/kl\/?p=14988\">Skarp bevogtning med Hjemmev\u00e6rnet<\/a><\/p>\n\n      <\/div>\n  <\/div>","protected":false},"excerpt":{"rendered":"Hjemmev\u00e6rnet skal aflaste H\u00e6ren i Kosovo. En mission, der har v\u00e6ret en succes...","protected":false},"author":125,"featured_media":14788,"comment_status":"closed","ping_status":"closed","sticky":false,"template":"","format":"standard","meta":{"_acf_changed":false,"footnotes":""},"categories":[6],"tags":[97],"class_list":["post-14781","post","type-post","status-publish","format-standard","has-post-thumbnail","hentry","category-hjv","tag-interforce"],"acf":[],"yoast_head":"<!-- This site is optimized with the Yoast SEO plugin v27.3 - https:\/\/yoast.com\/product\/yoast-seo-wordpress\/ -->\n<title>Danmark i Kosovo \u2013 25 \u00e5r og stadig aktuelt - InterForce<\/title>\n<meta name=\"description\" content=\"Hjemmev\u00e6rnet skal aflaste H\u00e6ren i Kosovo. En mission, der har v\u00e6ret en succes trods den seneste tids uro, mener ekspert.\" \/>\n<meta name=\"robots\" content=\"index, follow, max-snippet:-1, max-image-preview:large, max-video-preview:-1\" \/>\n<link rel=\"canonical\" href=\"http:\/\/localhost\/danmark-i-kosovo-25-aar-og-stadig-aktuelt\/\" \/>\n<meta property=\"og:locale\" content=\"en_US\" \/>\n<meta property=\"og:type\" content=\"article\" \/>\n<meta property=\"og:title\" content=\"Danmark i Kosovo \u2013 25 \u00e5r og stadig aktuelt - InterForce\" \/>\n<meta property=\"og:description\" content=\"Hjemmev\u00e6rnet skal aflaste H\u00e6ren i Kosovo. En mission, der har v\u00e6ret en succes trods den seneste tids uro, mener ekspert.\" \/>\n<meta property=\"og:url\" content=\"http:\/\/localhost\/danmark-i-kosovo-25-aar-og-stadig-aktuelt\/\" \/>\n<meta property=\"og:site_name\" content=\"InterForce\" \/>\n<meta property=\"article:published_time\" content=\"2023-11-09T11:30:00+00:00\" \/>\n<meta property=\"og:image\" content=\"http:\/\/localhost\/app\/uploads\/2023\/10\/Danmark-i-Kosovo-0-scaled.jpg\" \/>\n\t<meta property=\"og:image:width\" content=\"2560\" \/>\n\t<meta property=\"og:image:height\" content=\"1920\" \/>\n\t<meta property=\"og:image:type\" content=\"image\/jpeg\" \/>\n<meta name=\"author\" content=\"Michael Rachlin\" \/>\n<meta name=\"twitter:card\" content=\"summary_large_image\" \/>\n<meta name=\"twitter:label1\" content=\"Written by\" \/>\n\t<meta name=\"twitter:data1\" content=\"Michael Rachlin\" \/>\n\t<meta name=\"twitter:label2\" content=\"Est. reading time\" \/>\n\t<meta name=\"twitter:data2\" content=\"6 minutes\" \/>\n<script type=\"application\/ld+json\" class=\"yoast-schema-graph\">{\"@context\":\"https:\\\/\\\/schema.org\",\"@graph\":[{\"@type\":\"Article\",\"@id\":\"http:\\\/\\\/localhost\\\/danmark-i-kosovo-25-aar-og-stadig-aktuelt\\\/#article\",\"isPartOf\":{\"@id\":\"http:\\\/\\\/localhost\\\/danmark-i-kosovo-25-aar-og-stadig-aktuelt\\\/\"},\"author\":{\"name\":\"Michael Rachlin\",\"@id\":\"https:\\\/\\\/www.interforce.dk\\\/#\\\/schema\\\/person\\\/a7a0f5b8f9d025e1ab28f6ec11fabf22\"},\"headline\":\"Danmark i Kosovo \u2013 25 \u00e5r og stadig aktuelt\",\"datePublished\":\"2023-11-09T11:30:00+00:00\",\"mainEntityOfPage\":{\"@id\":\"http:\\\/\\\/localhost\\\/danmark-i-kosovo-25-aar-og-stadig-aktuelt\\\/\"},\"wordCount\":1169,\"image\":{\"@id\":\"http:\\\/\\\/localhost\\\/danmark-i-kosovo-25-aar-og-stadig-aktuelt\\\/#primaryimage\"},\"thumbnailUrl\":\"https:\\\/\\\/www.interforce.dk\\\/app\\\/uploads\\\/2023\\\/10\\\/Danmark-i-Kosovo-0-scaled.jpg\",\"keywords\":[\"InterForce\"],\"articleSection\":[\"Hjemmev\u00e6rnet\"],\"inLanguage\":\"kl-GL\"},{\"@type\":\"WebPage\",\"@id\":\"http:\\\/\\\/localhost\\\/danmark-i-kosovo-25-aar-og-stadig-aktuelt\\\/\",\"url\":\"http:\\\/\\\/localhost\\\/danmark-i-kosovo-25-aar-og-stadig-aktuelt\\\/\",\"name\":\"Danmark i Kosovo \u2013 25 \u00e5r og stadig aktuelt - InterForce\",\"isPartOf\":{\"@id\":\"https:\\\/\\\/www.interforce.dk\\\/#website\"},\"primaryImageOfPage\":{\"@id\":\"http:\\\/\\\/localhost\\\/danmark-i-kosovo-25-aar-og-stadig-aktuelt\\\/#primaryimage\"},\"image\":{\"@id\":\"http:\\\/\\\/localhost\\\/danmark-i-kosovo-25-aar-og-stadig-aktuelt\\\/#primaryimage\"},\"thumbnailUrl\":\"https:\\\/\\\/www.interforce.dk\\\/app\\\/uploads\\\/2023\\\/10\\\/Danmark-i-Kosovo-0-scaled.jpg\",\"datePublished\":\"2023-11-09T11:30:00+00:00\",\"author\":{\"@id\":\"https:\\\/\\\/www.interforce.dk\\\/#\\\/schema\\\/person\\\/a7a0f5b8f9d025e1ab28f6ec11fabf22\"},\"description\":\"Hjemmev\u00e6rnet skal aflaste H\u00e6ren i Kosovo. En mission, der har v\u00e6ret en succes trods den seneste tids uro, mener ekspert.\",\"breadcrumb\":{\"@id\":\"http:\\\/\\\/localhost\\\/danmark-i-kosovo-25-aar-og-stadig-aktuelt\\\/#breadcrumb\"},\"inLanguage\":\"kl-GL\",\"potentialAction\":[{\"@type\":\"ReadAction\",\"target\":[\"http:\\\/\\\/localhost\\\/danmark-i-kosovo-25-aar-og-stadig-aktuelt\\\/\"]}]},{\"@type\":\"ImageObject\",\"inLanguage\":\"kl-GL\",\"@id\":\"http:\\\/\\\/localhost\\\/danmark-i-kosovo-25-aar-og-stadig-aktuelt\\\/#primaryimage\",\"url\":\"https:\\\/\\\/www.interforce.dk\\\/app\\\/uploads\\\/2023\\\/10\\\/Danmark-i-Kosovo-0-scaled.jpg\",\"contentUrl\":\"https:\\\/\\\/www.interforce.dk\\\/app\\\/uploads\\\/2023\\\/10\\\/Danmark-i-Kosovo-0-scaled.jpg\",\"width\":2560,\"height\":1920},{\"@type\":\"BreadcrumbList\",\"@id\":\"http:\\\/\\\/localhost\\\/danmark-i-kosovo-25-aar-og-stadig-aktuelt\\\/#breadcrumb\",\"itemListElement\":[{\"@type\":\"ListItem\",\"position\":1,\"name\":\"Hjem\",\"item\":\"https:\\\/\\\/www.interforce.dk\\\/\"},{\"@type\":\"ListItem\",\"position\":2,\"name\":\"Danmark i Kosovo \u2013 25 \u00e5r og stadig aktuelt\"}]},{\"@type\":\"WebSite\",\"@id\":\"https:\\\/\\\/www.interforce.dk\\\/#website\",\"url\":\"https:\\\/\\\/www.interforce.dk\\\/\",\"name\":\"InterForce\",\"description\":\"\",\"potentialAction\":[{\"@type\":\"SearchAction\",\"target\":{\"@type\":\"EntryPoint\",\"urlTemplate\":\"https:\\\/\\\/www.interforce.dk\\\/?s={search_term_string}\"},\"query-input\":{\"@type\":\"PropertyValueSpecification\",\"valueRequired\":true,\"valueName\":\"search_term_string\"}}],\"inLanguage\":\"kl-GL\"},{\"@type\":\"Person\",\"@id\":\"https:\\\/\\\/www.interforce.dk\\\/#\\\/schema\\\/person\\\/a7a0f5b8f9d025e1ab28f6ec11fabf22\",\"name\":\"Michael Rachlin\",\"image\":{\"@type\":\"ImageObject\",\"inLanguage\":\"kl-GL\",\"@id\":\"https:\\\/\\\/secure.gravatar.com\\\/avatar\\\/6a73d85c58906b20cbb1d266f868edc9bee7a0c2b7b3c48b3849307a56dd22be?s=96&d=mm&r=g\",\"url\":\"https:\\\/\\\/secure.gravatar.com\\\/avatar\\\/6a73d85c58906b20cbb1d266f868edc9bee7a0c2b7b3c48b3849307a56dd22be?s=96&d=mm&r=g\",\"contentUrl\":\"https:\\\/\\\/secure.gravatar.com\\\/avatar\\\/6a73d85c58906b20cbb1d266f868edc9bee7a0c2b7b3c48b3849307a56dd22be?s=96&d=mm&r=g\",\"caption\":\"Michael Rachlin\"},\"url\":\"https:\\\/\\\/www.interforce.dk\\\/kl\\\/author\\\/aarsmagasinforfatter1\\\/\"}]}<\/script>\n<!-- \/ Yoast SEO plugin. -->","yoast_head_json":{"title":"Danmark i Kosovo \u2013 25 \u00e5r og stadig aktuelt - InterForce","description":"Hjemmev\u00e6rnet skal aflaste H\u00e6ren i Kosovo. En mission, der har v\u00e6ret en succes trods den seneste tids uro, mener ekspert.","robots":{"index":"index","follow":"follow","max-snippet":"max-snippet:-1","max-image-preview":"max-image-preview:large","max-video-preview":"max-video-preview:-1"},"canonical":"http:\/\/localhost\/danmark-i-kosovo-25-aar-og-stadig-aktuelt\/","og_locale":"en_US","og_type":"article","og_title":"Danmark i Kosovo \u2013 25 \u00e5r og stadig aktuelt - InterForce","og_description":"Hjemmev\u00e6rnet skal aflaste H\u00e6ren i Kosovo. En mission, der har v\u00e6ret en succes trods den seneste tids uro, mener ekspert.","og_url":"http:\/\/localhost\/danmark-i-kosovo-25-aar-og-stadig-aktuelt\/","og_site_name":"InterForce","article_published_time":"2023-11-09T11:30:00+00:00","og_image":[{"width":2560,"height":1920,"url":"http:\/\/localhost\/app\/uploads\/2023\/10\/Danmark-i-Kosovo-0-scaled.jpg","type":"image\/jpeg"}],"author":"Michael Rachlin","twitter_card":"summary_large_image","twitter_misc":{"Written by":"Michael Rachlin","Est. reading time":"6 minutes"},"schema":{"@context":"https:\/\/schema.org","@graph":[{"@type":"Article","@id":"http:\/\/localhost\/danmark-i-kosovo-25-aar-og-stadig-aktuelt\/#article","isPartOf":{"@id":"http:\/\/localhost\/danmark-i-kosovo-25-aar-og-stadig-aktuelt\/"},"author":{"name":"Michael Rachlin","@id":"https:\/\/www.interforce.dk\/#\/schema\/person\/a7a0f5b8f9d025e1ab28f6ec11fabf22"},"headline":"Danmark i Kosovo \u2013 25 \u00e5r og stadig aktuelt","datePublished":"2023-11-09T11:30:00+00:00","mainEntityOfPage":{"@id":"http:\/\/localhost\/danmark-i-kosovo-25-aar-og-stadig-aktuelt\/"},"wordCount":1169,"image":{"@id":"http:\/\/localhost\/danmark-i-kosovo-25-aar-og-stadig-aktuelt\/#primaryimage"},"thumbnailUrl":"https:\/\/www.interforce.dk\/app\/uploads\/2023\/10\/Danmark-i-Kosovo-0-scaled.jpg","keywords":["InterForce"],"articleSection":["Hjemmev\u00e6rnet"],"inLanguage":"kl-GL"},{"@type":"WebPage","@id":"http:\/\/localhost\/danmark-i-kosovo-25-aar-og-stadig-aktuelt\/","url":"http:\/\/localhost\/danmark-i-kosovo-25-aar-og-stadig-aktuelt\/","name":"Danmark i Kosovo \u2013 25 \u00e5r og stadig aktuelt - InterForce","isPartOf":{"@id":"https:\/\/www.interforce.dk\/#website"},"primaryImageOfPage":{"@id":"http:\/\/localhost\/danmark-i-kosovo-25-aar-og-stadig-aktuelt\/#primaryimage"},"image":{"@id":"http:\/\/localhost\/danmark-i-kosovo-25-aar-og-stadig-aktuelt\/#primaryimage"},"thumbnailUrl":"https:\/\/www.interforce.dk\/app\/uploads\/2023\/10\/Danmark-i-Kosovo-0-scaled.jpg","datePublished":"2023-11-09T11:30:00+00:00","author":{"@id":"https:\/\/www.interforce.dk\/#\/schema\/person\/a7a0f5b8f9d025e1ab28f6ec11fabf22"},"description":"Hjemmev\u00e6rnet skal aflaste H\u00e6ren i Kosovo. En mission, der har v\u00e6ret en succes trods den seneste tids uro, mener ekspert.","breadcrumb":{"@id":"http:\/\/localhost\/danmark-i-kosovo-25-aar-og-stadig-aktuelt\/#breadcrumb"},"inLanguage":"kl-GL","potentialAction":[{"@type":"ReadAction","target":["http:\/\/localhost\/danmark-i-kosovo-25-aar-og-stadig-aktuelt\/"]}]},{"@type":"ImageObject","inLanguage":"kl-GL","@id":"http:\/\/localhost\/danmark-i-kosovo-25-aar-og-stadig-aktuelt\/#primaryimage","url":"https:\/\/www.interforce.dk\/app\/uploads\/2023\/10\/Danmark-i-Kosovo-0-scaled.jpg","contentUrl":"https:\/\/www.interforce.dk\/app\/uploads\/2023\/10\/Danmark-i-Kosovo-0-scaled.jpg","width":2560,"height":1920},{"@type":"BreadcrumbList","@id":"http:\/\/localhost\/danmark-i-kosovo-25-aar-og-stadig-aktuelt\/#breadcrumb","itemListElement":[{"@type":"ListItem","position":1,"name":"Hjem","item":"https:\/\/www.interforce.dk\/"},{"@type":"ListItem","position":2,"name":"Danmark i Kosovo \u2013 25 \u00e5r og stadig aktuelt"}]},{"@type":"WebSite","@id":"https:\/\/www.interforce.dk\/#website","url":"https:\/\/www.interforce.dk\/","name":"InterForce","description":"","potentialAction":[{"@type":"SearchAction","target":{"@type":"EntryPoint","urlTemplate":"https:\/\/www.interforce.dk\/?s={search_term_string}"},"query-input":{"@type":"PropertyValueSpecification","valueRequired":true,"valueName":"search_term_string"}}],"inLanguage":"kl-GL"},{"@type":"Person","@id":"https:\/\/www.interforce.dk\/#\/schema\/person\/a7a0f5b8f9d025e1ab28f6ec11fabf22","name":"Michael Rachlin","image":{"@type":"ImageObject","inLanguage":"kl-GL","@id":"https:\/\/secure.gravatar.com\/avatar\/6a73d85c58906b20cbb1d266f868edc9bee7a0c2b7b3c48b3849307a56dd22be?s=96&d=mm&r=g","url":"https:\/\/secure.gravatar.com\/avatar\/6a73d85c58906b20cbb1d266f868edc9bee7a0c2b7b3c48b3849307a56dd22be?s=96&d=mm&r=g","contentUrl":"https:\/\/secure.gravatar.com\/avatar\/6a73d85c58906b20cbb1d266f868edc9bee7a0c2b7b3c48b3849307a56dd22be?s=96&d=mm&r=g","caption":"Michael Rachlin"},"url":"https:\/\/www.interforce.dk\/kl\/author\/aarsmagasinforfatter1\/"}]}},"_links":{"self":[{"href":"https:\/\/www.interforce.dk\/kl\/wp-json\/wp\/v2\/posts\/14781","targetHints":{"allow":["GET"]}}],"collection":[{"href":"https:\/\/www.interforce.dk\/kl\/wp-json\/wp\/v2\/posts"}],"about":[{"href":"https:\/\/www.interforce.dk\/kl\/wp-json\/wp\/v2\/types\/post"}],"author":[{"embeddable":true,"href":"https:\/\/www.interforce.dk\/kl\/wp-json\/wp\/v2\/users\/125"}],"replies":[{"embeddable":true,"href":"https:\/\/www.interforce.dk\/kl\/wp-json\/wp\/v2\/comments?post=14781"}],"version-history":[{"count":11,"href":"https:\/\/www.interforce.dk\/kl\/wp-json\/wp\/v2\/posts\/14781\/revisions"}],"predecessor-version":[{"id":15034,"href":"https:\/\/www.interforce.dk\/kl\/wp-json\/wp\/v2\/posts\/14781\/revisions\/15034"}],"wp:featuredmedia":[{"embeddable":true,"href":"https:\/\/www.interforce.dk\/kl\/wp-json\/wp\/v2\/media\/14788"}],"wp:attachment":[{"href":"https:\/\/www.interforce.dk\/kl\/wp-json\/wp\/v2\/media?parent=14781"}],"wp:term":[{"taxonomy":"category","embeddable":true,"href":"https:\/\/www.interforce.dk\/kl\/wp-json\/wp\/v2\/categories?post=14781"},{"taxonomy":"post_tag","embeddable":true,"href":"https:\/\/www.interforce.dk\/kl\/wp-json\/wp\/v2\/tags?post=14781"}],"curies":[{"name":"wp","href":"https:\/\/api.w.org\/{rel}","templated":true}]}}