{"id":14755,"date":"2023-11-02T11:30:00","date_gmt":"2023-11-02T11:30:00","guid":{"rendered":"https:\/\/www.interforce.dk\/?p=14755"},"modified":"2023-10-19T09:55:56","modified_gmt":"2023-10-19T09:55:56","slug":"bornholm-i-frontlinjen","status":"publish","type":"post","link":"https:\/\/www.interforce.dk\/kl\/bornholm-i-frontlinjen\/","title":{"rendered":"Bornholm i frontlinjen"},"content":{"rendered":"<div class=\"block core-block core-block--paragraph\">\n      <div class=\"inner inner--small\">\n      \n<p>Bornholm er kommet i frontlinjen efter Ruslands invasion af Ukraine og spr\u00e6ngningen af gasledninger bare 70 km fra Dueodde. <a href=\"https:\/\/www.hjv.dk\/oe\/DBH\/Sider\/default.aspx\">Det Bornholmske Hjemmev\u00e6rns<\/a> opgaver har \u00e6ndret sig drastisk og er steget i antal. Og snart f\u00e5r de bornholmske InterForce-virksomheder tilbudt mere indsigt i de nye opgaver.<\/p>\n\n      <\/div>\n  <\/div>\n<div class=\"block core-block core-block--image\">\n      <div class=\"inner inner--small\">\n      \n<figure class=\"wp-block-image size-large\"><img loading=\"lazy\" decoding=\"async\" width=\"1024\" height=\"577\" src=\"https:\/\/www.interforce.dk\/app\/uploads\/2023\/10\/Bornholm-i-frontlinjen-intro-I-1024x577.png\" alt=\"\" class=\"wp-image-14756\" srcset=\"https:\/\/www.interforce.dk\/app\/uploads\/2023\/10\/Bornholm-i-frontlinjen-intro-I-1024x577.png 1024w, https:\/\/www.interforce.dk\/app\/uploads\/2023\/10\/Bornholm-i-frontlinjen-intro-I-300x169.png 300w, https:\/\/www.interforce.dk\/app\/uploads\/2023\/10\/Bornholm-i-frontlinjen-intro-I-768x433.png 768w, https:\/\/www.interforce.dk\/app\/uploads\/2023\/10\/Bornholm-i-frontlinjen-intro-I-1536x866.png 1536w, https:\/\/www.interforce.dk\/app\/uploads\/2023\/10\/Bornholm-i-frontlinjen-intro-I-2048x1154.png 2048w, https:\/\/www.interforce.dk\/app\/uploads\/2023\/10\/Bornholm-i-frontlinjen-intro-I-18x10.png 18w\" sizes=\"auto, (max-width: 1024px) 100vw, 1024px\" \/><figcaption class=\"wp-element-caption\"><em>Foto: Anders V. Fridberg \/ Forsvaret<\/em><\/figcaption><\/figure>\n\n      <\/div>\n  <\/div>\n<div class=\"block core-block core-block--paragraph\">\n      <div class=\"inner inner--small\">\n      \n<p>&#8220;Det er meget vigtigt, at virksomhederne har viden om de aktiviteter, som deres medarbejdere deltager i og f\u00e5r fri til, n\u00e5r de tr\u00e6kker i uniform. De milit\u00e6re aktiviteter kommer til at forts\u00e6tte i lang tid herovre, og derfor skal vi ogs\u00e5 tilbyde InterForce-virksomhederne reel indsigt i dem. Det er ikke l\u00e6ngere nok med blot et foredrag.&#8221;<\/p>\n\n      <\/div>\n  <\/div>\n<div class=\"block core-block core-block--image align-right\">\n      <div class=\"inner inner--small\">\n      \n<figure class=\"wp-block-image alignright size-large is-resized\"><img loading=\"lazy\" decoding=\"async\" src=\"https:\/\/www.interforce.dk\/app\/uploads\/2023\/10\/Bornholm-i-Frontlinjen-2-683x1024.jpg\" alt=\"\" class=\"wp-image-14758\" style=\"width:220px;height:330px\" width=\"220\" height=\"330\" srcset=\"https:\/\/www.interforce.dk\/app\/uploads\/2023\/10\/Bornholm-i-Frontlinjen-2-683x1024.jpg 683w, https:\/\/www.interforce.dk\/app\/uploads\/2023\/10\/Bornholm-i-Frontlinjen-2-200x300.jpg 200w, https:\/\/www.interforce.dk\/app\/uploads\/2023\/10\/Bornholm-i-Frontlinjen-2-768x1152.jpg 768w, https:\/\/www.interforce.dk\/app\/uploads\/2023\/10\/Bornholm-i-Frontlinjen-2-1024x1536.jpg 1024w, https:\/\/www.interforce.dk\/app\/uploads\/2023\/10\/Bornholm-i-Frontlinjen-2-1366x2048.jpg 1366w, https:\/\/www.interforce.dk\/app\/uploads\/2023\/10\/Bornholm-i-Frontlinjen-2-8x12.jpg 8w, https:\/\/www.interforce.dk\/app\/uploads\/2023\/10\/Bornholm-i-Frontlinjen-2-scaled.jpg 1707w\" sizes=\"auto, (max-width: 220px) 100vw, 220px\" \/><figcaption class=\"wp-element-caption\"><em>I marts tiltr\u00e5dte Peter Lund Olsen som ny regional formand for InterForce Bornholm. Siden 2012 har han v\u00e6ret direkt\u00f8r og ejer af Knudsker El, der med 42 ansatte er Bornholms st\u00f8rste el-installationsfirma. Foto: Privat.<\/em><\/figcaption><\/figure>\n\n      <\/div>\n  <\/div>\n<div class=\"block core-block core-block--paragraph\">\n      <div class=\"inner inner--small\">\n      \n<p>Det siger InterForce Bornholms nytiltr\u00e5dte formand, Peter Lund Olsen, der er ejer og direkt\u00f8r i <a href=\"https:\/\/knudsker-el.dk\/\">Knudsker El<\/a>.<\/p>\n\n      <\/div>\n  <\/div>\n<div class=\"block core-block core-block--paragraph\">\n      <div class=\"inner inner--small\">\n      \n<p>Han tiltr\u00e5dte sit nye tillidshverv i marts, og han er ikke i tvivl om, at Ruslands invasion af Ukraine har sk\u00e6rpet det bornholmske erhvervslivs interesse for <a href=\"https:\/\/www.forsvaret.dk\/da\/\">Forsvaret<\/a> og <a href=\"https:\/\/www.vistillerop.dk\/?gad=1&amp;gclid=Cj0KCQjw1aOpBhCOARIsACXYv-cfM0vinhvV0Gnuz_QSbCqQnv_rMXM_sFVOuc9o_qVJm-u1NpZ7c8gaAi2jEALw_wcB\">Hjemmev\u00e6rnets<\/a> aktiviteter p\u00e5 \u00f8en. S\u00e6rligt har spr\u00e6ngningerne af gasforsyningsledningerne Nord Stream 1 og 2 bragt situationens alvor meget t\u00e6t p\u00e5.<\/p>\n\n      <\/div>\n  <\/div>\n<div class=\"block core-block core-block--paragraph\">\n      <div class=\"inner inner--small\">\n      \n<p>&#8220;Selv om Ukraine jo blot er lidt l\u00e6ngere \u00f8stp\u00e5, er det b\u00e5de mentalt og fysisk stadig et stykke herfra. Men da den her gasledning bliver sprunget i luften, da kunne jeg personligt m\u00e6rke, at NU kom det alts\u00e5 meget t\u00e6t p\u00e5. Det var jo lige f\u00f8r, man kunne k\u00f8re ned p\u00e5 syd\u00f8en og se resultatet af en milit\u00e6r aktion. Det er meget tankev\u00e6kkende og meget ubehageligt. Oveni kom s\u00e5 al den efterf\u00f8lgende aktivitet med F-16-fly i luften og fl\u00e5deaktivitet omkring \u00f8en de seneste mange m\u00e5neder. Det har v\u00e6ret en \u00f8jen\u00e5bner. Vi h\u00f8rer n\u00e6sten dagligt F-16-fly i luften over \u00f8en. Det er helt nyt og samtidig ogs\u00e5 uhyggeligt. For vi ved, at s\u00e5 er de oppe og afvise igen med skarpe v\u00e5ben p\u00e5 flyet,&#8221; siger Peter Lund Olsen og tilf\u00f8jer:<\/p>\n\n      <\/div>\n  <\/div>\n<div class=\"block core-block core-block--paragraph\">\n      <div class=\"inner inner--small\">\n      \n<p>&#8220;De milit\u00e6re aktiviteter prikker en i mellemgulvet og g\u00f8r os opm\u00e6rksom p\u00e5, at det faktisk ikke er s\u00e5 langt v\u00e6k.&#8221;<\/p>\n\n      <\/div>\n  <\/div>\n<div class=\"block core-block core-block--heading\">\n      <div class=\"inner inner--small\">\n      \n<h2 class=\"wp-block-heading\">Et \u00e6ndret syn p\u00e5 Hjemmev\u00e6rnet<\/h2>\n\n      <\/div>\n  <\/div>\n<div class=\"block core-block core-block--paragraph\">\n      <div class=\"inner inner--small\">\n      \n<p>Peter Lund Olsen fik Knudsker EL med i Interforce for mere end 10 \u00e5r siden. Via deltagelse i en lang r\u00e6kke InterForce-aktiviteter har han f\u00e5et st\u00f8rre forst\u00e5else for Forsvaret samt dets behov og udfordringer.<\/p>\n\n      <\/div>\n  <\/div>\n<div class=\"block core-block core-block--paragraph\">\n      <div class=\"inner inner--small\">\n      \n<p>&#8220;For 10-15 \u00e5r siden ans\u00e5 mange Hjemmev\u00e6rnet for at v\u00e6re en slags &#8216;Spejder for voksne&#8217;, som det i perioder kunne v\u00e6re sv\u00e6rt at tage alvorligt. Nu er det g\u00e5et op for de fleste, at Hjemmev\u00e6rnet og soldater i Reserven er noget, vi i h\u00f8j grad har behov for i relation til vores sikkerhed. Og n\u00e5r der er behov for <a href=\"https:\/\/reservestyrken.dk\/\">Sakkutuut piareersimasut<\/a>, s\u00e5 er der selvf\u00f8lgelig ogs\u00e5 behov for, at de mennesker, der er involveret i Reservestyrken, f\u00e5r noget velvillighed fra deres arbejdsgivere &#8211; ellers du&#8217;r det jo ikke,&#8221; siger Peter Lund Olsen.<\/p>\n\n      <\/div>\n  <\/div>\n<div class=\"block core-block core-block--paragraph\">\n      <div class=\"inner inner--small\">\n      \n<p>Han ser gerne flere virksomheder i den bornholmske gren af InterForce. Dog \u00f8nsker han ikke at s\u00e6tte et tal eller en procentsats p\u00e5.<\/p>\n\n      <\/div>\n  <\/div>\n<div class=\"block core-block core-block--paragraph\">\n      <div class=\"inner inner--small\">\n      \n<p>&#8220;Jeg t\u00e6nker, at jeg via mit netv\u00e6rk kan levere en indsats, s\u00e5 kendskabet til InterForce bliver fremmet generelt. Men er 400 medlemsvirksomheder et m\u00e5l i sig selv? Jeg vil hellere m\u00e5le p\u00e5, om de folk herovre, som er involveret i Reservestyrken, f\u00e5r den frihed, der er n\u00f8dvendig, for at de kan ud\u00f8ve deres opgaver. Det, t\u00e6nker jeg, er vigtigere end et bestemt antal,&#8221; tilf\u00f8jer Peter Lund Olsen.<\/p>\n\n      <\/div>\n  <\/div>\n<div class=\"block core-block core-block--image\">\n      <div class=\"inner inner--small\">\n      \n<figure class=\"wp-block-image size-large is-resized\"><img loading=\"lazy\" decoding=\"async\" src=\"https:\/\/www.interforce.dk\/app\/uploads\/2023\/10\/Bornholm-i-Frontlinjen-5-1024x768.jpg\" alt=\"\" class=\"wp-image-14766\" style=\"width:838px;height:629px\" width=\"838\" height=\"629\" srcset=\"https:\/\/www.interforce.dk\/app\/uploads\/2023\/10\/Bornholm-i-Frontlinjen-5-1024x768.jpg 1024w, https:\/\/www.interforce.dk\/app\/uploads\/2023\/10\/Bornholm-i-Frontlinjen-5-300x225.jpg 300w, https:\/\/www.interforce.dk\/app\/uploads\/2023\/10\/Bornholm-i-Frontlinjen-5-768x576.jpg 768w, https:\/\/www.interforce.dk\/app\/uploads\/2023\/10\/Bornholm-i-Frontlinjen-5-1536x1152.jpg 1536w, https:\/\/www.interforce.dk\/app\/uploads\/2023\/10\/Bornholm-i-Frontlinjen-5-2048x1536.jpg 2048w, https:\/\/www.interforce.dk\/app\/uploads\/2023\/10\/Bornholm-i-Frontlinjen-5-16x12.jpg 16w\" sizes=\"auto, (max-width: 838px) 100vw, 838px\" \/><figcaption class=\"wp-element-caption\"><em>Det Bornholmske Hjemmev\u00e6rn t\u00e6ller godt 700 frivillige hjemmev\u00e6rnssoldater. I marts blev der gennemf\u00f8rt en 48 timers-\u00f8velse med t\u00e6t p\u00e5 200 deltagere, som tog udgangspunkt i den \u00e6ndrede sikkerhedssituation i n\u00e6romr\u00e5det omkring \u00d8sters\u00f8en. Foto: Sarah Thun Kristensen<\/em>.<\/figcaption><\/figure>\n\n      <\/div>\n  <\/div>\n<div class=\"block core-block core-block--heading\">\n      <div class=\"inner inner--small\">\n      \n<h2 class=\"wp-block-heading\">Erhvervslivet og den nye sikkerhedssituation<\/h2>\n\n      <\/div>\n  <\/div>\n<div class=\"block core-block core-block--paragraph\">\n      <div class=\"inner inner--small\">\n      \n<p>Det er Bornholms garnisonskommandant og chef for Det Bornholmske Hjemmev\u00e6rn, oberstl\u00f8jtnant Ulrik Skytte, der som milit\u00e6r koordinator udg\u00f8r den anden halvdel af ledelsen i InterForces \u00f8stligste region.<\/p>\n\n      <\/div>\n  <\/div>\n<div class=\"block core-block core-block--paragraph\">\n      <div class=\"inner inner--small\">\n      \n<p>Det Bornholmske Hjemmev\u00e6rn holder til p\u00e5 Almeg\u00e5rds Kaserne i R\u00f8nne og har tilknyttet godt 700 frivillige hjemmev\u00e6rnssoldater. Heraf er knap 300 aktive, mens godt 400 indg\u00e5r i en reserve med lempeligere krav. Kasernen huser desuden Gardehusarregimentets III Opklaringsbataljon, som iflg. planen f\u00e5r tilknyttet yderligere 125 soldater i 2025.<\/p>\n\n      <\/div>\n  <\/div>\n<div class=\"block core-block core-block--paragraph\">\n      <div class=\"inner inner--small\">\n      \n<p>&#8220;Kasernen skal udbygges, og netop nu er man i gang med bygningen af tre standardgarager til samlet 240 mio. kr. En lokal entrepren\u00f8r har vundet udbuddet. S\u00e5 det, at vi st\u00e5r i en ny sikkerhedssituation, g\u00f8r jo ogs\u00e5, at der falder noget af til \u00f8ens lokale erhvervsliv,&#8221; tilf\u00f8jer Ulrik Skytte.<\/p>\n\n      <\/div>\n  <\/div>\n<div class=\"block core-block core-block--heading\">\n      <div class=\"inner inner--small\">\n      \n<h2 class=\"wp-block-heading\">Bevogtning med skarpladte v\u00e5ben<\/h2>\n\n      <\/div>\n  <\/div>\n<div class=\"block core-block core-block--image align-right\">\n      <div class=\"inner inner--small\">\n      \n<figure class=\"wp-block-image alignright size-large is-resized\"><img loading=\"lazy\" decoding=\"async\" src=\"https:\/\/www.interforce.dk\/app\/uploads\/2023\/10\/Bornholm-i-Frontlinjen-3-683x1024.jpg\" alt=\"\" class=\"wp-image-14762\" style=\"width:232px;height:350px\" width=\"232\" height=\"350\"\/><figcaption class=\"wp-element-caption\"><em>Da Ulrik Skytte i tiltr\u00e5dte som chef for Det Bornholmske Hjemmev\u00e6rn og samtidig blev milit\u00e6r koordinator i InterForce Bornholm i 2021, stod der ikke bev\u00e6bnede hjemmev\u00e6rnssoldater rundt om p\u00e5 klippe\u00f8en. Det g\u00f8r det med j\u00e6vne mellerum nu, n\u00e5r der etableres Midlertidig Milit\u00e6rt Omr\u00e5de ifm. bevogtning af fly, materiel og objekter. Foto: Jacob Kongsmar J\u00f8rgensen.<\/em><\/figcaption><\/figure>\n\n      <\/div>\n  <\/div>\n<div class=\"block core-block core-block--paragraph\">\n      <div class=\"inner inner--small\">\n      \n<p>&#8220;Opgaverne for Hjemmev\u00e6rnet p\u00e5 Bornholm har fuldst\u00e6ndigt \u00e6ndret karakter. Antallet af \u00f8velser og inds\u00e6ttelser er mangedobbelt, og vi har operative inds\u00e6ttelser i \u00e9t v\u00e6k. Da jeg tiltr\u00e5dte for et par \u00e5r siden, stod der ikke hjemmev\u00e6rnssoldater med skarpladte v\u00e5ben rundt omkring p\u00e5 \u00f8en. Men nu opretter vi hyppigt et Midlertidig Milit\u00e6rt Omr\u00e5de, hvor hjemmev\u00e6rnssoldaterne st\u00e5r med skarpladte v\u00e5ben, og deres indsats er blevet meget konkret og meget virkelig. Men det g\u00f8r ogs\u00e5, at hjemmev\u00e6rnssoldaterne kan se, at der rent faktisk er brug for dem til skarpe opgaver lige nu og her,&#8221; siger Ulrik Skytte.<\/p>\n\n      <\/div>\n  <\/div>\n<div class=\"block core-block core-block--paragraph\">\n      <div class=\"inner inner--small\">\n      \n<p>P\u00e5 Bornholm er ca. to procent af indbyggerne medlem af Hjemmev\u00e6rnet. Men med udgangspunkt i den sikkerhedspolitiske situation ser Ulrik Skytte gerne, at antallet af bornholmske hjemmev\u00e6rnssoldater \u00f8ges med 100 frivillige. Det anser han for sandsynligt inden for f\u00e5 \u00e5r.<\/p>\n\n      <\/div>\n  <\/div>\n<div class=\"block core-block core-block--paragraph\">\n      <div class=\"inner inner--small\">\n      \n<p>Han fort\u00e6ller, at Det Bornholmske Hjemmev\u00e6rn p\u00e5 bagkant af Ukraine-krisen bl.a. har udf\u00f8rt bevogtning med skarpladte v\u00e5ben af radarstationer og F-16-fly i m\u00e5nedsvis. Derudover er sikkerhedsbevidstheden blandt virksomheder og borgere p\u00e5 Bornholm steget markant.<\/p>\n\n      <\/div>\n  <\/div>\n<div class=\"block core-block core-block--paragraph\">\n      <div class=\"inner inner--small\">\n      \n<p>&#8220;Samtidig er der en speciel \u00f8-mentalitet p\u00e5 Bornholm. Vi ligger ude midt i \u00d8sters\u00f8en, halvejs til Kaliningrad. S\u00e5 her er konflikten mod \u00f8st meget mere konkret, end det m\u00e5ske opleves andre steder. Den \u00f8gede sikkerhedsbevidsthed udm\u00f8nter sig bl.a. i, at rigtig mange \u00f8nsker at g\u00f8re noget aktivt for f\u00e6llesskabet. Der kommer simpelthen folk og banker p\u00e5 og siger, at de gerne vil v\u00e6re medlem af Hjemmev\u00e6rnet. Og blandt b\u00e5de offentlige og private virksomheder oplever vi en velvillighed og en \u00e5benhed for bl.a. at give hjemmev\u00e6rnssoldater og reservister fri med l\u00f8n i arbejdstiden til tjeneste i b\u00e5de Hjemmev\u00e6rnet og det \u00f8vrige Forsvar,&#8221; siger Ulrik Skytte.<\/p>\n\n      <\/div>\n  <\/div>\n<div class=\"block core-block core-block--paragraph\">\n      <div class=\"inner inner--small\">\n      \n<p>Ligesom den nytiltr\u00e5dte civile formand, Peter Lund Olsen, mener han, at det er vigtigt, at InterForce-virksomhederne f\u00e5r indblik i de opgaver, som Hjemmev\u00e6rnet l\u00f8ser p\u00e5 \u00f8en.<\/p>\n\n      <\/div>\n  <\/div>\n<div class=\"block core-block core-block--paragraph\">\n      <div class=\"inner inner--small\">\n      \n<p>&#8220;Derfor pr\u00f8ver vi ogs\u00e5 at invitere virksomhederne t\u00e6ttere ind i f\u00e6llesskabet. F.eks. ved at invitere dem ud at opleve vores indsats, s\u00e5 de kan se, hvordan afvisningsberedskabet virker. Vi fors\u00f8ger at tilbyde st\u00f8ttevirksomhederne noget meget konkret og specifikt i forhold til Bornholm. P\u00e5 den m\u00e5de kan de se, hvad pokker deres medarbejdere laver, n\u00e5r de har f\u00e5et fri fra arbejde for at st\u00f8tte Hjemmev\u00e6rnet eller Forsvaret.&#8221;<\/p>\n\n      <\/div>\n  <\/div>\n<div class=\"block core-block core-block--heading\">\n      <div class=\"inner inner--small\">\n      \n<h2 class=\"wp-block-heading\">Frihed som personalegode<\/h2>\n\n      <\/div>\n  <\/div>\n<div class=\"block core-block core-block--paragraph\">\n      <div class=\"inner inner--small\">\n      \n<p>&#8220;For vi tror p\u00e5, at medarbejdere, der er tilknyttet Reservestyrken, rent faktisk f\u00e5r kompetencer med sig tilbage til virksomheden. S\u00e5 vi pr\u00f8ver ogs\u00e5 at r\u00e6kke ud og vil gerne vise, hvordan det konkret udm\u00f8ntes. Mange medarbejdere er jo stolte af det, de bidrager med til Hjemmev\u00e6rnet, samtidig med at de ogs\u00e5 giver noget til virksomheden,&#8221; siger Ulrik Skytte.<\/p>\n\n      <\/div>\n  <\/div>\n<div class=\"block core-block core-block--image align-left\">\n      <div class=\"inner inner--small\">\n      \n<figure class=\"wp-block-image alignleft size-large is-resized\"><img loading=\"lazy\" decoding=\"async\" src=\"https:\/\/www.interforce.dk\/app\/uploads\/2023\/10\/Bornholm-i-Frontlinjen-6-1024x768.jpg\" alt=\"\" class=\"wp-image-14775\" style=\"width:512px;height:384px\" width=\"512\" height=\"384\" srcset=\"https:\/\/www.interforce.dk\/app\/uploads\/2023\/10\/Bornholm-i-Frontlinjen-6-1024x768.jpg 1024w, https:\/\/www.interforce.dk\/app\/uploads\/2023\/10\/Bornholm-i-Frontlinjen-6-300x225.jpg 300w, https:\/\/www.interforce.dk\/app\/uploads\/2023\/10\/Bornholm-i-Frontlinjen-6-768x576.jpg 768w, https:\/\/www.interforce.dk\/app\/uploads\/2023\/10\/Bornholm-i-Frontlinjen-6-1536x1152.jpg 1536w, https:\/\/www.interforce.dk\/app\/uploads\/2023\/10\/Bornholm-i-Frontlinjen-6-2048x1536.jpg 2048w, https:\/\/www.interforce.dk\/app\/uploads\/2023\/10\/Bornholm-i-Frontlinjen-6-16x12.jpg 16w\" sizes=\"auto, (max-width: 512px) 100vw, 512px\" \/><figcaption class=\"wp-element-caption\"><em>Bornholmske hjemmev\u00e6rnssoldater p\u00e5 48-timers \u00f8velse i marts, hvor der bl.a. blev \u00f8vet baghold og alarmeringsprocedurer sammen med kolleger fra det svenske hjemmev\u00e6rn. Foto: Sarah Thun Kristensen<\/em>.<\/figcaption><\/figure>\n\n      <\/div>\n  <\/div>\n<div class=\"block core-block core-block--paragraph\">\n      <div class=\"inner inner--small\">\n      \n<p>InterForce Bornholm vil desuden invitere medlemmerne ud i virksomhederne og vise, hvor bl.a. de frivillige fra Hjemmev\u00e6rnet arbejder.<\/p>\n\n      <\/div>\n  <\/div>\n<div class=\"block core-block core-block--paragraph\">\n      <div class=\"inner inner--small\">\n      \n<p>Hos Knudsker EL har Peter Lund Olsen gennem tiden haft flere ansatte, som enten har v\u00e6ret medlem af Hjemmev\u00e6rnet eller en del af reserven.<\/p>\n\n      <\/div>\n  <\/div>\n<div class=\"block core-block core-block--paragraph\">\n      <div class=\"inner inner--small\">\n      \n<p>&#8220;Medarbejdernes tilknytning til Reservestyrken kan sidestilles med en fritidsaktivitet, som de br\u00e6nder for. Ved at give dem den n\u00f8dvendige frihed kan virksomheden please medarbejderen i en tid, hvor der er mangel p\u00e5 arbejdskraft,&#8221; siger Peter Lund Poulsen og tilf\u00f8jer:<\/p>\n\n      <\/div>\n  <\/div>\n<div class=\"block core-block core-block--paragraph\">\n      <div class=\"inner inner--small\">\n      \n<p>&#8220;Nogle firmaer s\u00e6tter en cola-automat og et bordtennisbord op, som medarbejderne kan hygge sig med, n\u00e5r de har pause. Men som en del af de ans\u00e6ttelsesgoder, der bliver brugt til at holde p\u00e5 folk, kan man i stedet sige, at i det her firma giver vi dig fri til at tage p\u00e5 Hjemmev\u00e6rns\u00f8velse eller deltage i aktiviteter i Forsvaret som soldat i reserven. For hvis vi skal have en brugbar Reservestyrke, s\u00e5 er erhvervslivet simpelthen n\u00f8dt til at v\u00e6re fleksible og v\u00e6re velvillige, n\u00e5r der kommer en og sp\u00f8rger om fri i en uge, fordi han skal deltage i aktiviteter med Hjemmev\u00e6rnet eller Forsvaret. Den fort\u00e6lling er blevet lettere at servere nu \u2013 selv om det er p\u00e5 en trist baggrund,\u201d siger Peter Lund Olsen, der som formand har afl\u00f8st direkt\u00f8r i <a href=\"https:\/\/victorvask.dk\/\">Victor Vask<\/a>, Kenn Kjellberg.<\/p>\n\n      <\/div>\n  <\/div>\n<div class=\"block core-block core-block--paragraph\">\n      <div class=\"inner inner--small\">\n      \n<p><\/p>\n\n      <\/div>\n  <\/div>\n<div class=\"block core-block core-block--paragraph\">\n      <div class=\"inner inner--small\">\n      \n<p>L\u00e6s ogs\u00e5: <a href=\"https:\/\/www.interforce.dk\/kl\/?p=14897\">Sooq InterForce tapersersussavarput?<\/a><\/p>\n\n      <\/div>\n  <\/div>","protected":false},"excerpt":{"rendered":"Det Bornholmske Hjemmev\u00e6rns opgaver har \u00e6ndret sig drastisk efter Ruslands inv...","protected":false},"author":4,"featured_media":14756,"comment_status":"closed","ping_status":"closed","sticky":false,"template":"","format":"standard","meta":{"_acf_changed":false,"footnotes":""},"categories":[6],"tags":[97,14],"class_list":["post-14755","post","type-post","status-publish","format-standard","has-post-thumbnail","hentry","category-hjv","tag-interforce","tag-bornholm"],"acf":[],"yoast_head":"<!-- This site is optimized with the Yoast SEO plugin v27.3 - https:\/\/yoast.com\/product\/yoast-seo-wordpress\/ -->\n<title>Bornholm i frontlinjen - InterForce<\/title>\n<meta name=\"description\" content=\"Det Bornholmske Hjemmev\u00e6rns opgaver har \u00e6ndret sig drastisk efter Ruslands invasion af Ukraine og spr\u00e6ngningen af gasledninger i \u00d8sters\u00f8en\" \/>\n<meta name=\"robots\" content=\"index, follow, max-snippet:-1, max-image-preview:large, max-video-preview:-1\" \/>\n<link rel=\"canonical\" href=\"http:\/\/localhost\/bornholm-i-frontlinjen\/\" \/>\n<meta property=\"og:locale\" content=\"en_US\" \/>\n<meta property=\"og:type\" content=\"article\" \/>\n<meta property=\"og:title\" content=\"Bornholm i frontlinjen - InterForce\" \/>\n<meta property=\"og:description\" content=\"Det Bornholmske Hjemmev\u00e6rns opgaver har \u00e6ndret sig drastisk efter Ruslands invasion af Ukraine og spr\u00e6ngningen af gasledninger i \u00d8sters\u00f8en\" \/>\n<meta property=\"og:url\" content=\"http:\/\/localhost\/bornholm-i-frontlinjen\/\" \/>\n<meta property=\"og:site_name\" content=\"InterForce\" \/>\n<meta property=\"article:published_time\" content=\"2023-11-02T11:30:00+00:00\" \/>\n<meta property=\"og:image\" content=\"http:\/\/localhost\/app\/uploads\/2023\/10\/Bornholm-i-frontlinjen-intro-I-1024x577.png\" \/>\n\t<meta property=\"og:image:width\" content=\"1024\" \/>\n\t<meta property=\"og:image:height\" content=\"577\" \/>\n\t<meta property=\"og:image:type\" content=\"image\/png\" \/>\n<meta name=\"author\" content=\"Morten Fredslund\" \/>\n<meta name=\"twitter:card\" content=\"summary_large_image\" \/>\n<meta name=\"twitter:label1\" content=\"Written by\" \/>\n\t<meta name=\"twitter:data1\" content=\"Morten Fredslund\" \/>\n\t<meta name=\"twitter:label2\" content=\"Est. reading time\" \/>\n\t<meta name=\"twitter:data2\" content=\"8 minutes\" \/>\n<script type=\"application\/ld+json\" class=\"yoast-schema-graph\">{\"@context\":\"https:\\\/\\\/schema.org\",\"@graph\":[{\"@type\":\"Article\",\"@id\":\"http:\\\/\\\/localhost\\\/bornholm-i-frontlinjen\\\/#article\",\"isPartOf\":{\"@id\":\"http:\\\/\\\/localhost\\\/bornholm-i-frontlinjen\\\/\"},\"author\":{\"name\":\"Morten Fredslund\",\"@id\":\"https:\\\/\\\/www.interforce.dk\\\/#\\\/schema\\\/person\\\/5477512a00e03f11d143b8bb3eb2eb90\"},\"headline\":\"Bornholm i frontlinjen\",\"datePublished\":\"2023-11-02T11:30:00+00:00\",\"mainEntityOfPage\":{\"@id\":\"http:\\\/\\\/localhost\\\/bornholm-i-frontlinjen\\\/\"},\"wordCount\":1646,\"image\":{\"@id\":\"http:\\\/\\\/localhost\\\/bornholm-i-frontlinjen\\\/#primaryimage\"},\"thumbnailUrl\":\"https:\\\/\\\/www.interforce.dk\\\/app\\\/uploads\\\/2023\\\/10\\\/Bornholm-i-frontlinjen-intro-I.png\",\"keywords\":[\"InterForce\",\"Tag:Bornholm\"],\"articleSection\":[\"Hjemmev\u00e6rnet\"],\"inLanguage\":\"kl-GL\"},{\"@type\":\"WebPage\",\"@id\":\"http:\\\/\\\/localhost\\\/bornholm-i-frontlinjen\\\/\",\"url\":\"http:\\\/\\\/localhost\\\/bornholm-i-frontlinjen\\\/\",\"name\":\"Bornholm i frontlinjen - InterForce\",\"isPartOf\":{\"@id\":\"https:\\\/\\\/www.interforce.dk\\\/#website\"},\"primaryImageOfPage\":{\"@id\":\"http:\\\/\\\/localhost\\\/bornholm-i-frontlinjen\\\/#primaryimage\"},\"image\":{\"@id\":\"http:\\\/\\\/localhost\\\/bornholm-i-frontlinjen\\\/#primaryimage\"},\"thumbnailUrl\":\"https:\\\/\\\/www.interforce.dk\\\/app\\\/uploads\\\/2023\\\/10\\\/Bornholm-i-frontlinjen-intro-I.png\",\"datePublished\":\"2023-11-02T11:30:00+00:00\",\"author\":{\"@id\":\"https:\\\/\\\/www.interforce.dk\\\/#\\\/schema\\\/person\\\/5477512a00e03f11d143b8bb3eb2eb90\"},\"description\":\"Det Bornholmske Hjemmev\u00e6rns opgaver har \u00e6ndret sig drastisk efter Ruslands invasion af Ukraine og spr\u00e6ngningen af gasledninger i \u00d8sters\u00f8en\",\"breadcrumb\":{\"@id\":\"http:\\\/\\\/localhost\\\/bornholm-i-frontlinjen\\\/#breadcrumb\"},\"inLanguage\":\"kl-GL\",\"potentialAction\":[{\"@type\":\"ReadAction\",\"target\":[\"http:\\\/\\\/localhost\\\/bornholm-i-frontlinjen\\\/\"]}]},{\"@type\":\"ImageObject\",\"inLanguage\":\"kl-GL\",\"@id\":\"http:\\\/\\\/localhost\\\/bornholm-i-frontlinjen\\\/#primaryimage\",\"url\":\"https:\\\/\\\/www.interforce.dk\\\/app\\\/uploads\\\/2023\\\/10\\\/Bornholm-i-frontlinjen-intro-I.png\",\"contentUrl\":\"https:\\\/\\\/www.interforce.dk\\\/app\\\/uploads\\\/2023\\\/10\\\/Bornholm-i-frontlinjen-intro-I.png\",\"width\":3360,\"height\":1894},{\"@type\":\"BreadcrumbList\",\"@id\":\"http:\\\/\\\/localhost\\\/bornholm-i-frontlinjen\\\/#breadcrumb\",\"itemListElement\":[{\"@type\":\"ListItem\",\"position\":1,\"name\":\"Hjem\",\"item\":\"https:\\\/\\\/www.interforce.dk\\\/\"},{\"@type\":\"ListItem\",\"position\":2,\"name\":\"Bornholm i frontlinjen\"}]},{\"@type\":\"WebSite\",\"@id\":\"https:\\\/\\\/www.interforce.dk\\\/#website\",\"url\":\"https:\\\/\\\/www.interforce.dk\\\/\",\"name\":\"InterForce\",\"description\":\"\",\"potentialAction\":[{\"@type\":\"SearchAction\",\"target\":{\"@type\":\"EntryPoint\",\"urlTemplate\":\"https:\\\/\\\/www.interforce.dk\\\/?s={search_term_string}\"},\"query-input\":{\"@type\":\"PropertyValueSpecification\",\"valueRequired\":true,\"valueName\":\"search_term_string\"}}],\"inLanguage\":\"kl-GL\"},{\"@type\":\"Person\",\"@id\":\"https:\\\/\\\/www.interforce.dk\\\/#\\\/schema\\\/person\\\/5477512a00e03f11d143b8bb3eb2eb90\",\"name\":\"Morten Fredslund\",\"image\":{\"@type\":\"ImageObject\",\"inLanguage\":\"kl-GL\",\"@id\":\"https:\\\/\\\/secure.gravatar.com\\\/avatar\\\/67a6005c62149980e771e9a43b3cd6a4384c966c10c03c2641da6ea4f52fb6b8?s=96&d=mm&r=g\",\"url\":\"https:\\\/\\\/secure.gravatar.com\\\/avatar\\\/67a6005c62149980e771e9a43b3cd6a4384c966c10c03c2641da6ea4f52fb6b8?s=96&d=mm&r=g\",\"contentUrl\":\"https:\\\/\\\/secure.gravatar.com\\\/avatar\\\/67a6005c62149980e771e9a43b3cd6a4384c966c10c03c2641da6ea4f52fb6b8?s=96&d=mm&r=g\",\"caption\":\"Morten Fredslund\"},\"url\":\"https:\\\/\\\/www.interforce.dk\\\/kl\\\/author\\\/morten-fredslund\\\/\"}]}<\/script>\n<!-- \/ Yoast SEO plugin. -->","yoast_head_json":{"title":"Bornholm i frontlinjen - InterForce","description":"Det Bornholmske Hjemmev\u00e6rns opgaver har \u00e6ndret sig drastisk efter Ruslands invasion af Ukraine og spr\u00e6ngningen af gasledninger i \u00d8sters\u00f8en","robots":{"index":"index","follow":"follow","max-snippet":"max-snippet:-1","max-image-preview":"max-image-preview:large","max-video-preview":"max-video-preview:-1"},"canonical":"http:\/\/localhost\/bornholm-i-frontlinjen\/","og_locale":"en_US","og_type":"article","og_title":"Bornholm i frontlinjen - InterForce","og_description":"Det Bornholmske Hjemmev\u00e6rns opgaver har \u00e6ndret sig drastisk efter Ruslands invasion af Ukraine og spr\u00e6ngningen af gasledninger i \u00d8sters\u00f8en","og_url":"http:\/\/localhost\/bornholm-i-frontlinjen\/","og_site_name":"InterForce","article_published_time":"2023-11-02T11:30:00+00:00","og_image":[{"width":1024,"height":577,"url":"http:\/\/localhost\/app\/uploads\/2023\/10\/Bornholm-i-frontlinjen-intro-I-1024x577.png","type":"image\/png"}],"author":"Morten Fredslund","twitter_card":"summary_large_image","twitter_misc":{"Written by":"Morten Fredslund","Est. reading time":"8 minutes"},"schema":{"@context":"https:\/\/schema.org","@graph":[{"@type":"Article","@id":"http:\/\/localhost\/bornholm-i-frontlinjen\/#article","isPartOf":{"@id":"http:\/\/localhost\/bornholm-i-frontlinjen\/"},"author":{"name":"Morten Fredslund","@id":"https:\/\/www.interforce.dk\/#\/schema\/person\/5477512a00e03f11d143b8bb3eb2eb90"},"headline":"Bornholm i frontlinjen","datePublished":"2023-11-02T11:30:00+00:00","mainEntityOfPage":{"@id":"http:\/\/localhost\/bornholm-i-frontlinjen\/"},"wordCount":1646,"image":{"@id":"http:\/\/localhost\/bornholm-i-frontlinjen\/#primaryimage"},"thumbnailUrl":"https:\/\/www.interforce.dk\/app\/uploads\/2023\/10\/Bornholm-i-frontlinjen-intro-I.png","keywords":["InterForce","Tag:Bornholm"],"articleSection":["Hjemmev\u00e6rnet"],"inLanguage":"kl-GL"},{"@type":"WebPage","@id":"http:\/\/localhost\/bornholm-i-frontlinjen\/","url":"http:\/\/localhost\/bornholm-i-frontlinjen\/","name":"Bornholm i frontlinjen - InterForce","isPartOf":{"@id":"https:\/\/www.interforce.dk\/#website"},"primaryImageOfPage":{"@id":"http:\/\/localhost\/bornholm-i-frontlinjen\/#primaryimage"},"image":{"@id":"http:\/\/localhost\/bornholm-i-frontlinjen\/#primaryimage"},"thumbnailUrl":"https:\/\/www.interforce.dk\/app\/uploads\/2023\/10\/Bornholm-i-frontlinjen-intro-I.png","datePublished":"2023-11-02T11:30:00+00:00","author":{"@id":"https:\/\/www.interforce.dk\/#\/schema\/person\/5477512a00e03f11d143b8bb3eb2eb90"},"description":"Det Bornholmske Hjemmev\u00e6rns opgaver har \u00e6ndret sig drastisk efter Ruslands invasion af Ukraine og spr\u00e6ngningen af gasledninger i \u00d8sters\u00f8en","breadcrumb":{"@id":"http:\/\/localhost\/bornholm-i-frontlinjen\/#breadcrumb"},"inLanguage":"kl-GL","potentialAction":[{"@type":"ReadAction","target":["http:\/\/localhost\/bornholm-i-frontlinjen\/"]}]},{"@type":"ImageObject","inLanguage":"kl-GL","@id":"http:\/\/localhost\/bornholm-i-frontlinjen\/#primaryimage","url":"https:\/\/www.interforce.dk\/app\/uploads\/2023\/10\/Bornholm-i-frontlinjen-intro-I.png","contentUrl":"https:\/\/www.interforce.dk\/app\/uploads\/2023\/10\/Bornholm-i-frontlinjen-intro-I.png","width":3360,"height":1894},{"@type":"BreadcrumbList","@id":"http:\/\/localhost\/bornholm-i-frontlinjen\/#breadcrumb","itemListElement":[{"@type":"ListItem","position":1,"name":"Hjem","item":"https:\/\/www.interforce.dk\/"},{"@type":"ListItem","position":2,"name":"Bornholm i frontlinjen"}]},{"@type":"WebSite","@id":"https:\/\/www.interforce.dk\/#website","url":"https:\/\/www.interforce.dk\/","name":"InterForce","description":"","potentialAction":[{"@type":"SearchAction","target":{"@type":"EntryPoint","urlTemplate":"https:\/\/www.interforce.dk\/?s={search_term_string}"},"query-input":{"@type":"PropertyValueSpecification","valueRequired":true,"valueName":"search_term_string"}}],"inLanguage":"kl-GL"},{"@type":"Person","@id":"https:\/\/www.interforce.dk\/#\/schema\/person\/5477512a00e03f11d143b8bb3eb2eb90","name":"Morten Fredslund","image":{"@type":"ImageObject","inLanguage":"kl-GL","@id":"https:\/\/secure.gravatar.com\/avatar\/67a6005c62149980e771e9a43b3cd6a4384c966c10c03c2641da6ea4f52fb6b8?s=96&d=mm&r=g","url":"https:\/\/secure.gravatar.com\/avatar\/67a6005c62149980e771e9a43b3cd6a4384c966c10c03c2641da6ea4f52fb6b8?s=96&d=mm&r=g","contentUrl":"https:\/\/secure.gravatar.com\/avatar\/67a6005c62149980e771e9a43b3cd6a4384c966c10c03c2641da6ea4f52fb6b8?s=96&d=mm&r=g","caption":"Morten Fredslund"},"url":"https:\/\/www.interforce.dk\/kl\/author\/morten-fredslund\/"}]}},"_links":{"self":[{"href":"https:\/\/www.interforce.dk\/kl\/wp-json\/wp\/v2\/posts\/14755","targetHints":{"allow":["GET"]}}],"collection":[{"href":"https:\/\/www.interforce.dk\/kl\/wp-json\/wp\/v2\/posts"}],"about":[{"href":"https:\/\/www.interforce.dk\/kl\/wp-json\/wp\/v2\/types\/post"}],"author":[{"embeddable":true,"href":"https:\/\/www.interforce.dk\/kl\/wp-json\/wp\/v2\/users\/4"}],"replies":[{"embeddable":true,"href":"https:\/\/www.interforce.dk\/kl\/wp-json\/wp\/v2\/comments?post=14755"}],"version-history":[{"count":23,"href":"https:\/\/www.interforce.dk\/kl\/wp-json\/wp\/v2\/posts\/14755\/revisions"}],"predecessor-version":[{"id":15032,"href":"https:\/\/www.interforce.dk\/kl\/wp-json\/wp\/v2\/posts\/14755\/revisions\/15032"}],"wp:featuredmedia":[{"embeddable":true,"href":"https:\/\/www.interforce.dk\/kl\/wp-json\/wp\/v2\/media\/14756"}],"wp:attachment":[{"href":"https:\/\/www.interforce.dk\/kl\/wp-json\/wp\/v2\/media?parent=14755"}],"wp:term":[{"taxonomy":"category","embeddable":true,"href":"https:\/\/www.interforce.dk\/kl\/wp-json\/wp\/v2\/categories?post=14755"},{"taxonomy":"post_tag","embeddable":true,"href":"https:\/\/www.interforce.dk\/kl\/wp-json\/wp\/v2\/tags?post=14755"}],"curies":[{"name":"wp","href":"https:\/\/api.w.org\/{rel}","templated":true}]}}