{"id":14638,"date":"2023-10-04T13:59:36","date_gmt":"2023-10-04T13:59:36","guid":{"rendered":"https:\/\/www.interforce.dk\/?p=14638"},"modified":"2023-10-12T11:15:23","modified_gmt":"2023-10-12T11:15:23","slug":"uniform-paa-jobbet-dagen-paa-sjaelland","status":"publish","type":"post","link":"https:\/\/www.interforce.dk\/kl\/uniform-paa-jobbet-dagen-paa-sjaelland\/","title":{"rendered":"Uniform p\u00e5 jobbet-dagen blev ogs\u00e5 markeret p\u00e5 DTU, hos HedeDanmark, Stantek og Siemens"},"content":{"rendered":"<div class=\"block core-block core-block--paragraph\">\n      <div class=\"inner inner--small\">\n      \n<p>P\u00e5 Uniform p\u00e5 jobbet-dagen bes\u00f8gte chefer for dansk forsvar og beredskab virksomheder over hele landet.<\/p>\n\n      <\/div>\n  <\/div>\n<div class=\"block core-block core-block--paragraph\">\n      <div class=\"inner inner--small\">\n      \n<p>Ikke kun for at takke for deres st\u00f8tte. Men ogs\u00e5 for at hilse p\u00e5 nogle af alle de frivillige og reservister, der ved siden af deres studie eller arbejde tr\u00e6kker i uniform, n\u00e5r der bliver kaldt p\u00e5 dem.<\/p>\n\n      <\/div>\n  <\/div>\n<div class=\"block core-block core-block--heading\">\n      <div class=\"inner inner--small\">\n      \n<h2 class=\"wp-block-heading\">DTU<\/h2>\n\n      <\/div>\n  <\/div>\n<div class=\"block core-block core-block--paragraph\">\n      <div class=\"inner inner--small\">\n      \n<p>I Region Sj\u00e6lland blev Uniform p\u00e5 jobbet-dagen fejret p\u00e5 <a href=\"https:\/\/www.dtu.dk\/\">DTU <\/a>med en reception, som b\u00e5de medarbejdere og studerende deltog i.<\/p>\n\n      <\/div>\n  <\/div>\n<div class=\"block core-block core-block--image\">\n      <div class=\"inner inner--small\">\n      \n<figure class=\"wp-block-image size-large\"><img loading=\"lazy\" decoding=\"async\" width=\"768\" height=\"1024\" src=\"https:\/\/www.interforce.dk\/app\/uploads\/2023\/10\/DTU-I-768x1024.jpg\" alt=\"DTU Uniform p\u00e5 jobbet-dag\" class=\"wp-image-14639\" srcset=\"https:\/\/www.interforce.dk\/app\/uploads\/2023\/10\/DTU-I-768x1024.jpg 768w, https:\/\/www.interforce.dk\/app\/uploads\/2023\/10\/DTU-I-225x300.jpg 225w, https:\/\/www.interforce.dk\/app\/uploads\/2023\/10\/DTU-I-1152x1536.jpg 1152w, https:\/\/www.interforce.dk\/app\/uploads\/2023\/10\/DTU-I-1536x2048.jpg 1536w, https:\/\/www.interforce.dk\/app\/uploads\/2023\/10\/DTU-I-9x12.jpg 9w, https:\/\/www.interforce.dk\/app\/uploads\/2023\/10\/DTU-I-scaled.jpg 1920w\" sizes=\"auto, (max-width: 768px) 100vw, 768px\" \/><figcaption class=\"wp-element-caption\"><em>Prorektor og professor Rasmus Larsen (th.) b\u00f8d velkommen p\u00e5 DTU.<\/em> <em>Flyet i baggrunden referer til, at DTU er bygget oven p\u00e5 den gamle Lundtofte Flyveplads.<\/em><\/figcaption><\/figure>\n\n      <\/div>\n  <\/div>\n<div class=\"block core-block core-block--paragraph\">\n      <div class=\"inner inner--small\">\n      \n<p>DTUs prorektor, professor Rasmus Larsen, b\u00f8d velkommen og fortalte om DTUs samarbejde med Forsvaret. Derefter holdt oberstl\u00f8jtnant Michael Clausen Toft tale om betydningen af virksomhedernes opbakning til Reservestyrken.<\/p>\n\n      <\/div>\n  <\/div>\n<div class=\"block core-block core-block--paragraph\">\n      <div class=\"inner inner--small\">\n      \n<p>Chefen for Landsdelsregion \u00d8st og Milit\u00e6r Koordinator for InterForce Region Hovedstaden, oberst Peer Sander Rouff, overrakte til sidst et InterForce-skjold til prorektor Rasmus Larsen som tak for DTUs st\u00f8tte.<\/p>\n\n      <\/div>\n  <\/div>\n<div class=\"block core-block core-block--image\">\n      <div class=\"inner inner--small\">\n      \n<figure class=\"wp-block-image size-large\"><img loading=\"lazy\" decoding=\"async\" width=\"1024\" height=\"768\" src=\"https:\/\/www.interforce.dk\/app\/uploads\/2023\/10\/DTU-II-1024x768.jpg\" alt=\"DTU Uniform p\u00e5 jobbet-dag\" class=\"wp-image-14640\" srcset=\"https:\/\/www.interforce.dk\/app\/uploads\/2023\/10\/DTU-II-1024x768.jpg 1024w, https:\/\/www.interforce.dk\/app\/uploads\/2023\/10\/DTU-II-300x225.jpg 300w, https:\/\/www.interforce.dk\/app\/uploads\/2023\/10\/DTU-II-768x576.jpg 768w, https:\/\/www.interforce.dk\/app\/uploads\/2023\/10\/DTU-II-1536x1152.jpg 1536w, https:\/\/www.interforce.dk\/app\/uploads\/2023\/10\/DTU-II-2048x1536.jpg 2048w, https:\/\/www.interforce.dk\/app\/uploads\/2023\/10\/DTU-II-16x12.jpg 16w\" sizes=\"auto, (max-width: 1024px) 100vw, 1024px\" \/><figcaption class=\"wp-element-caption\"><em>Oberst Peer Sander Rouff havde gl\u00e6den ved at kunne overr\u00e6kke et InterForce-skjold til DTUs prorektor som tak for uddannelsesinstitutionens st\u00f8tte.<\/em><\/figcaption><\/figure>\n\n      <\/div>\n  <\/div>\n<div class=\"block core-block core-block--heading\">\n      <div class=\"inner inner--small\">\n      \n<h2 class=\"wp-block-heading\">HedeDanmark<\/h2>\n\n      <\/div>\n  <\/div>\n<div class=\"block core-block core-block--paragraph\">\n      <div class=\"inner inner--small\">\n      \n<p>Efter DTU gik turen videre til <a href=\"https:\/\/www.hededanmark.dk\/\">HedeDanmark<\/a>, der ogs\u00e5 st\u00f8ttede op om Uniform p\u00e5 jobbet-dagen. Her bes\u00f8gte oberst Per Sanders Rouff et af selskabets mange lokaliteter i Led\u00f8je, Sm\u00f8rum.<\/p>\n\n      <\/div>\n  <\/div>\n<div class=\"block core-block core-block--paragraph\">\n      <div class=\"inner inner--small\">\n      \n<p>Obersten takkede Thomas Balling, der til daglig er projektleder i HedeDanmark, for virksomhedens st\u00f8tte. Thomas har gennem 22 \u00e5r v\u00e6ret en del af Hjemmev\u00e6rnet og i dag er kaptajn og fungerende kompagnichef.<\/p>\n\n      <\/div>\n  <\/div>\n<div class=\"block core-block core-block--image\">\n      <div class=\"inner inner--small\">\n      \n<figure class=\"wp-block-image size-large\"><img loading=\"lazy\" decoding=\"async\" width=\"1002\" height=\"1024\" src=\"https:\/\/www.interforce.dk\/app\/uploads\/2023\/10\/HedeDanmark-1002x1024.jpg\" alt=\"HedeDanmark Uniform p\u00e5 jobbet-dag\" class=\"wp-image-14643\" srcset=\"https:\/\/www.interforce.dk\/app\/uploads\/2023\/10\/HedeDanmark-1002x1024.jpg 1002w, https:\/\/www.interforce.dk\/app\/uploads\/2023\/10\/HedeDanmark-294x300.jpg 294w, https:\/\/www.interforce.dk\/app\/uploads\/2023\/10\/HedeDanmark-768x785.jpg 768w, https:\/\/www.interforce.dk\/app\/uploads\/2023\/10\/HedeDanmark-1503x1536.jpg 1503w, https:\/\/www.interforce.dk\/app\/uploads\/2023\/10\/HedeDanmark-2004x2048.jpg 2004w, https:\/\/www.interforce.dk\/app\/uploads\/2023\/10\/HedeDanmark-12x12.jpg 12w\" sizes=\"auto, (max-width: 1002px) 100vw, 1002px\" \/><figcaption class=\"wp-element-caption\"><em>Thomas Balling (nr. to fra venstre) er til daglig projektleder hos HedeDanmark. Han har gennem 22 \u00e5r v\u00e6ret medlem af Hjemmev\u00e6rnet.<\/em><\/figcaption><\/figure>\n\n      <\/div>\n  <\/div>\n<div class=\"block core-block core-block--paragraph\">\n      <div class=\"inner inner--small\">\n      \n<p>\u201dMed Uniform p\u00e5 jobbet-dagen styrker vi relationerne mellem virksomhederne og Forsvaret. Herunder synligg\u00f8r vi det vigtige arbejde, som alle frivillige og \u00f8vrige beredskaber med tilknytning til Forsvaret yder,\u201d udtalte oberst Peer Sander Rouff. \u201dDet er samtidig en k\u00e6rkommen lejlighed som operativ chef for Hjemmev\u00e6rnet p\u00e5 Sj\u00e6lland at benytte lejligheden til at takke Thomas personligt for hans store virke og bidrag gennem \u00e5rene.\u201d<\/p>\n\n      <\/div>\n  <\/div>\n<div class=\"block core-block core-block--paragraph\">\n      <div class=\"inner inner--small\">\n      \n<p>Divisionssekret\u00e6r Mette M\u00f8ller Huscher fra HedeDanmark kunne samtidig berette, at man i de forskellige afdelinger rundt om i Danmark havde mange medarbejdere, der m\u00f8dte op i uniform. Og at HedeDanmark hilste dette tiltag meget velkommen.<\/p>\n\n      <\/div>\n  <\/div>\n<div class=\"block core-block core-block--paragraph\">\n      <div class=\"inner inner--small\">\n      \n<p>Thomas Balling kunne supplere, at han som relativ nyansat fra november 2021 oplevede, at HedeDanmark er en s\u00e6rdeles rummelig virksomhed. En, der s\u00e6tter handling bag ordene og st\u00f8tter deres medarbejderes frivillige arbejde til gavn for samfundet. &nbsp;<\/p>\n\n      <\/div>\n  <\/div>\n<div class=\"block core-block core-block--heading\">\n      <div class=\"inner inner--small\">\n      \n<h2 class=\"wp-block-heading\">STANTEK Smede- &amp; Maskinv\u00e6rksted<\/h2>\n\n      <\/div>\n  <\/div>\n<div class=\"block core-block core-block--paragraph\">\n      <div class=\"inner inner--small\">\n      \n<p>Derefter gik turen videre til Store Heddinge ved Stevns, hvor InterForce-medlemsvirksomheden <a href=\"https:\/\/www.stantek.dk\/\">STANTEK Smede- &amp; Maskinv\u00e6rksted<\/a> har hjemme. Her fejrede man ogs\u00e5 Uniform p\u00e5 jobbet-dagen.<\/p>\n\n      <\/div>\n  <\/div>\n<div class=\"block core-block core-block--image\">\n      <div class=\"inner inner--small\">\n      \n<figure class=\"wp-block-image size-large\"><img loading=\"lazy\" decoding=\"async\" width=\"1024\" height=\"683\" src=\"https:\/\/www.interforce.dk\/app\/uploads\/2023\/10\/Stantek-I-1024x683.jpg\" alt=\"STANTEK Uniform p\u00e5 jobbet-dag\" class=\"wp-image-14647\" srcset=\"https:\/\/www.interforce.dk\/app\/uploads\/2023\/10\/Stantek-I-1024x683.jpg 1024w, https:\/\/www.interforce.dk\/app\/uploads\/2023\/10\/Stantek-I-300x200.jpg 300w, https:\/\/www.interforce.dk\/app\/uploads\/2023\/10\/Stantek-I-768x512.jpg 768w, https:\/\/www.interforce.dk\/app\/uploads\/2023\/10\/Stantek-I-1536x1024.jpg 1536w, https:\/\/www.interforce.dk\/app\/uploads\/2023\/10\/Stantek-I-2048x1365.jpg 2048w, https:\/\/www.interforce.dk\/app\/uploads\/2023\/10\/Stantek-I-18x12.jpg 18w\" sizes=\"auto, (max-width: 1024px) 100vw, 1024px\" \/><figcaption class=\"wp-element-caption\"><em>Oberst Peer Sander Rouff hilser p\u00e5 STANTEKS indehaver, Michael Ask\u00f8 Jensen. Han har 45 \u00e5rs anciennitet i Hjemmev\u00e6rnet.<\/em><\/figcaption><\/figure>\n\n      <\/div>\n  <\/div>\n<div class=\"block core-block core-block--paragraph\">\n      <div class=\"inner inner--small\">\n      \n<p>Hos STANTEK var 100 % af arbejdsstyrken trukket i uniform. For alle fire medarbejdere, herunder indehaver Michael Ask\u00f8, er frivillige i Hjemmev\u00e6rnet \u2013 og tilmed med repr\u00e6sentanter fra samtlige v\u00e6rn!<\/p>\n\n      <\/div>\n  <\/div>\n<div class=\"block core-block core-block--image\">\n      <div class=\"inner inner--small\">\n      \n<figure class=\"wp-block-image size-large\"><img loading=\"lazy\" decoding=\"async\" width=\"1024\" height=\"683\" src=\"https:\/\/www.interforce.dk\/app\/uploads\/2023\/10\/Stantek-II-1024x683.jpg\" alt=\"STANTEK Uniform p\u00e5 jobbet-dag\" class=\"wp-image-14648\" srcset=\"https:\/\/www.interforce.dk\/app\/uploads\/2023\/10\/Stantek-II-1024x683.jpg 1024w, https:\/\/www.interforce.dk\/app\/uploads\/2023\/10\/Stantek-II-300x200.jpg 300w, https:\/\/www.interforce.dk\/app\/uploads\/2023\/10\/Stantek-II-768x512.jpg 768w, https:\/\/www.interforce.dk\/app\/uploads\/2023\/10\/Stantek-II-1536x1024.jpg 1536w, https:\/\/www.interforce.dk\/app\/uploads\/2023\/10\/Stantek-II-2048x1365.jpg 2048w, https:\/\/www.interforce.dk\/app\/uploads\/2023\/10\/Stantek-II-18x12.jpg 18w\" sizes=\"auto, (max-width: 1024px) 100vw, 1024px\" \/><figcaption class=\"wp-element-caption\"><em>STANTEKS fire medarbejdere er alle medlem af Hjemmev\u00e6rnet &#8211; og repr\u00e6senterer tilmed alle tre v\u00e6rn i Hjemmev\u00e6rnet.<\/em><\/figcaption><\/figure>\n\n      <\/div>\n  <\/div>\n<div class=\"block core-block core-block--paragraph\">\n      <div class=\"inner inner--small\">\n      \n<p>Oberst Peer Sander Rouff fik derfor en god snak med indehaveren og de tre medarbejdere om virksomheden og samspillet med den milit\u00e6re del af medarbejdernes liv. Folkene hos STANTEK var meget positive over for dagen og tr\u00e6kker ogs\u00e5 i uniform til n\u00e6ste \u00e5rs Uniform p\u00e5 jobbet-dag. &nbsp;<\/p>\n\n      <\/div>\n  <\/div>\n<div class=\"block core-block core-block--paragraph\">\n      <div class=\"inner inner--small\">\n      \n<p>STANTEK Smede- og Maskinv\u00e6rksted besk\u00e6ftiger sig med en bred vifte af opgaver inden for bygge og anl\u00e6g, altaner, procesanl\u00e6g, kunst mv. og servicerer kunder i hele Danmark. Virksomheden modtog i 2021 en Gazelle-pris samt en Fremstillingsgazelle som vinder i Region Sj\u00e6lland.<\/p>\n\n      <\/div>\n  <\/div>\n<div class=\"block core-block core-block--image\">\n      <div class=\"inner inner--small\">\n      \n<figure class=\"wp-block-image size-large\"><img loading=\"lazy\" decoding=\"async\" width=\"1024\" height=\"683\" src=\"https:\/\/www.interforce.dk\/app\/uploads\/2023\/10\/Stantek-IV-1024x683.jpg\" alt=\"STANTEK Uniform p\u00e5 jobbet-dag\" class=\"wp-image-14650\" srcset=\"https:\/\/www.interforce.dk\/app\/uploads\/2023\/10\/Stantek-IV-1024x683.jpg 1024w, https:\/\/www.interforce.dk\/app\/uploads\/2023\/10\/Stantek-IV-300x200.jpg 300w, https:\/\/www.interforce.dk\/app\/uploads\/2023\/10\/Stantek-IV-768x512.jpg 768w, https:\/\/www.interforce.dk\/app\/uploads\/2023\/10\/Stantek-IV-1536x1024.jpg 1536w, https:\/\/www.interforce.dk\/app\/uploads\/2023\/10\/Stantek-IV-2048x1365.jpg 2048w, https:\/\/www.interforce.dk\/app\/uploads\/2023\/10\/Stantek-IV-18x12.jpg 18w\" sizes=\"auto, (max-width: 1024px) 100vw, 1024px\" \/><figcaption class=\"wp-element-caption\"><em>STANTEK vandt i 2021 B\u00f8rsens Gazelle-pris i Region Sj\u00e6lland.<\/em><\/figcaption><\/figure>\n\n      <\/div>\n  <\/div>\n<div class=\"block core-block core-block--paragraph\">\n      <div class=\"inner inner--small\">\n      \n<p>STANTEKS indehaver, Michael Ask\u00f8 Jensen, er oversergent og har 45 \u00e5rs anciennitet i Hjemmev\u00e6rnet. Hans medarbejdere, Dan, Anders og Torben, har tilsammen 21 \u00e5rs anciennitet ved henholdsvis H\u00e6r-, Flyver- og Marinehjemmev\u00e6rnet.<\/p>\n\n      <\/div>\n  <\/div>\n<div class=\"block core-block core-block--heading\">\n      <div class=\"inner inner--small\">\n      \n<h2 class=\"wp-block-heading\">Siemens<\/h2>\n\n      <\/div>\n  <\/div>\n<div class=\"block core-block core-block--paragraph\">\n      <div class=\"inner inner--small\">\n      \n<p>Samtidig med, at STANTEK fik bes\u00f8g af oberst Peer Sander Rouff, havde <a href=\"https:\/\/www.siemens.com\/dk\/da.html\">Siemens <\/a>d\u00e6kket op til Uniform p\u00e5 jobbet-dag med lagkage i kantinen i Ballerup.<\/p>\n\n      <\/div>\n  <\/div>\n<div class=\"block core-block core-block--paragraph\">\n      <div class=\"inner inner--small\">\n      \n<p>Virksomheden fik bes\u00f8g af generalmajor Finn Winkler, som til daglig er chef for InterForce-Sekretariatet, samt major af Reserven Thomas Ludvigsen. Finn Winkler overrakte Siemens InterForce-skjoldet som tak for st\u00f8tten til Reservestyrken.<\/p>\n\n      <\/div>\n  <\/div>\n<div class=\"block core-block core-block--image\">\n      <div class=\"inner inner--small\">\n      \n<figure class=\"wp-block-image size-large\"><img loading=\"lazy\" decoding=\"async\" width=\"1024\" height=\"768\" src=\"https:\/\/www.interforce.dk\/app\/uploads\/2023\/10\/Siemens-I-1024x768.jpg\" alt=\"Siemens Uniform p\u00e5 jobbet-dag\" class=\"wp-image-14644\" srcset=\"https:\/\/www.interforce.dk\/app\/uploads\/2023\/10\/Siemens-I-1024x768.jpg 1024w, https:\/\/www.interforce.dk\/app\/uploads\/2023\/10\/Siemens-I-300x225.jpg 300w, https:\/\/www.interforce.dk\/app\/uploads\/2023\/10\/Siemens-I-768x576.jpg 768w, https:\/\/www.interforce.dk\/app\/uploads\/2023\/10\/Siemens-I-1536x1152.jpg 1536w, https:\/\/www.interforce.dk\/app\/uploads\/2023\/10\/Siemens-I-2048x1536.jpg 2048w, https:\/\/www.interforce.dk\/app\/uploads\/2023\/10\/Siemens-I-16x12.jpg 16w\" sizes=\"auto, (max-width: 1024px) 100vw, 1024px\" \/><figcaption class=\"wp-element-caption\"><em>Chef for InterForce-Sekretariatet, generalmajor (pens.) Finn Winkler, overr\u00e6kker InterForce-skjoldet til divisionsdirekt\u00f8r Max Andersen.<\/em><\/figcaption><\/figure>\n\n      <\/div>\n  <\/div>\n<div class=\"block core-block core-block--paragraph\">\n      <div class=\"inner inner--small\">\n      \n<p>\u201dMed Uniform p\u00e5 jobbet-dagen \u00f8nsker vi at styrke b\u00e5ndene til virksomhederne og skabe synlighed om det vigtige arbejde, som de frivillige l\u00e6gger i Forsvaret og de \u00f8vrige beredskaber med tilknytning til Forsvaret. Jeg vil gerne benytte lejligheden til at takke alle frivillige og ikke mindst deres familier for deres bidrag,\u201d sagde Finn Winkler i forbindelse med skjoldoverr\u00e6kkelsen.<\/p>\n\n      <\/div>\n  <\/div>\n<div class=\"block core-block core-block--paragraph\">\n      <div class=\"inner inner--small\">\n      \n<p>Divisionsdirekt\u00f8r Max Andersen fra Siemens pointerede, at samarbejdet ogs\u00e5 har stor v\u00e6rdi for virksomhederne. \u201dVi vil gerne st\u00f8tte de medarbejdere, som \u00f8nsker at engagere sig som reservister og frivillige. For vi er sikre p\u00e5, at de kompetencer, som de opn\u00e5r gennem deres frivillige arbejde, ogs\u00e5 kommer vores virksomhed til gavn.\u201d<\/p>\n\n      <\/div>\n  <\/div>\n<div class=\"block core-block core-block--image\">\n      <div class=\"inner inner--small\">\n      \n<figure class=\"wp-block-image size-large\"><img loading=\"lazy\" decoding=\"async\" width=\"1024\" height=\"768\" src=\"https:\/\/www.interforce.dk\/app\/uploads\/2023\/10\/Siemens-II-1024x768.jpg\" alt=\"Siemens Uniform p\u00e5 jobbet-dag\" class=\"wp-image-14645\" srcset=\"https:\/\/www.interforce.dk\/app\/uploads\/2023\/10\/Siemens-II-1024x768.jpg 1024w, https:\/\/www.interforce.dk\/app\/uploads\/2023\/10\/Siemens-II-300x225.jpg 300w, https:\/\/www.interforce.dk\/app\/uploads\/2023\/10\/Siemens-II-768x576.jpg 768w, https:\/\/www.interforce.dk\/app\/uploads\/2023\/10\/Siemens-II-1536x1152.jpg 1536w, https:\/\/www.interforce.dk\/app\/uploads\/2023\/10\/Siemens-II-2048x1536.jpg 2048w, https:\/\/www.interforce.dk\/app\/uploads\/2023\/10\/Siemens-II-16x12.jpg 16w\" sizes=\"auto, (max-width: 1024px) 100vw, 1024px\" \/><\/figure>\n\n      <\/div>\n  <\/div>\n<div class=\"block core-block core-block--paragraph\">\n      <div class=\"inner inner--small\">\n      \n<p>Siemens sikkerhedschef, Michael Svendsen, stod for arrangementet i Ballerup. Ud over Michael deltog frivillig i Hjemmev\u00e6rnet Claus Hede og premierl\u00f8jtnant af Reserven Dan Vang Segerberg i fejringen. P\u00e5 Siemens kontor i Aarhus havde frivillig i Hjemmev\u00e6rnet Palle \u00c5g\u00e5rd ogs\u00e5 fundet uniformen frem.<\/p>\n\n      <\/div>\n  <\/div>\n<div class=\"block core-block core-block--heading\">\n      <div class=\"inner inner--small\">\n      \n<h2 class=\"wp-block-heading\">Tak for jeres st\u00f8tte!<\/h2>\n\n      <\/div>\n  <\/div>\n<div class=\"block core-block core-block--paragraph\">\n      <div class=\"inner inner--small\">\n      \n<p>Mange tak til DTU, HedeDanmark, Stantek Smede- og Maskinv\u00e6rksted og Siemens for jeres st\u00f8tte! Og et stort tak til alle de reservister og frivillige i Region Sj\u00e6lland, der stiller op i uniform, n\u00e5r Danmark har brug for dem.<\/p>\n\n      <\/div>\n  <\/div>\n<div class=\"block core-block core-block--paragraph\">\n      <div class=\"inner inner--small\">\n      \n<p>Vi er sammen om Danmarks sikkerhed.<\/p>\n\n      <\/div>\n  <\/div>\n<div class=\"block core-block core-block--paragraph\">\n      <div class=\"inner inner--small\">\n      \n<p>L\u00e6s ogs\u00e5: <a href=\"https:\/\/www.interforce.dk\/kl\/uniform-paa-jobbet-dag-blev-markeret-paa-aarhus-universitet-og-i-viborg-kommune\/\">Uniform p\u00e5 jobbet-dagen blev markeret p\u00e5 Aarhus Universitet og i Viborg Kommune<\/a><\/p>\n\n      <\/div>\n  <\/div>","protected":false},"excerpt":{"rendered":"Oberst Peer Sander Rouff og generalmajor Finn Winkler bes\u00f8gte udvalgte virksomh...","protected":false},"author":111,"featured_media":14639,"comment_status":"closed","ping_status":"closed","sticky":false,"template":"","format":"standard","meta":{"_acf_changed":false,"footnotes":""},"categories":[13],"tags":[54],"class_list":["post-14638","post","type-post","status-publish","format-standard","has-post-thumbnail","hentry","category-events","tag-tag-sjaelland"],"acf":[],"yoast_head":"<!-- This site is optimized with the Yoast SEO plugin v27.3 - https:\/\/yoast.com\/product\/yoast-seo-wordpress\/ -->\n<title>Uniform p\u00e5 jobbet-dagen blev ogs\u00e5 markeret p\u00e5 DTU, hos HedeDanmark, Stantek og Siemens - InterForce<\/title>\n<meta name=\"description\" content=\"Oberst Peer Sander Rouff og generalmajor Finn Winkler bes\u00f8gte udvalgte virksomheder p\u00e5 Sj\u00e6lland i forbindelse med Uniform p\u00e5 jobbet-dagen.\" \/>\n<meta name=\"robots\" content=\"index, follow, max-snippet:-1, max-image-preview:large, max-video-preview:-1\" \/>\n<link rel=\"canonical\" href=\"https:\/\/www.interforce.dk\/kl\/uniform-paa-jobbet-dagen-paa-sjaelland\/\" \/>\n<meta property=\"og:locale\" content=\"en_US\" \/>\n<meta property=\"og:type\" content=\"article\" \/>\n<meta property=\"og:title\" content=\"Uniform p\u00e5 jobbet-dagen blev ogs\u00e5 markeret p\u00e5 DTU, hos HedeDanmark, Stantek og Siemens - InterForce\" \/>\n<meta property=\"og:description\" content=\"Oberst Peer Sander Rouff og generalmajor Finn Winkler bes\u00f8gte udvalgte virksomheder p\u00e5 Sj\u00e6lland i forbindelse med Uniform p\u00e5 jobbet-dagen.\" \/>\n<meta property=\"og:url\" content=\"https:\/\/www.interforce.dk\/kl\/uniform-paa-jobbet-dagen-paa-sjaelland\/\" \/>\n<meta property=\"og:site_name\" content=\"InterForce\" \/>\n<meta property=\"article:published_time\" content=\"2023-10-04T13:59:36+00:00\" \/>\n<meta property=\"article:modified_time\" content=\"2023-10-12T11:15:23+00:00\" \/>\n<meta property=\"og:image\" content=\"https:\/\/www.interforce.dk\/app\/uploads\/2023\/10\/DTU-I-scaled.jpg\" \/>\n\t<meta property=\"og:image:width\" content=\"1920\" \/>\n\t<meta property=\"og:image:height\" content=\"2560\" \/>\n\t<meta property=\"og:image:type\" content=\"image\/jpeg\" \/>\n<meta name=\"author\" content=\"Simon Staffeldt Schou\" \/>\n<meta name=\"twitter:card\" content=\"summary_large_image\" \/>\n<meta name=\"twitter:label1\" content=\"Written by\" \/>\n\t<meta name=\"twitter:data1\" content=\"Simon Staffeldt Schou\" \/>\n\t<meta name=\"twitter:label2\" content=\"Est. reading time\" \/>\n\t<meta name=\"twitter:data2\" content=\"5 minutes\" \/>\n<script type=\"application\/ld+json\" class=\"yoast-schema-graph\">{\"@context\":\"https:\\\/\\\/schema.org\",\"@graph\":[{\"@type\":\"Article\",\"@id\":\"https:\\\/\\\/www.interforce.dk\\\/uniform-paa-jobbet-dagen-paa-sjaelland\\\/#article\",\"isPartOf\":{\"@id\":\"https:\\\/\\\/www.interforce.dk\\\/uniform-paa-jobbet-dagen-paa-sjaelland\\\/\"},\"author\":{\"name\":\"Simon Staffeldt Schou\",\"@id\":\"https:\\\/\\\/www.interforce.dk\\\/#\\\/schema\\\/person\\\/3604a2bb29e48048ea484fbfb3703fad\"},\"headline\":\"Uniform p\u00e5 jobbet-dagen blev ogs\u00e5 markeret p\u00e5 DTU, hos HedeDanmark, Stantek og Siemens\",\"datePublished\":\"2023-10-04T13:59:36+00:00\",\"dateModified\":\"2023-10-12T11:15:23+00:00\",\"mainEntityOfPage\":{\"@id\":\"https:\\\/\\\/www.interforce.dk\\\/uniform-paa-jobbet-dagen-paa-sjaelland\\\/\"},\"wordCount\":976,\"image\":{\"@id\":\"https:\\\/\\\/www.interforce.dk\\\/uniform-paa-jobbet-dagen-paa-sjaelland\\\/#primaryimage\"},\"thumbnailUrl\":\"https:\\\/\\\/www.interforce.dk\\\/app\\\/uploads\\\/2023\\\/10\\\/DTU-I-scaled.jpg\",\"keywords\":[\"Tag:Sj\u00e6lland\"],\"articleSection\":[\"Arrangementsomtale\"],\"inLanguage\":\"kl-GL\"},{\"@type\":\"WebPage\",\"@id\":\"https:\\\/\\\/www.interforce.dk\\\/uniform-paa-jobbet-dagen-paa-sjaelland\\\/\",\"url\":\"https:\\\/\\\/www.interforce.dk\\\/uniform-paa-jobbet-dagen-paa-sjaelland\\\/\",\"name\":\"Uniform p\u00e5 jobbet-dagen blev ogs\u00e5 markeret p\u00e5 DTU, hos HedeDanmark, Stantek og Siemens - InterForce\",\"isPartOf\":{\"@id\":\"https:\\\/\\\/www.interforce.dk\\\/#website\"},\"primaryImageOfPage\":{\"@id\":\"https:\\\/\\\/www.interforce.dk\\\/uniform-paa-jobbet-dagen-paa-sjaelland\\\/#primaryimage\"},\"image\":{\"@id\":\"https:\\\/\\\/www.interforce.dk\\\/uniform-paa-jobbet-dagen-paa-sjaelland\\\/#primaryimage\"},\"thumbnailUrl\":\"https:\\\/\\\/www.interforce.dk\\\/app\\\/uploads\\\/2023\\\/10\\\/DTU-I-scaled.jpg\",\"datePublished\":\"2023-10-04T13:59:36+00:00\",\"dateModified\":\"2023-10-12T11:15:23+00:00\",\"author\":{\"@id\":\"https:\\\/\\\/www.interforce.dk\\\/#\\\/schema\\\/person\\\/3604a2bb29e48048ea484fbfb3703fad\"},\"description\":\"Oberst Peer Sander Rouff og generalmajor Finn Winkler bes\u00f8gte udvalgte virksomheder p\u00e5 Sj\u00e6lland i forbindelse med Uniform p\u00e5 jobbet-dagen.\",\"breadcrumb\":{\"@id\":\"https:\\\/\\\/www.interforce.dk\\\/uniform-paa-jobbet-dagen-paa-sjaelland\\\/#breadcrumb\"},\"inLanguage\":\"kl-GL\",\"potentialAction\":[{\"@type\":\"ReadAction\",\"target\":[\"https:\\\/\\\/www.interforce.dk\\\/uniform-paa-jobbet-dagen-paa-sjaelland\\\/\"]}]},{\"@type\":\"ImageObject\",\"inLanguage\":\"kl-GL\",\"@id\":\"https:\\\/\\\/www.interforce.dk\\\/uniform-paa-jobbet-dagen-paa-sjaelland\\\/#primaryimage\",\"url\":\"https:\\\/\\\/www.interforce.dk\\\/app\\\/uploads\\\/2023\\\/10\\\/DTU-I-scaled.jpg\",\"contentUrl\":\"https:\\\/\\\/www.interforce.dk\\\/app\\\/uploads\\\/2023\\\/10\\\/DTU-I-scaled.jpg\",\"width\":1920,\"height\":2560,\"caption\":\"DTU Uniform p\u00e5 jobbet-dag\"},{\"@type\":\"BreadcrumbList\",\"@id\":\"https:\\\/\\\/www.interforce.dk\\\/uniform-paa-jobbet-dagen-paa-sjaelland\\\/#breadcrumb\",\"itemListElement\":[{\"@type\":\"ListItem\",\"position\":1,\"name\":\"Hjem\",\"item\":\"https:\\\/\\\/www.interforce.dk\\\/\"},{\"@type\":\"ListItem\",\"position\":2,\"name\":\"Uniform p\u00e5 jobbet-dagen blev ogs\u00e5 markeret p\u00e5 DTU, hos HedeDanmark, Stantek og Siemens\"}]},{\"@type\":\"WebSite\",\"@id\":\"https:\\\/\\\/www.interforce.dk\\\/#website\",\"url\":\"https:\\\/\\\/www.interforce.dk\\\/\",\"name\":\"InterForce\",\"description\":\"\",\"potentialAction\":[{\"@type\":\"SearchAction\",\"target\":{\"@type\":\"EntryPoint\",\"urlTemplate\":\"https:\\\/\\\/www.interforce.dk\\\/?s={search_term_string}\"},\"query-input\":{\"@type\":\"PropertyValueSpecification\",\"valueRequired\":true,\"valueName\":\"search_term_string\"}}],\"inLanguage\":\"kl-GL\"},{\"@type\":\"Person\",\"@id\":\"https:\\\/\\\/www.interforce.dk\\\/#\\\/schema\\\/person\\\/3604a2bb29e48048ea484fbfb3703fad\",\"name\":\"Simon Staffeldt Schou\",\"image\":{\"@type\":\"ImageObject\",\"inLanguage\":\"kl-GL\",\"@id\":\"https:\\\/\\\/secure.gravatar.com\\\/avatar\\\/1ff3b89414668243258c5ed26b84872c273dcdf7fe7ee0c553a52e1b4c2002fd?s=96&d=mm&r=g\",\"url\":\"https:\\\/\\\/secure.gravatar.com\\\/avatar\\\/1ff3b89414668243258c5ed26b84872c273dcdf7fe7ee0c553a52e1b4c2002fd?s=96&d=mm&r=g\",\"contentUrl\":\"https:\\\/\\\/secure.gravatar.com\\\/avatar\\\/1ff3b89414668243258c5ed26b84872c273dcdf7fe7ee0c553a52e1b4c2002fd?s=96&d=mm&r=g\",\"caption\":\"Simon Staffeldt Schou\"},\"url\":\"https:\\\/\\\/www.interforce.dk\\\/kl\\\/author\\\/simon\\\/\"}]}<\/script>\n<!-- \/ Yoast SEO plugin. -->","yoast_head_json":{"title":"Uniform p\u00e5 jobbet-dagen blev ogs\u00e5 markeret p\u00e5 DTU, hos HedeDanmark, Stantek og Siemens - InterForce","description":"Oberst Peer Sander Rouff og generalmajor Finn Winkler bes\u00f8gte udvalgte virksomheder p\u00e5 Sj\u00e6lland i forbindelse med Uniform p\u00e5 jobbet-dagen.","robots":{"index":"index","follow":"follow","max-snippet":"max-snippet:-1","max-image-preview":"max-image-preview:large","max-video-preview":"max-video-preview:-1"},"canonical":"https:\/\/www.interforce.dk\/kl\/uniform-paa-jobbet-dagen-paa-sjaelland\/","og_locale":"en_US","og_type":"article","og_title":"Uniform p\u00e5 jobbet-dagen blev ogs\u00e5 markeret p\u00e5 DTU, hos HedeDanmark, Stantek og Siemens - InterForce","og_description":"Oberst Peer Sander Rouff og generalmajor Finn Winkler bes\u00f8gte udvalgte virksomheder p\u00e5 Sj\u00e6lland i forbindelse med Uniform p\u00e5 jobbet-dagen.","og_url":"https:\/\/www.interforce.dk\/kl\/uniform-paa-jobbet-dagen-paa-sjaelland\/","og_site_name":"InterForce","article_published_time":"2023-10-04T13:59:36+00:00","article_modified_time":"2023-10-12T11:15:23+00:00","og_image":[{"width":1920,"height":2560,"url":"https:\/\/www.interforce.dk\/app\/uploads\/2023\/10\/DTU-I-scaled.jpg","type":"image\/jpeg"}],"author":"Simon Staffeldt Schou","twitter_card":"summary_large_image","twitter_misc":{"Written by":"Simon Staffeldt Schou","Est. reading time":"5 minutes"},"schema":{"@context":"https:\/\/schema.org","@graph":[{"@type":"Article","@id":"https:\/\/www.interforce.dk\/uniform-paa-jobbet-dagen-paa-sjaelland\/#article","isPartOf":{"@id":"https:\/\/www.interforce.dk\/uniform-paa-jobbet-dagen-paa-sjaelland\/"},"author":{"name":"Simon Staffeldt Schou","@id":"https:\/\/www.interforce.dk\/#\/schema\/person\/3604a2bb29e48048ea484fbfb3703fad"},"headline":"Uniform p\u00e5 jobbet-dagen blev ogs\u00e5 markeret p\u00e5 DTU, hos HedeDanmark, Stantek og Siemens","datePublished":"2023-10-04T13:59:36+00:00","dateModified":"2023-10-12T11:15:23+00:00","mainEntityOfPage":{"@id":"https:\/\/www.interforce.dk\/uniform-paa-jobbet-dagen-paa-sjaelland\/"},"wordCount":976,"image":{"@id":"https:\/\/www.interforce.dk\/uniform-paa-jobbet-dagen-paa-sjaelland\/#primaryimage"},"thumbnailUrl":"https:\/\/www.interforce.dk\/app\/uploads\/2023\/10\/DTU-I-scaled.jpg","keywords":["Tag:Sj\u00e6lland"],"articleSection":["Arrangementsomtale"],"inLanguage":"kl-GL"},{"@type":"WebPage","@id":"https:\/\/www.interforce.dk\/uniform-paa-jobbet-dagen-paa-sjaelland\/","url":"https:\/\/www.interforce.dk\/uniform-paa-jobbet-dagen-paa-sjaelland\/","name":"Uniform p\u00e5 jobbet-dagen blev ogs\u00e5 markeret p\u00e5 DTU, hos HedeDanmark, Stantek og Siemens - InterForce","isPartOf":{"@id":"https:\/\/www.interforce.dk\/#website"},"primaryImageOfPage":{"@id":"https:\/\/www.interforce.dk\/uniform-paa-jobbet-dagen-paa-sjaelland\/#primaryimage"},"image":{"@id":"https:\/\/www.interforce.dk\/uniform-paa-jobbet-dagen-paa-sjaelland\/#primaryimage"},"thumbnailUrl":"https:\/\/www.interforce.dk\/app\/uploads\/2023\/10\/DTU-I-scaled.jpg","datePublished":"2023-10-04T13:59:36+00:00","dateModified":"2023-10-12T11:15:23+00:00","author":{"@id":"https:\/\/www.interforce.dk\/#\/schema\/person\/3604a2bb29e48048ea484fbfb3703fad"},"description":"Oberst Peer Sander Rouff og generalmajor Finn Winkler bes\u00f8gte udvalgte virksomheder p\u00e5 Sj\u00e6lland i forbindelse med Uniform p\u00e5 jobbet-dagen.","breadcrumb":{"@id":"https:\/\/www.interforce.dk\/uniform-paa-jobbet-dagen-paa-sjaelland\/#breadcrumb"},"inLanguage":"kl-GL","potentialAction":[{"@type":"ReadAction","target":["https:\/\/www.interforce.dk\/uniform-paa-jobbet-dagen-paa-sjaelland\/"]}]},{"@type":"ImageObject","inLanguage":"kl-GL","@id":"https:\/\/www.interforce.dk\/uniform-paa-jobbet-dagen-paa-sjaelland\/#primaryimage","url":"https:\/\/www.interforce.dk\/app\/uploads\/2023\/10\/DTU-I-scaled.jpg","contentUrl":"https:\/\/www.interforce.dk\/app\/uploads\/2023\/10\/DTU-I-scaled.jpg","width":1920,"height":2560,"caption":"DTU Uniform p\u00e5 jobbet-dag"},{"@type":"BreadcrumbList","@id":"https:\/\/www.interforce.dk\/uniform-paa-jobbet-dagen-paa-sjaelland\/#breadcrumb","itemListElement":[{"@type":"ListItem","position":1,"name":"Hjem","item":"https:\/\/www.interforce.dk\/"},{"@type":"ListItem","position":2,"name":"Uniform p\u00e5 jobbet-dagen blev ogs\u00e5 markeret p\u00e5 DTU, hos HedeDanmark, Stantek og Siemens"}]},{"@type":"WebSite","@id":"https:\/\/www.interforce.dk\/#website","url":"https:\/\/www.interforce.dk\/","name":"InterForce","description":"","potentialAction":[{"@type":"SearchAction","target":{"@type":"EntryPoint","urlTemplate":"https:\/\/www.interforce.dk\/?s={search_term_string}"},"query-input":{"@type":"PropertyValueSpecification","valueRequired":true,"valueName":"search_term_string"}}],"inLanguage":"kl-GL"},{"@type":"Person","@id":"https:\/\/www.interforce.dk\/#\/schema\/person\/3604a2bb29e48048ea484fbfb3703fad","name":"Simon Staffeldt Schou","image":{"@type":"ImageObject","inLanguage":"kl-GL","@id":"https:\/\/secure.gravatar.com\/avatar\/1ff3b89414668243258c5ed26b84872c273dcdf7fe7ee0c553a52e1b4c2002fd?s=96&d=mm&r=g","url":"https:\/\/secure.gravatar.com\/avatar\/1ff3b89414668243258c5ed26b84872c273dcdf7fe7ee0c553a52e1b4c2002fd?s=96&d=mm&r=g","contentUrl":"https:\/\/secure.gravatar.com\/avatar\/1ff3b89414668243258c5ed26b84872c273dcdf7fe7ee0c553a52e1b4c2002fd?s=96&d=mm&r=g","caption":"Simon Staffeldt Schou"},"url":"https:\/\/www.interforce.dk\/kl\/author\/simon\/"}]}},"_links":{"self":[{"href":"https:\/\/www.interforce.dk\/kl\/wp-json\/wp\/v2\/posts\/14638","targetHints":{"allow":["GET"]}}],"collection":[{"href":"https:\/\/www.interforce.dk\/kl\/wp-json\/wp\/v2\/posts"}],"about":[{"href":"https:\/\/www.interforce.dk\/kl\/wp-json\/wp\/v2\/types\/post"}],"author":[{"embeddable":true,"href":"https:\/\/www.interforce.dk\/kl\/wp-json\/wp\/v2\/users\/111"}],"replies":[{"embeddable":true,"href":"https:\/\/www.interforce.dk\/kl\/wp-json\/wp\/v2\/comments?post=14638"}],"version-history":[{"count":2,"href":"https:\/\/www.interforce.dk\/kl\/wp-json\/wp\/v2\/posts\/14638\/revisions"}],"predecessor-version":[{"id":14675,"href":"https:\/\/www.interforce.dk\/kl\/wp-json\/wp\/v2\/posts\/14638\/revisions\/14675"}],"wp:featuredmedia":[{"embeddable":true,"href":"https:\/\/www.interforce.dk\/kl\/wp-json\/wp\/v2\/media\/14639"}],"wp:attachment":[{"href":"https:\/\/www.interforce.dk\/kl\/wp-json\/wp\/v2\/media?parent=14638"}],"wp:term":[{"taxonomy":"category","embeddable":true,"href":"https:\/\/www.interforce.dk\/kl\/wp-json\/wp\/v2\/categories?post=14638"},{"taxonomy":"post_tag","embeddable":true,"href":"https:\/\/www.interforce.dk\/kl\/wp-json\/wp\/v2\/tags?post=14638"}],"curies":[{"name":"wp","href":"https:\/\/api.w.org\/{rel}","templated":true}]}}