{"id":14628,"date":"2023-10-03T11:13:41","date_gmt":"2023-10-03T11:13:41","guid":{"rendered":"https:\/\/www.interforce.dk\/?p=14628"},"modified":"2023-10-13T08:09:54","modified_gmt":"2023-10-13T08:09:54","slug":"uniform-paa-jobbet-dag-blev-markeret-paa-aarhus-universitet-og-i-viborg-kommune","status":"publish","type":"post","link":"https:\/\/www.interforce.dk\/kl\/uniform-paa-jobbet-dag-blev-markeret-paa-aarhus-universitet-og-i-viborg-kommune\/","title":{"rendered":"Uniform p\u00e5 jobbet-dag blev markeret p\u00e5 Aarhus Universitet og i Viborg Kommune"},"content":{"rendered":"<div class=\"block core-block core-block--paragraph\">\n      <div class=\"inner inner--small\">\n      \n<p>D. 27. september 2023 blev der afholdt den f\u00f8rste Uniform p\u00e5 jobbet-dag i Danmark.<\/p>\n\n      <\/div>\n  <\/div>\n<div class=\"block core-block core-block--paragraph\">\n      <div class=\"inner inner--small\">\n      \n<p>P\u00e5 dagen bes\u00f8gte repr\u00e6sentanter fra Forsvaret, Hjemmev\u00e6rnet og Beredskaberne en r\u00e6kke virksomheder landet over for at takke for deres st\u00f8tte. Og ikke mindst for at sige tak til de mange ildsj\u00e6le, der enten er reservister eller frivillige i Forsvaret, Hjemmev\u00e6rnet eller Beredskabsstyrelsen ved siden af deres job eller studie.<\/p>\n\n      <\/div>\n  <\/div>\n<div class=\"block core-block core-block--paragraph\">\n      <div class=\"inner inner--small\">\n      \n<p>Generall\u00e6ge og leder af Forsvarets Sanitetskommando, Susanne Bach Lausten, var ifm. med dagen p\u00e5 bes\u00f8g p\u00e5 <a href=\"https:\/\/www.au.dk\/\">Aarhus Universitet<\/a>, mens <a href=\"https:\/\/viborg.dk\/\">Viborg Kommune<\/a> fik bes\u00f8g af Oberst Jens L\u00f8nborg.<\/p>\n\n      <\/div>\n  <\/div>\n<div class=\"block core-block core-block--heading\">\n      <div class=\"inner inner--small\">\n      \n<h2 class=\"wp-block-heading\">Aarhus Universitet<\/h2>\n\n      <\/div>\n  <\/div>\n<div class=\"block core-block core-block--paragraph\">\n      <div class=\"inner inner--small\">\n      \n<p>P\u00e5 Aarhus Universitet blev Generall\u00e6ge Susanne Bach Lausten taget imod af den lokale v\u00e6rt kaptajn af reserven ved Ingeni\u00f8rregimentet Lotte B\u00f8gh Andersen, som ogs\u00e5 er professor ved Institut for Statskundskab og leder af <a href=\"https:\/\/ps.au.dk\/cpl\">Kronprins Frederiks Center for Offentlig Ledelse<\/a>. Hun b\u00f8d f\u00f8rst velkommen p\u00e5 vegne af ledelsescenteret og InterForce, som er bindeleddet mellem virksomhederne og Forsvaret. Derefter gav hun ordet til prorektor ved Aarhus Universitet Berit Eika, som p\u00e5 vegne af universitetsledelsen udtrykte sin p\u00e5sk\u00f8nnelse over for medarbejdere og studerende i uniform. Hun understregede gevinsterne for b\u00e5de universitetet, Forsvaret og menneskerne i uniform ved den dobbelte tilknytning.<\/p>\n\n      <\/div>\n  <\/div>\n<div class=\"block core-block core-block--image\">\n      <div class=\"inner inner--small\">\n      \n<figure class=\"wp-block-image size-large\"><img loading=\"lazy\" decoding=\"async\" width=\"768\" height=\"1024\" src=\"https:\/\/www.interforce.dk\/app\/uploads\/2023\/10\/Billede-2-IMG_0510-Billeder-fra-besog-ved-AU-768x1024.jpg\" alt=\"\" class=\"wp-image-14629\" srcset=\"https:\/\/www.interforce.dk\/app\/uploads\/2023\/10\/Billede-2-IMG_0510-Billeder-fra-besog-ved-AU-768x1024.jpg 768w, https:\/\/www.interforce.dk\/app\/uploads\/2023\/10\/Billede-2-IMG_0510-Billeder-fra-besog-ved-AU-225x300.jpg 225w, https:\/\/www.interforce.dk\/app\/uploads\/2023\/10\/Billede-2-IMG_0510-Billeder-fra-besog-ved-AU-1152x1536.jpg 1152w, https:\/\/www.interforce.dk\/app\/uploads\/2023\/10\/Billede-2-IMG_0510-Billeder-fra-besog-ved-AU-1536x2048.jpg 1536w, https:\/\/www.interforce.dk\/app\/uploads\/2023\/10\/Billede-2-IMG_0510-Billeder-fra-besog-ved-AU-9x12.jpg 9w, https:\/\/www.interforce.dk\/app\/uploads\/2023\/10\/Billede-2-IMG_0510-Billeder-fra-besog-ved-AU-scaled.jpg 1920w\" sizes=\"auto, (max-width: 768px) 100vw, 768px\" \/><figcaption class=\"wp-element-caption\"><em>Kaptajn af reserven ved Ingeni\u00f8rregimentet, professor ved Institut for Statskundskab og leder af Kronprins Frederiks Center for Offentlig Ledelse tager imod p\u00e5 Aarhus Universitet<\/em> &#8211; Foto: Freja Tylvad \/ Forsvaret<\/figcaption><\/figure>\n\n      <\/div>\n  <\/div>\n<div class=\"block core-block core-block--paragraph\">\n      <div class=\"inner inner--small\">\n      \n<p>Generall\u00e6ge og leder af Forsvarets Sanitetskommando Susanne Bach Lausten repr\u00e6senterede Forsvarets top. Hun gav i sin tale en r\u00e6kke sp\u00e6ndende perspektiver p\u00e5 civilt\/milit\u00e6rt samarbejde. Herunder understregede hun vigtigheden af samarbejdet mellem civile og milit\u00e6r enheder, n\u00e5r det danske sundhedsv\u00e6sen skal kunne bidrage til at l\u00f8se diverse kriser.<\/p>\n\n      <\/div>\n  <\/div>\n<div class=\"block core-block core-block--image\">\n      <div class=\"inner inner--small\">\n      \n<figure class=\"wp-block-image size-large\"><img loading=\"lazy\" decoding=\"async\" width=\"1024\" height=\"768\" src=\"https:\/\/www.interforce.dk\/app\/uploads\/2023\/10\/Billede-1-IMG_0557-Billeder-fra-besog-ved-AU-1024x768.jpg\" alt=\"\" class=\"wp-image-14630\" srcset=\"https:\/\/www.interforce.dk\/app\/uploads\/2023\/10\/Billede-1-IMG_0557-Billeder-fra-besog-ved-AU-1024x768.jpg 1024w, https:\/\/www.interforce.dk\/app\/uploads\/2023\/10\/Billede-1-IMG_0557-Billeder-fra-besog-ved-AU-300x225.jpg 300w, https:\/\/www.interforce.dk\/app\/uploads\/2023\/10\/Billede-1-IMG_0557-Billeder-fra-besog-ved-AU-768x576.jpg 768w, https:\/\/www.interforce.dk\/app\/uploads\/2023\/10\/Billede-1-IMG_0557-Billeder-fra-besog-ved-AU-1536x1152.jpg 1536w, https:\/\/www.interforce.dk\/app\/uploads\/2023\/10\/Billede-1-IMG_0557-Billeder-fra-besog-ved-AU-2048x1536.jpg 2048w, https:\/\/www.interforce.dk\/app\/uploads\/2023\/10\/Billede-1-IMG_0557-Billeder-fra-besog-ved-AU-16x12.jpg 16w\" sizes=\"auto, (max-width: 1024px) 100vw, 1024px\" \/><figcaption class=\"wp-element-caption\"><em>Generall\u00e6ge Susanne Bach Lausten sammen med repr\u00e6sentanter og reservister fra Aarhus Universitet<\/em> &#8211; Foto: Freja Tylvad \/ Forsvaret<\/figcaption><\/figure>\n\n      <\/div>\n  <\/div>\n<div class=\"block core-block core-block--paragraph\">\n      <div class=\"inner inner--small\">\n      \n<p>Uniform p\u00e5 Jobbet-dag var for Kronprins Frederiks Center for Offentlig Ledelse en fremragende mulighed for at tydeligg\u00f8re det vigtige samarbejde, der l\u00f8bende er mellem forskerne i centeret og Forsvaret. Givet det \u00f8gede samfundsm\u00e6ssige fokus p\u00e5 milit\u00e6r sikkerhed har centeret s\u00e6rlig fokus p\u00e5 ledelse p\u00e5 Forsvarsministeriet omr\u00e5de.<\/p>\n\n      <\/div>\n  <\/div>\n<div class=\"block core-block core-block--paragraph\">\n      <div class=\"inner inner--small\">\n      \n<p>Centerleder Lotte B\u00f8gh Andersen udtaler: \u201dI Kronprins Frederiks Center for Offentlig Ledelse er vi stolte af at v\u00e6re med til at markere Danmarks f\u00f8rste Uniform p\u00e5 Jobbet-dag. Vi h\u00e5ber, at det bliver \u00e9n af mange\u201d.<\/p>\n\n      <\/div>\n  <\/div>\n<div class=\"block core-block core-block--heading\">\n      <div class=\"inner inner--small\">\n      \n<h2 class=\"wp-block-heading\">Viborg Kommune<\/h2>\n\n      <\/div>\n  <\/div>\n<div class=\"block core-block core-block--paragraph\">\n      <div class=\"inner inner--small\">\n      \n<p>I Viborg Kommune blev Uniform p\u00e5 jobbet-dagen ogs\u00e5 markeret. Kommunen besk\u00e6ftiger cirka 7500 ansatte, og vi er i InterForce stolte af kommunens opbakning til Uniform p\u00e5 jobbet-dagen.<\/p>\n\n      <\/div>\n  <\/div>\n<div class=\"block core-block core-block--image\">\n      <div class=\"inner inner--small\">\n      \n<figure class=\"wp-block-image size-large\"><img loading=\"lazy\" decoding=\"async\" width=\"1024\" height=\"768\" src=\"https:\/\/www.interforce.dk\/app\/uploads\/2023\/10\/Billede-1-IMG_7696-Fotos-og-tekst-fra-Uniform-pa-jobbet-dag-i-Viborg-Kommune-1024x768.jpg\" alt=\"\" class=\"wp-image-14631\" srcset=\"https:\/\/www.interforce.dk\/app\/uploads\/2023\/10\/Billede-1-IMG_7696-Fotos-og-tekst-fra-Uniform-pa-jobbet-dag-i-Viborg-Kommune-1024x768.jpg 1024w, https:\/\/www.interforce.dk\/app\/uploads\/2023\/10\/Billede-1-IMG_7696-Fotos-og-tekst-fra-Uniform-pa-jobbet-dag-i-Viborg-Kommune-300x225.jpg 300w, https:\/\/www.interforce.dk\/app\/uploads\/2023\/10\/Billede-1-IMG_7696-Fotos-og-tekst-fra-Uniform-pa-jobbet-dag-i-Viborg-Kommune-768x576.jpg 768w, https:\/\/www.interforce.dk\/app\/uploads\/2023\/10\/Billede-1-IMG_7696-Fotos-og-tekst-fra-Uniform-pa-jobbet-dag-i-Viborg-Kommune-1536x1152.jpg 1536w, https:\/\/www.interforce.dk\/app\/uploads\/2023\/10\/Billede-1-IMG_7696-Fotos-og-tekst-fra-Uniform-pa-jobbet-dag-i-Viborg-Kommune-2048x1536.jpg 2048w, https:\/\/www.interforce.dk\/app\/uploads\/2023\/10\/Billede-1-IMG_7696-Fotos-og-tekst-fra-Uniform-pa-jobbet-dag-i-Viborg-Kommune-16x12.jpg 16w\" sizes=\"auto, (max-width: 1024px) 100vw, 1024px\" \/><figcaption class=\"wp-element-caption\"><em>Oberst Jens L\u00f8nborg sammen med repr\u00e6sentanter og reservister fra Viborg Kommune<\/em><\/figcaption><\/figure>\n\n      <\/div>\n  <\/div>\n<div class=\"block core-block core-block--paragraph\">\n      <div class=\"inner inner--small\">\n      \n<p>Ved bes\u00f8get blev der sat fokus p\u00e5 emner som rekruttering og samarbejde mellem civilsamfundet og Forsvaret, Hjemmev\u00e6rnet og Beredskaberne. Oberst Jens L\u00f8nborg takkede ifm. bes\u00f8get alle de frivillige og reservister, der var m\u00f8dt op i uniform p\u00e5 r\u00e5dhuset, for deres store indsats og engagement.<\/p>\n\n      <\/div>\n  <\/div>\n<div class=\"block core-block core-block--image\">\n      <div class=\"inner inner--small\">\n      \n<figure class=\"wp-block-image size-large\"><img loading=\"lazy\" decoding=\"async\" width=\"1024\" height=\"768\" src=\"https:\/\/www.interforce.dk\/app\/uploads\/2023\/10\/Billede-4-IMG_7688-Fotos-og-tekst-fra-Uniform-pa-jobbet-dag-i-Viborg-Kommune-1024x768.jpg\" alt=\"\" class=\"wp-image-14632\" srcset=\"https:\/\/www.interforce.dk\/app\/uploads\/2023\/10\/Billede-4-IMG_7688-Fotos-og-tekst-fra-Uniform-pa-jobbet-dag-i-Viborg-Kommune-1024x768.jpg 1024w, https:\/\/www.interforce.dk\/app\/uploads\/2023\/10\/Billede-4-IMG_7688-Fotos-og-tekst-fra-Uniform-pa-jobbet-dag-i-Viborg-Kommune-300x225.jpg 300w, https:\/\/www.interforce.dk\/app\/uploads\/2023\/10\/Billede-4-IMG_7688-Fotos-og-tekst-fra-Uniform-pa-jobbet-dag-i-Viborg-Kommune-768x576.jpg 768w, https:\/\/www.interforce.dk\/app\/uploads\/2023\/10\/Billede-4-IMG_7688-Fotos-og-tekst-fra-Uniform-pa-jobbet-dag-i-Viborg-Kommune-1536x1152.jpg 1536w, https:\/\/www.interforce.dk\/app\/uploads\/2023\/10\/Billede-4-IMG_7688-Fotos-og-tekst-fra-Uniform-pa-jobbet-dag-i-Viborg-Kommune-2048x1536.jpg 2048w, https:\/\/www.interforce.dk\/app\/uploads\/2023\/10\/Billede-4-IMG_7688-Fotos-og-tekst-fra-Uniform-pa-jobbet-dag-i-Viborg-Kommune-16x12.jpg 16w\" sizes=\"auto, (max-width: 1024px) 100vw, 1024px\" \/><figcaption class=\"wp-element-caption\"><em>Oberst Jens L\u00f8nborg takker frivillige og reservister p\u00e5 Viborg R\u00e5dhus<\/em><\/figcaption><\/figure>\n\n      <\/div>\n  <\/div>","protected":false},"excerpt":{"rendered":"Generall\u00e6ge og leder af Forsvarets Sanitetskommando, Susanne Bach Lausten bes\u00f8...","protected":false},"author":122,"featured_media":14630,"comment_status":"closed","ping_status":"closed","sticky":false,"template":"","format":"standard","meta":{"_acf_changed":false,"footnotes":""},"categories":[13],"tags":[52],"class_list":["post-14628","post","type-post","status-publish","format-standard","has-post-thumbnail","hentry","category-events","tag-tag-midtjylland"],"acf":[],"yoast_head":"<!-- This site is optimized with the Yoast SEO plugin v27.3 - https:\/\/yoast.com\/product\/yoast-seo-wordpress\/ -->\n<title>Uniform p\u00e5 jobbet-dag blev markeret p\u00e5 Aarhus Universitet og i Viborg Kommune - InterForce<\/title>\n<meta name=\"description\" content=\"Generall\u00e6ge Susanne Bach Lausten bes\u00f8gte Aarhus Universitet og Viborg Kommune ifm. med afholdelsen af Uniform p\u00e5 jobbet-dag den 27. september.\" \/>\n<meta name=\"robots\" content=\"index, follow, max-snippet:-1, max-image-preview:large, max-video-preview:-1\" \/>\n<link rel=\"canonical\" href=\"https:\/\/www.interforce.dk\/kl\/uniform-paa-jobbet-dag-blev-markeret-paa-aarhus-universitet-og-i-viborg-kommune\/\" \/>\n<meta property=\"og:locale\" content=\"en_US\" \/>\n<meta property=\"og:type\" content=\"article\" \/>\n<meta property=\"og:title\" content=\"Uniform p\u00e5 jobbet-dag blev markeret p\u00e5 Aarhus Universitet og i Viborg Kommune - InterForce\" \/>\n<meta property=\"og:description\" content=\"Generall\u00e6ge Susanne Bach Lausten bes\u00f8gte Aarhus Universitet og Viborg Kommune ifm. med afholdelsen af Uniform p\u00e5 jobbet-dag den 27. september.\" \/>\n<meta property=\"og:url\" content=\"https:\/\/www.interforce.dk\/kl\/uniform-paa-jobbet-dag-blev-markeret-paa-aarhus-universitet-og-i-viborg-kommune\/\" \/>\n<meta property=\"og:site_name\" content=\"InterForce\" \/>\n<meta property=\"article:published_time\" content=\"2023-10-03T11:13:41+00:00\" \/>\n<meta property=\"article:modified_time\" content=\"2023-10-13T08:09:54+00:00\" \/>\n<meta property=\"og:image\" content=\"https:\/\/www.interforce.dk\/app\/uploads\/2023\/10\/Billede-1-IMG_0557-Billeder-fra-besog-ved-AU-scaled.jpg\" \/>\n\t<meta property=\"og:image:width\" content=\"2560\" \/>\n\t<meta property=\"og:image:height\" content=\"1920\" \/>\n\t<meta property=\"og:image:type\" content=\"image\/jpeg\" \/>\n<meta name=\"author\" content=\"Anton Rask Hauge Steffensen\" \/>\n<meta name=\"twitter:card\" content=\"summary_large_image\" \/>\n<meta name=\"twitter:label1\" content=\"Written by\" \/>\n\t<meta name=\"twitter:data1\" content=\"Anton Rask Hauge Steffensen\" \/>\n\t<meta name=\"twitter:label2\" content=\"Est. reading time\" \/>\n\t<meta name=\"twitter:data2\" content=\"3 minutes\" \/>\n<script type=\"application\/ld+json\" class=\"yoast-schema-graph\">{\"@context\":\"https:\\\/\\\/schema.org\",\"@graph\":[{\"@type\":\"Article\",\"@id\":\"https:\\\/\\\/www.interforce.dk\\\/uniform-paa-jobbet-dag-blev-markeret-paa-aarhus-universitet-og-i-viborg-kommune\\\/#article\",\"isPartOf\":{\"@id\":\"https:\\\/\\\/www.interforce.dk\\\/uniform-paa-jobbet-dag-blev-markeret-paa-aarhus-universitet-og-i-viborg-kommune\\\/\"},\"author\":{\"name\":\"Anton Rask Hauge Steffensen\",\"@id\":\"https:\\\/\\\/www.interforce.dk\\\/#\\\/schema\\\/person\\\/93de0ad27fec55a2f38d2195162834c7\"},\"headline\":\"Uniform p\u00e5 jobbet-dag blev markeret p\u00e5 Aarhus Universitet og i Viborg Kommune\",\"datePublished\":\"2023-10-03T11:13:41+00:00\",\"dateModified\":\"2023-10-13T08:09:54+00:00\",\"mainEntityOfPage\":{\"@id\":\"https:\\\/\\\/www.interforce.dk\\\/uniform-paa-jobbet-dag-blev-markeret-paa-aarhus-universitet-og-i-viborg-kommune\\\/\"},\"wordCount\":521,\"image\":{\"@id\":\"https:\\\/\\\/www.interforce.dk\\\/uniform-paa-jobbet-dag-blev-markeret-paa-aarhus-universitet-og-i-viborg-kommune\\\/#primaryimage\"},\"thumbnailUrl\":\"https:\\\/\\\/www.interforce.dk\\\/app\\\/uploads\\\/2023\\\/10\\\/Billede-1-IMG_0557-Billeder-fra-besog-ved-AU-scaled.jpg\",\"keywords\":[\"Tag:Midtjylland\"],\"articleSection\":[\"Arrangementsomtale\"],\"inLanguage\":\"kl-GL\"},{\"@type\":\"WebPage\",\"@id\":\"https:\\\/\\\/www.interforce.dk\\\/uniform-paa-jobbet-dag-blev-markeret-paa-aarhus-universitet-og-i-viborg-kommune\\\/\",\"url\":\"https:\\\/\\\/www.interforce.dk\\\/uniform-paa-jobbet-dag-blev-markeret-paa-aarhus-universitet-og-i-viborg-kommune\\\/\",\"name\":\"Uniform p\u00e5 jobbet-dag blev markeret p\u00e5 Aarhus Universitet og i Viborg Kommune - InterForce\",\"isPartOf\":{\"@id\":\"https:\\\/\\\/www.interforce.dk\\\/#website\"},\"primaryImageOfPage\":{\"@id\":\"https:\\\/\\\/www.interforce.dk\\\/uniform-paa-jobbet-dag-blev-markeret-paa-aarhus-universitet-og-i-viborg-kommune\\\/#primaryimage\"},\"image\":{\"@id\":\"https:\\\/\\\/www.interforce.dk\\\/uniform-paa-jobbet-dag-blev-markeret-paa-aarhus-universitet-og-i-viborg-kommune\\\/#primaryimage\"},\"thumbnailUrl\":\"https:\\\/\\\/www.interforce.dk\\\/app\\\/uploads\\\/2023\\\/10\\\/Billede-1-IMG_0557-Billeder-fra-besog-ved-AU-scaled.jpg\",\"datePublished\":\"2023-10-03T11:13:41+00:00\",\"dateModified\":\"2023-10-13T08:09:54+00:00\",\"author\":{\"@id\":\"https:\\\/\\\/www.interforce.dk\\\/#\\\/schema\\\/person\\\/93de0ad27fec55a2f38d2195162834c7\"},\"description\":\"Generall\u00e6ge Susanne Bach Lausten bes\u00f8gte Aarhus Universitet og Viborg Kommune ifm. med afholdelsen af Uniform p\u00e5 jobbet-dag den 27. september.\",\"breadcrumb\":{\"@id\":\"https:\\\/\\\/www.interforce.dk\\\/uniform-paa-jobbet-dag-blev-markeret-paa-aarhus-universitet-og-i-viborg-kommune\\\/#breadcrumb\"},\"inLanguage\":\"kl-GL\",\"potentialAction\":[{\"@type\":\"ReadAction\",\"target\":[\"https:\\\/\\\/www.interforce.dk\\\/uniform-paa-jobbet-dag-blev-markeret-paa-aarhus-universitet-og-i-viborg-kommune\\\/\"]}]},{\"@type\":\"ImageObject\",\"inLanguage\":\"kl-GL\",\"@id\":\"https:\\\/\\\/www.interforce.dk\\\/uniform-paa-jobbet-dag-blev-markeret-paa-aarhus-universitet-og-i-viborg-kommune\\\/#primaryimage\",\"url\":\"https:\\\/\\\/www.interforce.dk\\\/app\\\/uploads\\\/2023\\\/10\\\/Billede-1-IMG_0557-Billeder-fra-besog-ved-AU-scaled.jpg\",\"contentUrl\":\"https:\\\/\\\/www.interforce.dk\\\/app\\\/uploads\\\/2023\\\/10\\\/Billede-1-IMG_0557-Billeder-fra-besog-ved-AU-scaled.jpg\",\"width\":2560,\"height\":1920},{\"@type\":\"BreadcrumbList\",\"@id\":\"https:\\\/\\\/www.interforce.dk\\\/uniform-paa-jobbet-dag-blev-markeret-paa-aarhus-universitet-og-i-viborg-kommune\\\/#breadcrumb\",\"itemListElement\":[{\"@type\":\"ListItem\",\"position\":1,\"name\":\"Hjem\",\"item\":\"https:\\\/\\\/www.interforce.dk\\\/\"},{\"@type\":\"ListItem\",\"position\":2,\"name\":\"Uniform p\u00e5 jobbet-dag blev markeret p\u00e5 Aarhus Universitet og i Viborg Kommune\"}]},{\"@type\":\"WebSite\",\"@id\":\"https:\\\/\\\/www.interforce.dk\\\/#website\",\"url\":\"https:\\\/\\\/www.interforce.dk\\\/\",\"name\":\"InterForce\",\"description\":\"\",\"potentialAction\":[{\"@type\":\"SearchAction\",\"target\":{\"@type\":\"EntryPoint\",\"urlTemplate\":\"https:\\\/\\\/www.interforce.dk\\\/?s={search_term_string}\"},\"query-input\":{\"@type\":\"PropertyValueSpecification\",\"valueRequired\":true,\"valueName\":\"search_term_string\"}}],\"inLanguage\":\"kl-GL\"},{\"@type\":\"Person\",\"@id\":\"https:\\\/\\\/www.interforce.dk\\\/#\\\/schema\\\/person\\\/93de0ad27fec55a2f38d2195162834c7\",\"name\":\"Anton Rask Hauge Steffensen\",\"image\":{\"@type\":\"ImageObject\",\"inLanguage\":\"kl-GL\",\"@id\":\"https:\\\/\\\/secure.gravatar.com\\\/avatar\\\/8e4247cfae5f9f3cbd0c18740bdc45f335fc586e35e954f20e626e45d46e568d?s=96&d=mm&r=g\",\"url\":\"https:\\\/\\\/secure.gravatar.com\\\/avatar\\\/8e4247cfae5f9f3cbd0c18740bdc45f335fc586e35e954f20e626e45d46e568d?s=96&d=mm&r=g\",\"contentUrl\":\"https:\\\/\\\/secure.gravatar.com\\\/avatar\\\/8e4247cfae5f9f3cbd0c18740bdc45f335fc586e35e954f20e626e45d46e568d?s=96&d=mm&r=g\",\"caption\":\"Anton Rask Hauge Steffensen\"},\"url\":\"https:\\\/\\\/www.interforce.dk\\\/kl\\\/author\\\/anton\\\/\"}]}<\/script>\n<!-- \/ Yoast SEO plugin. -->","yoast_head_json":{"title":"Uniform p\u00e5 jobbet-dag blev markeret p\u00e5 Aarhus Universitet og i Viborg Kommune - InterForce","description":"Generall\u00e6ge Susanne Bach Lausten bes\u00f8gte Aarhus Universitet og Viborg Kommune ifm. med afholdelsen af Uniform p\u00e5 jobbet-dag den 27. september.","robots":{"index":"index","follow":"follow","max-snippet":"max-snippet:-1","max-image-preview":"max-image-preview:large","max-video-preview":"max-video-preview:-1"},"canonical":"https:\/\/www.interforce.dk\/kl\/uniform-paa-jobbet-dag-blev-markeret-paa-aarhus-universitet-og-i-viborg-kommune\/","og_locale":"en_US","og_type":"article","og_title":"Uniform p\u00e5 jobbet-dag blev markeret p\u00e5 Aarhus Universitet og i Viborg Kommune - InterForce","og_description":"Generall\u00e6ge Susanne Bach Lausten bes\u00f8gte Aarhus Universitet og Viborg Kommune ifm. med afholdelsen af Uniform p\u00e5 jobbet-dag den 27. september.","og_url":"https:\/\/www.interforce.dk\/kl\/uniform-paa-jobbet-dag-blev-markeret-paa-aarhus-universitet-og-i-viborg-kommune\/","og_site_name":"InterForce","article_published_time":"2023-10-03T11:13:41+00:00","article_modified_time":"2023-10-13T08:09:54+00:00","og_image":[{"width":2560,"height":1920,"url":"https:\/\/www.interforce.dk\/app\/uploads\/2023\/10\/Billede-1-IMG_0557-Billeder-fra-besog-ved-AU-scaled.jpg","type":"image\/jpeg"}],"author":"Anton Rask Hauge Steffensen","twitter_card":"summary_large_image","twitter_misc":{"Written by":"Anton Rask Hauge Steffensen","Est. reading time":"3 minutes"},"schema":{"@context":"https:\/\/schema.org","@graph":[{"@type":"Article","@id":"https:\/\/www.interforce.dk\/uniform-paa-jobbet-dag-blev-markeret-paa-aarhus-universitet-og-i-viborg-kommune\/#article","isPartOf":{"@id":"https:\/\/www.interforce.dk\/uniform-paa-jobbet-dag-blev-markeret-paa-aarhus-universitet-og-i-viborg-kommune\/"},"author":{"name":"Anton Rask Hauge Steffensen","@id":"https:\/\/www.interforce.dk\/#\/schema\/person\/93de0ad27fec55a2f38d2195162834c7"},"headline":"Uniform p\u00e5 jobbet-dag blev markeret p\u00e5 Aarhus Universitet og i Viborg Kommune","datePublished":"2023-10-03T11:13:41+00:00","dateModified":"2023-10-13T08:09:54+00:00","mainEntityOfPage":{"@id":"https:\/\/www.interforce.dk\/uniform-paa-jobbet-dag-blev-markeret-paa-aarhus-universitet-og-i-viborg-kommune\/"},"wordCount":521,"image":{"@id":"https:\/\/www.interforce.dk\/uniform-paa-jobbet-dag-blev-markeret-paa-aarhus-universitet-og-i-viborg-kommune\/#primaryimage"},"thumbnailUrl":"https:\/\/www.interforce.dk\/app\/uploads\/2023\/10\/Billede-1-IMG_0557-Billeder-fra-besog-ved-AU-scaled.jpg","keywords":["Tag:Midtjylland"],"articleSection":["Arrangementsomtale"],"inLanguage":"kl-GL"},{"@type":"WebPage","@id":"https:\/\/www.interforce.dk\/uniform-paa-jobbet-dag-blev-markeret-paa-aarhus-universitet-og-i-viborg-kommune\/","url":"https:\/\/www.interforce.dk\/uniform-paa-jobbet-dag-blev-markeret-paa-aarhus-universitet-og-i-viborg-kommune\/","name":"Uniform p\u00e5 jobbet-dag blev markeret p\u00e5 Aarhus Universitet og i Viborg Kommune - InterForce","isPartOf":{"@id":"https:\/\/www.interforce.dk\/#website"},"primaryImageOfPage":{"@id":"https:\/\/www.interforce.dk\/uniform-paa-jobbet-dag-blev-markeret-paa-aarhus-universitet-og-i-viborg-kommune\/#primaryimage"},"image":{"@id":"https:\/\/www.interforce.dk\/uniform-paa-jobbet-dag-blev-markeret-paa-aarhus-universitet-og-i-viborg-kommune\/#primaryimage"},"thumbnailUrl":"https:\/\/www.interforce.dk\/app\/uploads\/2023\/10\/Billede-1-IMG_0557-Billeder-fra-besog-ved-AU-scaled.jpg","datePublished":"2023-10-03T11:13:41+00:00","dateModified":"2023-10-13T08:09:54+00:00","author":{"@id":"https:\/\/www.interforce.dk\/#\/schema\/person\/93de0ad27fec55a2f38d2195162834c7"},"description":"Generall\u00e6ge Susanne Bach Lausten bes\u00f8gte Aarhus Universitet og Viborg Kommune ifm. med afholdelsen af Uniform p\u00e5 jobbet-dag den 27. september.","breadcrumb":{"@id":"https:\/\/www.interforce.dk\/uniform-paa-jobbet-dag-blev-markeret-paa-aarhus-universitet-og-i-viborg-kommune\/#breadcrumb"},"inLanguage":"kl-GL","potentialAction":[{"@type":"ReadAction","target":["https:\/\/www.interforce.dk\/uniform-paa-jobbet-dag-blev-markeret-paa-aarhus-universitet-og-i-viborg-kommune\/"]}]},{"@type":"ImageObject","inLanguage":"kl-GL","@id":"https:\/\/www.interforce.dk\/uniform-paa-jobbet-dag-blev-markeret-paa-aarhus-universitet-og-i-viborg-kommune\/#primaryimage","url":"https:\/\/www.interforce.dk\/app\/uploads\/2023\/10\/Billede-1-IMG_0557-Billeder-fra-besog-ved-AU-scaled.jpg","contentUrl":"https:\/\/www.interforce.dk\/app\/uploads\/2023\/10\/Billede-1-IMG_0557-Billeder-fra-besog-ved-AU-scaled.jpg","width":2560,"height":1920},{"@type":"BreadcrumbList","@id":"https:\/\/www.interforce.dk\/uniform-paa-jobbet-dag-blev-markeret-paa-aarhus-universitet-og-i-viborg-kommune\/#breadcrumb","itemListElement":[{"@type":"ListItem","position":1,"name":"Hjem","item":"https:\/\/www.interforce.dk\/"},{"@type":"ListItem","position":2,"name":"Uniform p\u00e5 jobbet-dag blev markeret p\u00e5 Aarhus Universitet og i Viborg Kommune"}]},{"@type":"WebSite","@id":"https:\/\/www.interforce.dk\/#website","url":"https:\/\/www.interforce.dk\/","name":"InterForce","description":"","potentialAction":[{"@type":"SearchAction","target":{"@type":"EntryPoint","urlTemplate":"https:\/\/www.interforce.dk\/?s={search_term_string}"},"query-input":{"@type":"PropertyValueSpecification","valueRequired":true,"valueName":"search_term_string"}}],"inLanguage":"kl-GL"},{"@type":"Person","@id":"https:\/\/www.interforce.dk\/#\/schema\/person\/93de0ad27fec55a2f38d2195162834c7","name":"Anton Rask Hauge Steffensen","image":{"@type":"ImageObject","inLanguage":"kl-GL","@id":"https:\/\/secure.gravatar.com\/avatar\/8e4247cfae5f9f3cbd0c18740bdc45f335fc586e35e954f20e626e45d46e568d?s=96&d=mm&r=g","url":"https:\/\/secure.gravatar.com\/avatar\/8e4247cfae5f9f3cbd0c18740bdc45f335fc586e35e954f20e626e45d46e568d?s=96&d=mm&r=g","contentUrl":"https:\/\/secure.gravatar.com\/avatar\/8e4247cfae5f9f3cbd0c18740bdc45f335fc586e35e954f20e626e45d46e568d?s=96&d=mm&r=g","caption":"Anton Rask Hauge Steffensen"},"url":"https:\/\/www.interforce.dk\/kl\/author\/anton\/"}]}},"_links":{"self":[{"href":"https:\/\/www.interforce.dk\/kl\/wp-json\/wp\/v2\/posts\/14628","targetHints":{"allow":["GET"]}}],"collection":[{"href":"https:\/\/www.interforce.dk\/kl\/wp-json\/wp\/v2\/posts"}],"about":[{"href":"https:\/\/www.interforce.dk\/kl\/wp-json\/wp\/v2\/types\/post"}],"author":[{"embeddable":true,"href":"https:\/\/www.interforce.dk\/kl\/wp-json\/wp\/v2\/users\/122"}],"replies":[{"embeddable":true,"href":"https:\/\/www.interforce.dk\/kl\/wp-json\/wp\/v2\/comments?post=14628"}],"version-history":[{"count":2,"href":"https:\/\/www.interforce.dk\/kl\/wp-json\/wp\/v2\/posts\/14628\/revisions"}],"predecessor-version":[{"id":14635,"href":"https:\/\/www.interforce.dk\/kl\/wp-json\/wp\/v2\/posts\/14628\/revisions\/14635"}],"wp:featuredmedia":[{"embeddable":true,"href":"https:\/\/www.interforce.dk\/kl\/wp-json\/wp\/v2\/media\/14630"}],"wp:attachment":[{"href":"https:\/\/www.interforce.dk\/kl\/wp-json\/wp\/v2\/media?parent=14628"}],"wp:term":[{"taxonomy":"category","embeddable":true,"href":"https:\/\/www.interforce.dk\/kl\/wp-json\/wp\/v2\/categories?post=14628"},{"taxonomy":"post_tag","embeddable":true,"href":"https:\/\/www.interforce.dk\/kl\/wp-json\/wp\/v2\/tags?post=14628"}],"curies":[{"name":"wp","href":"https:\/\/api.w.org\/{rel}","templated":true}]}}