{"id":1439,"date":"2020-02-14T12:02:27","date_gmt":"2020-02-14T12:02:27","guid":{"rendered":"http:\/\/www.interforce.dk\/?p=1439"},"modified":"2020-02-14T12:07:15","modified_gmt":"2020-02-14T12:07:15","slug":"aarhus-havn-er-en-del-af-interforce","status":"publish","type":"post","link":"https:\/\/www.interforce.dk\/kl\/aarhus-havn-er-en-del-af-interforce\/","title":{"rendered":"Aarhus Havn modtager InterForce-skjold"},"content":{"rendered":"<div class=\"block core-block core-block--image\">\n      <div class=\"inner inner--small\">\n      \n<figure class=\"wp-block-image size-large\"><img loading=\"lazy\" decoding=\"async\" width=\"1024\" height=\"768\" src=\"\/app\/uploads\/2020\/02\/\u00c5rhus-Havn-overr\u00e6kkelse-af-skjold-1-1-1024x768.jpg\" alt=\"\" class=\"wp-image-1440\" srcset=\"https:\/\/www.interforce.dk\/app\/uploads\/2020\/02\/\u00c5rhus-Havn-overr\u00e6kkelse-af-skjold-1-1-1024x768.jpg 1024w, https:\/\/www.interforce.dk\/app\/uploads\/2020\/02\/\u00c5rhus-Havn-overr\u00e6kkelse-af-skjold-1-1-300x225.jpg 300w, https:\/\/www.interforce.dk\/app\/uploads\/2020\/02\/\u00c5rhus-Havn-overr\u00e6kkelse-af-skjold-1-1-768x576.jpg 768w, https:\/\/www.interforce.dk\/app\/uploads\/2020\/02\/\u00c5rhus-Havn-overr\u00e6kkelse-af-skjold-1-1-1536x1152.jpg 1536w, https:\/\/www.interforce.dk\/app\/uploads\/2020\/02\/\u00c5rhus-Havn-overr\u00e6kkelse-af-skjold-1-1.jpg 1632w\" sizes=\"auto, (max-width: 1024px) 100vw, 1024px\" \/><figcaption>Ambassad\u00f8r Per B\u00f8ch Andersen overr\u00e6kker et InterForce-skjold til den dav\u00e6rende direkt\u00f8r for Aarhus Havn Jakob Flyvbjerg Christensen.<\/figcaption><\/figure>\n\n      <\/div>\n  <\/div>\n<div class=\"block core-block core-block--paragraph\">\n      <div class=\"inner inner--small\">\n      \n<p><strong>InterForce er glade for at have Aarhus Havn som et aktivt medlem. Vi takker for et godt samarbejde. <\/strong><\/p>\n\n      <\/div>\n  <\/div>\n<div class=\"block core-block core-block--paragraph\">\n      <div class=\"inner inner--small\">\n      \n<p>Aarhus Havn er en moderne virksomhed, der besk\u00e6ftiger ca. 100 personer. Det er landets st\u00f8rste containerhavn med en markedsandel p\u00e5 ca. 65 pct. Det betyder, at en meget stor del af de danske forbrugsvarer kommer ind i landet via Aarhus Havn, ligesom en markant del af dansk eksport afskibes via havnens finmaskede net af sejlruter ud i hele verden. Som noget helt s\u00e6rligt fejrer Aarhus Havn i 2020 175 \u00e5rs-jubil\u00e6um.<\/p>\n\n      <\/div>\n  <\/div>\n<div class=\"block core-block core-block--image\">\n      <div class=\"inner inner--small\">\n      \n<figure class=\"wp-block-image size-large\"><img loading=\"lazy\" decoding=\"async\" width=\"735\" height=\"182\" src=\"\/app\/uploads\/2020\/02\/Sk\u00e6rmbillede-2020-02-14-kl.-09.24.34.png\" alt=\"\" class=\"wp-image-1451\" srcset=\"https:\/\/www.interforce.dk\/app\/uploads\/2020\/02\/Sk\u00e6rmbillede-2020-02-14-kl.-09.24.34.png 735w, https:\/\/www.interforce.dk\/app\/uploads\/2020\/02\/Sk\u00e6rmbillede-2020-02-14-kl.-09.24.34-300x74.png 300w\" sizes=\"auto, (max-width: 735px) 100vw, 735px\" \/><\/figure>\n\n      <\/div>\n  <\/div>\n<div class=\"block core-block core-block--paragraph\">\n      <div class=\"inner inner--small\">\n      \n<p> <\/p>\n\n      <\/div>\n  <\/div>","protected":false},"excerpt":{"rendered":"InterForce skjold overr\u00e6kkes af Per B\u00f8ch Andersen til den tidligere direkt\u00f8r ...","protected":false},"author":26,"featured_media":1437,"comment_status":"closed","ping_status":"closed","sticky":false,"template":"","format":"standard","meta":{"_acf_changed":false,"footnotes":""},"categories":[56],"tags":[52],"class_list":["post-1439","post","type-post","status-publish","format-standard","has-post-thumbnail","hentry","category-erhvervsliv","tag-tag-midtjylland"],"acf":[],"yoast_head":"<!-- This site is optimized with the Yoast SEO plugin v27.3 - https:\/\/yoast.com\/product\/yoast-seo-wordpress\/ -->\n<title>Aarhus Havn modtager InterForce-skjold - InterForce<\/title>\n<meta name=\"robots\" content=\"index, follow, max-snippet:-1, max-image-preview:large, max-video-preview:-1\" \/>\n<link rel=\"canonical\" href=\"https:\/\/www.interforce.dk\/kl\/aarhus-havn-er-en-del-af-interforce\/\" \/>\n<meta property=\"og:locale\" content=\"en_US\" \/>\n<meta property=\"og:type\" content=\"article\" \/>\n<meta property=\"og:title\" content=\"Aarhus Havn modtager InterForce-skjold - InterForce\" \/>\n<meta property=\"og:description\" content=\"InterForce skjold overr\u00e6kkes af Per B\u00f8ch Andersen til den tidligere direkt\u00f8r for Aarhus Havn Jakob Flyvbjerg Christensen.\" \/>\n<meta property=\"og:url\" content=\"https:\/\/www.interforce.dk\/kl\/aarhus-havn-er-en-del-af-interforce\/\" \/>\n<meta property=\"og:site_name\" content=\"InterForce\" \/>\n<meta property=\"article:published_time\" content=\"2020-02-14T12:02:27+00:00\" \/>\n<meta property=\"article:modified_time\" content=\"2020-02-14T12:07:15+00:00\" \/>\n<meta property=\"og:image\" content=\"https:\/\/www.interforce.dk\/app\/uploads\/2020\/02\/\u00c5rhus-Havn-overr\u00e6kkelse-af-skjold-.jpg\" \/>\n\t<meta property=\"og:image:width\" content=\"1632\" \/>\n\t<meta property=\"og:image:height\" content=\"1224\" \/>\n\t<meta property=\"og:image:type\" content=\"image\/jpeg\" \/>\n<meta name=\"author\" content=\"Birgitte Nielsen\" \/>\n<meta name=\"twitter:card\" content=\"summary_large_image\" \/>\n<meta name=\"twitter:label1\" content=\"Written by\" \/>\n\t<meta name=\"twitter:data1\" content=\"Birgitte Nielsen\" \/>\n\t<meta name=\"twitter:label2\" content=\"Est. reading time\" \/>\n\t<meta name=\"twitter:data2\" content=\"1 minute\" \/>\n<script type=\"application\/ld+json\" class=\"yoast-schema-graph\">{\"@context\":\"https:\\\/\\\/schema.org\",\"@graph\":[{\"@type\":\"Article\",\"@id\":\"https:\\\/\\\/www.interforce.dk\\\/aarhus-havn-er-en-del-af-interforce\\\/#article\",\"isPartOf\":{\"@id\":\"https:\\\/\\\/www.interforce.dk\\\/aarhus-havn-er-en-del-af-interforce\\\/\"},\"author\":{\"name\":\"Birgitte Nielsen\",\"@id\":\"https:\\\/\\\/www.interforce.dk\\\/#\\\/schema\\\/person\\\/41b0658575535ca51309711ff349b9e3\"},\"headline\":\"Aarhus Havn modtager InterForce-skjold\",\"datePublished\":\"2020-02-14T12:02:27+00:00\",\"dateModified\":\"2020-02-14T12:07:15+00:00\",\"mainEntityOfPage\":{\"@id\":\"https:\\\/\\\/www.interforce.dk\\\/aarhus-havn-er-en-del-af-interforce\\\/\"},\"wordCount\":114,\"image\":{\"@id\":\"https:\\\/\\\/www.interforce.dk\\\/aarhus-havn-er-en-del-af-interforce\\\/#primaryimage\"},\"thumbnailUrl\":\"https:\\\/\\\/www.interforce.dk\\\/app\\\/uploads\\\/2020\\\/02\\\/\u00c5rhus-Havn-overr\u00e6kkelse-af-skjold-.jpg\",\"keywords\":[\"Tag:Midtjylland\"],\"articleSection\":[\"Erhvervsliv\"],\"inLanguage\":\"kl-GL\"},{\"@type\":\"WebPage\",\"@id\":\"https:\\\/\\\/www.interforce.dk\\\/aarhus-havn-er-en-del-af-interforce\\\/\",\"url\":\"https:\\\/\\\/www.interforce.dk\\\/aarhus-havn-er-en-del-af-interforce\\\/\",\"name\":\"Aarhus Havn modtager InterForce-skjold - InterForce\",\"isPartOf\":{\"@id\":\"https:\\\/\\\/www.interforce.dk\\\/#website\"},\"primaryImageOfPage\":{\"@id\":\"https:\\\/\\\/www.interforce.dk\\\/aarhus-havn-er-en-del-af-interforce\\\/#primaryimage\"},\"image\":{\"@id\":\"https:\\\/\\\/www.interforce.dk\\\/aarhus-havn-er-en-del-af-interforce\\\/#primaryimage\"},\"thumbnailUrl\":\"https:\\\/\\\/www.interforce.dk\\\/app\\\/uploads\\\/2020\\\/02\\\/\u00c5rhus-Havn-overr\u00e6kkelse-af-skjold-.jpg\",\"datePublished\":\"2020-02-14T12:02:27+00:00\",\"dateModified\":\"2020-02-14T12:07:15+00:00\",\"author\":{\"@id\":\"https:\\\/\\\/www.interforce.dk\\\/#\\\/schema\\\/person\\\/41b0658575535ca51309711ff349b9e3\"},\"breadcrumb\":{\"@id\":\"https:\\\/\\\/www.interforce.dk\\\/aarhus-havn-er-en-del-af-interforce\\\/#breadcrumb\"},\"inLanguage\":\"kl-GL\",\"potentialAction\":[{\"@type\":\"ReadAction\",\"target\":[\"https:\\\/\\\/www.interforce.dk\\\/aarhus-havn-er-en-del-af-interforce\\\/\"]}]},{\"@type\":\"ImageObject\",\"inLanguage\":\"kl-GL\",\"@id\":\"https:\\\/\\\/www.interforce.dk\\\/aarhus-havn-er-en-del-af-interforce\\\/#primaryimage\",\"url\":\"https:\\\/\\\/www.interforce.dk\\\/app\\\/uploads\\\/2020\\\/02\\\/\u00c5rhus-Havn-overr\u00e6kkelse-af-skjold-.jpg\",\"contentUrl\":\"https:\\\/\\\/www.interforce.dk\\\/app\\\/uploads\\\/2020\\\/02\\\/\u00c5rhus-Havn-overr\u00e6kkelse-af-skjold-.jpg\",\"width\":1632,\"height\":1224},{\"@type\":\"BreadcrumbList\",\"@id\":\"https:\\\/\\\/www.interforce.dk\\\/aarhus-havn-er-en-del-af-interforce\\\/#breadcrumb\",\"itemListElement\":[{\"@type\":\"ListItem\",\"position\":1,\"name\":\"Hjem\",\"item\":\"https:\\\/\\\/www.interforce.dk\\\/\"},{\"@type\":\"ListItem\",\"position\":2,\"name\":\"Aarhus Havn modtager InterForce-skjold\"}]},{\"@type\":\"WebSite\",\"@id\":\"https:\\\/\\\/www.interforce.dk\\\/#website\",\"url\":\"https:\\\/\\\/www.interforce.dk\\\/\",\"name\":\"InterForce\",\"description\":\"\",\"potentialAction\":[{\"@type\":\"SearchAction\",\"target\":{\"@type\":\"EntryPoint\",\"urlTemplate\":\"https:\\\/\\\/www.interforce.dk\\\/?s={search_term_string}\"},\"query-input\":{\"@type\":\"PropertyValueSpecification\",\"valueRequired\":true,\"valueName\":\"search_term_string\"}}],\"inLanguage\":\"kl-GL\"},{\"@type\":\"Person\",\"@id\":\"https:\\\/\\\/www.interforce.dk\\\/#\\\/schema\\\/person\\\/41b0658575535ca51309711ff349b9e3\",\"name\":\"Birgitte Nielsen\",\"image\":{\"@type\":\"ImageObject\",\"inLanguage\":\"kl-GL\",\"@id\":\"https:\\\/\\\/secure.gravatar.com\\\/avatar\\\/81b3d9e74c5222861e29f3ef814bb64697af08736530ea8aaa6d2773f4c878e3?s=96&d=mm&r=g\",\"url\":\"https:\\\/\\\/secure.gravatar.com\\\/avatar\\\/81b3d9e74c5222861e29f3ef814bb64697af08736530ea8aaa6d2773f4c878e3?s=96&d=mm&r=g\",\"contentUrl\":\"https:\\\/\\\/secure.gravatar.com\\\/avatar\\\/81b3d9e74c5222861e29f3ef814bb64697af08736530ea8aaa6d2773f4c878e3?s=96&d=mm&r=g\",\"caption\":\"Birgitte Nielsen\"},\"url\":\"https:\\\/\\\/www.interforce.dk\\\/kl\\\/author\\\/midtjyllandinterforce-dk\\\/\"}]}<\/script>\n<!-- \/ Yoast SEO plugin. -->","yoast_head_json":{"title":"Aarhus Havn modtager InterForce-skjold - InterForce","robots":{"index":"index","follow":"follow","max-snippet":"max-snippet:-1","max-image-preview":"max-image-preview:large","max-video-preview":"max-video-preview:-1"},"canonical":"https:\/\/www.interforce.dk\/kl\/aarhus-havn-er-en-del-af-interforce\/","og_locale":"en_US","og_type":"article","og_title":"Aarhus Havn modtager InterForce-skjold - InterForce","og_description":"InterForce skjold overr\u00e6kkes af Per B\u00f8ch Andersen til den tidligere direkt\u00f8r for Aarhus Havn Jakob Flyvbjerg Christensen.","og_url":"https:\/\/www.interforce.dk\/kl\/aarhus-havn-er-en-del-af-interforce\/","og_site_name":"InterForce","article_published_time":"2020-02-14T12:02:27+00:00","article_modified_time":"2020-02-14T12:07:15+00:00","og_image":[{"width":1632,"height":1224,"url":"https:\/\/www.interforce.dk\/app\/uploads\/2020\/02\/\u00c5rhus-Havn-overr\u00e6kkelse-af-skjold-.jpg","type":"image\/jpeg"}],"author":"Birgitte Nielsen","twitter_card":"summary_large_image","twitter_misc":{"Written by":"Birgitte Nielsen","Est. reading time":"1 minute"},"schema":{"@context":"https:\/\/schema.org","@graph":[{"@type":"Article","@id":"https:\/\/www.interforce.dk\/aarhus-havn-er-en-del-af-interforce\/#article","isPartOf":{"@id":"https:\/\/www.interforce.dk\/aarhus-havn-er-en-del-af-interforce\/"},"author":{"name":"Birgitte Nielsen","@id":"https:\/\/www.interforce.dk\/#\/schema\/person\/41b0658575535ca51309711ff349b9e3"},"headline":"Aarhus Havn modtager InterForce-skjold","datePublished":"2020-02-14T12:02:27+00:00","dateModified":"2020-02-14T12:07:15+00:00","mainEntityOfPage":{"@id":"https:\/\/www.interforce.dk\/aarhus-havn-er-en-del-af-interforce\/"},"wordCount":114,"image":{"@id":"https:\/\/www.interforce.dk\/aarhus-havn-er-en-del-af-interforce\/#primaryimage"},"thumbnailUrl":"https:\/\/www.interforce.dk\/app\/uploads\/2020\/02\/\u00c5rhus-Havn-overr\u00e6kkelse-af-skjold-.jpg","keywords":["Tag:Midtjylland"],"articleSection":["Erhvervsliv"],"inLanguage":"kl-GL"},{"@type":"WebPage","@id":"https:\/\/www.interforce.dk\/aarhus-havn-er-en-del-af-interforce\/","url":"https:\/\/www.interforce.dk\/aarhus-havn-er-en-del-af-interforce\/","name":"Aarhus Havn modtager InterForce-skjold - InterForce","isPartOf":{"@id":"https:\/\/www.interforce.dk\/#website"},"primaryImageOfPage":{"@id":"https:\/\/www.interforce.dk\/aarhus-havn-er-en-del-af-interforce\/#primaryimage"},"image":{"@id":"https:\/\/www.interforce.dk\/aarhus-havn-er-en-del-af-interforce\/#primaryimage"},"thumbnailUrl":"https:\/\/www.interforce.dk\/app\/uploads\/2020\/02\/\u00c5rhus-Havn-overr\u00e6kkelse-af-skjold-.jpg","datePublished":"2020-02-14T12:02:27+00:00","dateModified":"2020-02-14T12:07:15+00:00","author":{"@id":"https:\/\/www.interforce.dk\/#\/schema\/person\/41b0658575535ca51309711ff349b9e3"},"breadcrumb":{"@id":"https:\/\/www.interforce.dk\/aarhus-havn-er-en-del-af-interforce\/#breadcrumb"},"inLanguage":"kl-GL","potentialAction":[{"@type":"ReadAction","target":["https:\/\/www.interforce.dk\/aarhus-havn-er-en-del-af-interforce\/"]}]},{"@type":"ImageObject","inLanguage":"kl-GL","@id":"https:\/\/www.interforce.dk\/aarhus-havn-er-en-del-af-interforce\/#primaryimage","url":"https:\/\/www.interforce.dk\/app\/uploads\/2020\/02\/\u00c5rhus-Havn-overr\u00e6kkelse-af-skjold-.jpg","contentUrl":"https:\/\/www.interforce.dk\/app\/uploads\/2020\/02\/\u00c5rhus-Havn-overr\u00e6kkelse-af-skjold-.jpg","width":1632,"height":1224},{"@type":"BreadcrumbList","@id":"https:\/\/www.interforce.dk\/aarhus-havn-er-en-del-af-interforce\/#breadcrumb","itemListElement":[{"@type":"ListItem","position":1,"name":"Hjem","item":"https:\/\/www.interforce.dk\/"},{"@type":"ListItem","position":2,"name":"Aarhus Havn modtager InterForce-skjold"}]},{"@type":"WebSite","@id":"https:\/\/www.interforce.dk\/#website","url":"https:\/\/www.interforce.dk\/","name":"InterForce","description":"","potentialAction":[{"@type":"SearchAction","target":{"@type":"EntryPoint","urlTemplate":"https:\/\/www.interforce.dk\/?s={search_term_string}"},"query-input":{"@type":"PropertyValueSpecification","valueRequired":true,"valueName":"search_term_string"}}],"inLanguage":"kl-GL"},{"@type":"Person","@id":"https:\/\/www.interforce.dk\/#\/schema\/person\/41b0658575535ca51309711ff349b9e3","name":"Birgitte Nielsen","image":{"@type":"ImageObject","inLanguage":"kl-GL","@id":"https:\/\/secure.gravatar.com\/avatar\/81b3d9e74c5222861e29f3ef814bb64697af08736530ea8aaa6d2773f4c878e3?s=96&d=mm&r=g","url":"https:\/\/secure.gravatar.com\/avatar\/81b3d9e74c5222861e29f3ef814bb64697af08736530ea8aaa6d2773f4c878e3?s=96&d=mm&r=g","contentUrl":"https:\/\/secure.gravatar.com\/avatar\/81b3d9e74c5222861e29f3ef814bb64697af08736530ea8aaa6d2773f4c878e3?s=96&d=mm&r=g","caption":"Birgitte Nielsen"},"url":"https:\/\/www.interforce.dk\/kl\/author\/midtjyllandinterforce-dk\/"}]}},"_links":{"self":[{"href":"https:\/\/www.interforce.dk\/kl\/wp-json\/wp\/v2\/posts\/1439","targetHints":{"allow":["GET"]}}],"collection":[{"href":"https:\/\/www.interforce.dk\/kl\/wp-json\/wp\/v2\/posts"}],"about":[{"href":"https:\/\/www.interforce.dk\/kl\/wp-json\/wp\/v2\/types\/post"}],"author":[{"embeddable":true,"href":"https:\/\/www.interforce.dk\/kl\/wp-json\/wp\/v2\/users\/26"}],"replies":[{"embeddable":true,"href":"https:\/\/www.interforce.dk\/kl\/wp-json\/wp\/v2\/comments?post=1439"}],"version-history":[{"count":0,"href":"https:\/\/www.interforce.dk\/kl\/wp-json\/wp\/v2\/posts\/1439\/revisions"}],"wp:featuredmedia":[{"embeddable":true,"href":"https:\/\/www.interforce.dk\/kl\/wp-json\/wp\/v2\/media\/1437"}],"wp:attachment":[{"href":"https:\/\/www.interforce.dk\/kl\/wp-json\/wp\/v2\/media?parent=1439"}],"wp:term":[{"taxonomy":"category","embeddable":true,"href":"https:\/\/www.interforce.dk\/kl\/wp-json\/wp\/v2\/categories?post=1439"},{"taxonomy":"post_tag","embeddable":true,"href":"https:\/\/www.interforce.dk\/kl\/wp-json\/wp\/v2\/tags?post=1439"}],"curies":[{"name":"wp","href":"https:\/\/api.w.org\/{rel}","templated":true}]}}