{"id":14248,"date":"2023-06-12T14:52:46","date_gmt":"2023-06-12T14:52:46","guid":{"rendered":"https:\/\/www.interforce.dk\/?p=14248"},"modified":"2025-08-21T11:08:20","modified_gmt":"2025-08-21T11:08:20","slug":"skjoldoverraekkelsesarrangement-i-koebenhavn","status":"publish","type":"post","link":"https:\/\/www.interforce.dk\/kl\/skjoldoverraekkelsesarrangement-i-koebenhavn\/","title":{"rendered":"Hovedstadens virksomheder bakker op om InterForce"},"content":{"rendered":"<div class=\"block core-block core-block--paragraph\">\n      <div class=\"inner inner--small\">\n      \n<p><strong>En ny tradition blev skabt, da InterForce Region Hovedstaden afholdt sit f\u00f8rste Skjoldoverr\u00e6kkelsesarrangement i de historiske omgivelser p\u00e5 Kastellet.<\/strong><\/p>\n\n      <\/div>\n  <\/div>\n<div class=\"block core-block core-block--paragraph\">\n      <div class=\"inner inner--small\">\n      \n<p>Af: Lars Kunov\/ Pauline H\u00f8jlund Olsen &nbsp;<br>Foto: Pauline H\u00f8jlund Olsen<\/p>\n\n      <\/div>\n  <\/div>\n<div class=\"block core-block core-block--paragraph\">\n      <div class=\"inner inner--small\">\n      \n<p><br>Det var en ualmindelig smuk for\u00e5rsdag i Kastellets flotte historiske rammer, da InterForce Region Hovedstaden afholdt sit f\u00f8rste Skjoldoverr\u00e6kkelsesarrangement. En r\u00e6kke af InterForce Region Hovedstadens st\u00f8ttevirksomheder m\u00f8dte tirsdag den 30. maj op i Kommandantg\u00e5rdens smukke lokaler for at blive fejret for deres store opbakning til InterForce.<\/p>\n\n      <\/div>\n  <\/div>\n<div class=\"block core-block core-block--image\">\n      <div class=\"inner inner--small\">\n      \n<figure class=\"wp-block-image size-large\"><img loading=\"lazy\" decoding=\"async\" width=\"1024\" height=\"683\" src=\"https:\/\/www.interforce.dk\/app\/uploads\/2023\/06\/IMG_6041-1024x683.jpg\" alt=\"Skjoldoverr\u00e6kkelsesarrangement\" class=\"wp-image-14249\" srcset=\"https:\/\/www.interforce.dk\/app\/uploads\/2023\/06\/IMG_6041-1024x683.jpg 1024w, https:\/\/www.interforce.dk\/app\/uploads\/2023\/06\/IMG_6041-300x200.jpg 300w, https:\/\/www.interforce.dk\/app\/uploads\/2023\/06\/IMG_6041-768x512.jpg 768w, https:\/\/www.interforce.dk\/app\/uploads\/2023\/06\/IMG_6041-1536x1024.jpg 1536w, https:\/\/www.interforce.dk\/app\/uploads\/2023\/06\/IMG_6041-2048x1365.jpg 2048w, https:\/\/www.interforce.dk\/app\/uploads\/2023\/06\/IMG_6041-18x12.jpg 18w\" sizes=\"auto, (max-width: 1024px) 100vw, 1024px\" \/><figcaption class=\"wp-element-caption\"><em>Skjoldoverr\u00e6kkelsesarrangementet var det f\u00f8rste af sin art p\u00e5 Kastellet. En r\u00e6kke virksomheder var inviteret og blev h\u00e6dret med et InterForce-skjold som tak for deres opbakning til dansk forsvar og beredskab.<\/em><\/figcaption><\/figure>\n\n      <\/div>\n  <\/div>\n<div class=\"block core-block core-block--paragraph\">\n      <div class=\"inner inner--small\">\n      \n<p>St\u00f8ttevirksomhederne blev budt velkommen af den milit\u00e6re koordinator for InterForce Region Hovedstaden, oberst Peer Sander Rouff. I sin velkomsttale fortalte han om InterForce, den sikkerhedspolitiske situation i forbindelse med krigen i Ukraine og om Finlands optagelse i Nato. \u201dDen nuv\u00e6rende situation viser desv\u00e6rre, hvor vigtigt virksomhedernes opbakning til Forsvarets reserve og Hjemmev\u00e6rnet er,\u201d udtalte oberst Peer Sander Rouff.<\/p>\n\n      <\/div>\n  <\/div>\n<div class=\"block core-block core-block--image\">\n      <div class=\"inner inner--small\">\n      \n<figure class=\"wp-block-image size-large\"><img loading=\"lazy\" decoding=\"async\" width=\"683\" height=\"1024\" src=\"https:\/\/www.interforce.dk\/app\/uploads\/2023\/06\/IMG_5990-683x1024.jpg\" alt=\"Skjoldoverr\u00e6kkelsesarrangement\" class=\"wp-image-14251\" srcset=\"https:\/\/www.interforce.dk\/app\/uploads\/2023\/06\/IMG_5990-683x1024.jpg 683w, https:\/\/www.interforce.dk\/app\/uploads\/2023\/06\/IMG_5990-200x300.jpg 200w, https:\/\/www.interforce.dk\/app\/uploads\/2023\/06\/IMG_5990-768x1152.jpg 768w, https:\/\/www.interforce.dk\/app\/uploads\/2023\/06\/IMG_5990-1024x1536.jpg 1024w, https:\/\/www.interforce.dk\/app\/uploads\/2023\/06\/IMG_5990-1365x2048.jpg 1365w, https:\/\/www.interforce.dk\/app\/uploads\/2023\/06\/IMG_5990-8x12.jpg 8w, https:\/\/www.interforce.dk\/app\/uploads\/2023\/06\/IMG_5990-scaled.jpg 1707w\" sizes=\"auto, (max-width: 683px) 100vw, 683px\" \/><figcaption class=\"wp-element-caption\"><em>Den milit\u00e6re koordinator for InterForce Region Hovedstaden, oberst Peer Sander Rouff, b\u00f8d virksomhederne velkommen<\/em><\/figcaption><\/figure>\n\n      <\/div>\n  <\/div>\n<div class=\"block core-block core-block--heading\">\n      <div class=\"inner inner--small\">\n      \n<h2 class=\"wp-block-heading\">Rundvisning og skjoldoverr\u00e6kkelse<\/h2>\n\n      <\/div>\n  <\/div>\n<div class=\"block core-block core-block--paragraph\">\n      <div class=\"inner inner--small\">\n      \n<p>Efter velkomsten var der rundvisning p\u00e5 Kastellet ved Neel Guldbech, sekret\u00e6r for Monumentkomit\u00e9en p\u00e5 Kastellet, og sikkerhedsofficer p\u00e5 Kastellet Jakob Dyhr.<\/p>\n\n      <\/div>\n  <\/div>\n<div class=\"block core-block core-block--image\">\n      <div class=\"inner inner--small\">\n      \n<figure class=\"wp-block-image size-large\"><img loading=\"lazy\" decoding=\"async\" width=\"1024\" height=\"683\" src=\"https:\/\/www.interforce.dk\/app\/uploads\/2023\/06\/IMG_6017-1024x683.jpg\" alt=\"Skjoldoverr\u00e6kkelsesarrangement\" class=\"wp-image-14252\" srcset=\"https:\/\/www.interforce.dk\/app\/uploads\/2023\/06\/IMG_6017-1024x683.jpg 1024w, https:\/\/www.interforce.dk\/app\/uploads\/2023\/06\/IMG_6017-300x200.jpg 300w, https:\/\/www.interforce.dk\/app\/uploads\/2023\/06\/IMG_6017-768x512.jpg 768w, https:\/\/www.interforce.dk\/app\/uploads\/2023\/06\/IMG_6017-1536x1024.jpg 1536w, https:\/\/www.interforce.dk\/app\/uploads\/2023\/06\/IMG_6017-2048x1365.jpg 2048w, https:\/\/www.interforce.dk\/app\/uploads\/2023\/06\/IMG_6017-18x12.jpg 18w\" sizes=\"auto, (max-width: 1024px) 100vw, 1024px\" \/><\/figure>\n\n      <\/div>\n  <\/div>\n<div class=\"block core-block core-block--paragraph\">\n      <div class=\"inner inner--small\">\n      \n<p>Deltagerne bes\u00f8gte Kastellets nye Informationscenter. Centret \u00e5bnede i 2020, men pga. Covid-19 lukkede centeret kort efter igen. Nu er det igen \u00e5bent og har allerede haft mere end 14.000 g\u00e6ster.&nbsp;Efterf\u00f8lgende bes\u00f8gte deltagerne monumentet for Danmarks Internationale Indsats efter 1948; En tid, Et sted, Et menneske.<\/p>\n\n      <\/div>\n  <\/div>\n<div class=\"block core-block core-block--paragraph\">\n      <div class=\"inner inner--small\">\n      \n<p>Efter rundvisningen var der overr\u00e6kkelse af InterForce-skjolde til st\u00f8ttevirksomhederne. Formand for InterForce Region Hovedstaden, Martin B\u00f8ge Mikkelsen, overrakte symbolet p\u00e5 b\u00e5ndet mellem virksomhederne og InterForce til disse virksomheder:<\/p>\n\n      <\/div>\n  <\/div>\n<div class=\"block core-block core-block--paragraph\">\n      <div class=\"inner inner--small\">\n      \n<p>ALPHA ADVOKATER P\/S, Auto It A\/S, Balmoral Holding ApS, Biosynex Nordic, Brinch &amp; Partners, EDC Vallensb\u00e6k, Fonden Bof\u00e6llesskabet Huset, Green Shift Group, GreenLead ApS, HJ-Energi Group A\/S, HubLearn ApS, KHR Architecture A\/S, Maximize Consult ApS,&nbsp;PwC, MK Consolidated Investment&nbsp;og WaveAccess Nordics<\/p>\n\n      <\/div>\n  <\/div>\n<div class=\"block core-block core-block--paragraph\">\n      <div class=\"inner inner--small\">\n      \n<p>Efter ceremonien b\u00f8d regionsambassad\u00f8r for InterForce Region Hovedstaden oberstl\u00f8jtnant Michael Wallin indenfor til en overd\u00e5dig buffet og en f\u00e6lles sk\u00e5l i portvin.<\/p>\n\n      <\/div>\n  <\/div>\n<div class=\"block core-block core-block--paragraph\">\n      <div class=\"inner inner--small\">\n      \n<p>Herefter var der tid til at netv\u00e6rke mellem deltagerne.<\/p>\n\n      <\/div>\n  <\/div>\n<div class=\"block core-block core-block--paragraph\">\n      <div class=\"inner inner--small\">\n      \n<p>Efter to timer var arrangementet slut, og folk takkede af. InterForce Region Hovedstaden har efterf\u00f8lgende f\u00e5et mange positive tilkendegivelse fra virksomhederne, der takkede for et godt arrangement.<\/p>\n\n      <\/div>\n  <\/div>\n<div class=\"block core-block core-block--heading\">\n      <div class=\"inner inner--small\">\n      \n<h2 class=\"wp-block-heading\">Tak for indsatsen<\/h2>\n\n      <\/div>\n  <\/div>\n<div class=\"block core-block core-block--paragraph\">\n      <div class=\"inner inner--small\">\n      \n<p>InterForce Region Hovedstaden vil gerne takke Neel Guldbech, sekret\u00e6r for Monumentkomit\u00e9en p\u00e5 Kastellet, og sikkerhedsofficer p\u00e5 Kastellet Jakob Dyhr for deres rundvisninger p\u00e5 Kastellet, som var med til at skabe rammen om det vellykkede arrangement.<\/p>\n\n      <\/div>\n  <\/div>\n<div class=\"block core-block core-block--paragraph\">\n      <div class=\"inner inner--small\">\n      \n<p>Selvom det var InterForce Region Hovedstadens f\u00f8rste Skjoldoverr\u00e6kkelsesarrangement, er der n\u00e6ppe tvivl om, at der allerede er skabt en ny tradition. Det forventes, at det n\u00e6ste afholdes til efter\u00e5ret.<\/p>\n\n      <\/div>\n  <\/div>\n<div class=\"block core-block core-block--paragraph\">\n      <div class=\"inner inner--small\">\n      \n<p>\u201dDet er af stor betydning, at vi kan vise vores st\u00f8ttevirksomheder, hvor meget vi v\u00e6rds\u00e6tter deres opbakning. Succesen med dette arrangement viser, at det er god m\u00e5de at g\u00f8re det p\u00e5,\u201d udtaler Martin B\u00f8ge Mikkelsen, formand for InterForce Region Hovedstaden.<\/p>\n\n      <\/div>\n  <\/div>\n<div class=\"block core-block core-block--paragraph\">\n      <div class=\"inner inner--small\">\n      \n<p>En stor tak til alle virksomhederne for deres opbakning til dansk forsvar og beredskab!<\/p>\n\n      <\/div>\n  <\/div>\n<div class=\"block core-block core-block--image\">\n      <div class=\"inner inner--small\">\n      \n<figure class=\"wp-block-image size-large\"><img loading=\"lazy\" decoding=\"async\" width=\"1024\" height=\"683\" src=\"https:\/\/www.interforce.dk\/app\/uploads\/2023\/06\/IMG_6035-1024x683.jpg\" alt=\"\" class=\"wp-image-14264\" srcset=\"https:\/\/www.interforce.dk\/app\/uploads\/2023\/06\/IMG_6035-1024x683.jpg 1024w, https:\/\/www.interforce.dk\/app\/uploads\/2023\/06\/IMG_6035-300x200.jpg 300w, https:\/\/www.interforce.dk\/app\/uploads\/2023\/06\/IMG_6035-768x512.jpg 768w, https:\/\/www.interforce.dk\/app\/uploads\/2023\/06\/IMG_6035-1536x1024.jpg 1536w, https:\/\/www.interforce.dk\/app\/uploads\/2023\/06\/IMG_6035-2048x1365.jpg 2048w, https:\/\/www.interforce.dk\/app\/uploads\/2023\/06\/IMG_6035-18x12.jpg 18w\" sizes=\"auto, (max-width: 1024px) 100vw, 1024px\" \/><\/figure>\n\n      <\/div>\n  <\/div>","protected":false},"excerpt":{"rendered":"InterForce Region Hovedstaden afholdt sit f\u00f8rste Skjoldoverr\u00e6kkelsesarrangemen...","protected":false},"author":111,"featured_media":14249,"comment_status":"closed","ping_status":"closed","sticky":false,"template":"","format":"standard","meta":{"_acf_changed":false,"footnotes":""},"categories":[13],"tags":[55],"class_list":["post-14248","post","type-post","status-publish","format-standard","has-post-thumbnail","hentry","category-events","tag-tag-hovedstaden"],"acf":[],"yoast_head":"<!-- This site is optimized with the Yoast SEO plugin v27.3 - https:\/\/yoast.com\/product\/yoast-seo-wordpress\/ -->\n<title>Hovedstadens virksomheder bakker op om InterForce - InterForce<\/title>\n<meta name=\"description\" content=\"InterForce Region Hovedstaden afholdt sit f\u00f8rste Skjoldoverr\u00e6kkelsesarrangement i de historiske omgivelser p\u00e5 Kastellet.\" \/>\n<meta name=\"robots\" content=\"index, follow, max-snippet:-1, max-image-preview:large, max-video-preview:-1\" \/>\n<link rel=\"canonical\" href=\"https:\/\/www.interforce.dk\/kl\/skjoldoverraekkelsesarrangement-i-koebenhavn\/\" \/>\n<meta property=\"og:locale\" content=\"en_US\" \/>\n<meta property=\"og:type\" content=\"article\" \/>\n<meta property=\"og:title\" content=\"Hovedstadens virksomheder bakker op om InterForce - InterForce\" \/>\n<meta property=\"og:description\" content=\"InterForce Region Hovedstaden afholdt sit f\u00f8rste Skjoldoverr\u00e6kkelsesarrangement i de historiske omgivelser p\u00e5 Kastellet.\" \/>\n<meta property=\"og:url\" content=\"https:\/\/www.interforce.dk\/kl\/skjoldoverraekkelsesarrangement-i-koebenhavn\/\" \/>\n<meta property=\"og:site_name\" content=\"InterForce\" \/>\n<meta property=\"article:published_time\" content=\"2023-06-12T14:52:46+00:00\" \/>\n<meta property=\"article:modified_time\" content=\"2025-08-21T11:08:20+00:00\" \/>\n<meta property=\"og:image\" content=\"https:\/\/www.interforce.dk\/app\/uploads\/2023\/06\/IMG_6041-scaled.jpg\" \/>\n\t<meta property=\"og:image:width\" content=\"2560\" \/>\n\t<meta property=\"og:image:height\" content=\"1707\" \/>\n\t<meta property=\"og:image:type\" content=\"image\/jpeg\" \/>\n<meta name=\"author\" content=\"Simon Staffeldt Schou\" \/>\n<meta name=\"twitter:card\" content=\"summary_large_image\" \/>\n<meta name=\"twitter:label1\" content=\"Written by\" \/>\n\t<meta name=\"twitter:data1\" content=\"Simon Staffeldt Schou\" \/>\n\t<meta name=\"twitter:label2\" content=\"Est. reading time\" \/>\n\t<meta name=\"twitter:data2\" content=\"3 minutes\" \/>\n<script type=\"application\/ld+json\" class=\"yoast-schema-graph\">{\"@context\":\"https:\\\/\\\/schema.org\",\"@graph\":[{\"@type\":\"Article\",\"@id\":\"https:\\\/\\\/www.interforce.dk\\\/skjoldoverraekkelsesarrangement-i-koebenhavn\\\/#article\",\"isPartOf\":{\"@id\":\"https:\\\/\\\/www.interforce.dk\\\/skjoldoverraekkelsesarrangement-i-koebenhavn\\\/\"},\"author\":{\"name\":\"Simon Staffeldt Schou\",\"@id\":\"https:\\\/\\\/www.interforce.dk\\\/#\\\/schema\\\/person\\\/3604a2bb29e48048ea484fbfb3703fad\"},\"headline\":\"Hovedstadens virksomheder bakker op om InterForce\",\"datePublished\":\"2023-06-12T14:52:46+00:00\",\"dateModified\":\"2025-08-21T11:08:20+00:00\",\"mainEntityOfPage\":{\"@id\":\"https:\\\/\\\/www.interforce.dk\\\/skjoldoverraekkelsesarrangement-i-koebenhavn\\\/\"},\"wordCount\":563,\"image\":{\"@id\":\"https:\\\/\\\/www.interforce.dk\\\/skjoldoverraekkelsesarrangement-i-koebenhavn\\\/#primaryimage\"},\"thumbnailUrl\":\"https:\\\/\\\/www.interforce.dk\\\/app\\\/uploads\\\/2023\\\/06\\\/IMG_6041-scaled.jpg\",\"keywords\":[\"Tag:Hovedstaden\"],\"articleSection\":[\"Arrangementsomtale\"],\"inLanguage\":\"kl-GL\"},{\"@type\":\"WebPage\",\"@id\":\"https:\\\/\\\/www.interforce.dk\\\/skjoldoverraekkelsesarrangement-i-koebenhavn\\\/\",\"url\":\"https:\\\/\\\/www.interforce.dk\\\/skjoldoverraekkelsesarrangement-i-koebenhavn\\\/\",\"name\":\"Hovedstadens virksomheder bakker op om InterForce - InterForce\",\"isPartOf\":{\"@id\":\"https:\\\/\\\/www.interforce.dk\\\/#website\"},\"primaryImageOfPage\":{\"@id\":\"https:\\\/\\\/www.interforce.dk\\\/skjoldoverraekkelsesarrangement-i-koebenhavn\\\/#primaryimage\"},\"image\":{\"@id\":\"https:\\\/\\\/www.interforce.dk\\\/skjoldoverraekkelsesarrangement-i-koebenhavn\\\/#primaryimage\"},\"thumbnailUrl\":\"https:\\\/\\\/www.interforce.dk\\\/app\\\/uploads\\\/2023\\\/06\\\/IMG_6041-scaled.jpg\",\"datePublished\":\"2023-06-12T14:52:46+00:00\",\"dateModified\":\"2025-08-21T11:08:20+00:00\",\"author\":{\"@id\":\"https:\\\/\\\/www.interforce.dk\\\/#\\\/schema\\\/person\\\/3604a2bb29e48048ea484fbfb3703fad\"},\"description\":\"InterForce Region Hovedstaden afholdt sit f\u00f8rste Skjoldoverr\u00e6kkelsesarrangement i de historiske omgivelser p\u00e5 Kastellet.\",\"breadcrumb\":{\"@id\":\"https:\\\/\\\/www.interforce.dk\\\/skjoldoverraekkelsesarrangement-i-koebenhavn\\\/#breadcrumb\"},\"inLanguage\":\"kl-GL\",\"potentialAction\":[{\"@type\":\"ReadAction\",\"target\":[\"https:\\\/\\\/www.interforce.dk\\\/skjoldoverraekkelsesarrangement-i-koebenhavn\\\/\"]}]},{\"@type\":\"ImageObject\",\"inLanguage\":\"kl-GL\",\"@id\":\"https:\\\/\\\/www.interforce.dk\\\/skjoldoverraekkelsesarrangement-i-koebenhavn\\\/#primaryimage\",\"url\":\"https:\\\/\\\/www.interforce.dk\\\/app\\\/uploads\\\/2023\\\/06\\\/IMG_6041-scaled.jpg\",\"contentUrl\":\"https:\\\/\\\/www.interforce.dk\\\/app\\\/uploads\\\/2023\\\/06\\\/IMG_6041-scaled.jpg\",\"width\":2560,\"height\":1707,\"caption\":\"Skjoldoverr\u00e6kkelsesarrangement\"},{\"@type\":\"BreadcrumbList\",\"@id\":\"https:\\\/\\\/www.interforce.dk\\\/skjoldoverraekkelsesarrangement-i-koebenhavn\\\/#breadcrumb\",\"itemListElement\":[{\"@type\":\"ListItem\",\"position\":1,\"name\":\"Hjem\",\"item\":\"https:\\\/\\\/www.interforce.dk\\\/\"},{\"@type\":\"ListItem\",\"position\":2,\"name\":\"Hovedstadens virksomheder bakker op om InterForce\"}]},{\"@type\":\"WebSite\",\"@id\":\"https:\\\/\\\/www.interforce.dk\\\/#website\",\"url\":\"https:\\\/\\\/www.interforce.dk\\\/\",\"name\":\"InterForce\",\"description\":\"\",\"potentialAction\":[{\"@type\":\"SearchAction\",\"target\":{\"@type\":\"EntryPoint\",\"urlTemplate\":\"https:\\\/\\\/www.interforce.dk\\\/?s={search_term_string}\"},\"query-input\":{\"@type\":\"PropertyValueSpecification\",\"valueRequired\":true,\"valueName\":\"search_term_string\"}}],\"inLanguage\":\"kl-GL\"},{\"@type\":\"Person\",\"@id\":\"https:\\\/\\\/www.interforce.dk\\\/#\\\/schema\\\/person\\\/3604a2bb29e48048ea484fbfb3703fad\",\"name\":\"Simon Staffeldt Schou\",\"image\":{\"@type\":\"ImageObject\",\"inLanguage\":\"kl-GL\",\"@id\":\"https:\\\/\\\/secure.gravatar.com\\\/avatar\\\/1ff3b89414668243258c5ed26b84872c273dcdf7fe7ee0c553a52e1b4c2002fd?s=96&d=mm&r=g\",\"url\":\"https:\\\/\\\/secure.gravatar.com\\\/avatar\\\/1ff3b89414668243258c5ed26b84872c273dcdf7fe7ee0c553a52e1b4c2002fd?s=96&d=mm&r=g\",\"contentUrl\":\"https:\\\/\\\/secure.gravatar.com\\\/avatar\\\/1ff3b89414668243258c5ed26b84872c273dcdf7fe7ee0c553a52e1b4c2002fd?s=96&d=mm&r=g\",\"caption\":\"Simon Staffeldt Schou\"},\"url\":\"https:\\\/\\\/www.interforce.dk\\\/kl\\\/author\\\/simon\\\/\"}]}<\/script>\n<!-- \/ Yoast SEO plugin. -->","yoast_head_json":{"title":"Hovedstadens virksomheder bakker op om InterForce - InterForce","description":"InterForce Region Hovedstaden afholdt sit f\u00f8rste Skjoldoverr\u00e6kkelsesarrangement i de historiske omgivelser p\u00e5 Kastellet.","robots":{"index":"index","follow":"follow","max-snippet":"max-snippet:-1","max-image-preview":"max-image-preview:large","max-video-preview":"max-video-preview:-1"},"canonical":"https:\/\/www.interforce.dk\/kl\/skjoldoverraekkelsesarrangement-i-koebenhavn\/","og_locale":"en_US","og_type":"article","og_title":"Hovedstadens virksomheder bakker op om InterForce - InterForce","og_description":"InterForce Region Hovedstaden afholdt sit f\u00f8rste Skjoldoverr\u00e6kkelsesarrangement i de historiske omgivelser p\u00e5 Kastellet.","og_url":"https:\/\/www.interforce.dk\/kl\/skjoldoverraekkelsesarrangement-i-koebenhavn\/","og_site_name":"InterForce","article_published_time":"2023-06-12T14:52:46+00:00","article_modified_time":"2025-08-21T11:08:20+00:00","og_image":[{"width":2560,"height":1707,"url":"https:\/\/www.interforce.dk\/app\/uploads\/2023\/06\/IMG_6041-scaled.jpg","type":"image\/jpeg"}],"author":"Simon Staffeldt Schou","twitter_card":"summary_large_image","twitter_misc":{"Written by":"Simon Staffeldt Schou","Est. reading time":"3 minutes"},"schema":{"@context":"https:\/\/schema.org","@graph":[{"@type":"Article","@id":"https:\/\/www.interforce.dk\/skjoldoverraekkelsesarrangement-i-koebenhavn\/#article","isPartOf":{"@id":"https:\/\/www.interforce.dk\/skjoldoverraekkelsesarrangement-i-koebenhavn\/"},"author":{"name":"Simon Staffeldt Schou","@id":"https:\/\/www.interforce.dk\/#\/schema\/person\/3604a2bb29e48048ea484fbfb3703fad"},"headline":"Hovedstadens virksomheder bakker op om InterForce","datePublished":"2023-06-12T14:52:46+00:00","dateModified":"2025-08-21T11:08:20+00:00","mainEntityOfPage":{"@id":"https:\/\/www.interforce.dk\/skjoldoverraekkelsesarrangement-i-koebenhavn\/"},"wordCount":563,"image":{"@id":"https:\/\/www.interforce.dk\/skjoldoverraekkelsesarrangement-i-koebenhavn\/#primaryimage"},"thumbnailUrl":"https:\/\/www.interforce.dk\/app\/uploads\/2023\/06\/IMG_6041-scaled.jpg","keywords":["Tag:Hovedstaden"],"articleSection":["Arrangementsomtale"],"inLanguage":"kl-GL"},{"@type":"WebPage","@id":"https:\/\/www.interforce.dk\/skjoldoverraekkelsesarrangement-i-koebenhavn\/","url":"https:\/\/www.interforce.dk\/skjoldoverraekkelsesarrangement-i-koebenhavn\/","name":"Hovedstadens virksomheder bakker op om InterForce - InterForce","isPartOf":{"@id":"https:\/\/www.interforce.dk\/#website"},"primaryImageOfPage":{"@id":"https:\/\/www.interforce.dk\/skjoldoverraekkelsesarrangement-i-koebenhavn\/#primaryimage"},"image":{"@id":"https:\/\/www.interforce.dk\/skjoldoverraekkelsesarrangement-i-koebenhavn\/#primaryimage"},"thumbnailUrl":"https:\/\/www.interforce.dk\/app\/uploads\/2023\/06\/IMG_6041-scaled.jpg","datePublished":"2023-06-12T14:52:46+00:00","dateModified":"2025-08-21T11:08:20+00:00","author":{"@id":"https:\/\/www.interforce.dk\/#\/schema\/person\/3604a2bb29e48048ea484fbfb3703fad"},"description":"InterForce Region Hovedstaden afholdt sit f\u00f8rste Skjoldoverr\u00e6kkelsesarrangement i de historiske omgivelser p\u00e5 Kastellet.","breadcrumb":{"@id":"https:\/\/www.interforce.dk\/skjoldoverraekkelsesarrangement-i-koebenhavn\/#breadcrumb"},"inLanguage":"kl-GL","potentialAction":[{"@type":"ReadAction","target":["https:\/\/www.interforce.dk\/skjoldoverraekkelsesarrangement-i-koebenhavn\/"]}]},{"@type":"ImageObject","inLanguage":"kl-GL","@id":"https:\/\/www.interforce.dk\/skjoldoverraekkelsesarrangement-i-koebenhavn\/#primaryimage","url":"https:\/\/www.interforce.dk\/app\/uploads\/2023\/06\/IMG_6041-scaled.jpg","contentUrl":"https:\/\/www.interforce.dk\/app\/uploads\/2023\/06\/IMG_6041-scaled.jpg","width":2560,"height":1707,"caption":"Skjoldoverr\u00e6kkelsesarrangement"},{"@type":"BreadcrumbList","@id":"https:\/\/www.interforce.dk\/skjoldoverraekkelsesarrangement-i-koebenhavn\/#breadcrumb","itemListElement":[{"@type":"ListItem","position":1,"name":"Hjem","item":"https:\/\/www.interforce.dk\/"},{"@type":"ListItem","position":2,"name":"Hovedstadens virksomheder bakker op om InterForce"}]},{"@type":"WebSite","@id":"https:\/\/www.interforce.dk\/#website","url":"https:\/\/www.interforce.dk\/","name":"InterForce","description":"","potentialAction":[{"@type":"SearchAction","target":{"@type":"EntryPoint","urlTemplate":"https:\/\/www.interforce.dk\/?s={search_term_string}"},"query-input":{"@type":"PropertyValueSpecification","valueRequired":true,"valueName":"search_term_string"}}],"inLanguage":"kl-GL"},{"@type":"Person","@id":"https:\/\/www.interforce.dk\/#\/schema\/person\/3604a2bb29e48048ea484fbfb3703fad","name":"Simon Staffeldt Schou","image":{"@type":"ImageObject","inLanguage":"kl-GL","@id":"https:\/\/secure.gravatar.com\/avatar\/1ff3b89414668243258c5ed26b84872c273dcdf7fe7ee0c553a52e1b4c2002fd?s=96&d=mm&r=g","url":"https:\/\/secure.gravatar.com\/avatar\/1ff3b89414668243258c5ed26b84872c273dcdf7fe7ee0c553a52e1b4c2002fd?s=96&d=mm&r=g","contentUrl":"https:\/\/secure.gravatar.com\/avatar\/1ff3b89414668243258c5ed26b84872c273dcdf7fe7ee0c553a52e1b4c2002fd?s=96&d=mm&r=g","caption":"Simon Staffeldt Schou"},"url":"https:\/\/www.interforce.dk\/kl\/author\/simon\/"}]}},"_links":{"self":[{"href":"https:\/\/www.interforce.dk\/kl\/wp-json\/wp\/v2\/posts\/14248","targetHints":{"allow":["GET"]}}],"collection":[{"href":"https:\/\/www.interforce.dk\/kl\/wp-json\/wp\/v2\/posts"}],"about":[{"href":"https:\/\/www.interforce.dk\/kl\/wp-json\/wp\/v2\/types\/post"}],"author":[{"embeddable":true,"href":"https:\/\/www.interforce.dk\/kl\/wp-json\/wp\/v2\/users\/111"}],"replies":[{"embeddable":true,"href":"https:\/\/www.interforce.dk\/kl\/wp-json\/wp\/v2\/comments?post=14248"}],"version-history":[{"count":7,"href":"https:\/\/www.interforce.dk\/kl\/wp-json\/wp\/v2\/posts\/14248\/revisions"}],"predecessor-version":[{"id":17647,"href":"https:\/\/www.interforce.dk\/kl\/wp-json\/wp\/v2\/posts\/14248\/revisions\/17647"}],"wp:featuredmedia":[{"embeddable":true,"href":"https:\/\/www.interforce.dk\/kl\/wp-json\/wp\/v2\/media\/14249"}],"wp:attachment":[{"href":"https:\/\/www.interforce.dk\/kl\/wp-json\/wp\/v2\/media?parent=14248"}],"wp:term":[{"taxonomy":"category","embeddable":true,"href":"https:\/\/www.interforce.dk\/kl\/wp-json\/wp\/v2\/categories?post=14248"},{"taxonomy":"post_tag","embeddable":true,"href":"https:\/\/www.interforce.dk\/kl\/wp-json\/wp\/v2\/tags?post=14248"}],"curies":[{"name":"wp","href":"https:\/\/api.w.org\/{rel}","templated":true}]}}