{"id":14187,"date":"2023-05-11T12:31:50","date_gmt":"2023-05-11T12:31:50","guid":{"rendered":"https:\/\/www.interforce.dk\/?p=14187"},"modified":"2023-05-11T12:40:21","modified_gmt":"2023-05-11T12:40:21","slug":"sikkerhedspolitisk-seminar","status":"publish","type":"post","link":"https:\/\/www.interforce.dk\/kl\/sikkerhedspolitisk-seminar\/","title":{"rendered":"Ruslands invasion af Ukraine: Hvad har vi l\u00e6rt?"},"content":{"rendered":"<div class=\"block core-block core-block--paragraph\">\n      <div class=\"inner inner--small\">\n      \n<p>Af Karina B\u00f8nnelykke, InterForce Region Sj\u00e6lland<\/p>\n\n      <\/div>\n  <\/div>\n<div class=\"block core-block core-block--paragraph\">\n      <div class=\"inner inner--small\">\n      \n<p>Den 20. april 2023 blev der afholdt sikkerhedspolitisk seminar p\u00e5 <a href=\"https:\/\/www.forsvaret.dk\/da\/organisation\/tjenestesteder\/antvorskov-kaserne\/\" target=\"_blank\" rel=\"noreferrer noopener\">Gardehusarkasernen<\/a> i Slagelse. InterForce Region Sj\u00e6lland stod bag det velbes\u00f8gte arrangement.<\/p>\n\n      <\/div>\n  <\/div>\n<div class=\"block core-block core-block--image\">\n      <div class=\"inner inner--small\">\n      \n<figure class=\"wp-block-image size-large\"><img loading=\"lazy\" decoding=\"async\" width=\"1024\" height=\"683\" src=\"https:\/\/www.interforce.dk\/app\/uploads\/2023\/05\/2-1024x683.jpg\" alt=\"Sikkerhedspolitisk seminar p\u00e5 Gardehusarkasernen\" class=\"wp-image-14188\" srcset=\"https:\/\/www.interforce.dk\/app\/uploads\/2023\/05\/2-1024x683.jpg 1024w, https:\/\/www.interforce.dk\/app\/uploads\/2023\/05\/2-300x200.jpg 300w, https:\/\/www.interforce.dk\/app\/uploads\/2023\/05\/2-768x512.jpg 768w, https:\/\/www.interforce.dk\/app\/uploads\/2023\/05\/2-1536x1024.jpg 1536w, https:\/\/www.interforce.dk\/app\/uploads\/2023\/05\/2-2048x1365.jpg 2048w, https:\/\/www.interforce.dk\/app\/uploads\/2023\/05\/2-18x12.jpg 18w\" sizes=\"auto, (max-width: 1024px) 100vw, 1024px\" \/><figcaption class=\"wp-element-caption\"><em>Der var stort fremm\u00f8de til arrangementet p\u00e5 Antvorskov Kaserne ved Slagelse<\/em><\/figcaption><\/figure>\n\n      <\/div>\n  <\/div>\n<div class=\"block core-block core-block--heading\">\n      <div class=\"inner inner--small\">\n      \n<h2 class=\"wp-block-heading\">En ekstraordin\u00e6r kampvilje<\/h2>\n\n      <\/div>\n  <\/div>\n<div class=\"block core-block core-block--paragraph\">\n      <div class=\"inner inner--small\">\n      \n<p>Den 24. februar 2022 invaderede Rusland Ukraine og \u00e6ndrede dermed hele Europas sikkerhedspolitiske billede. Hvad Rusland troede skulle v\u00e6re en hurtig specieloperation, viste sig dog i virkeligheden at blive noget helt andet.<\/p>\n\n      <\/div>\n  <\/div>\n<div class=\"block core-block core-block--paragraph\">\n      <div class=\"inner inner--small\">\n      \n<p>Ukraine har vist en ekstraordin\u00e6r kampvilje \u2014 og her over et \u00e5r efter er krigen fortsat i gang. Hvad har vi l\u00e6rt af krigen, herunder om Ruslands m\u00e5ske overraskende manglende kampevne?<\/p>\n\n      <\/div>\n  <\/div>\n<div class=\"block core-block core-block--heading\">\n      <div class=\"inner inner--small\">\n      \n<h2 class=\"wp-block-heading\">Biden s\u00e6tter tempoet<\/h2>\n\n      <\/div>\n  <\/div>\n<div class=\"block core-block core-block--paragraph\">\n      <div class=\"inner inner--small\">\n      \n<p>Med sin direkte og lige fremme facon startede Peter Viggo Jakobsen, cand.scient.pol., ph.d., Forsvarsakademiet, i vanlig stil med at fort\u00e6lle, at man lige nu forbereder sig p\u00e5 for\u00e5rsoffensiven, og hvordan begge parter er st\u00e5lsatte p\u00e5 sejr.<\/p>\n\n      <\/div>\n  <\/div>\n<div class=\"block core-block core-block--image\">\n      <div class=\"inner inner--small\">\n      \n<figure class=\"wp-block-image size-large\"><img loading=\"lazy\" decoding=\"async\" width=\"1024\" height=\"683\" src=\"https:\/\/www.interforce.dk\/app\/uploads\/2023\/05\/1-1024x683.jpg\" alt=\"Sikkerhedspolitisk seminar p\u00e5 Gardehusarkasernen\" class=\"wp-image-14189\" srcset=\"https:\/\/www.interforce.dk\/app\/uploads\/2023\/05\/1-1024x683.jpg 1024w, https:\/\/www.interforce.dk\/app\/uploads\/2023\/05\/1-300x200.jpg 300w, https:\/\/www.interforce.dk\/app\/uploads\/2023\/05\/1-768x512.jpg 768w, https:\/\/www.interforce.dk\/app\/uploads\/2023\/05\/1-1536x1024.jpg 1536w, https:\/\/www.interforce.dk\/app\/uploads\/2023\/05\/1-2048x1365.jpg 2048w, https:\/\/www.interforce.dk\/app\/uploads\/2023\/05\/1-18x12.jpg 18w\" sizes=\"auto, (max-width: 1024px) 100vw, 1024px\" \/><figcaption class=\"wp-element-caption\"><em>Den f\u00f8rste opl\u00e6gsholder var cand.scient.pol. Peter Viggo Jakobsen<\/em><\/figcaption><\/figure>\n\n      <\/div>\n  <\/div>\n<div class=\"block core-block core-block--paragraph\">\n      <div class=\"inner inner--small\">\n      \n<p>Hvad har form\u00e5let med invasionen v\u00e6ret? Rusland \u00f8nskede at f\u00e5 kontrol over Donbas-regionen, f\u00e5 anerkendt Krim som v\u00e6rende russisk og samtidig f\u00e5 kontrol over de besatte dele af Sortehavskysten. Men Rusland mangler i den grad soldater og har indkaldt flere v\u00e6rnepligtige end normalt. Samtidig med, at man har sendt en elektronisk indkaldelse til alle m\u00e6nd under 50 \u00e5r og bedt dem melde sig.<\/p>\n\n      <\/div>\n  <\/div>\n<div class=\"block core-block core-block--paragraph\">\n      <div class=\"inner inner--small\">\n      \n<p>Peter Viggo lagde ikke skjul p\u00e5, at det reelt er Biden, der s\u00e6tter tempoet i krigen. Den amerikanske pr\u00e6sident har sat nogle klare spilleregler op inden invasionen, for han \u00f8nsker ikke at g\u00e5 direkte i krig med Rusland. USA har hele tiden \u00f8nsket, at krigen skulle blive i Ukraine, s\u00e5 man ikke udl\u00f8ser 3. verdenskrig: \u201dWhat happens in Vegas, stays in Vegas\u201d. \u00a0<\/p>\n\n      <\/div>\n  <\/div>\n<div class=\"block core-block core-block--heading\">\n      <div class=\"inner inner--small\">\n      \n<h2 class=\"wp-block-heading\">Europa og USA<\/h2>\n\n      <\/div>\n  <\/div>\n<div class=\"block core-block core-block--paragraph\">\n      <div class=\"inner inner--small\">\n      \n<p>Derimod har USA doneret store m\u00e6ngder af v\u00e5ben til Ukraine og har ogs\u00e5 sendt soldater til de omkringliggende lande i Baltikum. Peter Viggo Jakobsen lagde heller ikke skjul p\u00e5, at Europa l\u00e6gger sig i slipstr\u00f8mmen af USA. Europa er hele tiden afventende i forhold til, hvad USA g\u00f8r.<\/p>\n\n      <\/div>\n  <\/div>\n<div class=\"block core-block core-block--paragraph\">\n      <div class=\"inner inner--small\">\n      \n<p>Europa har trukket sig ud rent \u00f8konomisk fra Rusland, og samhandlen er sat p\u00e5 standby. Samtidig er alle erkendte russiske kontoer lukket og bel\u00f8bene indefrosset.<\/p>\n\n      <\/div>\n  <\/div>\n<div class=\"block core-block core-block--paragraph\">\n      <div class=\"inner inner--small\">\n      \n<p>Ogs\u00e5 forsyningsk\u00e6derne i verden har f\u00e5et en helt anden betydning efter Corona-epidemien og krigen i Ukraine.<\/p>\n\n      <\/div>\n  <\/div>\n<div class=\"block core-block core-block--heading\">\n      <div class=\"inner inner--small\">\n      \n<h2 class=\"wp-block-heading\">To vidt forskellige slags soldater<\/h2>\n\n      <\/div>\n  <\/div>\n<div class=\"block core-block core-block--paragraph\">\n      <div class=\"inner inner--small\">\n      \n<p>Ligesom Peter Viggo havde major Kenneth Nymand Pedersen heller ikke troet p\u00e5 Ruslands invasion af Ukraine.<\/p>\n\n      <\/div>\n  <\/div>\n<div class=\"block core-block core-block--image\">\n      <div class=\"inner inner--small\">\n      \n<figure class=\"wp-block-image size-large\"><img loading=\"lazy\" decoding=\"async\" width=\"1024\" height=\"683\" src=\"https:\/\/www.interforce.dk\/app\/uploads\/2023\/05\/6-1024x683.jpg\" alt=\"Sikkerhedspolitisk seminar p\u00e5 Gardehusarkasernen\" class=\"wp-image-14190\" srcset=\"https:\/\/www.interforce.dk\/app\/uploads\/2023\/05\/6-1024x683.jpg 1024w, https:\/\/www.interforce.dk\/app\/uploads\/2023\/05\/6-300x200.jpg 300w, https:\/\/www.interforce.dk\/app\/uploads\/2023\/05\/6-768x512.jpg 768w, https:\/\/www.interforce.dk\/app\/uploads\/2023\/05\/6-1536x1024.jpg 1536w, https:\/\/www.interforce.dk\/app\/uploads\/2023\/05\/6-2048x1365.jpg 2048w, https:\/\/www.interforce.dk\/app\/uploads\/2023\/05\/6-18x12.jpg 18w\" sizes=\"auto, (max-width: 1024px) 100vw, 1024px\" \/><figcaption class=\"wp-element-caption\"><em>Efter Peter Viggo Jakobsen gav major Kenneth Numand Pedersen et indblik i krigen set fra et landmilit\u00e6rt operationsniveau<\/em><\/figcaption><\/figure>\n\n      <\/div>\n  <\/div>\n<div class=\"block core-block core-block--paragraph\">\n      <div class=\"inner inner--small\">\n      \n<p>Major Kenneth Nymand Pedersen er chef for Center for Landmilt\u00e6re Operationer ved Forsvarsakademiet. Med sin viden kunne han give et unikt indblik i krigen set fra et landmilit\u00e6rt operationsniveau: Selve invasionen fra Ruslands side var egentlig milit\u00e6rstrategisk godt planlagt. Men ukrainerne har vist en ekstraordin\u00e6r kampvilje til at k\u00e6mpe for deres land.<\/p>\n\n      <\/div>\n  <\/div>\n<div class=\"block core-block core-block--paragraph\">\n      <div class=\"inner inner--small\">\n      \n<p>Der er tale om to vidt forskellige slags soldater, n\u00e5r man kigger p\u00e5 ukrainerne og russerne. De ukrainske soldater ved, hvad de k\u00e6mper for. De russiske soldater k\u00e6mper for det, de f\u00e5r at vide fra Rusland.<\/p>\n\n      <\/div>\n  <\/div>\n<div class=\"block core-block core-block--heading\">\n      <div class=\"inner inner--small\">\n      \n<h2 class=\"wp-block-heading\">Modstand fra ukrainerne<\/h2>\n\n      <\/div>\n  <\/div>\n<div class=\"block core-block core-block--paragraph\">\n      <div class=\"inner inner--small\">\n      \n<p>Majoren kunne fort\u00e6lle, hvordan russerne har fors\u00f8gt at f\u00e5 kontrol over Ukraine med b\u00e5de fl\u00e5den og luftv\u00e5bnet. Men hver gang har man m\u00f8dt stor modstand fra ukrainerne. Russerne er blevet ydmyget rent maritimt og luftm\u00e6ssigt. Desuden har ukrainerne anvendt droner, som russerne ikke har kunne skyde ned.<\/p>\n\n      <\/div>\n  <\/div>\n<div class=\"block core-block core-block--paragraph\">\n      <div class=\"inner inner--small\">\n      \n<p>Forberedelsesm\u00e6ssigt var russerne ikke klar over, hvilken modstand de ville m\u00f8de fra ukrainerne. Vi husker alle billederne af de russiske kampvogne, der p\u00e5 en str\u00e6kning af over 60 kilometer holdt stille midt p\u00e5 hovedvejen mod Kiev.<\/p>\n\n      <\/div>\n  <\/div>\n<div class=\"block core-block core-block--image\">\n      <div class=\"inner inner--small\">\n      \n<figure class=\"wp-block-image size-large\"><img loading=\"lazy\" decoding=\"async\" width=\"1024\" height=\"683\" src=\"https:\/\/www.interforce.dk\/app\/uploads\/2023\/05\/5-1024x683.jpg\" alt=\"Sikkerhedspolitisk seminar p\u00e5 Gardehusarkasernen\" class=\"wp-image-14191\" srcset=\"https:\/\/www.interforce.dk\/app\/uploads\/2023\/05\/5-1024x683.jpg 1024w, https:\/\/www.interforce.dk\/app\/uploads\/2023\/05\/5-300x200.jpg 300w, https:\/\/www.interforce.dk\/app\/uploads\/2023\/05\/5-768x512.jpg 768w, https:\/\/www.interforce.dk\/app\/uploads\/2023\/05\/5-1536x1024.jpg 1536w, https:\/\/www.interforce.dk\/app\/uploads\/2023\/05\/5-2048x1365.jpg 2048w, https:\/\/www.interforce.dk\/app\/uploads\/2023\/05\/5-18x12.jpg 18w\" sizes=\"auto, (max-width: 1024px) 100vw, 1024px\" \/><figcaption class=\"wp-element-caption\"><em>Chefen for Gardehusarregimentet og milit\u00e6r koordinator i InterForce Region Sj\u00e6lland, oberst J\u00f8rn Christensen, supplerede major Kenneth Nymand Pedersens indl\u00e6g<\/em><\/figcaption><\/figure>\n\n      <\/div>\n  <\/div>\n<div class=\"block core-block core-block--paragraph\">\n      <div class=\"inner inner--small\">\n      \n<p>Her supplerede chefen for Gardehusarregimentet og milit\u00e6r koordinator i InterForce Region Sj\u00e6lland, oberst J\u00f8rn Christensen, at der var flere faktorer, der gjorde, at russerne fejlede. Blandt andet kunne man ikke anvende andre indfaldsveje til Kiev. For s\u00e5 ville kampvognene v\u00e6re sunket i den bl\u00f8de jord i rabatten p\u00e5 grund af \u00e5rstiden.<\/p>\n\n      <\/div>\n  <\/div>\n<div class=\"block core-block core-block--heading\">\n      <div class=\"inner inner--small\">\n      \n<h2 class=\"wp-block-heading\">Manglende fokus p\u00e5 Rusland<\/h2>\n\n      <\/div>\n  <\/div>\n<div class=\"block core-block core-block--paragraph\">\n      <div class=\"inner inner--small\">\n      \n<p>Kenneth Nymand Pedersen kom ogs\u00e5 ind p\u00e5, at de indberetninger, man har haft om Rusland og deres kampmateriel, har v\u00e6ret forkerte. Under krigene i Afghanistan og Irak har man simpelthen ikke haft nok fokus p\u00e5 Rusland. Derfor har man fejlvurderet Ruslands milit\u00e6re isenkram.<\/p>\n\n      <\/div>\n  <\/div>\n<div class=\"block core-block core-block--paragraph\">\n      <div class=\"inner inner--small\">\n      \n<p>Majoren mente godt, at ukrainerne kan generobre de besatte omr\u00e5der i Ukraine og vinde krigen og samtidig tage Krim tilbage. Men det kr\u00e6ver fortsat kampmateriel fra Europa.<\/p>\n\n      <\/div>\n  <\/div>\n<div class=\"block core-block core-block--heading\">\n      <div class=\"inner inner--small\">\n      \n<h2 class=\"wp-block-heading\">Stor sp\u00f8rgelyst<\/h2>\n\n      <\/div>\n  <\/div>\n<div class=\"block core-block core-block--paragraph\">\n      <div class=\"inner inner--small\">\n      \n<p>Der var undervejs gode sp\u00f8rgsm\u00e5l fra de fremm\u00f8dte. Der er ingen tvivl om, at krigen i Ukraine p\u00e5virker alle, og fylder meget i bevidstheden for de fleste.<\/p>\n\n      <\/div>\n  <\/div>\n<div class=\"block core-block core-block--image\">\n      <div class=\"inner inner--small\">\n      \n<figure class=\"wp-block-image size-large\"><img loading=\"lazy\" decoding=\"async\" width=\"1024\" height=\"683\" src=\"https:\/\/www.interforce.dk\/app\/uploads\/2023\/05\/3-1024x683.jpg\" alt=\"Sikkerhedspolitisk seminar p\u00e5 Gardehusarkasernen\" class=\"wp-image-14192\" srcset=\"https:\/\/www.interforce.dk\/app\/uploads\/2023\/05\/3-1024x683.jpg 1024w, https:\/\/www.interforce.dk\/app\/uploads\/2023\/05\/3-300x200.jpg 300w, https:\/\/www.interforce.dk\/app\/uploads\/2023\/05\/3-768x512.jpg 768w, https:\/\/www.interforce.dk\/app\/uploads\/2023\/05\/3-1536x1024.jpg 1536w, https:\/\/www.interforce.dk\/app\/uploads\/2023\/05\/3-2048x1365.jpg 2048w, https:\/\/www.interforce.dk\/app\/uploads\/2023\/05\/3-18x12.jpg 18w\" sizes=\"auto, (max-width: 1024px) 100vw, 1024px\" \/><figcaption class=\"wp-element-caption\"><em>Ved arrangementets afslutning blev der overrakt en r\u00e6kke InterForce-skjolde til InterForce-medlemsvirksomheder som tak for deres st\u00f8tte til det danske forsvar og beredskab<\/em><\/figcaption><\/figure>\n\n      <\/div>\n  <\/div>\n<div class=\"block core-block core-block--paragraph\">\n      <div class=\"inner inner--small\">\n      \n<p>Formiddagen sluttede med overr\u00e6kkelse af InterForce-skjolde til BELFOR Denmark, Psykologisk Klinik Sor\u00f8, Multi-Tech A\/S, Nykilde, Dania Software og JHL Handel Roskilde.<\/p>\n\n      <\/div>\n  <\/div>\n<div class=\"block core-block core-block--paragraph\">\n      <div class=\"inner inner--small\">\n      \n<p>InterForce takker for det store fremm\u00f8de og for opbakningen til Reservestyrken.<\/p>\n\n      <\/div>\n  <\/div>\n<div class=\"block core-block core-block--image\">\n      <div class=\"inner inner--small\">\n      \n<figure class=\"wp-block-image size-large\"><img loading=\"lazy\" decoding=\"async\" width=\"683\" height=\"1024\" src=\"https:\/\/www.interforce.dk\/app\/uploads\/2023\/05\/4-683x1024.jpg\" alt=\"InterForce-arrangementet p\u00e5 Gardehusarkasernen\" class=\"wp-image-14193\" srcset=\"https:\/\/www.interforce.dk\/app\/uploads\/2023\/05\/4-683x1024.jpg 683w, https:\/\/www.interforce.dk\/app\/uploads\/2023\/05\/4-200x300.jpg 200w, https:\/\/www.interforce.dk\/app\/uploads\/2023\/05\/4-768x1152.jpg 768w, https:\/\/www.interforce.dk\/app\/uploads\/2023\/05\/4-1024x1536.jpg 1024w, https:\/\/www.interforce.dk\/app\/uploads\/2023\/05\/4-1365x2048.jpg 1365w, https:\/\/www.interforce.dk\/app\/uploads\/2023\/05\/4-8x12.jpg 8w, https:\/\/www.interforce.dk\/app\/uploads\/2023\/05\/4-scaled.jpg 1707w\" sizes=\"auto, (max-width: 683px) 100vw, 683px\" \/><\/figure>\n\n      <\/div>\n  <\/div>\n<div class=\"block core-block core-block--paragraph\">\n      <div class=\"inner inner--small\">\n      \n<p>L\u00e6s ogs\u00e5: <a href=\"https:\/\/www.interforce.dk\/kl\/hjul-og-baelter-arrangement\/\" target=\"_blank\" rel=\"noreferrer noopener\">Kom med til Hjul og b\u00e6lter-arrangement<\/a><\/p>\n\n      <\/div>\n  <\/div>","protected":false},"excerpt":{"rendered":"Den 20. april 2023 blev der afholdt sikkerhedspolitisk seminar p\u00e5 Gardehusarkas...","protected":false},"author":111,"featured_media":14189,"comment_status":"closed","ping_status":"closed","sticky":false,"template":"","format":"standard","meta":{"_acf_changed":false,"footnotes":""},"categories":[13,1],"tags":[54],"class_list":["post-14187","post","type-post","status-publish","format-standard","has-post-thumbnail","hentry","category-events","category-uncategorized-da","tag-tag-sjaelland"],"acf":[],"yoast_head":"<!-- This site is optimized with the Yoast SEO plugin v27.3 - https:\/\/yoast.com\/product\/yoast-seo-wordpress\/ -->\n<title>Ruslands invasion af Ukraine: Hvad har vi l\u00e6rt? - InterForce<\/title>\n<meta name=\"description\" content=\"Den 20. april blev der afholdt sikkerhedspolitisk seminar p\u00e5 Gardehusarkasernen med indl\u00e6g om, hvad vi har l\u00e6rt af invasionen af Ukraine.\" \/>\n<meta name=\"robots\" content=\"index, follow, max-snippet:-1, max-image-preview:large, max-video-preview:-1\" \/>\n<link rel=\"canonical\" href=\"https:\/\/www.interforce.dk\/kl\/sikkerhedspolitisk-seminar\/\" \/>\n<meta property=\"og:locale\" content=\"en_US\" \/>\n<meta property=\"og:type\" content=\"article\" \/>\n<meta property=\"og:title\" content=\"Ruslands invasion af Ukraine: Hvad har vi l\u00e6rt? - InterForce\" \/>\n<meta property=\"og:description\" content=\"Den 20. april blev der afholdt sikkerhedspolitisk seminar p\u00e5 Gardehusarkasernen med indl\u00e6g om, hvad vi har l\u00e6rt af invasionen af Ukraine.\" \/>\n<meta property=\"og:url\" content=\"https:\/\/www.interforce.dk\/kl\/sikkerhedspolitisk-seminar\/\" \/>\n<meta property=\"og:site_name\" content=\"InterForce\" \/>\n<meta property=\"article:published_time\" content=\"2023-05-11T12:31:50+00:00\" \/>\n<meta property=\"article:modified_time\" content=\"2023-05-11T12:40:21+00:00\" \/>\n<meta property=\"og:image\" content=\"https:\/\/www.interforce.dk\/app\/uploads\/2023\/05\/1-scaled.jpg\" \/>\n\t<meta property=\"og:image:width\" content=\"2560\" \/>\n\t<meta property=\"og:image:height\" content=\"1707\" \/>\n\t<meta property=\"og:image:type\" content=\"image\/jpeg\" \/>\n<meta name=\"author\" content=\"Simon Staffeldt Schou\" \/>\n<meta name=\"twitter:card\" content=\"summary_large_image\" \/>\n<meta name=\"twitter:label1\" content=\"Written by\" \/>\n\t<meta name=\"twitter:data1\" content=\"Simon Staffeldt Schou\" \/>\n\t<meta name=\"twitter:label2\" content=\"Est. reading time\" \/>\n\t<meta name=\"twitter:data2\" content=\"5 minutes\" \/>\n<script type=\"application\/ld+json\" class=\"yoast-schema-graph\">{\"@context\":\"https:\\\/\\\/schema.org\",\"@graph\":[{\"@type\":\"Article\",\"@id\":\"https:\\\/\\\/www.interforce.dk\\\/sikkerhedspolitisk-seminar\\\/#article\",\"isPartOf\":{\"@id\":\"https:\\\/\\\/www.interforce.dk\\\/sikkerhedspolitisk-seminar\\\/\"},\"author\":{\"name\":\"Simon Staffeldt Schou\",\"@id\":\"https:\\\/\\\/www.interforce.dk\\\/#\\\/schema\\\/person\\\/3604a2bb29e48048ea484fbfb3703fad\"},\"headline\":\"Ruslands invasion af Ukraine: Hvad har vi l\u00e6rt?\",\"datePublished\":\"2023-05-11T12:31:50+00:00\",\"dateModified\":\"2023-05-11T12:40:21+00:00\",\"mainEntityOfPage\":{\"@id\":\"https:\\\/\\\/www.interforce.dk\\\/sikkerhedspolitisk-seminar\\\/\"},\"wordCount\":899,\"image\":{\"@id\":\"https:\\\/\\\/www.interforce.dk\\\/sikkerhedspolitisk-seminar\\\/#primaryimage\"},\"thumbnailUrl\":\"https:\\\/\\\/www.interforce.dk\\\/app\\\/uploads\\\/2023\\\/05\\\/1-scaled.jpg\",\"keywords\":[\"Tag:Sj\u00e6lland\"],\"articleSection\":[\"Arrangementsomtale\",\"Uncategorized @da\"],\"inLanguage\":\"kl-GL\"},{\"@type\":\"WebPage\",\"@id\":\"https:\\\/\\\/www.interforce.dk\\\/sikkerhedspolitisk-seminar\\\/\",\"url\":\"https:\\\/\\\/www.interforce.dk\\\/sikkerhedspolitisk-seminar\\\/\",\"name\":\"Ruslands invasion af Ukraine: Hvad har vi l\u00e6rt? - InterForce\",\"isPartOf\":{\"@id\":\"https:\\\/\\\/www.interforce.dk\\\/#website\"},\"primaryImageOfPage\":{\"@id\":\"https:\\\/\\\/www.interforce.dk\\\/sikkerhedspolitisk-seminar\\\/#primaryimage\"},\"image\":{\"@id\":\"https:\\\/\\\/www.interforce.dk\\\/sikkerhedspolitisk-seminar\\\/#primaryimage\"},\"thumbnailUrl\":\"https:\\\/\\\/www.interforce.dk\\\/app\\\/uploads\\\/2023\\\/05\\\/1-scaled.jpg\",\"datePublished\":\"2023-05-11T12:31:50+00:00\",\"dateModified\":\"2023-05-11T12:40:21+00:00\",\"author\":{\"@id\":\"https:\\\/\\\/www.interforce.dk\\\/#\\\/schema\\\/person\\\/3604a2bb29e48048ea484fbfb3703fad\"},\"description\":\"Den 20. april blev der afholdt sikkerhedspolitisk seminar p\u00e5 Gardehusarkasernen med indl\u00e6g om, hvad vi har l\u00e6rt af invasionen af Ukraine.\",\"breadcrumb\":{\"@id\":\"https:\\\/\\\/www.interforce.dk\\\/sikkerhedspolitisk-seminar\\\/#breadcrumb\"},\"inLanguage\":\"kl-GL\",\"potentialAction\":[{\"@type\":\"ReadAction\",\"target\":[\"https:\\\/\\\/www.interforce.dk\\\/sikkerhedspolitisk-seminar\\\/\"]}]},{\"@type\":\"ImageObject\",\"inLanguage\":\"kl-GL\",\"@id\":\"https:\\\/\\\/www.interforce.dk\\\/sikkerhedspolitisk-seminar\\\/#primaryimage\",\"url\":\"https:\\\/\\\/www.interforce.dk\\\/app\\\/uploads\\\/2023\\\/05\\\/1-scaled.jpg\",\"contentUrl\":\"https:\\\/\\\/www.interforce.dk\\\/app\\\/uploads\\\/2023\\\/05\\\/1-scaled.jpg\",\"width\":2560,\"height\":1707},{\"@type\":\"BreadcrumbList\",\"@id\":\"https:\\\/\\\/www.interforce.dk\\\/sikkerhedspolitisk-seminar\\\/#breadcrumb\",\"itemListElement\":[{\"@type\":\"ListItem\",\"position\":1,\"name\":\"Hjem\",\"item\":\"https:\\\/\\\/www.interforce.dk\\\/\"},{\"@type\":\"ListItem\",\"position\":2,\"name\":\"Ruslands invasion af Ukraine: Hvad har vi l\u00e6rt?\"}]},{\"@type\":\"WebSite\",\"@id\":\"https:\\\/\\\/www.interforce.dk\\\/#website\",\"url\":\"https:\\\/\\\/www.interforce.dk\\\/\",\"name\":\"InterForce\",\"description\":\"\",\"potentialAction\":[{\"@type\":\"SearchAction\",\"target\":{\"@type\":\"EntryPoint\",\"urlTemplate\":\"https:\\\/\\\/www.interforce.dk\\\/?s={search_term_string}\"},\"query-input\":{\"@type\":\"PropertyValueSpecification\",\"valueRequired\":true,\"valueName\":\"search_term_string\"}}],\"inLanguage\":\"kl-GL\"},{\"@type\":\"Person\",\"@id\":\"https:\\\/\\\/www.interforce.dk\\\/#\\\/schema\\\/person\\\/3604a2bb29e48048ea484fbfb3703fad\",\"name\":\"Simon Staffeldt Schou\",\"image\":{\"@type\":\"ImageObject\",\"inLanguage\":\"kl-GL\",\"@id\":\"https:\\\/\\\/secure.gravatar.com\\\/avatar\\\/1ff3b89414668243258c5ed26b84872c273dcdf7fe7ee0c553a52e1b4c2002fd?s=96&d=mm&r=g\",\"url\":\"https:\\\/\\\/secure.gravatar.com\\\/avatar\\\/1ff3b89414668243258c5ed26b84872c273dcdf7fe7ee0c553a52e1b4c2002fd?s=96&d=mm&r=g\",\"contentUrl\":\"https:\\\/\\\/secure.gravatar.com\\\/avatar\\\/1ff3b89414668243258c5ed26b84872c273dcdf7fe7ee0c553a52e1b4c2002fd?s=96&d=mm&r=g\",\"caption\":\"Simon Staffeldt Schou\"},\"url\":\"https:\\\/\\\/www.interforce.dk\\\/kl\\\/author\\\/simon\\\/\"}]}<\/script>\n<!-- \/ Yoast SEO plugin. -->","yoast_head_json":{"title":"Ruslands invasion af Ukraine: Hvad har vi l\u00e6rt? - InterForce","description":"Den 20. april blev der afholdt sikkerhedspolitisk seminar p\u00e5 Gardehusarkasernen med indl\u00e6g om, hvad vi har l\u00e6rt af invasionen af Ukraine.","robots":{"index":"index","follow":"follow","max-snippet":"max-snippet:-1","max-image-preview":"max-image-preview:large","max-video-preview":"max-video-preview:-1"},"canonical":"https:\/\/www.interforce.dk\/kl\/sikkerhedspolitisk-seminar\/","og_locale":"en_US","og_type":"article","og_title":"Ruslands invasion af Ukraine: Hvad har vi l\u00e6rt? - InterForce","og_description":"Den 20. april blev der afholdt sikkerhedspolitisk seminar p\u00e5 Gardehusarkasernen med indl\u00e6g om, hvad vi har l\u00e6rt af invasionen af Ukraine.","og_url":"https:\/\/www.interforce.dk\/kl\/sikkerhedspolitisk-seminar\/","og_site_name":"InterForce","article_published_time":"2023-05-11T12:31:50+00:00","article_modified_time":"2023-05-11T12:40:21+00:00","og_image":[{"width":2560,"height":1707,"url":"https:\/\/www.interforce.dk\/app\/uploads\/2023\/05\/1-scaled.jpg","type":"image\/jpeg"}],"author":"Simon Staffeldt Schou","twitter_card":"summary_large_image","twitter_misc":{"Written by":"Simon Staffeldt Schou","Est. reading time":"5 minutes"},"schema":{"@context":"https:\/\/schema.org","@graph":[{"@type":"Article","@id":"https:\/\/www.interforce.dk\/sikkerhedspolitisk-seminar\/#article","isPartOf":{"@id":"https:\/\/www.interforce.dk\/sikkerhedspolitisk-seminar\/"},"author":{"name":"Simon Staffeldt Schou","@id":"https:\/\/www.interforce.dk\/#\/schema\/person\/3604a2bb29e48048ea484fbfb3703fad"},"headline":"Ruslands invasion af Ukraine: Hvad har vi l\u00e6rt?","datePublished":"2023-05-11T12:31:50+00:00","dateModified":"2023-05-11T12:40:21+00:00","mainEntityOfPage":{"@id":"https:\/\/www.interforce.dk\/sikkerhedspolitisk-seminar\/"},"wordCount":899,"image":{"@id":"https:\/\/www.interforce.dk\/sikkerhedspolitisk-seminar\/#primaryimage"},"thumbnailUrl":"https:\/\/www.interforce.dk\/app\/uploads\/2023\/05\/1-scaled.jpg","keywords":["Tag:Sj\u00e6lland"],"articleSection":["Arrangementsomtale","Uncategorized @da"],"inLanguage":"kl-GL"},{"@type":"WebPage","@id":"https:\/\/www.interforce.dk\/sikkerhedspolitisk-seminar\/","url":"https:\/\/www.interforce.dk\/sikkerhedspolitisk-seminar\/","name":"Ruslands invasion af Ukraine: Hvad har vi l\u00e6rt? - InterForce","isPartOf":{"@id":"https:\/\/www.interforce.dk\/#website"},"primaryImageOfPage":{"@id":"https:\/\/www.interforce.dk\/sikkerhedspolitisk-seminar\/#primaryimage"},"image":{"@id":"https:\/\/www.interforce.dk\/sikkerhedspolitisk-seminar\/#primaryimage"},"thumbnailUrl":"https:\/\/www.interforce.dk\/app\/uploads\/2023\/05\/1-scaled.jpg","datePublished":"2023-05-11T12:31:50+00:00","dateModified":"2023-05-11T12:40:21+00:00","author":{"@id":"https:\/\/www.interforce.dk\/#\/schema\/person\/3604a2bb29e48048ea484fbfb3703fad"},"description":"Den 20. april blev der afholdt sikkerhedspolitisk seminar p\u00e5 Gardehusarkasernen med indl\u00e6g om, hvad vi har l\u00e6rt af invasionen af Ukraine.","breadcrumb":{"@id":"https:\/\/www.interforce.dk\/sikkerhedspolitisk-seminar\/#breadcrumb"},"inLanguage":"kl-GL","potentialAction":[{"@type":"ReadAction","target":["https:\/\/www.interforce.dk\/sikkerhedspolitisk-seminar\/"]}]},{"@type":"ImageObject","inLanguage":"kl-GL","@id":"https:\/\/www.interforce.dk\/sikkerhedspolitisk-seminar\/#primaryimage","url":"https:\/\/www.interforce.dk\/app\/uploads\/2023\/05\/1-scaled.jpg","contentUrl":"https:\/\/www.interforce.dk\/app\/uploads\/2023\/05\/1-scaled.jpg","width":2560,"height":1707},{"@type":"BreadcrumbList","@id":"https:\/\/www.interforce.dk\/sikkerhedspolitisk-seminar\/#breadcrumb","itemListElement":[{"@type":"ListItem","position":1,"name":"Hjem","item":"https:\/\/www.interforce.dk\/"},{"@type":"ListItem","position":2,"name":"Ruslands invasion af Ukraine: Hvad har vi l\u00e6rt?"}]},{"@type":"WebSite","@id":"https:\/\/www.interforce.dk\/#website","url":"https:\/\/www.interforce.dk\/","name":"InterForce","description":"","potentialAction":[{"@type":"SearchAction","target":{"@type":"EntryPoint","urlTemplate":"https:\/\/www.interforce.dk\/?s={search_term_string}"},"query-input":{"@type":"PropertyValueSpecification","valueRequired":true,"valueName":"search_term_string"}}],"inLanguage":"kl-GL"},{"@type":"Person","@id":"https:\/\/www.interforce.dk\/#\/schema\/person\/3604a2bb29e48048ea484fbfb3703fad","name":"Simon Staffeldt Schou","image":{"@type":"ImageObject","inLanguage":"kl-GL","@id":"https:\/\/secure.gravatar.com\/avatar\/1ff3b89414668243258c5ed26b84872c273dcdf7fe7ee0c553a52e1b4c2002fd?s=96&d=mm&r=g","url":"https:\/\/secure.gravatar.com\/avatar\/1ff3b89414668243258c5ed26b84872c273dcdf7fe7ee0c553a52e1b4c2002fd?s=96&d=mm&r=g","contentUrl":"https:\/\/secure.gravatar.com\/avatar\/1ff3b89414668243258c5ed26b84872c273dcdf7fe7ee0c553a52e1b4c2002fd?s=96&d=mm&r=g","caption":"Simon Staffeldt Schou"},"url":"https:\/\/www.interforce.dk\/kl\/author\/simon\/"}]}},"_links":{"self":[{"href":"https:\/\/www.interforce.dk\/kl\/wp-json\/wp\/v2\/posts\/14187","targetHints":{"allow":["GET"]}}],"collection":[{"href":"https:\/\/www.interforce.dk\/kl\/wp-json\/wp\/v2\/posts"}],"about":[{"href":"https:\/\/www.interforce.dk\/kl\/wp-json\/wp\/v2\/types\/post"}],"author":[{"embeddable":true,"href":"https:\/\/www.interforce.dk\/kl\/wp-json\/wp\/v2\/users\/111"}],"replies":[{"embeddable":true,"href":"https:\/\/www.interforce.dk\/kl\/wp-json\/wp\/v2\/comments?post=14187"}],"version-history":[{"count":3,"href":"https:\/\/www.interforce.dk\/kl\/wp-json\/wp\/v2\/posts\/14187\/revisions"}],"predecessor-version":[{"id":14196,"href":"https:\/\/www.interforce.dk\/kl\/wp-json\/wp\/v2\/posts\/14187\/revisions\/14196"}],"wp:featuredmedia":[{"embeddable":true,"href":"https:\/\/www.interforce.dk\/kl\/wp-json\/wp\/v2\/media\/14189"}],"wp:attachment":[{"href":"https:\/\/www.interforce.dk\/kl\/wp-json\/wp\/v2\/media?parent=14187"}],"wp:term":[{"taxonomy":"category","embeddable":true,"href":"https:\/\/www.interforce.dk\/kl\/wp-json\/wp\/v2\/categories?post=14187"},{"taxonomy":"post_tag","embeddable":true,"href":"https:\/\/www.interforce.dk\/kl\/wp-json\/wp\/v2\/tags?post=14187"}],"curies":[{"name":"wp","href":"https:\/\/api.w.org\/{rel}","templated":true}]}}