{"id":14022,"date":"2023-04-11T19:03:38","date_gmt":"2023-04-11T19:03:38","guid":{"rendered":"https:\/\/www.interforce.dk\/?p=14022"},"modified":"2023-04-11T19:04:07","modified_gmt":"2023-04-11T19:04:07","slug":"ny-formand-for-interforce-bornholm","status":"publish","type":"post","link":"https:\/\/www.interforce.dk\/kl\/ny-formand-for-interforce-bornholm\/","title":{"rendered":"Ny formand for InterForce Bornholm"},"content":{"rendered":"<div class=\"block core-block core-block--image\">\n      <div class=\"inner inner--small\">\n      \n<figure class=\"wp-block-image size-large\"><img loading=\"lazy\" decoding=\"async\" width=\"683\" height=\"1024\" src=\"https:\/\/www.interforce.dk\/app\/uploads\/2023\/04\/Portraet-Peter-Lund-Olsen-683x1024.jpg\" alt=\"InterForce Bornholms nye formand, Peter Lund Olsen\" class=\"wp-image-14023\" srcset=\"https:\/\/www.interforce.dk\/app\/uploads\/2023\/04\/Portraet-Peter-Lund-Olsen-683x1024.jpg 683w, https:\/\/www.interforce.dk\/app\/uploads\/2023\/04\/Portraet-Peter-Lund-Olsen-200x300.jpg 200w, https:\/\/www.interforce.dk\/app\/uploads\/2023\/04\/Portraet-Peter-Lund-Olsen-768x1152.jpg 768w, https:\/\/www.interforce.dk\/app\/uploads\/2023\/04\/Portraet-Peter-Lund-Olsen-1024x1536.jpg 1024w, https:\/\/www.interforce.dk\/app\/uploads\/2023\/04\/Portraet-Peter-Lund-Olsen-1366x2048.jpg 1366w, https:\/\/www.interforce.dk\/app\/uploads\/2023\/04\/Portraet-Peter-Lund-Olsen-8x12.jpg 8w, https:\/\/www.interforce.dk\/app\/uploads\/2023\/04\/Portraet-Peter-Lund-Olsen-scaled.jpg 1707w\" sizes=\"auto, (max-width: 683px) 100vw, 683px\" \/><figcaption class=\"wp-element-caption\"><em>InterForce Bornholms nye formand, Peter Lund Olsen.<\/em><\/figcaption><\/figure>\n\n      <\/div>\n  <\/div>\n<div class=\"block core-block core-block--paragraph\">\n      <div class=\"inner inner--small\">\n      \n<p>I marts fik InterForce Region Bornholm ny formand, Peter Lund Olsen. Til daglig er han direkt\u00f8r hos <a href=\"https:\/\/knudsker-el.dk\/\" target=\"_blank\" rel=\"noreferrer noopener\">Knudsker El<\/a> p\u00e5 klippe\u00f8en. Peter er kendt for sit store lokale engagement, bl.a. som formand for R\u00f8nne Street Sport.<\/p>\n\n      <\/div>\n  <\/div>\n<div class=\"block core-block core-block--paragraph\">\n      <div class=\"inner inner--small\">\n      \n<p>Nu skal han som formand blandt andet sikre, at der skabes bro mellem det civile arbejdsmarked p\u00e5 Bornholm og det danske forsvar og beredskab. Det er en rolle, der har f\u00e5et fornyet relevans efter Ruslands invasion af Ukraine og NATO\u2019s udvidelser omkring \u00d8sters\u00f8en.<\/p>\n\n      <\/div>\n  <\/div>\n<div class=\"block core-block core-block--heading\">\n      <div class=\"inner inner--small\">\n      \n<h3 class=\"wp-block-heading\">Bak op, Bornholm<\/h3>\n\n      <\/div>\n  <\/div>\n<div class=\"block core-block core-block--paragraph\">\n      <div class=\"inner inner--small\">\n      \n<p>\u201dJeg vil gerne v\u00e6re med til, at flere Bornholmske virksomheder v\u00e6rds\u00e6tter og forst\u00e5r den store indsats, reservisterne og de frivillige ved Hjemmev\u00e6rnet og beredskabet yder. Samt hvor vigtigt det er, at der bakkes op om reservestyrken,\u201d siger Peter Lund Olsen.<\/p>\n\n      <\/div>\n  <\/div>\n<div class=\"block core-block core-block--paragraph\">\n      <div class=\"inner inner--small\">\n      \n<p>\u201dInterForce b\u00f8r blive en naturlig del af bornholmske virksomheders sociale ansvar og deres CSR-politik. Virksomhederne kan i den grad l\u00f8fte dette forsvarsm\u00e6ssige sociale ansvar. Eksempelvis ved at give deres ansatte, der er med i Hjemmev\u00e6rnet, Beredskabsstyrelsen eller reserven, fri i perioder til at l\u00f8se vigtige opgaver til gavn for samfundet. I lyset af situationen i Ukraine er dette endnu mere vigtigt nu end nogensinde f\u00f8r,\u201d tilf\u00f8jer han.<\/p>\n\n      <\/div>\n  <\/div>\n<div class=\"block core-block core-block--paragraph\">\n      <div class=\"inner inner--small\">\n      \n<p>\u201dBonussen er, at virksomhederne f\u00e5r medarbejdere tilbage fra Forsvaret og beredskabet med nye ledelsesm\u00e6ssige kompetencer. Samtidig har disse medarbejdere ogs\u00e5 en tilfredshed over at have ydet en s\u00e6rlig indsats.\u201d<\/p>\n\n      <\/div>\n  <\/div>\n<div class=\"block core-block core-block--paragraph\">\n      <div class=\"inner inner--small\">\n      \n<p><\/p>\n\n      <\/div>\n  <\/div>\n<div class=\"block core-block core-block--paragraph\">\n      <div class=\"inner inner--small\">\n      \n<p>L\u00e6s ogs\u00e5: <a href=\"https:\/\/www.interforce.dk\/kl\/interforce-er-vigtigere-end-nogensinde\/\" target=\"_blank\" rel=\"noreferrer noopener\">InterForce er vigtigere end nogensinde<\/a><\/p>\n\n      <\/div>\n  <\/div>","protected":false},"excerpt":{"rendered":"Direkt\u00f8r for Knudsker El, Peter Lund Olsen, er InterForce Bornholms nye formand...","protected":false},"author":111,"featured_media":14023,"comment_status":"closed","ping_status":"closed","sticky":false,"template":"","format":"standard","meta":{"_acf_changed":false,"footnotes":""},"categories":[12],"tags":[14],"class_list":["post-14022","post","type-post","status-publish","format-standard","has-post-thumbnail","hentry","category-nyt-om-if","tag-bornholm"],"acf":[],"yoast_head":"<!-- This site is optimized with the Yoast SEO plugin v27.3 - https:\/\/yoast.com\/product\/yoast-seo-wordpress\/ -->\n<title>Ny formand for InterForce Bornholm - InterForce<\/title>\n<meta name=\"description\" content=\"Direkt\u00f8r for Knudsker El, Peter Lund Olsen, er InterForce Bornholms nye formand. Til daglig er han direkt\u00f8r hos Knudsker El.\" \/>\n<meta name=\"robots\" content=\"index, follow, max-snippet:-1, max-image-preview:large, max-video-preview:-1\" \/>\n<link rel=\"canonical\" href=\"https:\/\/www.interforce.dk\/kl\/ny-formand-for-interforce-bornholm\/\" \/>\n<meta property=\"og:locale\" content=\"en_US\" \/>\n<meta property=\"og:type\" content=\"article\" \/>\n<meta property=\"og:title\" content=\"Ny formand for InterForce Bornholm - InterForce\" \/>\n<meta property=\"og:description\" content=\"Direkt\u00f8r for Knudsker El, Peter Lund Olsen, er InterForce Bornholms nye formand. Til daglig er han direkt\u00f8r hos Knudsker El.\" \/>\n<meta property=\"og:url\" content=\"https:\/\/www.interforce.dk\/kl\/ny-formand-for-interforce-bornholm\/\" \/>\n<meta property=\"og:site_name\" content=\"InterForce\" \/>\n<meta property=\"article:published_time\" content=\"2023-04-11T19:03:38+00:00\" \/>\n<meta property=\"article:modified_time\" content=\"2023-04-11T19:04:07+00:00\" \/>\n<meta property=\"og:image\" content=\"https:\/\/www.interforce.dk\/app\/uploads\/2023\/04\/Portraet-Peter-Lund-Olsen-scaled.jpg\" \/>\n\t<meta property=\"og:image:width\" content=\"1707\" \/>\n\t<meta property=\"og:image:height\" content=\"2560\" \/>\n\t<meta property=\"og:image:type\" content=\"image\/jpeg\" \/>\n<meta name=\"author\" content=\"Simon Staffeldt Schou\" \/>\n<meta name=\"twitter:card\" content=\"summary_large_image\" \/>\n<meta name=\"twitter:label1\" content=\"Written by\" \/>\n\t<meta name=\"twitter:data1\" content=\"Simon Staffeldt Schou\" \/>\n\t<meta name=\"twitter:label2\" content=\"Est. reading time\" \/>\n\t<meta name=\"twitter:data2\" content=\"2 minutes\" \/>\n<script type=\"application\/ld+json\" class=\"yoast-schema-graph\">{\"@context\":\"https:\\\/\\\/schema.org\",\"@graph\":[{\"@type\":\"Article\",\"@id\":\"https:\\\/\\\/www.interforce.dk\\\/ny-formand-for-interforce-bornholm\\\/#article\",\"isPartOf\":{\"@id\":\"https:\\\/\\\/www.interforce.dk\\\/ny-formand-for-interforce-bornholm\\\/\"},\"author\":{\"name\":\"Simon Staffeldt Schou\",\"@id\":\"https:\\\/\\\/www.interforce.dk\\\/#\\\/schema\\\/person\\\/3604a2bb29e48048ea484fbfb3703fad\"},\"headline\":\"Ny formand for InterForce Bornholm\",\"datePublished\":\"2023-04-11T19:03:38+00:00\",\"dateModified\":\"2023-04-11T19:04:07+00:00\",\"mainEntityOfPage\":{\"@id\":\"https:\\\/\\\/www.interforce.dk\\\/ny-formand-for-interforce-bornholm\\\/\"},\"wordCount\":260,\"image\":{\"@id\":\"https:\\\/\\\/www.interforce.dk\\\/ny-formand-for-interforce-bornholm\\\/#primaryimage\"},\"thumbnailUrl\":\"https:\\\/\\\/www.interforce.dk\\\/app\\\/uploads\\\/2023\\\/04\\\/Portraet-Peter-Lund-Olsen-scaled.jpg\",\"keywords\":[\"Tag:Bornholm\"],\"articleSection\":[\"Nyheder om InterForce\"],\"inLanguage\":\"kl-GL\"},{\"@type\":\"WebPage\",\"@id\":\"https:\\\/\\\/www.interforce.dk\\\/ny-formand-for-interforce-bornholm\\\/\",\"url\":\"https:\\\/\\\/www.interforce.dk\\\/ny-formand-for-interforce-bornholm\\\/\",\"name\":\"Ny formand for InterForce Bornholm - InterForce\",\"isPartOf\":{\"@id\":\"https:\\\/\\\/www.interforce.dk\\\/#website\"},\"primaryImageOfPage\":{\"@id\":\"https:\\\/\\\/www.interforce.dk\\\/ny-formand-for-interforce-bornholm\\\/#primaryimage\"},\"image\":{\"@id\":\"https:\\\/\\\/www.interforce.dk\\\/ny-formand-for-interforce-bornholm\\\/#primaryimage\"},\"thumbnailUrl\":\"https:\\\/\\\/www.interforce.dk\\\/app\\\/uploads\\\/2023\\\/04\\\/Portraet-Peter-Lund-Olsen-scaled.jpg\",\"datePublished\":\"2023-04-11T19:03:38+00:00\",\"dateModified\":\"2023-04-11T19:04:07+00:00\",\"author\":{\"@id\":\"https:\\\/\\\/www.interforce.dk\\\/#\\\/schema\\\/person\\\/3604a2bb29e48048ea484fbfb3703fad\"},\"description\":\"Direkt\u00f8r for Knudsker El, Peter Lund Olsen, er InterForce Bornholms nye formand. Til daglig er han direkt\u00f8r hos Knudsker El.\",\"breadcrumb\":{\"@id\":\"https:\\\/\\\/www.interforce.dk\\\/ny-formand-for-interforce-bornholm\\\/#breadcrumb\"},\"inLanguage\":\"kl-GL\",\"potentialAction\":[{\"@type\":\"ReadAction\",\"target\":[\"https:\\\/\\\/www.interforce.dk\\\/ny-formand-for-interforce-bornholm\\\/\"]}]},{\"@type\":\"ImageObject\",\"inLanguage\":\"kl-GL\",\"@id\":\"https:\\\/\\\/www.interforce.dk\\\/ny-formand-for-interforce-bornholm\\\/#primaryimage\",\"url\":\"https:\\\/\\\/www.interforce.dk\\\/app\\\/uploads\\\/2023\\\/04\\\/Portraet-Peter-Lund-Olsen-scaled.jpg\",\"contentUrl\":\"https:\\\/\\\/www.interforce.dk\\\/app\\\/uploads\\\/2023\\\/04\\\/Portraet-Peter-Lund-Olsen-scaled.jpg\",\"width\":1707,\"height\":2560},{\"@type\":\"BreadcrumbList\",\"@id\":\"https:\\\/\\\/www.interforce.dk\\\/ny-formand-for-interforce-bornholm\\\/#breadcrumb\",\"itemListElement\":[{\"@type\":\"ListItem\",\"position\":1,\"name\":\"Hjem\",\"item\":\"https:\\\/\\\/www.interforce.dk\\\/\"},{\"@type\":\"ListItem\",\"position\":2,\"name\":\"Ny formand for InterForce Bornholm\"}]},{\"@type\":\"WebSite\",\"@id\":\"https:\\\/\\\/www.interforce.dk\\\/#website\",\"url\":\"https:\\\/\\\/www.interforce.dk\\\/\",\"name\":\"InterForce\",\"description\":\"\",\"potentialAction\":[{\"@type\":\"SearchAction\",\"target\":{\"@type\":\"EntryPoint\",\"urlTemplate\":\"https:\\\/\\\/www.interforce.dk\\\/?s={search_term_string}\"},\"query-input\":{\"@type\":\"PropertyValueSpecification\",\"valueRequired\":true,\"valueName\":\"search_term_string\"}}],\"inLanguage\":\"kl-GL\"},{\"@type\":\"Person\",\"@id\":\"https:\\\/\\\/www.interforce.dk\\\/#\\\/schema\\\/person\\\/3604a2bb29e48048ea484fbfb3703fad\",\"name\":\"Simon Staffeldt Schou\",\"image\":{\"@type\":\"ImageObject\",\"inLanguage\":\"kl-GL\",\"@id\":\"https:\\\/\\\/secure.gravatar.com\\\/avatar\\\/1ff3b89414668243258c5ed26b84872c273dcdf7fe7ee0c553a52e1b4c2002fd?s=96&d=mm&r=g\",\"url\":\"https:\\\/\\\/secure.gravatar.com\\\/avatar\\\/1ff3b89414668243258c5ed26b84872c273dcdf7fe7ee0c553a52e1b4c2002fd?s=96&d=mm&r=g\",\"contentUrl\":\"https:\\\/\\\/secure.gravatar.com\\\/avatar\\\/1ff3b89414668243258c5ed26b84872c273dcdf7fe7ee0c553a52e1b4c2002fd?s=96&d=mm&r=g\",\"caption\":\"Simon Staffeldt Schou\"},\"url\":\"https:\\\/\\\/www.interforce.dk\\\/kl\\\/author\\\/simon\\\/\"}]}<\/script>\n<!-- \/ Yoast SEO plugin. -->","yoast_head_json":{"title":"Ny formand for InterForce Bornholm - InterForce","description":"Direkt\u00f8r for Knudsker El, Peter Lund Olsen, er InterForce Bornholms nye formand. Til daglig er han direkt\u00f8r hos Knudsker El.","robots":{"index":"index","follow":"follow","max-snippet":"max-snippet:-1","max-image-preview":"max-image-preview:large","max-video-preview":"max-video-preview:-1"},"canonical":"https:\/\/www.interforce.dk\/kl\/ny-formand-for-interforce-bornholm\/","og_locale":"en_US","og_type":"article","og_title":"Ny formand for InterForce Bornholm - InterForce","og_description":"Direkt\u00f8r for Knudsker El, Peter Lund Olsen, er InterForce Bornholms nye formand. Til daglig er han direkt\u00f8r hos Knudsker El.","og_url":"https:\/\/www.interforce.dk\/kl\/ny-formand-for-interforce-bornholm\/","og_site_name":"InterForce","article_published_time":"2023-04-11T19:03:38+00:00","article_modified_time":"2023-04-11T19:04:07+00:00","og_image":[{"width":1707,"height":2560,"url":"https:\/\/www.interforce.dk\/app\/uploads\/2023\/04\/Portraet-Peter-Lund-Olsen-scaled.jpg","type":"image\/jpeg"}],"author":"Simon Staffeldt Schou","twitter_card":"summary_large_image","twitter_misc":{"Written by":"Simon Staffeldt Schou","Est. reading time":"2 minutes"},"schema":{"@context":"https:\/\/schema.org","@graph":[{"@type":"Article","@id":"https:\/\/www.interforce.dk\/ny-formand-for-interforce-bornholm\/#article","isPartOf":{"@id":"https:\/\/www.interforce.dk\/ny-formand-for-interforce-bornholm\/"},"author":{"name":"Simon Staffeldt Schou","@id":"https:\/\/www.interforce.dk\/#\/schema\/person\/3604a2bb29e48048ea484fbfb3703fad"},"headline":"Ny formand for InterForce Bornholm","datePublished":"2023-04-11T19:03:38+00:00","dateModified":"2023-04-11T19:04:07+00:00","mainEntityOfPage":{"@id":"https:\/\/www.interforce.dk\/ny-formand-for-interforce-bornholm\/"},"wordCount":260,"image":{"@id":"https:\/\/www.interforce.dk\/ny-formand-for-interforce-bornholm\/#primaryimage"},"thumbnailUrl":"https:\/\/www.interforce.dk\/app\/uploads\/2023\/04\/Portraet-Peter-Lund-Olsen-scaled.jpg","keywords":["Tag:Bornholm"],"articleSection":["Nyheder om InterForce"],"inLanguage":"kl-GL"},{"@type":"WebPage","@id":"https:\/\/www.interforce.dk\/ny-formand-for-interforce-bornholm\/","url":"https:\/\/www.interforce.dk\/ny-formand-for-interforce-bornholm\/","name":"Ny formand for InterForce Bornholm - InterForce","isPartOf":{"@id":"https:\/\/www.interforce.dk\/#website"},"primaryImageOfPage":{"@id":"https:\/\/www.interforce.dk\/ny-formand-for-interforce-bornholm\/#primaryimage"},"image":{"@id":"https:\/\/www.interforce.dk\/ny-formand-for-interforce-bornholm\/#primaryimage"},"thumbnailUrl":"https:\/\/www.interforce.dk\/app\/uploads\/2023\/04\/Portraet-Peter-Lund-Olsen-scaled.jpg","datePublished":"2023-04-11T19:03:38+00:00","dateModified":"2023-04-11T19:04:07+00:00","author":{"@id":"https:\/\/www.interforce.dk\/#\/schema\/person\/3604a2bb29e48048ea484fbfb3703fad"},"description":"Direkt\u00f8r for Knudsker El, Peter Lund Olsen, er InterForce Bornholms nye formand. Til daglig er han direkt\u00f8r hos Knudsker El.","breadcrumb":{"@id":"https:\/\/www.interforce.dk\/ny-formand-for-interforce-bornholm\/#breadcrumb"},"inLanguage":"kl-GL","potentialAction":[{"@type":"ReadAction","target":["https:\/\/www.interforce.dk\/ny-formand-for-interforce-bornholm\/"]}]},{"@type":"ImageObject","inLanguage":"kl-GL","@id":"https:\/\/www.interforce.dk\/ny-formand-for-interforce-bornholm\/#primaryimage","url":"https:\/\/www.interforce.dk\/app\/uploads\/2023\/04\/Portraet-Peter-Lund-Olsen-scaled.jpg","contentUrl":"https:\/\/www.interforce.dk\/app\/uploads\/2023\/04\/Portraet-Peter-Lund-Olsen-scaled.jpg","width":1707,"height":2560},{"@type":"BreadcrumbList","@id":"https:\/\/www.interforce.dk\/ny-formand-for-interforce-bornholm\/#breadcrumb","itemListElement":[{"@type":"ListItem","position":1,"name":"Hjem","item":"https:\/\/www.interforce.dk\/"},{"@type":"ListItem","position":2,"name":"Ny formand for InterForce Bornholm"}]},{"@type":"WebSite","@id":"https:\/\/www.interforce.dk\/#website","url":"https:\/\/www.interforce.dk\/","name":"InterForce","description":"","potentialAction":[{"@type":"SearchAction","target":{"@type":"EntryPoint","urlTemplate":"https:\/\/www.interforce.dk\/?s={search_term_string}"},"query-input":{"@type":"PropertyValueSpecification","valueRequired":true,"valueName":"search_term_string"}}],"inLanguage":"kl-GL"},{"@type":"Person","@id":"https:\/\/www.interforce.dk\/#\/schema\/person\/3604a2bb29e48048ea484fbfb3703fad","name":"Simon Staffeldt Schou","image":{"@type":"ImageObject","inLanguage":"kl-GL","@id":"https:\/\/secure.gravatar.com\/avatar\/1ff3b89414668243258c5ed26b84872c273dcdf7fe7ee0c553a52e1b4c2002fd?s=96&d=mm&r=g","url":"https:\/\/secure.gravatar.com\/avatar\/1ff3b89414668243258c5ed26b84872c273dcdf7fe7ee0c553a52e1b4c2002fd?s=96&d=mm&r=g","contentUrl":"https:\/\/secure.gravatar.com\/avatar\/1ff3b89414668243258c5ed26b84872c273dcdf7fe7ee0c553a52e1b4c2002fd?s=96&d=mm&r=g","caption":"Simon Staffeldt Schou"},"url":"https:\/\/www.interforce.dk\/kl\/author\/simon\/"}]}},"_links":{"self":[{"href":"https:\/\/www.interforce.dk\/kl\/wp-json\/wp\/v2\/posts\/14022","targetHints":{"allow":["GET"]}}],"collection":[{"href":"https:\/\/www.interforce.dk\/kl\/wp-json\/wp\/v2\/posts"}],"about":[{"href":"https:\/\/www.interforce.dk\/kl\/wp-json\/wp\/v2\/types\/post"}],"author":[{"embeddable":true,"href":"https:\/\/www.interforce.dk\/kl\/wp-json\/wp\/v2\/users\/111"}],"replies":[{"embeddable":true,"href":"https:\/\/www.interforce.dk\/kl\/wp-json\/wp\/v2\/comments?post=14022"}],"version-history":[{"count":2,"href":"https:\/\/www.interforce.dk\/kl\/wp-json\/wp\/v2\/posts\/14022\/revisions"}],"predecessor-version":[{"id":14025,"href":"https:\/\/www.interforce.dk\/kl\/wp-json\/wp\/v2\/posts\/14022\/revisions\/14025"}],"wp:featuredmedia":[{"embeddable":true,"href":"https:\/\/www.interforce.dk\/kl\/wp-json\/wp\/v2\/media\/14023"}],"wp:attachment":[{"href":"https:\/\/www.interforce.dk\/kl\/wp-json\/wp\/v2\/media?parent=14022"}],"wp:term":[{"taxonomy":"category","embeddable":true,"href":"https:\/\/www.interforce.dk\/kl\/wp-json\/wp\/v2\/categories?post=14022"},{"taxonomy":"post_tag","embeddable":true,"href":"https:\/\/www.interforce.dk\/kl\/wp-json\/wp\/v2\/tags?post=14022"}],"curies":[{"name":"wp","href":"https:\/\/api.w.org\/{rel}","templated":true}]}}