{"id":14014,"date":"2023-04-10T10:22:39","date_gmt":"2023-04-10T10:22:39","guid":{"rendered":"https:\/\/www.interforce.dk\/?p=14014"},"modified":"2023-04-10T10:28:32","modified_gmt":"2023-04-10T10:28:32","slug":"ansatte-med-dobbelt-karriere-en-gensidig-gevinst","status":"publish","type":"post","link":"https:\/\/www.interforce.dk\/kl\/ansatte-med-dobbelt-karriere-en-gensidig-gevinst\/","title":{"rendered":"Ansatte med dobbelt karriere: En gensidig gevinst"},"content":{"rendered":"<div class=\"block core-block core-block--image\">\n      <div class=\"inner inner--small\">\n      \n<figure class=\"wp-block-image size-full\"><img loading=\"lazy\" decoding=\"async\" width=\"640\" height=\"480\" src=\"https:\/\/www.interforce.dk\/app\/uploads\/2023\/04\/Chefen-for-Forsvarsstaben-Kenneth-Pedersen-2.jpg\" alt=\"InterForce-arrangement p\u00e5 Aarhus Universitet\" class=\"wp-image-14015\" srcset=\"https:\/\/www.interforce.dk\/app\/uploads\/2023\/04\/Chefen-for-Forsvarsstaben-Kenneth-Pedersen-2.jpg 640w, https:\/\/www.interforce.dk\/app\/uploads\/2023\/04\/Chefen-for-Forsvarsstaben-Kenneth-Pedersen-2-300x225.jpg 300w, https:\/\/www.interforce.dk\/app\/uploads\/2023\/04\/Chefen-for-Forsvarsstaben-Kenneth-Pedersen-2-16x12.jpg 16w\" sizes=\"auto, (max-width: 640px) 100vw, 640px\" \/><\/figure>\n\n      <\/div>\n  <\/div>\n<div class=\"block core-block core-block--paragraph\">\n      <div class=\"inner inner--small\">\n      \n<p>Soldater af reserven og de mange frivillige i Hjemmev\u00e6rnet og beredskabet spiller en meget vigtig rolle i forhold til dansk forsvar og beredskab.<\/p>\n\n      <\/div>\n  <\/div>\n<div class=\"block core-block core-block--paragraph\">\n      <div class=\"inner inner--small\">\n      \n<p>I en tid med cyberangreb, fremmede staters angreb p\u00e5 kritisk infrastruktur, pandemier, ekstremt vejr, forsyningsm\u00e6ssige udfordringer og krig i Europa er der mere brug for disse frivillige og reservister end nogensinde f\u00f8r.<\/p>\n\n      <\/div>\n  <\/div>\n<div class=\"block core-block core-block--paragraph\">\n      <div class=\"inner inner--small\">\n      \n<p>Med deres kompetencer og engagement er de ikke bare en stor gevinst for det danske forsvar og beredskab. Det er de ogs\u00e5 for deres civile arbejdspladser og studiesteder.<\/p>\n\n      <\/div>\n  <\/div>\n<div class=\"block core-block core-block--paragraph\">\n      <div class=\"inner inner--small\">\n      \n<p>Derfor er det blevet endnu vigtigere at sp\u00f8rge, hvordan virksomheder f\u00e5r ledelsesm\u00e6ssigt gavn af deres ansattes dobbelte karriere og engagement.<\/p>\n\n      <\/div>\n  <\/div>\n<div class=\"block core-block core-block--heading\">\n      <div class=\"inner inner--small\">\n      \n<h2 class=\"wp-block-heading\">F\u00e6llesarrangement p\u00e5 Aarhus Universitet<\/h2>\n\n      <\/div>\n  <\/div>\n<div class=\"block core-block core-block--paragraph\">\n      <div class=\"inner inner--small\">\n      \n<p>Reservisternes og de frivilliges dobbelte karriere og engagement var temaet for et f\u00e6llesarrangement d. 28. marts 2023 mellem InterForce Region Midtjylland og <a href=\"https:\/\/ps.au.dk\/cpl\" target=\"_blank\" rel=\"noreferrer noopener\">Kronprins Frederiks Center for Offentlig Ledelse <\/a>p\u00e5 Aarhus Universitet. M\u00e5lgruppen var b\u00e5de InterForce-medlemsvirksomheder og ledere i Forsvaret.<\/p>\n\n      <\/div>\n  <\/div>\n<div class=\"block core-block core-block--paragraph\">\n      <div class=\"inner inner--small\">\n      \n<p>Der var stort fremm\u00f8de og intensiv erfaringsudveksling. Det skete ud fra indl\u00e6g fra chefen for forsvarsstaben, Kenneth Pedersen, hospitalsdirekt\u00f8r fra Aarhus Universitetshospital, Poul Blaabjerg, direkt\u00f8r fra Randers Regnskov, Henrik Herold, samt centerleder ved Kronprins Frederiks Center for Offentlig Ledelse, professor Lotte B\u00f8gh Andersen.<\/p>\n\n      <\/div>\n  <\/div>\n<div class=\"block core-block core-block--image\">\n      <div class=\"inner inner--small\">\n      \n<figure class=\"wp-block-image size-full\"><img loading=\"lazy\" decoding=\"async\" width=\"480\" height=\"640\" src=\"https:\/\/www.interforce.dk\/app\/uploads\/2023\/04\/IF-Formand-RM-Henrik-Herold--rotated.jpg\" alt=\"\" class=\"wp-image-14016\" srcset=\"https:\/\/www.interforce.dk\/app\/uploads\/2023\/04\/IF-Formand-RM-Henrik-Herold--rotated.jpg 480w, https:\/\/www.interforce.dk\/app\/uploads\/2023\/04\/IF-Formand-RM-Henrik-Herold--225x300.jpg 225w, https:\/\/www.interforce.dk\/app\/uploads\/2023\/04\/IF-Formand-RM-Henrik-Herold--9x12.jpg 9w\" sizes=\"auto, (max-width: 480px) 100vw, 480px\" \/><figcaption class=\"wp-element-caption\"><em>Blandt opl\u00e6gsholderne var bl.a. direkt\u00f8ren for Randers Regnskov, Henrik Herold<\/em><\/figcaption><\/figure>\n\n      <\/div>\n  <\/div>\n<div class=\"block core-block core-block--paragraph\">\n      <div class=\"inner inner--small\">\n      \n<p>Is\u00e6r under de intensive gruppedr\u00f8ftelser blev der udvekslet meget viden om ledelse i s\u00e5vel civile som milit\u00e6r organisationer, og chefen for Hjemmev\u00e6rnet bidrog ogs\u00e5 med inspirerende input om ledelse af frivillige.<\/p>\n\n      <\/div>\n  <\/div>\n<div class=\"block core-block core-block--paragraph\">\n      <div class=\"inner inner--small\">\n      \n<p>Endelig gav chefen for Forsvarsstaben et \u00f8jebliksbillede af den milit\u00e6re situation og svarede p\u00e5 sp\u00f8rgsm\u00e5l om Forsvarets langsigtede planer.<\/p>\n\n      <\/div>\n  <\/div>\n<div class=\"block core-block core-block--paragraph\">\n      <div class=\"inner inner--small\">\n      \n<p><\/p>\n\n      <\/div>\n  <\/div>\n<div class=\"block core-block core-block--paragraph\">\n      <div class=\"inner inner--small\">\n      \n<p>L\u00e6s ogs\u00e5: <a href=\"https:\/\/www.interforce.dk\/kl\/virksomhedsbesoeg-og-foredrag-om-styring-af-sikkerhedsrisiko\/\" target=\"_blank\" rel=\"noreferrer noopener\">Virksomhedsbes\u00f8g og foredrag om styring af sikkerhedsrisiko<\/a><\/p>\n\n      <\/div>\n  <\/div>","protected":false},"excerpt":{"rendered":"F\u00e6llesarrangement p\u00e5 Aarhus Universitet om reservister og frivillige i Hjemmev...","protected":false},"author":111,"featured_media":14015,"comment_status":"closed","ping_status":"closed","sticky":false,"template":"","format":"standard","meta":{"_acf_changed":false,"footnotes":""},"categories":[13],"tags":[52],"class_list":["post-14014","post","type-post","status-publish","format-standard","has-post-thumbnail","hentry","category-events","tag-tag-midtjylland"],"acf":[],"yoast_head":"<!-- This site is optimized with the Yoast SEO plugin v27.3 - https:\/\/yoast.com\/product\/yoast-seo-wordpress\/ -->\n<title>Ansatte med dobbelt karriere: En gensidig gevinst - InterForce<\/title>\n<meta name=\"description\" content=\"D. 28. marts blev der afholdt f\u00e6llesarrangement p\u00e5 Aarhus Universitet om reservister og frivillige i Hjemmev\u00e6rnet og beredskabet.\" \/>\n<meta name=\"robots\" content=\"index, follow, max-snippet:-1, max-image-preview:large, max-video-preview:-1\" \/>\n<link rel=\"canonical\" href=\"https:\/\/www.interforce.dk\/kl\/ansatte-med-dobbelt-karriere-en-gensidig-gevinst\/\" \/>\n<meta property=\"og:locale\" content=\"en_US\" \/>\n<meta property=\"og:type\" content=\"article\" \/>\n<meta property=\"og:title\" content=\"Ansatte med dobbelt karriere: En gensidig gevinst - InterForce\" \/>\n<meta property=\"og:description\" content=\"D. 28. marts blev der afholdt f\u00e6llesarrangement p\u00e5 Aarhus Universitet om reservister og frivillige i Hjemmev\u00e6rnet og beredskabet.\" \/>\n<meta property=\"og:url\" content=\"https:\/\/www.interforce.dk\/kl\/ansatte-med-dobbelt-karriere-en-gensidig-gevinst\/\" \/>\n<meta property=\"og:site_name\" content=\"InterForce\" \/>\n<meta property=\"article:published_time\" content=\"2023-04-10T10:22:39+00:00\" \/>\n<meta property=\"article:modified_time\" content=\"2023-04-10T10:28:32+00:00\" \/>\n<meta property=\"og:image\" content=\"https:\/\/www.interforce.dk\/app\/uploads\/2023\/04\/Chefen-for-Forsvarsstaben-Kenneth-Pedersen-2.jpg\" \/>\n\t<meta property=\"og:image:width\" content=\"640\" \/>\n\t<meta property=\"og:image:height\" content=\"480\" \/>\n\t<meta property=\"og:image:type\" content=\"image\/jpeg\" \/>\n<meta name=\"author\" content=\"Simon Staffeldt Schou\" \/>\n<meta name=\"twitter:card\" content=\"summary_large_image\" \/>\n<meta name=\"twitter:label1\" content=\"Written by\" \/>\n\t<meta name=\"twitter:data1\" content=\"Simon Staffeldt Schou\" \/>\n\t<meta name=\"twitter:label2\" content=\"Est. reading time\" \/>\n\t<meta name=\"twitter:data2\" content=\"2 minutes\" \/>\n<script type=\"application\/ld+json\" class=\"yoast-schema-graph\">{\"@context\":\"https:\\\/\\\/schema.org\",\"@graph\":[{\"@type\":\"Article\",\"@id\":\"https:\\\/\\\/www.interforce.dk\\\/ansatte-med-dobbelt-karriere-en-gensidig-gevinst\\\/#article\",\"isPartOf\":{\"@id\":\"https:\\\/\\\/www.interforce.dk\\\/ansatte-med-dobbelt-karriere-en-gensidig-gevinst\\\/\"},\"author\":{\"name\":\"Simon Staffeldt Schou\",\"@id\":\"https:\\\/\\\/www.interforce.dk\\\/#\\\/schema\\\/person\\\/3604a2bb29e48048ea484fbfb3703fad\"},\"headline\":\"Ansatte med dobbelt karriere: En gensidig gevinst\",\"datePublished\":\"2023-04-10T10:22:39+00:00\",\"dateModified\":\"2023-04-10T10:28:32+00:00\",\"mainEntityOfPage\":{\"@id\":\"https:\\\/\\\/www.interforce.dk\\\/ansatte-med-dobbelt-karriere-en-gensidig-gevinst\\\/\"},\"wordCount\":291,\"image\":{\"@id\":\"https:\\\/\\\/www.interforce.dk\\\/ansatte-med-dobbelt-karriere-en-gensidig-gevinst\\\/#primaryimage\"},\"thumbnailUrl\":\"https:\\\/\\\/www.interforce.dk\\\/app\\\/uploads\\\/2023\\\/04\\\/Chefen-for-Forsvarsstaben-Kenneth-Pedersen-2.jpg\",\"keywords\":[\"Tag:Midtjylland\"],\"articleSection\":[\"Arrangementsomtale\"],\"inLanguage\":\"kl-GL\"},{\"@type\":\"WebPage\",\"@id\":\"https:\\\/\\\/www.interforce.dk\\\/ansatte-med-dobbelt-karriere-en-gensidig-gevinst\\\/\",\"url\":\"https:\\\/\\\/www.interforce.dk\\\/ansatte-med-dobbelt-karriere-en-gensidig-gevinst\\\/\",\"name\":\"Ansatte med dobbelt karriere: En gensidig gevinst - InterForce\",\"isPartOf\":{\"@id\":\"https:\\\/\\\/www.interforce.dk\\\/#website\"},\"primaryImageOfPage\":{\"@id\":\"https:\\\/\\\/www.interforce.dk\\\/ansatte-med-dobbelt-karriere-en-gensidig-gevinst\\\/#primaryimage\"},\"image\":{\"@id\":\"https:\\\/\\\/www.interforce.dk\\\/ansatte-med-dobbelt-karriere-en-gensidig-gevinst\\\/#primaryimage\"},\"thumbnailUrl\":\"https:\\\/\\\/www.interforce.dk\\\/app\\\/uploads\\\/2023\\\/04\\\/Chefen-for-Forsvarsstaben-Kenneth-Pedersen-2.jpg\",\"datePublished\":\"2023-04-10T10:22:39+00:00\",\"dateModified\":\"2023-04-10T10:28:32+00:00\",\"author\":{\"@id\":\"https:\\\/\\\/www.interforce.dk\\\/#\\\/schema\\\/person\\\/3604a2bb29e48048ea484fbfb3703fad\"},\"description\":\"D. 28. marts blev der afholdt f\u00e6llesarrangement p\u00e5 Aarhus Universitet om reservister og frivillige i Hjemmev\u00e6rnet og beredskabet.\",\"breadcrumb\":{\"@id\":\"https:\\\/\\\/www.interforce.dk\\\/ansatte-med-dobbelt-karriere-en-gensidig-gevinst\\\/#breadcrumb\"},\"inLanguage\":\"kl-GL\",\"potentialAction\":[{\"@type\":\"ReadAction\",\"target\":[\"https:\\\/\\\/www.interforce.dk\\\/ansatte-med-dobbelt-karriere-en-gensidig-gevinst\\\/\"]}]},{\"@type\":\"ImageObject\",\"inLanguage\":\"kl-GL\",\"@id\":\"https:\\\/\\\/www.interforce.dk\\\/ansatte-med-dobbelt-karriere-en-gensidig-gevinst\\\/#primaryimage\",\"url\":\"https:\\\/\\\/www.interforce.dk\\\/app\\\/uploads\\\/2023\\\/04\\\/Chefen-for-Forsvarsstaben-Kenneth-Pedersen-2.jpg\",\"contentUrl\":\"https:\\\/\\\/www.interforce.dk\\\/app\\\/uploads\\\/2023\\\/04\\\/Chefen-for-Forsvarsstaben-Kenneth-Pedersen-2.jpg\",\"width\":640,\"height\":480},{\"@type\":\"BreadcrumbList\",\"@id\":\"https:\\\/\\\/www.interforce.dk\\\/ansatte-med-dobbelt-karriere-en-gensidig-gevinst\\\/#breadcrumb\",\"itemListElement\":[{\"@type\":\"ListItem\",\"position\":1,\"name\":\"Hjem\",\"item\":\"https:\\\/\\\/www.interforce.dk\\\/\"},{\"@type\":\"ListItem\",\"position\":2,\"name\":\"Ansatte med dobbelt karriere: En gensidig gevinst\"}]},{\"@type\":\"WebSite\",\"@id\":\"https:\\\/\\\/www.interforce.dk\\\/#website\",\"url\":\"https:\\\/\\\/www.interforce.dk\\\/\",\"name\":\"InterForce\",\"description\":\"\",\"potentialAction\":[{\"@type\":\"SearchAction\",\"target\":{\"@type\":\"EntryPoint\",\"urlTemplate\":\"https:\\\/\\\/www.interforce.dk\\\/?s={search_term_string}\"},\"query-input\":{\"@type\":\"PropertyValueSpecification\",\"valueRequired\":true,\"valueName\":\"search_term_string\"}}],\"inLanguage\":\"kl-GL\"},{\"@type\":\"Person\",\"@id\":\"https:\\\/\\\/www.interforce.dk\\\/#\\\/schema\\\/person\\\/3604a2bb29e48048ea484fbfb3703fad\",\"name\":\"Simon Staffeldt Schou\",\"image\":{\"@type\":\"ImageObject\",\"inLanguage\":\"kl-GL\",\"@id\":\"https:\\\/\\\/secure.gravatar.com\\\/avatar\\\/1ff3b89414668243258c5ed26b84872c273dcdf7fe7ee0c553a52e1b4c2002fd?s=96&d=mm&r=g\",\"url\":\"https:\\\/\\\/secure.gravatar.com\\\/avatar\\\/1ff3b89414668243258c5ed26b84872c273dcdf7fe7ee0c553a52e1b4c2002fd?s=96&d=mm&r=g\",\"contentUrl\":\"https:\\\/\\\/secure.gravatar.com\\\/avatar\\\/1ff3b89414668243258c5ed26b84872c273dcdf7fe7ee0c553a52e1b4c2002fd?s=96&d=mm&r=g\",\"caption\":\"Simon Staffeldt Schou\"},\"url\":\"https:\\\/\\\/www.interforce.dk\\\/kl\\\/author\\\/simon\\\/\"}]}<\/script>\n<!-- \/ Yoast SEO plugin. -->","yoast_head_json":{"title":"Ansatte med dobbelt karriere: En gensidig gevinst - InterForce","description":"D. 28. marts blev der afholdt f\u00e6llesarrangement p\u00e5 Aarhus Universitet om reservister og frivillige i Hjemmev\u00e6rnet og beredskabet.","robots":{"index":"index","follow":"follow","max-snippet":"max-snippet:-1","max-image-preview":"max-image-preview:large","max-video-preview":"max-video-preview:-1"},"canonical":"https:\/\/www.interforce.dk\/kl\/ansatte-med-dobbelt-karriere-en-gensidig-gevinst\/","og_locale":"en_US","og_type":"article","og_title":"Ansatte med dobbelt karriere: En gensidig gevinst - InterForce","og_description":"D. 28. marts blev der afholdt f\u00e6llesarrangement p\u00e5 Aarhus Universitet om reservister og frivillige i Hjemmev\u00e6rnet og beredskabet.","og_url":"https:\/\/www.interforce.dk\/kl\/ansatte-med-dobbelt-karriere-en-gensidig-gevinst\/","og_site_name":"InterForce","article_published_time":"2023-04-10T10:22:39+00:00","article_modified_time":"2023-04-10T10:28:32+00:00","og_image":[{"width":640,"height":480,"url":"https:\/\/www.interforce.dk\/app\/uploads\/2023\/04\/Chefen-for-Forsvarsstaben-Kenneth-Pedersen-2.jpg","type":"image\/jpeg"}],"author":"Simon Staffeldt Schou","twitter_card":"summary_large_image","twitter_misc":{"Written by":"Simon Staffeldt Schou","Est. reading time":"2 minutes"},"schema":{"@context":"https:\/\/schema.org","@graph":[{"@type":"Article","@id":"https:\/\/www.interforce.dk\/ansatte-med-dobbelt-karriere-en-gensidig-gevinst\/#article","isPartOf":{"@id":"https:\/\/www.interforce.dk\/ansatte-med-dobbelt-karriere-en-gensidig-gevinst\/"},"author":{"name":"Simon Staffeldt Schou","@id":"https:\/\/www.interforce.dk\/#\/schema\/person\/3604a2bb29e48048ea484fbfb3703fad"},"headline":"Ansatte med dobbelt karriere: En gensidig gevinst","datePublished":"2023-04-10T10:22:39+00:00","dateModified":"2023-04-10T10:28:32+00:00","mainEntityOfPage":{"@id":"https:\/\/www.interforce.dk\/ansatte-med-dobbelt-karriere-en-gensidig-gevinst\/"},"wordCount":291,"image":{"@id":"https:\/\/www.interforce.dk\/ansatte-med-dobbelt-karriere-en-gensidig-gevinst\/#primaryimage"},"thumbnailUrl":"https:\/\/www.interforce.dk\/app\/uploads\/2023\/04\/Chefen-for-Forsvarsstaben-Kenneth-Pedersen-2.jpg","keywords":["Tag:Midtjylland"],"articleSection":["Arrangementsomtale"],"inLanguage":"kl-GL"},{"@type":"WebPage","@id":"https:\/\/www.interforce.dk\/ansatte-med-dobbelt-karriere-en-gensidig-gevinst\/","url":"https:\/\/www.interforce.dk\/ansatte-med-dobbelt-karriere-en-gensidig-gevinst\/","name":"Ansatte med dobbelt karriere: En gensidig gevinst - InterForce","isPartOf":{"@id":"https:\/\/www.interforce.dk\/#website"},"primaryImageOfPage":{"@id":"https:\/\/www.interforce.dk\/ansatte-med-dobbelt-karriere-en-gensidig-gevinst\/#primaryimage"},"image":{"@id":"https:\/\/www.interforce.dk\/ansatte-med-dobbelt-karriere-en-gensidig-gevinst\/#primaryimage"},"thumbnailUrl":"https:\/\/www.interforce.dk\/app\/uploads\/2023\/04\/Chefen-for-Forsvarsstaben-Kenneth-Pedersen-2.jpg","datePublished":"2023-04-10T10:22:39+00:00","dateModified":"2023-04-10T10:28:32+00:00","author":{"@id":"https:\/\/www.interforce.dk\/#\/schema\/person\/3604a2bb29e48048ea484fbfb3703fad"},"description":"D. 28. marts blev der afholdt f\u00e6llesarrangement p\u00e5 Aarhus Universitet om reservister og frivillige i Hjemmev\u00e6rnet og beredskabet.","breadcrumb":{"@id":"https:\/\/www.interforce.dk\/ansatte-med-dobbelt-karriere-en-gensidig-gevinst\/#breadcrumb"},"inLanguage":"kl-GL","potentialAction":[{"@type":"ReadAction","target":["https:\/\/www.interforce.dk\/ansatte-med-dobbelt-karriere-en-gensidig-gevinst\/"]}]},{"@type":"ImageObject","inLanguage":"kl-GL","@id":"https:\/\/www.interforce.dk\/ansatte-med-dobbelt-karriere-en-gensidig-gevinst\/#primaryimage","url":"https:\/\/www.interforce.dk\/app\/uploads\/2023\/04\/Chefen-for-Forsvarsstaben-Kenneth-Pedersen-2.jpg","contentUrl":"https:\/\/www.interforce.dk\/app\/uploads\/2023\/04\/Chefen-for-Forsvarsstaben-Kenneth-Pedersen-2.jpg","width":640,"height":480},{"@type":"BreadcrumbList","@id":"https:\/\/www.interforce.dk\/ansatte-med-dobbelt-karriere-en-gensidig-gevinst\/#breadcrumb","itemListElement":[{"@type":"ListItem","position":1,"name":"Hjem","item":"https:\/\/www.interforce.dk\/"},{"@type":"ListItem","position":2,"name":"Ansatte med dobbelt karriere: En gensidig gevinst"}]},{"@type":"WebSite","@id":"https:\/\/www.interforce.dk\/#website","url":"https:\/\/www.interforce.dk\/","name":"InterForce","description":"","potentialAction":[{"@type":"SearchAction","target":{"@type":"EntryPoint","urlTemplate":"https:\/\/www.interforce.dk\/?s={search_term_string}"},"query-input":{"@type":"PropertyValueSpecification","valueRequired":true,"valueName":"search_term_string"}}],"inLanguage":"kl-GL"},{"@type":"Person","@id":"https:\/\/www.interforce.dk\/#\/schema\/person\/3604a2bb29e48048ea484fbfb3703fad","name":"Simon Staffeldt Schou","image":{"@type":"ImageObject","inLanguage":"kl-GL","@id":"https:\/\/secure.gravatar.com\/avatar\/1ff3b89414668243258c5ed26b84872c273dcdf7fe7ee0c553a52e1b4c2002fd?s=96&d=mm&r=g","url":"https:\/\/secure.gravatar.com\/avatar\/1ff3b89414668243258c5ed26b84872c273dcdf7fe7ee0c553a52e1b4c2002fd?s=96&d=mm&r=g","contentUrl":"https:\/\/secure.gravatar.com\/avatar\/1ff3b89414668243258c5ed26b84872c273dcdf7fe7ee0c553a52e1b4c2002fd?s=96&d=mm&r=g","caption":"Simon Staffeldt Schou"},"url":"https:\/\/www.interforce.dk\/kl\/author\/simon\/"}]}},"_links":{"self":[{"href":"https:\/\/www.interforce.dk\/kl\/wp-json\/wp\/v2\/posts\/14014","targetHints":{"allow":["GET"]}}],"collection":[{"href":"https:\/\/www.interforce.dk\/kl\/wp-json\/wp\/v2\/posts"}],"about":[{"href":"https:\/\/www.interforce.dk\/kl\/wp-json\/wp\/v2\/types\/post"}],"author":[{"embeddable":true,"href":"https:\/\/www.interforce.dk\/kl\/wp-json\/wp\/v2\/users\/111"}],"replies":[{"embeddable":true,"href":"https:\/\/www.interforce.dk\/kl\/wp-json\/wp\/v2\/comments?post=14014"}],"version-history":[{"count":2,"href":"https:\/\/www.interforce.dk\/kl\/wp-json\/wp\/v2\/posts\/14014\/revisions"}],"predecessor-version":[{"id":14018,"href":"https:\/\/www.interforce.dk\/kl\/wp-json\/wp\/v2\/posts\/14014\/revisions\/14018"}],"wp:featuredmedia":[{"embeddable":true,"href":"https:\/\/www.interforce.dk\/kl\/wp-json\/wp\/v2\/media\/14015"}],"wp:attachment":[{"href":"https:\/\/www.interforce.dk\/kl\/wp-json\/wp\/v2\/media?parent=14014"}],"wp:term":[{"taxonomy":"category","embeddable":true,"href":"https:\/\/www.interforce.dk\/kl\/wp-json\/wp\/v2\/categories?post=14014"},{"taxonomy":"post_tag","embeddable":true,"href":"https:\/\/www.interforce.dk\/kl\/wp-json\/wp\/v2\/tags?post=14014"}],"curies":[{"name":"wp","href":"https:\/\/api.w.org\/{rel}","templated":true}]}}