{"id":13843,"date":"2023-03-15T13:42:41","date_gmt":"2023-03-15T13:42:41","guid":{"rendered":"https:\/\/www.interforce.dk\/?p=13843"},"modified":"2023-03-15T13:49:23","modified_gmt":"2023-03-15T13:49:23","slug":"virksomhedsbesoeg-og-foredrag-om-styring-af-sikkerhedsrisiko","status":"publish","type":"post","link":"https:\/\/www.interforce.dk\/kl\/virksomhedsbesoeg-og-foredrag-om-styring-af-sikkerhedsrisiko\/","title":{"rendered":"Virksomhedsbes\u00f8g og foredrag om styring af sikkerhedsrisiko"},"content":{"rendered":"<div class=\"block core-block core-block--image\">\n      <div class=\"inner inner--small\">\n      \n<figure class=\"wp-block-image size-large\"><img loading=\"lazy\" decoding=\"async\" width=\"1024\" height=\"768\" src=\"https:\/\/www.interforce.dk\/app\/uploads\/2023\/03\/InterForce-Region-Sjaelland-besoeg-hos-PJM-og-Guardian-VII-1-1024x768.jpg\" alt=\"\" class=\"wp-image-13852\" srcset=\"https:\/\/www.interforce.dk\/app\/uploads\/2023\/03\/InterForce-Region-Sjaelland-besoeg-hos-PJM-og-Guardian-VII-1-1024x768.jpg 1024w, https:\/\/www.interforce.dk\/app\/uploads\/2023\/03\/InterForce-Region-Sjaelland-besoeg-hos-PJM-og-Guardian-VII-1-300x225.jpg 300w, https:\/\/www.interforce.dk\/app\/uploads\/2023\/03\/InterForce-Region-Sjaelland-besoeg-hos-PJM-og-Guardian-VII-1-768x576.jpg 768w, https:\/\/www.interforce.dk\/app\/uploads\/2023\/03\/InterForce-Region-Sjaelland-besoeg-hos-PJM-og-Guardian-VII-1-1536x1152.jpg 1536w, https:\/\/www.interforce.dk\/app\/uploads\/2023\/03\/InterForce-Region-Sjaelland-besoeg-hos-PJM-og-Guardian-VII-1-2048x1537.jpg 2048w, https:\/\/www.interforce.dk\/app\/uploads\/2023\/03\/InterForce-Region-Sjaelland-besoeg-hos-PJM-og-Guardian-VII-1-16x12.jpg 16w\" sizes=\"auto, (max-width: 1024px) 100vw, 1024px\" \/><figcaption class=\"wp-element-caption\"><em>Direkt\u00f8ren for PJM A\/S, Benny Smith<\/em>, <em>b\u00f8d velkommen og fortalte om virksomhedens rivende udvikling.<\/em><\/figcaption><\/figure>\n\n      <\/div>\n  <\/div>\n<div class=\"block core-block core-block--paragraph\">\n      <div class=\"inner inner--small\">\n      \n<p>\u201dAutomation af great ideas\u201d.<\/p>\n\n      <\/div>\n  <\/div>\n<div class=\"block core-block core-block--paragraph\">\n      <div class=\"inner inner--small\">\n      \n<p>S\u00e5dan lyder sloganet hos virksomheden <a href=\"https:\/\/www.pjm.dk\/\" target=\"_blank\" rel=\"noreferrer noopener\">PJM A\/S<\/a>, der i februar \u00e5bnede d\u00f8rene for InterForce Region Sj\u00e6llands medlemsvirksomheder. PJM A\/S er en imponerende og succesfuld virksomhed i F\u00e5revejle, der har fokus p\u00e5 ekstrem pr\u00e6cision, n\u00e5r der designes, bygges og serviceres komplekse kundetilpassede automationsl\u00f8sninger.<\/p>\n\n      <\/div>\n  <\/div>\n<div class=\"block core-block core-block--heading\">\n      <div class=\"inner inner--small\">\n      \n<h2 class=\"wp-block-heading\">PJM A\/S<\/h2>\n\n      <\/div>\n  <\/div>\n<div class=\"block core-block core-block--paragraph\">\n      <div class=\"inner inner--small\">\n      \n<p>Hos PJM A\/S viste administrerende direkt\u00f8r Benny Smith rundt p\u00e5 fabrikken og fortalte, at virksomheden, som blev grundlagt af Poul Johansen i 1960, er i rivende udvikling. For nuv\u00e6rende har virksomheden 150 ansatte og vil nu udvide fabrikken med yderligere 2.800 m2 for at im\u00f8dekomme den stigende eftersp\u00f8rgsel.<\/p>\n\n      <\/div>\n  <\/div>\n<div class=\"block core-block core-block--paragraph\">\n      <div class=\"inner inner--small\">\n      \n<p>De fremm\u00f8dte fik en unik mulighed for at se nogle af de mange maskiner, PJM A\/S er i gang med at bygge. Virksomheden har blandt andre globale kunder som Lego, Danfoss, Grundfos, Novo Nordisk, Lundbech og Coloplast.<\/p>\n\n      <\/div>\n  <\/div>\n<div class=\"block core-block core-block--heading\">\n      <div class=\"inner inner--small\">\n      \n<h2 class=\"wp-block-heading\">Guardian &#8211; Security Risk Management<\/h2>\n\n      <\/div>\n  <\/div>\n<div class=\"block core-block core-block--paragraph\">\n      <div class=\"inner inner--small\">\n      \n<p>\u201cDon\u00b4t take any unnecessary risk\u201d.<\/p>\n\n      <\/div>\n  <\/div>\n<div class=\"block core-block core-block--paragraph\">\n      <div class=\"inner inner--small\">\n      \n<p>S\u00e5dan l\u00f8b budskabet fra Norman Kristiansen, der er direkt\u00f8r for virksomheden <a href=\"https:\/\/guardian-srm.com\/\" target=\"_blank\" rel=\"noreferrer noopener\">Guardian \u2013 Security Risk Management<\/a>. I sit indl\u00e6g fortalte han om det risikoarbejde, det er at have ansvaret for andre menneskers sikkerhed i fremmede lande.<\/p>\n\n      <\/div>\n  <\/div>\n<div class=\"block core-block core-block--image\">\n      <div class=\"inner inner--small\">\n      \n<figure class=\"wp-block-image size-large\"><img loading=\"lazy\" decoding=\"async\" width=\"1024\" height=\"768\" src=\"https:\/\/www.interforce.dk\/app\/uploads\/2023\/03\/InterForce-Region-Sjaelland-besoeg-hos-PJM-og-Guardian-III-1-1024x768.jpg\" alt=\"\" class=\"wp-image-13853\" srcset=\"https:\/\/www.interforce.dk\/app\/uploads\/2023\/03\/InterForce-Region-Sjaelland-besoeg-hos-PJM-og-Guardian-III-1-1024x768.jpg 1024w, https:\/\/www.interforce.dk\/app\/uploads\/2023\/03\/InterForce-Region-Sjaelland-besoeg-hos-PJM-og-Guardian-III-1-300x225.jpg 300w, https:\/\/www.interforce.dk\/app\/uploads\/2023\/03\/InterForce-Region-Sjaelland-besoeg-hos-PJM-og-Guardian-III-1-768x576.jpg 768w, https:\/\/www.interforce.dk\/app\/uploads\/2023\/03\/InterForce-Region-Sjaelland-besoeg-hos-PJM-og-Guardian-III-1-1536x1152.jpg 1536w, https:\/\/www.interforce.dk\/app\/uploads\/2023\/03\/InterForce-Region-Sjaelland-besoeg-hos-PJM-og-Guardian-III-1-2048x1536.jpg 2048w, https:\/\/www.interforce.dk\/app\/uploads\/2023\/03\/InterForce-Region-Sjaelland-besoeg-hos-PJM-og-Guardian-III-1-16x12.jpg 16w\" sizes=\"auto, (max-width: 1024px) 100vw, 1024px\" \/><figcaption class=\"wp-element-caption\"><em>Norman Kristiansen, tidligere j\u00e6gersoldat og grundl\u00e6gger af virksomheden Guardian, fortalte om arbejdet med at udsende medarbejdere til verdens br\u00e6ndpunkter.<\/em><\/figcaption><\/figure>\n\n      <\/div>\n  <\/div>\n<div class=\"block core-block core-block--paragraph\">\n      <div class=\"inner inner--small\">\n      \n<p>Norman Kristiansen er tidligere j\u00e6gersoldat og oprettede i 2005 virksomheden Guardian med den mission at hj\u00e6lpe virksomheder, n\u00e5r de sender deres medarbejdere ud til verdens br\u00e6ndpunkter.<\/p>\n\n      <\/div>\n  <\/div>\n<div class=\"block core-block core-block--paragraph\">\n      <div class=\"inner inner--small\">\n      \n<p>Det g\u00f8r han i samarbejde med sit team af fagfolk med baggrunde fra det danske milit\u00e6r og den akademiske verden.<\/p>\n\n      <\/div>\n  <\/div>\n<div class=\"block core-block core-block--paragraph\">\n      <div class=\"inner inner--small\">\n      \n<p>Guardian har blandt andet mange udenrigskorrespondenter under deres \u2019vinger\u2019. Virksomheden var ogs\u00e5 en vigtig akt\u00f8r i frigivelsen af Daniel Rye tilbage i 2013-2014, da han som freelancefotograf i Syrien blev taget til fange af Islamisk stat.<\/p>\n\n      <\/div>\n  <\/div>\n<div class=\"block core-block core-block--paragraph\">\n      <div class=\"inner inner--small\">\n      \n<p>Det var ligeledes Guardian, der bl.a. hjalp Maersk med at f\u00e5 200 medarbejdere og deres familier ud af det krigsramte Ukraine i for\u00e5ret 2022.<\/p>\n\n      <\/div>\n  <\/div>\n<div class=\"block core-block core-block--heading\">\n      <div class=\"inner inner--small\">\n      \n<h2 class=\"wp-block-heading\">Forbered dig p\u00e5 det v\u00e6rst<\/h2>\n\n      <\/div>\n  <\/div>\n<div class=\"block core-block core-block--paragraph\">\n      <div class=\"inner inner--small\">\n      \n<p>\u201dHav en kriseplan klar, hvis tingene begynder at g\u00e5 galt. T\u00e6nk de mulige scenarier igennem, og lav en vurdering for alt,\u201d sagde Norman Kristiansen, da han blev bedt om at forklare, hvordan de forbereder folk p\u00e5 at blive udsendt til verdens br\u00e6ndpunkter.<\/p>\n\n      <\/div>\n  <\/div>\n<div class=\"block core-block core-block--paragraph\">\n      <div class=\"inner inner--small\">\n      \n<p>Guardian bruger blandt andet en digital security-app. Det er et supergodt v\u00e6rkt\u00f8j, som de udsendte hver dag bruger til at tjekke ind. P\u00e5 den m\u00e5de kan man fra Guardians operationscenter i Kolding live f\u00f8lge de mange kunders bev\u00e6gelser rundt omkring i verden.<\/p>\n\n      <\/div>\n  <\/div>\n<div class=\"block core-block core-block--heading\">\n      <div class=\"inner inner--small\">\n      \n<h2 class=\"wp-block-heading\">Gentagelse af successen<\/h2>\n\n      <\/div>\n  <\/div>\n<div class=\"block core-block core-block--paragraph\">\n      <div class=\"inner inner--small\">\n      \n<p>Tak til PJM for den sp\u00e6ndende rundvisning og til Guardian for indblikket i deres arbejde med professionel sikkerhedsrisikostyring.<\/p>\n\n      <\/div>\n  <\/div>\n<div class=\"block core-block core-block--paragraph\">\n      <div class=\"inner inner--small\">\n      \n<p>InterForce Region Sj\u00e6lland planl\u00e6gger at gennemf\u00f8re et tilsvarende arrangement til n\u00e6ste \u00e5r, i 2024.<\/p>\n\n      <\/div>\n  <\/div>\n<div class=\"block core-block core-block--paragraph\">\n      <div class=\"inner inner--small\">\n      \n<p><\/p>\n\n      <\/div>\n  <\/div>\n<div class=\"block core-block core-block--paragraph\">\n      <div class=\"inner inner--small\">\n      \n<p>L\u00e6s ogs\u00e5: <a href=\"https:\/\/www.interforce.dk\/kl\/interforce-er-vigtigere-end-nogensinde\/\" target=\"_blank\" rel=\"noreferrer noopener\">InterForce er vigtigere end nogensinde<\/a><\/p>\n\n      <\/div>\n  <\/div>","protected":false},"excerpt":{"rendered":"Bes\u00f8g hos virksomheden PJM A\/S og foredrag om udsendelse af medarbejdere til ve...","protected":false},"author":111,"featured_media":13851,"comment_status":"closed","ping_status":"closed","sticky":false,"template":"","format":"standard","meta":{"_acf_changed":false,"footnotes":""},"categories":[13],"tags":[54],"class_list":["post-13843","post","type-post","status-publish","format-standard","has-post-thumbnail","hentry","category-events","tag-tag-sjaelland"],"acf":[],"yoast_head":"<!-- This site is optimized with the Yoast SEO plugin v27.3 - https:\/\/yoast.com\/product\/yoast-seo-wordpress\/ -->\n<title>Virksomhedsbes\u00f8g og foredrag om styring af sikkerhedsrisiko - InterForce<\/title>\n<meta name=\"description\" content=\"InterForce Region Sj\u00e6lland stod bag bes\u00f8g hos virksomheden PJM A\/S og foredrag om udsendelse af medarbejdere til verdens br\u00e6ndpunkter.\" \/>\n<meta name=\"robots\" content=\"index, follow, max-snippet:-1, max-image-preview:large, max-video-preview:-1\" \/>\n<link rel=\"canonical\" href=\"https:\/\/www.interforce.dk\/kl\/virksomhedsbesoeg-og-foredrag-om-styring-af-sikkerhedsrisiko\/\" \/>\n<meta property=\"og:locale\" content=\"en_US\" \/>\n<meta property=\"og:type\" content=\"article\" \/>\n<meta property=\"og:title\" content=\"Virksomhedsbes\u00f8g og foredrag om styring af sikkerhedsrisiko - InterForce\" \/>\n<meta property=\"og:description\" content=\"InterForce Region Sj\u00e6lland stod bag bes\u00f8g hos virksomheden PJM A\/S og foredrag om udsendelse af medarbejdere til verdens br\u00e6ndpunkter.\" \/>\n<meta property=\"og:url\" content=\"https:\/\/www.interforce.dk\/kl\/virksomhedsbesoeg-og-foredrag-om-styring-af-sikkerhedsrisiko\/\" \/>\n<meta property=\"og:site_name\" content=\"InterForce\" \/>\n<meta property=\"article:published_time\" content=\"2023-03-15T13:42:41+00:00\" \/>\n<meta property=\"article:modified_time\" content=\"2023-03-15T13:49:23+00:00\" \/>\n<meta property=\"og:image\" content=\"https:\/\/www.interforce.dk\/app\/uploads\/2023\/03\/InterForce-Region-Sjaelland-besoeg-hos-PJM-og-Guardian-VIII-scaled.jpg\" \/>\n\t<meta property=\"og:image:width\" content=\"1920\" \/>\n\t<meta property=\"og:image:height\" content=\"2560\" \/>\n\t<meta property=\"og:image:type\" content=\"image\/jpeg\" \/>\n<meta name=\"author\" content=\"Simon Staffeldt Schou\" \/>\n<meta name=\"twitter:card\" content=\"summary_large_image\" \/>\n<meta name=\"twitter:label1\" content=\"Written by\" \/>\n\t<meta name=\"twitter:data1\" content=\"Simon Staffeldt Schou\" \/>\n\t<meta name=\"twitter:label2\" content=\"Est. reading time\" \/>\n\t<meta name=\"twitter:data2\" content=\"3 minutes\" \/>\n<script type=\"application\/ld+json\" class=\"yoast-schema-graph\">{\"@context\":\"https:\\\/\\\/schema.org\",\"@graph\":[{\"@type\":\"Article\",\"@id\":\"https:\\\/\\\/www.interforce.dk\\\/virksomhedsbesoeg-og-foredrag-om-styring-af-sikkerhedsrisiko\\\/#article\",\"isPartOf\":{\"@id\":\"https:\\\/\\\/www.interforce.dk\\\/virksomhedsbesoeg-og-foredrag-om-styring-af-sikkerhedsrisiko\\\/\"},\"author\":{\"name\":\"Simon Staffeldt Schou\",\"@id\":\"https:\\\/\\\/www.interforce.dk\\\/#\\\/schema\\\/person\\\/3604a2bb29e48048ea484fbfb3703fad\"},\"headline\":\"Virksomhedsbes\u00f8g og foredrag om styring af sikkerhedsrisiko\",\"datePublished\":\"2023-03-15T13:42:41+00:00\",\"dateModified\":\"2023-03-15T13:49:23+00:00\",\"mainEntityOfPage\":{\"@id\":\"https:\\\/\\\/www.interforce.dk\\\/virksomhedsbesoeg-og-foredrag-om-styring-af-sikkerhedsrisiko\\\/\"},\"wordCount\":500,\"image\":{\"@id\":\"https:\\\/\\\/www.interforce.dk\\\/virksomhedsbesoeg-og-foredrag-om-styring-af-sikkerhedsrisiko\\\/#primaryimage\"},\"thumbnailUrl\":\"https:\\\/\\\/www.interforce.dk\\\/app\\\/uploads\\\/2023\\\/03\\\/InterForce-Region-Sjaelland-besoeg-hos-PJM-og-Guardian-VIII-scaled.jpg\",\"keywords\":[\"Tag:Sj\u00e6lland\"],\"articleSection\":[\"Arrangementsomtale\"],\"inLanguage\":\"kl-GL\"},{\"@type\":\"WebPage\",\"@id\":\"https:\\\/\\\/www.interforce.dk\\\/virksomhedsbesoeg-og-foredrag-om-styring-af-sikkerhedsrisiko\\\/\",\"url\":\"https:\\\/\\\/www.interforce.dk\\\/virksomhedsbesoeg-og-foredrag-om-styring-af-sikkerhedsrisiko\\\/\",\"name\":\"Virksomhedsbes\u00f8g og foredrag om styring af sikkerhedsrisiko - InterForce\",\"isPartOf\":{\"@id\":\"https:\\\/\\\/www.interforce.dk\\\/#website\"},\"primaryImageOfPage\":{\"@id\":\"https:\\\/\\\/www.interforce.dk\\\/virksomhedsbesoeg-og-foredrag-om-styring-af-sikkerhedsrisiko\\\/#primaryimage\"},\"image\":{\"@id\":\"https:\\\/\\\/www.interforce.dk\\\/virksomhedsbesoeg-og-foredrag-om-styring-af-sikkerhedsrisiko\\\/#primaryimage\"},\"thumbnailUrl\":\"https:\\\/\\\/www.interforce.dk\\\/app\\\/uploads\\\/2023\\\/03\\\/InterForce-Region-Sjaelland-besoeg-hos-PJM-og-Guardian-VIII-scaled.jpg\",\"datePublished\":\"2023-03-15T13:42:41+00:00\",\"dateModified\":\"2023-03-15T13:49:23+00:00\",\"author\":{\"@id\":\"https:\\\/\\\/www.interforce.dk\\\/#\\\/schema\\\/person\\\/3604a2bb29e48048ea484fbfb3703fad\"},\"description\":\"InterForce Region Sj\u00e6lland stod bag bes\u00f8g hos virksomheden PJM A\\\/S og foredrag om udsendelse af medarbejdere til verdens br\u00e6ndpunkter.\",\"breadcrumb\":{\"@id\":\"https:\\\/\\\/www.interforce.dk\\\/virksomhedsbesoeg-og-foredrag-om-styring-af-sikkerhedsrisiko\\\/#breadcrumb\"},\"inLanguage\":\"kl-GL\",\"potentialAction\":[{\"@type\":\"ReadAction\",\"target\":[\"https:\\\/\\\/www.interforce.dk\\\/virksomhedsbesoeg-og-foredrag-om-styring-af-sikkerhedsrisiko\\\/\"]}]},{\"@type\":\"ImageObject\",\"inLanguage\":\"kl-GL\",\"@id\":\"https:\\\/\\\/www.interforce.dk\\\/virksomhedsbesoeg-og-foredrag-om-styring-af-sikkerhedsrisiko\\\/#primaryimage\",\"url\":\"https:\\\/\\\/www.interforce.dk\\\/app\\\/uploads\\\/2023\\\/03\\\/InterForce-Region-Sjaelland-besoeg-hos-PJM-og-Guardian-VIII-scaled.jpg\",\"contentUrl\":\"https:\\\/\\\/www.interforce.dk\\\/app\\\/uploads\\\/2023\\\/03\\\/InterForce-Region-Sjaelland-besoeg-hos-PJM-og-Guardian-VIII-scaled.jpg\",\"width\":1920,\"height\":2560},{\"@type\":\"BreadcrumbList\",\"@id\":\"https:\\\/\\\/www.interforce.dk\\\/virksomhedsbesoeg-og-foredrag-om-styring-af-sikkerhedsrisiko\\\/#breadcrumb\",\"itemListElement\":[{\"@type\":\"ListItem\",\"position\":1,\"name\":\"Hjem\",\"item\":\"https:\\\/\\\/www.interforce.dk\\\/\"},{\"@type\":\"ListItem\",\"position\":2,\"name\":\"Virksomhedsbes\u00f8g og foredrag om styring af sikkerhedsrisiko\"}]},{\"@type\":\"WebSite\",\"@id\":\"https:\\\/\\\/www.interforce.dk\\\/#website\",\"url\":\"https:\\\/\\\/www.interforce.dk\\\/\",\"name\":\"InterForce\",\"description\":\"\",\"potentialAction\":[{\"@type\":\"SearchAction\",\"target\":{\"@type\":\"EntryPoint\",\"urlTemplate\":\"https:\\\/\\\/www.interforce.dk\\\/?s={search_term_string}\"},\"query-input\":{\"@type\":\"PropertyValueSpecification\",\"valueRequired\":true,\"valueName\":\"search_term_string\"}}],\"inLanguage\":\"kl-GL\"},{\"@type\":\"Person\",\"@id\":\"https:\\\/\\\/www.interforce.dk\\\/#\\\/schema\\\/person\\\/3604a2bb29e48048ea484fbfb3703fad\",\"name\":\"Simon Staffeldt Schou\",\"image\":{\"@type\":\"ImageObject\",\"inLanguage\":\"kl-GL\",\"@id\":\"https:\\\/\\\/secure.gravatar.com\\\/avatar\\\/1ff3b89414668243258c5ed26b84872c273dcdf7fe7ee0c553a52e1b4c2002fd?s=96&d=mm&r=g\",\"url\":\"https:\\\/\\\/secure.gravatar.com\\\/avatar\\\/1ff3b89414668243258c5ed26b84872c273dcdf7fe7ee0c553a52e1b4c2002fd?s=96&d=mm&r=g\",\"contentUrl\":\"https:\\\/\\\/secure.gravatar.com\\\/avatar\\\/1ff3b89414668243258c5ed26b84872c273dcdf7fe7ee0c553a52e1b4c2002fd?s=96&d=mm&r=g\",\"caption\":\"Simon Staffeldt Schou\"},\"url\":\"https:\\\/\\\/www.interforce.dk\\\/kl\\\/author\\\/simon\\\/\"}]}<\/script>\n<!-- \/ Yoast SEO plugin. -->","yoast_head_json":{"title":"Virksomhedsbes\u00f8g og foredrag om styring af sikkerhedsrisiko - InterForce","description":"InterForce Region Sj\u00e6lland stod bag bes\u00f8g hos virksomheden PJM A\/S og foredrag om udsendelse af medarbejdere til verdens br\u00e6ndpunkter.","robots":{"index":"index","follow":"follow","max-snippet":"max-snippet:-1","max-image-preview":"max-image-preview:large","max-video-preview":"max-video-preview:-1"},"canonical":"https:\/\/www.interforce.dk\/kl\/virksomhedsbesoeg-og-foredrag-om-styring-af-sikkerhedsrisiko\/","og_locale":"en_US","og_type":"article","og_title":"Virksomhedsbes\u00f8g og foredrag om styring af sikkerhedsrisiko - InterForce","og_description":"InterForce Region Sj\u00e6lland stod bag bes\u00f8g hos virksomheden PJM A\/S og foredrag om udsendelse af medarbejdere til verdens br\u00e6ndpunkter.","og_url":"https:\/\/www.interforce.dk\/kl\/virksomhedsbesoeg-og-foredrag-om-styring-af-sikkerhedsrisiko\/","og_site_name":"InterForce","article_published_time":"2023-03-15T13:42:41+00:00","article_modified_time":"2023-03-15T13:49:23+00:00","og_image":[{"width":1920,"height":2560,"url":"https:\/\/www.interforce.dk\/app\/uploads\/2023\/03\/InterForce-Region-Sjaelland-besoeg-hos-PJM-og-Guardian-VIII-scaled.jpg","type":"image\/jpeg"}],"author":"Simon Staffeldt Schou","twitter_card":"summary_large_image","twitter_misc":{"Written by":"Simon Staffeldt Schou","Est. reading time":"3 minutes"},"schema":{"@context":"https:\/\/schema.org","@graph":[{"@type":"Article","@id":"https:\/\/www.interforce.dk\/virksomhedsbesoeg-og-foredrag-om-styring-af-sikkerhedsrisiko\/#article","isPartOf":{"@id":"https:\/\/www.interforce.dk\/virksomhedsbesoeg-og-foredrag-om-styring-af-sikkerhedsrisiko\/"},"author":{"name":"Simon Staffeldt Schou","@id":"https:\/\/www.interforce.dk\/#\/schema\/person\/3604a2bb29e48048ea484fbfb3703fad"},"headline":"Virksomhedsbes\u00f8g og foredrag om styring af sikkerhedsrisiko","datePublished":"2023-03-15T13:42:41+00:00","dateModified":"2023-03-15T13:49:23+00:00","mainEntityOfPage":{"@id":"https:\/\/www.interforce.dk\/virksomhedsbesoeg-og-foredrag-om-styring-af-sikkerhedsrisiko\/"},"wordCount":500,"image":{"@id":"https:\/\/www.interforce.dk\/virksomhedsbesoeg-og-foredrag-om-styring-af-sikkerhedsrisiko\/#primaryimage"},"thumbnailUrl":"https:\/\/www.interforce.dk\/app\/uploads\/2023\/03\/InterForce-Region-Sjaelland-besoeg-hos-PJM-og-Guardian-VIII-scaled.jpg","keywords":["Tag:Sj\u00e6lland"],"articleSection":["Arrangementsomtale"],"inLanguage":"kl-GL"},{"@type":"WebPage","@id":"https:\/\/www.interforce.dk\/virksomhedsbesoeg-og-foredrag-om-styring-af-sikkerhedsrisiko\/","url":"https:\/\/www.interforce.dk\/virksomhedsbesoeg-og-foredrag-om-styring-af-sikkerhedsrisiko\/","name":"Virksomhedsbes\u00f8g og foredrag om styring af sikkerhedsrisiko - InterForce","isPartOf":{"@id":"https:\/\/www.interforce.dk\/#website"},"primaryImageOfPage":{"@id":"https:\/\/www.interforce.dk\/virksomhedsbesoeg-og-foredrag-om-styring-af-sikkerhedsrisiko\/#primaryimage"},"image":{"@id":"https:\/\/www.interforce.dk\/virksomhedsbesoeg-og-foredrag-om-styring-af-sikkerhedsrisiko\/#primaryimage"},"thumbnailUrl":"https:\/\/www.interforce.dk\/app\/uploads\/2023\/03\/InterForce-Region-Sjaelland-besoeg-hos-PJM-og-Guardian-VIII-scaled.jpg","datePublished":"2023-03-15T13:42:41+00:00","dateModified":"2023-03-15T13:49:23+00:00","author":{"@id":"https:\/\/www.interforce.dk\/#\/schema\/person\/3604a2bb29e48048ea484fbfb3703fad"},"description":"InterForce Region Sj\u00e6lland stod bag bes\u00f8g hos virksomheden PJM A\/S og foredrag om udsendelse af medarbejdere til verdens br\u00e6ndpunkter.","breadcrumb":{"@id":"https:\/\/www.interforce.dk\/virksomhedsbesoeg-og-foredrag-om-styring-af-sikkerhedsrisiko\/#breadcrumb"},"inLanguage":"kl-GL","potentialAction":[{"@type":"ReadAction","target":["https:\/\/www.interforce.dk\/virksomhedsbesoeg-og-foredrag-om-styring-af-sikkerhedsrisiko\/"]}]},{"@type":"ImageObject","inLanguage":"kl-GL","@id":"https:\/\/www.interforce.dk\/virksomhedsbesoeg-og-foredrag-om-styring-af-sikkerhedsrisiko\/#primaryimage","url":"https:\/\/www.interforce.dk\/app\/uploads\/2023\/03\/InterForce-Region-Sjaelland-besoeg-hos-PJM-og-Guardian-VIII-scaled.jpg","contentUrl":"https:\/\/www.interforce.dk\/app\/uploads\/2023\/03\/InterForce-Region-Sjaelland-besoeg-hos-PJM-og-Guardian-VIII-scaled.jpg","width":1920,"height":2560},{"@type":"BreadcrumbList","@id":"https:\/\/www.interforce.dk\/virksomhedsbesoeg-og-foredrag-om-styring-af-sikkerhedsrisiko\/#breadcrumb","itemListElement":[{"@type":"ListItem","position":1,"name":"Hjem","item":"https:\/\/www.interforce.dk\/"},{"@type":"ListItem","position":2,"name":"Virksomhedsbes\u00f8g og foredrag om styring af sikkerhedsrisiko"}]},{"@type":"WebSite","@id":"https:\/\/www.interforce.dk\/#website","url":"https:\/\/www.interforce.dk\/","name":"InterForce","description":"","potentialAction":[{"@type":"SearchAction","target":{"@type":"EntryPoint","urlTemplate":"https:\/\/www.interforce.dk\/?s={search_term_string}"},"query-input":{"@type":"PropertyValueSpecification","valueRequired":true,"valueName":"search_term_string"}}],"inLanguage":"kl-GL"},{"@type":"Person","@id":"https:\/\/www.interforce.dk\/#\/schema\/person\/3604a2bb29e48048ea484fbfb3703fad","name":"Simon Staffeldt Schou","image":{"@type":"ImageObject","inLanguage":"kl-GL","@id":"https:\/\/secure.gravatar.com\/avatar\/1ff3b89414668243258c5ed26b84872c273dcdf7fe7ee0c553a52e1b4c2002fd?s=96&d=mm&r=g","url":"https:\/\/secure.gravatar.com\/avatar\/1ff3b89414668243258c5ed26b84872c273dcdf7fe7ee0c553a52e1b4c2002fd?s=96&d=mm&r=g","contentUrl":"https:\/\/secure.gravatar.com\/avatar\/1ff3b89414668243258c5ed26b84872c273dcdf7fe7ee0c553a52e1b4c2002fd?s=96&d=mm&r=g","caption":"Simon Staffeldt Schou"},"url":"https:\/\/www.interforce.dk\/kl\/author\/simon\/"}]}},"_links":{"self":[{"href":"https:\/\/www.interforce.dk\/kl\/wp-json\/wp\/v2\/posts\/13843","targetHints":{"allow":["GET"]}}],"collection":[{"href":"https:\/\/www.interforce.dk\/kl\/wp-json\/wp\/v2\/posts"}],"about":[{"href":"https:\/\/www.interforce.dk\/kl\/wp-json\/wp\/v2\/types\/post"}],"author":[{"embeddable":true,"href":"https:\/\/www.interforce.dk\/kl\/wp-json\/wp\/v2\/users\/111"}],"replies":[{"embeddable":true,"href":"https:\/\/www.interforce.dk\/kl\/wp-json\/wp\/v2\/comments?post=13843"}],"version-history":[{"count":2,"href":"https:\/\/www.interforce.dk\/kl\/wp-json\/wp\/v2\/posts\/13843\/revisions"}],"predecessor-version":[{"id":13855,"href":"https:\/\/www.interforce.dk\/kl\/wp-json\/wp\/v2\/posts\/13843\/revisions\/13855"}],"wp:featuredmedia":[{"embeddable":true,"href":"https:\/\/www.interforce.dk\/kl\/wp-json\/wp\/v2\/media\/13851"}],"wp:attachment":[{"href":"https:\/\/www.interforce.dk\/kl\/wp-json\/wp\/v2\/media?parent=13843"}],"wp:term":[{"taxonomy":"category","embeddable":true,"href":"https:\/\/www.interforce.dk\/kl\/wp-json\/wp\/v2\/categories?post=13843"},{"taxonomy":"post_tag","embeddable":true,"href":"https:\/\/www.interforce.dk\/kl\/wp-json\/wp\/v2\/tags?post=13843"}],"curies":[{"name":"wp","href":"https:\/\/api.w.org\/{rel}","templated":true}]}}