{"id":13803,"date":"2023-02-23T11:30:45","date_gmt":"2023-02-23T11:30:45","guid":{"rendered":"https:\/\/www.interforce.dk\/?p=13803"},"modified":"2023-02-23T11:30:46","modified_gmt":"2023-02-23T11:30:46","slug":"justitsministeriet-modtager-interforce-skjoldet","status":"publish","type":"post","link":"https:\/\/www.interforce.dk\/kl\/justitsministeriet-modtager-interforce-skjoldet\/","title":{"rendered":"Justitsministeriet modtager InterForce-skjoldet"},"content":{"rendered":"<div class=\"block core-block core-block--image\">\n      <div class=\"inner inner--small\">\n      \n<figure class=\"wp-block-image size-large\"><img loading=\"lazy\" decoding=\"async\" width=\"768\" height=\"1024\" src=\"https:\/\/www.interforce.dk\/app\/uploads\/2023\/02\/Justitsministeriet_soeren-skibsted-768x1024.jpg\" alt=\"Justitsministeriet modtager InterForce-skjoldet\" class=\"wp-image-13804\" srcset=\"https:\/\/www.interforce.dk\/app\/uploads\/2023\/02\/Justitsministeriet_soeren-skibsted-768x1024.jpg 768w, https:\/\/www.interforce.dk\/app\/uploads\/2023\/02\/Justitsministeriet_soeren-skibsted-225x300.jpg 225w, https:\/\/www.interforce.dk\/app\/uploads\/2023\/02\/Justitsministeriet_soeren-skibsted-1152x1536.jpg 1152w, https:\/\/www.interforce.dk\/app\/uploads\/2023\/02\/Justitsministeriet_soeren-skibsted-1536x2048.jpg 1536w, https:\/\/www.interforce.dk\/app\/uploads\/2023\/02\/Justitsministeriet_soeren-skibsted-9x12.jpg 9w, https:\/\/www.interforce.dk\/app\/uploads\/2023\/02\/Justitsministeriet_soeren-skibsted-scaled.jpg 1920w\" sizes=\"auto, (max-width: 768px) 100vw, 768px\" \/><figcaption class=\"wp-element-caption\"><em>Departementschef i Justitsministeriet, Johan Legarth, modtager InterForce-skjoldet af ambassad\u00f8r i InterForce Region Hovedstaden S\u00f8ren Skibsted<\/em><\/figcaption><\/figure>\n\n      <\/div>\n  <\/div>\n<div class=\"block core-block core-block--paragraph\">\n      <div class=\"inner inner--small\">\n      \n<p>For nyligt kunne ambassad\u00f8r i InterForce Region Hovedstaden, S\u00f8ren Skibsted, overr\u00e6kke InterForce-skjoldet til departementschefen i Justitsministeriet, Johan Legarth.<\/p>\n\n      <\/div>\n  <\/div>\n<div class=\"block core-block core-block--paragraph\">\n      <div class=\"inner inner--small\">\n      \n<p>Departementschefen udtalte i den forbindelse, at ministeriet l\u00e6gger stor v\u00e6gt p\u00e5 et godt samarbejde med Forsvaret, herunder i forbindelse med det almindelige beredskab og i de forskellige beredskabsstabe. Forsvaret leverer (ikke mindst i disse \u00e5r) en v\u00e6sentlig samfundsopgave, og det er et privilegium for ministeriet at modtage InterForces skjold.<\/p>\n\n      <\/div>\n  <\/div>\n<div class=\"block core-block core-block--paragraph\">\n      <div class=\"inner inner--small\">\n      \n<p>Ministeriet ser frem til at fastholde og udbygge samarbejdet med Forsvaret og st\u00f8tter det gode arbejde, som InterForce foretager.<br><br>L\u00e6s ogs\u00e5: <a href=\"https:\/\/www.interforce.dk\/kl\/interforce-er-vigtigere-end-nogensinde\/\" target=\"_blank\" rel=\"noreferrer noopener\">InterForce er vigtigere end nogensinde<\/a><\/p>\n\n      <\/div>\n  <\/div>","protected":false},"excerpt":{"rendered":"Justitsministeriet modtager InterForce-skjoldet for sin opbakning. ...","protected":false},"author":111,"featured_media":13804,"comment_status":"closed","ping_status":"closed","sticky":false,"template":"","format":"standard","meta":{"_acf_changed":false,"footnotes":""},"categories":[12],"tags":[55],"class_list":["post-13803","post","type-post","status-publish","format-standard","has-post-thumbnail","hentry","category-nyt-om-if","tag-tag-hovedstaden"],"acf":[],"yoast_head":"<!-- This site is optimized with the Yoast SEO plugin v27.3 - https:\/\/yoast.com\/product\/yoast-seo-wordpress\/ -->\n<title>Justitsministeriet modtager InterForce-skjoldet - InterForce<\/title>\n<meta name=\"description\" content=\"Justitsministeriet modtager InterForce-skjoldet for sin opbakning til Forsvaret, herinde det almindelige beredskab og beredskabsstabene.\" \/>\n<meta name=\"robots\" content=\"index, follow, max-snippet:-1, max-image-preview:large, max-video-preview:-1\" \/>\n<link rel=\"canonical\" href=\"https:\/\/www.interforce.dk\/kl\/justitsministeriet-modtager-interforce-skjoldet\/\" \/>\n<meta property=\"og:locale\" content=\"en_US\" \/>\n<meta property=\"og:type\" content=\"article\" \/>\n<meta property=\"og:title\" content=\"Justitsministeriet modtager InterForce-skjoldet - InterForce\" \/>\n<meta property=\"og:description\" content=\"Justitsministeriet modtager InterForce-skjoldet for sin opbakning til Forsvaret, herinde det almindelige beredskab og beredskabsstabene.\" \/>\n<meta property=\"og:url\" content=\"https:\/\/www.interforce.dk\/kl\/justitsministeriet-modtager-interforce-skjoldet\/\" \/>\n<meta property=\"og:site_name\" content=\"InterForce\" \/>\n<meta property=\"article:published_time\" content=\"2023-02-23T11:30:45+00:00\" \/>\n<meta property=\"article:modified_time\" content=\"2023-02-23T11:30:46+00:00\" \/>\n<meta property=\"og:image\" content=\"https:\/\/www.interforce.dk\/app\/uploads\/2023\/02\/Justitsministeriet_soeren-skibsted-scaled.jpg\" \/>\n\t<meta property=\"og:image:width\" content=\"1920\" \/>\n\t<meta property=\"og:image:height\" content=\"2560\" \/>\n\t<meta property=\"og:image:type\" content=\"image\/jpeg\" \/>\n<meta name=\"author\" content=\"Simon Staffeldt Schou\" \/>\n<meta name=\"twitter:card\" content=\"summary_large_image\" \/>\n<meta name=\"twitter:label1\" content=\"Written by\" \/>\n\t<meta name=\"twitter:data1\" content=\"Simon Staffeldt Schou\" \/>\n\t<meta name=\"twitter:label2\" content=\"Est. reading time\" \/>\n\t<meta name=\"twitter:data2\" content=\"1 minute\" \/>\n<script type=\"application\/ld+json\" class=\"yoast-schema-graph\">{\"@context\":\"https:\\\/\\\/schema.org\",\"@graph\":[{\"@type\":\"Article\",\"@id\":\"https:\\\/\\\/www.interforce.dk\\\/justitsministeriet-modtager-interforce-skjoldet\\\/#article\",\"isPartOf\":{\"@id\":\"https:\\\/\\\/www.interforce.dk\\\/justitsministeriet-modtager-interforce-skjoldet\\\/\"},\"author\":{\"name\":\"Simon Staffeldt Schou\",\"@id\":\"https:\\\/\\\/www.interforce.dk\\\/#\\\/schema\\\/person\\\/3604a2bb29e48048ea484fbfb3703fad\"},\"headline\":\"Justitsministeriet modtager InterForce-skjoldet\",\"datePublished\":\"2023-02-23T11:30:45+00:00\",\"dateModified\":\"2023-02-23T11:30:46+00:00\",\"mainEntityOfPage\":{\"@id\":\"https:\\\/\\\/www.interforce.dk\\\/justitsministeriet-modtager-interforce-skjoldet\\\/\"},\"wordCount\":121,\"image\":{\"@id\":\"https:\\\/\\\/www.interforce.dk\\\/justitsministeriet-modtager-interforce-skjoldet\\\/#primaryimage\"},\"thumbnailUrl\":\"https:\\\/\\\/www.interforce.dk\\\/app\\\/uploads\\\/2023\\\/02\\\/Justitsministeriet_soeren-skibsted-scaled.jpg\",\"keywords\":[\"Tag:Hovedstaden\"],\"articleSection\":[\"Nyheder om InterForce\"],\"inLanguage\":\"kl-GL\"},{\"@type\":\"WebPage\",\"@id\":\"https:\\\/\\\/www.interforce.dk\\\/justitsministeriet-modtager-interforce-skjoldet\\\/\",\"url\":\"https:\\\/\\\/www.interforce.dk\\\/justitsministeriet-modtager-interforce-skjoldet\\\/\",\"name\":\"Justitsministeriet modtager InterForce-skjoldet - InterForce\",\"isPartOf\":{\"@id\":\"https:\\\/\\\/www.interforce.dk\\\/#website\"},\"primaryImageOfPage\":{\"@id\":\"https:\\\/\\\/www.interforce.dk\\\/justitsministeriet-modtager-interforce-skjoldet\\\/#primaryimage\"},\"image\":{\"@id\":\"https:\\\/\\\/www.interforce.dk\\\/justitsministeriet-modtager-interforce-skjoldet\\\/#primaryimage\"},\"thumbnailUrl\":\"https:\\\/\\\/www.interforce.dk\\\/app\\\/uploads\\\/2023\\\/02\\\/Justitsministeriet_soeren-skibsted-scaled.jpg\",\"datePublished\":\"2023-02-23T11:30:45+00:00\",\"dateModified\":\"2023-02-23T11:30:46+00:00\",\"author\":{\"@id\":\"https:\\\/\\\/www.interforce.dk\\\/#\\\/schema\\\/person\\\/3604a2bb29e48048ea484fbfb3703fad\"},\"description\":\"Justitsministeriet modtager InterForce-skjoldet for sin opbakning til Forsvaret, herinde det almindelige beredskab og beredskabsstabene.\",\"breadcrumb\":{\"@id\":\"https:\\\/\\\/www.interforce.dk\\\/justitsministeriet-modtager-interforce-skjoldet\\\/#breadcrumb\"},\"inLanguage\":\"kl-GL\",\"potentialAction\":[{\"@type\":\"ReadAction\",\"target\":[\"https:\\\/\\\/www.interforce.dk\\\/justitsministeriet-modtager-interforce-skjoldet\\\/\"]}]},{\"@type\":\"ImageObject\",\"inLanguage\":\"kl-GL\",\"@id\":\"https:\\\/\\\/www.interforce.dk\\\/justitsministeriet-modtager-interforce-skjoldet\\\/#primaryimage\",\"url\":\"https:\\\/\\\/www.interforce.dk\\\/app\\\/uploads\\\/2023\\\/02\\\/Justitsministeriet_soeren-skibsted-scaled.jpg\",\"contentUrl\":\"https:\\\/\\\/www.interforce.dk\\\/app\\\/uploads\\\/2023\\\/02\\\/Justitsministeriet_soeren-skibsted-scaled.jpg\",\"width\":1920,\"height\":2560,\"caption\":\"Justitsministeriet modtager InterForce-skjoldet\"},{\"@type\":\"BreadcrumbList\",\"@id\":\"https:\\\/\\\/www.interforce.dk\\\/justitsministeriet-modtager-interforce-skjoldet\\\/#breadcrumb\",\"itemListElement\":[{\"@type\":\"ListItem\",\"position\":1,\"name\":\"Hjem\",\"item\":\"https:\\\/\\\/www.interforce.dk\\\/\"},{\"@type\":\"ListItem\",\"position\":2,\"name\":\"Justitsministeriet modtager InterForce-skjoldet\"}]},{\"@type\":\"WebSite\",\"@id\":\"https:\\\/\\\/www.interforce.dk\\\/#website\",\"url\":\"https:\\\/\\\/www.interforce.dk\\\/\",\"name\":\"InterForce\",\"description\":\"\",\"potentialAction\":[{\"@type\":\"SearchAction\",\"target\":{\"@type\":\"EntryPoint\",\"urlTemplate\":\"https:\\\/\\\/www.interforce.dk\\\/?s={search_term_string}\"},\"query-input\":{\"@type\":\"PropertyValueSpecification\",\"valueRequired\":true,\"valueName\":\"search_term_string\"}}],\"inLanguage\":\"kl-GL\"},{\"@type\":\"Person\",\"@id\":\"https:\\\/\\\/www.interforce.dk\\\/#\\\/schema\\\/person\\\/3604a2bb29e48048ea484fbfb3703fad\",\"name\":\"Simon Staffeldt Schou\",\"image\":{\"@type\":\"ImageObject\",\"inLanguage\":\"kl-GL\",\"@id\":\"https:\\\/\\\/secure.gravatar.com\\\/avatar\\\/1ff3b89414668243258c5ed26b84872c273dcdf7fe7ee0c553a52e1b4c2002fd?s=96&d=mm&r=g\",\"url\":\"https:\\\/\\\/secure.gravatar.com\\\/avatar\\\/1ff3b89414668243258c5ed26b84872c273dcdf7fe7ee0c553a52e1b4c2002fd?s=96&d=mm&r=g\",\"contentUrl\":\"https:\\\/\\\/secure.gravatar.com\\\/avatar\\\/1ff3b89414668243258c5ed26b84872c273dcdf7fe7ee0c553a52e1b4c2002fd?s=96&d=mm&r=g\",\"caption\":\"Simon Staffeldt Schou\"},\"url\":\"https:\\\/\\\/www.interforce.dk\\\/kl\\\/author\\\/simon\\\/\"}]}<\/script>\n<!-- \/ Yoast SEO plugin. -->","yoast_head_json":{"title":"Justitsministeriet modtager InterForce-skjoldet - InterForce","description":"Justitsministeriet modtager InterForce-skjoldet for sin opbakning til Forsvaret, herinde det almindelige beredskab og beredskabsstabene.","robots":{"index":"index","follow":"follow","max-snippet":"max-snippet:-1","max-image-preview":"max-image-preview:large","max-video-preview":"max-video-preview:-1"},"canonical":"https:\/\/www.interforce.dk\/kl\/justitsministeriet-modtager-interforce-skjoldet\/","og_locale":"en_US","og_type":"article","og_title":"Justitsministeriet modtager InterForce-skjoldet - InterForce","og_description":"Justitsministeriet modtager InterForce-skjoldet for sin opbakning til Forsvaret, herinde det almindelige beredskab og beredskabsstabene.","og_url":"https:\/\/www.interforce.dk\/kl\/justitsministeriet-modtager-interforce-skjoldet\/","og_site_name":"InterForce","article_published_time":"2023-02-23T11:30:45+00:00","article_modified_time":"2023-02-23T11:30:46+00:00","og_image":[{"width":1920,"height":2560,"url":"https:\/\/www.interforce.dk\/app\/uploads\/2023\/02\/Justitsministeriet_soeren-skibsted-scaled.jpg","type":"image\/jpeg"}],"author":"Simon Staffeldt Schou","twitter_card":"summary_large_image","twitter_misc":{"Written by":"Simon Staffeldt Schou","Est. reading time":"1 minute"},"schema":{"@context":"https:\/\/schema.org","@graph":[{"@type":"Article","@id":"https:\/\/www.interforce.dk\/justitsministeriet-modtager-interforce-skjoldet\/#article","isPartOf":{"@id":"https:\/\/www.interforce.dk\/justitsministeriet-modtager-interforce-skjoldet\/"},"author":{"name":"Simon Staffeldt Schou","@id":"https:\/\/www.interforce.dk\/#\/schema\/person\/3604a2bb29e48048ea484fbfb3703fad"},"headline":"Justitsministeriet modtager InterForce-skjoldet","datePublished":"2023-02-23T11:30:45+00:00","dateModified":"2023-02-23T11:30:46+00:00","mainEntityOfPage":{"@id":"https:\/\/www.interforce.dk\/justitsministeriet-modtager-interforce-skjoldet\/"},"wordCount":121,"image":{"@id":"https:\/\/www.interforce.dk\/justitsministeriet-modtager-interforce-skjoldet\/#primaryimage"},"thumbnailUrl":"https:\/\/www.interforce.dk\/app\/uploads\/2023\/02\/Justitsministeriet_soeren-skibsted-scaled.jpg","keywords":["Tag:Hovedstaden"],"articleSection":["Nyheder om InterForce"],"inLanguage":"kl-GL"},{"@type":"WebPage","@id":"https:\/\/www.interforce.dk\/justitsministeriet-modtager-interforce-skjoldet\/","url":"https:\/\/www.interforce.dk\/justitsministeriet-modtager-interforce-skjoldet\/","name":"Justitsministeriet modtager InterForce-skjoldet - InterForce","isPartOf":{"@id":"https:\/\/www.interforce.dk\/#website"},"primaryImageOfPage":{"@id":"https:\/\/www.interforce.dk\/justitsministeriet-modtager-interforce-skjoldet\/#primaryimage"},"image":{"@id":"https:\/\/www.interforce.dk\/justitsministeriet-modtager-interforce-skjoldet\/#primaryimage"},"thumbnailUrl":"https:\/\/www.interforce.dk\/app\/uploads\/2023\/02\/Justitsministeriet_soeren-skibsted-scaled.jpg","datePublished":"2023-02-23T11:30:45+00:00","dateModified":"2023-02-23T11:30:46+00:00","author":{"@id":"https:\/\/www.interforce.dk\/#\/schema\/person\/3604a2bb29e48048ea484fbfb3703fad"},"description":"Justitsministeriet modtager InterForce-skjoldet for sin opbakning til Forsvaret, herinde det almindelige beredskab og beredskabsstabene.","breadcrumb":{"@id":"https:\/\/www.interforce.dk\/justitsministeriet-modtager-interforce-skjoldet\/#breadcrumb"},"inLanguage":"kl-GL","potentialAction":[{"@type":"ReadAction","target":["https:\/\/www.interforce.dk\/justitsministeriet-modtager-interforce-skjoldet\/"]}]},{"@type":"ImageObject","inLanguage":"kl-GL","@id":"https:\/\/www.interforce.dk\/justitsministeriet-modtager-interforce-skjoldet\/#primaryimage","url":"https:\/\/www.interforce.dk\/app\/uploads\/2023\/02\/Justitsministeriet_soeren-skibsted-scaled.jpg","contentUrl":"https:\/\/www.interforce.dk\/app\/uploads\/2023\/02\/Justitsministeriet_soeren-skibsted-scaled.jpg","width":1920,"height":2560,"caption":"Justitsministeriet modtager InterForce-skjoldet"},{"@type":"BreadcrumbList","@id":"https:\/\/www.interforce.dk\/justitsministeriet-modtager-interforce-skjoldet\/#breadcrumb","itemListElement":[{"@type":"ListItem","position":1,"name":"Hjem","item":"https:\/\/www.interforce.dk\/"},{"@type":"ListItem","position":2,"name":"Justitsministeriet modtager InterForce-skjoldet"}]},{"@type":"WebSite","@id":"https:\/\/www.interforce.dk\/#website","url":"https:\/\/www.interforce.dk\/","name":"InterForce","description":"","potentialAction":[{"@type":"SearchAction","target":{"@type":"EntryPoint","urlTemplate":"https:\/\/www.interforce.dk\/?s={search_term_string}"},"query-input":{"@type":"PropertyValueSpecification","valueRequired":true,"valueName":"search_term_string"}}],"inLanguage":"kl-GL"},{"@type":"Person","@id":"https:\/\/www.interforce.dk\/#\/schema\/person\/3604a2bb29e48048ea484fbfb3703fad","name":"Simon Staffeldt Schou","image":{"@type":"ImageObject","inLanguage":"kl-GL","@id":"https:\/\/secure.gravatar.com\/avatar\/1ff3b89414668243258c5ed26b84872c273dcdf7fe7ee0c553a52e1b4c2002fd?s=96&d=mm&r=g","url":"https:\/\/secure.gravatar.com\/avatar\/1ff3b89414668243258c5ed26b84872c273dcdf7fe7ee0c553a52e1b4c2002fd?s=96&d=mm&r=g","contentUrl":"https:\/\/secure.gravatar.com\/avatar\/1ff3b89414668243258c5ed26b84872c273dcdf7fe7ee0c553a52e1b4c2002fd?s=96&d=mm&r=g","caption":"Simon Staffeldt Schou"},"url":"https:\/\/www.interforce.dk\/kl\/author\/simon\/"}]}},"_links":{"self":[{"href":"https:\/\/www.interforce.dk\/kl\/wp-json\/wp\/v2\/posts\/13803","targetHints":{"allow":["GET"]}}],"collection":[{"href":"https:\/\/www.interforce.dk\/kl\/wp-json\/wp\/v2\/posts"}],"about":[{"href":"https:\/\/www.interforce.dk\/kl\/wp-json\/wp\/v2\/types\/post"}],"author":[{"embeddable":true,"href":"https:\/\/www.interforce.dk\/kl\/wp-json\/wp\/v2\/users\/111"}],"replies":[{"embeddable":true,"href":"https:\/\/www.interforce.dk\/kl\/wp-json\/wp\/v2\/comments?post=13803"}],"version-history":[{"count":1,"href":"https:\/\/www.interforce.dk\/kl\/wp-json\/wp\/v2\/posts\/13803\/revisions"}],"predecessor-version":[{"id":13805,"href":"https:\/\/www.interforce.dk\/kl\/wp-json\/wp\/v2\/posts\/13803\/revisions\/13805"}],"wp:featuredmedia":[{"embeddable":true,"href":"https:\/\/www.interforce.dk\/kl\/wp-json\/wp\/v2\/media\/13804"}],"wp:attachment":[{"href":"https:\/\/www.interforce.dk\/kl\/wp-json\/wp\/v2\/media?parent=13803"}],"wp:term":[{"taxonomy":"category","embeddable":true,"href":"https:\/\/www.interforce.dk\/kl\/wp-json\/wp\/v2\/categories?post=13803"},{"taxonomy":"post_tag","embeddable":true,"href":"https:\/\/www.interforce.dk\/kl\/wp-json\/wp\/v2\/tags?post=13803"}],"curies":[{"name":"wp","href":"https:\/\/api.w.org\/{rel}","templated":true}]}}