{"id":13116,"date":"2022-11-01T13:50:50","date_gmt":"2022-11-01T13:50:50","guid":{"rendered":"https:\/\/www.interforce.dk\/?p=13116"},"modified":"2022-11-01T13:52:21","modified_gmt":"2022-11-01T13:52:21","slug":"ny-regionsambassadoer-i-interforce-region-midtjylland","status":"publish","type":"post","link":"https:\/\/www.interforce.dk\/kl\/ny-regionsambassadoer-i-interforce-region-midtjylland\/","title":{"rendered":"Ny regions-ambassad\u00f8r i Region Midtjylland"},"content":{"rendered":"<div class=\"block core-block core-block--paragraph\">\n      <div class=\"inner inner--small\">\n      \n<p>I sin tid var oberst af Reserven Lars Johansson med til at grundl\u00e6gge InterForces ambassad\u00f8rordning.<\/p>\n\n      <\/div>\n  <\/div>\n<div class=\"block core-block core-block--paragraph\">\n      <div class=\"inner inner--small\">\n      \n<p>Det er en ordning, hvor frivillige \u2013 ofte virksomhedsledere og officerer af Reserven \u2013 tager ud til virksomheder og offentlige instanser og fort\u00e6ller om InterForce og Reservestyrken.<\/p>\n\n      <\/div>\n  <\/div>\n<div class=\"block core-block core-block--paragraph\">\n      <div class=\"inner inner--small\">\n      \n<p>Disse ambassad\u00f8rer yder med andre ord et stort frivilligt arbejde for at skabe bro mellem Forsvaret og det civile arbejdsmarked.<\/p>\n\n      <\/div>\n  <\/div>\n<div class=\"block core-block core-block--paragraph\">\n      <div class=\"inner inner--small\">\n      \n<p>I en r\u00e6kke \u00e5r har Lars Johansson v\u00e6ret regional ambassad\u00f8r i Region Midtjylland. Det betyder, at han har koordineret arbejdet med regionens mange ambassad\u00f8rer. Og det er derfor i h\u00f8j grad hans og de regionale ambassad\u00f8rers fortjeneste, at s\u00e5 mange virksomheder i Midtjylland st\u00f8tter aktivt op om InterForce.<\/p>\n\n      <\/div>\n  <\/div>\n<div class=\"block core-block core-block--paragraph\">\n      <div class=\"inner inner--small\">\n      \n<p>Lars Johansson tr\u00e6der nu tilbage fra rollen som regionsambassad\u00f8r. Vi m\u00f8dte ham derfor til en kort samtale om, hvad fremtiden byder for ham nu.<\/p>\n\n      <\/div>\n  <\/div>\n<div class=\"block core-block core-block--image\">\n      <div class=\"inner inner--small\">\n      \n<figure class=\"wp-block-image size-large\"><img loading=\"lazy\" decoding=\"async\" width=\"779\" height=\"1024\" src=\"https:\/\/www.interforce.dk\/app\/uploads\/2022\/11\/Lars-Johansson-779x1024.jpg\" alt=\"Den afg\u00e5ende regionsambassad\u00f8r i Region Midtjylland, Lars Johansson\" class=\"wp-image-13118\" srcset=\"https:\/\/www.interforce.dk\/app\/uploads\/2022\/11\/Lars-Johansson-779x1024.jpg 779w, https:\/\/www.interforce.dk\/app\/uploads\/2022\/11\/Lars-Johansson-228x300.jpg 228w, https:\/\/www.interforce.dk\/app\/uploads\/2022\/11\/Lars-Johansson-768x1009.jpg 768w, https:\/\/www.interforce.dk\/app\/uploads\/2022\/11\/Lars-Johansson-1169x1536.jpg 1169w, https:\/\/www.interforce.dk\/app\/uploads\/2022\/11\/Lars-Johansson-1558x2048.jpg 1558w, https:\/\/www.interforce.dk\/app\/uploads\/2022\/11\/Lars-Johansson-9x12.jpg 9w, https:\/\/www.interforce.dk\/app\/uploads\/2022\/11\/Lars-Johansson-scaled.jpg 1948w\" sizes=\"auto, (max-width: 779px) 100vw, 779px\" \/><figcaption>Lars Johansson, afg\u00e5ende regionsambassad\u00f8r for InterForce Region Midtjylland<\/figcaption><\/figure>\n\n      <\/div>\n  <\/div>\n<div class=\"block core-block core-block--paragraph\">\n      <div class=\"inner inner--small\">\n      \n<p><strong>Du har v\u00e6ret aktiv i InterForce i en l\u00e6ngere \u00e5rr\u00e6kke?<\/strong><\/p>\n\n      <\/div>\n  <\/div>\n<div class=\"block core-block core-block--paragraph\">\n      <div class=\"inner inner--small\">\n      \n<p>\u201dJa, og det har v\u00e6ret en stor forn\u00f8jelse at v\u00e6re regionsambassad\u00f8r for InterForce i Region Midtjylland. Jeg har v\u00e6ret med i ambassad\u00f8rrollen, lige siden vi startede ambassad\u00f8rordningen.<\/p>\n\n      <\/div>\n  <\/div>\n<div class=\"block core-block core-block--paragraph\">\n      <div class=\"inner inner--small\">\n      \n<p>Det er jeg utrolig stolt over. Og jeg vil gerne takke alle, der er og har v\u00e6ret en del af InterForce, for det gode samarbejde og for jeres store indsats. Jeres arbejde har v\u00e6ret med til at skabe bedre relationer mellem erhvervslivet og forsvaret. Og ikke mindst har jeres arbejde skabt bedre muligheder og respekt for de frivillige soldater og soldater i Reserven.\u201d<\/p>\n\n      <\/div>\n  <\/div>\n<div class=\"block core-block core-block--paragraph\">\n      <div class=\"inner inner--small\">\n      \n<p><strong>Hvorfor stopper du nu?<\/strong><\/p>\n\n      <\/div>\n  <\/div>\n<div class=\"block core-block core-block--paragraph\">\n      <div class=\"inner inner--small\">\n      \n<p>\u201dBaggrunden for at jeg stopper som regionsambassad\u00f8r er, at jeg er blevet r\u00e5dgiver for Chefen for Hjemmev\u00e6rnet ift. Reserven. Jeg tiltr\u00e5dte stillingen i april 2022 og gl\u00e6der mig til forsat at bidrage til udviklingen af Reservestyrken.<\/p>\n\n      <\/div>\n  <\/div>\n<div class=\"block core-block core-block--paragraph\">\n      <div class=\"inner inner--small\">\n      \n<p>Min nye rolle medf\u00f8rer et t\u00e6t samarbejde med bl.a. InterForce og Center For Reservestyrken, hvilket jeg ser frem til. Derudover forts\u00e6tter jeg i en periode som ambassad\u00f8r i InterForce.<\/p>\n\n      <\/div>\n  <\/div>\n<div class=\"block core-block core-block--paragraph\">\n      <div class=\"inner inner--small\">\n      \n<p>Jeg \u00f8nsker den nye regionsambassad\u00f8r for Region Midtjylland, Per B. Andersen, og den nye regionsformand, Henrik Herold, tillykke med deres nye roller i InterForce og h\u00e5ber p\u00e5 fortsat god udvikling, resultater og samarbejde.\u201d<\/p>\n\n      <\/div>\n  <\/div>\n<div class=\"block core-block core-block--heading\">\n      <div class=\"inner inner--small\">\n      \n<h2 class=\"wp-block-heading\">Ny regionsambassad\u00f8r<\/h2>\n\n      <\/div>\n  <\/div>\n<div class=\"block core-block core-block--paragraph\">\n      <div class=\"inner inner--small\">\n      \n<p>I stedet for Lars Johansson bliver det nu major af Reserven Per B\u00f8ch Andersen, der bliver ny regional ambassad\u00f8r i Region Midtjylland.<\/p>\n\n      <\/div>\n  <\/div>\n<div class=\"block core-block core-block--image\">\n      <div class=\"inner inner--small\">\n      \n<figure class=\"wp-block-image size-large\"><img loading=\"lazy\" decoding=\"async\" width=\"683\" height=\"1024\" src=\"\/app\/uploads\/2022\/11\/Per-Boch-Andersen-683x1024.jpg\" alt=\"\" class=\"wp-image-13117\" srcset=\"https:\/\/www.interforce.dk\/app\/uploads\/2022\/11\/Per-Boch-Andersen-683x1024.jpg 683w, https:\/\/www.interforce.dk\/app\/uploads\/2022\/11\/Per-Boch-Andersen-200x300.jpg 200w, https:\/\/www.interforce.dk\/app\/uploads\/2022\/11\/Per-Boch-Andersen-768x1152.jpg 768w, https:\/\/www.interforce.dk\/app\/uploads\/2022\/11\/Per-Boch-Andersen-1024x1536.jpg 1024w, https:\/\/www.interforce.dk\/app\/uploads\/2022\/11\/Per-Boch-Andersen-1365x2048.jpg 1365w, https:\/\/www.interforce.dk\/app\/uploads\/2022\/11\/Per-Boch-Andersen-8x12.jpg 8w, https:\/\/www.interforce.dk\/app\/uploads\/2022\/11\/Per-Boch-Andersen-scaled.jpg 1707w\" sizes=\"auto, (max-width: 683px) 100vw, 683px\" \/><figcaption>Per B\u00f8ch Andersen, ny regionsambassad\u00f8r i InterForce Region Midtjylland<\/figcaption><\/figure>\n\n      <\/div>\n  <\/div>\n<div class=\"block core-block core-block--paragraph\">\n      <div class=\"inner inner--small\">\n      \n<p>Vi m\u00f8dte Per til en snak om hans baggrund, hvad han \u00f8nsker med den nye post, og hvorfor InterForce overhovedet er vigtig.<\/p>\n\n      <\/div>\n  <\/div>\n<div class=\"block core-block core-block--paragraph\">\n      <div class=\"inner inner--small\">\n      \n<p><strong>Fort\u00e6l lidt om din baggrund?<\/strong><\/p>\n\n      <\/div>\n  <\/div>\n<div class=\"block core-block core-block--paragraph\">\n      <div class=\"inner inner--small\">\n      \n<p>Jeg kom ind i Forsvaret i 1981 og var officer frem til 1997, hvor jeg forlod Forsvaret for at arbejde i en IT-virksomhed.<\/p>\n\n      <\/div>\n  <\/div>\n<div class=\"block core-block core-block--paragraph\">\n      <div class=\"inner inner--small\">\n      \n<p>Nu er jeg major af Reserven og arbejder i det daglige som Head of Operations hos <a href=\"https:\/\/www.apmterminals.com\/\" target=\"_blank\" rel=\"noreferrer noopener\">APM Terminals<\/a> p\u00e5 havnen i Aarhus.<\/p>\n\n      <\/div>\n  <\/div>\n<div class=\"block core-block core-block--paragraph\">\n      <div class=\"inner inner--small\">\n      \n<p>Jeg bor i Randers sammen med min kone Hanne og har fire voksne b\u00f8rn, som alle er flyttet hjemmefra.<\/p>\n\n      <\/div>\n  <\/div>\n<div class=\"block core-block core-block--paragraph\">\n      <div class=\"inner inner--small\">\n      \n<p><strong>Du har ogs\u00e5 v\u00e6ret ambassad\u00f8r for InterForce i en \u00e5rr\u00e6kke?<\/strong><\/p>\n\n      <\/div>\n  <\/div>\n<div class=\"block core-block core-block--paragraph\">\n      <div class=\"inner inner--small\">\n      \n<p>Jeg har v\u00e6ret ambassad\u00f8r i fem \u00e5r. Og de virksomheder, som jeg har arbejdet for i det private, har alle v\u00e6ret InterForce-st\u00f8ttevirksomheder.<\/p>\n\n      <\/div>\n  <\/div>\n<div class=\"block core-block core-block--paragraph\">\n      <div class=\"inner inner--small\">\n      \n<p>Det har b\u00e5de v\u00e6ret v\u00e6rdiskabende for virksomhederne og Forsvaret. Jeg har m\u00e6rket, at det virkelig gav mening, at virksomhedens medarbejdere var inde i Forsvaret i perioder, hvor de fik nye kompetencer. Kompetencer, de bagefter bragte med tilbage til virksomhederne.<\/p>\n\n      <\/div>\n  <\/div>\n<div class=\"block core-block core-block--paragraph\">\n      <div class=\"inner inner--small\">\n      \n<p><strong>Nu rykker du frem i bussen og bliver regional ambassad\u00f8r. Hvad vil du gerne med denne post?<\/strong><\/p>\n\n      <\/div>\n  <\/div>\n<div class=\"block core-block core-block--paragraph\">\n      <div class=\"inner inner--small\">\n      \n<p>Jeg vil gerne tr\u00e6de op p\u00e5 taburetten og i endnu h\u00f8jere grad v\u00e6re med til at synligg\u00f8re over for virksomhederne, at de f\u00e5r stor v\u00e6rdi ud af InterForce-samarbejdet.<\/p>\n\n      <\/div>\n  <\/div>\n<div class=\"block core-block core-block--paragraph\">\n      <div class=\"inner inner--small\">\n      \n<p>Jeg vil ogs\u00e5 gerne v\u00e6re med til at sikre, at flere virksomheder \u2013 og offentlige institutioner \u2013 s\u00e6tter pris p\u00e5 den fantastiske indsats, de frivillige i Hjemmev\u00e6rnet og Reservestyrken yder.<\/p>\n\n      <\/div>\n  <\/div>\n<div class=\"block core-block core-block--paragraph\">\n      <div class=\"inner inner--small\">\n      \n<p>Vi har virkelig mange gode kompetencer blandt vores InterForce-ambassad\u00f8rer her i Region Midtjylland \u2013 b\u00e5de i det private og det offentlige.<\/p>\n\n      <\/div>\n  <\/div>\n<div class=\"block core-block core-block--paragraph\">\n      <div class=\"inner inner--small\">\n      \n<p>Sammen med dem vil jeg s\u00f8rge for, at vi kommer ud til endnu flere virksomheder og skaber endnu st\u00f8rre opm\u00e6rksomhed om det vigtige samarbejde mellem Forsvaret og det civile arbejdsmarked.<\/p>\n\n      <\/div>\n  <\/div>\n<div class=\"block core-block core-block--paragraph\">\n      <div class=\"inner inner--small\">\n      \n<p><strong>Hvorfor er InterForce overhovedet vigtigt?<\/strong><\/p>\n\n      <\/div>\n  <\/div>\n<div class=\"block core-block core-block--paragraph\">\n      <div class=\"inner inner--small\">\n      \n<p>Det er det, for n\u00e5r virksomhederne melder sig ind i InterForce-samarbejdet, udviser de signalv\u00e6rdi om, at vi danskere st\u00e5r samlet i en usikker tid. InterForce arbejder for en st\u00e6rk sammenh\u00e6ngskraft mellem erhvervslivet og Forsvaret.<\/p>\n\n      <\/div>\n  <\/div>\n<div class=\"block core-block core-block--paragraph\">\n      <div class=\"inner inner--small\">\n      \n<p>Medlemskabet er en tilkendegivelse om, at de bakker aktivt op om Forsvaret, Hjemmev\u00e6rnet og Reservestyrken og at de forst\u00e5 alvoren i den globale situation, vi befinder os i lige nu.<\/p>\n\n      <\/div>\n  <\/div>\n<div class=\"block core-block core-block--paragraph\">\n      <div class=\"inner inner--small\">\n      \n<p><strong>Hvordan er du blevet modtaget ude i virksomhederne, n\u00e5r du har v\u00e6ret ude at tale om InterForce?<\/strong><\/p>\n\n      <\/div>\n  <\/div>\n<div class=\"block core-block core-block--paragraph\">\n      <div class=\"inner inner--small\">\n      \n<p>Jeg har m\u00f8dt stor forst\u00e5else. B\u00e5de hos private og i det offentlige.<\/p>\n\n      <\/div>\n  <\/div>\n<div class=\"block core-block core-block--paragraph\">\n      <div class=\"inner inner--small\">\n      \n<p>Hvis jeg bare skal fremh\u00e6ve en oplevelse, var det, at Aarhus Kommune blev en del af InterForce. Nu kan samtlige 28.000 medarbejdere p\u00e5 Kommunens medarbejderportal se, at Aarhus Kommune st\u00f8tter og anerkender samfundets behov for at kunne f\u00e5 frigjort Forsvarets frivillige og reservepersonel til uddannelse, l\u00f8sning af nationale opgaver samt deltagelse i internationale operationer.<\/p>\n\n      <\/div>\n  <\/div>","protected":false},"excerpt":{"rendered":"Region Midtjylland har f\u00e5et ny regionsambassad\u00f8r. Vi m\u00f8dte ham til en snak om...","protected":false},"author":111,"featured_media":13117,"comment_status":"closed","ping_status":"closed","sticky":false,"template":"","format":"standard","meta":{"_acf_changed":false,"footnotes":""},"categories":[12],"tags":[52],"class_list":["post-13116","post","type-post","status-publish","format-standard","has-post-thumbnail","hentry","category-nyt-om-if","tag-tag-midtjylland"],"acf":[],"yoast_head":"<!-- This site is optimized with the Yoast SEO plugin v27.3 - https:\/\/yoast.com\/product\/yoast-seo-wordpress\/ -->\n<title>Ny regions-ambassad\u00f8r i Region Midtjylland - InterForce<\/title>\n<meta name=\"description\" content=\"Region Midtjylland har f\u00e5et nye regionsambassad\u00f8r, Per B\u00f8ch Andersen. Vi m\u00f8dte ham til en snak om hans \u00f8nsker med den nye post.\" \/>\n<meta name=\"robots\" content=\"index, follow, max-snippet:-1, max-image-preview:large, max-video-preview:-1\" \/>\n<link rel=\"canonical\" href=\"https:\/\/www.interforce.dk\/kl\/ny-regionsambassadoer-i-interforce-region-midtjylland\/\" \/>\n<meta property=\"og:locale\" content=\"en_US\" \/>\n<meta property=\"og:type\" content=\"article\" \/>\n<meta property=\"og:title\" content=\"Ny regions-ambassad\u00f8r i Region Midtjylland - InterForce\" \/>\n<meta property=\"og:description\" content=\"Region Midtjylland har f\u00e5et nye regionsambassad\u00f8r, Per B\u00f8ch Andersen. Vi m\u00f8dte ham til en snak om hans \u00f8nsker med den nye post.\" \/>\n<meta property=\"og:url\" content=\"https:\/\/www.interforce.dk\/kl\/ny-regionsambassadoer-i-interforce-region-midtjylland\/\" \/>\n<meta property=\"og:site_name\" content=\"InterForce\" \/>\n<meta property=\"article:published_time\" content=\"2022-11-01T13:50:50+00:00\" \/>\n<meta property=\"article:modified_time\" content=\"2022-11-01T13:52:21+00:00\" \/>\n<meta property=\"og:image\" content=\"https:\/\/www.interforce.dk\/app\/uploads\/2022\/11\/Per-Boch-Andersen-scaled.jpg\" \/>\n\t<meta property=\"og:image:width\" content=\"1707\" \/>\n\t<meta property=\"og:image:height\" content=\"2560\" \/>\n\t<meta property=\"og:image:type\" content=\"image\/jpeg\" \/>\n<meta name=\"author\" content=\"Simon Staffeldt Schou\" \/>\n<meta name=\"twitter:card\" content=\"summary_large_image\" \/>\n<meta name=\"twitter:label1\" content=\"Written by\" \/>\n\t<meta name=\"twitter:data1\" content=\"Simon Staffeldt Schou\" \/>\n\t<meta name=\"twitter:label2\" content=\"Est. reading time\" \/>\n\t<meta name=\"twitter:data2\" content=\"4 minutes\" \/>\n<script type=\"application\/ld+json\" class=\"yoast-schema-graph\">{\"@context\":\"https:\\\/\\\/schema.org\",\"@graph\":[{\"@type\":\"Article\",\"@id\":\"https:\\\/\\\/www.interforce.dk\\\/ny-regionsambassadoer-i-interforce-region-midtjylland\\\/#article\",\"isPartOf\":{\"@id\":\"https:\\\/\\\/www.interforce.dk\\\/ny-regionsambassadoer-i-interforce-region-midtjylland\\\/\"},\"author\":{\"name\":\"Simon Staffeldt Schou\",\"@id\":\"https:\\\/\\\/www.interforce.dk\\\/#\\\/schema\\\/person\\\/3604a2bb29e48048ea484fbfb3703fad\"},\"headline\":\"Ny regions-ambassad\u00f8r i Region Midtjylland\",\"datePublished\":\"2022-11-01T13:50:50+00:00\",\"dateModified\":\"2022-11-01T13:52:21+00:00\",\"mainEntityOfPage\":{\"@id\":\"https:\\\/\\\/www.interforce.dk\\\/ny-regionsambassadoer-i-interforce-region-midtjylland\\\/\"},\"wordCount\":902,\"image\":{\"@id\":\"https:\\\/\\\/www.interforce.dk\\\/ny-regionsambassadoer-i-interforce-region-midtjylland\\\/#primaryimage\"},\"thumbnailUrl\":\"https:\\\/\\\/www.interforce.dk\\\/app\\\/uploads\\\/2022\\\/11\\\/Per-Boch-Andersen-scaled.jpg\",\"keywords\":[\"Tag:Midtjylland\"],\"articleSection\":[\"Nyheder om InterForce\"],\"inLanguage\":\"kl-GL\"},{\"@type\":\"WebPage\",\"@id\":\"https:\\\/\\\/www.interforce.dk\\\/ny-regionsambassadoer-i-interforce-region-midtjylland\\\/\",\"url\":\"https:\\\/\\\/www.interforce.dk\\\/ny-regionsambassadoer-i-interforce-region-midtjylland\\\/\",\"name\":\"Ny regions-ambassad\u00f8r i Region Midtjylland - InterForce\",\"isPartOf\":{\"@id\":\"https:\\\/\\\/www.interforce.dk\\\/#website\"},\"primaryImageOfPage\":{\"@id\":\"https:\\\/\\\/www.interforce.dk\\\/ny-regionsambassadoer-i-interforce-region-midtjylland\\\/#primaryimage\"},\"image\":{\"@id\":\"https:\\\/\\\/www.interforce.dk\\\/ny-regionsambassadoer-i-interforce-region-midtjylland\\\/#primaryimage\"},\"thumbnailUrl\":\"https:\\\/\\\/www.interforce.dk\\\/app\\\/uploads\\\/2022\\\/11\\\/Per-Boch-Andersen-scaled.jpg\",\"datePublished\":\"2022-11-01T13:50:50+00:00\",\"dateModified\":\"2022-11-01T13:52:21+00:00\",\"author\":{\"@id\":\"https:\\\/\\\/www.interforce.dk\\\/#\\\/schema\\\/person\\\/3604a2bb29e48048ea484fbfb3703fad\"},\"description\":\"Region Midtjylland har f\u00e5et nye regionsambassad\u00f8r, Per B\u00f8ch Andersen. Vi m\u00f8dte ham til en snak om hans \u00f8nsker med den nye post.\",\"breadcrumb\":{\"@id\":\"https:\\\/\\\/www.interforce.dk\\\/ny-regionsambassadoer-i-interforce-region-midtjylland\\\/#breadcrumb\"},\"inLanguage\":\"kl-GL\",\"potentialAction\":[{\"@type\":\"ReadAction\",\"target\":[\"https:\\\/\\\/www.interforce.dk\\\/ny-regionsambassadoer-i-interforce-region-midtjylland\\\/\"]}]},{\"@type\":\"ImageObject\",\"inLanguage\":\"kl-GL\",\"@id\":\"https:\\\/\\\/www.interforce.dk\\\/ny-regionsambassadoer-i-interforce-region-midtjylland\\\/#primaryimage\",\"url\":\"https:\\\/\\\/www.interforce.dk\\\/app\\\/uploads\\\/2022\\\/11\\\/Per-Boch-Andersen-scaled.jpg\",\"contentUrl\":\"https:\\\/\\\/www.interforce.dk\\\/app\\\/uploads\\\/2022\\\/11\\\/Per-Boch-Andersen-scaled.jpg\",\"width\":1707,\"height\":2560,\"caption\":\"Ny regionsambassad\u00f8r for Region Midtjylland, Per B\u00f8ch Andersen\"},{\"@type\":\"BreadcrumbList\",\"@id\":\"https:\\\/\\\/www.interforce.dk\\\/ny-regionsambassadoer-i-interforce-region-midtjylland\\\/#breadcrumb\",\"itemListElement\":[{\"@type\":\"ListItem\",\"position\":1,\"name\":\"Hjem\",\"item\":\"https:\\\/\\\/www.interforce.dk\\\/\"},{\"@type\":\"ListItem\",\"position\":2,\"name\":\"Ny regions-ambassad\u00f8r i Region Midtjylland\"}]},{\"@type\":\"WebSite\",\"@id\":\"https:\\\/\\\/www.interforce.dk\\\/#website\",\"url\":\"https:\\\/\\\/www.interforce.dk\\\/\",\"name\":\"InterForce\",\"description\":\"\",\"potentialAction\":[{\"@type\":\"SearchAction\",\"target\":{\"@type\":\"EntryPoint\",\"urlTemplate\":\"https:\\\/\\\/www.interforce.dk\\\/?s={search_term_string}\"},\"query-input\":{\"@type\":\"PropertyValueSpecification\",\"valueRequired\":true,\"valueName\":\"search_term_string\"}}],\"inLanguage\":\"kl-GL\"},{\"@type\":\"Person\",\"@id\":\"https:\\\/\\\/www.interforce.dk\\\/#\\\/schema\\\/person\\\/3604a2bb29e48048ea484fbfb3703fad\",\"name\":\"Simon Staffeldt Schou\",\"image\":{\"@type\":\"ImageObject\",\"inLanguage\":\"kl-GL\",\"@id\":\"https:\\\/\\\/secure.gravatar.com\\\/avatar\\\/1ff3b89414668243258c5ed26b84872c273dcdf7fe7ee0c553a52e1b4c2002fd?s=96&d=mm&r=g\",\"url\":\"https:\\\/\\\/secure.gravatar.com\\\/avatar\\\/1ff3b89414668243258c5ed26b84872c273dcdf7fe7ee0c553a52e1b4c2002fd?s=96&d=mm&r=g\",\"contentUrl\":\"https:\\\/\\\/secure.gravatar.com\\\/avatar\\\/1ff3b89414668243258c5ed26b84872c273dcdf7fe7ee0c553a52e1b4c2002fd?s=96&d=mm&r=g\",\"caption\":\"Simon Staffeldt Schou\"},\"url\":\"https:\\\/\\\/www.interforce.dk\\\/kl\\\/author\\\/simon\\\/\"}]}<\/script>\n<!-- \/ Yoast SEO plugin. -->","yoast_head_json":{"title":"Ny regions-ambassad\u00f8r i Region Midtjylland - InterForce","description":"Region Midtjylland har f\u00e5et nye regionsambassad\u00f8r, Per B\u00f8ch Andersen. Vi m\u00f8dte ham til en snak om hans \u00f8nsker med den nye post.","robots":{"index":"index","follow":"follow","max-snippet":"max-snippet:-1","max-image-preview":"max-image-preview:large","max-video-preview":"max-video-preview:-1"},"canonical":"https:\/\/www.interforce.dk\/kl\/ny-regionsambassadoer-i-interforce-region-midtjylland\/","og_locale":"en_US","og_type":"article","og_title":"Ny regions-ambassad\u00f8r i Region Midtjylland - InterForce","og_description":"Region Midtjylland har f\u00e5et nye regionsambassad\u00f8r, Per B\u00f8ch Andersen. Vi m\u00f8dte ham til en snak om hans \u00f8nsker med den nye post.","og_url":"https:\/\/www.interforce.dk\/kl\/ny-regionsambassadoer-i-interforce-region-midtjylland\/","og_site_name":"InterForce","article_published_time":"2022-11-01T13:50:50+00:00","article_modified_time":"2022-11-01T13:52:21+00:00","og_image":[{"width":1707,"height":2560,"url":"https:\/\/www.interforce.dk\/app\/uploads\/2022\/11\/Per-Boch-Andersen-scaled.jpg","type":"image\/jpeg"}],"author":"Simon Staffeldt Schou","twitter_card":"summary_large_image","twitter_misc":{"Written by":"Simon Staffeldt Schou","Est. reading time":"4 minutes"},"schema":{"@context":"https:\/\/schema.org","@graph":[{"@type":"Article","@id":"https:\/\/www.interforce.dk\/ny-regionsambassadoer-i-interforce-region-midtjylland\/#article","isPartOf":{"@id":"https:\/\/www.interforce.dk\/ny-regionsambassadoer-i-interforce-region-midtjylland\/"},"author":{"name":"Simon Staffeldt Schou","@id":"https:\/\/www.interforce.dk\/#\/schema\/person\/3604a2bb29e48048ea484fbfb3703fad"},"headline":"Ny regions-ambassad\u00f8r i Region Midtjylland","datePublished":"2022-11-01T13:50:50+00:00","dateModified":"2022-11-01T13:52:21+00:00","mainEntityOfPage":{"@id":"https:\/\/www.interforce.dk\/ny-regionsambassadoer-i-interforce-region-midtjylland\/"},"wordCount":902,"image":{"@id":"https:\/\/www.interforce.dk\/ny-regionsambassadoer-i-interforce-region-midtjylland\/#primaryimage"},"thumbnailUrl":"https:\/\/www.interforce.dk\/app\/uploads\/2022\/11\/Per-Boch-Andersen-scaled.jpg","keywords":["Tag:Midtjylland"],"articleSection":["Nyheder om InterForce"],"inLanguage":"kl-GL"},{"@type":"WebPage","@id":"https:\/\/www.interforce.dk\/ny-regionsambassadoer-i-interforce-region-midtjylland\/","url":"https:\/\/www.interforce.dk\/ny-regionsambassadoer-i-interforce-region-midtjylland\/","name":"Ny regions-ambassad\u00f8r i Region Midtjylland - InterForce","isPartOf":{"@id":"https:\/\/www.interforce.dk\/#website"},"primaryImageOfPage":{"@id":"https:\/\/www.interforce.dk\/ny-regionsambassadoer-i-interforce-region-midtjylland\/#primaryimage"},"image":{"@id":"https:\/\/www.interforce.dk\/ny-regionsambassadoer-i-interforce-region-midtjylland\/#primaryimage"},"thumbnailUrl":"https:\/\/www.interforce.dk\/app\/uploads\/2022\/11\/Per-Boch-Andersen-scaled.jpg","datePublished":"2022-11-01T13:50:50+00:00","dateModified":"2022-11-01T13:52:21+00:00","author":{"@id":"https:\/\/www.interforce.dk\/#\/schema\/person\/3604a2bb29e48048ea484fbfb3703fad"},"description":"Region Midtjylland har f\u00e5et nye regionsambassad\u00f8r, Per B\u00f8ch Andersen. Vi m\u00f8dte ham til en snak om hans \u00f8nsker med den nye post.","breadcrumb":{"@id":"https:\/\/www.interforce.dk\/ny-regionsambassadoer-i-interforce-region-midtjylland\/#breadcrumb"},"inLanguage":"kl-GL","potentialAction":[{"@type":"ReadAction","target":["https:\/\/www.interforce.dk\/ny-regionsambassadoer-i-interforce-region-midtjylland\/"]}]},{"@type":"ImageObject","inLanguage":"kl-GL","@id":"https:\/\/www.interforce.dk\/ny-regionsambassadoer-i-interforce-region-midtjylland\/#primaryimage","url":"https:\/\/www.interforce.dk\/app\/uploads\/2022\/11\/Per-Boch-Andersen-scaled.jpg","contentUrl":"https:\/\/www.interforce.dk\/app\/uploads\/2022\/11\/Per-Boch-Andersen-scaled.jpg","width":1707,"height":2560,"caption":"Ny regionsambassad\u00f8r for Region Midtjylland, Per B\u00f8ch Andersen"},{"@type":"BreadcrumbList","@id":"https:\/\/www.interforce.dk\/ny-regionsambassadoer-i-interforce-region-midtjylland\/#breadcrumb","itemListElement":[{"@type":"ListItem","position":1,"name":"Hjem","item":"https:\/\/www.interforce.dk\/"},{"@type":"ListItem","position":2,"name":"Ny regions-ambassad\u00f8r i Region Midtjylland"}]},{"@type":"WebSite","@id":"https:\/\/www.interforce.dk\/#website","url":"https:\/\/www.interforce.dk\/","name":"InterForce","description":"","potentialAction":[{"@type":"SearchAction","target":{"@type":"EntryPoint","urlTemplate":"https:\/\/www.interforce.dk\/?s={search_term_string}"},"query-input":{"@type":"PropertyValueSpecification","valueRequired":true,"valueName":"search_term_string"}}],"inLanguage":"kl-GL"},{"@type":"Person","@id":"https:\/\/www.interforce.dk\/#\/schema\/person\/3604a2bb29e48048ea484fbfb3703fad","name":"Simon Staffeldt Schou","image":{"@type":"ImageObject","inLanguage":"kl-GL","@id":"https:\/\/secure.gravatar.com\/avatar\/1ff3b89414668243258c5ed26b84872c273dcdf7fe7ee0c553a52e1b4c2002fd?s=96&d=mm&r=g","url":"https:\/\/secure.gravatar.com\/avatar\/1ff3b89414668243258c5ed26b84872c273dcdf7fe7ee0c553a52e1b4c2002fd?s=96&d=mm&r=g","contentUrl":"https:\/\/secure.gravatar.com\/avatar\/1ff3b89414668243258c5ed26b84872c273dcdf7fe7ee0c553a52e1b4c2002fd?s=96&d=mm&r=g","caption":"Simon Staffeldt Schou"},"url":"https:\/\/www.interforce.dk\/kl\/author\/simon\/"}]}},"_links":{"self":[{"href":"https:\/\/www.interforce.dk\/kl\/wp-json\/wp\/v2\/posts\/13116","targetHints":{"allow":["GET"]}}],"collection":[{"href":"https:\/\/www.interforce.dk\/kl\/wp-json\/wp\/v2\/posts"}],"about":[{"href":"https:\/\/www.interforce.dk\/kl\/wp-json\/wp\/v2\/types\/post"}],"author":[{"embeddable":true,"href":"https:\/\/www.interforce.dk\/kl\/wp-json\/wp\/v2\/users\/111"}],"replies":[{"embeddable":true,"href":"https:\/\/www.interforce.dk\/kl\/wp-json\/wp\/v2\/comments?post=13116"}],"version-history":[{"count":3,"href":"https:\/\/www.interforce.dk\/kl\/wp-json\/wp\/v2\/posts\/13116\/revisions"}],"predecessor-version":[{"id":13121,"href":"https:\/\/www.interforce.dk\/kl\/wp-json\/wp\/v2\/posts\/13116\/revisions\/13121"}],"wp:featuredmedia":[{"embeddable":true,"href":"https:\/\/www.interforce.dk\/kl\/wp-json\/wp\/v2\/media\/13117"}],"wp:attachment":[{"href":"https:\/\/www.interforce.dk\/kl\/wp-json\/wp\/v2\/media?parent=13116"}],"wp:term":[{"taxonomy":"category","embeddable":true,"href":"https:\/\/www.interforce.dk\/kl\/wp-json\/wp\/v2\/categories?post=13116"},{"taxonomy":"post_tag","embeddable":true,"href":"https:\/\/www.interforce.dk\/kl\/wp-json\/wp\/v2\/tags?post=13116"}],"curies":[{"name":"wp","href":"https:\/\/api.w.org\/{rel}","templated":true}]}}