{"id":13034,"date":"2022-10-06T14:30:32","date_gmt":"2022-10-06T14:30:32","guid":{"rendered":"https:\/\/www.interforce.dk\/?p=13034"},"modified":"2022-10-24T10:38:42","modified_gmt":"2022-10-24T10:38:42","slug":"zilmer-rapporten","status":"publish","type":"post","link":"https:\/\/www.interforce.dk\/kl\/zilmer-rapporten\/","title":{"rendered":"Viceforsvarschefen om Zilmer-rapporten: Dyster l\u00e6sning"},"content":{"rendered":"<div class=\"block core-block core-block--paragraph\">\n      <div class=\"inner inner--small\">\n      \n<p>Hvad er omfanget af de geopolitiske og sikkerhedsm\u00e6ssige udfordringer, vi st\u00e5r overfor i denne tid? Og hvad siger Zilmer-rapporten om Danmarks sikkerhed i en verden i opbrud?<\/p>\n\n      <\/div>\n  <\/div>\n<div class=\"block core-block core-block--paragraph\">\n      <div class=\"inner inner--small\">\n      \n<p>Det var fokus for det arrangement, InterForce og VL sammen havde indbudt til d. 5. oktober i Danske Banks domicil i Aarhus.<\/p>\n\n      <\/div>\n  <\/div>\n<div class=\"block core-block core-block--image\">\n      <div class=\"inner inner--small\">\n      \n<figure class=\"wp-block-image size-large\"><img loading=\"lazy\" decoding=\"async\" width=\"683\" height=\"1024\" src=\"https:\/\/www.interforce.dk\/app\/uploads\/2022\/10\/IMG-0648-683x1024.jpg\" alt=\"Zilmer-rapporten var en af hovedomdrejningspunkterne p\u00e5 InterForce \/ VL-m\u00f8det i Aarhus\" class=\"wp-image-13039\" srcset=\"https:\/\/www.interforce.dk\/app\/uploads\/2022\/10\/IMG-0648-683x1024.jpg 683w, https:\/\/www.interforce.dk\/app\/uploads\/2022\/10\/IMG-0648-200x300.jpg 200w, https:\/\/www.interforce.dk\/app\/uploads\/2022\/10\/IMG-0648-768x1152.jpg 768w, https:\/\/www.interforce.dk\/app\/uploads\/2022\/10\/IMG-0648-1024x1536.jpg 1024w, https:\/\/www.interforce.dk\/app\/uploads\/2022\/10\/IMG-0648-1365x2048.jpg 1365w, https:\/\/www.interforce.dk\/app\/uploads\/2022\/10\/IMG-0648-8x12.jpg 8w, https:\/\/www.interforce.dk\/app\/uploads\/2022\/10\/IMG-0648-scaled.jpg 1707w\" sizes=\"auto, (max-width: 683px) 100vw, 683px\" \/><figcaption>Zilmer-rapporten var en af hovedomdrejningspunkterne p\u00e5 InterForce \/ VL-m\u00f8det i Aarhus<\/figcaption><\/figure>\n\n      <\/div>\n  <\/div>\n<div class=\"block core-block core-block--paragraph\">\n      <div class=\"inner inner--small\">\n      \n<p>Ligesom ved det foreg\u00e5ende InterForce \/ VL-arrangement p\u00e5 Frederiksberg Slot m\u00e5tte forsvarschef Flemming Lentfer desv\u00e6rre melde afbud. For situationen i \u00d8sters\u00f8en kr\u00e6vede hans opm\u00e6rksomhed, som en understregning af verdenssituationens alvor.<\/p>\n\n      <\/div>\n  <\/div>\n<div class=\"block core-block core-block--paragraph\">\n      <div class=\"inner inner--small\">\n      \n<p>I stedet deltog chefen for Forsvarsstaben, generall\u00f8jtnant Kenneth Pedersen, der sammen med forsvarschefen udg\u00f8r Forsvarets \u00f8verste ledelse.<\/p>\n\n      <\/div>\n  <\/div>\n<div class=\"block core-block core-block--heading\">\n      <div class=\"inner inner--small\">\n      \n<h2 class=\"wp-block-heading\">Deling af medarbejdere<\/h2>\n\n      <\/div>\n  <\/div>\n<div class=\"block core-block core-block--paragraph\">\n      <div class=\"inner inner--small\">\n      \n<p>De indbudte VL-medlemmer blev modtaget i Danske Banks domicil p\u00e5 havnen i Aarhus af Livgardens Tabourkorps.<\/p>\n\n      <\/div>\n  <\/div>\n<div class=\"block core-block core-block--image\">\n      <div class=\"inner inner--small\">\n      \n<figure class=\"wp-block-image size-large\"><img loading=\"lazy\" decoding=\"async\" width=\"683\" height=\"1024\" src=\"https:\/\/www.interforce.dk\/app\/uploads\/2022\/10\/IMG-0644-683x1024.jpg\" alt=\"To medlemmer af Livgardens Tambourkorps modtog g\u00e6sterne i Danske Banks domicil p\u00e5 havnen i Aarhus\" class=\"wp-image-13035\" srcset=\"https:\/\/www.interforce.dk\/app\/uploads\/2022\/10\/IMG-0644-683x1024.jpg 683w, https:\/\/www.interforce.dk\/app\/uploads\/2022\/10\/IMG-0644-200x300.jpg 200w, https:\/\/www.interforce.dk\/app\/uploads\/2022\/10\/IMG-0644-768x1152.jpg 768w, https:\/\/www.interforce.dk\/app\/uploads\/2022\/10\/IMG-0644-1024x1536.jpg 1024w, https:\/\/www.interforce.dk\/app\/uploads\/2022\/10\/IMG-0644-1365x2048.jpg 1365w, https:\/\/www.interforce.dk\/app\/uploads\/2022\/10\/IMG-0644-8x12.jpg 8w, https:\/\/www.interforce.dk\/app\/uploads\/2022\/10\/IMG-0644-scaled.jpg 1707w\" sizes=\"auto, (max-width: 683px) 100vw, 683px\" \/><figcaption>To medlemmer af Livgardens Tambourkorps modtog g\u00e6sterne i Danske Banks domicil p\u00e5 havnen i Aarhus<\/figcaption><\/figure>\n\n      <\/div>\n  <\/div>\n<div class=\"block core-block core-block--paragraph\">\n      <div class=\"inner inner--small\">\n      \n<p>Den administrerende direkt\u00f8r hos VL, Ida Bratting Kongsted, b\u00f8d velkommen, inden hun gav ordet til den afg\u00e5ende formand for InterForce Region Midtjylland, Peter Vinther Christensen.<\/p>\n\n      <\/div>\n  <\/div>\n<div class=\"block core-block core-block--paragraph\">\n      <div class=\"inner inner--small\">\n      \n<p>Hvad kan vi stille op som sm\u00e5statsnation i forhold til det \u00e6ndrede russiske trusselsbillede og de stigende udfordringer, Danmark st\u00e5r overfor? spurgte Peter Vinther Christensen retorisk og svarede: Vi kan yde vores del til NATO-samarbejdet.<\/p>\n\n      <\/div>\n  <\/div>\n<div class=\"block core-block core-block--image\">\n      <div class=\"inner inner--small\">\n      \n<figure class=\"wp-block-image size-large\"><img loading=\"lazy\" decoding=\"async\" width=\"683\" height=\"1024\" src=\"https:\/\/www.interforce.dk\/app\/uploads\/2022\/10\/IMG-0646-683x1024.jpg\" alt=\"Den afg\u00e5ende formand for InterForce Region Midtjylland, konsul og bestyrelsesformand Peter Vinther Christensen\" class=\"wp-image-13037\" srcset=\"https:\/\/www.interforce.dk\/app\/uploads\/2022\/10\/IMG-0646-683x1024.jpg 683w, https:\/\/www.interforce.dk\/app\/uploads\/2022\/10\/IMG-0646-200x300.jpg 200w, https:\/\/www.interforce.dk\/app\/uploads\/2022\/10\/IMG-0646-768x1152.jpg 768w, https:\/\/www.interforce.dk\/app\/uploads\/2022\/10\/IMG-0646-1024x1536.jpg 1024w, https:\/\/www.interforce.dk\/app\/uploads\/2022\/10\/IMG-0646-1365x2048.jpg 1365w, https:\/\/www.interforce.dk\/app\/uploads\/2022\/10\/IMG-0646-8x12.jpg 8w, https:\/\/www.interforce.dk\/app\/uploads\/2022\/10\/IMG-0646-scaled.jpg 1707w\" sizes=\"auto, (max-width: 683px) 100vw, 683px\" \/><figcaption>Den afg\u00e5ende formand for InterForce Region Midtjylland, konsul og bestyrelsesformand Peter Vinther Christensen<\/figcaption><\/figure>\n\n      <\/div>\n  <\/div>\n<div class=\"block core-block core-block--paragraph\">\n      <div class=\"inner inner--small\">\n      \n<p>For at vi kan g\u00f8re det, skal vi have et dansk forsvar, der har nok mandskab. Og med den udbredte mangel p\u00e5 arbejdskraft kr\u00e6ver det, at Forsvaret og det civile arbejdsmarked bliver bedre til at deles om medarbejderne.<\/p>\n\n      <\/div>\n  <\/div>\n<div class=\"block core-block core-block--paragraph\">\n      <div class=\"inner inner--small\">\n      \n<p>Falck arbejder p\u00e5 at lave fleksible deltidsans\u00e6ttelser, s\u00e5 deres reddere b\u00e5de kan arbejde hos Falck og v\u00e6re medics hos Forsvaret. Til f\u00e6lles gavn for Forsvaret og Falck. For Forsvaret f\u00e5r dermed i perioder nogle tiltr\u00e6ngte medarbejder-ressourcer. Og Falck f\u00e5r lettere ved at tiltr\u00e6kke yngre medarbejdere. Unge, der i stigende grad eftersp\u00f8rger alsidighed i deres ans\u00e6ttelser og et st\u00f8rre v\u00e6rdim\u00e6ssigt form\u00e5l, et purpose, med deres arbejde.<\/p>\n\n      <\/div>\n  <\/div>\n<div class=\"block core-block core-block--paragraph\">\n      <div class=\"inner inner--small\">\n      \n<p>Dette h\u00f8jere samfundsm\u00e6ssige form\u00e5l kan Forsvaret tilbyde, ud over en kompetencem\u00e6ssigt l\u00f8ft af den enkelte person.<\/p>\n\n      <\/div>\n  <\/div>\n<div class=\"block core-block core-block--paragraph\">\n      <div class=\"inner inner--small\">\n      \n<p>Med Falck som eksempel opfordrede Peter Vinther Christensen alle de fremm\u00f8dte til at melde deres virksomheder ind i InterForce-samarbejdet.<\/p>\n\n      <\/div>\n  <\/div>\n<div class=\"block core-block core-block--paragraph\">\n      <div class=\"inner inner--small\">\n      \n<p>For selvom ikke alle virksomheder vil kunne indg\u00e5 det samme samarbejde med Forsvaret som Falck, vil de fleste kunne bidrage. Fx med at give deres ansatte, der er reservister eller medlem af Hjemmev\u00e6rnet, fri i en r\u00e6kke dage om \u00e5ret, gerne med l\u00f8n. S\u00e5 de kan tr\u00e6kke i uniformen og v\u00e6re med til at l\u00f8fte de vigtige samfundsm\u00e6ssige opgaver, Danmark st\u00e5r overfor i en usikker tid.<\/p>\n\n      <\/div>\n  <\/div>\n<div class=\"block core-block core-block--heading\">\n      <div class=\"inner inner--small\">\n      \n<h2 class=\"wp-block-heading\">Ny formand for Region Midtjylland<\/h2>\n\n      <\/div>\n  <\/div>\n<div class=\"block core-block core-block--paragraph\">\n      <div class=\"inner inner--small\">\n      \n<p>Derefter gav Peter Vinther Christensen ordet til den tiltr\u00e6dende formand for InterForce Region Midtjylland, Henrik Herold.<\/p>\n\n      <\/div>\n  <\/div>\n<div class=\"block core-block core-block--paragraph\">\n      <div class=\"inner inner--small\">\n      \n<p>Henrik Herold er direkt\u00f8r for og grundl\u00e6gger af Randers Regnskov, kaptajn af reserven og tidligere udsendt til Jugoslavien.<\/p>\n\n      <\/div>\n  <\/div>\n<div class=\"block core-block core-block--image\">\n      <div class=\"inner inner--small\">\n      \n<figure class=\"wp-block-image size-large\"><img loading=\"lazy\" decoding=\"async\" width=\"683\" height=\"1024\" src=\"https:\/\/www.interforce.dk\/app\/uploads\/2022\/10\/IMG-0647-683x1024.jpg\" alt=\"Den nytiltr\u00e5dte formand for InterForce Region Midtjylland, direkt\u00f8r for Randers Regnskov Henrik Herold\" class=\"wp-image-13038\" srcset=\"https:\/\/www.interforce.dk\/app\/uploads\/2022\/10\/IMG-0647-683x1024.jpg 683w, https:\/\/www.interforce.dk\/app\/uploads\/2022\/10\/IMG-0647-200x300.jpg 200w, https:\/\/www.interforce.dk\/app\/uploads\/2022\/10\/IMG-0647-768x1152.jpg 768w, https:\/\/www.interforce.dk\/app\/uploads\/2022\/10\/IMG-0647-1024x1536.jpg 1024w, https:\/\/www.interforce.dk\/app\/uploads\/2022\/10\/IMG-0647-1365x2048.jpg 1365w, https:\/\/www.interforce.dk\/app\/uploads\/2022\/10\/IMG-0647-8x12.jpg 8w, https:\/\/www.interforce.dk\/app\/uploads\/2022\/10\/IMG-0647-scaled.jpg 1707w\" sizes=\"auto, (max-width: 683px) 100vw, 683px\" \/><figcaption>Den nytiltr\u00e5dte formand for InterForce Region Midtjylland, direkt\u00f8r for Randers Regnskov Henrik Herold<\/figcaption><\/figure>\n\n      <\/div>\n  <\/div>\n<div class=\"block core-block core-block--paragraph\">\n      <div class=\"inner inner--small\">\n      \n<p>Ved siden af sit arbejde med Randers Regnskov har han i en \u00e5rr\u00e6kke v\u00e6ret ambassad\u00f8r for InterForce, alts\u00e5 bindeled mellem InterForce og en r\u00e6kke virksomheder.<\/p>\n\n      <\/div>\n  <\/div>\n<div class=\"block core-block core-block--paragraph\">\n      <div class=\"inner inner--small\">\n      \n<p>I de kommende \u00e5r vil det v\u00e6re Henrik Herold, der vil st\u00e5 bag de arrangementer, InterForce vil tilbyde i Region Midtjylland. Derudover vil han v\u00e6re en endnu st\u00f8rre drivkraft for at etablere nye samarbejder mellem virksomheder og offentlige instanser i regionen og Forsvaret.<\/p>\n\n      <\/div>\n  <\/div>\n<div class=\"block core-block core-block--heading\">\n      <div class=\"inner inner--small\">\n      \n<h2 class=\"wp-block-heading\">Zilmer-rapporten og Danmarks sikkerhed<\/h2>\n\n      <\/div>\n  <\/div>\n<div class=\"block core-block core-block--paragraph\">\n      <div class=\"inner inner--small\">\n      \n<p>Vi st\u00e5r midt i en radikalt forandret verden, fremh\u00e6vede aftenens hovedtaler, chef for Forsvarsstaben generall\u00f8jtnant Kenneth Pedersen.<\/p>\n\n      <\/div>\n  <\/div>\n<div class=\"block core-block core-block--paragraph\">\n      <div class=\"inner inner--small\">\n      \n<p>De udfordringer, Danmark st\u00e5r overfor, er mange. Og der mere end nogensinde f\u00f8r brug for, at vi st\u00e5r sammen om at v\u00e6rne om Danmarks sikkerhed.<\/p>\n\n      <\/div>\n  <\/div>\n<div class=\"block core-block core-block--image\">\n      <div class=\"inner inner--small\">\n      \n<figure class=\"wp-block-image size-large\"><img loading=\"lazy\" decoding=\"async\" width=\"1024\" height=\"683\" src=\"https:\/\/www.interforce.dk\/app\/uploads\/2022\/10\/IMG-0650-1024x683.jpg\" alt=\"Chefen for Forsvarsstaben, generall\u00f8jtnant Kenneth Pedersen fortalte bl.a. om Zilmer-rapporten\" class=\"wp-image-13040\" srcset=\"https:\/\/www.interforce.dk\/app\/uploads\/2022\/10\/IMG-0650-1024x683.jpg 1024w, https:\/\/www.interforce.dk\/app\/uploads\/2022\/10\/IMG-0650-300x200.jpg 300w, https:\/\/www.interforce.dk\/app\/uploads\/2022\/10\/IMG-0650-768x512.jpg 768w, https:\/\/www.interforce.dk\/app\/uploads\/2022\/10\/IMG-0650-1536x1024.jpg 1536w, https:\/\/www.interforce.dk\/app\/uploads\/2022\/10\/IMG-0650-2048x1365.jpg 2048w, https:\/\/www.interforce.dk\/app\/uploads\/2022\/10\/IMG-0650-16x12.jpg 16w\" sizes=\"auto, (max-width: 1024px) 100vw, 1024px\" \/><figcaption>Chefen for Forsvarsstaben, generall\u00f8jtnant Kenneth Pedersen fortalte bl.a. om Zilmer-rapporten<\/figcaption><\/figure>\n\n      <\/div>\n  <\/div>\n<div class=\"block core-block core-block--paragraph\">\n      <div class=\"inner inner--small\">\n      \n<p>Det er nogle af de konklusioner, der bliver understreget i den dystre Zilmer-rapport, der lige er udkommet. Rapporten har navn efter den danske tidligere NATO-ambassad\u00f8r Michael&nbsp;Zilmer-Johns, der har st\u00e5et i spidsen for en bred sikkerhedspolitisk analysegruppe.<\/p>\n\n      <\/div>\n  <\/div>\n<div class=\"block core-block core-block--paragraph\">\n      <div class=\"inner inner--small\">\n      \n<p>Rapporten er langtfra hyggel\u00e6sning, understregede Kenneth Pedersen, men den er vigtig l\u00e6sning, ikke mindst for danske virksomheder. For den beskriver en verden, hvor magt igen st\u00e5r over ret. En verden, hvor virksomhederne i den grad skal overveje, hvor de placerer deres produktion eller etablerer forsyningsk\u00e6der.<\/p>\n\n      <\/div>\n  <\/div>\n<div class=\"block core-block core-block--paragraph\">\n      <div class=\"inner inner--small\">\n      \n<p>Kenneth Pedersen gl\u00e6dede sig over, at der p\u00e5 Christiansborg er blevet indg\u00e5et et national kompromis, som sikrer flere ressourcer til Forsvaret. Det bliver der i den grad brug for ift. de udfordringer, Danmarks vil st\u00e5 overfor. B\u00e5de hvad ang\u00e5r kommende klimaudfordringer, et markant \u00f8get russisk trusselsbillede og en forventet tiltagende migration fra Afrika og Mellem\u00f8sten.<\/p>\n\n      <\/div>\n  <\/div>\n<div class=\"block core-block core-block--paragraph\">\n      <div class=\"inner inner--small\">\n      \n<p>Nyt materiel og renoverede milit\u00e6re faciliteter g\u00f8r det bare ikke alene: Forsvaret vil skulle v\u00e6kste med 6.000-7.000 personel for at kunne l\u00f8fte sine opgaver. I den forbindelse vil en udvidelse af Reservestyrken \u2013 herunder reserven, Hjemmev\u00e6rnet og Beredskabsstyrelsen \u2013 spille en meget v\u00e6sentlig rolle. Det kr\u00e6ver et godt samarbejde med det civile arbejdsmarked, der skal give disse frivillige fri til tjeneste.<\/p>\n\n      <\/div>\n  <\/div>\n<div class=\"block core-block core-block--heading\">\n      <div class=\"inner inner--small\">\n      \n<h2 class=\"wp-block-heading\">Danmark som host nation<\/h2>\n\n      <\/div>\n  <\/div>\n<div class=\"block core-block core-block--paragraph\">\n      <div class=\"inner inner--small\">\n      \n<p>Efter denne indledning fortalte Kenneth Pedersen om det trusselsbillede, vi ser i forhold til krigen i Ukraine, risikoen for at Rusland bruger atomv\u00e5ben, det store konfliktpotentiale i Det sydkinesiske hav. Og ikke mindst om den nye situation i Skandinavien, hvor Finland og Sverige er p\u00e5 vej ind i NATO.<\/p>\n\n      <\/div>\n  <\/div>\n<div class=\"block core-block core-block--paragraph\">\n      <div class=\"inner inner--small\">\n      \n<p>En af konsekvenserne af NATOs udvidelse med Sverige og Finland er, at Danmark har f\u00e5et en st\u00f8rre rolle som host nation for s\u00e6rligt amerikanske styrker.<\/p>\n\n      <\/div>\n  <\/div>\n<div class=\"block core-block core-block--image\">\n      <div class=\"inner inner--small\">\n      \n<figure class=\"wp-block-image size-large\"><img loading=\"lazy\" decoding=\"async\" width=\"683\" height=\"1024\" src=\"https:\/\/www.interforce.dk\/app\/uploads\/2022\/10\/IMG-0652-683x1024.jpg\" alt=\"Danmark har en helt s\u00e6rlig rolle at spille som host nation ift. NATOs fremrykkede gr\u00e6nse mod Rusland, fremh\u00e6vede Kenneth Pedersen\" class=\"wp-image-13042\" srcset=\"https:\/\/www.interforce.dk\/app\/uploads\/2022\/10\/IMG-0652-683x1024.jpg 683w, https:\/\/www.interforce.dk\/app\/uploads\/2022\/10\/IMG-0652-200x300.jpg 200w, https:\/\/www.interforce.dk\/app\/uploads\/2022\/10\/IMG-0652-768x1152.jpg 768w, https:\/\/www.interforce.dk\/app\/uploads\/2022\/10\/IMG-0652-1024x1536.jpg 1024w, https:\/\/www.interforce.dk\/app\/uploads\/2022\/10\/IMG-0652-1365x2048.jpg 1365w, https:\/\/www.interforce.dk\/app\/uploads\/2022\/10\/IMG-0652-8x12.jpg 8w, https:\/\/www.interforce.dk\/app\/uploads\/2022\/10\/IMG-0652-scaled.jpg 1707w\" sizes=\"auto, (max-width: 683px) 100vw, 683px\" \/><figcaption>Danmark har en helt s\u00e6rlig rolle at spille som host nation ift. NATOs fremrykkede gr\u00e6nse mod Rusland, fremh\u00e6vede Kenneth Pedersen<\/figcaption><\/figure>\n\n      <\/div>\n  <\/div>\n<div class=\"block core-block core-block--paragraph\">\n      <div class=\"inner inner--small\">\n      \n<p>Det vil blive en k\u00e6mpe logistisk opgave for os som nation, hvis amerikanske tropper i st\u00f8rre stil skal lands\u00e6ttes i Esbjerg Havn. Uanset om de blot er p\u00e5 gennemfart gennem Danmark, eller om de i en t\u00e6nkt situation skal blive i landet i en kortere eller l\u00e6ngere periode.<\/p>\n\n      <\/div>\n  <\/div>\n<div class=\"block core-block core-block--paragraph\">\n      <div class=\"inner inner--small\">\n      \n<p>Med den store logistiske opgave \u00e5bner der sig en r\u00e6kke muligheder for private danske virksomheder. Det er noget af det, Forsvaret ser n\u00e6rmere p\u00e5 i denne tid. Sammen med muligheden for et udvidet samarbejde med de nordiske landes v\u00e5benindustrier og muligheden for at etablere en egentlig f\u00e6llesnordisk kommando.<\/p>\n\n      <\/div>\n  <\/div>\n<div class=\"block core-block core-block--paragraph\">\n      <div class=\"inner inner--small\">\n      \n<p>Her kan du l\u00e6se Zilmer-rapporten, <a href=\"https:\/\/www.forsvaret.dk\/da\/nyheder\/2022\/ny-rapport-tegner-billedet-for-dansk-sikkerhed-og-forsvar-frem-mod-2035\/\" target=\"_blank\" rel=\"noreferrer noopener\">\u2019Dansk sikkerhed og forsvar frem mod 2035\u2019<\/a>.<\/p>\n\n      <\/div>\n  <\/div>\n<div class=\"block core-block core-block--paragraph\">\n      <div class=\"inner inner--small\">\n      \n<p>Du kan l\u00e6se om og tilmelde dig andre kommende InterForce-arrangementer ved at <a href=\"https:\/\/www.interforce.dk\/kl\/events\/\" target=\"_blank\" rel=\"noreferrer noopener\">atuagaqarit<\/a>.<\/p>\n\n      <\/div>\n  <\/div>","protected":false},"excerpt":{"rendered":"Vi befinder os i en meget usikker verden, var generall\u00f8jtnant Kenneth Pedersens...","protected":false},"author":111,"featured_media":13041,"comment_status":"closed","ping_status":"closed","sticky":false,"template":"","format":"standard","meta":{"_acf_changed":false,"footnotes":""},"categories":[13],"tags":[97,52],"class_list":["post-13034","post","type-post","status-publish","format-standard","has-post-thumbnail","hentry","category-events","tag-interforce","tag-tag-midtjylland"],"acf":[],"yoast_head":"<!-- This site is optimized with the Yoast SEO plugin v27.3 - https:\/\/yoast.com\/product\/yoast-seo-wordpress\/ -->\n<title>Viceforsvarschefen om Zilmer-rapporten: Dyster l\u00e6sning - InterForce<\/title>\n<meta name=\"description\" content=\"Vi befinder os i en meget usikker verden, var generall\u00f8jtnant Kenneth Pedersens budskab p\u00e5 det seneste InterForce \/ VL-m\u00f8de.\" \/>\n<meta name=\"robots\" content=\"index, follow, max-snippet:-1, max-image-preview:large, max-video-preview:-1\" \/>\n<link rel=\"canonical\" href=\"https:\/\/www.interforce.dk\/kl\/zilmer-rapporten\/\" \/>\n<meta property=\"og:locale\" content=\"en_US\" \/>\n<meta property=\"og:type\" content=\"article\" \/>\n<meta property=\"og:title\" content=\"Viceforsvarschefen om Zilmer-rapporten: Dyster l\u00e6sning - InterForce\" \/>\n<meta property=\"og:description\" content=\"Vi befinder os i en meget usikker verden, var generall\u00f8jtnant Kenneth Pedersens budskab p\u00e5 det seneste InterForce \/ VL-m\u00f8de.\" \/>\n<meta property=\"og:url\" content=\"https:\/\/www.interforce.dk\/kl\/zilmer-rapporten\/\" \/>\n<meta property=\"og:site_name\" content=\"InterForce\" \/>\n<meta property=\"article:published_time\" content=\"2022-10-06T14:30:32+00:00\" \/>\n<meta property=\"article:modified_time\" content=\"2022-10-24T10:38:42+00:00\" \/>\n<meta property=\"og:image\" content=\"http:\/\/localhost\/app\/uploads\/2022\/10\/IMG-0651-scaled.jpg\" \/>\n\t<meta property=\"og:image:width\" content=\"1707\" \/>\n\t<meta property=\"og:image:height\" content=\"2560\" \/>\n\t<meta property=\"og:image:type\" content=\"image\/jpeg\" \/>\n<meta name=\"author\" content=\"Simon Staffeldt Schou\" \/>\n<meta name=\"twitter:card\" content=\"summary_large_image\" \/>\n<meta name=\"twitter:label1\" content=\"Written by\" \/>\n\t<meta name=\"twitter:data1\" content=\"Simon Staffeldt Schou\" \/>\n\t<meta name=\"twitter:label2\" content=\"Est. reading time\" \/>\n\t<meta name=\"twitter:data2\" content=\"6 minutes\" \/>\n<script type=\"application\/ld+json\" class=\"yoast-schema-graph\">{\"@context\":\"https:\\\/\\\/schema.org\",\"@graph\":[{\"@type\":\"Article\",\"@id\":\"https:\\\/\\\/www.interforce.dk\\\/zilmer-rapporten\\\/#article\",\"isPartOf\":{\"@id\":\"https:\\\/\\\/www.interforce.dk\\\/zilmer-rapporten\\\/\"},\"author\":{\"name\":\"Simon Staffeldt Schou\",\"@id\":\"https:\\\/\\\/www.interforce.dk\\\/#\\\/schema\\\/person\\\/3604a2bb29e48048ea484fbfb3703fad\"},\"headline\":\"Viceforsvarschefen om Zilmer-rapporten: Dyster l\u00e6sning\",\"datePublished\":\"2022-10-06T14:30:32+00:00\",\"dateModified\":\"2022-10-24T10:38:42+00:00\",\"mainEntityOfPage\":{\"@id\":\"https:\\\/\\\/www.interforce.dk\\\/zilmer-rapporten\\\/\"},\"wordCount\":1118,\"image\":{\"@id\":\"https:\\\/\\\/www.interforce.dk\\\/zilmer-rapporten\\\/#primaryimage\"},\"thumbnailUrl\":\"https:\\\/\\\/www.interforce.dk\\\/app\\\/uploads\\\/2022\\\/10\\\/IMG-0651-scaled.jpg\",\"keywords\":[\"InterForce\",\"Tag:Midtjylland\"],\"articleSection\":[\"Arrangementsomtale\"],\"inLanguage\":\"kl-GL\"},{\"@type\":\"WebPage\",\"@id\":\"https:\\\/\\\/www.interforce.dk\\\/zilmer-rapporten\\\/\",\"url\":\"https:\\\/\\\/www.interforce.dk\\\/zilmer-rapporten\\\/\",\"name\":\"Viceforsvarschefen om Zilmer-rapporten: Dyster l\u00e6sning - InterForce\",\"isPartOf\":{\"@id\":\"https:\\\/\\\/www.interforce.dk\\\/#website\"},\"primaryImageOfPage\":{\"@id\":\"https:\\\/\\\/www.interforce.dk\\\/zilmer-rapporten\\\/#primaryimage\"},\"image\":{\"@id\":\"https:\\\/\\\/www.interforce.dk\\\/zilmer-rapporten\\\/#primaryimage\"},\"thumbnailUrl\":\"https:\\\/\\\/www.interforce.dk\\\/app\\\/uploads\\\/2022\\\/10\\\/IMG-0651-scaled.jpg\",\"datePublished\":\"2022-10-06T14:30:32+00:00\",\"dateModified\":\"2022-10-24T10:38:42+00:00\",\"author\":{\"@id\":\"https:\\\/\\\/www.interforce.dk\\\/#\\\/schema\\\/person\\\/3604a2bb29e48048ea484fbfb3703fad\"},\"description\":\"Vi befinder os i en meget usikker verden, var generall\u00f8jtnant Kenneth Pedersens budskab p\u00e5 det seneste InterForce \\\/ VL-m\u00f8de.\",\"breadcrumb\":{\"@id\":\"https:\\\/\\\/www.interforce.dk\\\/zilmer-rapporten\\\/#breadcrumb\"},\"inLanguage\":\"kl-GL\",\"potentialAction\":[{\"@type\":\"ReadAction\",\"target\":[\"https:\\\/\\\/www.interforce.dk\\\/zilmer-rapporten\\\/\"]}]},{\"@type\":\"ImageObject\",\"inLanguage\":\"kl-GL\",\"@id\":\"https:\\\/\\\/www.interforce.dk\\\/zilmer-rapporten\\\/#primaryimage\",\"url\":\"https:\\\/\\\/www.interforce.dk\\\/app\\\/uploads\\\/2022\\\/10\\\/IMG-0651-scaled.jpg\",\"contentUrl\":\"https:\\\/\\\/www.interforce.dk\\\/app\\\/uploads\\\/2022\\\/10\\\/IMG-0651-scaled.jpg\",\"width\":1707,\"height\":2560},{\"@type\":\"BreadcrumbList\",\"@id\":\"https:\\\/\\\/www.interforce.dk\\\/zilmer-rapporten\\\/#breadcrumb\",\"itemListElement\":[{\"@type\":\"ListItem\",\"position\":1,\"name\":\"Hjem\",\"item\":\"https:\\\/\\\/www.interforce.dk\\\/\"},{\"@type\":\"ListItem\",\"position\":2,\"name\":\"Viceforsvarschefen om Zilmer-rapporten: Dyster l\u00e6sning\"}]},{\"@type\":\"WebSite\",\"@id\":\"https:\\\/\\\/www.interforce.dk\\\/#website\",\"url\":\"https:\\\/\\\/www.interforce.dk\\\/\",\"name\":\"InterForce\",\"description\":\"\",\"potentialAction\":[{\"@type\":\"SearchAction\",\"target\":{\"@type\":\"EntryPoint\",\"urlTemplate\":\"https:\\\/\\\/www.interforce.dk\\\/?s={search_term_string}\"},\"query-input\":{\"@type\":\"PropertyValueSpecification\",\"valueRequired\":true,\"valueName\":\"search_term_string\"}}],\"inLanguage\":\"kl-GL\"},{\"@type\":\"Person\",\"@id\":\"https:\\\/\\\/www.interforce.dk\\\/#\\\/schema\\\/person\\\/3604a2bb29e48048ea484fbfb3703fad\",\"name\":\"Simon Staffeldt Schou\",\"image\":{\"@type\":\"ImageObject\",\"inLanguage\":\"kl-GL\",\"@id\":\"https:\\\/\\\/secure.gravatar.com\\\/avatar\\\/1ff3b89414668243258c5ed26b84872c273dcdf7fe7ee0c553a52e1b4c2002fd?s=96&d=mm&r=g\",\"url\":\"https:\\\/\\\/secure.gravatar.com\\\/avatar\\\/1ff3b89414668243258c5ed26b84872c273dcdf7fe7ee0c553a52e1b4c2002fd?s=96&d=mm&r=g\",\"contentUrl\":\"https:\\\/\\\/secure.gravatar.com\\\/avatar\\\/1ff3b89414668243258c5ed26b84872c273dcdf7fe7ee0c553a52e1b4c2002fd?s=96&d=mm&r=g\",\"caption\":\"Simon Staffeldt Schou\"},\"url\":\"https:\\\/\\\/www.interforce.dk\\\/kl\\\/author\\\/simon\\\/\"}]}<\/script>\n<!-- \/ Yoast SEO plugin. -->","yoast_head_json":{"title":"Viceforsvarschefen om Zilmer-rapporten: Dyster l\u00e6sning - InterForce","description":"Vi befinder os i en meget usikker verden, var generall\u00f8jtnant Kenneth Pedersens budskab p\u00e5 det seneste InterForce \/ VL-m\u00f8de.","robots":{"index":"index","follow":"follow","max-snippet":"max-snippet:-1","max-image-preview":"max-image-preview:large","max-video-preview":"max-video-preview:-1"},"canonical":"https:\/\/www.interforce.dk\/kl\/zilmer-rapporten\/","og_locale":"en_US","og_type":"article","og_title":"Viceforsvarschefen om Zilmer-rapporten: Dyster l\u00e6sning - InterForce","og_description":"Vi befinder os i en meget usikker verden, var generall\u00f8jtnant Kenneth Pedersens budskab p\u00e5 det seneste InterForce \/ VL-m\u00f8de.","og_url":"https:\/\/www.interforce.dk\/kl\/zilmer-rapporten\/","og_site_name":"InterForce","article_published_time":"2022-10-06T14:30:32+00:00","article_modified_time":"2022-10-24T10:38:42+00:00","og_image":[{"width":1707,"height":2560,"url":"http:\/\/localhost\/app\/uploads\/2022\/10\/IMG-0651-scaled.jpg","type":"image\/jpeg"}],"author":"Simon Staffeldt Schou","twitter_card":"summary_large_image","twitter_misc":{"Written by":"Simon Staffeldt Schou","Est. reading time":"6 minutes"},"schema":{"@context":"https:\/\/schema.org","@graph":[{"@type":"Article","@id":"https:\/\/www.interforce.dk\/zilmer-rapporten\/#article","isPartOf":{"@id":"https:\/\/www.interforce.dk\/zilmer-rapporten\/"},"author":{"name":"Simon Staffeldt Schou","@id":"https:\/\/www.interforce.dk\/#\/schema\/person\/3604a2bb29e48048ea484fbfb3703fad"},"headline":"Viceforsvarschefen om Zilmer-rapporten: Dyster l\u00e6sning","datePublished":"2022-10-06T14:30:32+00:00","dateModified":"2022-10-24T10:38:42+00:00","mainEntityOfPage":{"@id":"https:\/\/www.interforce.dk\/zilmer-rapporten\/"},"wordCount":1118,"image":{"@id":"https:\/\/www.interforce.dk\/zilmer-rapporten\/#primaryimage"},"thumbnailUrl":"https:\/\/www.interforce.dk\/app\/uploads\/2022\/10\/IMG-0651-scaled.jpg","keywords":["InterForce","Tag:Midtjylland"],"articleSection":["Arrangementsomtale"],"inLanguage":"kl-GL"},{"@type":"WebPage","@id":"https:\/\/www.interforce.dk\/zilmer-rapporten\/","url":"https:\/\/www.interforce.dk\/zilmer-rapporten\/","name":"Viceforsvarschefen om Zilmer-rapporten: Dyster l\u00e6sning - InterForce","isPartOf":{"@id":"https:\/\/www.interforce.dk\/#website"},"primaryImageOfPage":{"@id":"https:\/\/www.interforce.dk\/zilmer-rapporten\/#primaryimage"},"image":{"@id":"https:\/\/www.interforce.dk\/zilmer-rapporten\/#primaryimage"},"thumbnailUrl":"https:\/\/www.interforce.dk\/app\/uploads\/2022\/10\/IMG-0651-scaled.jpg","datePublished":"2022-10-06T14:30:32+00:00","dateModified":"2022-10-24T10:38:42+00:00","author":{"@id":"https:\/\/www.interforce.dk\/#\/schema\/person\/3604a2bb29e48048ea484fbfb3703fad"},"description":"Vi befinder os i en meget usikker verden, var generall\u00f8jtnant Kenneth Pedersens budskab p\u00e5 det seneste InterForce \/ VL-m\u00f8de.","breadcrumb":{"@id":"https:\/\/www.interforce.dk\/zilmer-rapporten\/#breadcrumb"},"inLanguage":"kl-GL","potentialAction":[{"@type":"ReadAction","target":["https:\/\/www.interforce.dk\/zilmer-rapporten\/"]}]},{"@type":"ImageObject","inLanguage":"kl-GL","@id":"https:\/\/www.interforce.dk\/zilmer-rapporten\/#primaryimage","url":"https:\/\/www.interforce.dk\/app\/uploads\/2022\/10\/IMG-0651-scaled.jpg","contentUrl":"https:\/\/www.interforce.dk\/app\/uploads\/2022\/10\/IMG-0651-scaled.jpg","width":1707,"height":2560},{"@type":"BreadcrumbList","@id":"https:\/\/www.interforce.dk\/zilmer-rapporten\/#breadcrumb","itemListElement":[{"@type":"ListItem","position":1,"name":"Hjem","item":"https:\/\/www.interforce.dk\/"},{"@type":"ListItem","position":2,"name":"Viceforsvarschefen om Zilmer-rapporten: Dyster l\u00e6sning"}]},{"@type":"WebSite","@id":"https:\/\/www.interforce.dk\/#website","url":"https:\/\/www.interforce.dk\/","name":"InterForce","description":"","potentialAction":[{"@type":"SearchAction","target":{"@type":"EntryPoint","urlTemplate":"https:\/\/www.interforce.dk\/?s={search_term_string}"},"query-input":{"@type":"PropertyValueSpecification","valueRequired":true,"valueName":"search_term_string"}}],"inLanguage":"kl-GL"},{"@type":"Person","@id":"https:\/\/www.interforce.dk\/#\/schema\/person\/3604a2bb29e48048ea484fbfb3703fad","name":"Simon Staffeldt Schou","image":{"@type":"ImageObject","inLanguage":"kl-GL","@id":"https:\/\/secure.gravatar.com\/avatar\/1ff3b89414668243258c5ed26b84872c273dcdf7fe7ee0c553a52e1b4c2002fd?s=96&d=mm&r=g","url":"https:\/\/secure.gravatar.com\/avatar\/1ff3b89414668243258c5ed26b84872c273dcdf7fe7ee0c553a52e1b4c2002fd?s=96&d=mm&r=g","contentUrl":"https:\/\/secure.gravatar.com\/avatar\/1ff3b89414668243258c5ed26b84872c273dcdf7fe7ee0c553a52e1b4c2002fd?s=96&d=mm&r=g","caption":"Simon Staffeldt Schou"},"url":"https:\/\/www.interforce.dk\/kl\/author\/simon\/"}]}},"_links":{"self":[{"href":"https:\/\/www.interforce.dk\/kl\/wp-json\/wp\/v2\/posts\/13034","targetHints":{"allow":["GET"]}}],"collection":[{"href":"https:\/\/www.interforce.dk\/kl\/wp-json\/wp\/v2\/posts"}],"about":[{"href":"https:\/\/www.interforce.dk\/kl\/wp-json\/wp\/v2\/types\/post"}],"author":[{"embeddable":true,"href":"https:\/\/www.interforce.dk\/kl\/wp-json\/wp\/v2\/users\/111"}],"replies":[{"embeddable":true,"href":"https:\/\/www.interforce.dk\/kl\/wp-json\/wp\/v2\/comments?post=13034"}],"version-history":[{"count":8,"href":"https:\/\/www.interforce.dk\/kl\/wp-json\/wp\/v2\/posts\/13034\/revisions"}],"predecessor-version":[{"id":13051,"href":"https:\/\/www.interforce.dk\/kl\/wp-json\/wp\/v2\/posts\/13034\/revisions\/13051"}],"wp:featuredmedia":[{"embeddable":true,"href":"https:\/\/www.interforce.dk\/kl\/wp-json\/wp\/v2\/media\/13041"}],"wp:attachment":[{"href":"https:\/\/www.interforce.dk\/kl\/wp-json\/wp\/v2\/media?parent=13034"}],"wp:term":[{"taxonomy":"category","embeddable":true,"href":"https:\/\/www.interforce.dk\/kl\/wp-json\/wp\/v2\/categories?post=13034"},{"taxonomy":"post_tag","embeddable":true,"href":"https:\/\/www.interforce.dk\/kl\/wp-json\/wp\/v2\/tags?post=13034"}],"curies":[{"name":"wp","href":"https:\/\/api.w.org\/{rel}","templated":true}]}}