{"id":12599,"date":"2022-05-19T10:20:47","date_gmt":"2022-05-19T10:20:47","guid":{"rendered":"https:\/\/www.interforce.dk\/?p=12599"},"modified":"2022-05-19T10:20:47","modified_gmt":"2022-05-19T10:20:47","slug":"syddjurs-kommune-stoetter-op-om-de-frivillige-fra-reserven-og-hjemmevaernet","status":"publish","type":"post","link":"https:\/\/www.interforce.dk\/kl\/syddjurs-kommune-stoetter-op-om-de-frivillige-fra-reserven-og-hjemmevaernet\/","title":{"rendered":"Syddjurs Kommune st\u00f8tter op om de frivillige fra reserven og Hjemmev\u00e6rnet"},"content":{"rendered":"<div class=\"block core-block core-block--image\">\n      <div class=\"inner inner--small\">\n      \n<figure class=\"wp-block-image size-large\"><img loading=\"lazy\" decoding=\"async\" width=\"640\" height=\"480\" src=\"\/app\/uploads\/2022\/05\/Syddjurs-Kommune.jpg\" alt=\"\" class=\"wp-image-12600\" srcset=\"https:\/\/www.interforce.dk\/app\/uploads\/2022\/05\/Syddjurs-Kommune.jpg 640w, https:\/\/www.interforce.dk\/app\/uploads\/2022\/05\/Syddjurs-Kommune-300x225.jpg 300w, https:\/\/www.interforce.dk\/app\/uploads\/2022\/05\/Syddjurs-Kommune-16x12.jpg 16w\" sizes=\"auto, (max-width: 640px) 100vw, 640px\" \/><figcaption>Tv. Ambassad\u00f8r Claus Winter og Borgmester Michael Stegger Jensen<br><br><br><br><\/figcaption><\/figure>\n\n      <\/div>\n  <\/div>\n<div class=\"block core-block core-block--paragraph\">\n      <div class=\"inner inner--small\">\n      \n<p>Borgmester Michael Stegger Jensen fik tirsdag den 17. maj 2022 overrakt et skjold som en synlig anerkendelse af, at Syddjurs Kommune indg\u00e5r i InterForce samarbejdet om frivillige i reserven og Hjemmev\u00e6rnet. Med samarbejdet anerkender kommunen de frivilliges samfundsnyttige indsats og er positiv over for medarbejderens deltagelse som frivillige, s\u00e5 vidt arbejdet i kommunen tillader det.\u00a0<strong>\u00a0\u00a0 \u00a0<\/strong><\/p>\n\n      <\/div>\n  <\/div>\n<div class=\"block core-block core-block--paragraph\">\n      <div class=\"inner inner--small\">\n      \n<p>InterForce er et samarbejde mellem forsvaret og private og offentlige virksomheder om forsvarets brug af reserven og Hjemmev\u00e6rnets frivillige. Samarbejdet betyder blandt andet at milit\u00e6rfolk af reserven, veteraner og hjemmev\u00e6rnsfolk, som til hverdag arbejder for eksempel i Syddjurs Kommune, kan indg\u00e5 i forsvarssammenh\u00e6nge, s\u00e5 vidt arbejdet i kommunen tillader det.<\/p>\n\n      <\/div>\n  <\/div>\n<div class=\"block core-block core-block--paragraph\">\n      <div class=\"inner inner--small\">\n      \n<p>Tirsdag den 17. maj var Claus Winther, der er aktiv officer i reserven og engageret i InterForce som ambassad\u00f8r, p\u00e5 bes\u00f8g i Syddjurs Kommune. Her m\u00f8dtes han med borgmester Michel Stegger Jensen, for at dr\u00f8fte de mange forskellige opgaver, der l\u00f8ses af reserven og Hjemmev\u00e6rnet. Aktuelt kan der v\u00e6re behov for at f\u00e5 frigjort personale til at hj\u00e6lpe udenlandske styrker p\u00e5 plads i forbindelse med \u00f8velser.&nbsp;<\/p>\n\n      <\/div>\n  <\/div>\n<div class=\"block core-block core-block--paragraph\">\n      <div class=\"inner inner--small\">\n      \n<p>Borgmester Michael Stegger Jensen udtaler om samarbejdet med InterForce:<\/p>\n\n      <\/div>\n  <\/div>\n<div class=\"block core-block core-block--paragraph\">\n      <div class=\"inner inner--small\">\n      \n<p>&#8220;De frivillige i reserven og i Hjemmev\u00e6rnet l\u00f8ser v\u00e6sentlige opgaver i forhold til vores f\u00e6lles sikkerhed og beredskab. Det er en opgave, som kun er blevet vigtigere, n\u00e5r man t\u00e6nker p\u00e5 den aktuelle sikkerheds situation i Europa. Fra kommunes side bakker vi op om vores frivillige og anerkender deres indsats. Derfor er det ogs\u00e5 naturligt, at vi sikrer muligheden for at vores medarbejdere kan deltage som frivillige, s\u00e5 l\u00e6nge vores normale drift kan opretholdes&#8221;.<\/p>\n\n      <\/div>\n  <\/div>\n<div class=\"block core-block core-block--paragraph\">\n      <div class=\"inner inner--small\">\n      \n<p>Efter m\u00f8det overrakte ambassad\u00f8r for InterForce Claus Winter et skjold til borgmester Michael Stegger Jensen som synligt bevis p\u00e5 samarbejdet.<\/p>\n\n      <\/div>\n  <\/div>\n<div class=\"block core-block core-block--paragraph\">\n      <div class=\"inner inner--small\">\n      \n<p>Ambassad\u00f8r for InterForce Claus Winther, der til daglig er salgsdirekt\u00f8r og frivillig som aktiv officer i reserven, udtaler om samarbejdet:<\/p>\n\n      <\/div>\n  <\/div>\n<div class=\"block core-block core-block--paragraph\">\n      <div class=\"inner inner--small\">\n      \n<p>&#8220;Jeg er en af de mange, der b\u00e5de har et fast job i det civile og samtidig er aktiv i reserven. Jeg ved derfor, hvor vigtigt et positivt syn p\u00e5, at man gerne vil bidrage til forsvaret er, og at man faktisk kommer med kompetencer, der ogs\u00e5 kan bruges i ens faste, civile arbejde. Samtidig er det en synlig anerkendelse af, at man har forst\u00e5else for vores forsvar. Syddjurs\u00a0Kommune\u00a0har l\u00e6nge v\u00e6ret medlem af InterForce og f\u00e5r nu et synligt bevis herfor&#8221;.<\/p>\n\n      <\/div>\n  <\/div>\n<div class=\"block core-block core-block--paragraph\">\n      <div class=\"inner inner--small\">\n      \n<p>P\u00e5 m\u00f8det dr\u00f8ftede man ogs\u00e5 muligheden for at kommunen vedtager en politik, som s\u00e6tter rammerne for hvordan de ansatte kan deltage som frivillige i forsvaret.<\/p>\n\n      <\/div>\n  <\/div>","protected":false},"excerpt":{"rendered":"Borgmester Michael Stegger Jensen fik tirsdag den 17. maj 2022 overrakt et skjol...","protected":false},"author":26,"featured_media":12600,"comment_status":"closed","ping_status":"closed","sticky":false,"template":"","format":"standard","meta":{"_acf_changed":false,"footnotes":""},"categories":[56],"tags":[52],"class_list":["post-12599","post","type-post","status-publish","format-standard","has-post-thumbnail","hentry","category-erhvervsliv","tag-tag-midtjylland"],"acf":[],"yoast_head":"<!-- This site is optimized with the Yoast SEO plugin v27.3 - https:\/\/yoast.com\/product\/yoast-seo-wordpress\/ -->\n<title>Syddjurs Kommune st\u00f8tter op om de frivillige fra reserven og Hjemmev\u00e6rnet - InterForce<\/title>\n<meta name=\"robots\" content=\"index, follow, max-snippet:-1, max-image-preview:large, max-video-preview:-1\" \/>\n<link rel=\"canonical\" href=\"https:\/\/www.interforce.dk\/kl\/syddjurs-kommune-stoetter-op-om-de-frivillige-fra-reserven-og-hjemmevaernet\/\" \/>\n<meta property=\"og:locale\" content=\"en_US\" \/>\n<meta property=\"og:type\" content=\"article\" \/>\n<meta property=\"og:title\" content=\"Syddjurs Kommune st\u00f8tter op om de frivillige fra reserven og Hjemmev\u00e6rnet - InterForce\" \/>\n<meta property=\"og:description\" content=\"Borgmester Michael Stegger Jensen fik tirsdag den 17. maj 2022 overrakt et skjold som en synlig anerkendelse af, at Syddjurs Kommune indg\u00e5r i InterForce samarbejdet om frivillige i reserven og Hjemmev\u00e6rnet. Med samarbejdet anerkender kommunen de frivilliges samfundsnyttige indsats og er positiv over for medarbejderens deltagelse som frivillige, s\u00e5 vidt arbejdet i kommunen tillader det.\u00a0\u00a0\u00a0 &hellip;\" \/>\n<meta property=\"og:url\" content=\"https:\/\/www.interforce.dk\/kl\/syddjurs-kommune-stoetter-op-om-de-frivillige-fra-reserven-og-hjemmevaernet\/\" \/>\n<meta property=\"og:site_name\" content=\"InterForce\" \/>\n<meta property=\"article:published_time\" content=\"2022-05-19T10:20:47+00:00\" \/>\n<meta property=\"og:image\" content=\"https:\/\/www.interforce.dk\/app\/uploads\/2022\/05\/Syddjurs-Kommune.jpg\" \/>\n\t<meta property=\"og:image:width\" content=\"640\" \/>\n\t<meta property=\"og:image:height\" content=\"480\" \/>\n\t<meta property=\"og:image:type\" content=\"image\/jpeg\" \/>\n<meta name=\"author\" content=\"Birgitte Nielsen\" \/>\n<meta name=\"twitter:card\" content=\"summary_large_image\" \/>\n<meta name=\"twitter:label1\" content=\"Written by\" \/>\n\t<meta name=\"twitter:data1\" content=\"Birgitte Nielsen\" \/>\n\t<meta name=\"twitter:label2\" content=\"Est. reading time\" \/>\n\t<meta name=\"twitter:data2\" content=\"3 minutes\" \/>\n<script type=\"application\/ld+json\" class=\"yoast-schema-graph\">{\"@context\":\"https:\\\/\\\/schema.org\",\"@graph\":[{\"@type\":\"Article\",\"@id\":\"https:\\\/\\\/www.interforce.dk\\\/syddjurs-kommune-stoetter-op-om-de-frivillige-fra-reserven-og-hjemmevaernet\\\/#article\",\"isPartOf\":{\"@id\":\"https:\\\/\\\/www.interforce.dk\\\/syddjurs-kommune-stoetter-op-om-de-frivillige-fra-reserven-og-hjemmevaernet\\\/\"},\"author\":{\"name\":\"Birgitte Nielsen\",\"@id\":\"https:\\\/\\\/www.interforce.dk\\\/#\\\/schema\\\/person\\\/41b0658575535ca51309711ff349b9e3\"},\"headline\":\"Syddjurs Kommune st\u00f8tter op om de frivillige fra reserven og Hjemmev\u00e6rnet\",\"datePublished\":\"2022-05-19T10:20:47+00:00\",\"mainEntityOfPage\":{\"@id\":\"https:\\\/\\\/www.interforce.dk\\\/syddjurs-kommune-stoetter-op-om-de-frivillige-fra-reserven-og-hjemmevaernet\\\/\"},\"wordCount\":456,\"image\":{\"@id\":\"https:\\\/\\\/www.interforce.dk\\\/syddjurs-kommune-stoetter-op-om-de-frivillige-fra-reserven-og-hjemmevaernet\\\/#primaryimage\"},\"thumbnailUrl\":\"https:\\\/\\\/www.interforce.dk\\\/app\\\/uploads\\\/2022\\\/05\\\/Syddjurs-Kommune.jpg\",\"keywords\":[\"Tag:Midtjylland\"],\"articleSection\":[\"Erhvervsliv\"],\"inLanguage\":\"kl-GL\"},{\"@type\":\"WebPage\",\"@id\":\"https:\\\/\\\/www.interforce.dk\\\/syddjurs-kommune-stoetter-op-om-de-frivillige-fra-reserven-og-hjemmevaernet\\\/\",\"url\":\"https:\\\/\\\/www.interforce.dk\\\/syddjurs-kommune-stoetter-op-om-de-frivillige-fra-reserven-og-hjemmevaernet\\\/\",\"name\":\"Syddjurs Kommune st\u00f8tter op om de frivillige fra reserven og Hjemmev\u00e6rnet - InterForce\",\"isPartOf\":{\"@id\":\"https:\\\/\\\/www.interforce.dk\\\/#website\"},\"primaryImageOfPage\":{\"@id\":\"https:\\\/\\\/www.interforce.dk\\\/syddjurs-kommune-stoetter-op-om-de-frivillige-fra-reserven-og-hjemmevaernet\\\/#primaryimage\"},\"image\":{\"@id\":\"https:\\\/\\\/www.interforce.dk\\\/syddjurs-kommune-stoetter-op-om-de-frivillige-fra-reserven-og-hjemmevaernet\\\/#primaryimage\"},\"thumbnailUrl\":\"https:\\\/\\\/www.interforce.dk\\\/app\\\/uploads\\\/2022\\\/05\\\/Syddjurs-Kommune.jpg\",\"datePublished\":\"2022-05-19T10:20:47+00:00\",\"author\":{\"@id\":\"https:\\\/\\\/www.interforce.dk\\\/#\\\/schema\\\/person\\\/41b0658575535ca51309711ff349b9e3\"},\"breadcrumb\":{\"@id\":\"https:\\\/\\\/www.interforce.dk\\\/syddjurs-kommune-stoetter-op-om-de-frivillige-fra-reserven-og-hjemmevaernet\\\/#breadcrumb\"},\"inLanguage\":\"kl-GL\",\"potentialAction\":[{\"@type\":\"ReadAction\",\"target\":[\"https:\\\/\\\/www.interforce.dk\\\/syddjurs-kommune-stoetter-op-om-de-frivillige-fra-reserven-og-hjemmevaernet\\\/\"]}]},{\"@type\":\"ImageObject\",\"inLanguage\":\"kl-GL\",\"@id\":\"https:\\\/\\\/www.interforce.dk\\\/syddjurs-kommune-stoetter-op-om-de-frivillige-fra-reserven-og-hjemmevaernet\\\/#primaryimage\",\"url\":\"https:\\\/\\\/www.interforce.dk\\\/app\\\/uploads\\\/2022\\\/05\\\/Syddjurs-Kommune.jpg\",\"contentUrl\":\"https:\\\/\\\/www.interforce.dk\\\/app\\\/uploads\\\/2022\\\/05\\\/Syddjurs-Kommune.jpg\",\"width\":640,\"height\":480},{\"@type\":\"BreadcrumbList\",\"@id\":\"https:\\\/\\\/www.interforce.dk\\\/syddjurs-kommune-stoetter-op-om-de-frivillige-fra-reserven-og-hjemmevaernet\\\/#breadcrumb\",\"itemListElement\":[{\"@type\":\"ListItem\",\"position\":1,\"name\":\"Hjem\",\"item\":\"https:\\\/\\\/www.interforce.dk\\\/\"},{\"@type\":\"ListItem\",\"position\":2,\"name\":\"Syddjurs Kommune st\u00f8tter op om de frivillige fra reserven og Hjemmev\u00e6rnet\"}]},{\"@type\":\"WebSite\",\"@id\":\"https:\\\/\\\/www.interforce.dk\\\/#website\",\"url\":\"https:\\\/\\\/www.interforce.dk\\\/\",\"name\":\"InterForce\",\"description\":\"\",\"potentialAction\":[{\"@type\":\"SearchAction\",\"target\":{\"@type\":\"EntryPoint\",\"urlTemplate\":\"https:\\\/\\\/www.interforce.dk\\\/?s={search_term_string}\"},\"query-input\":{\"@type\":\"PropertyValueSpecification\",\"valueRequired\":true,\"valueName\":\"search_term_string\"}}],\"inLanguage\":\"kl-GL\"},{\"@type\":\"Person\",\"@id\":\"https:\\\/\\\/www.interforce.dk\\\/#\\\/schema\\\/person\\\/41b0658575535ca51309711ff349b9e3\",\"name\":\"Birgitte Nielsen\",\"image\":{\"@type\":\"ImageObject\",\"inLanguage\":\"kl-GL\",\"@id\":\"https:\\\/\\\/secure.gravatar.com\\\/avatar\\\/81b3d9e74c5222861e29f3ef814bb64697af08736530ea8aaa6d2773f4c878e3?s=96&d=mm&r=g\",\"url\":\"https:\\\/\\\/secure.gravatar.com\\\/avatar\\\/81b3d9e74c5222861e29f3ef814bb64697af08736530ea8aaa6d2773f4c878e3?s=96&d=mm&r=g\",\"contentUrl\":\"https:\\\/\\\/secure.gravatar.com\\\/avatar\\\/81b3d9e74c5222861e29f3ef814bb64697af08736530ea8aaa6d2773f4c878e3?s=96&d=mm&r=g\",\"caption\":\"Birgitte Nielsen\"},\"url\":\"https:\\\/\\\/www.interforce.dk\\\/kl\\\/author\\\/midtjyllandinterforce-dk\\\/\"}]}<\/script>\n<!-- \/ Yoast SEO plugin. -->","yoast_head_json":{"title":"Syddjurs Kommune st\u00f8tter op om de frivillige fra reserven og Hjemmev\u00e6rnet - InterForce","robots":{"index":"index","follow":"follow","max-snippet":"max-snippet:-1","max-image-preview":"max-image-preview:large","max-video-preview":"max-video-preview:-1"},"canonical":"https:\/\/www.interforce.dk\/kl\/syddjurs-kommune-stoetter-op-om-de-frivillige-fra-reserven-og-hjemmevaernet\/","og_locale":"en_US","og_type":"article","og_title":"Syddjurs Kommune st\u00f8tter op om de frivillige fra reserven og Hjemmev\u00e6rnet - InterForce","og_description":"Borgmester Michael Stegger Jensen fik tirsdag den 17. maj 2022 overrakt et skjold som en synlig anerkendelse af, at Syddjurs Kommune indg\u00e5r i InterForce samarbejdet om frivillige i reserven og Hjemmev\u00e6rnet. Med samarbejdet anerkender kommunen de frivilliges samfundsnyttige indsats og er positiv over for medarbejderens deltagelse som frivillige, s\u00e5 vidt arbejdet i kommunen tillader det.\u00a0\u00a0\u00a0 &hellip;","og_url":"https:\/\/www.interforce.dk\/kl\/syddjurs-kommune-stoetter-op-om-de-frivillige-fra-reserven-og-hjemmevaernet\/","og_site_name":"InterForce","article_published_time":"2022-05-19T10:20:47+00:00","og_image":[{"width":640,"height":480,"url":"https:\/\/www.interforce.dk\/app\/uploads\/2022\/05\/Syddjurs-Kommune.jpg","type":"image\/jpeg"}],"author":"Birgitte Nielsen","twitter_card":"summary_large_image","twitter_misc":{"Written by":"Birgitte Nielsen","Est. reading time":"3 minutes"},"schema":{"@context":"https:\/\/schema.org","@graph":[{"@type":"Article","@id":"https:\/\/www.interforce.dk\/syddjurs-kommune-stoetter-op-om-de-frivillige-fra-reserven-og-hjemmevaernet\/#article","isPartOf":{"@id":"https:\/\/www.interforce.dk\/syddjurs-kommune-stoetter-op-om-de-frivillige-fra-reserven-og-hjemmevaernet\/"},"author":{"name":"Birgitte Nielsen","@id":"https:\/\/www.interforce.dk\/#\/schema\/person\/41b0658575535ca51309711ff349b9e3"},"headline":"Syddjurs Kommune st\u00f8tter op om de frivillige fra reserven og Hjemmev\u00e6rnet","datePublished":"2022-05-19T10:20:47+00:00","mainEntityOfPage":{"@id":"https:\/\/www.interforce.dk\/syddjurs-kommune-stoetter-op-om-de-frivillige-fra-reserven-og-hjemmevaernet\/"},"wordCount":456,"image":{"@id":"https:\/\/www.interforce.dk\/syddjurs-kommune-stoetter-op-om-de-frivillige-fra-reserven-og-hjemmevaernet\/#primaryimage"},"thumbnailUrl":"https:\/\/www.interforce.dk\/app\/uploads\/2022\/05\/Syddjurs-Kommune.jpg","keywords":["Tag:Midtjylland"],"articleSection":["Erhvervsliv"],"inLanguage":"kl-GL"},{"@type":"WebPage","@id":"https:\/\/www.interforce.dk\/syddjurs-kommune-stoetter-op-om-de-frivillige-fra-reserven-og-hjemmevaernet\/","url":"https:\/\/www.interforce.dk\/syddjurs-kommune-stoetter-op-om-de-frivillige-fra-reserven-og-hjemmevaernet\/","name":"Syddjurs Kommune st\u00f8tter op om de frivillige fra reserven og Hjemmev\u00e6rnet - InterForce","isPartOf":{"@id":"https:\/\/www.interforce.dk\/#website"},"primaryImageOfPage":{"@id":"https:\/\/www.interforce.dk\/syddjurs-kommune-stoetter-op-om-de-frivillige-fra-reserven-og-hjemmevaernet\/#primaryimage"},"image":{"@id":"https:\/\/www.interforce.dk\/syddjurs-kommune-stoetter-op-om-de-frivillige-fra-reserven-og-hjemmevaernet\/#primaryimage"},"thumbnailUrl":"https:\/\/www.interforce.dk\/app\/uploads\/2022\/05\/Syddjurs-Kommune.jpg","datePublished":"2022-05-19T10:20:47+00:00","author":{"@id":"https:\/\/www.interforce.dk\/#\/schema\/person\/41b0658575535ca51309711ff349b9e3"},"breadcrumb":{"@id":"https:\/\/www.interforce.dk\/syddjurs-kommune-stoetter-op-om-de-frivillige-fra-reserven-og-hjemmevaernet\/#breadcrumb"},"inLanguage":"kl-GL","potentialAction":[{"@type":"ReadAction","target":["https:\/\/www.interforce.dk\/syddjurs-kommune-stoetter-op-om-de-frivillige-fra-reserven-og-hjemmevaernet\/"]}]},{"@type":"ImageObject","inLanguage":"kl-GL","@id":"https:\/\/www.interforce.dk\/syddjurs-kommune-stoetter-op-om-de-frivillige-fra-reserven-og-hjemmevaernet\/#primaryimage","url":"https:\/\/www.interforce.dk\/app\/uploads\/2022\/05\/Syddjurs-Kommune.jpg","contentUrl":"https:\/\/www.interforce.dk\/app\/uploads\/2022\/05\/Syddjurs-Kommune.jpg","width":640,"height":480},{"@type":"BreadcrumbList","@id":"https:\/\/www.interforce.dk\/syddjurs-kommune-stoetter-op-om-de-frivillige-fra-reserven-og-hjemmevaernet\/#breadcrumb","itemListElement":[{"@type":"ListItem","position":1,"name":"Hjem","item":"https:\/\/www.interforce.dk\/"},{"@type":"ListItem","position":2,"name":"Syddjurs Kommune st\u00f8tter op om de frivillige fra reserven og Hjemmev\u00e6rnet"}]},{"@type":"WebSite","@id":"https:\/\/www.interforce.dk\/#website","url":"https:\/\/www.interforce.dk\/","name":"InterForce","description":"","potentialAction":[{"@type":"SearchAction","target":{"@type":"EntryPoint","urlTemplate":"https:\/\/www.interforce.dk\/?s={search_term_string}"},"query-input":{"@type":"PropertyValueSpecification","valueRequired":true,"valueName":"search_term_string"}}],"inLanguage":"kl-GL"},{"@type":"Person","@id":"https:\/\/www.interforce.dk\/#\/schema\/person\/41b0658575535ca51309711ff349b9e3","name":"Birgitte Nielsen","image":{"@type":"ImageObject","inLanguage":"kl-GL","@id":"https:\/\/secure.gravatar.com\/avatar\/81b3d9e74c5222861e29f3ef814bb64697af08736530ea8aaa6d2773f4c878e3?s=96&d=mm&r=g","url":"https:\/\/secure.gravatar.com\/avatar\/81b3d9e74c5222861e29f3ef814bb64697af08736530ea8aaa6d2773f4c878e3?s=96&d=mm&r=g","contentUrl":"https:\/\/secure.gravatar.com\/avatar\/81b3d9e74c5222861e29f3ef814bb64697af08736530ea8aaa6d2773f4c878e3?s=96&d=mm&r=g","caption":"Birgitte Nielsen"},"url":"https:\/\/www.interforce.dk\/kl\/author\/midtjyllandinterforce-dk\/"}]}},"_links":{"self":[{"href":"https:\/\/www.interforce.dk\/kl\/wp-json\/wp\/v2\/posts\/12599","targetHints":{"allow":["GET"]}}],"collection":[{"href":"https:\/\/www.interforce.dk\/kl\/wp-json\/wp\/v2\/posts"}],"about":[{"href":"https:\/\/www.interforce.dk\/kl\/wp-json\/wp\/v2\/types\/post"}],"author":[{"embeddable":true,"href":"https:\/\/www.interforce.dk\/kl\/wp-json\/wp\/v2\/users\/26"}],"replies":[{"embeddable":true,"href":"https:\/\/www.interforce.dk\/kl\/wp-json\/wp\/v2\/comments?post=12599"}],"version-history":[{"count":2,"href":"https:\/\/www.interforce.dk\/kl\/wp-json\/wp\/v2\/posts\/12599\/revisions"}],"predecessor-version":[{"id":12602,"href":"https:\/\/www.interforce.dk\/kl\/wp-json\/wp\/v2\/posts\/12599\/revisions\/12602"}],"wp:featuredmedia":[{"embeddable":true,"href":"https:\/\/www.interforce.dk\/kl\/wp-json\/wp\/v2\/media\/12600"}],"wp:attachment":[{"href":"https:\/\/www.interforce.dk\/kl\/wp-json\/wp\/v2\/media?parent=12599"}],"wp:term":[{"taxonomy":"category","embeddable":true,"href":"https:\/\/www.interforce.dk\/kl\/wp-json\/wp\/v2\/categories?post=12599"},{"taxonomy":"post_tag","embeddable":true,"href":"https:\/\/www.interforce.dk\/kl\/wp-json\/wp\/v2\/tags?post=12599"}],"curies":[{"name":"wp","href":"https:\/\/api.w.org\/{rel}","templated":true}]}}