{"id":12038,"date":"2022-01-28T08:39:53","date_gmt":"2022-01-28T08:39:53","guid":{"rendered":"https:\/\/www.interforce.dk\/?p=12038"},"modified":"2022-01-28T08:41:50","modified_gmt":"2022-01-28T08:41:50","slug":"hedeselskabet-faar-interforce-skjold","status":"publish","type":"post","link":"https:\/\/www.interforce.dk\/kl\/hedeselskabet-faar-interforce-skjold\/","title":{"rendered":"Hedeselskabet f\u00e5r InterForce-skjold"},"content":{"rendered":"<div class=\"block core-block core-block--image align-center\">\n      <div class=\"inner inner--small\">\n      \n<div class=\"wp-block-image\"><figure class=\"aligncenter size-large\"><img decoding=\"async\" src=\"https:\/\/www.hedeselskabet.dk\/sites\/hedeselskabet.dk\/files\/styles\/image_spot_one_column_l\/public\/2022-01\/InterForce2000.webp?h=e731c2a7&amp;itok=JIe0tJll\" alt=\"\"\/><figcaption>Fra venstre adm. direkt\u00f8r Torben Friis Lange og major af reserven Mogens N. Kristensen<\/figcaption><\/figure><\/div>\n\n      <\/div>\n  <\/div>\n<div class=\"block core-block core-block--paragraph\">\n      <div class=\"inner inner--small\">\n      \n<p><strong>P\u00e5 grund af sin st\u00f8tte til Reservestyrken har Hedeselskabet f\u00e5et overrakt InterForce-skjoldet.<\/strong><\/p>\n\n      <\/div>\n  <\/div>\n<div class=\"block core-block core-block--paragraph\">\n      <div class=\"inner inner--small\">\n      \n<p>Hedeselskabet har i en \u00e5rr\u00e6kke samarbejdet med forsvaret og InterForce om at forbedre forholdene for de medarbejdere, som har b\u00e5de en milit\u00e6r og en civil, erhvervsm\u00e6ssig forpligtigelse.<\/p>\n\n      <\/div>\n  <\/div>\n<div class=\"block core-block core-block--paragraph\">\n      <div class=\"inner inner--small\">\n      \n<p>Tirsdag den 25. januar 2022 modtog adm. direkt\u00f8r Torben Friis Lange i Hedeselskabet et synligt bevis p\u00e5 firmaets st\u00f8tte, da major af reserven Mogens N. Kristensen lagde vejen forbi hovedkontoret i Viborg for at overr\u00e6kke InterForce-skjoldet.<\/p>\n\n      <\/div>\n  <\/div>\n<div class=\"block core-block core-block--paragraph\">\n      <div class=\"inner inner--small\">\n      \n<p>InterForce-skjoldet er en anerkendelse og et symbol p\u00e5, at Hedeselskabet gerne lader medarbejdere passe deres forpligtelser i Forsvaret eller Hjemmev\u00e6rnet ved siden af jobbet i virksomheden.<\/p>\n\n      <\/div>\n  <\/div>\n<div class=\"block core-block core-block--paragraph\">\n      <div class=\"inner inner--small\">\n      \n<p>InterForce er et samarbejde mellem Reservestyrken og det danske erhvervsliv, hvor virksomheder giver medarbejdere, der er personel i Forsvarets reserve eller en del af Hjemmev\u00e6rnet, fri til tjeneste i disse enheder.<br>Reservister har kontrakt med Forsvaret om tjeneste ved siden af det job, de passer til dagligt. Det er derfor vigtigt for Forsvaret, at virksomheder, lige som Hedeselskabet, er villige til at lade disse medarbejdere holde fri i perioder, hvor de g\u00f8r tjeneste.&nbsp;<br>Hjemmev\u00e6rnet er et frivilligt beredskab, der l\u00f8ser opgaver til st\u00f8tte for samfundet og Forsvaret og hj\u00e6lper med alt fra efters\u00f8gning af forsvundne personer, milj\u00f8opgaver i danske farvande, hj\u00e6lp ved oversv\u00f8mmelser til st\u00f8tte af Forsvaret f.eks. p\u00e5 deres internationale missioner.<\/p>\n\n      <\/div>\n  <\/div>","protected":false},"excerpt":{"rendered":"P\u00e5 grund af sin st\u00f8tte til Reservestyrken har Hedeselskabet f\u00e5et overrakt Int...","protected":false},"author":26,"featured_media":12043,"comment_status":"closed","ping_status":"closed","sticky":false,"template":"","format":"standard","meta":{"_acf_changed":false,"footnotes":""},"categories":[56],"tags":[52],"class_list":["post-12038","post","type-post","status-publish","format-standard","has-post-thumbnail","hentry","category-erhvervsliv","tag-tag-midtjylland"],"acf":[],"yoast_head":"<!-- This site is optimized with the Yoast SEO plugin v27.3 - https:\/\/yoast.com\/product\/yoast-seo-wordpress\/ -->\n<title>Hedeselskabet f\u00e5r InterForce-skjold - InterForce<\/title>\n<meta name=\"robots\" content=\"index, follow, max-snippet:-1, max-image-preview:large, max-video-preview:-1\" \/>\n<link rel=\"canonical\" href=\"https:\/\/www.interforce.dk\/kl\/hedeselskabet-faar-interforce-skjold\/\" \/>\n<meta property=\"og:locale\" content=\"en_US\" \/>\n<meta property=\"og:type\" content=\"article\" \/>\n<meta property=\"og:title\" content=\"Hedeselskabet f\u00e5r InterForce-skjold - InterForce\" \/>\n<meta property=\"og:description\" content=\"P\u00e5 grund af sin st\u00f8tte til Reservestyrken har Hedeselskabet f\u00e5et overrakt InterForce-skjoldet.\" \/>\n<meta property=\"og:url\" content=\"https:\/\/www.interforce.dk\/kl\/hedeselskabet-faar-interforce-skjold\/\" \/>\n<meta property=\"og:site_name\" content=\"InterForce\" \/>\n<meta property=\"article:published_time\" content=\"2022-01-28T08:39:53+00:00\" \/>\n<meta property=\"article:modified_time\" content=\"2022-01-28T08:41:50+00:00\" \/>\n<meta property=\"og:image\" content=\"https:\/\/www.interforce.dk\/app\/uploads\/2022\/01\/hedeselskabet.jpg\" \/>\n\t<meta property=\"og:image:width\" content=\"1199\" \/>\n\t<meta property=\"og:image:height\" content=\"596\" \/>\n\t<meta property=\"og:image:type\" content=\"image\/jpeg\" \/>\n<meta name=\"author\" content=\"Birgitte Nielsen\" \/>\n<meta name=\"twitter:card\" content=\"summary_large_image\" \/>\n<meta name=\"twitter:label1\" content=\"Written by\" \/>\n\t<meta name=\"twitter:data1\" content=\"Birgitte Nielsen\" \/>\n\t<meta name=\"twitter:label2\" content=\"Est. reading time\" \/>\n\t<meta name=\"twitter:data2\" content=\"2 minutes\" \/>\n<script type=\"application\/ld+json\" class=\"yoast-schema-graph\">{\"@context\":\"https:\\\/\\\/schema.org\",\"@graph\":[{\"@type\":\"Article\",\"@id\":\"https:\\\/\\\/www.interforce.dk\\\/hedeselskabet-faar-interforce-skjold\\\/#article\",\"isPartOf\":{\"@id\":\"https:\\\/\\\/www.interforce.dk\\\/hedeselskabet-faar-interforce-skjold\\\/\"},\"author\":{\"name\":\"Birgitte Nielsen\",\"@id\":\"https:\\\/\\\/www.interforce.dk\\\/#\\\/schema\\\/person\\\/41b0658575535ca51309711ff349b9e3\"},\"headline\":\"Hedeselskabet f\u00e5r InterForce-skjold\",\"datePublished\":\"2022-01-28T08:39:53+00:00\",\"dateModified\":\"2022-01-28T08:41:50+00:00\",\"mainEntityOfPage\":{\"@id\":\"https:\\\/\\\/www.interforce.dk\\\/hedeselskabet-faar-interforce-skjold\\\/\"},\"wordCount\":253,\"image\":{\"@id\":\"https:\\\/\\\/www.interforce.dk\\\/hedeselskabet-faar-interforce-skjold\\\/#primaryimage\"},\"thumbnailUrl\":\"https:\\\/\\\/www.interforce.dk\\\/app\\\/uploads\\\/2022\\\/01\\\/hedeselskabet.jpg\",\"keywords\":[\"Tag:Midtjylland\"],\"articleSection\":[\"Erhvervsliv\"],\"inLanguage\":\"kl-GL\"},{\"@type\":\"WebPage\",\"@id\":\"https:\\\/\\\/www.interforce.dk\\\/hedeselskabet-faar-interforce-skjold\\\/\",\"url\":\"https:\\\/\\\/www.interforce.dk\\\/hedeselskabet-faar-interforce-skjold\\\/\",\"name\":\"Hedeselskabet f\u00e5r InterForce-skjold - InterForce\",\"isPartOf\":{\"@id\":\"https:\\\/\\\/www.interforce.dk\\\/#website\"},\"primaryImageOfPage\":{\"@id\":\"https:\\\/\\\/www.interforce.dk\\\/hedeselskabet-faar-interforce-skjold\\\/#primaryimage\"},\"image\":{\"@id\":\"https:\\\/\\\/www.interforce.dk\\\/hedeselskabet-faar-interforce-skjold\\\/#primaryimage\"},\"thumbnailUrl\":\"https:\\\/\\\/www.interforce.dk\\\/app\\\/uploads\\\/2022\\\/01\\\/hedeselskabet.jpg\",\"datePublished\":\"2022-01-28T08:39:53+00:00\",\"dateModified\":\"2022-01-28T08:41:50+00:00\",\"author\":{\"@id\":\"https:\\\/\\\/www.interforce.dk\\\/#\\\/schema\\\/person\\\/41b0658575535ca51309711ff349b9e3\"},\"breadcrumb\":{\"@id\":\"https:\\\/\\\/www.interforce.dk\\\/hedeselskabet-faar-interforce-skjold\\\/#breadcrumb\"},\"inLanguage\":\"kl-GL\",\"potentialAction\":[{\"@type\":\"ReadAction\",\"target\":[\"https:\\\/\\\/www.interforce.dk\\\/hedeselskabet-faar-interforce-skjold\\\/\"]}]},{\"@type\":\"ImageObject\",\"inLanguage\":\"kl-GL\",\"@id\":\"https:\\\/\\\/www.interforce.dk\\\/hedeselskabet-faar-interforce-skjold\\\/#primaryimage\",\"url\":\"https:\\\/\\\/www.interforce.dk\\\/app\\\/uploads\\\/2022\\\/01\\\/hedeselskabet.jpg\",\"contentUrl\":\"https:\\\/\\\/www.interforce.dk\\\/app\\\/uploads\\\/2022\\\/01\\\/hedeselskabet.jpg\",\"width\":1199,\"height\":596},{\"@type\":\"BreadcrumbList\",\"@id\":\"https:\\\/\\\/www.interforce.dk\\\/hedeselskabet-faar-interforce-skjold\\\/#breadcrumb\",\"itemListElement\":[{\"@type\":\"ListItem\",\"position\":1,\"name\":\"Hjem\",\"item\":\"https:\\\/\\\/www.interforce.dk\\\/\"},{\"@type\":\"ListItem\",\"position\":2,\"name\":\"Hedeselskabet f\u00e5r InterForce-skjold\"}]},{\"@type\":\"WebSite\",\"@id\":\"https:\\\/\\\/www.interforce.dk\\\/#website\",\"url\":\"https:\\\/\\\/www.interforce.dk\\\/\",\"name\":\"InterForce\",\"description\":\"\",\"potentialAction\":[{\"@type\":\"SearchAction\",\"target\":{\"@type\":\"EntryPoint\",\"urlTemplate\":\"https:\\\/\\\/www.interforce.dk\\\/?s={search_term_string}\"},\"query-input\":{\"@type\":\"PropertyValueSpecification\",\"valueRequired\":true,\"valueName\":\"search_term_string\"}}],\"inLanguage\":\"kl-GL\"},{\"@type\":\"Person\",\"@id\":\"https:\\\/\\\/www.interforce.dk\\\/#\\\/schema\\\/person\\\/41b0658575535ca51309711ff349b9e3\",\"name\":\"Birgitte Nielsen\",\"image\":{\"@type\":\"ImageObject\",\"inLanguage\":\"kl-GL\",\"@id\":\"https:\\\/\\\/secure.gravatar.com\\\/avatar\\\/81b3d9e74c5222861e29f3ef814bb64697af08736530ea8aaa6d2773f4c878e3?s=96&d=mm&r=g\",\"url\":\"https:\\\/\\\/secure.gravatar.com\\\/avatar\\\/81b3d9e74c5222861e29f3ef814bb64697af08736530ea8aaa6d2773f4c878e3?s=96&d=mm&r=g\",\"contentUrl\":\"https:\\\/\\\/secure.gravatar.com\\\/avatar\\\/81b3d9e74c5222861e29f3ef814bb64697af08736530ea8aaa6d2773f4c878e3?s=96&d=mm&r=g\",\"caption\":\"Birgitte Nielsen\"},\"url\":\"https:\\\/\\\/www.interforce.dk\\\/kl\\\/author\\\/midtjyllandinterforce-dk\\\/\"}]}<\/script>\n<!-- \/ Yoast SEO plugin. -->","yoast_head_json":{"title":"Hedeselskabet f\u00e5r InterForce-skjold - InterForce","robots":{"index":"index","follow":"follow","max-snippet":"max-snippet:-1","max-image-preview":"max-image-preview:large","max-video-preview":"max-video-preview:-1"},"canonical":"https:\/\/www.interforce.dk\/kl\/hedeselskabet-faar-interforce-skjold\/","og_locale":"en_US","og_type":"article","og_title":"Hedeselskabet f\u00e5r InterForce-skjold - InterForce","og_description":"P\u00e5 grund af sin st\u00f8tte til Reservestyrken har Hedeselskabet f\u00e5et overrakt InterForce-skjoldet.","og_url":"https:\/\/www.interforce.dk\/kl\/hedeselskabet-faar-interforce-skjold\/","og_site_name":"InterForce","article_published_time":"2022-01-28T08:39:53+00:00","article_modified_time":"2022-01-28T08:41:50+00:00","og_image":[{"width":1199,"height":596,"url":"https:\/\/www.interforce.dk\/app\/uploads\/2022\/01\/hedeselskabet.jpg","type":"image\/jpeg"}],"author":"Birgitte Nielsen","twitter_card":"summary_large_image","twitter_misc":{"Written by":"Birgitte Nielsen","Est. reading time":"2 minutes"},"schema":{"@context":"https:\/\/schema.org","@graph":[{"@type":"Article","@id":"https:\/\/www.interforce.dk\/hedeselskabet-faar-interforce-skjold\/#article","isPartOf":{"@id":"https:\/\/www.interforce.dk\/hedeselskabet-faar-interforce-skjold\/"},"author":{"name":"Birgitte Nielsen","@id":"https:\/\/www.interforce.dk\/#\/schema\/person\/41b0658575535ca51309711ff349b9e3"},"headline":"Hedeselskabet f\u00e5r InterForce-skjold","datePublished":"2022-01-28T08:39:53+00:00","dateModified":"2022-01-28T08:41:50+00:00","mainEntityOfPage":{"@id":"https:\/\/www.interforce.dk\/hedeselskabet-faar-interforce-skjold\/"},"wordCount":253,"image":{"@id":"https:\/\/www.interforce.dk\/hedeselskabet-faar-interforce-skjold\/#primaryimage"},"thumbnailUrl":"https:\/\/www.interforce.dk\/app\/uploads\/2022\/01\/hedeselskabet.jpg","keywords":["Tag:Midtjylland"],"articleSection":["Erhvervsliv"],"inLanguage":"kl-GL"},{"@type":"WebPage","@id":"https:\/\/www.interforce.dk\/hedeselskabet-faar-interforce-skjold\/","url":"https:\/\/www.interforce.dk\/hedeselskabet-faar-interforce-skjold\/","name":"Hedeselskabet f\u00e5r InterForce-skjold - InterForce","isPartOf":{"@id":"https:\/\/www.interforce.dk\/#website"},"primaryImageOfPage":{"@id":"https:\/\/www.interforce.dk\/hedeselskabet-faar-interforce-skjold\/#primaryimage"},"image":{"@id":"https:\/\/www.interforce.dk\/hedeselskabet-faar-interforce-skjold\/#primaryimage"},"thumbnailUrl":"https:\/\/www.interforce.dk\/app\/uploads\/2022\/01\/hedeselskabet.jpg","datePublished":"2022-01-28T08:39:53+00:00","dateModified":"2022-01-28T08:41:50+00:00","author":{"@id":"https:\/\/www.interforce.dk\/#\/schema\/person\/41b0658575535ca51309711ff349b9e3"},"breadcrumb":{"@id":"https:\/\/www.interforce.dk\/hedeselskabet-faar-interforce-skjold\/#breadcrumb"},"inLanguage":"kl-GL","potentialAction":[{"@type":"ReadAction","target":["https:\/\/www.interforce.dk\/hedeselskabet-faar-interforce-skjold\/"]}]},{"@type":"ImageObject","inLanguage":"kl-GL","@id":"https:\/\/www.interforce.dk\/hedeselskabet-faar-interforce-skjold\/#primaryimage","url":"https:\/\/www.interforce.dk\/app\/uploads\/2022\/01\/hedeselskabet.jpg","contentUrl":"https:\/\/www.interforce.dk\/app\/uploads\/2022\/01\/hedeselskabet.jpg","width":1199,"height":596},{"@type":"BreadcrumbList","@id":"https:\/\/www.interforce.dk\/hedeselskabet-faar-interforce-skjold\/#breadcrumb","itemListElement":[{"@type":"ListItem","position":1,"name":"Hjem","item":"https:\/\/www.interforce.dk\/"},{"@type":"ListItem","position":2,"name":"Hedeselskabet f\u00e5r InterForce-skjold"}]},{"@type":"WebSite","@id":"https:\/\/www.interforce.dk\/#website","url":"https:\/\/www.interforce.dk\/","name":"InterForce","description":"","potentialAction":[{"@type":"SearchAction","target":{"@type":"EntryPoint","urlTemplate":"https:\/\/www.interforce.dk\/?s={search_term_string}"},"query-input":{"@type":"PropertyValueSpecification","valueRequired":true,"valueName":"search_term_string"}}],"inLanguage":"kl-GL"},{"@type":"Person","@id":"https:\/\/www.interforce.dk\/#\/schema\/person\/41b0658575535ca51309711ff349b9e3","name":"Birgitte Nielsen","image":{"@type":"ImageObject","inLanguage":"kl-GL","@id":"https:\/\/secure.gravatar.com\/avatar\/81b3d9e74c5222861e29f3ef814bb64697af08736530ea8aaa6d2773f4c878e3?s=96&d=mm&r=g","url":"https:\/\/secure.gravatar.com\/avatar\/81b3d9e74c5222861e29f3ef814bb64697af08736530ea8aaa6d2773f4c878e3?s=96&d=mm&r=g","contentUrl":"https:\/\/secure.gravatar.com\/avatar\/81b3d9e74c5222861e29f3ef814bb64697af08736530ea8aaa6d2773f4c878e3?s=96&d=mm&r=g","caption":"Birgitte Nielsen"},"url":"https:\/\/www.interforce.dk\/kl\/author\/midtjyllandinterforce-dk\/"}]}},"_links":{"self":[{"href":"https:\/\/www.interforce.dk\/kl\/wp-json\/wp\/v2\/posts\/12038","targetHints":{"allow":["GET"]}}],"collection":[{"href":"https:\/\/www.interforce.dk\/kl\/wp-json\/wp\/v2\/posts"}],"about":[{"href":"https:\/\/www.interforce.dk\/kl\/wp-json\/wp\/v2\/types\/post"}],"author":[{"embeddable":true,"href":"https:\/\/www.interforce.dk\/kl\/wp-json\/wp\/v2\/users\/26"}],"replies":[{"embeddable":true,"href":"https:\/\/www.interforce.dk\/kl\/wp-json\/wp\/v2\/comments?post=12038"}],"version-history":[{"count":3,"href":"https:\/\/www.interforce.dk\/kl\/wp-json\/wp\/v2\/posts\/12038\/revisions"}],"predecessor-version":[{"id":12042,"href":"https:\/\/www.interforce.dk\/kl\/wp-json\/wp\/v2\/posts\/12038\/revisions\/12042"}],"wp:featuredmedia":[{"embeddable":true,"href":"https:\/\/www.interforce.dk\/kl\/wp-json\/wp\/v2\/media\/12043"}],"wp:attachment":[{"href":"https:\/\/www.interforce.dk\/kl\/wp-json\/wp\/v2\/media?parent=12038"}],"wp:term":[{"taxonomy":"category","embeddable":true,"href":"https:\/\/www.interforce.dk\/kl\/wp-json\/wp\/v2\/categories?post=12038"},{"taxonomy":"post_tag","embeddable":true,"href":"https:\/\/www.interforce.dk\/kl\/wp-json\/wp\/v2\/tags?post=12038"}],"curies":[{"name":"wp","href":"https:\/\/api.w.org\/{rel}","templated":true}]}}