{"id":11825,"date":"2021-11-05T16:47:23","date_gmt":"2021-11-05T16:47:23","guid":{"rendered":"https:\/\/www.interforce.dk\/?p=11825"},"modified":"2021-11-05T16:47:24","modified_gmt":"2021-11-05T16:47:24","slug":"den-svaere-2er-hjul-og-baelter-gik-atter-rent-ind","status":"publish","type":"post","link":"https:\/\/www.interforce.dk\/kl\/den-svaere-2er-hjul-og-baelter-gik-atter-rent-ind\/","title":{"rendered":"Den sv\u00e6re 2\u2019er: Hjul og B\u00e6lter gik atter rent ind"},"content":{"rendered":"<div class=\"block core-block core-block--paragraph\">\n      <div class=\"inner inner--small\">\n      \n<p><strong>Milit\u00e6re k\u00f8ret\u00f8jer p\u00e5 hjul eller b\u00e6lter bragede rundt i og om Fredskoven i N\u00e6stved, til gl\u00e6de for medlemmer af InterForce, der kom til fra n\u00e6r og fjern.<\/strong><\/p>\n\n      <\/div>\n  <\/div>\n<div class=\"block core-block core-block--paragraph\">\n      <div class=\"inner inner--small\">\n      \n<p>Tekst: Thorbj\u00f8rn Hein. Foto: H\u00e9l\u00e8ne Mogensen de Monleon<\/p>\n\n      <\/div>\n  <\/div>\n<div class=\"block core-block core-block--paragraph\">\n      <div class=\"inner inner--small\">\n      \n<p>InterForce har i en \u00e5rr\u00e6kke budt medarbejdere og ledere fra st\u00f8ttevirksomhederne velkomne til Flyvev\u00e5bnets altid stort anlagte Airshow. Disse s\u00e6rarrangementer i rammen af InterForce er popul\u00e6re, men da Airshow altid afholdes i Vestdanmark, er tilslutningen naturligt nok st\u00f8rst vest for Storeb\u00e6lt. I 2019 afpr\u00f8vede det centrale InterForce-Sekretariat derfor, om der kunne v\u00e6re tilslutning til en p\u00e5 samme vis actionm\u00e6ttet begivenhed i det \u00f8stlige. S\u00e5ledes l\u00f8b \u201dHjul og B\u00e6lter\u201d af stabelen i maj det \u00e5r, og der var mange positive tilbagemeldinger.<\/p>\n\n      <\/div>\n  <\/div>\n<div class=\"block core-block core-block--image\">\n      <div class=\"inner inner--small\">\n      \n<figure class=\"wp-block-image size-large is-style-default\"><img loading=\"lazy\" decoding=\"async\" width=\"1024\" height=\"683\" src=\"\/app\/uploads\/2021\/11\/Billede-collage-fra-Hjul-og-Baelter-1024x683.png\" alt=\"\" class=\"wp-image-11826\" srcset=\"https:\/\/www.interforce.dk\/app\/uploads\/2021\/11\/Billede-collage-fra-Hjul-og-Baelter-1024x683.png 1024w, https:\/\/www.interforce.dk\/app\/uploads\/2021\/11\/Billede-collage-fra-Hjul-og-Baelter-300x200.png 300w, https:\/\/www.interforce.dk\/app\/uploads\/2021\/11\/Billede-collage-fra-Hjul-og-Baelter-768x512.png 768w, https:\/\/www.interforce.dk\/app\/uploads\/2021\/11\/Billede-collage-fra-Hjul-og-Baelter-1536x1024.png 1536w, https:\/\/www.interforce.dk\/app\/uploads\/2021\/11\/Billede-collage-fra-Hjul-og-Baelter-16x12.png 16w, https:\/\/www.interforce.dk\/app\/uploads\/2021\/11\/Billede-collage-fra-Hjul-og-Baelter.png 1800w\" sizes=\"auto, (max-width: 1024px) 100vw, 1024px\" \/><\/figure>\n\n      <\/div>\n  <\/div>\n<div class=\"block core-block core-block--paragraph\">\n      <div class=\"inner inner--small\">\n      \n<p>Fri for coronanedlukning, halvandet \u00e5r forsinket, kom s\u00e5 2\u2019eren, den 26. september 2021. Endnu engang var arrangementet prim\u00e6rt et miks af gode kr\u00e6fter fra de frivillige i \u201dGardehusarregimentets Veteran Panser- og K\u00f8ret\u00f8jsforening\u201d og fra frivillige i Hjemmev\u00e6rnet. Chefen for InterForce-Sekretariatet, generalmajor (ret.) Finn Winkler b\u00f8d velkommen, og blandt andre tilstedev\u00e6rende fra forsvaret s\u00e5 man bl.a. chefen for Hjemmev\u00e6rnet og chefen for Gardehusarregimentet.<\/p>\n\n      <\/div>\n  <\/div>\n<div class=\"block core-block core-block--paragraph\">\n      <div class=\"inner inner--small\">\n      \n<p>Hovedpersonerne var imidlertid de flere hundrede medarbejdere st\u00f8ttevirksomhederne, der m\u00f8dte frem, mange med de op til tre ledsagere, det var tilladt at medbringe. InterForce-Sekretariatet har modtaget mange tilbagemeldinger for dagen, hver og en positive, s\u00e5 det er absolut intentionen, at Hjul og B\u00e6lter ogs\u00e5 skal have en 3\u2019er.<\/p>\n\n      <\/div>\n  <\/div>\n<div class=\"block core-block core-block--paragraph\">\n      <div class=\"inner inner--small\">\n      \n<p><\/p>\n\n      <\/div>\n  <\/div>","protected":false},"excerpt":{"rendered":"Panserbr\u00f8l og krigsmaskineri i Fredskoven....","protected":false},"author":111,"featured_media":11826,"comment_status":"closed","ping_status":"closed","sticky":false,"template":"","format":"standard","meta":{"_acf_changed":false,"footnotes":""},"categories":[13],"tags":[54],"class_list":["post-11825","post","type-post","status-publish","format-standard","has-post-thumbnail","hentry","category-events","tag-tag-sjaelland"],"acf":[],"yoast_head":"<!-- This site is optimized with the Yoast SEO plugin v27.3 - https:\/\/yoast.com\/product\/yoast-seo-wordpress\/ -->\n<title>Den sv\u00e6re 2\u2019er: Hjul og B\u00e6lter gik atter rent ind - InterForce<\/title>\n<meta name=\"robots\" content=\"index, follow, max-snippet:-1, max-image-preview:large, max-video-preview:-1\" \/>\n<link rel=\"canonical\" href=\"https:\/\/www.interforce.dk\/kl\/den-svaere-2er-hjul-og-baelter-gik-atter-rent-ind\/\" \/>\n<meta property=\"og:locale\" content=\"en_US\" \/>\n<meta property=\"og:type\" content=\"article\" \/>\n<meta property=\"og:title\" content=\"Den sv\u00e6re 2\u2019er: Hjul og B\u00e6lter gik atter rent ind - InterForce\" \/>\n<meta property=\"og:description\" content=\"Panserbr\u00f8l og krigsmaskineri i Fredskoven.\" \/>\n<meta property=\"og:url\" content=\"https:\/\/www.interforce.dk\/kl\/den-svaere-2er-hjul-og-baelter-gik-atter-rent-ind\/\" \/>\n<meta property=\"og:site_name\" content=\"InterForce\" \/>\n<meta property=\"article:published_time\" content=\"2021-11-05T16:47:23+00:00\" \/>\n<meta property=\"article:modified_time\" content=\"2021-11-05T16:47:24+00:00\" \/>\n<meta property=\"og:image\" content=\"https:\/\/www.interforce.dk\/app\/uploads\/2021\/11\/Billede-collage-fra-Hjul-og-Baelter.png\" \/>\n\t<meta property=\"og:image:width\" content=\"1800\" \/>\n\t<meta property=\"og:image:height\" content=\"1200\" \/>\n\t<meta property=\"og:image:type\" content=\"image\/png\" \/>\n<meta name=\"author\" content=\"Simon Staffeldt Schou\" \/>\n<meta name=\"twitter:card\" content=\"summary_large_image\" \/>\n<meta name=\"twitter:label1\" content=\"Written by\" \/>\n\t<meta name=\"twitter:data1\" content=\"Simon Staffeldt Schou\" \/>\n\t<meta name=\"twitter:label2\" content=\"Est. reading time\" \/>\n\t<meta name=\"twitter:data2\" content=\"2 minutes\" \/>\n<script type=\"application\/ld+json\" class=\"yoast-schema-graph\">{\"@context\":\"https:\\\/\\\/schema.org\",\"@graph\":[{\"@type\":\"Article\",\"@id\":\"https:\\\/\\\/www.interforce.dk\\\/den-svaere-2er-hjul-og-baelter-gik-atter-rent-ind\\\/#article\",\"isPartOf\":{\"@id\":\"https:\\\/\\\/www.interforce.dk\\\/den-svaere-2er-hjul-og-baelter-gik-atter-rent-ind\\\/\"},\"author\":{\"name\":\"Simon Staffeldt Schou\",\"@id\":\"https:\\\/\\\/www.interforce.dk\\\/#\\\/schema\\\/person\\\/3604a2bb29e48048ea484fbfb3703fad\"},\"headline\":\"Den sv\u00e6re 2\u2019er: Hjul og B\u00e6lter gik atter rent ind\",\"datePublished\":\"2021-11-05T16:47:23+00:00\",\"dateModified\":\"2021-11-05T16:47:24+00:00\",\"mainEntityOfPage\":{\"@id\":\"https:\\\/\\\/www.interforce.dk\\\/den-svaere-2er-hjul-og-baelter-gik-atter-rent-ind\\\/\"},\"wordCount\":269,\"image\":{\"@id\":\"https:\\\/\\\/www.interforce.dk\\\/den-svaere-2er-hjul-og-baelter-gik-atter-rent-ind\\\/#primaryimage\"},\"thumbnailUrl\":\"https:\\\/\\\/www.interforce.dk\\\/app\\\/uploads\\\/2021\\\/11\\\/Billede-collage-fra-Hjul-og-Baelter.png\",\"keywords\":[\"Tag:Sj\u00e6lland\"],\"articleSection\":[\"Arrangementsomtale\"],\"inLanguage\":\"kl-GL\"},{\"@type\":\"WebPage\",\"@id\":\"https:\\\/\\\/www.interforce.dk\\\/den-svaere-2er-hjul-og-baelter-gik-atter-rent-ind\\\/\",\"url\":\"https:\\\/\\\/www.interforce.dk\\\/den-svaere-2er-hjul-og-baelter-gik-atter-rent-ind\\\/\",\"name\":\"Den sv\u00e6re 2\u2019er: Hjul og B\u00e6lter gik atter rent ind - InterForce\",\"isPartOf\":{\"@id\":\"https:\\\/\\\/www.interforce.dk\\\/#website\"},\"primaryImageOfPage\":{\"@id\":\"https:\\\/\\\/www.interforce.dk\\\/den-svaere-2er-hjul-og-baelter-gik-atter-rent-ind\\\/#primaryimage\"},\"image\":{\"@id\":\"https:\\\/\\\/www.interforce.dk\\\/den-svaere-2er-hjul-og-baelter-gik-atter-rent-ind\\\/#primaryimage\"},\"thumbnailUrl\":\"https:\\\/\\\/www.interforce.dk\\\/app\\\/uploads\\\/2021\\\/11\\\/Billede-collage-fra-Hjul-og-Baelter.png\",\"datePublished\":\"2021-11-05T16:47:23+00:00\",\"dateModified\":\"2021-11-05T16:47:24+00:00\",\"author\":{\"@id\":\"https:\\\/\\\/www.interforce.dk\\\/#\\\/schema\\\/person\\\/3604a2bb29e48048ea484fbfb3703fad\"},\"breadcrumb\":{\"@id\":\"https:\\\/\\\/www.interforce.dk\\\/den-svaere-2er-hjul-og-baelter-gik-atter-rent-ind\\\/#breadcrumb\"},\"inLanguage\":\"kl-GL\",\"potentialAction\":[{\"@type\":\"ReadAction\",\"target\":[\"https:\\\/\\\/www.interforce.dk\\\/den-svaere-2er-hjul-og-baelter-gik-atter-rent-ind\\\/\"]}]},{\"@type\":\"ImageObject\",\"inLanguage\":\"kl-GL\",\"@id\":\"https:\\\/\\\/www.interforce.dk\\\/den-svaere-2er-hjul-og-baelter-gik-atter-rent-ind\\\/#primaryimage\",\"url\":\"https:\\\/\\\/www.interforce.dk\\\/app\\\/uploads\\\/2021\\\/11\\\/Billede-collage-fra-Hjul-og-Baelter.png\",\"contentUrl\":\"https:\\\/\\\/www.interforce.dk\\\/app\\\/uploads\\\/2021\\\/11\\\/Billede-collage-fra-Hjul-og-Baelter.png\",\"width\":1800,\"height\":1200},{\"@type\":\"BreadcrumbList\",\"@id\":\"https:\\\/\\\/www.interforce.dk\\\/den-svaere-2er-hjul-og-baelter-gik-atter-rent-ind\\\/#breadcrumb\",\"itemListElement\":[{\"@type\":\"ListItem\",\"position\":1,\"name\":\"Hjem\",\"item\":\"https:\\\/\\\/www.interforce.dk\\\/\"},{\"@type\":\"ListItem\",\"position\":2,\"name\":\"Den sv\u00e6re 2\u2019er: Hjul og B\u00e6lter gik atter rent ind\"}]},{\"@type\":\"WebSite\",\"@id\":\"https:\\\/\\\/www.interforce.dk\\\/#website\",\"url\":\"https:\\\/\\\/www.interforce.dk\\\/\",\"name\":\"InterForce\",\"description\":\"\",\"potentialAction\":[{\"@type\":\"SearchAction\",\"target\":{\"@type\":\"EntryPoint\",\"urlTemplate\":\"https:\\\/\\\/www.interforce.dk\\\/?s={search_term_string}\"},\"query-input\":{\"@type\":\"PropertyValueSpecification\",\"valueRequired\":true,\"valueName\":\"search_term_string\"}}],\"inLanguage\":\"kl-GL\"},{\"@type\":\"Person\",\"@id\":\"https:\\\/\\\/www.interforce.dk\\\/#\\\/schema\\\/person\\\/3604a2bb29e48048ea484fbfb3703fad\",\"name\":\"Simon Staffeldt Schou\",\"image\":{\"@type\":\"ImageObject\",\"inLanguage\":\"kl-GL\",\"@id\":\"https:\\\/\\\/secure.gravatar.com\\\/avatar\\\/1ff3b89414668243258c5ed26b84872c273dcdf7fe7ee0c553a52e1b4c2002fd?s=96&d=mm&r=g\",\"url\":\"https:\\\/\\\/secure.gravatar.com\\\/avatar\\\/1ff3b89414668243258c5ed26b84872c273dcdf7fe7ee0c553a52e1b4c2002fd?s=96&d=mm&r=g\",\"contentUrl\":\"https:\\\/\\\/secure.gravatar.com\\\/avatar\\\/1ff3b89414668243258c5ed26b84872c273dcdf7fe7ee0c553a52e1b4c2002fd?s=96&d=mm&r=g\",\"caption\":\"Simon Staffeldt Schou\"},\"url\":\"https:\\\/\\\/www.interforce.dk\\\/kl\\\/author\\\/simon\\\/\"}]}<\/script>\n<!-- \/ Yoast SEO plugin. -->","yoast_head_json":{"title":"Den sv\u00e6re 2\u2019er: Hjul og B\u00e6lter gik atter rent ind - InterForce","robots":{"index":"index","follow":"follow","max-snippet":"max-snippet:-1","max-image-preview":"max-image-preview:large","max-video-preview":"max-video-preview:-1"},"canonical":"https:\/\/www.interforce.dk\/kl\/den-svaere-2er-hjul-og-baelter-gik-atter-rent-ind\/","og_locale":"en_US","og_type":"article","og_title":"Den sv\u00e6re 2\u2019er: Hjul og B\u00e6lter gik atter rent ind - InterForce","og_description":"Panserbr\u00f8l og krigsmaskineri i Fredskoven.","og_url":"https:\/\/www.interforce.dk\/kl\/den-svaere-2er-hjul-og-baelter-gik-atter-rent-ind\/","og_site_name":"InterForce","article_published_time":"2021-11-05T16:47:23+00:00","article_modified_time":"2021-11-05T16:47:24+00:00","og_image":[{"width":1800,"height":1200,"url":"https:\/\/www.interforce.dk\/app\/uploads\/2021\/11\/Billede-collage-fra-Hjul-og-Baelter.png","type":"image\/png"}],"author":"Simon Staffeldt Schou","twitter_card":"summary_large_image","twitter_misc":{"Written by":"Simon Staffeldt Schou","Est. reading time":"2 minutes"},"schema":{"@context":"https:\/\/schema.org","@graph":[{"@type":"Article","@id":"https:\/\/www.interforce.dk\/den-svaere-2er-hjul-og-baelter-gik-atter-rent-ind\/#article","isPartOf":{"@id":"https:\/\/www.interforce.dk\/den-svaere-2er-hjul-og-baelter-gik-atter-rent-ind\/"},"author":{"name":"Simon Staffeldt Schou","@id":"https:\/\/www.interforce.dk\/#\/schema\/person\/3604a2bb29e48048ea484fbfb3703fad"},"headline":"Den sv\u00e6re 2\u2019er: Hjul og B\u00e6lter gik atter rent ind","datePublished":"2021-11-05T16:47:23+00:00","dateModified":"2021-11-05T16:47:24+00:00","mainEntityOfPage":{"@id":"https:\/\/www.interforce.dk\/den-svaere-2er-hjul-og-baelter-gik-atter-rent-ind\/"},"wordCount":269,"image":{"@id":"https:\/\/www.interforce.dk\/den-svaere-2er-hjul-og-baelter-gik-atter-rent-ind\/#primaryimage"},"thumbnailUrl":"https:\/\/www.interforce.dk\/app\/uploads\/2021\/11\/Billede-collage-fra-Hjul-og-Baelter.png","keywords":["Tag:Sj\u00e6lland"],"articleSection":["Arrangementsomtale"],"inLanguage":"kl-GL"},{"@type":"WebPage","@id":"https:\/\/www.interforce.dk\/den-svaere-2er-hjul-og-baelter-gik-atter-rent-ind\/","url":"https:\/\/www.interforce.dk\/den-svaere-2er-hjul-og-baelter-gik-atter-rent-ind\/","name":"Den sv\u00e6re 2\u2019er: Hjul og B\u00e6lter gik atter rent ind - InterForce","isPartOf":{"@id":"https:\/\/www.interforce.dk\/#website"},"primaryImageOfPage":{"@id":"https:\/\/www.interforce.dk\/den-svaere-2er-hjul-og-baelter-gik-atter-rent-ind\/#primaryimage"},"image":{"@id":"https:\/\/www.interforce.dk\/den-svaere-2er-hjul-og-baelter-gik-atter-rent-ind\/#primaryimage"},"thumbnailUrl":"https:\/\/www.interforce.dk\/app\/uploads\/2021\/11\/Billede-collage-fra-Hjul-og-Baelter.png","datePublished":"2021-11-05T16:47:23+00:00","dateModified":"2021-11-05T16:47:24+00:00","author":{"@id":"https:\/\/www.interforce.dk\/#\/schema\/person\/3604a2bb29e48048ea484fbfb3703fad"},"breadcrumb":{"@id":"https:\/\/www.interforce.dk\/den-svaere-2er-hjul-og-baelter-gik-atter-rent-ind\/#breadcrumb"},"inLanguage":"kl-GL","potentialAction":[{"@type":"ReadAction","target":["https:\/\/www.interforce.dk\/den-svaere-2er-hjul-og-baelter-gik-atter-rent-ind\/"]}]},{"@type":"ImageObject","inLanguage":"kl-GL","@id":"https:\/\/www.interforce.dk\/den-svaere-2er-hjul-og-baelter-gik-atter-rent-ind\/#primaryimage","url":"https:\/\/www.interforce.dk\/app\/uploads\/2021\/11\/Billede-collage-fra-Hjul-og-Baelter.png","contentUrl":"https:\/\/www.interforce.dk\/app\/uploads\/2021\/11\/Billede-collage-fra-Hjul-og-Baelter.png","width":1800,"height":1200},{"@type":"BreadcrumbList","@id":"https:\/\/www.interforce.dk\/den-svaere-2er-hjul-og-baelter-gik-atter-rent-ind\/#breadcrumb","itemListElement":[{"@type":"ListItem","position":1,"name":"Hjem","item":"https:\/\/www.interforce.dk\/"},{"@type":"ListItem","position":2,"name":"Den sv\u00e6re 2\u2019er: Hjul og B\u00e6lter gik atter rent ind"}]},{"@type":"WebSite","@id":"https:\/\/www.interforce.dk\/#website","url":"https:\/\/www.interforce.dk\/","name":"InterForce","description":"","potentialAction":[{"@type":"SearchAction","target":{"@type":"EntryPoint","urlTemplate":"https:\/\/www.interforce.dk\/?s={search_term_string}"},"query-input":{"@type":"PropertyValueSpecification","valueRequired":true,"valueName":"search_term_string"}}],"inLanguage":"kl-GL"},{"@type":"Person","@id":"https:\/\/www.interforce.dk\/#\/schema\/person\/3604a2bb29e48048ea484fbfb3703fad","name":"Simon Staffeldt Schou","image":{"@type":"ImageObject","inLanguage":"kl-GL","@id":"https:\/\/secure.gravatar.com\/avatar\/1ff3b89414668243258c5ed26b84872c273dcdf7fe7ee0c553a52e1b4c2002fd?s=96&d=mm&r=g","url":"https:\/\/secure.gravatar.com\/avatar\/1ff3b89414668243258c5ed26b84872c273dcdf7fe7ee0c553a52e1b4c2002fd?s=96&d=mm&r=g","contentUrl":"https:\/\/secure.gravatar.com\/avatar\/1ff3b89414668243258c5ed26b84872c273dcdf7fe7ee0c553a52e1b4c2002fd?s=96&d=mm&r=g","caption":"Simon Staffeldt Schou"},"url":"https:\/\/www.interforce.dk\/kl\/author\/simon\/"}]}},"_links":{"self":[{"href":"https:\/\/www.interforce.dk\/kl\/wp-json\/wp\/v2\/posts\/11825","targetHints":{"allow":["GET"]}}],"collection":[{"href":"https:\/\/www.interforce.dk\/kl\/wp-json\/wp\/v2\/posts"}],"about":[{"href":"https:\/\/www.interforce.dk\/kl\/wp-json\/wp\/v2\/types\/post"}],"author":[{"embeddable":true,"href":"https:\/\/www.interforce.dk\/kl\/wp-json\/wp\/v2\/users\/111"}],"replies":[{"embeddable":true,"href":"https:\/\/www.interforce.dk\/kl\/wp-json\/wp\/v2\/comments?post=11825"}],"version-history":[{"count":1,"href":"https:\/\/www.interforce.dk\/kl\/wp-json\/wp\/v2\/posts\/11825\/revisions"}],"predecessor-version":[{"id":11827,"href":"https:\/\/www.interforce.dk\/kl\/wp-json\/wp\/v2\/posts\/11825\/revisions\/11827"}],"wp:featuredmedia":[{"embeddable":true,"href":"https:\/\/www.interforce.dk\/kl\/wp-json\/wp\/v2\/media\/11826"}],"wp:attachment":[{"href":"https:\/\/www.interforce.dk\/kl\/wp-json\/wp\/v2\/media?parent=11825"}],"wp:term":[{"taxonomy":"category","embeddable":true,"href":"https:\/\/www.interforce.dk\/kl\/wp-json\/wp\/v2\/categories?post=11825"},{"taxonomy":"post_tag","embeddable":true,"href":"https:\/\/www.interforce.dk\/kl\/wp-json\/wp\/v2\/tags?post=11825"}],"curies":[{"name":"wp","href":"https:\/\/api.w.org\/{rel}","templated":true}]}}