{"id":11757,"date":"2021-10-13T10:05:13","date_gmt":"2021-10-13T10:05:13","guid":{"rendered":"https:\/\/www.interforce.dk\/?p=11757"},"modified":"2021-10-13T10:05:13","modified_gmt":"2021-10-13T10:05:13","slug":"aarhus-kommune-modtager-skjold-fra-interforce-region-midtjylland","status":"publish","type":"post","link":"https:\/\/www.interforce.dk\/kl\/aarhus-kommune-modtager-skjold-fra-interforce-region-midtjylland\/","title":{"rendered":"Aarhus Kommune modtager skjold fra InterForce Region Midtjylland"},"content":{"rendered":"<div class=\"block core-block core-block--image\">\n      <div class=\"inner inner--small\">\n      \n<figure class=\"wp-block-image size-large\"><img loading=\"lazy\" decoding=\"async\" width=\"1024\" height=\"662\" src=\"\/app\/uploads\/2021\/10\/Arhus-Kommune-per-B.-Andersen--1024x662.jpg\" alt=\"\" class=\"wp-image-11758\" srcset=\"https:\/\/www.interforce.dk\/app\/uploads\/2021\/10\/Arhus-Kommune-per-B.-Andersen--1024x662.jpg 1024w, https:\/\/www.interforce.dk\/app\/uploads\/2021\/10\/Arhus-Kommune-per-B.-Andersen--300x194.jpg 300w, https:\/\/www.interforce.dk\/app\/uploads\/2021\/10\/Arhus-Kommune-per-B.-Andersen--768x497.jpg 768w, https:\/\/www.interforce.dk\/app\/uploads\/2021\/10\/Arhus-Kommune-per-B.-Andersen--1536x993.jpg 1536w, https:\/\/www.interforce.dk\/app\/uploads\/2021\/10\/Arhus-Kommune-per-B.-Andersen--2048x1324.jpg 2048w, https:\/\/www.interforce.dk\/app\/uploads\/2021\/10\/Arhus-Kommune-per-B.-Andersen--16x10.jpg 16w\" sizes=\"auto, (max-width: 1024px) 100vw, 1024px\" \/><\/figure>\n\n      <\/div>\n  <\/div>\n<div class=\"block core-block core-block--paragraph\">\n      <div class=\"inner inner--small\">\n      \n<p>Ambassad\u00f8r for InterForce Major-R Per B\u00f8ch Andersen overr\u00e6kker her et InterForce skjold til borgmester Jacob Bundsgaard fra Aahus Kommune<\/p>\n\n      <\/div>\n  <\/div>\n<div class=\"block core-block core-block--image\">\n      <div class=\"inner inner--small\">\n      \n<figure class=\"wp-block-image size-large\"><img loading=\"lazy\" decoding=\"async\" width=\"1024\" height=\"653\" src=\"\/app\/uploads\/2021\/10\/Billede-Arhus-Kommune-nr-2-1024x653.jpg\" alt=\"\" class=\"wp-image-11777\" srcset=\"https:\/\/www.interforce.dk\/app\/uploads\/2021\/10\/Billede-Arhus-Kommune-nr-2-1024x653.jpg 1024w, https:\/\/www.interforce.dk\/app\/uploads\/2021\/10\/Billede-Arhus-Kommune-nr-2-300x191.jpg 300w, https:\/\/www.interforce.dk\/app\/uploads\/2021\/10\/Billede-Arhus-Kommune-nr-2-768x490.jpg 768w, https:\/\/www.interforce.dk\/app\/uploads\/2021\/10\/Billede-Arhus-Kommune-nr-2-1536x980.jpg 1536w, https:\/\/www.interforce.dk\/app\/uploads\/2021\/10\/Billede-Arhus-Kommune-nr-2-2048x1306.jpg 2048w, https:\/\/www.interforce.dk\/app\/uploads\/2021\/10\/Billede-Arhus-Kommune-nr-2-16x10.jpg 16w\" sizes=\"auto, (max-width: 1024px) 100vw, 1024px\" \/><figcaption>Fra venstre Ambassad\u00f8r for InterForce Major-R Per B\u00f8ch Andersen, borgmester Jacob Bundsgaard fra Aahus Kommune og Erhvervskonsulent Aarhus Kommune Lars Mattson<br><\/figcaption><\/figure>\n\n      <\/div>\n  <\/div>\n<div class=\"block core-block core-block--paragraph\">\n      <div class=\"inner inner--small\">\n      \n<p>Onsdag den 6 oktober 2021 fik borgmester for Aarhus kommune overdraget et skjold som symbol p\u00e5 kommunens st\u00f8tte til InterForce. Det betyder meget for InterForce, at landets andenst\u00f8rste kommune tilkendegiver, at kommunen bakker op, n\u00e5r forsvaret har brug for ansatte, der ved siden af deres civile job har en kontrakt med Forsvaret eller er frivillige i hjemmev\u00e6rnet.<\/p>\n\n      <\/div>\n  <\/div>","protected":false},"excerpt":{"rendered":"Borgmester fra Aarhus Kommune Jacob Bundsgaard modtager et InterForce skjold ...","protected":false},"author":26,"featured_media":11758,"comment_status":"closed","ping_status":"closed","sticky":false,"template":"","format":"standard","meta":{"_acf_changed":false,"footnotes":""},"categories":[56],"tags":[52],"class_list":["post-11757","post","type-post","status-publish","format-standard","has-post-thumbnail","hentry","category-erhvervsliv","tag-tag-midtjylland"],"acf":[],"yoast_head":"<!-- This site is optimized with the Yoast SEO plugin v27.3 - https:\/\/yoast.com\/product\/yoast-seo-wordpress\/ -->\n<title>Aarhus Kommune modtager skjold fra InterForce Region Midtjylland - InterForce<\/title>\n<meta name=\"robots\" content=\"index, follow, max-snippet:-1, max-image-preview:large, max-video-preview:-1\" \/>\n<link rel=\"canonical\" href=\"https:\/\/www.interforce.dk\/kl\/aarhus-kommune-modtager-skjold-fra-interforce-region-midtjylland\/\" \/>\n<meta property=\"og:locale\" content=\"en_US\" \/>\n<meta property=\"og:type\" content=\"article\" \/>\n<meta property=\"og:title\" content=\"Aarhus Kommune modtager skjold fra InterForce Region Midtjylland - InterForce\" \/>\n<meta property=\"og:description\" content=\"Borgmester fra Aarhus Kommune Jacob Bundsgaard modtager et InterForce skjold\" \/>\n<meta property=\"og:url\" content=\"https:\/\/www.interforce.dk\/kl\/aarhus-kommune-modtager-skjold-fra-interforce-region-midtjylland\/\" \/>\n<meta property=\"og:site_name\" content=\"InterForce\" \/>\n<meta property=\"article:published_time\" content=\"2021-10-13T10:05:13+00:00\" \/>\n<meta property=\"og:image\" content=\"https:\/\/www.interforce.dk\/app\/uploads\/2021\/10\/Arhus-Kommune-per-B.-Andersen--scaled.jpg\" \/>\n\t<meta property=\"og:image:width\" content=\"2560\" \/>\n\t<meta property=\"og:image:height\" content=\"1655\" \/>\n\t<meta property=\"og:image:type\" content=\"image\/jpeg\" \/>\n<meta name=\"author\" content=\"Birgitte Nielsen\" \/>\n<meta name=\"twitter:card\" content=\"summary_large_image\" \/>\n<meta name=\"twitter:label1\" content=\"Written by\" \/>\n\t<meta name=\"twitter:data1\" content=\"Birgitte Nielsen\" \/>\n\t<meta name=\"twitter:label2\" content=\"Est. reading time\" \/>\n\t<meta name=\"twitter:data2\" content=\"1 minute\" \/>\n<script type=\"application\/ld+json\" class=\"yoast-schema-graph\">{\"@context\":\"https:\\\/\\\/schema.org\",\"@graph\":[{\"@type\":\"Article\",\"@id\":\"https:\\\/\\\/www.interforce.dk\\\/aarhus-kommune-modtager-skjold-fra-interforce-region-midtjylland\\\/#article\",\"isPartOf\":{\"@id\":\"https:\\\/\\\/www.interforce.dk\\\/aarhus-kommune-modtager-skjold-fra-interforce-region-midtjylland\\\/\"},\"author\":{\"name\":\"Birgitte Nielsen\",\"@id\":\"https:\\\/\\\/www.interforce.dk\\\/#\\\/schema\\\/person\\\/41b0658575535ca51309711ff349b9e3\"},\"headline\":\"Aarhus Kommune modtager skjold fra InterForce Region Midtjylland\",\"datePublished\":\"2021-10-13T10:05:13+00:00\",\"mainEntityOfPage\":{\"@id\":\"https:\\\/\\\/www.interforce.dk\\\/aarhus-kommune-modtager-skjold-fra-interforce-region-midtjylland\\\/\"},\"wordCount\":112,\"image\":{\"@id\":\"https:\\\/\\\/www.interforce.dk\\\/aarhus-kommune-modtager-skjold-fra-interforce-region-midtjylland\\\/#primaryimage\"},\"thumbnailUrl\":\"https:\\\/\\\/www.interforce.dk\\\/app\\\/uploads\\\/2021\\\/10\\\/Arhus-Kommune-per-B.-Andersen--scaled.jpg\",\"keywords\":[\"Tag:Midtjylland\"],\"articleSection\":[\"Erhvervsliv\"],\"inLanguage\":\"kl-GL\"},{\"@type\":\"WebPage\",\"@id\":\"https:\\\/\\\/www.interforce.dk\\\/aarhus-kommune-modtager-skjold-fra-interforce-region-midtjylland\\\/\",\"url\":\"https:\\\/\\\/www.interforce.dk\\\/aarhus-kommune-modtager-skjold-fra-interforce-region-midtjylland\\\/\",\"name\":\"Aarhus Kommune modtager skjold fra InterForce Region Midtjylland - InterForce\",\"isPartOf\":{\"@id\":\"https:\\\/\\\/www.interforce.dk\\\/#website\"},\"primaryImageOfPage\":{\"@id\":\"https:\\\/\\\/www.interforce.dk\\\/aarhus-kommune-modtager-skjold-fra-interforce-region-midtjylland\\\/#primaryimage\"},\"image\":{\"@id\":\"https:\\\/\\\/www.interforce.dk\\\/aarhus-kommune-modtager-skjold-fra-interforce-region-midtjylland\\\/#primaryimage\"},\"thumbnailUrl\":\"https:\\\/\\\/www.interforce.dk\\\/app\\\/uploads\\\/2021\\\/10\\\/Arhus-Kommune-per-B.-Andersen--scaled.jpg\",\"datePublished\":\"2021-10-13T10:05:13+00:00\",\"author\":{\"@id\":\"https:\\\/\\\/www.interforce.dk\\\/#\\\/schema\\\/person\\\/41b0658575535ca51309711ff349b9e3\"},\"breadcrumb\":{\"@id\":\"https:\\\/\\\/www.interforce.dk\\\/aarhus-kommune-modtager-skjold-fra-interforce-region-midtjylland\\\/#breadcrumb\"},\"inLanguage\":\"kl-GL\",\"potentialAction\":[{\"@type\":\"ReadAction\",\"target\":[\"https:\\\/\\\/www.interforce.dk\\\/aarhus-kommune-modtager-skjold-fra-interforce-region-midtjylland\\\/\"]}]},{\"@type\":\"ImageObject\",\"inLanguage\":\"kl-GL\",\"@id\":\"https:\\\/\\\/www.interforce.dk\\\/aarhus-kommune-modtager-skjold-fra-interforce-region-midtjylland\\\/#primaryimage\",\"url\":\"https:\\\/\\\/www.interforce.dk\\\/app\\\/uploads\\\/2021\\\/10\\\/Arhus-Kommune-per-B.-Andersen--scaled.jpg\",\"contentUrl\":\"https:\\\/\\\/www.interforce.dk\\\/app\\\/uploads\\\/2021\\\/10\\\/Arhus-Kommune-per-B.-Andersen--scaled.jpg\",\"width\":2560,\"height\":1655},{\"@type\":\"BreadcrumbList\",\"@id\":\"https:\\\/\\\/www.interforce.dk\\\/aarhus-kommune-modtager-skjold-fra-interforce-region-midtjylland\\\/#breadcrumb\",\"itemListElement\":[{\"@type\":\"ListItem\",\"position\":1,\"name\":\"Hjem\",\"item\":\"https:\\\/\\\/www.interforce.dk\\\/\"},{\"@type\":\"ListItem\",\"position\":2,\"name\":\"Aarhus Kommune modtager skjold fra InterForce Region Midtjylland\"}]},{\"@type\":\"WebSite\",\"@id\":\"https:\\\/\\\/www.interforce.dk\\\/#website\",\"url\":\"https:\\\/\\\/www.interforce.dk\\\/\",\"name\":\"InterForce\",\"description\":\"\",\"potentialAction\":[{\"@type\":\"SearchAction\",\"target\":{\"@type\":\"EntryPoint\",\"urlTemplate\":\"https:\\\/\\\/www.interforce.dk\\\/?s={search_term_string}\"},\"query-input\":{\"@type\":\"PropertyValueSpecification\",\"valueRequired\":true,\"valueName\":\"search_term_string\"}}],\"inLanguage\":\"kl-GL\"},{\"@type\":\"Person\",\"@id\":\"https:\\\/\\\/www.interforce.dk\\\/#\\\/schema\\\/person\\\/41b0658575535ca51309711ff349b9e3\",\"name\":\"Birgitte Nielsen\",\"image\":{\"@type\":\"ImageObject\",\"inLanguage\":\"kl-GL\",\"@id\":\"https:\\\/\\\/secure.gravatar.com\\\/avatar\\\/81b3d9e74c5222861e29f3ef814bb64697af08736530ea8aaa6d2773f4c878e3?s=96&d=mm&r=g\",\"url\":\"https:\\\/\\\/secure.gravatar.com\\\/avatar\\\/81b3d9e74c5222861e29f3ef814bb64697af08736530ea8aaa6d2773f4c878e3?s=96&d=mm&r=g\",\"contentUrl\":\"https:\\\/\\\/secure.gravatar.com\\\/avatar\\\/81b3d9e74c5222861e29f3ef814bb64697af08736530ea8aaa6d2773f4c878e3?s=96&d=mm&r=g\",\"caption\":\"Birgitte Nielsen\"},\"url\":\"https:\\\/\\\/www.interforce.dk\\\/kl\\\/author\\\/midtjyllandinterforce-dk\\\/\"}]}<\/script>\n<!-- \/ Yoast SEO plugin. -->","yoast_head_json":{"title":"Aarhus Kommune modtager skjold fra InterForce Region Midtjylland - InterForce","robots":{"index":"index","follow":"follow","max-snippet":"max-snippet:-1","max-image-preview":"max-image-preview:large","max-video-preview":"max-video-preview:-1"},"canonical":"https:\/\/www.interforce.dk\/kl\/aarhus-kommune-modtager-skjold-fra-interforce-region-midtjylland\/","og_locale":"en_US","og_type":"article","og_title":"Aarhus Kommune modtager skjold fra InterForce Region Midtjylland - InterForce","og_description":"Borgmester fra Aarhus Kommune Jacob Bundsgaard modtager et InterForce skjold","og_url":"https:\/\/www.interforce.dk\/kl\/aarhus-kommune-modtager-skjold-fra-interforce-region-midtjylland\/","og_site_name":"InterForce","article_published_time":"2021-10-13T10:05:13+00:00","og_image":[{"width":2560,"height":1655,"url":"https:\/\/www.interforce.dk\/app\/uploads\/2021\/10\/Arhus-Kommune-per-B.-Andersen--scaled.jpg","type":"image\/jpeg"}],"author":"Birgitte Nielsen","twitter_card":"summary_large_image","twitter_misc":{"Written by":"Birgitte Nielsen","Est. reading time":"1 minute"},"schema":{"@context":"https:\/\/schema.org","@graph":[{"@type":"Article","@id":"https:\/\/www.interforce.dk\/aarhus-kommune-modtager-skjold-fra-interforce-region-midtjylland\/#article","isPartOf":{"@id":"https:\/\/www.interforce.dk\/aarhus-kommune-modtager-skjold-fra-interforce-region-midtjylland\/"},"author":{"name":"Birgitte Nielsen","@id":"https:\/\/www.interforce.dk\/#\/schema\/person\/41b0658575535ca51309711ff349b9e3"},"headline":"Aarhus Kommune modtager skjold fra InterForce Region Midtjylland","datePublished":"2021-10-13T10:05:13+00:00","mainEntityOfPage":{"@id":"https:\/\/www.interforce.dk\/aarhus-kommune-modtager-skjold-fra-interforce-region-midtjylland\/"},"wordCount":112,"image":{"@id":"https:\/\/www.interforce.dk\/aarhus-kommune-modtager-skjold-fra-interforce-region-midtjylland\/#primaryimage"},"thumbnailUrl":"https:\/\/www.interforce.dk\/app\/uploads\/2021\/10\/Arhus-Kommune-per-B.-Andersen--scaled.jpg","keywords":["Tag:Midtjylland"],"articleSection":["Erhvervsliv"],"inLanguage":"kl-GL"},{"@type":"WebPage","@id":"https:\/\/www.interforce.dk\/aarhus-kommune-modtager-skjold-fra-interforce-region-midtjylland\/","url":"https:\/\/www.interforce.dk\/aarhus-kommune-modtager-skjold-fra-interforce-region-midtjylland\/","name":"Aarhus Kommune modtager skjold fra InterForce Region Midtjylland - InterForce","isPartOf":{"@id":"https:\/\/www.interforce.dk\/#website"},"primaryImageOfPage":{"@id":"https:\/\/www.interforce.dk\/aarhus-kommune-modtager-skjold-fra-interforce-region-midtjylland\/#primaryimage"},"image":{"@id":"https:\/\/www.interforce.dk\/aarhus-kommune-modtager-skjold-fra-interforce-region-midtjylland\/#primaryimage"},"thumbnailUrl":"https:\/\/www.interforce.dk\/app\/uploads\/2021\/10\/Arhus-Kommune-per-B.-Andersen--scaled.jpg","datePublished":"2021-10-13T10:05:13+00:00","author":{"@id":"https:\/\/www.interforce.dk\/#\/schema\/person\/41b0658575535ca51309711ff349b9e3"},"breadcrumb":{"@id":"https:\/\/www.interforce.dk\/aarhus-kommune-modtager-skjold-fra-interforce-region-midtjylland\/#breadcrumb"},"inLanguage":"kl-GL","potentialAction":[{"@type":"ReadAction","target":["https:\/\/www.interforce.dk\/aarhus-kommune-modtager-skjold-fra-interforce-region-midtjylland\/"]}]},{"@type":"ImageObject","inLanguage":"kl-GL","@id":"https:\/\/www.interforce.dk\/aarhus-kommune-modtager-skjold-fra-interforce-region-midtjylland\/#primaryimage","url":"https:\/\/www.interforce.dk\/app\/uploads\/2021\/10\/Arhus-Kommune-per-B.-Andersen--scaled.jpg","contentUrl":"https:\/\/www.interforce.dk\/app\/uploads\/2021\/10\/Arhus-Kommune-per-B.-Andersen--scaled.jpg","width":2560,"height":1655},{"@type":"BreadcrumbList","@id":"https:\/\/www.interforce.dk\/aarhus-kommune-modtager-skjold-fra-interforce-region-midtjylland\/#breadcrumb","itemListElement":[{"@type":"ListItem","position":1,"name":"Hjem","item":"https:\/\/www.interforce.dk\/"},{"@type":"ListItem","position":2,"name":"Aarhus Kommune modtager skjold fra InterForce Region Midtjylland"}]},{"@type":"WebSite","@id":"https:\/\/www.interforce.dk\/#website","url":"https:\/\/www.interforce.dk\/","name":"InterForce","description":"","potentialAction":[{"@type":"SearchAction","target":{"@type":"EntryPoint","urlTemplate":"https:\/\/www.interforce.dk\/?s={search_term_string}"},"query-input":{"@type":"PropertyValueSpecification","valueRequired":true,"valueName":"search_term_string"}}],"inLanguage":"kl-GL"},{"@type":"Person","@id":"https:\/\/www.interforce.dk\/#\/schema\/person\/41b0658575535ca51309711ff349b9e3","name":"Birgitte Nielsen","image":{"@type":"ImageObject","inLanguage":"kl-GL","@id":"https:\/\/secure.gravatar.com\/avatar\/81b3d9e74c5222861e29f3ef814bb64697af08736530ea8aaa6d2773f4c878e3?s=96&d=mm&r=g","url":"https:\/\/secure.gravatar.com\/avatar\/81b3d9e74c5222861e29f3ef814bb64697af08736530ea8aaa6d2773f4c878e3?s=96&d=mm&r=g","contentUrl":"https:\/\/secure.gravatar.com\/avatar\/81b3d9e74c5222861e29f3ef814bb64697af08736530ea8aaa6d2773f4c878e3?s=96&d=mm&r=g","caption":"Birgitte Nielsen"},"url":"https:\/\/www.interforce.dk\/kl\/author\/midtjyllandinterforce-dk\/"}]}},"_links":{"self":[{"href":"https:\/\/www.interforce.dk\/kl\/wp-json\/wp\/v2\/posts\/11757","targetHints":{"allow":["GET"]}}],"collection":[{"href":"https:\/\/www.interforce.dk\/kl\/wp-json\/wp\/v2\/posts"}],"about":[{"href":"https:\/\/www.interforce.dk\/kl\/wp-json\/wp\/v2\/types\/post"}],"author":[{"embeddable":true,"href":"https:\/\/www.interforce.dk\/kl\/wp-json\/wp\/v2\/users\/26"}],"replies":[{"embeddable":true,"href":"https:\/\/www.interforce.dk\/kl\/wp-json\/wp\/v2\/comments?post=11757"}],"version-history":[{"count":3,"href":"https:\/\/www.interforce.dk\/kl\/wp-json\/wp\/v2\/posts\/11757\/revisions"}],"predecessor-version":[{"id":11780,"href":"https:\/\/www.interforce.dk\/kl\/wp-json\/wp\/v2\/posts\/11757\/revisions\/11780"}],"wp:featuredmedia":[{"embeddable":true,"href":"https:\/\/www.interforce.dk\/kl\/wp-json\/wp\/v2\/media\/11758"}],"wp:attachment":[{"href":"https:\/\/www.interforce.dk\/kl\/wp-json\/wp\/v2\/media?parent=11757"}],"wp:term":[{"taxonomy":"category","embeddable":true,"href":"https:\/\/www.interforce.dk\/kl\/wp-json\/wp\/v2\/categories?post=11757"},{"taxonomy":"post_tag","embeddable":true,"href":"https:\/\/www.interforce.dk\/kl\/wp-json\/wp\/v2\/tags?post=11757"}],"curies":[{"name":"wp","href":"https:\/\/api.w.org\/{rel}","templated":true}]}}