{"id":11547,"date":"2021-09-07T07:02:15","date_gmt":"2021-09-07T07:02:15","guid":{"rendered":"https:\/\/www.interforce.dk\/?p=11547"},"modified":"2021-10-04T11:33:00","modified_gmt":"2021-10-04T11:33:00","slug":"indsat-for-europa-tak-til-arbejdsgiverne-for-opbakningen","status":"publish","type":"post","link":"https:\/\/www.interforce.dk\/kl\/indsat-for-europa-tak-til-arbejdsgiverne-for-opbakningen\/","title":{"rendered":"Indsat for Europa: Tak til arbejdsgiverne for opbakningen"},"content":{"rendered":"<div class=\"block core-block core-block--paragraph\">\n      <div class=\"inner inner--small\">\n      \n<p><strong>Hjemmev\u00e6rnets tredje mission for Frontex, EU&#8217;s agentur for overv\u00e5gning af de ydre gr\u00e6nser, blev p\u00e5begyndt den 5. september. De frivillige kunne ikke l\u00f8se opgaven uden st\u00f8tte fra familie og arbejdsgivere, siger Flyverhjemmev\u00e6rnets stabschef.<\/strong><\/p>\n\n      <\/div>\n  <\/div>\n<div class=\"block core-block core-block--image align-center\">\n      <div class=\"inner inner--small\">\n      \n<div class=\"wp-block-image is-style-default\"><figure class=\"aligncenter size-large\"><img loading=\"lazy\" decoding=\"async\" width=\"563\" height=\"212\" src=\"\/app\/uploads\/2021\/09\/frontex-lav-oplosning.jpg\" alt=\"\" class=\"wp-image-11548\" srcset=\"https:\/\/www.interforce.dk\/app\/uploads\/2021\/09\/frontex-lav-oplosning.jpg 563w, https:\/\/www.interforce.dk\/app\/uploads\/2021\/09\/frontex-lav-oplosning-300x113.jpg 300w, https:\/\/www.interforce.dk\/app\/uploads\/2021\/09\/frontex-lav-oplosning-16x6.jpg 16w\" sizes=\"auto, (max-width: 563px) 100vw, 563px\" \/><figcaption>Foto: hjv.dk<\/figcaption><\/figure><\/div>\n\n      <\/div>\n  <\/div>\n<div class=\"block core-block core-block--paragraph\">\n      <div class=\"inner inner--small\">\n      \n<p>Flyverhjemmev\u00e6rnets Britten-Norman Defender-fly lettede i forg\u00e5rs mod Sardinien, der vil v\u00e6re basen for de kommende m\u00e5neders inds\u00e6ttelse i Frontex. <a href=\"https:\/\/www.hjv.dk\/oe\/HJK\/nyheder\/Sider\/Flyverhjemmevaernet-paa-tredje-mission-i-Sydeuropa.aspx\" target=\"_blank\" rel=\"noreferrer noopener\">Det skriver hjv.dk<\/a>.<br><br>\u201dMissionerne for Frontex er en central og vigtig opgave. Det er ogs\u00e5 udtryk for en professionalisering af Flyverhjemmev\u00e6rnet,&#8221; siger oberstl\u00f8jtnant Timm Willum Larsen, der som stabschef var i Roskilde Lufthavn for at tage afsked.<\/p>\n\n      <\/div>\n  <\/div>\n<div class=\"block core-block core-block--paragraph\">\n      <div class=\"inner inner--small\">\n      \n<p>\u201dDet er l\u00e6nge at v\u00e6re v\u00e6k fra familie og arbejde for vores otte frivillige og en fastansat. Derfor m\u00e5 der ogs\u00e5 rettes en tak til familierne og arbejdsgiverne for at bakke vore folk op p\u00e5 denne m\u00e5de,\u201d tilf\u00f8jer han.<\/p>\n\n      <\/div>\n  <\/div>\n<div class=\"block core-block core-block--paragraph\">\n      <div class=\"inner inner--small\">\n      \n<p><strong>Skal forhindre alle former for smugling<br><\/strong>Missionen er s\u00e6rligt for at d\u00e6mme op for illegal migration og gr\u00e6nseoverskridende kriminalitet som smugling af mennesker, narko og v\u00e5ben. Desuden handler opgaven om at styrke kystvagtfunktioner, mens der ligeledes kan blive behov for st\u00f8tte i efters\u00f8gnings- og redningsoperationer.<\/p>\n\n      <\/div>\n  <\/div>\n<div class=\"block core-block core-block--paragraph\">\n      <div class=\"inner inner--small\">\n      \n<p>Hjemmev\u00e6rnet sendte ogs\u00e5 i 2019 og 2020 frivillige soldater fra Flyverhjemmev\u00e6rnet p\u00e5 international mission for Frontex.<\/p>\n\n      <\/div>\n  <\/div>\n<div class=\"block core-block core-block--paragraph\">\n      <div class=\"inner inner--small\">\n      \n<p>\u201dN\u00e5r Hjemmev\u00e6rnet igen f\u00e5r denne opgave for Frontex, er det, fordi vores frivillige soldater de to foreg\u00e5ende \u00e5r har vist, at vi har kompetencerne og kapaciteterne til at l\u00f8se denne internationale opgave,\u201d siger oberst Kern Oddershede, som er chef for Flyverhjemmev\u00e6rnet.<\/p>\n\n      <\/div>\n  <\/div>\n<div class=\"block core-block core-block--paragraph\">\n      <div class=\"inner inner--small\">\n      \n<p><strong>Hvad er Frontex?<\/strong><\/p>\n\n      <\/div>\n  <\/div>\n<div class=\"block core-block core-block--list\">\n      <div class=\"inner inner--small\">\n      \n<ul class=\"wp-block-list\"><li>Det Europ\u00e6iske Agentur for Gr\u00e6nse- og Kystbevogtning, som har til opgave blandt andet at bek\u00e6mpe gr\u00e6nseoverskridende kriminalitet \u2013 is\u00e6r ved EUs ydre gr\u00e6nser i Middelhavet<\/li><li>Frontex blev oprettet i 2004 med henblik p\u00e5 at bist\u00e5 EU-medlemslandene og Schengenlandene med at beskytte de ydre gr\u00e6nser i EU\u2019s omr\u00e5de med fri bev\u00e6gelighed<\/li><li>Frontex er et operationelt agentur med mere end 1500 medarbejdere fra medlemsstaterne indsat i hele EU<\/li><\/ul>\n\n      <\/div>\n  <\/div>","protected":false},"excerpt":{"rendered":"Hjemmev\u00e6rnets frivillige ude internationalt....","protected":false},"author":111,"featured_media":11548,"comment_status":"closed","ping_status":"closed","sticky":false,"template":"","format":"standard","meta":{"_acf_changed":false,"footnotes":""},"categories":[6],"tags":[55],"class_list":["post-11547","post","type-post","status-publish","format-standard","has-post-thumbnail","hentry","category-hjv","tag-tag-hovedstaden"],"acf":[],"yoast_head":"<!-- This site is optimized with the Yoast SEO plugin v27.3 - https:\/\/yoast.com\/product\/yoast-seo-wordpress\/ -->\n<title>Indsat for Europa: Tak til arbejdsgiverne for opbakningen - InterForce<\/title>\n<meta name=\"robots\" content=\"index, follow, max-snippet:-1, max-image-preview:large, max-video-preview:-1\" \/>\n<link rel=\"canonical\" href=\"https:\/\/www.interforce.dk\/kl\/indsat-for-europa-tak-til-arbejdsgiverne-for-opbakningen\/\" \/>\n<meta property=\"og:locale\" content=\"en_US\" \/>\n<meta property=\"og:type\" content=\"article\" \/>\n<meta property=\"og:title\" content=\"Indsat for Europa: Tak til arbejdsgiverne for opbakningen - InterForce\" \/>\n<meta property=\"og:description\" content=\"Hjemmev\u00e6rnets frivillige ude internationalt.\" \/>\n<meta property=\"og:url\" content=\"https:\/\/www.interforce.dk\/kl\/indsat-for-europa-tak-til-arbejdsgiverne-for-opbakningen\/\" \/>\n<meta property=\"og:site_name\" content=\"InterForce\" \/>\n<meta property=\"article:published_time\" content=\"2021-09-07T07:02:15+00:00\" \/>\n<meta property=\"article:modified_time\" content=\"2021-10-04T11:33:00+00:00\" \/>\n<meta property=\"og:image\" content=\"https:\/\/www.interforce.dk\/app\/uploads\/2021\/09\/frontex-lav-oplosning.jpg\" \/>\n\t<meta property=\"og:image:width\" content=\"563\" \/>\n\t<meta property=\"og:image:height\" content=\"212\" \/>\n\t<meta property=\"og:image:type\" content=\"image\/jpeg\" \/>\n<meta name=\"author\" content=\"Simon Staffeldt Schou\" \/>\n<meta name=\"twitter:card\" content=\"summary_large_image\" \/>\n<meta name=\"twitter:label1\" content=\"Written by\" \/>\n\t<meta name=\"twitter:data1\" content=\"Simon Staffeldt Schou\" \/>\n\t<meta name=\"twitter:label2\" content=\"Est. reading time\" \/>\n\t<meta name=\"twitter:data2\" content=\"2 minutes\" \/>\n<script type=\"application\/ld+json\" class=\"yoast-schema-graph\">{\"@context\":\"https:\\\/\\\/schema.org\",\"@graph\":[{\"@type\":\"Article\",\"@id\":\"https:\\\/\\\/www.interforce.dk\\\/indsat-for-europa-tak-til-arbejdsgiverne-for-opbakningen\\\/#article\",\"isPartOf\":{\"@id\":\"https:\\\/\\\/www.interforce.dk\\\/indsat-for-europa-tak-til-arbejdsgiverne-for-opbakningen\\\/\"},\"author\":{\"name\":\"Simon Staffeldt Schou\",\"@id\":\"https:\\\/\\\/www.interforce.dk\\\/#\\\/schema\\\/person\\\/3604a2bb29e48048ea484fbfb3703fad\"},\"headline\":\"Indsat for Europa: Tak til arbejdsgiverne for opbakningen\",\"datePublished\":\"2021-09-07T07:02:15+00:00\",\"dateModified\":\"2021-10-04T11:33:00+00:00\",\"mainEntityOfPage\":{\"@id\":\"https:\\\/\\\/www.interforce.dk\\\/indsat-for-europa-tak-til-arbejdsgiverne-for-opbakningen\\\/\"},\"wordCount\":349,\"image\":{\"@id\":\"https:\\\/\\\/www.interforce.dk\\\/indsat-for-europa-tak-til-arbejdsgiverne-for-opbakningen\\\/#primaryimage\"},\"thumbnailUrl\":\"https:\\\/\\\/www.interforce.dk\\\/app\\\/uploads\\\/2021\\\/09\\\/frontex-lav-oplosning.jpg\",\"keywords\":[\"Tag:Hovedstaden\"],\"articleSection\":[\"Hjemmev\u00e6rnet\"],\"inLanguage\":\"kl-GL\"},{\"@type\":\"WebPage\",\"@id\":\"https:\\\/\\\/www.interforce.dk\\\/indsat-for-europa-tak-til-arbejdsgiverne-for-opbakningen\\\/\",\"url\":\"https:\\\/\\\/www.interforce.dk\\\/indsat-for-europa-tak-til-arbejdsgiverne-for-opbakningen\\\/\",\"name\":\"Indsat for Europa: Tak til arbejdsgiverne for opbakningen - InterForce\",\"isPartOf\":{\"@id\":\"https:\\\/\\\/www.interforce.dk\\\/#website\"},\"primaryImageOfPage\":{\"@id\":\"https:\\\/\\\/www.interforce.dk\\\/indsat-for-europa-tak-til-arbejdsgiverne-for-opbakningen\\\/#primaryimage\"},\"image\":{\"@id\":\"https:\\\/\\\/www.interforce.dk\\\/indsat-for-europa-tak-til-arbejdsgiverne-for-opbakningen\\\/#primaryimage\"},\"thumbnailUrl\":\"https:\\\/\\\/www.interforce.dk\\\/app\\\/uploads\\\/2021\\\/09\\\/frontex-lav-oplosning.jpg\",\"datePublished\":\"2021-09-07T07:02:15+00:00\",\"dateModified\":\"2021-10-04T11:33:00+00:00\",\"author\":{\"@id\":\"https:\\\/\\\/www.interforce.dk\\\/#\\\/schema\\\/person\\\/3604a2bb29e48048ea484fbfb3703fad\"},\"breadcrumb\":{\"@id\":\"https:\\\/\\\/www.interforce.dk\\\/indsat-for-europa-tak-til-arbejdsgiverne-for-opbakningen\\\/#breadcrumb\"},\"inLanguage\":\"kl-GL\",\"potentialAction\":[{\"@type\":\"ReadAction\",\"target\":[\"https:\\\/\\\/www.interforce.dk\\\/indsat-for-europa-tak-til-arbejdsgiverne-for-opbakningen\\\/\"]}]},{\"@type\":\"ImageObject\",\"inLanguage\":\"kl-GL\",\"@id\":\"https:\\\/\\\/www.interforce.dk\\\/indsat-for-europa-tak-til-arbejdsgiverne-for-opbakningen\\\/#primaryimage\",\"url\":\"https:\\\/\\\/www.interforce.dk\\\/app\\\/uploads\\\/2021\\\/09\\\/frontex-lav-oplosning.jpg\",\"contentUrl\":\"https:\\\/\\\/www.interforce.dk\\\/app\\\/uploads\\\/2021\\\/09\\\/frontex-lav-oplosning.jpg\",\"width\":563,\"height\":212},{\"@type\":\"BreadcrumbList\",\"@id\":\"https:\\\/\\\/www.interforce.dk\\\/indsat-for-europa-tak-til-arbejdsgiverne-for-opbakningen\\\/#breadcrumb\",\"itemListElement\":[{\"@type\":\"ListItem\",\"position\":1,\"name\":\"Hjem\",\"item\":\"https:\\\/\\\/www.interforce.dk\\\/\"},{\"@type\":\"ListItem\",\"position\":2,\"name\":\"Indsat for Europa: Tak til arbejdsgiverne for opbakningen\"}]},{\"@type\":\"WebSite\",\"@id\":\"https:\\\/\\\/www.interforce.dk\\\/#website\",\"url\":\"https:\\\/\\\/www.interforce.dk\\\/\",\"name\":\"InterForce\",\"description\":\"\",\"potentialAction\":[{\"@type\":\"SearchAction\",\"target\":{\"@type\":\"EntryPoint\",\"urlTemplate\":\"https:\\\/\\\/www.interforce.dk\\\/?s={search_term_string}\"},\"query-input\":{\"@type\":\"PropertyValueSpecification\",\"valueRequired\":true,\"valueName\":\"search_term_string\"}}],\"inLanguage\":\"kl-GL\"},{\"@type\":\"Person\",\"@id\":\"https:\\\/\\\/www.interforce.dk\\\/#\\\/schema\\\/person\\\/3604a2bb29e48048ea484fbfb3703fad\",\"name\":\"Simon Staffeldt Schou\",\"image\":{\"@type\":\"ImageObject\",\"inLanguage\":\"kl-GL\",\"@id\":\"https:\\\/\\\/secure.gravatar.com\\\/avatar\\\/1ff3b89414668243258c5ed26b84872c273dcdf7fe7ee0c553a52e1b4c2002fd?s=96&d=mm&r=g\",\"url\":\"https:\\\/\\\/secure.gravatar.com\\\/avatar\\\/1ff3b89414668243258c5ed26b84872c273dcdf7fe7ee0c553a52e1b4c2002fd?s=96&d=mm&r=g\",\"contentUrl\":\"https:\\\/\\\/secure.gravatar.com\\\/avatar\\\/1ff3b89414668243258c5ed26b84872c273dcdf7fe7ee0c553a52e1b4c2002fd?s=96&d=mm&r=g\",\"caption\":\"Simon Staffeldt Schou\"},\"url\":\"https:\\\/\\\/www.interforce.dk\\\/kl\\\/author\\\/simon\\\/\"}]}<\/script>\n<!-- \/ Yoast SEO plugin. -->","yoast_head_json":{"title":"Indsat for Europa: Tak til arbejdsgiverne for opbakningen - InterForce","robots":{"index":"index","follow":"follow","max-snippet":"max-snippet:-1","max-image-preview":"max-image-preview:large","max-video-preview":"max-video-preview:-1"},"canonical":"https:\/\/www.interforce.dk\/kl\/indsat-for-europa-tak-til-arbejdsgiverne-for-opbakningen\/","og_locale":"en_US","og_type":"article","og_title":"Indsat for Europa: Tak til arbejdsgiverne for opbakningen - InterForce","og_description":"Hjemmev\u00e6rnets frivillige ude internationalt.","og_url":"https:\/\/www.interforce.dk\/kl\/indsat-for-europa-tak-til-arbejdsgiverne-for-opbakningen\/","og_site_name":"InterForce","article_published_time":"2021-09-07T07:02:15+00:00","article_modified_time":"2021-10-04T11:33:00+00:00","og_image":[{"width":563,"height":212,"url":"https:\/\/www.interforce.dk\/app\/uploads\/2021\/09\/frontex-lav-oplosning.jpg","type":"image\/jpeg"}],"author":"Simon Staffeldt Schou","twitter_card":"summary_large_image","twitter_misc":{"Written by":"Simon Staffeldt Schou","Est. reading time":"2 minutes"},"schema":{"@context":"https:\/\/schema.org","@graph":[{"@type":"Article","@id":"https:\/\/www.interforce.dk\/indsat-for-europa-tak-til-arbejdsgiverne-for-opbakningen\/#article","isPartOf":{"@id":"https:\/\/www.interforce.dk\/indsat-for-europa-tak-til-arbejdsgiverne-for-opbakningen\/"},"author":{"name":"Simon Staffeldt Schou","@id":"https:\/\/www.interforce.dk\/#\/schema\/person\/3604a2bb29e48048ea484fbfb3703fad"},"headline":"Indsat for Europa: Tak til arbejdsgiverne for opbakningen","datePublished":"2021-09-07T07:02:15+00:00","dateModified":"2021-10-04T11:33:00+00:00","mainEntityOfPage":{"@id":"https:\/\/www.interforce.dk\/indsat-for-europa-tak-til-arbejdsgiverne-for-opbakningen\/"},"wordCount":349,"image":{"@id":"https:\/\/www.interforce.dk\/indsat-for-europa-tak-til-arbejdsgiverne-for-opbakningen\/#primaryimage"},"thumbnailUrl":"https:\/\/www.interforce.dk\/app\/uploads\/2021\/09\/frontex-lav-oplosning.jpg","keywords":["Tag:Hovedstaden"],"articleSection":["Hjemmev\u00e6rnet"],"inLanguage":"kl-GL"},{"@type":"WebPage","@id":"https:\/\/www.interforce.dk\/indsat-for-europa-tak-til-arbejdsgiverne-for-opbakningen\/","url":"https:\/\/www.interforce.dk\/indsat-for-europa-tak-til-arbejdsgiverne-for-opbakningen\/","name":"Indsat for Europa: Tak til arbejdsgiverne for opbakningen - InterForce","isPartOf":{"@id":"https:\/\/www.interforce.dk\/#website"},"primaryImageOfPage":{"@id":"https:\/\/www.interforce.dk\/indsat-for-europa-tak-til-arbejdsgiverne-for-opbakningen\/#primaryimage"},"image":{"@id":"https:\/\/www.interforce.dk\/indsat-for-europa-tak-til-arbejdsgiverne-for-opbakningen\/#primaryimage"},"thumbnailUrl":"https:\/\/www.interforce.dk\/app\/uploads\/2021\/09\/frontex-lav-oplosning.jpg","datePublished":"2021-09-07T07:02:15+00:00","dateModified":"2021-10-04T11:33:00+00:00","author":{"@id":"https:\/\/www.interforce.dk\/#\/schema\/person\/3604a2bb29e48048ea484fbfb3703fad"},"breadcrumb":{"@id":"https:\/\/www.interforce.dk\/indsat-for-europa-tak-til-arbejdsgiverne-for-opbakningen\/#breadcrumb"},"inLanguage":"kl-GL","potentialAction":[{"@type":"ReadAction","target":["https:\/\/www.interforce.dk\/indsat-for-europa-tak-til-arbejdsgiverne-for-opbakningen\/"]}]},{"@type":"ImageObject","inLanguage":"kl-GL","@id":"https:\/\/www.interforce.dk\/indsat-for-europa-tak-til-arbejdsgiverne-for-opbakningen\/#primaryimage","url":"https:\/\/www.interforce.dk\/app\/uploads\/2021\/09\/frontex-lav-oplosning.jpg","contentUrl":"https:\/\/www.interforce.dk\/app\/uploads\/2021\/09\/frontex-lav-oplosning.jpg","width":563,"height":212},{"@type":"BreadcrumbList","@id":"https:\/\/www.interforce.dk\/indsat-for-europa-tak-til-arbejdsgiverne-for-opbakningen\/#breadcrumb","itemListElement":[{"@type":"ListItem","position":1,"name":"Hjem","item":"https:\/\/www.interforce.dk\/"},{"@type":"ListItem","position":2,"name":"Indsat for Europa: Tak til arbejdsgiverne for opbakningen"}]},{"@type":"WebSite","@id":"https:\/\/www.interforce.dk\/#website","url":"https:\/\/www.interforce.dk\/","name":"InterForce","description":"","potentialAction":[{"@type":"SearchAction","target":{"@type":"EntryPoint","urlTemplate":"https:\/\/www.interforce.dk\/?s={search_term_string}"},"query-input":{"@type":"PropertyValueSpecification","valueRequired":true,"valueName":"search_term_string"}}],"inLanguage":"kl-GL"},{"@type":"Person","@id":"https:\/\/www.interforce.dk\/#\/schema\/person\/3604a2bb29e48048ea484fbfb3703fad","name":"Simon Staffeldt Schou","image":{"@type":"ImageObject","inLanguage":"kl-GL","@id":"https:\/\/secure.gravatar.com\/avatar\/1ff3b89414668243258c5ed26b84872c273dcdf7fe7ee0c553a52e1b4c2002fd?s=96&d=mm&r=g","url":"https:\/\/secure.gravatar.com\/avatar\/1ff3b89414668243258c5ed26b84872c273dcdf7fe7ee0c553a52e1b4c2002fd?s=96&d=mm&r=g","contentUrl":"https:\/\/secure.gravatar.com\/avatar\/1ff3b89414668243258c5ed26b84872c273dcdf7fe7ee0c553a52e1b4c2002fd?s=96&d=mm&r=g","caption":"Simon Staffeldt Schou"},"url":"https:\/\/www.interforce.dk\/kl\/author\/simon\/"}]}},"_links":{"self":[{"href":"https:\/\/www.interforce.dk\/kl\/wp-json\/wp\/v2\/posts\/11547","targetHints":{"allow":["GET"]}}],"collection":[{"href":"https:\/\/www.interforce.dk\/kl\/wp-json\/wp\/v2\/posts"}],"about":[{"href":"https:\/\/www.interforce.dk\/kl\/wp-json\/wp\/v2\/types\/post"}],"author":[{"embeddable":true,"href":"https:\/\/www.interforce.dk\/kl\/wp-json\/wp\/v2\/users\/111"}],"replies":[{"embeddable":true,"href":"https:\/\/www.interforce.dk\/kl\/wp-json\/wp\/v2\/comments?post=11547"}],"version-history":[{"count":4,"href":"https:\/\/www.interforce.dk\/kl\/wp-json\/wp\/v2\/posts\/11547\/revisions"}],"predecessor-version":[{"id":11576,"href":"https:\/\/www.interforce.dk\/kl\/wp-json\/wp\/v2\/posts\/11547\/revisions\/11576"}],"wp:featuredmedia":[{"embeddable":true,"href":"https:\/\/www.interforce.dk\/kl\/wp-json\/wp\/v2\/media\/11548"}],"wp:attachment":[{"href":"https:\/\/www.interforce.dk\/kl\/wp-json\/wp\/v2\/media?parent=11547"}],"wp:term":[{"taxonomy":"category","embeddable":true,"href":"https:\/\/www.interforce.dk\/kl\/wp-json\/wp\/v2\/categories?post=11547"},{"taxonomy":"post_tag","embeddable":true,"href":"https:\/\/www.interforce.dk\/kl\/wp-json\/wp\/v2\/tags?post=11547"}],"curies":[{"name":"wp","href":"https:\/\/api.w.org\/{rel}","templated":true}]}}