{"id":10487,"date":"2020-08-07T15:35:39","date_gmt":"2020-08-07T15:35:39","guid":{"rendered":"http:\/\/www.interforce.dk\/?p=10487"},"modified":"2021-04-26T16:45:26","modified_gmt":"2021-04-26T16:45:26","slug":"groenlandsk-erhvervsliv-tager-ansvar-for-rigets-sikkerhed-interforce-er-aabnet-i-nuuk","status":"publish","type":"post","link":"https:\/\/www.interforce.dk\/kl\/groenlandsk-erhvervsliv-tager-ansvar-for-rigets-sikkerhed-interforce-er-aabnet-i-nuuk\/","title":{"rendered":"Gr\u00f8nlandsk erhvervsliv tager ansvar for rigets sikkerhed: InterForce er \u00e5bnet i Nuuk"},"content":{"rendered":"<div class=\"block core-block core-block--paragraph\">\n      <div class=\"inner inner--small\">\n      \n<p>Af Thorbj\u00f8rn Hein<\/p>\n\n      <\/div>\n  <\/div>\n<div class=\"block core-block core-block--paragraph\">\n      <div class=\"inner inner--small\">\n      \n<p><strong>Forsvarsminister Trine Bramsens indviede i g\u00e5r InterForce Gr\u00f8nland. Under strenge COVID-19-restriktioner lykkedes det at samle repr\u00e6sentanter fra hele det nystiftede forretningsudvalg samt oven i k\u00f8bet et par st\u00f8ttevirksomheder, der alts\u00e5 allerede inden \u00e5bningen havde meldt sig til sagen.<\/strong><\/p>\n\n      <\/div>\n  <\/div>\n<div class=\"block core-block core-block--paragraph\">\n      <div class=\"inner inner--small\">\n      \n<p>Der var god plads mellem hver stol, og overr\u00e6kkelsen af det fysiske bevis p\u00e5 medlemsskabet af InterForce &#8211; et tr\u00e6skjold med InterForces logo i emalje &#8211; foregik p\u00e5 alternativ vis. Trods alle udfordringer lykkedes arrangementet, under massiv bev\u00e5genhed fra gr\u00f8nlandsk presse.<\/p>\n\n      <\/div>\n  <\/div>\n<div class=\"block core-block core-block--image\">\n      <div class=\"inner inner--small\">\n      \n<figure class=\"wp-block-image size-large\"><img decoding=\"async\" src=\"http:\/\/www.interforce.dk\/app\/uploads\/2020\/08\/DSC1520-1024x683.jpg\" alt=\"\" class=\"wp-image-10483\"\/><figcaption>Forsvarsminister Trine Bramsen, InterForce-formand S\u00f8ren Gade, InterForce Gr\u00f8nlands forretningsudvalg m.fl. efter \u00e5bningsh\u00f8jtideligheden den 6. august 2020. Foto: Betina Pr\u00e6stiin, AKO.<\/figcaption><\/figure>\n\n      <\/div>\n  <\/div>\n<div class=\"block core-block core-block--image\">\n      <div class=\"inner inner--small\">\n      \n<figure class=\"wp-block-image size-large\"><img decoding=\"async\" src=\"http:\/\/www.interforce.dk\/app\/uploads\/2020\/08\/DSC1441-1024x683.jpg\" alt=\"\" class=\"wp-image-10485\"\/><figcaption>Chefen for Arktisk Kommando taler ved \u00e5bningsh\u00f8jtideligheden for InterForce Gr\u00f8nland den 6. august 2020. Foto: Thorbj\u00f8rn Hein<\/figcaption><\/figure>\n\n      <\/div>\n  <\/div>\n<div class=\"block core-block core-block--image\">\n      <div class=\"inner inner--small\">\n      \n<figure class=\"wp-block-image size-large\"><img decoding=\"async\" src=\"http:\/\/www.interforce.dk\/app\/uploads\/2020\/08\/DSC1452-1024x683.jpg\" alt=\"\" class=\"wp-image-10477\"\/><figcaption>Formand S\u00f8ren Gade taler ved \u00e5bningsh\u00f8jtideligheden for InterForce Gr\u00f8nland den 6. august 2020. Foto: Thorbj\u00f8rn Hein<\/figcaption><\/figure>\n\n      <\/div>\n  <\/div>\n<div class=\"block core-block core-block--image\">\n      <div class=\"inner inner--small\">\n      \n<figure class=\"wp-block-image size-large\"><img decoding=\"async\" src=\"http:\/\/www.interforce.dk\/app\/uploads\/2020\/08\/DSC1458-1024x683.jpg\" alt=\"\" class=\"wp-image-10479\"\/><figcaption>Kommand\u00f8r John \nBoye Rasmussen taler ved \u00e5bningsh\u00f8jtideligheden for InterForce Gr\u00f8nland den 6. august 2020. Foto: Thorbj\u00f8rn Hein<\/figcaption><\/figure>\n\n      <\/div>\n  <\/div>\n<div class=\"block core-block core-block--image\">\n      <div class=\"inner inner--small\">\n      \n<figure class=\"wp-block-image size-large\"><img decoding=\"async\" src=\"http:\/\/www.interforce.dk\/app\/uploads\/2020\/08\/DSC1463-1024x683.jpg\" alt=\"\" class=\"wp-image-10481\"\/><figcaption>Forsvarsminister Trine Bramsen taler ved \u00e5bningen af InterForce Gr\u00f8nland den 6. august 2020. Foto: Thorbj\u00f8rn Hein.<\/figcaption><\/figure>\n\n      <\/div>\n  <\/div>","protected":false},"excerpt":{"rendered":"Forsvarsministeren og Formand for InterForce S\u00f8ren Gade inviede d. 6 august 202...","protected":false},"author":2,"featured_media":0,"comment_status":"closed","ping_status":"closed","sticky":false,"template":"","format":"standard","meta":{"_acf_changed":false,"footnotes":""},"categories":[12],"tags":[118],"class_list":["post-10487","post","type-post","status-publish","format-standard","hentry","category-nyt-om-if","tag-tag-groenland"],"acf":[],"yoast_head":"<!-- This site is optimized with the Yoast SEO plugin v27.3 - https:\/\/yoast.com\/product\/yoast-seo-wordpress\/ -->\n<title>Gr\u00f8nlandsk erhvervsliv tager ansvar for rigets sikkerhed: InterForce er \u00e5bnet i Nuuk - InterForce<\/title>\n<meta name=\"robots\" content=\"index, follow, max-snippet:-1, max-image-preview:large, max-video-preview:-1\" \/>\n<link rel=\"canonical\" href=\"https:\/\/www.interforce.dk\/kl\/groenlandsk-erhvervsliv-tager-ansvar-for-rigets-sikkerhed-interforce-er-aabnet-i-nuuk\/\" \/>\n<meta property=\"og:locale\" content=\"en_US\" \/>\n<meta property=\"og:type\" content=\"article\" \/>\n<meta property=\"og:title\" content=\"Gr\u00f8nlandsk erhvervsliv tager ansvar for rigets sikkerhed: InterForce er \u00e5bnet i Nuuk - InterForce\" \/>\n<meta property=\"og:description\" content=\"Forsvarsministeren og Formand for InterForce S\u00f8ren Gade inviede d. 6 august 2020 et nyt InterForce sekretariat i Gr\u00f8nland\" \/>\n<meta property=\"og:url\" content=\"https:\/\/www.interforce.dk\/kl\/groenlandsk-erhvervsliv-tager-ansvar-for-rigets-sikkerhed-interforce-er-aabnet-i-nuuk\/\" \/>\n<meta property=\"og:site_name\" content=\"InterForce\" \/>\n<meta property=\"article:published_time\" content=\"2020-08-07T15:35:39+00:00\" \/>\n<meta property=\"article:modified_time\" content=\"2021-04-26T16:45:26+00:00\" \/>\n<meta property=\"og:image\" content=\"https:\/\/www.interforce.dk\/app\/uploads\/2020\/08\/DSC1520-scaled.jpg\" \/>\n\t<meta property=\"og:image:width\" content=\"2560\" \/>\n\t<meta property=\"og:image:height\" content=\"1707\" \/>\n\t<meta property=\"og:image:type\" content=\"image\/jpeg\" \/>\n<meta name=\"author\" content=\"InterForce\" \/>\n<meta name=\"twitter:card\" content=\"summary_large_image\" \/>\n<meta name=\"twitter:label1\" content=\"Written by\" \/>\n\t<meta name=\"twitter:data1\" content=\"InterForce\" \/>\n\t<meta name=\"twitter:label2\" content=\"Est. reading time\" \/>\n\t<meta name=\"twitter:data2\" content=\"2 minutes\" \/>\n<script type=\"application\/ld+json\" class=\"yoast-schema-graph\">{\"@context\":\"https:\\\/\\\/schema.org\",\"@graph\":[{\"@type\":\"Article\",\"@id\":\"https:\\\/\\\/www.interforce.dk\\\/groenlandsk-erhvervsliv-tager-ansvar-for-rigets-sikkerhed-interforce-er-aabnet-i-nuuk\\\/#article\",\"isPartOf\":{\"@id\":\"https:\\\/\\\/www.interforce.dk\\\/groenlandsk-erhvervsliv-tager-ansvar-for-rigets-sikkerhed-interforce-er-aabnet-i-nuuk\\\/\"},\"author\":{\"name\":\"InterForce\",\"@id\":\"https:\\\/\\\/www.interforce.dk\\\/#\\\/schema\\\/person\\\/e0192b63d0a5b8f69ae146e87f7116fb\"},\"headline\":\"Gr\u00f8nlandsk erhvervsliv tager ansvar for rigets sikkerhed: InterForce er \u00e5bnet i Nuuk\",\"datePublished\":\"2020-08-07T15:35:39+00:00\",\"dateModified\":\"2021-04-26T16:45:26+00:00\",\"mainEntityOfPage\":{\"@id\":\"https:\\\/\\\/www.interforce.dk\\\/groenlandsk-erhvervsliv-tager-ansvar-for-rigets-sikkerhed-interforce-er-aabnet-i-nuuk\\\/\"},\"wordCount\":200,\"image\":{\"@id\":\"https:\\\/\\\/www.interforce.dk\\\/groenlandsk-erhvervsliv-tager-ansvar-for-rigets-sikkerhed-interforce-er-aabnet-i-nuuk\\\/#primaryimage\"},\"thumbnailUrl\":\"http:\\\/\\\/www.interforce.dk\\\/app\\\/uploads\\\/2020\\\/08\\\/DSC1520-1024x683.jpg\",\"keywords\":[\"Tag:Gr\u00f8nland\"],\"articleSection\":[\"Nyheder om InterForce\"],\"inLanguage\":\"kl-GL\"},{\"@type\":\"WebPage\",\"@id\":\"https:\\\/\\\/www.interforce.dk\\\/groenlandsk-erhvervsliv-tager-ansvar-for-rigets-sikkerhed-interforce-er-aabnet-i-nuuk\\\/\",\"url\":\"https:\\\/\\\/www.interforce.dk\\\/groenlandsk-erhvervsliv-tager-ansvar-for-rigets-sikkerhed-interforce-er-aabnet-i-nuuk\\\/\",\"name\":\"Gr\u00f8nlandsk erhvervsliv tager ansvar for rigets sikkerhed: InterForce er \u00e5bnet i Nuuk - InterForce\",\"isPartOf\":{\"@id\":\"https:\\\/\\\/www.interforce.dk\\\/#website\"},\"primaryImageOfPage\":{\"@id\":\"https:\\\/\\\/www.interforce.dk\\\/groenlandsk-erhvervsliv-tager-ansvar-for-rigets-sikkerhed-interforce-er-aabnet-i-nuuk\\\/#primaryimage\"},\"image\":{\"@id\":\"https:\\\/\\\/www.interforce.dk\\\/groenlandsk-erhvervsliv-tager-ansvar-for-rigets-sikkerhed-interforce-er-aabnet-i-nuuk\\\/#primaryimage\"},\"thumbnailUrl\":\"http:\\\/\\\/www.interforce.dk\\\/app\\\/uploads\\\/2020\\\/08\\\/DSC1520-1024x683.jpg\",\"datePublished\":\"2020-08-07T15:35:39+00:00\",\"dateModified\":\"2021-04-26T16:45:26+00:00\",\"author\":{\"@id\":\"https:\\\/\\\/www.interforce.dk\\\/#\\\/schema\\\/person\\\/e0192b63d0a5b8f69ae146e87f7116fb\"},\"breadcrumb\":{\"@id\":\"https:\\\/\\\/www.interforce.dk\\\/groenlandsk-erhvervsliv-tager-ansvar-for-rigets-sikkerhed-interforce-er-aabnet-i-nuuk\\\/#breadcrumb\"},\"inLanguage\":\"kl-GL\",\"potentialAction\":[{\"@type\":\"ReadAction\",\"target\":[\"https:\\\/\\\/www.interforce.dk\\\/groenlandsk-erhvervsliv-tager-ansvar-for-rigets-sikkerhed-interforce-er-aabnet-i-nuuk\\\/\"]}]},{\"@type\":\"ImageObject\",\"inLanguage\":\"kl-GL\",\"@id\":\"https:\\\/\\\/www.interforce.dk\\\/groenlandsk-erhvervsliv-tager-ansvar-for-rigets-sikkerhed-interforce-er-aabnet-i-nuuk\\\/#primaryimage\",\"url\":\"http:\\\/\\\/www.interforce.dk\\\/app\\\/uploads\\\/2020\\\/08\\\/DSC1520-1024x683.jpg\",\"contentUrl\":\"http:\\\/\\\/www.interforce.dk\\\/app\\\/uploads\\\/2020\\\/08\\\/DSC1520-1024x683.jpg\"},{\"@type\":\"BreadcrumbList\",\"@id\":\"https:\\\/\\\/www.interforce.dk\\\/groenlandsk-erhvervsliv-tager-ansvar-for-rigets-sikkerhed-interforce-er-aabnet-i-nuuk\\\/#breadcrumb\",\"itemListElement\":[{\"@type\":\"ListItem\",\"position\":1,\"name\":\"Hjem\",\"item\":\"https:\\\/\\\/www.interforce.dk\\\/\"},{\"@type\":\"ListItem\",\"position\":2,\"name\":\"Gr\u00f8nlandsk erhvervsliv tager ansvar for rigets sikkerhed: InterForce er \u00e5bnet i Nuuk\"}]},{\"@type\":\"WebSite\",\"@id\":\"https:\\\/\\\/www.interforce.dk\\\/#website\",\"url\":\"https:\\\/\\\/www.interforce.dk\\\/\",\"name\":\"InterForce\",\"description\":\"\",\"potentialAction\":[{\"@type\":\"SearchAction\",\"target\":{\"@type\":\"EntryPoint\",\"urlTemplate\":\"https:\\\/\\\/www.interforce.dk\\\/?s={search_term_string}\"},\"query-input\":{\"@type\":\"PropertyValueSpecification\",\"valueRequired\":true,\"valueName\":\"search_term_string\"}}],\"inLanguage\":\"kl-GL\"},{\"@type\":\"Person\",\"@id\":\"https:\\\/\\\/www.interforce.dk\\\/#\\\/schema\\\/person\\\/e0192b63d0a5b8f69ae146e87f7116fb\",\"name\":\"InterForce\",\"image\":{\"@type\":\"ImageObject\",\"inLanguage\":\"kl-GL\",\"@id\":\"https:\\\/\\\/secure.gravatar.com\\\/avatar\\\/2ca4b79c0fb3239b8666089682925a48076b8ca78fd38cf279aa4345189a33e3?s=96&d=mm&r=g\",\"url\":\"https:\\\/\\\/secure.gravatar.com\\\/avatar\\\/2ca4b79c0fb3239b8666089682925a48076b8ca78fd38cf279aa4345189a33e3?s=96&d=mm&r=g\",\"contentUrl\":\"https:\\\/\\\/secure.gravatar.com\\\/avatar\\\/2ca4b79c0fb3239b8666089682925a48076b8ca78fd38cf279aa4345189a33e3?s=96&d=mm&r=g\",\"caption\":\"InterForce\"},\"sameAs\":[\"https:\\\/\\\/www.interforce.dk\"],\"url\":\"https:\\\/\\\/www.interforce.dk\\\/kl\\\/author\\\/interforce\\\/\"}]}<\/script>\n<!-- \/ Yoast SEO plugin. -->","yoast_head_json":{"title":"Gr\u00f8nlandsk erhvervsliv tager ansvar for rigets sikkerhed: InterForce er \u00e5bnet i Nuuk - InterForce","robots":{"index":"index","follow":"follow","max-snippet":"max-snippet:-1","max-image-preview":"max-image-preview:large","max-video-preview":"max-video-preview:-1"},"canonical":"https:\/\/www.interforce.dk\/kl\/groenlandsk-erhvervsliv-tager-ansvar-for-rigets-sikkerhed-interforce-er-aabnet-i-nuuk\/","og_locale":"en_US","og_type":"article","og_title":"Gr\u00f8nlandsk erhvervsliv tager ansvar for rigets sikkerhed: InterForce er \u00e5bnet i Nuuk - InterForce","og_description":"Forsvarsministeren og Formand for InterForce S\u00f8ren Gade inviede d. 6 august 2020 et nyt InterForce sekretariat i Gr\u00f8nland","og_url":"https:\/\/www.interforce.dk\/kl\/groenlandsk-erhvervsliv-tager-ansvar-for-rigets-sikkerhed-interforce-er-aabnet-i-nuuk\/","og_site_name":"InterForce","article_published_time":"2020-08-07T15:35:39+00:00","article_modified_time":"2021-04-26T16:45:26+00:00","og_image":[{"width":2560,"height":1707,"url":"https:\/\/www.interforce.dk\/app\/uploads\/2020\/08\/DSC1520-scaled.jpg","type":"image\/jpeg"}],"author":"InterForce","twitter_card":"summary_large_image","twitter_misc":{"Written by":"InterForce","Est. reading time":"2 minutes"},"schema":{"@context":"https:\/\/schema.org","@graph":[{"@type":"Article","@id":"https:\/\/www.interforce.dk\/groenlandsk-erhvervsliv-tager-ansvar-for-rigets-sikkerhed-interforce-er-aabnet-i-nuuk\/#article","isPartOf":{"@id":"https:\/\/www.interforce.dk\/groenlandsk-erhvervsliv-tager-ansvar-for-rigets-sikkerhed-interforce-er-aabnet-i-nuuk\/"},"author":{"name":"InterForce","@id":"https:\/\/www.interforce.dk\/#\/schema\/person\/e0192b63d0a5b8f69ae146e87f7116fb"},"headline":"Gr\u00f8nlandsk erhvervsliv tager ansvar for rigets sikkerhed: InterForce er \u00e5bnet i Nuuk","datePublished":"2020-08-07T15:35:39+00:00","dateModified":"2021-04-26T16:45:26+00:00","mainEntityOfPage":{"@id":"https:\/\/www.interforce.dk\/groenlandsk-erhvervsliv-tager-ansvar-for-rigets-sikkerhed-interforce-er-aabnet-i-nuuk\/"},"wordCount":200,"image":{"@id":"https:\/\/www.interforce.dk\/groenlandsk-erhvervsliv-tager-ansvar-for-rigets-sikkerhed-interforce-er-aabnet-i-nuuk\/#primaryimage"},"thumbnailUrl":"http:\/\/www.interforce.dk\/app\/uploads\/2020\/08\/DSC1520-1024x683.jpg","keywords":["Tag:Gr\u00f8nland"],"articleSection":["Nyheder om InterForce"],"inLanguage":"kl-GL"},{"@type":"WebPage","@id":"https:\/\/www.interforce.dk\/groenlandsk-erhvervsliv-tager-ansvar-for-rigets-sikkerhed-interforce-er-aabnet-i-nuuk\/","url":"https:\/\/www.interforce.dk\/groenlandsk-erhvervsliv-tager-ansvar-for-rigets-sikkerhed-interforce-er-aabnet-i-nuuk\/","name":"Gr\u00f8nlandsk erhvervsliv tager ansvar for rigets sikkerhed: InterForce er \u00e5bnet i Nuuk - InterForce","isPartOf":{"@id":"https:\/\/www.interforce.dk\/#website"},"primaryImageOfPage":{"@id":"https:\/\/www.interforce.dk\/groenlandsk-erhvervsliv-tager-ansvar-for-rigets-sikkerhed-interforce-er-aabnet-i-nuuk\/#primaryimage"},"image":{"@id":"https:\/\/www.interforce.dk\/groenlandsk-erhvervsliv-tager-ansvar-for-rigets-sikkerhed-interforce-er-aabnet-i-nuuk\/#primaryimage"},"thumbnailUrl":"http:\/\/www.interforce.dk\/app\/uploads\/2020\/08\/DSC1520-1024x683.jpg","datePublished":"2020-08-07T15:35:39+00:00","dateModified":"2021-04-26T16:45:26+00:00","author":{"@id":"https:\/\/www.interforce.dk\/#\/schema\/person\/e0192b63d0a5b8f69ae146e87f7116fb"},"breadcrumb":{"@id":"https:\/\/www.interforce.dk\/groenlandsk-erhvervsliv-tager-ansvar-for-rigets-sikkerhed-interforce-er-aabnet-i-nuuk\/#breadcrumb"},"inLanguage":"kl-GL","potentialAction":[{"@type":"ReadAction","target":["https:\/\/www.interforce.dk\/groenlandsk-erhvervsliv-tager-ansvar-for-rigets-sikkerhed-interforce-er-aabnet-i-nuuk\/"]}]},{"@type":"ImageObject","inLanguage":"kl-GL","@id":"https:\/\/www.interforce.dk\/groenlandsk-erhvervsliv-tager-ansvar-for-rigets-sikkerhed-interforce-er-aabnet-i-nuuk\/#primaryimage","url":"http:\/\/www.interforce.dk\/app\/uploads\/2020\/08\/DSC1520-1024x683.jpg","contentUrl":"http:\/\/www.interforce.dk\/app\/uploads\/2020\/08\/DSC1520-1024x683.jpg"},{"@type":"BreadcrumbList","@id":"https:\/\/www.interforce.dk\/groenlandsk-erhvervsliv-tager-ansvar-for-rigets-sikkerhed-interforce-er-aabnet-i-nuuk\/#breadcrumb","itemListElement":[{"@type":"ListItem","position":1,"name":"Hjem","item":"https:\/\/www.interforce.dk\/"},{"@type":"ListItem","position":2,"name":"Gr\u00f8nlandsk erhvervsliv tager ansvar for rigets sikkerhed: InterForce er \u00e5bnet i Nuuk"}]},{"@type":"WebSite","@id":"https:\/\/www.interforce.dk\/#website","url":"https:\/\/www.interforce.dk\/","name":"InterForce","description":"","potentialAction":[{"@type":"SearchAction","target":{"@type":"EntryPoint","urlTemplate":"https:\/\/www.interforce.dk\/?s={search_term_string}"},"query-input":{"@type":"PropertyValueSpecification","valueRequired":true,"valueName":"search_term_string"}}],"inLanguage":"kl-GL"},{"@type":"Person","@id":"https:\/\/www.interforce.dk\/#\/schema\/person\/e0192b63d0a5b8f69ae146e87f7116fb","name":"InterForce","image":{"@type":"ImageObject","inLanguage":"kl-GL","@id":"https:\/\/secure.gravatar.com\/avatar\/2ca4b79c0fb3239b8666089682925a48076b8ca78fd38cf279aa4345189a33e3?s=96&d=mm&r=g","url":"https:\/\/secure.gravatar.com\/avatar\/2ca4b79c0fb3239b8666089682925a48076b8ca78fd38cf279aa4345189a33e3?s=96&d=mm&r=g","contentUrl":"https:\/\/secure.gravatar.com\/avatar\/2ca4b79c0fb3239b8666089682925a48076b8ca78fd38cf279aa4345189a33e3?s=96&d=mm&r=g","caption":"InterForce"},"sameAs":["https:\/\/www.interforce.dk"],"url":"https:\/\/www.interforce.dk\/kl\/author\/interforce\/"}]}},"_links":{"self":[{"href":"https:\/\/www.interforce.dk\/kl\/wp-json\/wp\/v2\/posts\/10487","targetHints":{"allow":["GET"]}}],"collection":[{"href":"https:\/\/www.interforce.dk\/kl\/wp-json\/wp\/v2\/posts"}],"about":[{"href":"https:\/\/www.interforce.dk\/kl\/wp-json\/wp\/v2\/types\/post"}],"author":[{"embeddable":true,"href":"https:\/\/www.interforce.dk\/kl\/wp-json\/wp\/v2\/users\/2"}],"replies":[{"embeddable":true,"href":"https:\/\/www.interforce.dk\/kl\/wp-json\/wp\/v2\/comments?post=10487"}],"version-history":[{"count":0,"href":"https:\/\/www.interforce.dk\/kl\/wp-json\/wp\/v2\/posts\/10487\/revisions"}],"wp:attachment":[{"href":"https:\/\/www.interforce.dk\/kl\/wp-json\/wp\/v2\/media?parent=10487"}],"wp:term":[{"taxonomy":"category","embeddable":true,"href":"https:\/\/www.interforce.dk\/kl\/wp-json\/wp\/v2\/categories?post=10487"},{"taxonomy":"post_tag","embeddable":true,"href":"https:\/\/www.interforce.dk\/kl\/wp-json\/wp\/v2\/tags?post=10487"}],"curies":[{"name":"wp","href":"https:\/\/api.w.org\/{rel}","templated":true}]}}