{"id":10419,"date":"2020-07-30T12:54:03","date_gmt":"2020-07-30T12:54:03","guid":{"rendered":"http:\/\/www.interforce.dk\/?p=10419"},"modified":"2020-07-30T12:55:33","modified_gmt":"2020-07-30T12:55:33","slug":"interforce-aarsmagasin-2020-er-paa-gaden","status":"publish","type":"post","link":"https:\/\/www.interforce.dk\/kl\/interforce-aarsmagasin-2020-er-paa-gaden\/","title":{"rendered":"InterForce \u00c5rsmagasin 2020 er p\u00e5 gaden"},"content":{"rendered":"<div class=\"block core-block core-block--paragraph\">\n      <div class=\"inner inner--small\">\n      \n<p><strong>1.996 st\u00f8ttevirksomheder modtog i midten af juli m\u00e5ned et nyt InterForce-tiltag, nemlig et 44-siders eksklusivt \u00e5rsmagasin. Magasinet ser dels tilbage p\u00e5 \u00e5ret, der gik, dels g\u00e5r det is\u00e6r i dybden med &#8220;hvorfor Reservestyrken&#8221; og derfra &#8220;hvordan Reservestyrken&#8221;.<\/strong><\/p>\n\n      <\/div>\n  <\/div>\n<div class=\"block core-block core-block--paragraph\">\n      <div class=\"inner inner--small\">\n      \n<p>I en del \u00e5r har den skrevne del af InterForces kommunikation prim\u00e6rt v\u00e6ret lagt an p\u00e5 fire \u00e5rlige udgaver af bladet InterForce News: 20 sider i kvartalet med nyt fra forsvarets verden og baggrundsartikler. I \u00e5r er ressourcerne fordelt lidt anderledes:<\/p>\n\n      <\/div>\n  <\/div>\n<div class=\"block core-block core-block--image\">\n      <div class=\"inner inner--small\">\n      \n<figure class=\"wp-block-image size-large\"><img loading=\"lazy\" decoding=\"async\" width=\"750\" height=\"750\" src=\"\/app\/uploads\/2020\/07\/seks-magasiner-opstillet.jpg\" alt=\"\" class=\"wp-image-10421\" srcset=\"https:\/\/www.interforce.dk\/app\/uploads\/2020\/07\/seks-magasiner-opstillet.jpg 750w, https:\/\/www.interforce.dk\/app\/uploads\/2020\/07\/seks-magasiner-opstillet-300x300.jpg 300w\" sizes=\"auto, (max-width: 750px) 100vw, 750px\" \/><figcaption>32 siders &#8220;f\u00e6lles stof&#8221; og 6 x 8 siders regionalt stof &#8211; det har v\u00e6ret en stor opgave at f\u00e6rdigg\u00f8re \u00c5rsmagasin 2020 midt i en coronatid, men medio juli modtog st\u00f8ttevirksomhederne endelig resultatet af anstrengelserne. Foto: InterForce.<\/figcaption><\/figure>\n\n      <\/div>\n  <\/div>\n<div class=\"block core-block core-block--paragraph\">\n      <div class=\"inner inner--small\">\n      \n<p><br>&#8220;Vi har \u00f8nsket at lave et produkt, som er mere langtidsholdbart end det ellers, mener vi selv, fine blad, som InterForce News er. Formm\u00e6ssigt har vores m\u00e5l v\u00e6ret den h\u00e5ndgribelige f\u00f8lelse at have et eksklusivt magasin i h\u00e6nderne; noget, som man gerne lader ligge fremme i receptionen eller kantinen hos virksomheden i lang tid. Det produkt synes jeg, vi har f\u00e5et,&#8221; siger Finn Winkler, der er chef for <a href=\"https:\/\/www.interforce.dk\/kl\/organisation\/\">det centrale InterForce-Sekretariat<\/a> i K\u00f8benhavn.<br><\/p>\n\n      <\/div>\n  <\/div>\n<div class=\"block core-block core-block--paragraph\">\n      <div class=\"inner inner--small\">\n      \n<p>Ikke mindst grundet coronasituationen udkom InterForce \u00c5rsmagasin 2020 noget senere end planlagt (sommer i stedet for for\u00e5r), men omvendt gav det mulighed for fx at f\u00e5 en historie med om Hjemmev\u00e6rnets omfattende indsats i relation til netop pandemien &#8211; et eksempel p\u00e5, hvorfor Reservestyrken er relevant.<\/p>\n\n      <\/div>\n  <\/div>\n<div class=\"block core-block core-block--paragraph\">\n      <div class=\"inner inner--small\">\n      \n<p><strong>Hvorfor og hvordan<\/strong> <strong>Sakkutuut piareersimasut<\/strong><br>&#8220;M\u00e5let med magasinet har v\u00e6ret at s\u00e6tte ord p\u00e5, hvorfor indsatsen af hjemmev\u00e6rnsfrivilllige og reservister er samfundsvigtig, og i forl\u00e6ngelse heraf hvordan det s\u00e5 er muligt at f\u00e5 det til at fungere medarbejder og civil arbejdsgiver imellem,&#8221; siger Thorbj\u00f8rn Hein, der har v\u00e6ret InterForce-Sekretariatets redakt\u00f8r for magasinet.<\/p>\n\n      <\/div>\n  <\/div>\n<div class=\"block core-block core-block--paragraph\">\n      <div class=\"inner inner--small\">\n      \n<p>S\u00e5ledes <a href=\"https:\/\/www.interforce.dk\/kl\/peter-viggo-jakobsen-reservestyrken-er-kampafgoerende\/\">opridser sikkerheds- og forsvarspolitisk ekspert Peter Viggo Jakobsen, hvorfor man i fremtiden m\u00e5 l\u00e6gge endnu mere v\u00e6gt p\u00e5 en trov\u00e6rdig Reservestyrke<\/a>. I et andet eksklusivt interview udtrykker forsvarsminister Trine Bramsen, hvordan virksomheder og organisationer, der er medlem af InterForce og aktivt st\u00f8tter reservestyrkemedarbejdere er med til at l\u00f8fte en s\u00e6rlig samfundsopgave. Og s\u00e5 er der virksomhedshistorierne fra de enkelte regioner.<\/p>\n\n      <\/div>\n  <\/div>\n<div class=\"block core-block core-block--paragraph\">\n      <div class=\"inner inner--small\">\n      \n<p>&#8220;En ambiti\u00f8s feature ved magasinet er, at hver af de seks InterForce-regioner har deres egen sektion  i midten af tryksagen. Disse sider bruger vi bl.a. p\u00e5 at pr\u00e6sentere regionale virksomheder, der i praksis f\u00e5r det til at fungere med at give frihed til milit\u00e6r tjeneste. Vi har \u00f8nsket eksempler fra den virkelige verden og ikke sk\u00e5ltaler om InterForce,&#8221; siger Thorbj\u00f8rn Hein. <\/p>\n\n      <\/div>\n  <\/div>\n<div class=\"block core-block core-block--paragraph\">\n      <div class=\"inner inner--small\">\n      \n<p>Han tilf\u00f8jer, at hvis man selv er reservist eller hjemmev\u00e6rnsmand, og arbejder i en organisation, der er velvillig over for friheden til milit\u00e6r tjeneste, er InterForce-Sekretariatet altid interesserede i at fort\u00e6lle den historie som inspiration til andre.<\/p>\n\n      <\/div>\n  <\/div>\n<div class=\"block core-block core-block--paragraph\">\n      <div class=\"inner inner--small\">\n      \n<p>InterForce-Sekretariatet takker i forbindelse med udgivelsen journalist Morten Fredslund og medredakt\u00f8r Niels J\u00f8rgensen for en j\u00e6tteindsats med at komme i m\u00e5l med projektet.<\/p>\n\n      <\/div>\n  <\/div>\n<div class=\"block core-block core-block--paragraph\">\n      <div class=\"inner inner--small\">\n      \n<p>De seks forskellige udgaver af InterForce \u00c5rsmagasin 2020 kan findes i <a href=\"https:\/\/www.interforce.dk\/kl\/magasin-arkiv\/\">magasinarkivet<\/a>, ligesom der nu er oprettet et afsnit til \u00e5rsmagasinet p\u00e5 hver regions side.<\/p>\n\n      <\/div>\n  <\/div>","protected":false},"excerpt":{"rendered":"1.996 st\u00f8ttevirksomheder modtog i midten af juli m\u00e5ned et nyt InterForce-tilta...","protected":false},"author":2,"featured_media":10421,"comment_status":"closed","ping_status":"closed","sticky":false,"template":"","format":"standard","meta":{"_acf_changed":false,"footnotes":""},"categories":[12],"tags":[],"class_list":["post-10419","post","type-post","status-publish","format-standard","has-post-thumbnail","hentry","category-nyt-om-if"],"acf":[],"yoast_head":"<!-- This site is optimized with the Yoast SEO plugin v27.3 - https:\/\/yoast.com\/product\/yoast-seo-wordpress\/ -->\n<title>InterForce \u00c5rsmagasin 2020 er p\u00e5 gaden - InterForce<\/title>\n<meta name=\"robots\" content=\"index, follow, max-snippet:-1, max-image-preview:large, max-video-preview:-1\" \/>\n<link rel=\"canonical\" href=\"https:\/\/www.interforce.dk\/kl\/interforce-aarsmagasin-2020-er-paa-gaden\/\" \/>\n<meta property=\"og:locale\" content=\"en_US\" \/>\n<meta property=\"og:type\" content=\"article\" \/>\n<meta property=\"og:title\" content=\"InterForce \u00c5rsmagasin 2020 er p\u00e5 gaden - InterForce\" \/>\n<meta property=\"og:description\" content=\"1.996 st\u00f8ttevirksomheder modtog i midten af juli m\u00e5ned et nyt InterForce-tiltag, nemlig et 44-siders eksklusivt \u00e5rsmagasin. Magasinet ser dels tilbage p\u00e5 \u00e5ret, der gik, dels g\u00e5r det is\u00e6r i dybden med &#8220;hvorfor Reservestyrken&#8221; og derfra &#8220;hvordan Reservestyrken&#8221;. I en del \u00e5r har den skrevne del af InterForces kommunikation prim\u00e6rt v\u00e6ret lagt an p\u00e5 fire \u00e5rlige &hellip;\" \/>\n<meta property=\"og:url\" content=\"https:\/\/www.interforce.dk\/kl\/interforce-aarsmagasin-2020-er-paa-gaden\/\" \/>\n<meta property=\"og:site_name\" content=\"InterForce\" \/>\n<meta property=\"article:published_time\" content=\"2020-07-30T12:54:03+00:00\" \/>\n<meta property=\"article:modified_time\" content=\"2020-07-30T12:55:33+00:00\" \/>\n<meta property=\"og:image\" content=\"https:\/\/www.interforce.dk\/app\/uploads\/2020\/07\/seks-magasiner-opstillet.jpg\" \/>\n\t<meta property=\"og:image:width\" content=\"750\" \/>\n\t<meta property=\"og:image:height\" content=\"750\" \/>\n\t<meta property=\"og:image:type\" content=\"image\/jpeg\" \/>\n<meta name=\"author\" content=\"InterForce\" \/>\n<meta name=\"twitter:card\" content=\"summary_large_image\" \/>\n<meta name=\"twitter:label1\" content=\"Written by\" \/>\n\t<meta name=\"twitter:data1\" content=\"InterForce\" \/>\n\t<meta name=\"twitter:label2\" content=\"Est. reading time\" \/>\n\t<meta name=\"twitter:data2\" content=\"3 minutes\" \/>\n<script type=\"application\/ld+json\" class=\"yoast-schema-graph\">{\"@context\":\"https:\\\/\\\/schema.org\",\"@graph\":[{\"@type\":\"Article\",\"@id\":\"https:\\\/\\\/www.interforce.dk\\\/interforce-aarsmagasin-2020-er-paa-gaden\\\/#article\",\"isPartOf\":{\"@id\":\"https:\\\/\\\/www.interforce.dk\\\/interforce-aarsmagasin-2020-er-paa-gaden\\\/\"},\"author\":{\"name\":\"InterForce\",\"@id\":\"https:\\\/\\\/www.interforce.dk\\\/#\\\/schema\\\/person\\\/e0192b63d0a5b8f69ae146e87f7116fb\"},\"headline\":\"InterForce \u00c5rsmagasin 2020 er p\u00e5 gaden\",\"datePublished\":\"2020-07-30T12:54:03+00:00\",\"dateModified\":\"2020-07-30T12:55:33+00:00\",\"mainEntityOfPage\":{\"@id\":\"https:\\\/\\\/www.interforce.dk\\\/interforce-aarsmagasin-2020-er-paa-gaden\\\/\"},\"wordCount\":540,\"image\":{\"@id\":\"https:\\\/\\\/www.interforce.dk\\\/interforce-aarsmagasin-2020-er-paa-gaden\\\/#primaryimage\"},\"thumbnailUrl\":\"https:\\\/\\\/www.interforce.dk\\\/app\\\/uploads\\\/2020\\\/07\\\/seks-magasiner-opstillet.jpg\",\"articleSection\":[\"Nyheder om InterForce\"],\"inLanguage\":\"kl-GL\"},{\"@type\":\"WebPage\",\"@id\":\"https:\\\/\\\/www.interforce.dk\\\/interforce-aarsmagasin-2020-er-paa-gaden\\\/\",\"url\":\"https:\\\/\\\/www.interforce.dk\\\/interforce-aarsmagasin-2020-er-paa-gaden\\\/\",\"name\":\"InterForce \u00c5rsmagasin 2020 er p\u00e5 gaden - InterForce\",\"isPartOf\":{\"@id\":\"https:\\\/\\\/www.interforce.dk\\\/#website\"},\"primaryImageOfPage\":{\"@id\":\"https:\\\/\\\/www.interforce.dk\\\/interforce-aarsmagasin-2020-er-paa-gaden\\\/#primaryimage\"},\"image\":{\"@id\":\"https:\\\/\\\/www.interforce.dk\\\/interforce-aarsmagasin-2020-er-paa-gaden\\\/#primaryimage\"},\"thumbnailUrl\":\"https:\\\/\\\/www.interforce.dk\\\/app\\\/uploads\\\/2020\\\/07\\\/seks-magasiner-opstillet.jpg\",\"datePublished\":\"2020-07-30T12:54:03+00:00\",\"dateModified\":\"2020-07-30T12:55:33+00:00\",\"author\":{\"@id\":\"https:\\\/\\\/www.interforce.dk\\\/#\\\/schema\\\/person\\\/e0192b63d0a5b8f69ae146e87f7116fb\"},\"breadcrumb\":{\"@id\":\"https:\\\/\\\/www.interforce.dk\\\/interforce-aarsmagasin-2020-er-paa-gaden\\\/#breadcrumb\"},\"inLanguage\":\"kl-GL\",\"potentialAction\":[{\"@type\":\"ReadAction\",\"target\":[\"https:\\\/\\\/www.interforce.dk\\\/interforce-aarsmagasin-2020-er-paa-gaden\\\/\"]}]},{\"@type\":\"ImageObject\",\"inLanguage\":\"kl-GL\",\"@id\":\"https:\\\/\\\/www.interforce.dk\\\/interforce-aarsmagasin-2020-er-paa-gaden\\\/#primaryimage\",\"url\":\"https:\\\/\\\/www.interforce.dk\\\/app\\\/uploads\\\/2020\\\/07\\\/seks-magasiner-opstillet.jpg\",\"contentUrl\":\"https:\\\/\\\/www.interforce.dk\\\/app\\\/uploads\\\/2020\\\/07\\\/seks-magasiner-opstillet.jpg\",\"width\":750,\"height\":750},{\"@type\":\"BreadcrumbList\",\"@id\":\"https:\\\/\\\/www.interforce.dk\\\/interforce-aarsmagasin-2020-er-paa-gaden\\\/#breadcrumb\",\"itemListElement\":[{\"@type\":\"ListItem\",\"position\":1,\"name\":\"Hjem\",\"item\":\"https:\\\/\\\/www.interforce.dk\\\/\"},{\"@type\":\"ListItem\",\"position\":2,\"name\":\"InterForce \u00c5rsmagasin 2020 er p\u00e5 gaden\"}]},{\"@type\":\"WebSite\",\"@id\":\"https:\\\/\\\/www.interforce.dk\\\/#website\",\"url\":\"https:\\\/\\\/www.interforce.dk\\\/\",\"name\":\"InterForce\",\"description\":\"\",\"potentialAction\":[{\"@type\":\"SearchAction\",\"target\":{\"@type\":\"EntryPoint\",\"urlTemplate\":\"https:\\\/\\\/www.interforce.dk\\\/?s={search_term_string}\"},\"query-input\":{\"@type\":\"PropertyValueSpecification\",\"valueRequired\":true,\"valueName\":\"search_term_string\"}}],\"inLanguage\":\"kl-GL\"},{\"@type\":\"Person\",\"@id\":\"https:\\\/\\\/www.interforce.dk\\\/#\\\/schema\\\/person\\\/e0192b63d0a5b8f69ae146e87f7116fb\",\"name\":\"InterForce\",\"image\":{\"@type\":\"ImageObject\",\"inLanguage\":\"kl-GL\",\"@id\":\"https:\\\/\\\/secure.gravatar.com\\\/avatar\\\/2ca4b79c0fb3239b8666089682925a48076b8ca78fd38cf279aa4345189a33e3?s=96&d=mm&r=g\",\"url\":\"https:\\\/\\\/secure.gravatar.com\\\/avatar\\\/2ca4b79c0fb3239b8666089682925a48076b8ca78fd38cf279aa4345189a33e3?s=96&d=mm&r=g\",\"contentUrl\":\"https:\\\/\\\/secure.gravatar.com\\\/avatar\\\/2ca4b79c0fb3239b8666089682925a48076b8ca78fd38cf279aa4345189a33e3?s=96&d=mm&r=g\",\"caption\":\"InterForce\"},\"sameAs\":[\"https:\\\/\\\/www.interforce.dk\"],\"url\":\"https:\\\/\\\/www.interforce.dk\\\/kl\\\/author\\\/interforce\\\/\"}]}<\/script>\n<!-- \/ Yoast SEO plugin. -->","yoast_head_json":{"title":"InterForce \u00c5rsmagasin 2020 er p\u00e5 gaden - InterForce","robots":{"index":"index","follow":"follow","max-snippet":"max-snippet:-1","max-image-preview":"max-image-preview:large","max-video-preview":"max-video-preview:-1"},"canonical":"https:\/\/www.interforce.dk\/kl\/interforce-aarsmagasin-2020-er-paa-gaden\/","og_locale":"en_US","og_type":"article","og_title":"InterForce \u00c5rsmagasin 2020 er p\u00e5 gaden - InterForce","og_description":"1.996 st\u00f8ttevirksomheder modtog i midten af juli m\u00e5ned et nyt InterForce-tiltag, nemlig et 44-siders eksklusivt \u00e5rsmagasin. Magasinet ser dels tilbage p\u00e5 \u00e5ret, der gik, dels g\u00e5r det is\u00e6r i dybden med &#8220;hvorfor Reservestyrken&#8221; og derfra &#8220;hvordan Reservestyrken&#8221;. I en del \u00e5r har den skrevne del af InterForces kommunikation prim\u00e6rt v\u00e6ret lagt an p\u00e5 fire \u00e5rlige &hellip;","og_url":"https:\/\/www.interforce.dk\/kl\/interforce-aarsmagasin-2020-er-paa-gaden\/","og_site_name":"InterForce","article_published_time":"2020-07-30T12:54:03+00:00","article_modified_time":"2020-07-30T12:55:33+00:00","og_image":[{"width":750,"height":750,"url":"https:\/\/www.interforce.dk\/app\/uploads\/2020\/07\/seks-magasiner-opstillet.jpg","type":"image\/jpeg"}],"author":"InterForce","twitter_card":"summary_large_image","twitter_misc":{"Written by":"InterForce","Est. reading time":"3 minutes"},"schema":{"@context":"https:\/\/schema.org","@graph":[{"@type":"Article","@id":"https:\/\/www.interforce.dk\/interforce-aarsmagasin-2020-er-paa-gaden\/#article","isPartOf":{"@id":"https:\/\/www.interforce.dk\/interforce-aarsmagasin-2020-er-paa-gaden\/"},"author":{"name":"InterForce","@id":"https:\/\/www.interforce.dk\/#\/schema\/person\/e0192b63d0a5b8f69ae146e87f7116fb"},"headline":"InterForce \u00c5rsmagasin 2020 er p\u00e5 gaden","datePublished":"2020-07-30T12:54:03+00:00","dateModified":"2020-07-30T12:55:33+00:00","mainEntityOfPage":{"@id":"https:\/\/www.interforce.dk\/interforce-aarsmagasin-2020-er-paa-gaden\/"},"wordCount":540,"image":{"@id":"https:\/\/www.interforce.dk\/interforce-aarsmagasin-2020-er-paa-gaden\/#primaryimage"},"thumbnailUrl":"https:\/\/www.interforce.dk\/app\/uploads\/2020\/07\/seks-magasiner-opstillet.jpg","articleSection":["Nyheder om InterForce"],"inLanguage":"kl-GL"},{"@type":"WebPage","@id":"https:\/\/www.interforce.dk\/interforce-aarsmagasin-2020-er-paa-gaden\/","url":"https:\/\/www.interforce.dk\/interforce-aarsmagasin-2020-er-paa-gaden\/","name":"InterForce \u00c5rsmagasin 2020 er p\u00e5 gaden - InterForce","isPartOf":{"@id":"https:\/\/www.interforce.dk\/#website"},"primaryImageOfPage":{"@id":"https:\/\/www.interforce.dk\/interforce-aarsmagasin-2020-er-paa-gaden\/#primaryimage"},"image":{"@id":"https:\/\/www.interforce.dk\/interforce-aarsmagasin-2020-er-paa-gaden\/#primaryimage"},"thumbnailUrl":"https:\/\/www.interforce.dk\/app\/uploads\/2020\/07\/seks-magasiner-opstillet.jpg","datePublished":"2020-07-30T12:54:03+00:00","dateModified":"2020-07-30T12:55:33+00:00","author":{"@id":"https:\/\/www.interforce.dk\/#\/schema\/person\/e0192b63d0a5b8f69ae146e87f7116fb"},"breadcrumb":{"@id":"https:\/\/www.interforce.dk\/interforce-aarsmagasin-2020-er-paa-gaden\/#breadcrumb"},"inLanguage":"kl-GL","potentialAction":[{"@type":"ReadAction","target":["https:\/\/www.interforce.dk\/interforce-aarsmagasin-2020-er-paa-gaden\/"]}]},{"@type":"ImageObject","inLanguage":"kl-GL","@id":"https:\/\/www.interforce.dk\/interforce-aarsmagasin-2020-er-paa-gaden\/#primaryimage","url":"https:\/\/www.interforce.dk\/app\/uploads\/2020\/07\/seks-magasiner-opstillet.jpg","contentUrl":"https:\/\/www.interforce.dk\/app\/uploads\/2020\/07\/seks-magasiner-opstillet.jpg","width":750,"height":750},{"@type":"BreadcrumbList","@id":"https:\/\/www.interforce.dk\/interforce-aarsmagasin-2020-er-paa-gaden\/#breadcrumb","itemListElement":[{"@type":"ListItem","position":1,"name":"Hjem","item":"https:\/\/www.interforce.dk\/"},{"@type":"ListItem","position":2,"name":"InterForce \u00c5rsmagasin 2020 er p\u00e5 gaden"}]},{"@type":"WebSite","@id":"https:\/\/www.interforce.dk\/#website","url":"https:\/\/www.interforce.dk\/","name":"InterForce","description":"","potentialAction":[{"@type":"SearchAction","target":{"@type":"EntryPoint","urlTemplate":"https:\/\/www.interforce.dk\/?s={search_term_string}"},"query-input":{"@type":"PropertyValueSpecification","valueRequired":true,"valueName":"search_term_string"}}],"inLanguage":"kl-GL"},{"@type":"Person","@id":"https:\/\/www.interforce.dk\/#\/schema\/person\/e0192b63d0a5b8f69ae146e87f7116fb","name":"InterForce","image":{"@type":"ImageObject","inLanguage":"kl-GL","@id":"https:\/\/secure.gravatar.com\/avatar\/2ca4b79c0fb3239b8666089682925a48076b8ca78fd38cf279aa4345189a33e3?s=96&d=mm&r=g","url":"https:\/\/secure.gravatar.com\/avatar\/2ca4b79c0fb3239b8666089682925a48076b8ca78fd38cf279aa4345189a33e3?s=96&d=mm&r=g","contentUrl":"https:\/\/secure.gravatar.com\/avatar\/2ca4b79c0fb3239b8666089682925a48076b8ca78fd38cf279aa4345189a33e3?s=96&d=mm&r=g","caption":"InterForce"},"sameAs":["https:\/\/www.interforce.dk"],"url":"https:\/\/www.interforce.dk\/kl\/author\/interforce\/"}]}},"_links":{"self":[{"href":"https:\/\/www.interforce.dk\/kl\/wp-json\/wp\/v2\/posts\/10419","targetHints":{"allow":["GET"]}}],"collection":[{"href":"https:\/\/www.interforce.dk\/kl\/wp-json\/wp\/v2\/posts"}],"about":[{"href":"https:\/\/www.interforce.dk\/kl\/wp-json\/wp\/v2\/types\/post"}],"author":[{"embeddable":true,"href":"https:\/\/www.interforce.dk\/kl\/wp-json\/wp\/v2\/users\/2"}],"replies":[{"embeddable":true,"href":"https:\/\/www.interforce.dk\/kl\/wp-json\/wp\/v2\/comments?post=10419"}],"version-history":[{"count":0,"href":"https:\/\/www.interforce.dk\/kl\/wp-json\/wp\/v2\/posts\/10419\/revisions"}],"wp:featuredmedia":[{"embeddable":true,"href":"https:\/\/www.interforce.dk\/kl\/wp-json\/wp\/v2\/media\/10421"}],"wp:attachment":[{"href":"https:\/\/www.interforce.dk\/kl\/wp-json\/wp\/v2\/media?parent=10419"}],"wp:term":[{"taxonomy":"category","embeddable":true,"href":"https:\/\/www.interforce.dk\/kl\/wp-json\/wp\/v2\/categories?post=10419"},{"taxonomy":"post_tag","embeddable":true,"href":"https:\/\/www.interforce.dk\/kl\/wp-json\/wp\/v2\/tags?post=10419"}],"curies":[{"name":"wp","href":"https:\/\/api.w.org\/{rel}","templated":true}]}}