{"id":10008,"date":"2019-10-24T12:14:09","date_gmt":"2019-10-24T12:14:09","guid":{"rendered":"https:\/\/www.interforce.dk\/?p=10008"},"modified":"2020-03-26T15:17:19","modified_gmt":"2020-03-26T15:17:19","slug":"reservestyrken-bidrager-til-fn-missioner","status":"publish","type":"post","link":"https:\/\/www.interforce.dk\/kl\/reservestyrken-bidrager-til-fn-missioner\/","title":{"rendered":"Reservestyrken bidrager til FN-missioner"},"content":{"rendered":"<div class=\"block core-block core-block--heading\">\n      <div class=\"inner inner--small\">\n      \n<h3 class=\"wp-block-heading\"><strong>I dag markeres FN-Dagen over hele kloden. Danske soldater fra Reservestyrken har gennem \u00e5rene ydet et markant bidrag til FN&#8217;s missioner. P.t. er fem reserveofficerer udsendt under FN.&nbsp;<\/strong><\/h3>\n\n      <\/div>\n  <\/div>\n<div class=\"block core-block core-block--paragraph\">\n      <div class=\"inner inner--small\">\n      \n<p>Af Morten Fredslund<\/p>\n\n      <\/div>\n  <\/div>\n<div class=\"block core-block core-block--paragraph\">\n      <div class=\"inner inner--small\">\n      \n<p>P\u00e5 \u00e5rsdagen for FNs oprettelse den 24. oktober 1945 bliver den s\u00e5kaldte FN-Dag markeret med parader og festligheder s\u00e5vel i Danmark som i de 14 igangv\u00e6rende FN-missioner.<\/p>\n\n      <\/div>\n  <\/div>\n<div class=\"block core-block core-block--paragraph\">\n      <div class=\"inner inner--small\">\n      \n<p>Siden den f\u00f8rste FN-mission, UNTSO, blev oprettet i 1948 har Danmark har deltaget i FN\u2019s fredsbevarende missioner, og p.t. er 25 danske soldater udsendt til missionerne siden oprettelsen af i Mali, MINUSMA, Sydsudan, UNMISS, Mellem\u00f8sten, UNTSO, og Yemen, UNMHA. Forsvaret har ogs\u00e5 to observat\u00f8rer udsendt til Sydkorea, UNCMAC, hvor FN-missionen tilbage i 1950\u2019erne overgik til at v\u00e6re en amerikansk ledet mission.&nbsp;<\/p>\n\n      <\/div>\n  <\/div>\n<div class=\"block core-block core-block--image\">\n      <div class=\"inner inner--small\">\n      \n<figure class=\"wp-block-image\"><img loading=\"lazy\" decoding=\"async\" width=\"1024\" height=\"683\" src=\"\/app\/uploads\/2019\/10\/FN-hjelm-kopi-1024x683.jpg\" alt=\"\" class=\"wp-image-1020\" srcset=\"https:\/\/www.interforce.dk\/app\/uploads\/2019\/10\/FN-hjelm-kopi-1024x683.jpg 1024w, https:\/\/www.interforce.dk\/app\/uploads\/2019\/10\/FN-hjelm-kopi-300x200.jpg 300w, https:\/\/www.interforce.dk\/app\/uploads\/2019\/10\/FN-hjelm-kopi-768x512.jpg 768w\" sizes=\"auto, (max-width: 1024px) 100vw, 1024px\" \/><figcaption>Siden 1948 har tusindevis af danske soldater v\u00e6ret udsendt til en af FNs i alt 71 fredsbevarende missioner. P.t. er 25 danskere udsendt som FN-soldater \u2013 fire af dem er reserveofficerer. <br>Foto: UN.org<\/figcaption><\/figure>\n\n      <\/div>\n  <\/div>\n<div class=\"block core-block core-block--paragraph\">\n      <div class=\"inner inner--small\">\n      \n<p>Af de 25 udsendte danske FN-soldater er mindst fire af dem reserveofficerer. Og gennem alle \u00e5rene har det v\u00e6ret kutyme, at personel fra reserven er rigt repr\u00e6senteret. S\u00e6rligt i de mindre missioner, hvor danske reserveofficerer typisk er udsendt som FN-observat\u00f8rer i mellem et halvt og to \u00e5r ad gangen.&nbsp;<\/p>\n\n      <\/div>\n  <\/div>\n<div class=\"block core-block core-block--paragraph\">\n      <div class=\"inner inner--small\">\n      \n<p>Hjemmev\u00e6rnet havde i 2017 og 2018 udsendt i alt 24 soldater til&nbsp;FN-missionen MINUSMA i&nbsp;Mali&nbsp;fordelt p\u00e5 to hold.&nbsp;Hjemmev\u00e6rnssoldaterne bevogtede&nbsp;Camp Bifrost&nbsp;UN, en del af et UN-lejrkompleks best\u00e5ende af flere lejre med soldater fra mange forskellige nationer.<\/p>\n\n      <\/div>\n  <\/div>\n<div class=\"block core-block core-block--paragraph\">\n      <div class=\"inner inner--small\">\n      \n<p>Man skal en del \u00e5r tilbage, for at finde FN-missioner, hvor Danmark bidrog med store enheder i bataljonsst\u00f8rrelse.&nbsp;Midt i 1960erne trak Cypern og Gaza antallet af udsendte t\u00e6t p\u00e5 tusinde danske FN-soldater. Missionen p\u00e5 Cypern er da ogs\u00e5 missionen, hvori flest danskere har gjort tjeneste: Cirka 23.000 soldater fra 1964 til 1992.&nbsp;<\/p>\n\n      <\/div>\n  <\/div>\n<div class=\"block core-block core-block--paragraph\">\n      <div class=\"inner inner--small\">\n      \n<p><strong>Danske reserveofficerer i Sydsudan og Mellem\u00f8sten<\/strong><\/p>\n\n      <\/div>\n  <\/div>\n<div class=\"block core-block core-block--paragraph\">\n      <div class=\"inner inner--small\">\n      \n<p>De \u00f8vrige FN-missioner med st\u00f8rst dansk bidrag er: Gaza: Ca. 11.000, Eks-Jugoslavien: ca. 8.000, Libanon: Ca. 1.555, Mellem\u00f8sten: ca. 1.054, Congo:&nbsp;Ca. 1.000&nbsp;og Kashmir:&nbsp;567.<\/p>\n\n      <\/div>\n  <\/div>\n<div class=\"block core-block core-block--paragraph\">\n      <div class=\"inner inner--small\">\n      \n<p>De fire danske reserveofficerer, der p.t. er udsendt som FN-soldater, er udstationeret til missionerne i hhv. Sydsudan,&nbsp;UNMISS, og UNTSO i Mellem\u00f8sten (Israel, Jordan, \u00c6gypten, Syrien og Libanon).<\/p>\n\n      <\/div>\n  <\/div>\n<div class=\"block core-block core-block--paragraph\">\n      <div class=\"inner inner--small\">\n      \n<p>P\u00e5 FN-Dagen besluttede Folketinget i \u00f8vrigt at udsende yderligere 75 danske soldater og et Hercules C-130 fly til en FN-mission.&nbsp;<\/p>\n\n      <\/div>\n  <\/div>\n<div class=\"block core-block core-block--paragraph\">\n      <div class=\"inner inner--small\">\n      \n<p>Det er FN\u2019s fredsbevarende mission i Mali, MINUSMA, der fra medio november f\u00e5r tilf\u00f8rt et yderligere dansk bidrag i form af et C-130J-transportfly samt op til ca. 65 personer i seks m\u00e5neder. Bidraget vil medvirke til at transportere materiel og personel i MINUSMA\u2019s operationsomr\u00e5de. Danmark vil desuden deployere op til ca. 10 personer, som vil indg\u00e5 i en tysk efterretningsenhed i MINUSMA.FN-Dagen bliver i Danmark markeret over hele landet hos Danmarks Veteraners lokalforeninger (tidl. De Bl\u00e5 Baretter, red.). Den prim\u00e6re markering finder sted ved monumentet p\u00e5 Kastellet i K\u00f8benhavn med taler, parade og kransel\u00e6gning.&nbsp;<\/p>\n\n      <\/div>\n  <\/div>\n<div class=\"block core-block core-block--paragraph\">\n      <div class=\"inner inner--small\">\n      \n<p><\/p>\n\n      <\/div>\n  <\/div>\n<div class=\"block core-block core-block--paragraph\">\n      <div class=\"inner inner--small\">\n      \n<p><\/p>\n\n      <\/div>\n  <\/div>","protected":false},"excerpt":{"rendered":"I dag markeres FN-Dagen over hele kloden. Danske soldater fra Reservestyrken har...","protected":false},"author":4,"featured_media":1020,"comment_status":"closed","ping_status":"closed","sticky":false,"template":"","format":"standard","meta":{"_acf_changed":false,"footnotes":""},"categories":[1],"tags":[],"class_list":["post-10008","post","type-post","status-publish","format-standard","has-post-thumbnail","hentry","category-uncategorized-da"],"acf":[],"yoast_head":"<!-- This site is optimized with the Yoast SEO plugin v27.3 - https:\/\/yoast.com\/product\/yoast-seo-wordpress\/ -->\n<title>Reservestyrken bidrager til FN-missioner - InterForce<\/title>\n<meta name=\"robots\" content=\"index, follow, max-snippet:-1, max-image-preview:large, max-video-preview:-1\" \/>\n<link rel=\"canonical\" href=\"https:\/\/www.interforce.dk\/kl\/reservestyrken-bidrager-til-fn-missioner\/\" \/>\n<meta property=\"og:locale\" content=\"en_US\" \/>\n<meta property=\"og:type\" content=\"article\" \/>\n<meta property=\"og:title\" content=\"Reservestyrken bidrager til FN-missioner - InterForce\" \/>\n<meta property=\"og:description\" content=\"I dag markeres FN-Dagen over hele kloden. Danske soldater fra Reservestyrken har gennem \u00e5rene ydet et markant bidrag til FN&#8217;s missioner. P.t. er fem reserveofficerer udsendt under FN.&nbsp; Af Morten Fredslund P\u00e5 \u00e5rsdagen for FNs oprettelse den 24. oktober 1945 bliver den s\u00e5kaldte FN-Dag markeret med parader og festligheder s\u00e5vel i Danmark som i de &hellip;\" \/>\n<meta property=\"og:url\" content=\"https:\/\/www.interforce.dk\/kl\/reservestyrken-bidrager-til-fn-missioner\/\" \/>\n<meta property=\"og:site_name\" content=\"InterForce\" \/>\n<meta property=\"article:published_time\" content=\"2019-10-24T12:14:09+00:00\" \/>\n<meta property=\"article:modified_time\" content=\"2020-03-26T15:17:19+00:00\" \/>\n<meta property=\"og:image\" content=\"https:\/\/www.interforce.dk\/app\/uploads\/2019\/10\/FN-hjelm-kopi-1024x683.jpg\" \/>\n\t<meta property=\"og:image:width\" content=\"1024\" \/>\n\t<meta property=\"og:image:height\" content=\"683\" \/>\n\t<meta property=\"og:image:type\" content=\"image\/jpeg\" \/>\n<meta name=\"author\" content=\"Morten Fredslund\" \/>\n<meta name=\"twitter:card\" content=\"summary_large_image\" \/>\n<meta name=\"twitter:label1\" content=\"Written by\" \/>\n\t<meta name=\"twitter:data1\" content=\"Morten Fredslund\" \/>\n\t<meta name=\"twitter:label2\" content=\"Est. reading time\" \/>\n\t<meta name=\"twitter:data2\" content=\"2 minutes\" \/>\n<script type=\"application\/ld+json\" class=\"yoast-schema-graph\">{\"@context\":\"https:\\\/\\\/schema.org\",\"@graph\":[{\"@type\":\"Article\",\"@id\":\"https:\\\/\\\/www.interforce.dk\\\/reservestyrken-bidrager-til-fn-missioner\\\/#article\",\"isPartOf\":{\"@id\":\"https:\\\/\\\/www.interforce.dk\\\/reservestyrken-bidrager-til-fn-missioner\\\/\"},\"author\":{\"name\":\"Morten Fredslund\",\"@id\":\"https:\\\/\\\/www.interforce.dk\\\/#\\\/schema\\\/person\\\/5477512a00e03f11d143b8bb3eb2eb90\"},\"headline\":\"Reservestyrken bidrager til FN-missioner\",\"datePublished\":\"2019-10-24T12:14:09+00:00\",\"dateModified\":\"2020-03-26T15:17:19+00:00\",\"mainEntityOfPage\":{\"@id\":\"https:\\\/\\\/www.interforce.dk\\\/reservestyrken-bidrager-til-fn-missioner\\\/\"},\"wordCount\":503,\"image\":{\"@id\":\"https:\\\/\\\/www.interforce.dk\\\/reservestyrken-bidrager-til-fn-missioner\\\/#primaryimage\"},\"thumbnailUrl\":\"https:\\\/\\\/www.interforce.dk\\\/app\\\/uploads\\\/2019\\\/10\\\/FN-hjelm-kopi.jpg\",\"articleSection\":[\"Uncategorized @da\"],\"inLanguage\":\"kl-GL\"},{\"@type\":\"WebPage\",\"@id\":\"https:\\\/\\\/www.interforce.dk\\\/reservestyrken-bidrager-til-fn-missioner\\\/\",\"url\":\"https:\\\/\\\/www.interforce.dk\\\/reservestyrken-bidrager-til-fn-missioner\\\/\",\"name\":\"Reservestyrken bidrager til FN-missioner - InterForce\",\"isPartOf\":{\"@id\":\"https:\\\/\\\/www.interforce.dk\\\/#website\"},\"primaryImageOfPage\":{\"@id\":\"https:\\\/\\\/www.interforce.dk\\\/reservestyrken-bidrager-til-fn-missioner\\\/#primaryimage\"},\"image\":{\"@id\":\"https:\\\/\\\/www.interforce.dk\\\/reservestyrken-bidrager-til-fn-missioner\\\/#primaryimage\"},\"thumbnailUrl\":\"https:\\\/\\\/www.interforce.dk\\\/app\\\/uploads\\\/2019\\\/10\\\/FN-hjelm-kopi.jpg\",\"datePublished\":\"2019-10-24T12:14:09+00:00\",\"dateModified\":\"2020-03-26T15:17:19+00:00\",\"author\":{\"@id\":\"https:\\\/\\\/www.interforce.dk\\\/#\\\/schema\\\/person\\\/5477512a00e03f11d143b8bb3eb2eb90\"},\"breadcrumb\":{\"@id\":\"https:\\\/\\\/www.interforce.dk\\\/reservestyrken-bidrager-til-fn-missioner\\\/#breadcrumb\"},\"inLanguage\":\"kl-GL\",\"potentialAction\":[{\"@type\":\"ReadAction\",\"target\":[\"https:\\\/\\\/www.interforce.dk\\\/reservestyrken-bidrager-til-fn-missioner\\\/\"]}]},{\"@type\":\"ImageObject\",\"inLanguage\":\"kl-GL\",\"@id\":\"https:\\\/\\\/www.interforce.dk\\\/reservestyrken-bidrager-til-fn-missioner\\\/#primaryimage\",\"url\":\"https:\\\/\\\/www.interforce.dk\\\/app\\\/uploads\\\/2019\\\/10\\\/FN-hjelm-kopi.jpg\",\"contentUrl\":\"https:\\\/\\\/www.interforce.dk\\\/app\\\/uploads\\\/2019\\\/10\\\/FN-hjelm-kopi.jpg\",\"width\":4368,\"height\":2912,\"caption\":\"Den 24. oktober er det FN-Dag.\"},{\"@type\":\"BreadcrumbList\",\"@id\":\"https:\\\/\\\/www.interforce.dk\\\/reservestyrken-bidrager-til-fn-missioner\\\/#breadcrumb\",\"itemListElement\":[{\"@type\":\"ListItem\",\"position\":1,\"name\":\"Hjem\",\"item\":\"https:\\\/\\\/www.interforce.dk\\\/\"},{\"@type\":\"ListItem\",\"position\":2,\"name\":\"Reservestyrken bidrager til FN-missioner\"}]},{\"@type\":\"WebSite\",\"@id\":\"https:\\\/\\\/www.interforce.dk\\\/#website\",\"url\":\"https:\\\/\\\/www.interforce.dk\\\/\",\"name\":\"InterForce\",\"description\":\"\",\"potentialAction\":[{\"@type\":\"SearchAction\",\"target\":{\"@type\":\"EntryPoint\",\"urlTemplate\":\"https:\\\/\\\/www.interforce.dk\\\/?s={search_term_string}\"},\"query-input\":{\"@type\":\"PropertyValueSpecification\",\"valueRequired\":true,\"valueName\":\"search_term_string\"}}],\"inLanguage\":\"kl-GL\"},{\"@type\":\"Person\",\"@id\":\"https:\\\/\\\/www.interforce.dk\\\/#\\\/schema\\\/person\\\/5477512a00e03f11d143b8bb3eb2eb90\",\"name\":\"Morten Fredslund\",\"image\":{\"@type\":\"ImageObject\",\"inLanguage\":\"kl-GL\",\"@id\":\"https:\\\/\\\/secure.gravatar.com\\\/avatar\\\/67a6005c62149980e771e9a43b3cd6a4384c966c10c03c2641da6ea4f52fb6b8?s=96&d=mm&r=g\",\"url\":\"https:\\\/\\\/secure.gravatar.com\\\/avatar\\\/67a6005c62149980e771e9a43b3cd6a4384c966c10c03c2641da6ea4f52fb6b8?s=96&d=mm&r=g\",\"contentUrl\":\"https:\\\/\\\/secure.gravatar.com\\\/avatar\\\/67a6005c62149980e771e9a43b3cd6a4384c966c10c03c2641da6ea4f52fb6b8?s=96&d=mm&r=g\",\"caption\":\"Morten Fredslund\"},\"url\":\"https:\\\/\\\/www.interforce.dk\\\/kl\\\/author\\\/morten-fredslund\\\/\"}]}<\/script>\n<!-- \/ Yoast SEO plugin. -->","yoast_head_json":{"title":"Reservestyrken bidrager til FN-missioner - InterForce","robots":{"index":"index","follow":"follow","max-snippet":"max-snippet:-1","max-image-preview":"max-image-preview:large","max-video-preview":"max-video-preview:-1"},"canonical":"https:\/\/www.interforce.dk\/kl\/reservestyrken-bidrager-til-fn-missioner\/","og_locale":"en_US","og_type":"article","og_title":"Reservestyrken bidrager til FN-missioner - InterForce","og_description":"I dag markeres FN-Dagen over hele kloden. Danske soldater fra Reservestyrken har gennem \u00e5rene ydet et markant bidrag til FN&#8217;s missioner. P.t. er fem reserveofficerer udsendt under FN.&nbsp; Af Morten Fredslund P\u00e5 \u00e5rsdagen for FNs oprettelse den 24. oktober 1945 bliver den s\u00e5kaldte FN-Dag markeret med parader og festligheder s\u00e5vel i Danmark som i de &hellip;","og_url":"https:\/\/www.interforce.dk\/kl\/reservestyrken-bidrager-til-fn-missioner\/","og_site_name":"InterForce","article_published_time":"2019-10-24T12:14:09+00:00","article_modified_time":"2020-03-26T15:17:19+00:00","og_image":[{"width":1024,"height":683,"url":"https:\/\/www.interforce.dk\/app\/uploads\/2019\/10\/FN-hjelm-kopi-1024x683.jpg","type":"image\/jpeg"}],"author":"Morten Fredslund","twitter_card":"summary_large_image","twitter_misc":{"Written by":"Morten Fredslund","Est. reading time":"2 minutes"},"schema":{"@context":"https:\/\/schema.org","@graph":[{"@type":"Article","@id":"https:\/\/www.interforce.dk\/reservestyrken-bidrager-til-fn-missioner\/#article","isPartOf":{"@id":"https:\/\/www.interforce.dk\/reservestyrken-bidrager-til-fn-missioner\/"},"author":{"name":"Morten Fredslund","@id":"https:\/\/www.interforce.dk\/#\/schema\/person\/5477512a00e03f11d143b8bb3eb2eb90"},"headline":"Reservestyrken bidrager til FN-missioner","datePublished":"2019-10-24T12:14:09+00:00","dateModified":"2020-03-26T15:17:19+00:00","mainEntityOfPage":{"@id":"https:\/\/www.interforce.dk\/reservestyrken-bidrager-til-fn-missioner\/"},"wordCount":503,"image":{"@id":"https:\/\/www.interforce.dk\/reservestyrken-bidrager-til-fn-missioner\/#primaryimage"},"thumbnailUrl":"https:\/\/www.interforce.dk\/app\/uploads\/2019\/10\/FN-hjelm-kopi.jpg","articleSection":["Uncategorized @da"],"inLanguage":"kl-GL"},{"@type":"WebPage","@id":"https:\/\/www.interforce.dk\/reservestyrken-bidrager-til-fn-missioner\/","url":"https:\/\/www.interforce.dk\/reservestyrken-bidrager-til-fn-missioner\/","name":"Reservestyrken bidrager til FN-missioner - InterForce","isPartOf":{"@id":"https:\/\/www.interforce.dk\/#website"},"primaryImageOfPage":{"@id":"https:\/\/www.interforce.dk\/reservestyrken-bidrager-til-fn-missioner\/#primaryimage"},"image":{"@id":"https:\/\/www.interforce.dk\/reservestyrken-bidrager-til-fn-missioner\/#primaryimage"},"thumbnailUrl":"https:\/\/www.interforce.dk\/app\/uploads\/2019\/10\/FN-hjelm-kopi.jpg","datePublished":"2019-10-24T12:14:09+00:00","dateModified":"2020-03-26T15:17:19+00:00","author":{"@id":"https:\/\/www.interforce.dk\/#\/schema\/person\/5477512a00e03f11d143b8bb3eb2eb90"},"breadcrumb":{"@id":"https:\/\/www.interforce.dk\/reservestyrken-bidrager-til-fn-missioner\/#breadcrumb"},"inLanguage":"kl-GL","potentialAction":[{"@type":"ReadAction","target":["https:\/\/www.interforce.dk\/reservestyrken-bidrager-til-fn-missioner\/"]}]},{"@type":"ImageObject","inLanguage":"kl-GL","@id":"https:\/\/www.interforce.dk\/reservestyrken-bidrager-til-fn-missioner\/#primaryimage","url":"https:\/\/www.interforce.dk\/app\/uploads\/2019\/10\/FN-hjelm-kopi.jpg","contentUrl":"https:\/\/www.interforce.dk\/app\/uploads\/2019\/10\/FN-hjelm-kopi.jpg","width":4368,"height":2912,"caption":"Den 24. oktober er det FN-Dag."},{"@type":"BreadcrumbList","@id":"https:\/\/www.interforce.dk\/reservestyrken-bidrager-til-fn-missioner\/#breadcrumb","itemListElement":[{"@type":"ListItem","position":1,"name":"Hjem","item":"https:\/\/www.interforce.dk\/"},{"@type":"ListItem","position":2,"name":"Reservestyrken bidrager til FN-missioner"}]},{"@type":"WebSite","@id":"https:\/\/www.interforce.dk\/#website","url":"https:\/\/www.interforce.dk\/","name":"InterForce","description":"","potentialAction":[{"@type":"SearchAction","target":{"@type":"EntryPoint","urlTemplate":"https:\/\/www.interforce.dk\/?s={search_term_string}"},"query-input":{"@type":"PropertyValueSpecification","valueRequired":true,"valueName":"search_term_string"}}],"inLanguage":"kl-GL"},{"@type":"Person","@id":"https:\/\/www.interforce.dk\/#\/schema\/person\/5477512a00e03f11d143b8bb3eb2eb90","name":"Morten Fredslund","image":{"@type":"ImageObject","inLanguage":"kl-GL","@id":"https:\/\/secure.gravatar.com\/avatar\/67a6005c62149980e771e9a43b3cd6a4384c966c10c03c2641da6ea4f52fb6b8?s=96&d=mm&r=g","url":"https:\/\/secure.gravatar.com\/avatar\/67a6005c62149980e771e9a43b3cd6a4384c966c10c03c2641da6ea4f52fb6b8?s=96&d=mm&r=g","contentUrl":"https:\/\/secure.gravatar.com\/avatar\/67a6005c62149980e771e9a43b3cd6a4384c966c10c03c2641da6ea4f52fb6b8?s=96&d=mm&r=g","caption":"Morten Fredslund"},"url":"https:\/\/www.interforce.dk\/kl\/author\/morten-fredslund\/"}]}},"_links":{"self":[{"href":"https:\/\/www.interforce.dk\/kl\/wp-json\/wp\/v2\/posts\/10008","targetHints":{"allow":["GET"]}}],"collection":[{"href":"https:\/\/www.interforce.dk\/kl\/wp-json\/wp\/v2\/posts"}],"about":[{"href":"https:\/\/www.interforce.dk\/kl\/wp-json\/wp\/v2\/types\/post"}],"author":[{"embeddable":true,"href":"https:\/\/www.interforce.dk\/kl\/wp-json\/wp\/v2\/users\/4"}],"replies":[{"embeddable":true,"href":"https:\/\/www.interforce.dk\/kl\/wp-json\/wp\/v2\/comments?post=10008"}],"version-history":[{"count":0,"href":"https:\/\/www.interforce.dk\/kl\/wp-json\/wp\/v2\/posts\/10008\/revisions"}],"wp:featuredmedia":[{"embeddable":true,"href":"https:\/\/www.interforce.dk\/kl\/wp-json\/wp\/v2\/media\/1020"}],"wp:attachment":[{"href":"https:\/\/www.interforce.dk\/kl\/wp-json\/wp\/v2\/media?parent=10008"}],"wp:term":[{"taxonomy":"category","embeddable":true,"href":"https:\/\/www.interforce.dk\/kl\/wp-json\/wp\/v2\/categories?post=10008"},{"taxonomy":"post_tag","embeddable":true,"href":"https:\/\/www.interforce.dk\/kl\/wp-json\/wp\/v2\/tags?post=10008"}],"curies":[{"name":"wp","href":"https:\/\/api.w.org\/{rel}","templated":true}]}}