{"id":10003,"date":"2019-06-27T15:39:45","date_gmt":"2019-06-27T15:39:45","guid":{"rendered":"https:\/\/www.interforce.dk\/?p=10003"},"modified":"2020-03-26T15:16:39","modified_gmt":"2020-03-26T15:16:39","slug":"vi-skal-staa-bag-medarbejderne-uanset-om-det-er-professionelle-eller-frivillige","status":"publish","type":"post","link":"https:\/\/www.interforce.dk\/kl\/vi-skal-staa-bag-medarbejderne-uanset-om-det-er-professionelle-eller-frivillige\/","title":{"rendered":"\u00b4Vi skal st\u00e5 bag medarbejderne \u2013 uanset om det er professionelle eller frivillige\u00b4"},"content":{"rendered":"<div class=\"block core-block core-block--heading\">\n      <div class=\"inner inner--small\">\n      \n<h6 class=\"wp-block-heading\"><strong>Der blev plads til b\u00e5de de frivillige, de fastansatte og de udsendte soldater i tiltr\u00e6delsestalen, da Trine Bramsen i torsdags kl. 14.00 overtog depechen som ny forsvarsminister.&nbsp;<\/strong><\/h6>\n\n      <\/div>\n  <\/div>\n<div class=\"block core-block core-block--paragraph\">\n      <div class=\"inner inner--small\">\n      \n<p>Af Morten Fredslund<\/p>\n\n      <\/div>\n  <\/div>\n<div class=\"block core-block core-block--paragraph\">\n      <div class=\"inner inner--small\">\n      \n<p>Som den n\u00e6styngste danske forsvarsminister nogensinde tiltr\u00e5dte 38-\u00e5rige Trine Bramsen torsdag eftermiddag posten som ny minister for forsvarets omkring 20.400 fastansatte og ca. 15.000 aktive frivillige i Hjemmev\u00e6rnet. Og i sin tiltr\u00e6delsestale fik Trine Bramsen n\u00e6vnt begge kategorier af soldater.<\/p>\n\n      <\/div>\n  <\/div>\n<div class=\"block core-block core-block--paragraph\">\n      <div class=\"inner inner--small\">\n      \n<p>&#8220;Vi skal ud p\u00e5 en vigtig, meget sp\u00e6ndende og forh\u00e5bentlig lang mission sammen. Det gl\u00e6der jeg mig til. Sammen skal vi sikre at danskerne hver dag kan st\u00e5 op til en tryg hverdag. Sammen skal vi s\u00f8rge for, at dem og jer vi sender ud f\u00f8ler sig v\u00e6rdsatte og til enhver tid ved, at vi er lige bag dem. Uanset om det ude i verden eller herhjemme, uanset om det er professionelle eller frivillige,&#8221; sagde Trine Bramsen blandt andet.&nbsp;<\/p>\n\n      <\/div>\n  <\/div>\n<div class=\"block core-block core-block--image\">\n      <div class=\"inner inner--small\">\n      \n<figure class=\"wp-block-image\"><img loading=\"lazy\" decoding=\"async\" width=\"1024\" height=\"1024\" src=\"\/app\/uploads\/2019\/06\/Trine_Bramsen-Fotograf_Steen_Brogaard-1024x1024.jpg\" alt=\"\" class=\"wp-image-910\" srcset=\"https:\/\/www.interforce.dk\/app\/uploads\/2019\/06\/Trine_Bramsen-Fotograf_Steen_Brogaard-1024x1024.jpg 1024w, https:\/\/www.interforce.dk\/app\/uploads\/2019\/06\/Trine_Bramsen-Fotograf_Steen_Brogaard-300x300.jpg 300w, https:\/\/www.interforce.dk\/app\/uploads\/2019\/06\/Trine_Bramsen-Fotograf_Steen_Brogaard-768x768.jpg 768w\" sizes=\"auto, (max-width: 1024px) 100vw, 1024px\" \/><figcaption>Trine Bramsen er med sine 38 \u00e5r den n\u00e6styngste forsvarsminister siden 1848. Foto:Folketinget\/Steen Brogaard<br><\/figcaption><\/figure>\n\n      <\/div>\n  <\/div>\n<div class=\"block core-block core-block--paragraph\">\n      <div class=\"inner inner--small\">\n      \n<p>Trine Bramsen er f\u00f8dt 26. marts 1981 i Svendborg og har v\u00e6ret folketingsmedlem for Socialdemokratiet i Fyns Storkreds&nbsp;fra&nbsp;15. september 2011. Hun er Cand.scient.soc. fra Roskilde Universitetscenter og har blandt andet v\u00e6ret seniorkonsulent for Deloitte Business Consulting i 2007-2011. F\u00f8r det var hun forskningsassistent ved K\u00f8benhavns Universitet fra&nbsp;2006-2007.<\/p>\n\n      <\/div>\n  <\/div>\n<div class=\"block core-block core-block--paragraph\">\n      <div class=\"inner inner--small\">\n      \n<p>Den nye minister var ind til folketingsvalget Socialdemokratiets retsordf\u00f8rer, men sad samtidig i forsvarsudvalget.&nbsp;&nbsp;<\/p>\n\n      <\/div>\n  <\/div>\n<div class=\"block core-block core-block--heading\">\n      <div class=\"inner inner--small\">\n      \n<h6 class=\"wp-block-heading\"><strong>N\u00e6styngste nogensinde<\/strong><\/h6>\n\n      <\/div>\n  <\/div>\n<div class=\"block core-block core-block--paragraph\">\n      <div class=\"inner inner--small\">\n      \n<p>Trine Bramsen er den 46. danske forsvarsminister, og den 72., hvis man t\u00e6ller krigsministrene fra 1848-1905 med. Og som del af en ny regering, der af flere politiske kommentatorer kaldes for den yngste danske regering nogensinde, kommer Trine Bramsen ikke til at tr\u00e6kke aldersgennemsnittet op. Uanset hvor langt man g\u00e5r tilbage, er det kun Hans Engell (C), der har tiltr\u00e5dt forsvarsministerposten i en yngre alder. Det var som 33-\u00e5rig i 1982.&nbsp;<\/p>\n\n      <\/div>\n  <\/div>\n<div class=\"block core-block core-block--paragraph\">\n      <div class=\"inner inner--small\">\n      \n<p>Ved eftermiddagens overdragelsesceremoni i Forsvarsministeriet, hvor&nbsp;&nbsp;mange af ministeriets 440 ansatte, mange milit\u00e6re chefer og et stort opbud af pressefolk var tilstede, takkede Trine Bramsen sin forg\u00e6nger Claus Hjort Frederiksen (V) for hans indsats som forsvarsminister siden november 2016.&nbsp;<\/p>\n\n      <\/div>\n  <\/div>\n<div class=\"block core-block core-block--paragraph\">\n      <div class=\"inner inner--small\">\n      \n<p>&#8220;Du har v\u00e6ret en solid klippe, og takket v\u00e6re dig har vi i dag et forsvarsforlig, der breder sig over den politiske midte, og som r\u00e6kker mange \u00e5r ud i fremtiden. Jeg h\u00e5ber, at du vil tage et vigtigt budskab med tilbage til Christiansborg \u2013 budskabet om, at forsvaret er et alt for vigtigt omr\u00e5de til at udk\u00e6mpe skyttegravskrige omkring,&#8221; sagde Trine Bramsen.<\/p>\n\n      <\/div>\n  <\/div>\n<div class=\"block core-block core-block--paragraph\">\n      <div class=\"inner inner--small\">\n      \n<p>Som forsvarsminister bliver den 38-\u00e5rige svendborgenser medlem af regerings sikkerhedsudvalg. De \u00f8vrige medlemmer er statsminister Mette Frederiksen, finansminister Nicolai Wammen, udenrigsminister Jeppe Kofod og justitsminister Nick H\u00e6kkerup.<\/p>\n\n      <\/div>\n  <\/div>","protected":false},"excerpt":{"rendered":"Der blev plads til b\u00e5de de frivillige, de fastansatte og de udsendte soldater i...","protected":false},"author":4,"featured_media":910,"comment_status":"closed","ping_status":"closed","sticky":false,"template":"","format":"standard","meta":{"_acf_changed":false,"footnotes":""},"categories":[1],"tags":[],"class_list":["post-10003","post","type-post","status-publish","format-standard","has-post-thumbnail","hentry","category-uncategorized-da"],"acf":[],"yoast_head":"<!-- This site is optimized with the Yoast SEO plugin v27.3 - https:\/\/yoast.com\/product\/yoast-seo-wordpress\/ -->\n<title>\u00b4Vi skal st\u00e5 bag medarbejderne \u2013 uanset om det er professionelle eller frivillige\u00b4 - InterForce<\/title>\n<meta name=\"robots\" content=\"index, follow, max-snippet:-1, max-image-preview:large, max-video-preview:-1\" \/>\n<link rel=\"canonical\" href=\"https:\/\/www.interforce.dk\/kl\/vi-skal-staa-bag-medarbejderne-uanset-om-det-er-professionelle-eller-frivillige\/\" \/>\n<meta property=\"og:locale\" content=\"en_US\" \/>\n<meta property=\"og:type\" content=\"article\" \/>\n<meta property=\"og:title\" content=\"\u00b4Vi skal st\u00e5 bag medarbejderne \u2013 uanset om det er professionelle eller frivillige\u00b4 - InterForce\" \/>\n<meta property=\"og:description\" content=\"Der blev plads til b\u00e5de de frivillige, de fastansatte og de udsendte soldater i tiltr\u00e6delsestalen, da Trine Bramsen i torsdags kl. 14.00 overtog depechen som ny forsvarsminister.&nbsp; Af Morten Fredslund Som den n\u00e6styngste danske forsvarsminister nogensinde tiltr\u00e5dte 38-\u00e5rige Trine Bramsen torsdag eftermiddag posten som ny minister for forsvarets omkring 20.400 fastansatte og ca. 15.000 aktive &hellip;\" \/>\n<meta property=\"og:url\" content=\"https:\/\/www.interforce.dk\/kl\/vi-skal-staa-bag-medarbejderne-uanset-om-det-er-professionelle-eller-frivillige\/\" \/>\n<meta property=\"og:site_name\" content=\"InterForce\" \/>\n<meta property=\"article:published_time\" content=\"2019-06-27T15:39:45+00:00\" \/>\n<meta property=\"article:modified_time\" content=\"2020-03-26T15:16:39+00:00\" \/>\n<meta property=\"og:image\" content=\"https:\/\/www.interforce.dk\/app\/uploads\/2019\/06\/Trine_Bramsen-Fotograf_Steen_Brogaard.jpg\" \/>\n\t<meta property=\"og:image:width\" content=\"3014\" \/>\n\t<meta property=\"og:image:height\" content=\"3014\" \/>\n\t<meta property=\"og:image:type\" content=\"image\/jpeg\" \/>\n<meta name=\"author\" content=\"Morten Fredslund\" \/>\n<meta name=\"twitter:card\" content=\"summary_large_image\" \/>\n<meta name=\"twitter:label1\" content=\"Written by\" \/>\n\t<meta name=\"twitter:data1\" content=\"Morten Fredslund\" \/>\n\t<meta name=\"twitter:label2\" content=\"Est. reading time\" \/>\n\t<meta name=\"twitter:data2\" content=\"2 minutes\" \/>\n<script type=\"application\/ld+json\" class=\"yoast-schema-graph\">{\"@context\":\"https:\\\/\\\/schema.org\",\"@graph\":[{\"@type\":\"Article\",\"@id\":\"https:\\\/\\\/www.interforce.dk\\\/vi-skal-staa-bag-medarbejderne-uanset-om-det-er-professionelle-eller-frivillige\\\/#article\",\"isPartOf\":{\"@id\":\"https:\\\/\\\/www.interforce.dk\\\/vi-skal-staa-bag-medarbejderne-uanset-om-det-er-professionelle-eller-frivillige\\\/\"},\"author\":{\"name\":\"Morten Fredslund\",\"@id\":\"https:\\\/\\\/www.interforce.dk\\\/#\\\/schema\\\/person\\\/5477512a00e03f11d143b8bb3eb2eb90\"},\"headline\":\"\u00b4Vi skal st\u00e5 bag medarbejderne \u2013 uanset om det er professionelle eller frivillige\u00b4\",\"datePublished\":\"2019-06-27T15:39:45+00:00\",\"dateModified\":\"2020-03-26T15:16:39+00:00\",\"mainEntityOfPage\":{\"@id\":\"https:\\\/\\\/www.interforce.dk\\\/vi-skal-staa-bag-medarbejderne-uanset-om-det-er-professionelle-eller-frivillige\\\/\"},\"wordCount\":478,\"image\":{\"@id\":\"https:\\\/\\\/www.interforce.dk\\\/vi-skal-staa-bag-medarbejderne-uanset-om-det-er-professionelle-eller-frivillige\\\/#primaryimage\"},\"thumbnailUrl\":\"https:\\\/\\\/www.interforce.dk\\\/app\\\/uploads\\\/2019\\\/06\\\/Trine_Bramsen-Fotograf_Steen_Brogaard.jpg\",\"articleSection\":[\"Uncategorized @da\"],\"inLanguage\":\"kl-GL\"},{\"@type\":\"WebPage\",\"@id\":\"https:\\\/\\\/www.interforce.dk\\\/vi-skal-staa-bag-medarbejderne-uanset-om-det-er-professionelle-eller-frivillige\\\/\",\"url\":\"https:\\\/\\\/www.interforce.dk\\\/vi-skal-staa-bag-medarbejderne-uanset-om-det-er-professionelle-eller-frivillige\\\/\",\"name\":\"\u00b4Vi skal st\u00e5 bag medarbejderne \u2013 uanset om det er professionelle eller frivillige\u00b4 - InterForce\",\"isPartOf\":{\"@id\":\"https:\\\/\\\/www.interforce.dk\\\/#website\"},\"primaryImageOfPage\":{\"@id\":\"https:\\\/\\\/www.interforce.dk\\\/vi-skal-staa-bag-medarbejderne-uanset-om-det-er-professionelle-eller-frivillige\\\/#primaryimage\"},\"image\":{\"@id\":\"https:\\\/\\\/www.interforce.dk\\\/vi-skal-staa-bag-medarbejderne-uanset-om-det-er-professionelle-eller-frivillige\\\/#primaryimage\"},\"thumbnailUrl\":\"https:\\\/\\\/www.interforce.dk\\\/app\\\/uploads\\\/2019\\\/06\\\/Trine_Bramsen-Fotograf_Steen_Brogaard.jpg\",\"datePublished\":\"2019-06-27T15:39:45+00:00\",\"dateModified\":\"2020-03-26T15:16:39+00:00\",\"author\":{\"@id\":\"https:\\\/\\\/www.interforce.dk\\\/#\\\/schema\\\/person\\\/5477512a00e03f11d143b8bb3eb2eb90\"},\"breadcrumb\":{\"@id\":\"https:\\\/\\\/www.interforce.dk\\\/vi-skal-staa-bag-medarbejderne-uanset-om-det-er-professionelle-eller-frivillige\\\/#breadcrumb\"},\"inLanguage\":\"kl-GL\",\"potentialAction\":[{\"@type\":\"ReadAction\",\"target\":[\"https:\\\/\\\/www.interforce.dk\\\/vi-skal-staa-bag-medarbejderne-uanset-om-det-er-professionelle-eller-frivillige\\\/\"]}]},{\"@type\":\"ImageObject\",\"inLanguage\":\"kl-GL\",\"@id\":\"https:\\\/\\\/www.interforce.dk\\\/vi-skal-staa-bag-medarbejderne-uanset-om-det-er-professionelle-eller-frivillige\\\/#primaryimage\",\"url\":\"https:\\\/\\\/www.interforce.dk\\\/app\\\/uploads\\\/2019\\\/06\\\/Trine_Bramsen-Fotograf_Steen_Brogaard.jpg\",\"contentUrl\":\"https:\\\/\\\/www.interforce.dk\\\/app\\\/uploads\\\/2019\\\/06\\\/Trine_Bramsen-Fotograf_Steen_Brogaard.jpg\",\"width\":3014,\"height\":3014,\"caption\":\"Trine Bramsen er den n\u00e6styngste forsvarsminister siden 1848. Foto: FMN\\\/Steen Brogaard\"},{\"@type\":\"BreadcrumbList\",\"@id\":\"https:\\\/\\\/www.interforce.dk\\\/vi-skal-staa-bag-medarbejderne-uanset-om-det-er-professionelle-eller-frivillige\\\/#breadcrumb\",\"itemListElement\":[{\"@type\":\"ListItem\",\"position\":1,\"name\":\"Hjem\",\"item\":\"https:\\\/\\\/www.interforce.dk\\\/\"},{\"@type\":\"ListItem\",\"position\":2,\"name\":\"\u00b4Vi skal st\u00e5 bag medarbejderne \u2013 uanset om det er professionelle eller frivillige\u00b4\"}]},{\"@type\":\"WebSite\",\"@id\":\"https:\\\/\\\/www.interforce.dk\\\/#website\",\"url\":\"https:\\\/\\\/www.interforce.dk\\\/\",\"name\":\"InterForce\",\"description\":\"\",\"potentialAction\":[{\"@type\":\"SearchAction\",\"target\":{\"@type\":\"EntryPoint\",\"urlTemplate\":\"https:\\\/\\\/www.interforce.dk\\\/?s={search_term_string}\"},\"query-input\":{\"@type\":\"PropertyValueSpecification\",\"valueRequired\":true,\"valueName\":\"search_term_string\"}}],\"inLanguage\":\"kl-GL\"},{\"@type\":\"Person\",\"@id\":\"https:\\\/\\\/www.interforce.dk\\\/#\\\/schema\\\/person\\\/5477512a00e03f11d143b8bb3eb2eb90\",\"name\":\"Morten Fredslund\",\"image\":{\"@type\":\"ImageObject\",\"inLanguage\":\"kl-GL\",\"@id\":\"https:\\\/\\\/secure.gravatar.com\\\/avatar\\\/67a6005c62149980e771e9a43b3cd6a4384c966c10c03c2641da6ea4f52fb6b8?s=96&d=mm&r=g\",\"url\":\"https:\\\/\\\/secure.gravatar.com\\\/avatar\\\/67a6005c62149980e771e9a43b3cd6a4384c966c10c03c2641da6ea4f52fb6b8?s=96&d=mm&r=g\",\"contentUrl\":\"https:\\\/\\\/secure.gravatar.com\\\/avatar\\\/67a6005c62149980e771e9a43b3cd6a4384c966c10c03c2641da6ea4f52fb6b8?s=96&d=mm&r=g\",\"caption\":\"Morten Fredslund\"},\"url\":\"https:\\\/\\\/www.interforce.dk\\\/kl\\\/author\\\/morten-fredslund\\\/\"}]}<\/script>\n<!-- \/ Yoast SEO plugin. -->","yoast_head_json":{"title":"\u00b4Vi skal st\u00e5 bag medarbejderne \u2013 uanset om det er professionelle eller frivillige\u00b4 - InterForce","robots":{"index":"index","follow":"follow","max-snippet":"max-snippet:-1","max-image-preview":"max-image-preview:large","max-video-preview":"max-video-preview:-1"},"canonical":"https:\/\/www.interforce.dk\/kl\/vi-skal-staa-bag-medarbejderne-uanset-om-det-er-professionelle-eller-frivillige\/","og_locale":"en_US","og_type":"article","og_title":"\u00b4Vi skal st\u00e5 bag medarbejderne \u2013 uanset om det er professionelle eller frivillige\u00b4 - InterForce","og_description":"Der blev plads til b\u00e5de de frivillige, de fastansatte og de udsendte soldater i tiltr\u00e6delsestalen, da Trine Bramsen i torsdags kl. 14.00 overtog depechen som ny forsvarsminister.&nbsp; Af Morten Fredslund Som den n\u00e6styngste danske forsvarsminister nogensinde tiltr\u00e5dte 38-\u00e5rige Trine Bramsen torsdag eftermiddag posten som ny minister for forsvarets omkring 20.400 fastansatte og ca. 15.000 aktive &hellip;","og_url":"https:\/\/www.interforce.dk\/kl\/vi-skal-staa-bag-medarbejderne-uanset-om-det-er-professionelle-eller-frivillige\/","og_site_name":"InterForce","article_published_time":"2019-06-27T15:39:45+00:00","article_modified_time":"2020-03-26T15:16:39+00:00","og_image":[{"width":3014,"height":3014,"url":"https:\/\/www.interforce.dk\/app\/uploads\/2019\/06\/Trine_Bramsen-Fotograf_Steen_Brogaard.jpg","type":"image\/jpeg"}],"author":"Morten Fredslund","twitter_card":"summary_large_image","twitter_misc":{"Written by":"Morten Fredslund","Est. reading time":"2 minutes"},"schema":{"@context":"https:\/\/schema.org","@graph":[{"@type":"Article","@id":"https:\/\/www.interforce.dk\/vi-skal-staa-bag-medarbejderne-uanset-om-det-er-professionelle-eller-frivillige\/#article","isPartOf":{"@id":"https:\/\/www.interforce.dk\/vi-skal-staa-bag-medarbejderne-uanset-om-det-er-professionelle-eller-frivillige\/"},"author":{"name":"Morten Fredslund","@id":"https:\/\/www.interforce.dk\/#\/schema\/person\/5477512a00e03f11d143b8bb3eb2eb90"},"headline":"\u00b4Vi skal st\u00e5 bag medarbejderne \u2013 uanset om det er professionelle eller frivillige\u00b4","datePublished":"2019-06-27T15:39:45+00:00","dateModified":"2020-03-26T15:16:39+00:00","mainEntityOfPage":{"@id":"https:\/\/www.interforce.dk\/vi-skal-staa-bag-medarbejderne-uanset-om-det-er-professionelle-eller-frivillige\/"},"wordCount":478,"image":{"@id":"https:\/\/www.interforce.dk\/vi-skal-staa-bag-medarbejderne-uanset-om-det-er-professionelle-eller-frivillige\/#primaryimage"},"thumbnailUrl":"https:\/\/www.interforce.dk\/app\/uploads\/2019\/06\/Trine_Bramsen-Fotograf_Steen_Brogaard.jpg","articleSection":["Uncategorized @da"],"inLanguage":"kl-GL"},{"@type":"WebPage","@id":"https:\/\/www.interforce.dk\/vi-skal-staa-bag-medarbejderne-uanset-om-det-er-professionelle-eller-frivillige\/","url":"https:\/\/www.interforce.dk\/vi-skal-staa-bag-medarbejderne-uanset-om-det-er-professionelle-eller-frivillige\/","name":"\u00b4Vi skal st\u00e5 bag medarbejderne \u2013 uanset om det er professionelle eller frivillige\u00b4 - InterForce","isPartOf":{"@id":"https:\/\/www.interforce.dk\/#website"},"primaryImageOfPage":{"@id":"https:\/\/www.interforce.dk\/vi-skal-staa-bag-medarbejderne-uanset-om-det-er-professionelle-eller-frivillige\/#primaryimage"},"image":{"@id":"https:\/\/www.interforce.dk\/vi-skal-staa-bag-medarbejderne-uanset-om-det-er-professionelle-eller-frivillige\/#primaryimage"},"thumbnailUrl":"https:\/\/www.interforce.dk\/app\/uploads\/2019\/06\/Trine_Bramsen-Fotograf_Steen_Brogaard.jpg","datePublished":"2019-06-27T15:39:45+00:00","dateModified":"2020-03-26T15:16:39+00:00","author":{"@id":"https:\/\/www.interforce.dk\/#\/schema\/person\/5477512a00e03f11d143b8bb3eb2eb90"},"breadcrumb":{"@id":"https:\/\/www.interforce.dk\/vi-skal-staa-bag-medarbejderne-uanset-om-det-er-professionelle-eller-frivillige\/#breadcrumb"},"inLanguage":"kl-GL","potentialAction":[{"@type":"ReadAction","target":["https:\/\/www.interforce.dk\/vi-skal-staa-bag-medarbejderne-uanset-om-det-er-professionelle-eller-frivillige\/"]}]},{"@type":"ImageObject","inLanguage":"kl-GL","@id":"https:\/\/www.interforce.dk\/vi-skal-staa-bag-medarbejderne-uanset-om-det-er-professionelle-eller-frivillige\/#primaryimage","url":"https:\/\/www.interforce.dk\/app\/uploads\/2019\/06\/Trine_Bramsen-Fotograf_Steen_Brogaard.jpg","contentUrl":"https:\/\/www.interforce.dk\/app\/uploads\/2019\/06\/Trine_Bramsen-Fotograf_Steen_Brogaard.jpg","width":3014,"height":3014,"caption":"Trine Bramsen er den n\u00e6styngste forsvarsminister siden 1848. Foto: FMN\/Steen Brogaard"},{"@type":"BreadcrumbList","@id":"https:\/\/www.interforce.dk\/vi-skal-staa-bag-medarbejderne-uanset-om-det-er-professionelle-eller-frivillige\/#breadcrumb","itemListElement":[{"@type":"ListItem","position":1,"name":"Hjem","item":"https:\/\/www.interforce.dk\/"},{"@type":"ListItem","position":2,"name":"\u00b4Vi skal st\u00e5 bag medarbejderne \u2013 uanset om det er professionelle eller frivillige\u00b4"}]},{"@type":"WebSite","@id":"https:\/\/www.interforce.dk\/#website","url":"https:\/\/www.interforce.dk\/","name":"InterForce","description":"","potentialAction":[{"@type":"SearchAction","target":{"@type":"EntryPoint","urlTemplate":"https:\/\/www.interforce.dk\/?s={search_term_string}"},"query-input":{"@type":"PropertyValueSpecification","valueRequired":true,"valueName":"search_term_string"}}],"inLanguage":"kl-GL"},{"@type":"Person","@id":"https:\/\/www.interforce.dk\/#\/schema\/person\/5477512a00e03f11d143b8bb3eb2eb90","name":"Morten Fredslund","image":{"@type":"ImageObject","inLanguage":"kl-GL","@id":"https:\/\/secure.gravatar.com\/avatar\/67a6005c62149980e771e9a43b3cd6a4384c966c10c03c2641da6ea4f52fb6b8?s=96&d=mm&r=g","url":"https:\/\/secure.gravatar.com\/avatar\/67a6005c62149980e771e9a43b3cd6a4384c966c10c03c2641da6ea4f52fb6b8?s=96&d=mm&r=g","contentUrl":"https:\/\/secure.gravatar.com\/avatar\/67a6005c62149980e771e9a43b3cd6a4384c966c10c03c2641da6ea4f52fb6b8?s=96&d=mm&r=g","caption":"Morten Fredslund"},"url":"https:\/\/www.interforce.dk\/kl\/author\/morten-fredslund\/"}]}},"_links":{"self":[{"href":"https:\/\/www.interforce.dk\/kl\/wp-json\/wp\/v2\/posts\/10003","targetHints":{"allow":["GET"]}}],"collection":[{"href":"https:\/\/www.interforce.dk\/kl\/wp-json\/wp\/v2\/posts"}],"about":[{"href":"https:\/\/www.interforce.dk\/kl\/wp-json\/wp\/v2\/types\/post"}],"author":[{"embeddable":true,"href":"https:\/\/www.interforce.dk\/kl\/wp-json\/wp\/v2\/users\/4"}],"replies":[{"embeddable":true,"href":"https:\/\/www.interforce.dk\/kl\/wp-json\/wp\/v2\/comments?post=10003"}],"version-history":[{"count":0,"href":"https:\/\/www.interforce.dk\/kl\/wp-json\/wp\/v2\/posts\/10003\/revisions"}],"wp:featuredmedia":[{"embeddable":true,"href":"https:\/\/www.interforce.dk\/kl\/wp-json\/wp\/v2\/media\/910"}],"wp:attachment":[{"href":"https:\/\/www.interforce.dk\/kl\/wp-json\/wp\/v2\/media?parent=10003"}],"wp:term":[{"taxonomy":"category","embeddable":true,"href":"https:\/\/www.interforce.dk\/kl\/wp-json\/wp\/v2\/categories?post=10003"},{"taxonomy":"post_tag","embeddable":true,"href":"https:\/\/www.interforce.dk\/kl\/wp-json\/wp\/v2\/tags?post=10003"}],"curies":[{"name":"wp","href":"https:\/\/api.w.org\/{rel}","templated":true}]}}